{"id":15209,"date":"2022-05-28T20:20:37","date_gmt":"2022-05-29T00:20:37","guid":{"rendered":"https:\/\/noti-america.com\/site\/principal\/?p=15209"},"modified":"2022-05-28T20:20:37","modified_gmt":"2022-05-29T00:20:37","slug":"lucha-contra-la-miseria-por-marlon-s-jimenez-garcia","status":"publish","type":"post","link":"https:\/\/noti-america.com\/site\/principal\/2022\/05\/28\/lucha-contra-la-miseria-por-marlon-s-jimenez-garcia\/","title":{"rendered":"LUCHA CONTRA LA MISERIA\u00a0  Por:.\u00a0 Marlon S. Jim\u00e9nez Garc\u00eda"},"content":{"rendered":"<p>VENEZUELA | NOTI-AMERICA.COM<\/p>\n<p style=\"text-align: center;\"><em>LUCHA CONTRA LA MISERIA<\/em><em>\u00a0 <\/em><\/p>\n<p style=\"text-align: center;\"><em>Por:.\u00a0 Marlon S. Jim\u00e9nez Garc\u00eda<\/em><\/p>\n<p><em>Nadie pone en duda que las ideolog\u00edas fueron dise\u00f1adas y desarrolladas en \u201cbuena fe\u201d; en verdad, a pesar de que soy un consumado anticomunista, no me pasa por la cabeza por ejemplo que Marx y Engels, en su manifiesto comunista, hayan pensado en el bienestar de una sociedad bajo la consigna de reprimir las libertades y de estar en contra de lo que es el t\u00e9rmino democracia. Quiz\u00e1s Marx, por sus propias condiciones de vida fue un \u201cresentido social\u201d, que lo fue y de a mucho; pero Engels era un tipo adinerado, conocedor de la importancia de la econom\u00eda en su \u00e9poca; \u00e9l quer\u00eda era una repartici\u00f3n m\u00e1s igualitaria de la riqueza, pero busc\u00f3\u00a0 e\u00a0 ide\u00f3 una manera incorrecta de la equidad y de la justicia social, atacando si se quiere su propia condici\u00f3n burguesa y que, por supuesto, la historia lo coloc\u00f3 en el lugar indeseado para \u00e9l. Sin ninguna duda, los resultados de su \u201cpraxis\u201d fueron nefastos (Limit\u00f3 al m\u00e1ximo las libertades individuales y por antonomasia \u00e9stas a las colectivas) para el hombre y su vinculaci\u00f3n social.<\/em><\/p>\n<p><em>Igualmente, pienso que Thomas Hobbes, pens\u00f3 de muy buena fe que, las libertades ciudadanas y el liberalismo econ\u00f3mico como corriente ideol\u00f3gica, era la mejor manera de alcanzar \u00a0la equidad y la justicia social a trav\u00e9s de la inmediatez del capitalismo como factor de \u201ccalidad de vida\u201d para las personas y la sociedad en general. Con todo y sus errores, que los hay, el capitalismo ha sido exitoso en sus resultados (expande las libertades individuales y \u00e9stas autom\u00e1ticamente desarrollan las colectivas).<\/em><\/p>\n<p><em>Pero \u00e9ste mamotreto llamado socialismo del siglo XXI, hecho a la medida de la revoluci\u00f3n cubana no funcion\u00f3, por muy buenas intenciones que se tengan (dudo que las hayan tenido) porque lo que hace es anestesiar las voluntades, al ocultar las verdades dolorosas con mentiras populistas. Por esa raz\u00f3n el comunismo est\u00e1 casi abolido en toda Europa. Tambi\u00e9n est\u00e1 claro que Cuba es un fiasco de 63 a\u00f1os; hasta ahora. Su propaganda funcion\u00f3 en los tiempos de ausencia de las RRSS y se desmoron\u00f3 con su presencia activa; el mundo comenz\u00f3 a descubrir a finales del siglo XX la inmundicia (ni salud, ni educaci\u00f3n) gubernamental realizada al pueblo cubano. Esa propaganda, despu\u00e9s de la ca\u00edda de la URSS no justificaba ni lograban compensar la pobreza y el fracaso econ\u00f3mico que mantuvo a esta isla y a su pueblo como miserables.<\/em><\/p>\n<p><em>Imag\u00ednense \u00e9stas palabras de Fidel en 2010: \u201cEl modelo econ\u00f3mico cubano no nos sirve ni a nosotros mismos\u201d. Quiz\u00e1s donde es m\u00e1s evidente, donde se hace m\u00e1s pat\u00e9tica la comparaci\u00f3n es en las dos Alemanias, las dos Coreas, los dos Vietnam. Alemania Oriental es una especie de r\u00e9mora para la exitosa hermana occidental, como tambi\u00e9n han resultado ser los \u00faltimos pa\u00edses ex comunistas que se han incorporado a la Uni\u00f3n Europea y los que pr\u00f3ximamente se incorporar\u00e1n, con el conflicto b\u00e9lico que el \u201ccarnicero del Volga\u201d llev\u00f3 a Ucrania. China quiere vivir entre dos aguas, pero cada d\u00eda las cifras de millonarios privados crecen como pan molido, \u00a1parad\u00f3jico, verdad!.<\/em><\/p>\n<p><em>En Venezuela, el USURPADOR PROCUBANO vive de desaciertos en desaciertos; \u00e9stos han destruido la econom\u00eda y el aparato productivo, provocando el desarraigo de las familias y la emigraci\u00f3n m\u00e1s grande vista en el continente, sobre todo de j\u00f3venes y profesionales, la devaluaci\u00f3n de la moneda y el empobrecimiento autom\u00e1tico de la sociedad en general.<\/em><\/p>\n<p><em>\u00c9ste Sr. Usurpador se jacta en cadena nacional todos los d\u00edas, en defender a los pobres y sin embargo, los llev\u00f3 a una etapa superior, a la miseria. Seg\u00fan cifras de la UCAB, la miseria lleg\u00f3 a cifras alarmantes del 75%, es decir, solo consumen Un (1) solo \u201cplato de comida\u201d con un 90% de carbohidratos y de ellos solo el 8,4% se beneficia de alguna de alguna misi\u00f3n o del CLAP. Esta revoluci\u00f3n incrementa adrede los niveles de miseria tan alto como sea posible; la gente en estas condiciones s m\u00e1s f\u00e1cil de controlar y no va a luchar si se le est\u00e1 proveyendo lo m\u00ednimo para que sobre viva en la miseria, y para colmo se hacen llamar en todo el mundo como \u201cprogresistas\u201d. \u00a0\u00a0<\/em><\/p>\n<p><em>No hay cosa que m\u00e1s ofenda a los defensores de la democracia, escuchar a <strong>un<\/strong> <strong>recalcitrante comunista llamarse progresista<\/strong>, y hablar de gobiernos progresistas cuando estos est\u00e1n en manos de corruptos y de personas inescrupulosas que violentan las libertades ciudadanas y que disponen de la CN de su pa\u00eds como un traje a la medida; y llaman de derecha a gobiernos liberales y de progreso, donde hay un avance significativo de desarrollo individual y colectivo. Un buen momento para recordar: Hermano colombiano, no permitas que \u00e9stos \u201cprogresistas\u201d te enga\u00f1en.<\/em><\/p>\n<p><em>Profesor Universitario<\/em><\/p>\n<p><em>marjimgar54@hotmail.com<\/em><\/p>\n<p><em>@marjimgar<\/em><\/p>\n","protected":false},"excerpt":{"rendered":"<p>VENEZUELA | NOTI-AMERICA.COM LUCHA CONTRA LA MISERIA\u00a0 Por:.\u00a0 Marlon S. Jim\u00e9nez Garc\u00eda Nadie pone en duda que las ideolog\u00edas fueron dise\u00f1adas y desarrolladas en \u201cbuena fe\u201d; en verdad, a pesar de que soy un&#46;&#46;&#46;<\/p>\n","protected":false},"author":2,"featured_media":7416,"comment_status":"open","ping_status":"open","sticky":false,"template":"","format":"image","meta":{"_acf_changed":false,"rop_custom_images_group":[],"rop_custom_messages_group":[],"rop_publish_now":"initial","rop_publish_now_accounts":{"facebook_10219548024599422_1632221337088128":"","twitter_242054905_242054905":""},"rop_publish_now_history":[],"rop_publish_now_status":"pending","footnotes":""},"categories":[3],"tags":[],"class_list":["post-15209","post","type-post","status-publish","format-image","has-post-thumbnail","hentry","category-politica","post_format-post-format-image"],"acf":[],"yoast_head":"<!-- This site is optimized with the Yoast SEO Premium plugin v24.9 (Yoast SEO v27.2) - https:\/\/yoast.com\/product\/yoast-seo-premium-wordpress\/ -->\n<title>LUCHA CONTRA LA MISERIA\u00a0 Por:.\u00a0 Marlon S. Jim\u00e9nez Garc\u00eda - Noti-America.com<\/title>\n<meta name=\"robots\" content=\"index, follow, max-snippet:-1, max-image-preview:large, max-video-preview:-1\" \/>\n<link rel=\"canonical\" href=\"https:\/\/noti-america.com\/site\/principal\/2022\/05\/28\/lucha-contra-la-miseria-por-marlon-s-jimenez-garcia\/\" \/>\n<meta property=\"og:locale\" content=\"es_ES\" \/>\n<meta property=\"og:type\" content=\"article\" \/>\n<meta property=\"og:title\" content=\"LUCHA CONTRA LA MISERIA\u00a0 Por:.\u00a0 Marlon S. Jim\u00e9nez Garc\u00eda\" \/>\n<meta property=\"og:description\" content=\"VENEZUELA | NOTI-AMERICA.COM LUCHA CONTRA LA MISERIA\u00a0 Por:.\u00a0 Marlon S. Jim\u00e9nez Garc\u00eda Nadie pone en duda que las ideolog\u00edas fueron dise\u00f1adas y desarrolladas en \u201cbuena fe\u201d; en verdad, a pesar de que soy un&#046;&#046;&#046;\" \/>\n<meta property=\"og:url\" content=\"https:\/\/noti-america.com\/site\/principal\/2022\/05\/28\/lucha-contra-la-miseria-por-marlon-s-jimenez-garcia\/\" \/>\n<meta property=\"og:site_name\" content=\"Noti-America.com\" \/>\n<meta property=\"article:published_time\" content=\"2022-05-29T00:20:37+00:00\" \/>\n<meta property=\"og:image\" content=\"https:\/\/noti-america.com\/site\/principal\/wp-content\/uploads\/sites\/26\/2021\/11\/MARLON-JIMENEZ2-scaled.jpg\" \/>\n\t<meta property=\"og:image:width\" content=\"1920\" \/>\n\t<meta property=\"og:image:height\" content=\"2560\" \/>\n\t<meta property=\"og:image:type\" content=\"image\/jpeg\" \/>\n<meta name=\"author\" content=\"rloaiza\" \/>\n<meta name=\"twitter:card\" content=\"summary_large_image\" \/>\n<meta name=\"twitter:label1\" content=\"Escrito por\" \/>\n\t<meta name=\"twitter:data1\" content=\"rloaiza\" \/>\n\t<meta name=\"twitter:label2\" content=\"Tiempo estimado de lectura\" \/>\n\t<meta name=\"twitter:data2\" content=\"4 minutos\" \/>\n<script type=\"application\/ld+json\" class=\"yoast-schema-graph\">{\"@context\":\"https:\/\/schema.org\",\"@graph\":[{\"@type\":\"Article\",\"@id\":\"https:\/\/noti-america.com\/site\/principal\/2022\/05\/28\/lucha-contra-la-miseria-por-marlon-s-jimenez-garcia\/#article\",\"isPartOf\":{\"@id\":\"https:\/\/noti-america.com\/site\/principal\/2022\/05\/28\/lucha-contra-la-miseria-por-marlon-s-jimenez-garcia\/\"},\"author\":{\"name\":\"rloaiza\",\"@id\":\"https:\/\/noti-america.com\/site\/principal\/#\/schema\/person\/a2e478ba496331ce89bcd0c731cd6533\"},\"headline\":\"LUCHA CONTRA LA MISERIA\u00a0 Por:.\u00a0 Marlon S. Jim\u00e9nez Garc\u00eda\",\"datePublished\":\"2022-05-29T00:20:37+00:00\",\"mainEntityOfPage\":{\"@id\":\"https:\/\/noti-america.com\/site\/principal\/2022\/05\/28\/lucha-contra-la-miseria-por-marlon-s-jimenez-garcia\/\"},\"wordCount\":858,\"commentCount\":0,\"image\":{\"@id\":\"https:\/\/noti-america.com\/site\/principal\/2022\/05\/28\/lucha-contra-la-miseria-por-marlon-s-jimenez-garcia\/#primaryimage\"},\"thumbnailUrl\":\"https:\/\/noti-america.com\/site\/principal\/wp-content\/uploads\/sites\/26\/2021\/11\/MARLON-JIMENEZ2-scaled.jpg\",\"articleSection\":[\"Pol\u00edtica\"],\"inLanguage\":\"es\",\"potentialAction\":[{\"@type\":\"CommentAction\",\"name\":\"Comment\",\"target\":[\"https:\/\/noti-america.com\/site\/principal\/2022\/05\/28\/lucha-contra-la-miseria-por-marlon-s-jimenez-garcia\/#respond\"]}]},{\"@type\":\"WebPage\",\"@id\":\"https:\/\/noti-america.com\/site\/principal\/2022\/05\/28\/lucha-contra-la-miseria-por-marlon-s-jimenez-garcia\/\",\"url\":\"https:\/\/noti-america.com\/site\/principal\/2022\/05\/28\/lucha-contra-la-miseria-por-marlon-s-jimenez-garcia\/\",\"name\":\"LUCHA CONTRA LA MISERIA\u00a0 Por:.\u00a0 Marlon S. Jim\u00e9nez Garc\u00eda - Noti-America.com\",\"isPartOf\":{\"@id\":\"https:\/\/noti-america.com\/site\/principal\/#website\"},\"primaryImageOfPage\":{\"@id\":\"https:\/\/noti-america.com\/site\/principal\/2022\/05\/28\/lucha-contra-la-miseria-por-marlon-s-jimenez-garcia\/#primaryimage\"},\"image\":{\"@id\":\"https:\/\/noti-america.com\/site\/principal\/2022\/05\/28\/lucha-contra-la-miseria-por-marlon-s-jimenez-garcia\/#primaryimage\"},\"thumbnailUrl\":\"https:\/\/noti-america.com\/site\/principal\/wp-content\/uploads\/sites\/26\/2021\/11\/MARLON-JIMENEZ2-scaled.jpg\",\"datePublished\":\"2022-05-29T00:20:37+00:00\",\"author\":{\"@id\":\"https:\/\/noti-america.com\/site\/principal\/#\/schema\/person\/a2e478ba496331ce89bcd0c731cd6533\"},\"breadcrumb\":{\"@id\":\"https:\/\/noti-america.com\/site\/principal\/2022\/05\/28\/lucha-contra-la-miseria-por-marlon-s-jimenez-garcia\/#breadcrumb\"},\"inLanguage\":\"es\",\"potentialAction\":[{\"@type\":\"ReadAction\",\"target\":[\"https:\/\/noti-america.com\/site\/principal\/2022\/05\/28\/lucha-contra-la-miseria-por-marlon-s-jimenez-garcia\/\"]}]},{\"@type\":\"ImageObject\",\"inLanguage\":\"es\",\"@id\":\"https:\/\/noti-america.com\/site\/principal\/2022\/05\/28\/lucha-contra-la-miseria-por-marlon-s-jimenez-garcia\/#primaryimage\",\"url\":\"https:\/\/noti-america.com\/site\/principal\/wp-content\/uploads\/sites\/26\/2021\/11\/MARLON-JIMENEZ2-scaled.jpg\",\"contentUrl\":\"https:\/\/noti-america.com\/site\/principal\/wp-content\/uploads\/sites\/26\/2021\/11\/MARLON-JIMENEZ2-scaled.jpg\",\"width\":1920,\"height\":2560},{\"@type\":\"BreadcrumbList\",\"@id\":\"https:\/\/noti-america.com\/site\/principal\/2022\/05\/28\/lucha-contra-la-miseria-por-marlon-s-jimenez-garcia\/#breadcrumb\",\"itemListElement\":[{\"@type\":\"ListItem\",\"position\":1,\"name\":\"Portada\",\"item\":\"https:\/\/noti-america.com\/site\/principal\/\"},{\"@type\":\"ListItem\",\"position\":2,\"name\":\"LUCHA CONTRA LA MISERIA\u00a0 Por:.\u00a0 Marlon S. Jim\u00e9nez Garc\u00eda\"}]},{\"@type\":\"WebSite\",\"@id\":\"https:\/\/noti-america.com\/site\/principal\/#website\",\"url\":\"https:\/\/noti-america.com\/site\/principal\/\",\"name\":\"Noti-America.com\",\"description\":\"El Noticiero Digital M\u00e1s Grande de Am\u00e9rica\",\"potentialAction\":[{\"@type\":\"SearchAction\",\"target\":{\"@type\":\"EntryPoint\",\"urlTemplate\":\"https:\/\/noti-america.com\/site\/principal\/?s={search_term_string}\"},\"query-input\":{\"@type\":\"PropertyValueSpecification\",\"valueRequired\":true,\"valueName\":\"search_term_string\"}}],\"inLanguage\":\"es\"},{\"@type\":\"Person\",\"@id\":\"https:\/\/noti-america.com\/site\/principal\/#\/schema\/person\/a2e478ba496331ce89bcd0c731cd6533\",\"name\":\"rloaiza\",\"image\":{\"@type\":\"ImageObject\",\"inLanguage\":\"es\",\"@id\":\"https:\/\/secure.gravatar.com\/avatar\/190058e5d4427934610b99c45aa7a6558806850adedd53ddeddd194b04773e22?s=96&d=mm&r=g\",\"url\":\"https:\/\/secure.gravatar.com\/avatar\/190058e5d4427934610b99c45aa7a6558806850adedd53ddeddd194b04773e22?s=96&d=mm&r=g\",\"contentUrl\":\"https:\/\/secure.gravatar.com\/avatar\/190058e5d4427934610b99c45aa7a6558806850adedd53ddeddd194b04773e22?s=96&d=mm&r=g\",\"caption\":\"rloaiza\"},\"url\":\"https:\/\/noti-america.com\/site\/principal\/author\/rloaiza\/\"}]}<\/script>\n<!-- \/ Yoast SEO Premium plugin. -->","yoast_head_json":{"title":"LUCHA CONTRA LA MISERIA\u00a0 Por:.\u00a0 Marlon S. Jim\u00e9nez Garc\u00eda - Noti-America.com","robots":{"index":"index","follow":"follow","max-snippet":"max-snippet:-1","max-image-preview":"max-image-preview:large","max-video-preview":"max-video-preview:-1"},"canonical":"https:\/\/noti-america.com\/site\/principal\/2022\/05\/28\/lucha-contra-la-miseria-por-marlon-s-jimenez-garcia\/","og_locale":"es_ES","og_type":"article","og_title":"LUCHA CONTRA LA MISERIA\u00a0 Por:.\u00a0 Marlon S. Jim\u00e9nez Garc\u00eda","og_description":"VENEZUELA | NOTI-AMERICA.COM LUCHA CONTRA LA MISERIA\u00a0 Por:.\u00a0 Marlon S. Jim\u00e9nez Garc\u00eda Nadie pone en duda que las ideolog\u00edas fueron dise\u00f1adas y desarrolladas en \u201cbuena fe\u201d; en verdad, a pesar de que soy un&#46;&#46;&#46;","og_url":"https:\/\/noti-america.com\/site\/principal\/2022\/05\/28\/lucha-contra-la-miseria-por-marlon-s-jimenez-garcia\/","og_site_name":"Noti-America.com","article_published_time":"2022-05-29T00:20:37+00:00","og_image":[{"width":1920,"height":2560,"url":"https:\/\/noti-america.com\/site\/principal\/wp-content\/uploads\/sites\/26\/2021\/11\/MARLON-JIMENEZ2-scaled.jpg","type":"image\/jpeg"}],"author":"rloaiza","twitter_card":"summary_large_image","twitter_misc":{"Escrito por":"rloaiza","Tiempo estimado de lectura":"4 minutos"},"schema":{"@context":"https:\/\/schema.org","@graph":[{"@type":"Article","@id":"https:\/\/noti-america.com\/site\/principal\/2022\/05\/28\/lucha-contra-la-miseria-por-marlon-s-jimenez-garcia\/#article","isPartOf":{"@id":"https:\/\/noti-america.com\/site\/principal\/2022\/05\/28\/lucha-contra-la-miseria-por-marlon-s-jimenez-garcia\/"},"author":{"name":"rloaiza","@id":"https:\/\/noti-america.com\/site\/principal\/#\/schema\/person\/a2e478ba496331ce89bcd0c731cd6533"},"headline":"LUCHA CONTRA LA MISERIA\u00a0 Por:.\u00a0 Marlon S. Jim\u00e9nez Garc\u00eda","datePublished":"2022-05-29T00:20:37+00:00","mainEntityOfPage":{"@id":"https:\/\/noti-america.com\/site\/principal\/2022\/05\/28\/lucha-contra-la-miseria-por-marlon-s-jimenez-garcia\/"},"wordCount":858,"commentCount":0,"image":{"@id":"https:\/\/noti-america.com\/site\/principal\/2022\/05\/28\/lucha-contra-la-miseria-por-marlon-s-jimenez-garcia\/#primaryimage"},"thumbnailUrl":"https:\/\/noti-america.com\/site\/principal\/wp-content\/uploads\/sites\/26\/2021\/11\/MARLON-JIMENEZ2-scaled.jpg","articleSection":["Pol\u00edtica"],"inLanguage":"es","potentialAction":[{"@type":"CommentAction","name":"Comment","target":["https:\/\/noti-america.com\/site\/principal\/2022\/05\/28\/lucha-contra-la-miseria-por-marlon-s-jimenez-garcia\/#respond"]}]},{"@type":"WebPage","@id":"https:\/\/noti-america.com\/site\/principal\/2022\/05\/28\/lucha-contra-la-miseria-por-marlon-s-jimenez-garcia\/","url":"https:\/\/noti-america.com\/site\/principal\/2022\/05\/28\/lucha-contra-la-miseria-por-marlon-s-jimenez-garcia\/","name":"LUCHA CONTRA LA MISERIA\u00a0 Por:.\u00a0 Marlon S. Jim\u00e9nez Garc\u00eda - Noti-America.com","isPartOf":{"@id":"https:\/\/noti-america.com\/site\/principal\/#website"},"primaryImageOfPage":{"@id":"https:\/\/noti-america.com\/site\/principal\/2022\/05\/28\/lucha-contra-la-miseria-por-marlon-s-jimenez-garcia\/#primaryimage"},"image":{"@id":"https:\/\/noti-america.com\/site\/principal\/2022\/05\/28\/lucha-contra-la-miseria-por-marlon-s-jimenez-garcia\/#primaryimage"},"thumbnailUrl":"https:\/\/noti-america.com\/site\/principal\/wp-content\/uploads\/sites\/26\/2021\/11\/MARLON-JIMENEZ2-scaled.jpg","datePublished":"2022-05-29T00:20:37+00:00","author":{"@id":"https:\/\/noti-america.com\/site\/principal\/#\/schema\/person\/a2e478ba496331ce89bcd0c731cd6533"},"breadcrumb":{"@id":"https:\/\/noti-america.com\/site\/principal\/2022\/05\/28\/lucha-contra-la-miseria-por-marlon-s-jimenez-garcia\/#breadcrumb"},"inLanguage":"es","potentialAction":[{"@type":"ReadAction","target":["https:\/\/noti-america.com\/site\/principal\/2022\/05\/28\/lucha-contra-la-miseria-por-marlon-s-jimenez-garcia\/"]}]},{"@type":"ImageObject","inLanguage":"es","@id":"https:\/\/noti-america.com\/site\/principal\/2022\/05\/28\/lucha-contra-la-miseria-por-marlon-s-jimenez-garcia\/#primaryimage","url":"https:\/\/noti-america.com\/site\/principal\/wp-content\/uploads\/sites\/26\/2021\/11\/MARLON-JIMENEZ2-scaled.jpg","contentUrl":"https:\/\/noti-america.com\/site\/principal\/wp-content\/uploads\/sites\/26\/2021\/11\/MARLON-JIMENEZ2-scaled.jpg","width":1920,"height":2560},{"@type":"BreadcrumbList","@id":"https:\/\/noti-america.com\/site\/principal\/2022\/05\/28\/lucha-contra-la-miseria-por-marlon-s-jimenez-garcia\/#breadcrumb","itemListElement":[{"@type":"ListItem","position":1,"name":"Portada","item":"https:\/\/noti-america.com\/site\/principal\/"},{"@type":"ListItem","position":2,"name":"LUCHA CONTRA LA MISERIA\u00a0 Por:.\u00a0 Marlon S. Jim\u00e9nez Garc\u00eda"}]},{"@type":"WebSite","@id":"https:\/\/noti-america.com\/site\/principal\/#website","url":"https:\/\/noti-america.com\/site\/principal\/","name":"Noti-America.com","description":"El Noticiero Digital M\u00e1s Grande de Am\u00e9rica","potentialAction":[{"@type":"SearchAction","target":{"@type":"EntryPoint","urlTemplate":"https:\/\/noti-america.com\/site\/principal\/?s={search_term_string}"},"query-input":{"@type":"PropertyValueSpecification","valueRequired":true,"valueName":"search_term_string"}}],"inLanguage":"es"},{"@type":"Person","@id":"https:\/\/noti-america.com\/site\/principal\/#\/schema\/person\/a2e478ba496331ce89bcd0c731cd6533","name":"rloaiza","image":{"@type":"ImageObject","inLanguage":"es","@id":"https:\/\/secure.gravatar.com\/avatar\/190058e5d4427934610b99c45aa7a6558806850adedd53ddeddd194b04773e22?s=96&d=mm&r=g","url":"https:\/\/secure.gravatar.com\/avatar\/190058e5d4427934610b99c45aa7a6558806850adedd53ddeddd194b04773e22?s=96&d=mm&r=g","contentUrl":"https:\/\/secure.gravatar.com\/avatar\/190058e5d4427934610b99c45aa7a6558806850adedd53ddeddd194b04773e22?s=96&d=mm&r=g","caption":"rloaiza"},"url":"https:\/\/noti-america.com\/site\/principal\/author\/rloaiza\/"}]}},"_links":{"self":[{"href":"https:\/\/noti-america.com\/site\/principal\/wp-json\/wp\/v2\/posts\/15209","targetHints":{"allow":["GET"]}}],"collection":[{"href":"https:\/\/noti-america.com\/site\/principal\/wp-json\/wp\/v2\/posts"}],"about":[{"href":"https:\/\/noti-america.com\/site\/principal\/wp-json\/wp\/v2\/types\/post"}],"author":[{"embeddable":true,"href":"https:\/\/noti-america.com\/site\/principal\/wp-json\/wp\/v2\/users\/2"}],"replies":[{"embeddable":true,"href":"https:\/\/noti-america.com\/site\/principal\/wp-json\/wp\/v2\/comments?post=15209"}],"version-history":[{"count":1,"href":"https:\/\/noti-america.com\/site\/principal\/wp-json\/wp\/v2\/posts\/15209\/revisions"}],"predecessor-version":[{"id":15210,"href":"https:\/\/noti-america.com\/site\/principal\/wp-json\/wp\/v2\/posts\/15209\/revisions\/15210"}],"wp:featuredmedia":[{"embeddable":true,"href":"https:\/\/noti-america.com\/site\/principal\/wp-json\/wp\/v2\/media\/7416"}],"wp:attachment":[{"href":"https:\/\/noti-america.com\/site\/principal\/wp-json\/wp\/v2\/media?parent=15209"}],"wp:term":[{"taxonomy":"category","embeddable":true,"href":"https:\/\/noti-america.com\/site\/principal\/wp-json\/wp\/v2\/categories?post=15209"},{"taxonomy":"post_tag","embeddable":true,"href":"https:\/\/noti-america.com\/site\/principal\/wp-json\/wp\/v2\/tags?post=15209"}],"curies":[{"name":"wp","href":"https:\/\/api.w.org\/{rel}","templated":true}]}}