{"id":1517,"date":"2018-03-21T08:47:10","date_gmt":"2018-03-21T08:47:10","guid":{"rendered":"http:\/\/noti-america.com\/site\/alemania\/?p=1517"},"modified":"2018-03-21T08:47:10","modified_gmt":"2018-03-21T08:47:10","slug":"facebook-dice-ser-consciente-de-seriedad-del-escandalo-que-la-rodea","status":"publish","type":"post","link":"https:\/\/noti-america.com\/site\/principal\/2018\/03\/21\/facebook-dice-ser-consciente-de-seriedad-del-escandalo-que-la-rodea\/","title":{"rendered":"Facebook dice ser consciente de seriedad del esc\u00e1ndalo que la rodea"},"content":{"rendered":"<p><span class=\"dateline\">Washington, 20 mar \u00a0&#8211; <\/span>La red social Facebook indic\u00f3 hoy que el jefe de la empresa, Mark Zuckerberg, y todos sus responsables son conscientes de la seriedad del esc\u00e1ndalo por el presunto acceso sin autorizaci\u00f3n a datos de m\u00e1s de 50 millones de usuarios por parte de la empresa de an\u00e1lisis de datos brit\u00e1nica Cambridge Analytica.<\/p>\n<p>\u00abToda la empresa est\u00e1 consternada por haber sido enga\u00f1ados de esta forma\u00bb, afirma la declaraci\u00f3n, que a\u00f1ade que Facebook har\u00e1 todo lo posible para imponer sus directivas y proteger las informaciones de los usuarios.<\/p>\n<p>La empresa brit\u00e1nica, que de acuerdo con su jefe, Alexander Nix, quien ahora est\u00e1 suspendido, trabaj\u00f3 para la campa\u00f1a presidencial del presidente estadounidense Donald Trump, habr\u00eda hecho un mal uso de datos de hasta 50 millones de usuarios. Adem\u00e1s, Nix habr\u00eda brindado datos a un presunto cliente sobre los nexos entre su empresa y Trump. El presunto cliente result\u00f3 ser, sin embargo, un periodista televisivo brit\u00e1nico de Channel 4. Al parecer, Nix se reuni\u00f3 personalmente con Trump varias veces.<\/p>\n<p>Por su parte, la Comisi\u00f3n Federal de Comercio de Estados Unidos (FTC, por sus siglas en ingl\u00e9s) lanz\u00f3 una investigaci\u00f3n sobre el presunto acceso sin autorizaci\u00f3n a los datos de m\u00e1s de 50 millones de usuarios de Facebook. Seg\u00fan el diario\u00a0\u00abThe Washington Post\u00bb, la comisi\u00f3n podr\u00eda dictaminar una multa contra Facebook de 40.000 d\u00f3lares por d\u00eda de violaci\u00f3n de las normas de privacidad.<\/p>\n<p>La red social perdi\u00f3 temporariamente hasta 50.000 millones de d\u00f3lares de valor en la bolsa. Por ahora, la Casa Blanca no reaccion\u00f3 oficialmente. En entrevistas con medios, los colaboradores de Trump intentaron minimizar los nexos con Cambridge Analytica.<\/p>\n<p>CP (dpa)<\/p>\n","protected":false},"excerpt":{"rendered":"<p>Washington, 20 mar \u00a0&#8211; La red social Facebook indic\u00f3 hoy que el jefe de la empresa, Mark Zuckerberg, y todos sus responsables son conscientes de la seriedad del esc\u00e1ndalo por el presunto acceso sin&#46;&#46;&#46;<\/p>\n","protected":false},"author":31,"featured_media":1518,"comment_status":"open","ping_status":"open","sticky":false,"template":"","format":"standard","meta":{"_acf_changed":false,"rop_custom_images_group":[],"rop_custom_messages_group":[],"rop_publish_now":"initial","rop_publish_now_accounts":{"facebook_10219548024599422_1632221337088128":"","twitter_242054905_242054905":""},"rop_publish_now_history":[],"rop_publish_now_status":"pending","footnotes":""},"categories":[70,55],"tags":[],"class_list":["post-1517","post","type-post","status-publish","format-standard","has-post-thumbnail","hentry","category-eeuu","category-tecnologias-de-la-informacion"],"acf":[],"yoast_head":"<!-- This site is optimized with the Yoast SEO Premium plugin v24.9 (Yoast SEO v27.2) - https:\/\/yoast.com\/product\/yoast-seo-premium-wordpress\/ -->\n<title>Facebook dice ser consciente de seriedad del esc\u00e1ndalo que la rodea - Noti-America.com<\/title>\n<meta name=\"robots\" content=\"index, follow, max-snippet:-1, max-image-preview:large, max-video-preview:-1\" \/>\n<link rel=\"canonical\" href=\"https:\/\/noti-america.com\/site\/principal\/2018\/03\/21\/facebook-dice-ser-consciente-de-seriedad-del-escandalo-que-la-rodea\/\" \/>\n<meta property=\"og:locale\" content=\"es_ES\" \/>\n<meta property=\"og:type\" content=\"article\" \/>\n<meta property=\"og:title\" content=\"Facebook dice ser consciente de seriedad del esc\u00e1ndalo que la rodea\" \/>\n<meta property=\"og:description\" content=\"Washington, 20 mar \u00a0&#8211; La red social Facebook indic\u00f3 hoy que el jefe de la empresa, Mark Zuckerberg, y todos sus responsables son conscientes de la seriedad del esc\u00e1ndalo por el presunto acceso sin&#046;&#046;&#046;\" \/>\n<meta property=\"og:url\" content=\"https:\/\/noti-america.com\/site\/principal\/2018\/03\/21\/facebook-dice-ser-consciente-de-seriedad-del-escandalo-que-la-rodea\/\" \/>\n<meta property=\"og:site_name\" content=\"Noti-America.com\" \/>\n<meta property=\"article:published_time\" content=\"2018-03-21T08:47:10+00:00\" \/>\n<meta property=\"og:image\" content=\"https:\/\/noti-america.com\/site\/principal\/wp-content\/uploads\/sites\/26\/2018\/03\/mark_zuckerberg.jpg\" \/>\n\t<meta property=\"og:image:width\" content=\"946\" \/>\n\t<meta property=\"og:image:height\" content=\"630\" \/>\n\t<meta property=\"og:image:type\" content=\"image\/jpeg\" \/>\n<meta name=\"author\" content=\"Ydalith Figueroa Kad-Bay\" \/>\n<meta name=\"twitter:card\" content=\"summary_large_image\" \/>\n<meta name=\"twitter:creator\" content=\"@ydalithkad\" \/>\n<meta name=\"twitter:label1\" content=\"Escrito por\" \/>\n\t<meta name=\"twitter:data1\" content=\"Ydalith Figueroa Kad-Bay\" \/>\n\t<meta name=\"twitter:label2\" content=\"Tiempo estimado de lectura\" \/>\n\t<meta name=\"twitter:data2\" content=\"1 minuto\" \/>\n<script type=\"application\/ld+json\" class=\"yoast-schema-graph\">{\"@context\":\"https:\/\/schema.org\",\"@graph\":[{\"@type\":\"Article\",\"@id\":\"https:\/\/noti-america.com\/site\/principal\/2018\/03\/21\/facebook-dice-ser-consciente-de-seriedad-del-escandalo-que-la-rodea\/#article\",\"isPartOf\":{\"@id\":\"https:\/\/noti-america.com\/site\/principal\/2018\/03\/21\/facebook-dice-ser-consciente-de-seriedad-del-escandalo-que-la-rodea\/\"},\"author\":{\"name\":\"Ydalith Figueroa Kad-Bay\",\"@id\":\"https:\/\/noti-america.com\/site\/principal\/#\/schema\/person\/1a24e37c3c358f389f0a111448ddb870\"},\"headline\":\"Facebook dice ser consciente de seriedad del esc\u00e1ndalo que la rodea\",\"datePublished\":\"2018-03-21T08:47:10+00:00\",\"mainEntityOfPage\":{\"@id\":\"https:\/\/noti-america.com\/site\/principal\/2018\/03\/21\/facebook-dice-ser-consciente-de-seriedad-del-escandalo-que-la-rodea\/\"},\"wordCount\":304,\"commentCount\":0,\"image\":{\"@id\":\"https:\/\/noti-america.com\/site\/principal\/2018\/03\/21\/facebook-dice-ser-consciente-de-seriedad-del-escandalo-que-la-rodea\/#primaryimage\"},\"thumbnailUrl\":\"https:\/\/noti-america.com\/site\/principal\/wp-content\/uploads\/sites\/26\/2018\/03\/mark_zuckerberg.jpg\",\"articleSection\":[\"EEUU\",\"Tecnolog\u00edas de la Informaci\u00f3n\"],\"inLanguage\":\"es\",\"potentialAction\":[{\"@type\":\"CommentAction\",\"name\":\"Comment\",\"target\":[\"https:\/\/noti-america.com\/site\/principal\/2018\/03\/21\/facebook-dice-ser-consciente-de-seriedad-del-escandalo-que-la-rodea\/#respond\"]}]},{\"@type\":\"WebPage\",\"@id\":\"https:\/\/noti-america.com\/site\/principal\/2018\/03\/21\/facebook-dice-ser-consciente-de-seriedad-del-escandalo-que-la-rodea\/\",\"url\":\"https:\/\/noti-america.com\/site\/principal\/2018\/03\/21\/facebook-dice-ser-consciente-de-seriedad-del-escandalo-que-la-rodea\/\",\"name\":\"Facebook dice ser consciente de seriedad del esc\u00e1ndalo que la rodea - Noti-America.com\",\"isPartOf\":{\"@id\":\"https:\/\/noti-america.com\/site\/principal\/#website\"},\"primaryImageOfPage\":{\"@id\":\"https:\/\/noti-america.com\/site\/principal\/2018\/03\/21\/facebook-dice-ser-consciente-de-seriedad-del-escandalo-que-la-rodea\/#primaryimage\"},\"image\":{\"@id\":\"https:\/\/noti-america.com\/site\/principal\/2018\/03\/21\/facebook-dice-ser-consciente-de-seriedad-del-escandalo-que-la-rodea\/#primaryimage\"},\"thumbnailUrl\":\"https:\/\/noti-america.com\/site\/principal\/wp-content\/uploads\/sites\/26\/2018\/03\/mark_zuckerberg.jpg\",\"datePublished\":\"2018-03-21T08:47:10+00:00\",\"author\":{\"@id\":\"https:\/\/noti-america.com\/site\/principal\/#\/schema\/person\/1a24e37c3c358f389f0a111448ddb870\"},\"breadcrumb\":{\"@id\":\"https:\/\/noti-america.com\/site\/principal\/2018\/03\/21\/facebook-dice-ser-consciente-de-seriedad-del-escandalo-que-la-rodea\/#breadcrumb\"},\"inLanguage\":\"es\",\"potentialAction\":[{\"@type\":\"ReadAction\",\"target\":[\"https:\/\/noti-america.com\/site\/principal\/2018\/03\/21\/facebook-dice-ser-consciente-de-seriedad-del-escandalo-que-la-rodea\/\"]}]},{\"@type\":\"ImageObject\",\"inLanguage\":\"es\",\"@id\":\"https:\/\/noti-america.com\/site\/principal\/2018\/03\/21\/facebook-dice-ser-consciente-de-seriedad-del-escandalo-que-la-rodea\/#primaryimage\",\"url\":\"https:\/\/noti-america.com\/site\/principal\/wp-content\/uploads\/sites\/26\/2018\/03\/mark_zuckerberg.jpg\",\"contentUrl\":\"https:\/\/noti-america.com\/site\/principal\/wp-content\/uploads\/sites\/26\/2018\/03\/mark_zuckerberg.jpg\",\"width\":946,\"height\":630},{\"@type\":\"BreadcrumbList\",\"@id\":\"https:\/\/noti-america.com\/site\/principal\/2018\/03\/21\/facebook-dice-ser-consciente-de-seriedad-del-escandalo-que-la-rodea\/#breadcrumb\",\"itemListElement\":[{\"@type\":\"ListItem\",\"position\":1,\"name\":\"Portada\",\"item\":\"https:\/\/noti-america.com\/site\/principal\/\"},{\"@type\":\"ListItem\",\"position\":2,\"name\":\"Facebook dice ser consciente de seriedad del esc\u00e1ndalo que la rodea\"}]},{\"@type\":\"WebSite\",\"@id\":\"https:\/\/noti-america.com\/site\/principal\/#website\",\"url\":\"https:\/\/noti-america.com\/site\/principal\/\",\"name\":\"Noti-America.com\",\"description\":\"El Noticiero Digital M\u00e1s Grande de Am\u00e9rica\",\"potentialAction\":[{\"@type\":\"SearchAction\",\"target\":{\"@type\":\"EntryPoint\",\"urlTemplate\":\"https:\/\/noti-america.com\/site\/principal\/?s={search_term_string}\"},\"query-input\":{\"@type\":\"PropertyValueSpecification\",\"valueRequired\":true,\"valueName\":\"search_term_string\"}}],\"inLanguage\":\"es\"},{\"@type\":\"Person\",\"@id\":\"https:\/\/noti-america.com\/site\/principal\/#\/schema\/person\/1a24e37c3c358f389f0a111448ddb870\",\"name\":\"Ydalith Figueroa Kad-Bay\",\"image\":{\"@type\":\"ImageObject\",\"inLanguage\":\"es\",\"@id\":\"https:\/\/secure.gravatar.com\/avatar\/7d1e350465afd215908c3ed413e32ef600cd41c3c21b95416252432a9f6c219c?s=96&d=mm&r=g\",\"url\":\"https:\/\/secure.gravatar.com\/avatar\/7d1e350465afd215908c3ed413e32ef600cd41c3c21b95416252432a9f6c219c?s=96&d=mm&r=g\",\"contentUrl\":\"https:\/\/secure.gravatar.com\/avatar\/7d1e350465afd215908c3ed413e32ef600cd41c3c21b95416252432a9f6c219c?s=96&d=mm&r=g\",\"caption\":\"Ydalith Figueroa Kad-Bay\"},\"description\":\"CEO Noti-America Alemania Embajadora de Venezuela para el Proyecto de Acci\u00f3n Clim\u00e1tica de la ONU, Embajadora para la ense\u00f1anza de los ODS de la ONU, Amplificador de la Acci\u00f3n de los ODS de la ONU, Profesor Voluntario del Proyecto KAKUMA (Educaci\u00f3n de calidad para refugiados en \u00c1frica) UNHCR \u2013 ACNUR - Agencia para los refugiados de la ONU-, Miembro de la ONG Gente Y Ciudad, Embajador de las Instituciones de Microfinanzas \u201cNo a la pobreza ODS #1 de la ONU\u201d (todos tienen derecho a acceso a un cr\u00e9dito), y Voluntario al di\u00e1logo global de UN75. Twitter @ydalithkad email ydalith@yhaoo.com Locutor Profesional 32931 Universidad Central de Venezuela @ISHannover \\\"Colegio Internacional de Hannover Regi\u00f3n, Alemania\\\" Representante de Aprendizaje Innovaci\u00f3n y Tecnolog\u00eda #LMS (Sistema de Gesti\u00f3n de Aprendizaje) #LMS Gente y Ciudad &amp; Asesores Internacionales ONG Alemania. ONG \\\"Gente y Ciudad, Venezuela\\\" Miembro y Asesor especialista An\u00e1lisis de Pol\u00edtica Internacional Asesor Pol\u00edtico Internacional de Venezuela en la defensa de los Derechos Humanos y el restablecimiento Democr\u00e1tico. Diplomacia positiva y Activa. Pasi\u00f3n por el Golf Proyecto #LMS \\\"Golf para ni\u00f1os y adultos Internacional\\\" Pasi\u00f3n por los Postres Proyecto #LMS \\\"Postres, Que Unen a las Culturas del mundo\\\"\",\"sameAs\":[\"https:\/\/x.com\/ydalithkad\"],\"url\":\"https:\/\/noti-america.com\/site\/principal\/author\/yfigueroa\/\"}]}<\/script>\n<!-- \/ Yoast SEO Premium plugin. -->","yoast_head_json":{"title":"Facebook dice ser consciente de seriedad del esc\u00e1ndalo que la rodea - Noti-America.com","robots":{"index":"index","follow":"follow","max-snippet":"max-snippet:-1","max-image-preview":"max-image-preview:large","max-video-preview":"max-video-preview:-1"},"canonical":"https:\/\/noti-america.com\/site\/principal\/2018\/03\/21\/facebook-dice-ser-consciente-de-seriedad-del-escandalo-que-la-rodea\/","og_locale":"es_ES","og_type":"article","og_title":"Facebook dice ser consciente de seriedad del esc\u00e1ndalo que la rodea","og_description":"Washington, 20 mar \u00a0&#8211; La red social Facebook indic\u00f3 hoy que el jefe de la empresa, Mark Zuckerberg, y todos sus responsables son conscientes de la seriedad del esc\u00e1ndalo por el presunto acceso sin&#46;&#46;&#46;","og_url":"https:\/\/noti-america.com\/site\/principal\/2018\/03\/21\/facebook-dice-ser-consciente-de-seriedad-del-escandalo-que-la-rodea\/","og_site_name":"Noti-America.com","article_published_time":"2018-03-21T08:47:10+00:00","og_image":[{"width":946,"height":630,"url":"https:\/\/noti-america.com\/site\/principal\/wp-content\/uploads\/sites\/26\/2018\/03\/mark_zuckerberg.jpg","type":"image\/jpeg"}],"author":"Ydalith Figueroa Kad-Bay","twitter_card":"summary_large_image","twitter_creator":"@ydalithkad","twitter_misc":{"Escrito por":"Ydalith Figueroa Kad-Bay","Tiempo estimado de lectura":"1 minuto"},"schema":{"@context":"https:\/\/schema.org","@graph":[{"@type":"Article","@id":"https:\/\/noti-america.com\/site\/principal\/2018\/03\/21\/facebook-dice-ser-consciente-de-seriedad-del-escandalo-que-la-rodea\/#article","isPartOf":{"@id":"https:\/\/noti-america.com\/site\/principal\/2018\/03\/21\/facebook-dice-ser-consciente-de-seriedad-del-escandalo-que-la-rodea\/"},"author":{"name":"Ydalith Figueroa Kad-Bay","@id":"https:\/\/noti-america.com\/site\/principal\/#\/schema\/person\/1a24e37c3c358f389f0a111448ddb870"},"headline":"Facebook dice ser consciente de seriedad del esc\u00e1ndalo que la rodea","datePublished":"2018-03-21T08:47:10+00:00","mainEntityOfPage":{"@id":"https:\/\/noti-america.com\/site\/principal\/2018\/03\/21\/facebook-dice-ser-consciente-de-seriedad-del-escandalo-que-la-rodea\/"},"wordCount":304,"commentCount":0,"image":{"@id":"https:\/\/noti-america.com\/site\/principal\/2018\/03\/21\/facebook-dice-ser-consciente-de-seriedad-del-escandalo-que-la-rodea\/#primaryimage"},"thumbnailUrl":"https:\/\/noti-america.com\/site\/principal\/wp-content\/uploads\/sites\/26\/2018\/03\/mark_zuckerberg.jpg","articleSection":["EEUU","Tecnolog\u00edas de la Informaci\u00f3n"],"inLanguage":"es","potentialAction":[{"@type":"CommentAction","name":"Comment","target":["https:\/\/noti-america.com\/site\/principal\/2018\/03\/21\/facebook-dice-ser-consciente-de-seriedad-del-escandalo-que-la-rodea\/#respond"]}]},{"@type":"WebPage","@id":"https:\/\/noti-america.com\/site\/principal\/2018\/03\/21\/facebook-dice-ser-consciente-de-seriedad-del-escandalo-que-la-rodea\/","url":"https:\/\/noti-america.com\/site\/principal\/2018\/03\/21\/facebook-dice-ser-consciente-de-seriedad-del-escandalo-que-la-rodea\/","name":"Facebook dice ser consciente de seriedad del esc\u00e1ndalo que la rodea - Noti-America.com","isPartOf":{"@id":"https:\/\/noti-america.com\/site\/principal\/#website"},"primaryImageOfPage":{"@id":"https:\/\/noti-america.com\/site\/principal\/2018\/03\/21\/facebook-dice-ser-consciente-de-seriedad-del-escandalo-que-la-rodea\/#primaryimage"},"image":{"@id":"https:\/\/noti-america.com\/site\/principal\/2018\/03\/21\/facebook-dice-ser-consciente-de-seriedad-del-escandalo-que-la-rodea\/#primaryimage"},"thumbnailUrl":"https:\/\/noti-america.com\/site\/principal\/wp-content\/uploads\/sites\/26\/2018\/03\/mark_zuckerberg.jpg","datePublished":"2018-03-21T08:47:10+00:00","author":{"@id":"https:\/\/noti-america.com\/site\/principal\/#\/schema\/person\/1a24e37c3c358f389f0a111448ddb870"},"breadcrumb":{"@id":"https:\/\/noti-america.com\/site\/principal\/2018\/03\/21\/facebook-dice-ser-consciente-de-seriedad-del-escandalo-que-la-rodea\/#breadcrumb"},"inLanguage":"es","potentialAction":[{"@type":"ReadAction","target":["https:\/\/noti-america.com\/site\/principal\/2018\/03\/21\/facebook-dice-ser-consciente-de-seriedad-del-escandalo-que-la-rodea\/"]}]},{"@type":"ImageObject","inLanguage":"es","@id":"https:\/\/noti-america.com\/site\/principal\/2018\/03\/21\/facebook-dice-ser-consciente-de-seriedad-del-escandalo-que-la-rodea\/#primaryimage","url":"https:\/\/noti-america.com\/site\/principal\/wp-content\/uploads\/sites\/26\/2018\/03\/mark_zuckerberg.jpg","contentUrl":"https:\/\/noti-america.com\/site\/principal\/wp-content\/uploads\/sites\/26\/2018\/03\/mark_zuckerberg.jpg","width":946,"height":630},{"@type":"BreadcrumbList","@id":"https:\/\/noti-america.com\/site\/principal\/2018\/03\/21\/facebook-dice-ser-consciente-de-seriedad-del-escandalo-que-la-rodea\/#breadcrumb","itemListElement":[{"@type":"ListItem","position":1,"name":"Portada","item":"https:\/\/noti-america.com\/site\/principal\/"},{"@type":"ListItem","position":2,"name":"Facebook dice ser consciente de seriedad del esc\u00e1ndalo que la rodea"}]},{"@type":"WebSite","@id":"https:\/\/noti-america.com\/site\/principal\/#website","url":"https:\/\/noti-america.com\/site\/principal\/","name":"Noti-America.com","description":"El Noticiero Digital M\u00e1s Grande de Am\u00e9rica","potentialAction":[{"@type":"SearchAction","target":{"@type":"EntryPoint","urlTemplate":"https:\/\/noti-america.com\/site\/principal\/?s={search_term_string}"},"query-input":{"@type":"PropertyValueSpecification","valueRequired":true,"valueName":"search_term_string"}}],"inLanguage":"es"},{"@type":"Person","@id":"https:\/\/noti-america.com\/site\/principal\/#\/schema\/person\/1a24e37c3c358f389f0a111448ddb870","name":"Ydalith Figueroa Kad-Bay","image":{"@type":"ImageObject","inLanguage":"es","@id":"https:\/\/secure.gravatar.com\/avatar\/7d1e350465afd215908c3ed413e32ef600cd41c3c21b95416252432a9f6c219c?s=96&d=mm&r=g","url":"https:\/\/secure.gravatar.com\/avatar\/7d1e350465afd215908c3ed413e32ef600cd41c3c21b95416252432a9f6c219c?s=96&d=mm&r=g","contentUrl":"https:\/\/secure.gravatar.com\/avatar\/7d1e350465afd215908c3ed413e32ef600cd41c3c21b95416252432a9f6c219c?s=96&d=mm&r=g","caption":"Ydalith Figueroa Kad-Bay"},"description":"CEO Noti-America Alemania Embajadora de Venezuela para el Proyecto de Acci\u00f3n Clim\u00e1tica de la ONU, Embajadora para la ense\u00f1anza de los ODS de la ONU, Amplificador de la Acci\u00f3n de los ODS de la ONU, Profesor Voluntario del Proyecto KAKUMA (Educaci\u00f3n de calidad para refugiados en \u00c1frica) UNHCR \u2013 ACNUR - Agencia para los refugiados de la ONU-, Miembro de la ONG Gente Y Ciudad, Embajador de las Instituciones de Microfinanzas \u201cNo a la pobreza ODS #1 de la ONU\u201d (todos tienen derecho a acceso a un cr\u00e9dito), y Voluntario al di\u00e1logo global de UN75. Twitter @ydalithkad email ydalith@yhaoo.com Locutor Profesional 32931 Universidad Central de Venezuela @ISHannover \"Colegio Internacional de Hannover Regi\u00f3n, Alemania\" Representante de Aprendizaje Innovaci\u00f3n y Tecnolog\u00eda #LMS (Sistema de Gesti\u00f3n de Aprendizaje) #LMS Gente y Ciudad &amp; Asesores Internacionales ONG Alemania. ONG \"Gente y Ciudad, Venezuela\" Miembro y Asesor especialista An\u00e1lisis de Pol\u00edtica Internacional Asesor Pol\u00edtico Internacional de Venezuela en la defensa de los Derechos Humanos y el restablecimiento Democr\u00e1tico. Diplomacia positiva y Activa. Pasi\u00f3n por el Golf Proyecto #LMS \"Golf para ni\u00f1os y adultos Internacional\" Pasi\u00f3n por los Postres Proyecto #LMS \"Postres, Que Unen a las Culturas del mundo\"","sameAs":["https:\/\/x.com\/ydalithkad"],"url":"https:\/\/noti-america.com\/site\/principal\/author\/yfigueroa\/"}]}},"_links":{"self":[{"href":"https:\/\/noti-america.com\/site\/principal\/wp-json\/wp\/v2\/posts\/1517","targetHints":{"allow":["GET"]}}],"collection":[{"href":"https:\/\/noti-america.com\/site\/principal\/wp-json\/wp\/v2\/posts"}],"about":[{"href":"https:\/\/noti-america.com\/site\/principal\/wp-json\/wp\/v2\/types\/post"}],"author":[{"embeddable":true,"href":"https:\/\/noti-america.com\/site\/principal\/wp-json\/wp\/v2\/users\/31"}],"replies":[{"embeddable":true,"href":"https:\/\/noti-america.com\/site\/principal\/wp-json\/wp\/v2\/comments?post=1517"}],"version-history":[{"count":1,"href":"https:\/\/noti-america.com\/site\/principal\/wp-json\/wp\/v2\/posts\/1517\/revisions"}],"predecessor-version":[{"id":1519,"href":"https:\/\/noti-america.com\/site\/principal\/wp-json\/wp\/v2\/posts\/1517\/revisions\/1519"}],"wp:featuredmedia":[{"embeddable":true,"href":"https:\/\/noti-america.com\/site\/principal\/wp-json\/wp\/v2\/media\/1518"}],"wp:attachment":[{"href":"https:\/\/noti-america.com\/site\/principal\/wp-json\/wp\/v2\/media?parent=1517"}],"wp:term":[{"taxonomy":"category","embeddable":true,"href":"https:\/\/noti-america.com\/site\/principal\/wp-json\/wp\/v2\/categories?post=1517"},{"taxonomy":"post_tag","embeddable":true,"href":"https:\/\/noti-america.com\/site\/principal\/wp-json\/wp\/v2\/tags?post=1517"}],"curies":[{"name":"wp","href":"https:\/\/api.w.org\/{rel}","templated":true}]}}