{"id":1495,"date":"2018-03-21T07:49:23","date_gmt":"2018-03-21T07:49:23","guid":{"rendered":"http:\/\/noti-america.com\/site\/alemania\/?p=1495"},"modified":"2018-03-21T07:50:08","modified_gmt":"2018-03-21T07:50:08","slug":"regular-o-no-las-criptomonedas-divide-debate-del-g20-en-buenos-aires","status":"publish","type":"post","link":"https:\/\/noti-america.com\/site\/principal\/2018\/03\/21\/regular-o-no-las-criptomonedas-divide-debate-del-g20-en-buenos-aires\/","title":{"rendered":"Regular o no las criptomonedas divide debate del G20 en Buenos Aires"},"content":{"rendered":"<p><span class=\"dateline\">Buenos Aires, 20 mar &#8211; <\/span>La aplicaci\u00f3n de medidas regulatorias a las criptomonedas dividi\u00f3 en dos la opini\u00f3n de los\u00a0ministros de Finanzas del G20, que culminaron hoy una reuni\u00f3n de dos d\u00edas en Buenos Aires, afirm\u00f3 el\u00a0presidente del Banco Central argentino, Federico Sturzenegger.<\/p>\n<p>\u00abEn el debate surgi\u00f3 el tema de qu\u00e9 hacer con los criptoactivos o criptomonedas, si hay que regularlos\u00a0o no. Y la sala se dividi\u00f3 en dos vertientes.\u00a0Recibimos un fuerte mandato acerca de que hay que mirar el tema con mucho cuidado\u00bb, dijo\u00a0Sturzenegger\u00a0en\u00a0la conferencia de prensa que cerr\u00f3 el encuentro en la capital argentina.<\/p>\n<p>El funcionario indic\u00f3 que al momento de evaluar el funcionamiento de las criptomonedas el G20 deber\u00e1\u00a0tomar\u00a0en cuenta las recomendaciones realizadas por organismos internacionales sobre ciberseguridad de datos, su posible utilizaci\u00f3n para el lavado de dinero y la aplicaci\u00f3n de impuestos que podr\u00edan corresponderles.<\/p>\n<p>En las \u00faltimas semanas el Fondo Monetario Internacional (FMI) reclam\u00f3 una regulaci\u00f3n de las criptomonedas\u00a0ante la posibilidad de que este medio de pago digital se convierta en un \u00abnuevo veh\u00edculo importante para el lavado de dinero y la financiaci\u00f3n del terrorismo\u00bb.<\/p>\n<p>Sturzenegger sostuvo que el desarrollo\u00a0de las criptomonedas a nivel internacional instal\u00f3 la discusi\u00f3n acerca de c\u00f3mo funcionan los medios de pagos tradicionales\u00a0que, a su criterio, \u00abdeben ser mejorados\u00bb.<\/p>\n<p>La existencia de dificultades en este punto, consider\u00f3,\u00a0hace\u00a0que las criptomonedas \u00abtengan un nicho para avanzar\u00bb.<\/p>\n<p>\u00abTenemos que asumir estos temas porque el cambio nunca fue tan r\u00e1pido como ahora\u00bb, expres\u00f3 Sturzenegger.<\/p>\n<p>El comunicado final de la reuni\u00f3n de ministros de Finanzas contempl\u00f3 que las innovaciones tecnol\u00f3gicas como las que representan la criptomonedas \u00abtienen el potencial de mejorar la eficiencia y hacer m\u00e1s inclusivo el sistema financiero y a la econom\u00eda en su conjunto\u00bb.<\/p>\n<p>Sin embargo, advirti\u00f3 que \u00aben alg\u00fan momento pueden tener implicancias para la estabilidad financiera\u00bb.<\/p>\n<p>\u00abPedimos a los organismos que establecen est\u00e1ndares internacionales que contin\u00faen el monitoreo de los criptoactivos y sus riesgos, de acuerdo a sus mandatos, y eval\u00faen las acciones multilaterales a seguir\u00bb, cit\u00f3 el texto final.<\/p>\n<p>Hasta el momento las\u00a0criptomonedas escapan al control de los bancos centrales y los organismos internacionales.<\/p>\n<p>Por ejemplo, la cotizaci\u00f3n del bitcoin, la criptomoneda m\u00e1s conocida, tiene fuertes oscilaciones y genera burbujas especulativas.<\/p>\n<p>Adem\u00e1s, estas\u00a0criptomonedas, que se pueden comprar en Internet con moneda real, ya sean d\u00f3lares, euros o cualquier otra, pueden convertirse en un veh\u00edculo para el lavado de dinero y el financiamiento del terrorismo.<\/p>\n<p>En febrero, Venezuela lanz\u00f3 tambi\u00e9n una criptomoneda propia, el petro, respaldada por sus reservas de petr\u00f3leo.<\/p>\n<p>CP (dpa)<\/p>\n","protected":false},"excerpt":{"rendered":"<p>Buenos Aires, 20 mar &#8211; La aplicaci\u00f3n de medidas regulatorias a las criptomonedas dividi\u00f3 en dos la opini\u00f3n de los\u00a0ministros de Finanzas del G20, que culminaron hoy una reuni\u00f3n de dos d\u00edas en Buenos&#46;&#46;&#46;<\/p>\n","protected":false},"author":31,"featured_media":1496,"comment_status":"open","ping_status":"open","sticky":false,"template":"","format":"standard","meta":{"_acf_changed":false,"rop_custom_images_group":[],"rop_custom_messages_group":[],"rop_publish_now":"initial","rop_publish_now_accounts":{"facebook_10219548024599422_1632221337088128":"","twitter_242054905_242054905":""},"rop_publish_now_history":[],"rop_publish_now_status":"pending","footnotes":""},"categories":[5],"tags":[],"class_list":["post-1495","post","type-post","status-publish","format-standard","has-post-thumbnail","hentry","category-economia"],"acf":[],"yoast_head":"<!-- This site is optimized with the Yoast SEO Premium plugin v24.9 (Yoast SEO v27.2) - https:\/\/yoast.com\/product\/yoast-seo-premium-wordpress\/ -->\n<title>Regular o no las criptomonedas divide debate del G20 en Buenos Aires - Noti-America.com<\/title>\n<meta name=\"robots\" content=\"index, follow, max-snippet:-1, max-image-preview:large, max-video-preview:-1\" \/>\n<link rel=\"canonical\" href=\"https:\/\/noti-america.com\/site\/principal\/2018\/03\/21\/regular-o-no-las-criptomonedas-divide-debate-del-g20-en-buenos-aires\/\" \/>\n<meta property=\"og:locale\" content=\"es_ES\" \/>\n<meta property=\"og:type\" content=\"article\" \/>\n<meta property=\"og:title\" content=\"Regular o no las criptomonedas divide debate del G20 en Buenos Aires\" \/>\n<meta property=\"og:description\" content=\"Buenos Aires, 20 mar &#8211; La aplicaci\u00f3n de medidas regulatorias a las criptomonedas dividi\u00f3 en dos la opini\u00f3n de los\u00a0ministros de Finanzas del G20, que culminaron hoy una reuni\u00f3n de dos d\u00edas en Buenos&#046;&#046;&#046;\" \/>\n<meta property=\"og:url\" content=\"https:\/\/noti-america.com\/site\/principal\/2018\/03\/21\/regular-o-no-las-criptomonedas-divide-debate-del-g20-en-buenos-aires\/\" \/>\n<meta property=\"og:site_name\" content=\"Noti-America.com\" \/>\n<meta property=\"article:published_time\" content=\"2018-03-21T07:49:23+00:00\" \/>\n<meta property=\"article:modified_time\" content=\"2018-03-21T07:50:08+00:00\" \/>\n<meta property=\"og:image\" content=\"https:\/\/noti-america.com\/site\/principal\/wp-content\/uploads\/sites\/26\/2018\/03\/crypto-economy-g20.jpg\" \/>\n\t<meta property=\"og:image:width\" content=\"700\" \/>\n\t<meta property=\"og:image:height\" content=\"490\" \/>\n\t<meta property=\"og:image:type\" content=\"image\/jpeg\" \/>\n<meta name=\"author\" content=\"Ydalith Figueroa Kad-Bay\" \/>\n<meta name=\"twitter:card\" content=\"summary_large_image\" \/>\n<meta name=\"twitter:creator\" content=\"@ydalithkad\" \/>\n<meta name=\"twitter:label1\" content=\"Escrito por\" \/>\n\t<meta name=\"twitter:data1\" content=\"Ydalith Figueroa Kad-Bay\" \/>\n\t<meta name=\"twitter:label2\" content=\"Tiempo estimado de lectura\" \/>\n\t<meta name=\"twitter:data2\" content=\"2 minutos\" \/>\n<script type=\"application\/ld+json\" class=\"yoast-schema-graph\">{\"@context\":\"https:\/\/schema.org\",\"@graph\":[{\"@type\":\"Article\",\"@id\":\"https:\/\/noti-america.com\/site\/principal\/2018\/03\/21\/regular-o-no-las-criptomonedas-divide-debate-del-g20-en-buenos-aires\/#article\",\"isPartOf\":{\"@id\":\"https:\/\/noti-america.com\/site\/principal\/2018\/03\/21\/regular-o-no-las-criptomonedas-divide-debate-del-g20-en-buenos-aires\/\"},\"author\":{\"name\":\"Ydalith Figueroa Kad-Bay\",\"@id\":\"https:\/\/noti-america.com\/site\/principal\/#\/schema\/person\/1a24e37c3c358f389f0a111448ddb870\"},\"headline\":\"Regular o no las criptomonedas divide debate del G20 en Buenos Aires\",\"datePublished\":\"2018-03-21T07:49:23+00:00\",\"dateModified\":\"2018-03-21T07:50:08+00:00\",\"mainEntityOfPage\":{\"@id\":\"https:\/\/noti-america.com\/site\/principal\/2018\/03\/21\/regular-o-no-las-criptomonedas-divide-debate-del-g20-en-buenos-aires\/\"},\"wordCount\":467,\"commentCount\":0,\"image\":{\"@id\":\"https:\/\/noti-america.com\/site\/principal\/2018\/03\/21\/regular-o-no-las-criptomonedas-divide-debate-del-g20-en-buenos-aires\/#primaryimage\"},\"thumbnailUrl\":\"https:\/\/noti-america.com\/site\/principal\/wp-content\/uploads\/sites\/26\/2018\/03\/crypto-economy-g20.jpg\",\"articleSection\":[\"Econom\u00eda\"],\"inLanguage\":\"es\",\"potentialAction\":[{\"@type\":\"CommentAction\",\"name\":\"Comment\",\"target\":[\"https:\/\/noti-america.com\/site\/principal\/2018\/03\/21\/regular-o-no-las-criptomonedas-divide-debate-del-g20-en-buenos-aires\/#respond\"]}]},{\"@type\":\"WebPage\",\"@id\":\"https:\/\/noti-america.com\/site\/principal\/2018\/03\/21\/regular-o-no-las-criptomonedas-divide-debate-del-g20-en-buenos-aires\/\",\"url\":\"https:\/\/noti-america.com\/site\/principal\/2018\/03\/21\/regular-o-no-las-criptomonedas-divide-debate-del-g20-en-buenos-aires\/\",\"name\":\"Regular o no las criptomonedas divide debate del G20 en Buenos Aires - Noti-America.com\",\"isPartOf\":{\"@id\":\"https:\/\/noti-america.com\/site\/principal\/#website\"},\"primaryImageOfPage\":{\"@id\":\"https:\/\/noti-america.com\/site\/principal\/2018\/03\/21\/regular-o-no-las-criptomonedas-divide-debate-del-g20-en-buenos-aires\/#primaryimage\"},\"image\":{\"@id\":\"https:\/\/noti-america.com\/site\/principal\/2018\/03\/21\/regular-o-no-las-criptomonedas-divide-debate-del-g20-en-buenos-aires\/#primaryimage\"},\"thumbnailUrl\":\"https:\/\/noti-america.com\/site\/principal\/wp-content\/uploads\/sites\/26\/2018\/03\/crypto-economy-g20.jpg\",\"datePublished\":\"2018-03-21T07:49:23+00:00\",\"dateModified\":\"2018-03-21T07:50:08+00:00\",\"author\":{\"@id\":\"https:\/\/noti-america.com\/site\/principal\/#\/schema\/person\/1a24e37c3c358f389f0a111448ddb870\"},\"breadcrumb\":{\"@id\":\"https:\/\/noti-america.com\/site\/principal\/2018\/03\/21\/regular-o-no-las-criptomonedas-divide-debate-del-g20-en-buenos-aires\/#breadcrumb\"},\"inLanguage\":\"es\",\"potentialAction\":[{\"@type\":\"ReadAction\",\"target\":[\"https:\/\/noti-america.com\/site\/principal\/2018\/03\/21\/regular-o-no-las-criptomonedas-divide-debate-del-g20-en-buenos-aires\/\"]}]},{\"@type\":\"ImageObject\",\"inLanguage\":\"es\",\"@id\":\"https:\/\/noti-america.com\/site\/principal\/2018\/03\/21\/regular-o-no-las-criptomonedas-divide-debate-del-g20-en-buenos-aires\/#primaryimage\",\"url\":\"https:\/\/noti-america.com\/site\/principal\/wp-content\/uploads\/sites\/26\/2018\/03\/crypto-economy-g20.jpg\",\"contentUrl\":\"https:\/\/noti-america.com\/site\/principal\/wp-content\/uploads\/sites\/26\/2018\/03\/crypto-economy-g20.jpg\",\"width\":700,\"height\":490},{\"@type\":\"BreadcrumbList\",\"@id\":\"https:\/\/noti-america.com\/site\/principal\/2018\/03\/21\/regular-o-no-las-criptomonedas-divide-debate-del-g20-en-buenos-aires\/#breadcrumb\",\"itemListElement\":[{\"@type\":\"ListItem\",\"position\":1,\"name\":\"Portada\",\"item\":\"https:\/\/noti-america.com\/site\/principal\/\"},{\"@type\":\"ListItem\",\"position\":2,\"name\":\"Regular o no las criptomonedas divide debate del G20 en Buenos Aires\"}]},{\"@type\":\"WebSite\",\"@id\":\"https:\/\/noti-america.com\/site\/principal\/#website\",\"url\":\"https:\/\/noti-america.com\/site\/principal\/\",\"name\":\"Noti-America.com\",\"description\":\"El Noticiero Digital M\u00e1s Grande de Am\u00e9rica\",\"potentialAction\":[{\"@type\":\"SearchAction\",\"target\":{\"@type\":\"EntryPoint\",\"urlTemplate\":\"https:\/\/noti-america.com\/site\/principal\/?s={search_term_string}\"},\"query-input\":{\"@type\":\"PropertyValueSpecification\",\"valueRequired\":true,\"valueName\":\"search_term_string\"}}],\"inLanguage\":\"es\"},{\"@type\":\"Person\",\"@id\":\"https:\/\/noti-america.com\/site\/principal\/#\/schema\/person\/1a24e37c3c358f389f0a111448ddb870\",\"name\":\"Ydalith Figueroa Kad-Bay\",\"image\":{\"@type\":\"ImageObject\",\"inLanguage\":\"es\",\"@id\":\"https:\/\/secure.gravatar.com\/avatar\/7d1e350465afd215908c3ed413e32ef600cd41c3c21b95416252432a9f6c219c?s=96&d=mm&r=g\",\"url\":\"https:\/\/secure.gravatar.com\/avatar\/7d1e350465afd215908c3ed413e32ef600cd41c3c21b95416252432a9f6c219c?s=96&d=mm&r=g\",\"contentUrl\":\"https:\/\/secure.gravatar.com\/avatar\/7d1e350465afd215908c3ed413e32ef600cd41c3c21b95416252432a9f6c219c?s=96&d=mm&r=g\",\"caption\":\"Ydalith Figueroa Kad-Bay\"},\"description\":\"CEO Noti-America Alemania Embajadora de Venezuela para el Proyecto de Acci\u00f3n Clim\u00e1tica de la ONU, Embajadora para la ense\u00f1anza de los ODS de la ONU, Amplificador de la Acci\u00f3n de los ODS de la ONU, Profesor Voluntario del Proyecto KAKUMA (Educaci\u00f3n de calidad para refugiados en \u00c1frica) UNHCR \u2013 ACNUR - Agencia para los refugiados de la ONU-, Miembro de la ONG Gente Y Ciudad, Embajador de las Instituciones de Microfinanzas \u201cNo a la pobreza ODS #1 de la ONU\u201d (todos tienen derecho a acceso a un cr\u00e9dito), y Voluntario al di\u00e1logo global de UN75. Twitter @ydalithkad email ydalith@yhaoo.com Locutor Profesional 32931 Universidad Central de Venezuela @ISHannover \\\"Colegio Internacional de Hannover Regi\u00f3n, Alemania\\\" Representante de Aprendizaje Innovaci\u00f3n y Tecnolog\u00eda #LMS (Sistema de Gesti\u00f3n de Aprendizaje) #LMS Gente y Ciudad &amp; Asesores Internacionales ONG Alemania. ONG \\\"Gente y Ciudad, Venezuela\\\" Miembro y Asesor especialista An\u00e1lisis de Pol\u00edtica Internacional Asesor Pol\u00edtico Internacional de Venezuela en la defensa de los Derechos Humanos y el restablecimiento Democr\u00e1tico. Diplomacia positiva y Activa. Pasi\u00f3n por el Golf Proyecto #LMS \\\"Golf para ni\u00f1os y adultos Internacional\\\" Pasi\u00f3n por los Postres Proyecto #LMS \\\"Postres, Que Unen a las Culturas del mundo\\\"\",\"sameAs\":[\"https:\/\/x.com\/ydalithkad\"],\"url\":\"https:\/\/noti-america.com\/site\/principal\/author\/yfigueroa\/\"}]}<\/script>\n<!-- \/ Yoast SEO Premium plugin. -->","yoast_head_json":{"title":"Regular o no las criptomonedas divide debate del G20 en Buenos Aires - Noti-America.com","robots":{"index":"index","follow":"follow","max-snippet":"max-snippet:-1","max-image-preview":"max-image-preview:large","max-video-preview":"max-video-preview:-1"},"canonical":"https:\/\/noti-america.com\/site\/principal\/2018\/03\/21\/regular-o-no-las-criptomonedas-divide-debate-del-g20-en-buenos-aires\/","og_locale":"es_ES","og_type":"article","og_title":"Regular o no las criptomonedas divide debate del G20 en Buenos Aires","og_description":"Buenos Aires, 20 mar &#8211; La aplicaci\u00f3n de medidas regulatorias a las criptomonedas dividi\u00f3 en dos la opini\u00f3n de los\u00a0ministros de Finanzas del G20, que culminaron hoy una reuni\u00f3n de dos d\u00edas en Buenos&#46;&#46;&#46;","og_url":"https:\/\/noti-america.com\/site\/principal\/2018\/03\/21\/regular-o-no-las-criptomonedas-divide-debate-del-g20-en-buenos-aires\/","og_site_name":"Noti-America.com","article_published_time":"2018-03-21T07:49:23+00:00","article_modified_time":"2018-03-21T07:50:08+00:00","og_image":[{"width":700,"height":490,"url":"https:\/\/noti-america.com\/site\/principal\/wp-content\/uploads\/sites\/26\/2018\/03\/crypto-economy-g20.jpg","type":"image\/jpeg"}],"author":"Ydalith Figueroa Kad-Bay","twitter_card":"summary_large_image","twitter_creator":"@ydalithkad","twitter_misc":{"Escrito por":"Ydalith Figueroa Kad-Bay","Tiempo estimado de lectura":"2 minutos"},"schema":{"@context":"https:\/\/schema.org","@graph":[{"@type":"Article","@id":"https:\/\/noti-america.com\/site\/principal\/2018\/03\/21\/regular-o-no-las-criptomonedas-divide-debate-del-g20-en-buenos-aires\/#article","isPartOf":{"@id":"https:\/\/noti-america.com\/site\/principal\/2018\/03\/21\/regular-o-no-las-criptomonedas-divide-debate-del-g20-en-buenos-aires\/"},"author":{"name":"Ydalith Figueroa Kad-Bay","@id":"https:\/\/noti-america.com\/site\/principal\/#\/schema\/person\/1a24e37c3c358f389f0a111448ddb870"},"headline":"Regular o no las criptomonedas divide debate del G20 en Buenos Aires","datePublished":"2018-03-21T07:49:23+00:00","dateModified":"2018-03-21T07:50:08+00:00","mainEntityOfPage":{"@id":"https:\/\/noti-america.com\/site\/principal\/2018\/03\/21\/regular-o-no-las-criptomonedas-divide-debate-del-g20-en-buenos-aires\/"},"wordCount":467,"commentCount":0,"image":{"@id":"https:\/\/noti-america.com\/site\/principal\/2018\/03\/21\/regular-o-no-las-criptomonedas-divide-debate-del-g20-en-buenos-aires\/#primaryimage"},"thumbnailUrl":"https:\/\/noti-america.com\/site\/principal\/wp-content\/uploads\/sites\/26\/2018\/03\/crypto-economy-g20.jpg","articleSection":["Econom\u00eda"],"inLanguage":"es","potentialAction":[{"@type":"CommentAction","name":"Comment","target":["https:\/\/noti-america.com\/site\/principal\/2018\/03\/21\/regular-o-no-las-criptomonedas-divide-debate-del-g20-en-buenos-aires\/#respond"]}]},{"@type":"WebPage","@id":"https:\/\/noti-america.com\/site\/principal\/2018\/03\/21\/regular-o-no-las-criptomonedas-divide-debate-del-g20-en-buenos-aires\/","url":"https:\/\/noti-america.com\/site\/principal\/2018\/03\/21\/regular-o-no-las-criptomonedas-divide-debate-del-g20-en-buenos-aires\/","name":"Regular o no las criptomonedas divide debate del G20 en Buenos Aires - Noti-America.com","isPartOf":{"@id":"https:\/\/noti-america.com\/site\/principal\/#website"},"primaryImageOfPage":{"@id":"https:\/\/noti-america.com\/site\/principal\/2018\/03\/21\/regular-o-no-las-criptomonedas-divide-debate-del-g20-en-buenos-aires\/#primaryimage"},"image":{"@id":"https:\/\/noti-america.com\/site\/principal\/2018\/03\/21\/regular-o-no-las-criptomonedas-divide-debate-del-g20-en-buenos-aires\/#primaryimage"},"thumbnailUrl":"https:\/\/noti-america.com\/site\/principal\/wp-content\/uploads\/sites\/26\/2018\/03\/crypto-economy-g20.jpg","datePublished":"2018-03-21T07:49:23+00:00","dateModified":"2018-03-21T07:50:08+00:00","author":{"@id":"https:\/\/noti-america.com\/site\/principal\/#\/schema\/person\/1a24e37c3c358f389f0a111448ddb870"},"breadcrumb":{"@id":"https:\/\/noti-america.com\/site\/principal\/2018\/03\/21\/regular-o-no-las-criptomonedas-divide-debate-del-g20-en-buenos-aires\/#breadcrumb"},"inLanguage":"es","potentialAction":[{"@type":"ReadAction","target":["https:\/\/noti-america.com\/site\/principal\/2018\/03\/21\/regular-o-no-las-criptomonedas-divide-debate-del-g20-en-buenos-aires\/"]}]},{"@type":"ImageObject","inLanguage":"es","@id":"https:\/\/noti-america.com\/site\/principal\/2018\/03\/21\/regular-o-no-las-criptomonedas-divide-debate-del-g20-en-buenos-aires\/#primaryimage","url":"https:\/\/noti-america.com\/site\/principal\/wp-content\/uploads\/sites\/26\/2018\/03\/crypto-economy-g20.jpg","contentUrl":"https:\/\/noti-america.com\/site\/principal\/wp-content\/uploads\/sites\/26\/2018\/03\/crypto-economy-g20.jpg","width":700,"height":490},{"@type":"BreadcrumbList","@id":"https:\/\/noti-america.com\/site\/principal\/2018\/03\/21\/regular-o-no-las-criptomonedas-divide-debate-del-g20-en-buenos-aires\/#breadcrumb","itemListElement":[{"@type":"ListItem","position":1,"name":"Portada","item":"https:\/\/noti-america.com\/site\/principal\/"},{"@type":"ListItem","position":2,"name":"Regular o no las criptomonedas divide debate del G20 en Buenos Aires"}]},{"@type":"WebSite","@id":"https:\/\/noti-america.com\/site\/principal\/#website","url":"https:\/\/noti-america.com\/site\/principal\/","name":"Noti-America.com","description":"El Noticiero Digital M\u00e1s Grande de Am\u00e9rica","potentialAction":[{"@type":"SearchAction","target":{"@type":"EntryPoint","urlTemplate":"https:\/\/noti-america.com\/site\/principal\/?s={search_term_string}"},"query-input":{"@type":"PropertyValueSpecification","valueRequired":true,"valueName":"search_term_string"}}],"inLanguage":"es"},{"@type":"Person","@id":"https:\/\/noti-america.com\/site\/principal\/#\/schema\/person\/1a24e37c3c358f389f0a111448ddb870","name":"Ydalith Figueroa Kad-Bay","image":{"@type":"ImageObject","inLanguage":"es","@id":"https:\/\/secure.gravatar.com\/avatar\/7d1e350465afd215908c3ed413e32ef600cd41c3c21b95416252432a9f6c219c?s=96&d=mm&r=g","url":"https:\/\/secure.gravatar.com\/avatar\/7d1e350465afd215908c3ed413e32ef600cd41c3c21b95416252432a9f6c219c?s=96&d=mm&r=g","contentUrl":"https:\/\/secure.gravatar.com\/avatar\/7d1e350465afd215908c3ed413e32ef600cd41c3c21b95416252432a9f6c219c?s=96&d=mm&r=g","caption":"Ydalith Figueroa Kad-Bay"},"description":"CEO Noti-America Alemania Embajadora de Venezuela para el Proyecto de Acci\u00f3n Clim\u00e1tica de la ONU, Embajadora para la ense\u00f1anza de los ODS de la ONU, Amplificador de la Acci\u00f3n de los ODS de la ONU, Profesor Voluntario del Proyecto KAKUMA (Educaci\u00f3n de calidad para refugiados en \u00c1frica) UNHCR \u2013 ACNUR - Agencia para los refugiados de la ONU-, Miembro de la ONG Gente Y Ciudad, Embajador de las Instituciones de Microfinanzas \u201cNo a la pobreza ODS #1 de la ONU\u201d (todos tienen derecho a acceso a un cr\u00e9dito), y Voluntario al di\u00e1logo global de UN75. Twitter @ydalithkad email ydalith@yhaoo.com Locutor Profesional 32931 Universidad Central de Venezuela @ISHannover \"Colegio Internacional de Hannover Regi\u00f3n, Alemania\" Representante de Aprendizaje Innovaci\u00f3n y Tecnolog\u00eda #LMS (Sistema de Gesti\u00f3n de Aprendizaje) #LMS Gente y Ciudad &amp; Asesores Internacionales ONG Alemania. ONG \"Gente y Ciudad, Venezuela\" Miembro y Asesor especialista An\u00e1lisis de Pol\u00edtica Internacional Asesor Pol\u00edtico Internacional de Venezuela en la defensa de los Derechos Humanos y el restablecimiento Democr\u00e1tico. Diplomacia positiva y Activa. Pasi\u00f3n por el Golf Proyecto #LMS \"Golf para ni\u00f1os y adultos Internacional\" Pasi\u00f3n por los Postres Proyecto #LMS \"Postres, Que Unen a las Culturas del mundo\"","sameAs":["https:\/\/x.com\/ydalithkad"],"url":"https:\/\/noti-america.com\/site\/principal\/author\/yfigueroa\/"}]}},"_links":{"self":[{"href":"https:\/\/noti-america.com\/site\/principal\/wp-json\/wp\/v2\/posts\/1495","targetHints":{"allow":["GET"]}}],"collection":[{"href":"https:\/\/noti-america.com\/site\/principal\/wp-json\/wp\/v2\/posts"}],"about":[{"href":"https:\/\/noti-america.com\/site\/principal\/wp-json\/wp\/v2\/types\/post"}],"author":[{"embeddable":true,"href":"https:\/\/noti-america.com\/site\/principal\/wp-json\/wp\/v2\/users\/31"}],"replies":[{"embeddable":true,"href":"https:\/\/noti-america.com\/site\/principal\/wp-json\/wp\/v2\/comments?post=1495"}],"version-history":[{"count":2,"href":"https:\/\/noti-america.com\/site\/principal\/wp-json\/wp\/v2\/posts\/1495\/revisions"}],"predecessor-version":[{"id":1498,"href":"https:\/\/noti-america.com\/site\/principal\/wp-json\/wp\/v2\/posts\/1495\/revisions\/1498"}],"wp:featuredmedia":[{"embeddable":true,"href":"https:\/\/noti-america.com\/site\/principal\/wp-json\/wp\/v2\/media\/1496"}],"wp:attachment":[{"href":"https:\/\/noti-america.com\/site\/principal\/wp-json\/wp\/v2\/media?parent=1495"}],"wp:term":[{"taxonomy":"category","embeddable":true,"href":"https:\/\/noti-america.com\/site\/principal\/wp-json\/wp\/v2\/categories?post=1495"},{"taxonomy":"post_tag","embeddable":true,"href":"https:\/\/noti-america.com\/site\/principal\/wp-json\/wp\/v2\/tags?post=1495"}],"curies":[{"name":"wp","href":"https:\/\/api.w.org\/{rel}","templated":true}]}}