{"id":1441,"date":"2018-03-20T08:59:16","date_gmt":"2018-03-20T08:59:16","guid":{"rendered":"http:\/\/noti-america.com\/site\/alemania\/?p=1441"},"modified":"2018-03-20T09:00:42","modified_gmt":"2018-03-20T09:00:42","slug":"medios-ex-presidente-frances-sarkozy-detenido-por-la-policia","status":"publish","type":"post","link":"https:\/\/noti-america.com\/site\/principal\/2018\/03\/20\/medios-ex-presidente-frances-sarkozy-detenido-por-la-policia\/","title":{"rendered":"Medios: Ex presidente franc\u00e9s Sarkozy, detenido por la Polic\u00eda"},"content":{"rendered":"<p><span class=\"dateline\">Par\u00eds<\/span><span class=\"dateline\">\u00a0&#8211; <\/span>El ex presidente franc\u00e9s Nicolas Sarkozy ha sido detenido por la Polic\u00eda en el marco de las investigaciones de la Justicia sobre la supuesta financiaci\u00f3n de su campa\u00f1a electoral de 2007 con fondos procedentes de Libia, informan hoy el peri\u00f3dico \u00abLe Monde\u00bb y otros medios franceses.<\/p>\n<p>Seg\u00fan \u00abLe Monde\u00bb, el pol\u00edtico conservador est\u00e1 siendo interrogado en la ciudad de Nanterre, al oeste de Par\u00eds. De momento no se sabe cu\u00e1nto tiempo durar\u00e1 el interrogatorio.<\/p>\n<p>Sarkozy, quien fue presidente de 2007 a 2012, rechaza las acusaciones que aseguran que hab\u00eda aceptado fondos de Libia para financiar su campa\u00f1a electoral de 2007. La fiscal\u00eda de Par\u00eds hab\u00eda iniciado en abril de 2013 una investigaci\u00f3n sobre las acusaciones.<\/p>\n<p>Un hombre de negocios dijo en una entrevista concedida al portal noticioso \u00abMediapart\u00bb que a finales de 2006 o principios de 2007 hab\u00eda llevado al Ministerio franc\u00e9s del Interior varias maletas, preparadas por el r\u00e9gimen libio de Muammar Gadafi, con un total de cinco millones de euros. En aquel entonces, Sarkozy se desempe\u00f1aba como ministro del Interior<\/p>\n<p>Fuente(dpa)<\/p>\n","protected":false},"excerpt":{"rendered":"<p>Par\u00eds\u00a0&#8211; El ex presidente franc\u00e9s Nicolas Sarkozy ha sido detenido por la Polic\u00eda en el marco de las investigaciones de la Justicia sobre la supuesta financiaci\u00f3n de su campa\u00f1a electoral de 2007 con fondos&#46;&#46;&#46;<\/p>\n","protected":false},"author":31,"featured_media":1442,"comment_status":"open","ping_status":"open","sticky":false,"template":"","format":"standard","meta":{"_acf_changed":false,"rop_custom_images_group":[],"rop_custom_messages_group":[],"rop_publish_now":"initial","rop_publish_now_accounts":{"facebook_10219548024599422_1632221337088128":"","twitter_242054905_242054905":""},"rop_publish_now_history":[],"rop_publish_now_status":"pending","footnotes":""},"categories":[57,91,4,47],"tags":[],"class_list":["post-1441","post","type-post","status-publish","format-standard","has-post-thumbnail","hentry","category-europa","category-francia","category-internacionales","category-politica-opinion"],"acf":[],"yoast_head":"<!-- This site is optimized with the Yoast SEO Premium plugin v24.9 (Yoast SEO v27.2) - https:\/\/yoast.com\/product\/yoast-seo-premium-wordpress\/ -->\n<title>Medios: Ex presidente franc\u00e9s Sarkozy, detenido por la Polic\u00eda - Noti-America.com<\/title>\n<meta name=\"robots\" content=\"index, follow, max-snippet:-1, max-image-preview:large, max-video-preview:-1\" \/>\n<link rel=\"canonical\" href=\"https:\/\/noti-america.com\/site\/principal\/2018\/03\/20\/medios-ex-presidente-frances-sarkozy-detenido-por-la-policia\/\" \/>\n<meta property=\"og:locale\" content=\"es_ES\" \/>\n<meta property=\"og:type\" content=\"article\" \/>\n<meta property=\"og:title\" content=\"Medios: Ex presidente franc\u00e9s Sarkozy, detenido por la Polic\u00eda\" \/>\n<meta property=\"og:description\" content=\"Par\u00eds\u00a0&#8211; El ex presidente franc\u00e9s Nicolas Sarkozy ha sido detenido por la Polic\u00eda en el marco de las investigaciones de la Justicia sobre la supuesta financiaci\u00f3n de su campa\u00f1a electoral de 2007 con fondos&#046;&#046;&#046;\" \/>\n<meta property=\"og:url\" content=\"https:\/\/noti-america.com\/site\/principal\/2018\/03\/20\/medios-ex-presidente-frances-sarkozy-detenido-por-la-policia\/\" \/>\n<meta property=\"og:site_name\" content=\"Noti-America.com\" \/>\n<meta property=\"article:published_time\" content=\"2018-03-20T08:59:16+00:00\" \/>\n<meta property=\"article:modified_time\" content=\"2018-03-20T09:00:42+00:00\" \/>\n<meta property=\"og:image\" content=\"https:\/\/noti-america.com\/site\/principal\/wp-content\/uploads\/sites\/26\/2018\/03\/Ex-presidente-franc\u00e9s-Sarkozy-detenido-por-la-Polic\u00eda.jpg\" \/>\n\t<meta property=\"og:image:width\" content=\"800\" \/>\n\t<meta property=\"og:image:height\" content=\"400\" \/>\n\t<meta property=\"og:image:type\" content=\"image\/jpeg\" \/>\n<meta name=\"author\" content=\"Ydalith Figueroa Kad-Bay\" \/>\n<meta name=\"twitter:card\" content=\"summary_large_image\" \/>\n<meta name=\"twitter:creator\" content=\"@ydalithkad\" \/>\n<meta name=\"twitter:label1\" content=\"Escrito por\" \/>\n\t<meta name=\"twitter:data1\" content=\"Ydalith Figueroa Kad-Bay\" \/>\n\t<meta name=\"twitter:label2\" content=\"Tiempo estimado de lectura\" \/>\n\t<meta name=\"twitter:data2\" content=\"1 minuto\" \/>\n<script type=\"application\/ld+json\" class=\"yoast-schema-graph\">{\"@context\":\"https:\/\/schema.org\",\"@graph\":[{\"@type\":\"Article\",\"@id\":\"https:\/\/noti-america.com\/site\/principal\/2018\/03\/20\/medios-ex-presidente-frances-sarkozy-detenido-por-la-policia\/#article\",\"isPartOf\":{\"@id\":\"https:\/\/noti-america.com\/site\/principal\/2018\/03\/20\/medios-ex-presidente-frances-sarkozy-detenido-por-la-policia\/\"},\"author\":{\"name\":\"Ydalith Figueroa Kad-Bay\",\"@id\":\"https:\/\/noti-america.com\/site\/principal\/#\/schema\/person\/1a24e37c3c358f389f0a111448ddb870\"},\"headline\":\"Medios: Ex presidente franc\u00e9s Sarkozy, detenido por la Polic\u00eda\",\"datePublished\":\"2018-03-20T08:59:16+00:00\",\"dateModified\":\"2018-03-20T09:00:42+00:00\",\"mainEntityOfPage\":{\"@id\":\"https:\/\/noti-america.com\/site\/principal\/2018\/03\/20\/medios-ex-presidente-frances-sarkozy-detenido-por-la-policia\/\"},\"wordCount\":200,\"commentCount\":0,\"image\":{\"@id\":\"https:\/\/noti-america.com\/site\/principal\/2018\/03\/20\/medios-ex-presidente-frances-sarkozy-detenido-por-la-policia\/#primaryimage\"},\"thumbnailUrl\":\"https:\/\/noti-america.com\/site\/principal\/wp-content\/uploads\/sites\/26\/2018\/03\/Ex-presidente-franc\u00e9s-Sarkozy-detenido-por-la-Polic\u00eda.jpg\",\"articleSection\":[\"Europa\",\"Francia\",\"Internacionales\",\"Pol\u00edtica\"],\"inLanguage\":\"es\",\"potentialAction\":[{\"@type\":\"CommentAction\",\"name\":\"Comment\",\"target\":[\"https:\/\/noti-america.com\/site\/principal\/2018\/03\/20\/medios-ex-presidente-frances-sarkozy-detenido-por-la-policia\/#respond\"]}]},{\"@type\":\"WebPage\",\"@id\":\"https:\/\/noti-america.com\/site\/principal\/2018\/03\/20\/medios-ex-presidente-frances-sarkozy-detenido-por-la-policia\/\",\"url\":\"https:\/\/noti-america.com\/site\/principal\/2018\/03\/20\/medios-ex-presidente-frances-sarkozy-detenido-por-la-policia\/\",\"name\":\"Medios: Ex presidente franc\u00e9s Sarkozy, detenido por la Polic\u00eda - Noti-America.com\",\"isPartOf\":{\"@id\":\"https:\/\/noti-america.com\/site\/principal\/#website\"},\"primaryImageOfPage\":{\"@id\":\"https:\/\/noti-america.com\/site\/principal\/2018\/03\/20\/medios-ex-presidente-frances-sarkozy-detenido-por-la-policia\/#primaryimage\"},\"image\":{\"@id\":\"https:\/\/noti-america.com\/site\/principal\/2018\/03\/20\/medios-ex-presidente-frances-sarkozy-detenido-por-la-policia\/#primaryimage\"},\"thumbnailUrl\":\"https:\/\/noti-america.com\/site\/principal\/wp-content\/uploads\/sites\/26\/2018\/03\/Ex-presidente-franc\u00e9s-Sarkozy-detenido-por-la-Polic\u00eda.jpg\",\"datePublished\":\"2018-03-20T08:59:16+00:00\",\"dateModified\":\"2018-03-20T09:00:42+00:00\",\"author\":{\"@id\":\"https:\/\/noti-america.com\/site\/principal\/#\/schema\/person\/1a24e37c3c358f389f0a111448ddb870\"},\"breadcrumb\":{\"@id\":\"https:\/\/noti-america.com\/site\/principal\/2018\/03\/20\/medios-ex-presidente-frances-sarkozy-detenido-por-la-policia\/#breadcrumb\"},\"inLanguage\":\"es\",\"potentialAction\":[{\"@type\":\"ReadAction\",\"target\":[\"https:\/\/noti-america.com\/site\/principal\/2018\/03\/20\/medios-ex-presidente-frances-sarkozy-detenido-por-la-policia\/\"]}]},{\"@type\":\"ImageObject\",\"inLanguage\":\"es\",\"@id\":\"https:\/\/noti-america.com\/site\/principal\/2018\/03\/20\/medios-ex-presidente-frances-sarkozy-detenido-por-la-policia\/#primaryimage\",\"url\":\"https:\/\/noti-america.com\/site\/principal\/wp-content\/uploads\/sites\/26\/2018\/03\/Ex-presidente-franc\u00e9s-Sarkozy-detenido-por-la-Polic\u00eda.jpg\",\"contentUrl\":\"https:\/\/noti-america.com\/site\/principal\/wp-content\/uploads\/sites\/26\/2018\/03\/Ex-presidente-franc\u00e9s-Sarkozy-detenido-por-la-Polic\u00eda.jpg\",\"width\":800,\"height\":400},{\"@type\":\"BreadcrumbList\",\"@id\":\"https:\/\/noti-america.com\/site\/principal\/2018\/03\/20\/medios-ex-presidente-frances-sarkozy-detenido-por-la-policia\/#breadcrumb\",\"itemListElement\":[{\"@type\":\"ListItem\",\"position\":1,\"name\":\"Portada\",\"item\":\"https:\/\/noti-america.com\/site\/principal\/\"},{\"@type\":\"ListItem\",\"position\":2,\"name\":\"Medios: Ex presidente franc\u00e9s Sarkozy, detenido por la Polic\u00eda\"}]},{\"@type\":\"WebSite\",\"@id\":\"https:\/\/noti-america.com\/site\/principal\/#website\",\"url\":\"https:\/\/noti-america.com\/site\/principal\/\",\"name\":\"Noti-America.com\",\"description\":\"El Noticiero Digital M\u00e1s Grande de Am\u00e9rica\",\"potentialAction\":[{\"@type\":\"SearchAction\",\"target\":{\"@type\":\"EntryPoint\",\"urlTemplate\":\"https:\/\/noti-america.com\/site\/principal\/?s={search_term_string}\"},\"query-input\":{\"@type\":\"PropertyValueSpecification\",\"valueRequired\":true,\"valueName\":\"search_term_string\"}}],\"inLanguage\":\"es\"},{\"@type\":\"Person\",\"@id\":\"https:\/\/noti-america.com\/site\/principal\/#\/schema\/person\/1a24e37c3c358f389f0a111448ddb870\",\"name\":\"Ydalith Figueroa Kad-Bay\",\"image\":{\"@type\":\"ImageObject\",\"inLanguage\":\"es\",\"@id\":\"https:\/\/secure.gravatar.com\/avatar\/7d1e350465afd215908c3ed413e32ef600cd41c3c21b95416252432a9f6c219c?s=96&d=mm&r=g\",\"url\":\"https:\/\/secure.gravatar.com\/avatar\/7d1e350465afd215908c3ed413e32ef600cd41c3c21b95416252432a9f6c219c?s=96&d=mm&r=g\",\"contentUrl\":\"https:\/\/secure.gravatar.com\/avatar\/7d1e350465afd215908c3ed413e32ef600cd41c3c21b95416252432a9f6c219c?s=96&d=mm&r=g\",\"caption\":\"Ydalith Figueroa Kad-Bay\"},\"description\":\"CEO Noti-America Alemania Embajadora de Venezuela para el Proyecto de Acci\u00f3n Clim\u00e1tica de la ONU, Embajadora para la ense\u00f1anza de los ODS de la ONU, Amplificador de la Acci\u00f3n de los ODS de la ONU, Profesor Voluntario del Proyecto KAKUMA (Educaci\u00f3n de calidad para refugiados en \u00c1frica) UNHCR \u2013 ACNUR - Agencia para los refugiados de la ONU-, Miembro de la ONG Gente Y Ciudad, Embajador de las Instituciones de Microfinanzas \u201cNo a la pobreza ODS #1 de la ONU\u201d (todos tienen derecho a acceso a un cr\u00e9dito), y Voluntario al di\u00e1logo global de UN75. Twitter @ydalithkad email ydalith@yhaoo.com Locutor Profesional 32931 Universidad Central de Venezuela @ISHannover \\\"Colegio Internacional de Hannover Regi\u00f3n, Alemania\\\" Representante de Aprendizaje Innovaci\u00f3n y Tecnolog\u00eda #LMS (Sistema de Gesti\u00f3n de Aprendizaje) #LMS Gente y Ciudad &amp; Asesores Internacionales ONG Alemania. ONG \\\"Gente y Ciudad, Venezuela\\\" Miembro y Asesor especialista An\u00e1lisis de Pol\u00edtica Internacional Asesor Pol\u00edtico Internacional de Venezuela en la defensa de los Derechos Humanos y el restablecimiento Democr\u00e1tico. Diplomacia positiva y Activa. Pasi\u00f3n por el Golf Proyecto #LMS \\\"Golf para ni\u00f1os y adultos Internacional\\\" Pasi\u00f3n por los Postres Proyecto #LMS \\\"Postres, Que Unen a las Culturas del mundo\\\"\",\"sameAs\":[\"https:\/\/x.com\/ydalithkad\"],\"url\":\"https:\/\/noti-america.com\/site\/principal\/author\/yfigueroa\/\"}]}<\/script>\n<!-- \/ Yoast SEO Premium plugin. -->","yoast_head_json":{"title":"Medios: Ex presidente franc\u00e9s Sarkozy, detenido por la Polic\u00eda - Noti-America.com","robots":{"index":"index","follow":"follow","max-snippet":"max-snippet:-1","max-image-preview":"max-image-preview:large","max-video-preview":"max-video-preview:-1"},"canonical":"https:\/\/noti-america.com\/site\/principal\/2018\/03\/20\/medios-ex-presidente-frances-sarkozy-detenido-por-la-policia\/","og_locale":"es_ES","og_type":"article","og_title":"Medios: Ex presidente franc\u00e9s Sarkozy, detenido por la Polic\u00eda","og_description":"Par\u00eds\u00a0&#8211; El ex presidente franc\u00e9s Nicolas Sarkozy ha sido detenido por la Polic\u00eda en el marco de las investigaciones de la Justicia sobre la supuesta financiaci\u00f3n de su campa\u00f1a electoral de 2007 con fondos&#46;&#46;&#46;","og_url":"https:\/\/noti-america.com\/site\/principal\/2018\/03\/20\/medios-ex-presidente-frances-sarkozy-detenido-por-la-policia\/","og_site_name":"Noti-America.com","article_published_time":"2018-03-20T08:59:16+00:00","article_modified_time":"2018-03-20T09:00:42+00:00","og_image":[{"width":800,"height":400,"url":"https:\/\/noti-america.com\/site\/principal\/wp-content\/uploads\/sites\/26\/2018\/03\/Ex-presidente-franc\u00e9s-Sarkozy-detenido-por-la-Polic\u00eda.jpg","type":"image\/jpeg"}],"author":"Ydalith Figueroa Kad-Bay","twitter_card":"summary_large_image","twitter_creator":"@ydalithkad","twitter_misc":{"Escrito por":"Ydalith Figueroa Kad-Bay","Tiempo estimado de lectura":"1 minuto"},"schema":{"@context":"https:\/\/schema.org","@graph":[{"@type":"Article","@id":"https:\/\/noti-america.com\/site\/principal\/2018\/03\/20\/medios-ex-presidente-frances-sarkozy-detenido-por-la-policia\/#article","isPartOf":{"@id":"https:\/\/noti-america.com\/site\/principal\/2018\/03\/20\/medios-ex-presidente-frances-sarkozy-detenido-por-la-policia\/"},"author":{"name":"Ydalith Figueroa Kad-Bay","@id":"https:\/\/noti-america.com\/site\/principal\/#\/schema\/person\/1a24e37c3c358f389f0a111448ddb870"},"headline":"Medios: Ex presidente franc\u00e9s Sarkozy, detenido por la Polic\u00eda","datePublished":"2018-03-20T08:59:16+00:00","dateModified":"2018-03-20T09:00:42+00:00","mainEntityOfPage":{"@id":"https:\/\/noti-america.com\/site\/principal\/2018\/03\/20\/medios-ex-presidente-frances-sarkozy-detenido-por-la-policia\/"},"wordCount":200,"commentCount":0,"image":{"@id":"https:\/\/noti-america.com\/site\/principal\/2018\/03\/20\/medios-ex-presidente-frances-sarkozy-detenido-por-la-policia\/#primaryimage"},"thumbnailUrl":"https:\/\/noti-america.com\/site\/principal\/wp-content\/uploads\/sites\/26\/2018\/03\/Ex-presidente-franc\u00e9s-Sarkozy-detenido-por-la-Polic\u00eda.jpg","articleSection":["Europa","Francia","Internacionales","Pol\u00edtica"],"inLanguage":"es","potentialAction":[{"@type":"CommentAction","name":"Comment","target":["https:\/\/noti-america.com\/site\/principal\/2018\/03\/20\/medios-ex-presidente-frances-sarkozy-detenido-por-la-policia\/#respond"]}]},{"@type":"WebPage","@id":"https:\/\/noti-america.com\/site\/principal\/2018\/03\/20\/medios-ex-presidente-frances-sarkozy-detenido-por-la-policia\/","url":"https:\/\/noti-america.com\/site\/principal\/2018\/03\/20\/medios-ex-presidente-frances-sarkozy-detenido-por-la-policia\/","name":"Medios: Ex presidente franc\u00e9s Sarkozy, detenido por la Polic\u00eda - Noti-America.com","isPartOf":{"@id":"https:\/\/noti-america.com\/site\/principal\/#website"},"primaryImageOfPage":{"@id":"https:\/\/noti-america.com\/site\/principal\/2018\/03\/20\/medios-ex-presidente-frances-sarkozy-detenido-por-la-policia\/#primaryimage"},"image":{"@id":"https:\/\/noti-america.com\/site\/principal\/2018\/03\/20\/medios-ex-presidente-frances-sarkozy-detenido-por-la-policia\/#primaryimage"},"thumbnailUrl":"https:\/\/noti-america.com\/site\/principal\/wp-content\/uploads\/sites\/26\/2018\/03\/Ex-presidente-franc\u00e9s-Sarkozy-detenido-por-la-Polic\u00eda.jpg","datePublished":"2018-03-20T08:59:16+00:00","dateModified":"2018-03-20T09:00:42+00:00","author":{"@id":"https:\/\/noti-america.com\/site\/principal\/#\/schema\/person\/1a24e37c3c358f389f0a111448ddb870"},"breadcrumb":{"@id":"https:\/\/noti-america.com\/site\/principal\/2018\/03\/20\/medios-ex-presidente-frances-sarkozy-detenido-por-la-policia\/#breadcrumb"},"inLanguage":"es","potentialAction":[{"@type":"ReadAction","target":["https:\/\/noti-america.com\/site\/principal\/2018\/03\/20\/medios-ex-presidente-frances-sarkozy-detenido-por-la-policia\/"]}]},{"@type":"ImageObject","inLanguage":"es","@id":"https:\/\/noti-america.com\/site\/principal\/2018\/03\/20\/medios-ex-presidente-frances-sarkozy-detenido-por-la-policia\/#primaryimage","url":"https:\/\/noti-america.com\/site\/principal\/wp-content\/uploads\/sites\/26\/2018\/03\/Ex-presidente-franc\u00e9s-Sarkozy-detenido-por-la-Polic\u00eda.jpg","contentUrl":"https:\/\/noti-america.com\/site\/principal\/wp-content\/uploads\/sites\/26\/2018\/03\/Ex-presidente-franc\u00e9s-Sarkozy-detenido-por-la-Polic\u00eda.jpg","width":800,"height":400},{"@type":"BreadcrumbList","@id":"https:\/\/noti-america.com\/site\/principal\/2018\/03\/20\/medios-ex-presidente-frances-sarkozy-detenido-por-la-policia\/#breadcrumb","itemListElement":[{"@type":"ListItem","position":1,"name":"Portada","item":"https:\/\/noti-america.com\/site\/principal\/"},{"@type":"ListItem","position":2,"name":"Medios: Ex presidente franc\u00e9s Sarkozy, detenido por la Polic\u00eda"}]},{"@type":"WebSite","@id":"https:\/\/noti-america.com\/site\/principal\/#website","url":"https:\/\/noti-america.com\/site\/principal\/","name":"Noti-America.com","description":"El Noticiero Digital M\u00e1s Grande de Am\u00e9rica","potentialAction":[{"@type":"SearchAction","target":{"@type":"EntryPoint","urlTemplate":"https:\/\/noti-america.com\/site\/principal\/?s={search_term_string}"},"query-input":{"@type":"PropertyValueSpecification","valueRequired":true,"valueName":"search_term_string"}}],"inLanguage":"es"},{"@type":"Person","@id":"https:\/\/noti-america.com\/site\/principal\/#\/schema\/person\/1a24e37c3c358f389f0a111448ddb870","name":"Ydalith Figueroa Kad-Bay","image":{"@type":"ImageObject","inLanguage":"es","@id":"https:\/\/secure.gravatar.com\/avatar\/7d1e350465afd215908c3ed413e32ef600cd41c3c21b95416252432a9f6c219c?s=96&d=mm&r=g","url":"https:\/\/secure.gravatar.com\/avatar\/7d1e350465afd215908c3ed413e32ef600cd41c3c21b95416252432a9f6c219c?s=96&d=mm&r=g","contentUrl":"https:\/\/secure.gravatar.com\/avatar\/7d1e350465afd215908c3ed413e32ef600cd41c3c21b95416252432a9f6c219c?s=96&d=mm&r=g","caption":"Ydalith Figueroa Kad-Bay"},"description":"CEO Noti-America Alemania Embajadora de Venezuela para el Proyecto de Acci\u00f3n Clim\u00e1tica de la ONU, Embajadora para la ense\u00f1anza de los ODS de la ONU, Amplificador de la Acci\u00f3n de los ODS de la ONU, Profesor Voluntario del Proyecto KAKUMA (Educaci\u00f3n de calidad para refugiados en \u00c1frica) UNHCR \u2013 ACNUR - Agencia para los refugiados de la ONU-, Miembro de la ONG Gente Y Ciudad, Embajador de las Instituciones de Microfinanzas \u201cNo a la pobreza ODS #1 de la ONU\u201d (todos tienen derecho a acceso a un cr\u00e9dito), y Voluntario al di\u00e1logo global de UN75. Twitter @ydalithkad email ydalith@yhaoo.com Locutor Profesional 32931 Universidad Central de Venezuela @ISHannover \"Colegio Internacional de Hannover Regi\u00f3n, Alemania\" Representante de Aprendizaje Innovaci\u00f3n y Tecnolog\u00eda #LMS (Sistema de Gesti\u00f3n de Aprendizaje) #LMS Gente y Ciudad &amp; Asesores Internacionales ONG Alemania. ONG \"Gente y Ciudad, Venezuela\" Miembro y Asesor especialista An\u00e1lisis de Pol\u00edtica Internacional Asesor Pol\u00edtico Internacional de Venezuela en la defensa de los Derechos Humanos y el restablecimiento Democr\u00e1tico. Diplomacia positiva y Activa. Pasi\u00f3n por el Golf Proyecto #LMS \"Golf para ni\u00f1os y adultos Internacional\" Pasi\u00f3n por los Postres Proyecto #LMS \"Postres, Que Unen a las Culturas del mundo\"","sameAs":["https:\/\/x.com\/ydalithkad"],"url":"https:\/\/noti-america.com\/site\/principal\/author\/yfigueroa\/"}]}},"_links":{"self":[{"href":"https:\/\/noti-america.com\/site\/principal\/wp-json\/wp\/v2\/posts\/1441","targetHints":{"allow":["GET"]}}],"collection":[{"href":"https:\/\/noti-america.com\/site\/principal\/wp-json\/wp\/v2\/posts"}],"about":[{"href":"https:\/\/noti-america.com\/site\/principal\/wp-json\/wp\/v2\/types\/post"}],"author":[{"embeddable":true,"href":"https:\/\/noti-america.com\/site\/principal\/wp-json\/wp\/v2\/users\/31"}],"replies":[{"embeddable":true,"href":"https:\/\/noti-america.com\/site\/principal\/wp-json\/wp\/v2\/comments?post=1441"}],"version-history":[{"count":1,"href":"https:\/\/noti-america.com\/site\/principal\/wp-json\/wp\/v2\/posts\/1441\/revisions"}],"predecessor-version":[{"id":1443,"href":"https:\/\/noti-america.com\/site\/principal\/wp-json\/wp\/v2\/posts\/1441\/revisions\/1443"}],"wp:featuredmedia":[{"embeddable":true,"href":"https:\/\/noti-america.com\/site\/principal\/wp-json\/wp\/v2\/media\/1442"}],"wp:attachment":[{"href":"https:\/\/noti-america.com\/site\/principal\/wp-json\/wp\/v2\/media?parent=1441"}],"wp:term":[{"taxonomy":"category","embeddable":true,"href":"https:\/\/noti-america.com\/site\/principal\/wp-json\/wp\/v2\/categories?post=1441"},{"taxonomy":"post_tag","embeddable":true,"href":"https:\/\/noti-america.com\/site\/principal\/wp-json\/wp\/v2\/tags?post=1441"}],"curies":[{"name":"wp","href":"https:\/\/api.w.org\/{rel}","templated":true}]}}