{"id":1439,"date":"2018-03-20T09:01:29","date_gmt":"2018-03-20T09:01:29","guid":{"rendered":"http:\/\/noti-america.com\/site\/alemania\/?p=1439"},"modified":"2018-03-20T09:01:29","modified_gmt":"2018-03-20T09:01:29","slug":"la-politica-busca-respuestas-de-facebook-por-cambridge-analytica","status":"publish","type":"post","link":"https:\/\/noti-america.com\/site\/principal\/2018\/03\/20\/la-politica-busca-respuestas-de-facebook-por-cambridge-analytica\/","title":{"rendered":"La pol\u00edtica busca respuestas de Facebook por Cambridge Analytica"},"content":{"rendered":"<p lang=\"es\"><span class=\"dateline\">Washington, 19 mar &#8211; <\/span>Facebook est\u00e1 bajo una presi\u00f3n pol\u00edtica cada vez mayor tras informes seg\u00fan los cuales una empresa de an\u00e1lisis de datos de la campa\u00f1a del presidente estadounidense, Donald Trump, obtuvo acceso sin autorizaci\u00f3n a los datos de m\u00e1s de 50 millones de usuarios.<\/p>\n<div class=\"detailtext lang-es\" lang=\"es\">\n<p>Las afirmaciones de los gerentes de Facebook de que no se hackearon sistemas de Facebook sino que datos obtenidos legalmente fueron retransmitidos ilegalmente echaron m\u00e1s le\u00f1a al fuego y volvieron m\u00e1s fuertes los llamados para una mayor regulaci\u00f3n de las plataformas online.<\/p>\n<p>La acci\u00f3n de la red social perdi\u00f3 en el comercio previo a la apertura de la Bolsa casi cinco por ciento este lunes debido al debate, mientras que diputados de Estados Unidos y Europa pidieron respuestas a la c\u00fapula de Facebook que rodea a Mark Zuckerberg.<\/p>\n<p>Facebook cort\u00f3 lazos el fin de semana con la empresa de an\u00e1lisis de datos Cambridge Analytica, que ayud\u00f3 en su momento al equipo de campa\u00f1a de Trump. Seg\u00fan dijo, no destruy\u00f3 datos obtenidos ilegalmente a pesar de afirmaciones previas. Cambridge Analytica obtuvo los datos de usuarios del profesor brit\u00e1nico Aleksandr Kogan, que realiz\u00f3 una encuesta en Facebook. En la red social fue anunciada como investigaci\u00f3n cient\u00edfica sobre la personalidad.<\/p>\n<p>La aplicaci\u00f3n de Facebook con la encuesta fue descargada alrededor de 270.000 veces, explic\u00f3 Facebook. Los usuarios que la completaron se mostraron de acuerdo con que la empresa de Kogan obtuviera sus respuestas y datos. A su vez, obtuvo a trav\u00e9s de las interfases de Facebook acceso a los datos de perfil de sus amigos si sus configuraciones de protecci\u00f3n de datos lo permit\u00edan. De acuerdo con informaciones del diario \u00abThe Guardian\u00bb, cualquiera que completaba la encuesta abr\u00eda la puerta de acceso a los datos de en promedio unos 160 usuarios m\u00e1s.<\/p>\n<p>En el Reino Unido, el presidente de la comisi\u00f3n parlamentaria para temas digitales y medios, Damian Collins, pidi\u00f3 m\u00e1s poderes para la autoridad de supervisi\u00f3n brit\u00e1nica. Seg\u00fan dijo, tambi\u00e9n debe tener el derecho a investigar a las empresas para asegurarse de que cumplen con la ley, dijo a la emisora de radio LBC. La comisaria de Justicia de la UE, Very Jourova, escribi\u00f3 en Twitter que los informes son \u00abterribles si se confirman\u00bb. \u00abNo queremos algo as\u00ed en la UE\u00bb, se\u00f1al\u00f3.<\/p>\n<p>En Estados Unidos, el senador Mark Warner, dem\u00f3crata, se pronunci\u00f3 a favor de una regulaci\u00f3n m\u00e1s fuerte del mercado de publicidad pol\u00edtica. Su colega Amy Klobuchar pidi\u00f3 que el fundador y jefe de Facebook, Mark Zuckerberg, comparezca ante la comisi\u00f3n de Justicia.<\/p>\n<p>La fiscal general del estado de Massachusetts, Maura Healey, anunci\u00f3 investigaciones y pidi\u00f3 respuestas tanto a Cambridge Analytica como a Facebook. En tanto la red online investiga tambi\u00e9n a uno de sus analistas de datos que hab\u00eda sido en el pasado colega de Kogan en una empresa.<\/p>\n<p>CP (<i class=\"lang-es\"><span class=\" readonly\" title=\"\">Andrej Sokolow -dpa)<\/span><\/i><\/p>\n<\/div>\n","protected":false},"excerpt":{"rendered":"<p>Washington, 19 mar &#8211; Facebook est\u00e1 bajo una presi\u00f3n pol\u00edtica cada vez mayor tras informes seg\u00fan los cuales una empresa de an\u00e1lisis de datos de la campa\u00f1a del presidente estadounidense, Donald Trump, obtuvo acceso&#46;&#46;&#46;<\/p>\n","protected":false},"author":31,"featured_media":1444,"comment_status":"open","ping_status":"open","sticky":false,"template":"","format":"standard","meta":{"_acf_changed":false,"rop_custom_images_group":[],"rop_custom_messages_group":[],"rop_publish_now":"initial","rop_publish_now_accounts":{"facebook_10219548024599422_1632221337088128":"","twitter_242054905_242054905":""},"rop_publish_now_history":[],"rop_publish_now_status":"pending","footnotes":""},"categories":[70,55],"tags":[],"class_list":["post-1439","post","type-post","status-publish","format-standard","has-post-thumbnail","hentry","category-eeuu","category-tecnologias-de-la-informacion"],"acf":[],"yoast_head":"<!-- This site is optimized with the Yoast SEO Premium plugin v24.9 (Yoast SEO v27.2) - https:\/\/yoast.com\/product\/yoast-seo-premium-wordpress\/ -->\n<title>La pol\u00edtica busca respuestas de Facebook por Cambridge Analytica - Noti-America.com<\/title>\n<meta name=\"robots\" content=\"index, follow, max-snippet:-1, max-image-preview:large, max-video-preview:-1\" \/>\n<link rel=\"canonical\" href=\"https:\/\/noti-america.com\/site\/principal\/2018\/03\/20\/la-politica-busca-respuestas-de-facebook-por-cambridge-analytica\/\" \/>\n<meta property=\"og:locale\" content=\"es_ES\" \/>\n<meta property=\"og:type\" content=\"article\" \/>\n<meta property=\"og:title\" content=\"La pol\u00edtica busca respuestas de Facebook por Cambridge Analytica\" \/>\n<meta property=\"og:description\" content=\"Washington, 19 mar &#8211; Facebook est\u00e1 bajo una presi\u00f3n pol\u00edtica cada vez mayor tras informes seg\u00fan los cuales una empresa de an\u00e1lisis de datos de la campa\u00f1a del presidente estadounidense, Donald Trump, obtuvo acceso&#046;&#046;&#046;\" \/>\n<meta property=\"og:url\" content=\"https:\/\/noti-america.com\/site\/principal\/2018\/03\/20\/la-politica-busca-respuestas-de-facebook-por-cambridge-analytica\/\" \/>\n<meta property=\"og:site_name\" content=\"Noti-America.com\" \/>\n<meta property=\"article:published_time\" content=\"2018-03-20T09:01:29+00:00\" \/>\n<meta property=\"og:image\" content=\"https:\/\/noti-america.com\/site\/principal\/wp-content\/uploads\/sites\/26\/2018\/03\/facebook.jpg\" \/>\n\t<meta property=\"og:image:width\" content=\"635\" \/>\n\t<meta property=\"og:image:height\" content=\"357\" \/>\n\t<meta property=\"og:image:type\" content=\"image\/jpeg\" \/>\n<meta name=\"author\" content=\"Ydalith Figueroa Kad-Bay\" \/>\n<meta name=\"twitter:card\" content=\"summary_large_image\" \/>\n<meta name=\"twitter:creator\" content=\"@ydalithkad\" \/>\n<meta name=\"twitter:label1\" content=\"Escrito por\" \/>\n\t<meta name=\"twitter:data1\" content=\"Ydalith Figueroa Kad-Bay\" \/>\n\t<meta name=\"twitter:label2\" content=\"Tiempo estimado de lectura\" \/>\n\t<meta name=\"twitter:data2\" content=\"3 minutos\" \/>\n<script type=\"application\/ld+json\" class=\"yoast-schema-graph\">{\"@context\":\"https:\/\/schema.org\",\"@graph\":[{\"@type\":\"Article\",\"@id\":\"https:\/\/noti-america.com\/site\/principal\/2018\/03\/20\/la-politica-busca-respuestas-de-facebook-por-cambridge-analytica\/#article\",\"isPartOf\":{\"@id\":\"https:\/\/noti-america.com\/site\/principal\/2018\/03\/20\/la-politica-busca-respuestas-de-facebook-por-cambridge-analytica\/\"},\"author\":{\"name\":\"Ydalith Figueroa Kad-Bay\",\"@id\":\"https:\/\/noti-america.com\/site\/principal\/#\/schema\/person\/1a24e37c3c358f389f0a111448ddb870\"},\"headline\":\"La pol\u00edtica busca respuestas de Facebook por Cambridge Analytica\",\"datePublished\":\"2018-03-20T09:01:29+00:00\",\"mainEntityOfPage\":{\"@id\":\"https:\/\/noti-america.com\/site\/principal\/2018\/03\/20\/la-politica-busca-respuestas-de-facebook-por-cambridge-analytica\/\"},\"wordCount\":514,\"commentCount\":0,\"image\":{\"@id\":\"https:\/\/noti-america.com\/site\/principal\/2018\/03\/20\/la-politica-busca-respuestas-de-facebook-por-cambridge-analytica\/#primaryimage\"},\"thumbnailUrl\":\"https:\/\/noti-america.com\/site\/principal\/wp-content\/uploads\/sites\/26\/2018\/03\/facebook.jpg\",\"articleSection\":[\"EEUU\",\"Tecnolog\u00edas de la Informaci\u00f3n\"],\"inLanguage\":\"es\",\"potentialAction\":[{\"@type\":\"CommentAction\",\"name\":\"Comment\",\"target\":[\"https:\/\/noti-america.com\/site\/principal\/2018\/03\/20\/la-politica-busca-respuestas-de-facebook-por-cambridge-analytica\/#respond\"]}]},{\"@type\":\"WebPage\",\"@id\":\"https:\/\/noti-america.com\/site\/principal\/2018\/03\/20\/la-politica-busca-respuestas-de-facebook-por-cambridge-analytica\/\",\"url\":\"https:\/\/noti-america.com\/site\/principal\/2018\/03\/20\/la-politica-busca-respuestas-de-facebook-por-cambridge-analytica\/\",\"name\":\"La pol\u00edtica busca respuestas de Facebook por Cambridge Analytica - Noti-America.com\",\"isPartOf\":{\"@id\":\"https:\/\/noti-america.com\/site\/principal\/#website\"},\"primaryImageOfPage\":{\"@id\":\"https:\/\/noti-america.com\/site\/principal\/2018\/03\/20\/la-politica-busca-respuestas-de-facebook-por-cambridge-analytica\/#primaryimage\"},\"image\":{\"@id\":\"https:\/\/noti-america.com\/site\/principal\/2018\/03\/20\/la-politica-busca-respuestas-de-facebook-por-cambridge-analytica\/#primaryimage\"},\"thumbnailUrl\":\"https:\/\/noti-america.com\/site\/principal\/wp-content\/uploads\/sites\/26\/2018\/03\/facebook.jpg\",\"datePublished\":\"2018-03-20T09:01:29+00:00\",\"author\":{\"@id\":\"https:\/\/noti-america.com\/site\/principal\/#\/schema\/person\/1a24e37c3c358f389f0a111448ddb870\"},\"breadcrumb\":{\"@id\":\"https:\/\/noti-america.com\/site\/principal\/2018\/03\/20\/la-politica-busca-respuestas-de-facebook-por-cambridge-analytica\/#breadcrumb\"},\"inLanguage\":\"es\",\"potentialAction\":[{\"@type\":\"ReadAction\",\"target\":[\"https:\/\/noti-america.com\/site\/principal\/2018\/03\/20\/la-politica-busca-respuestas-de-facebook-por-cambridge-analytica\/\"]}]},{\"@type\":\"ImageObject\",\"inLanguage\":\"es\",\"@id\":\"https:\/\/noti-america.com\/site\/principal\/2018\/03\/20\/la-politica-busca-respuestas-de-facebook-por-cambridge-analytica\/#primaryimage\",\"url\":\"https:\/\/noti-america.com\/site\/principal\/wp-content\/uploads\/sites\/26\/2018\/03\/facebook.jpg\",\"contentUrl\":\"https:\/\/noti-america.com\/site\/principal\/wp-content\/uploads\/sites\/26\/2018\/03\/facebook.jpg\",\"width\":635,\"height\":357},{\"@type\":\"BreadcrumbList\",\"@id\":\"https:\/\/noti-america.com\/site\/principal\/2018\/03\/20\/la-politica-busca-respuestas-de-facebook-por-cambridge-analytica\/#breadcrumb\",\"itemListElement\":[{\"@type\":\"ListItem\",\"position\":1,\"name\":\"Portada\",\"item\":\"https:\/\/noti-america.com\/site\/principal\/\"},{\"@type\":\"ListItem\",\"position\":2,\"name\":\"La pol\u00edtica busca respuestas de Facebook por Cambridge Analytica\"}]},{\"@type\":\"WebSite\",\"@id\":\"https:\/\/noti-america.com\/site\/principal\/#website\",\"url\":\"https:\/\/noti-america.com\/site\/principal\/\",\"name\":\"Noti-America.com\",\"description\":\"El Noticiero Digital M\u00e1s Grande de Am\u00e9rica\",\"potentialAction\":[{\"@type\":\"SearchAction\",\"target\":{\"@type\":\"EntryPoint\",\"urlTemplate\":\"https:\/\/noti-america.com\/site\/principal\/?s={search_term_string}\"},\"query-input\":{\"@type\":\"PropertyValueSpecification\",\"valueRequired\":true,\"valueName\":\"search_term_string\"}}],\"inLanguage\":\"es\"},{\"@type\":\"Person\",\"@id\":\"https:\/\/noti-america.com\/site\/principal\/#\/schema\/person\/1a24e37c3c358f389f0a111448ddb870\",\"name\":\"Ydalith Figueroa Kad-Bay\",\"image\":{\"@type\":\"ImageObject\",\"inLanguage\":\"es\",\"@id\":\"https:\/\/secure.gravatar.com\/avatar\/7d1e350465afd215908c3ed413e32ef600cd41c3c21b95416252432a9f6c219c?s=96&d=mm&r=g\",\"url\":\"https:\/\/secure.gravatar.com\/avatar\/7d1e350465afd215908c3ed413e32ef600cd41c3c21b95416252432a9f6c219c?s=96&d=mm&r=g\",\"contentUrl\":\"https:\/\/secure.gravatar.com\/avatar\/7d1e350465afd215908c3ed413e32ef600cd41c3c21b95416252432a9f6c219c?s=96&d=mm&r=g\",\"caption\":\"Ydalith Figueroa Kad-Bay\"},\"description\":\"CEO Noti-America Alemania Embajadora de Venezuela para el Proyecto de Acci\u00f3n Clim\u00e1tica de la ONU, Embajadora para la ense\u00f1anza de los ODS de la ONU, Amplificador de la Acci\u00f3n de los ODS de la ONU, Profesor Voluntario del Proyecto KAKUMA (Educaci\u00f3n de calidad para refugiados en \u00c1frica) UNHCR \u2013 ACNUR - Agencia para los refugiados de la ONU-, Miembro de la ONG Gente Y Ciudad, Embajador de las Instituciones de Microfinanzas \u201cNo a la pobreza ODS #1 de la ONU\u201d (todos tienen derecho a acceso a un cr\u00e9dito), y Voluntario al di\u00e1logo global de UN75. Twitter @ydalithkad email ydalith@yhaoo.com Locutor Profesional 32931 Universidad Central de Venezuela @ISHannover \\\"Colegio Internacional de Hannover Regi\u00f3n, Alemania\\\" Representante de Aprendizaje Innovaci\u00f3n y Tecnolog\u00eda #LMS (Sistema de Gesti\u00f3n de Aprendizaje) #LMS Gente y Ciudad &amp; Asesores Internacionales ONG Alemania. ONG \\\"Gente y Ciudad, Venezuela\\\" Miembro y Asesor especialista An\u00e1lisis de Pol\u00edtica Internacional Asesor Pol\u00edtico Internacional de Venezuela en la defensa de los Derechos Humanos y el restablecimiento Democr\u00e1tico. Diplomacia positiva y Activa. Pasi\u00f3n por el Golf Proyecto #LMS \\\"Golf para ni\u00f1os y adultos Internacional\\\" Pasi\u00f3n por los Postres Proyecto #LMS \\\"Postres, Que Unen a las Culturas del mundo\\\"\",\"sameAs\":[\"https:\/\/x.com\/ydalithkad\"],\"url\":\"https:\/\/noti-america.com\/site\/principal\/author\/yfigueroa\/\"}]}<\/script>\n<!-- \/ Yoast SEO Premium plugin. -->","yoast_head_json":{"title":"La pol\u00edtica busca respuestas de Facebook por Cambridge Analytica - Noti-America.com","robots":{"index":"index","follow":"follow","max-snippet":"max-snippet:-1","max-image-preview":"max-image-preview:large","max-video-preview":"max-video-preview:-1"},"canonical":"https:\/\/noti-america.com\/site\/principal\/2018\/03\/20\/la-politica-busca-respuestas-de-facebook-por-cambridge-analytica\/","og_locale":"es_ES","og_type":"article","og_title":"La pol\u00edtica busca respuestas de Facebook por Cambridge Analytica","og_description":"Washington, 19 mar &#8211; Facebook est\u00e1 bajo una presi\u00f3n pol\u00edtica cada vez mayor tras informes seg\u00fan los cuales una empresa de an\u00e1lisis de datos de la campa\u00f1a del presidente estadounidense, Donald Trump, obtuvo acceso&#46;&#46;&#46;","og_url":"https:\/\/noti-america.com\/site\/principal\/2018\/03\/20\/la-politica-busca-respuestas-de-facebook-por-cambridge-analytica\/","og_site_name":"Noti-America.com","article_published_time":"2018-03-20T09:01:29+00:00","og_image":[{"width":635,"height":357,"url":"https:\/\/noti-america.com\/site\/principal\/wp-content\/uploads\/sites\/26\/2018\/03\/facebook.jpg","type":"image\/jpeg"}],"author":"Ydalith Figueroa Kad-Bay","twitter_card":"summary_large_image","twitter_creator":"@ydalithkad","twitter_misc":{"Escrito por":"Ydalith Figueroa Kad-Bay","Tiempo estimado de lectura":"3 minutos"},"schema":{"@context":"https:\/\/schema.org","@graph":[{"@type":"Article","@id":"https:\/\/noti-america.com\/site\/principal\/2018\/03\/20\/la-politica-busca-respuestas-de-facebook-por-cambridge-analytica\/#article","isPartOf":{"@id":"https:\/\/noti-america.com\/site\/principal\/2018\/03\/20\/la-politica-busca-respuestas-de-facebook-por-cambridge-analytica\/"},"author":{"name":"Ydalith Figueroa Kad-Bay","@id":"https:\/\/noti-america.com\/site\/principal\/#\/schema\/person\/1a24e37c3c358f389f0a111448ddb870"},"headline":"La pol\u00edtica busca respuestas de Facebook por Cambridge Analytica","datePublished":"2018-03-20T09:01:29+00:00","mainEntityOfPage":{"@id":"https:\/\/noti-america.com\/site\/principal\/2018\/03\/20\/la-politica-busca-respuestas-de-facebook-por-cambridge-analytica\/"},"wordCount":514,"commentCount":0,"image":{"@id":"https:\/\/noti-america.com\/site\/principal\/2018\/03\/20\/la-politica-busca-respuestas-de-facebook-por-cambridge-analytica\/#primaryimage"},"thumbnailUrl":"https:\/\/noti-america.com\/site\/principal\/wp-content\/uploads\/sites\/26\/2018\/03\/facebook.jpg","articleSection":["EEUU","Tecnolog\u00edas de la Informaci\u00f3n"],"inLanguage":"es","potentialAction":[{"@type":"CommentAction","name":"Comment","target":["https:\/\/noti-america.com\/site\/principal\/2018\/03\/20\/la-politica-busca-respuestas-de-facebook-por-cambridge-analytica\/#respond"]}]},{"@type":"WebPage","@id":"https:\/\/noti-america.com\/site\/principal\/2018\/03\/20\/la-politica-busca-respuestas-de-facebook-por-cambridge-analytica\/","url":"https:\/\/noti-america.com\/site\/principal\/2018\/03\/20\/la-politica-busca-respuestas-de-facebook-por-cambridge-analytica\/","name":"La pol\u00edtica busca respuestas de Facebook por Cambridge Analytica - Noti-America.com","isPartOf":{"@id":"https:\/\/noti-america.com\/site\/principal\/#website"},"primaryImageOfPage":{"@id":"https:\/\/noti-america.com\/site\/principal\/2018\/03\/20\/la-politica-busca-respuestas-de-facebook-por-cambridge-analytica\/#primaryimage"},"image":{"@id":"https:\/\/noti-america.com\/site\/principal\/2018\/03\/20\/la-politica-busca-respuestas-de-facebook-por-cambridge-analytica\/#primaryimage"},"thumbnailUrl":"https:\/\/noti-america.com\/site\/principal\/wp-content\/uploads\/sites\/26\/2018\/03\/facebook.jpg","datePublished":"2018-03-20T09:01:29+00:00","author":{"@id":"https:\/\/noti-america.com\/site\/principal\/#\/schema\/person\/1a24e37c3c358f389f0a111448ddb870"},"breadcrumb":{"@id":"https:\/\/noti-america.com\/site\/principal\/2018\/03\/20\/la-politica-busca-respuestas-de-facebook-por-cambridge-analytica\/#breadcrumb"},"inLanguage":"es","potentialAction":[{"@type":"ReadAction","target":["https:\/\/noti-america.com\/site\/principal\/2018\/03\/20\/la-politica-busca-respuestas-de-facebook-por-cambridge-analytica\/"]}]},{"@type":"ImageObject","inLanguage":"es","@id":"https:\/\/noti-america.com\/site\/principal\/2018\/03\/20\/la-politica-busca-respuestas-de-facebook-por-cambridge-analytica\/#primaryimage","url":"https:\/\/noti-america.com\/site\/principal\/wp-content\/uploads\/sites\/26\/2018\/03\/facebook.jpg","contentUrl":"https:\/\/noti-america.com\/site\/principal\/wp-content\/uploads\/sites\/26\/2018\/03\/facebook.jpg","width":635,"height":357},{"@type":"BreadcrumbList","@id":"https:\/\/noti-america.com\/site\/principal\/2018\/03\/20\/la-politica-busca-respuestas-de-facebook-por-cambridge-analytica\/#breadcrumb","itemListElement":[{"@type":"ListItem","position":1,"name":"Portada","item":"https:\/\/noti-america.com\/site\/principal\/"},{"@type":"ListItem","position":2,"name":"La pol\u00edtica busca respuestas de Facebook por Cambridge Analytica"}]},{"@type":"WebSite","@id":"https:\/\/noti-america.com\/site\/principal\/#website","url":"https:\/\/noti-america.com\/site\/principal\/","name":"Noti-America.com","description":"El Noticiero Digital M\u00e1s Grande de Am\u00e9rica","potentialAction":[{"@type":"SearchAction","target":{"@type":"EntryPoint","urlTemplate":"https:\/\/noti-america.com\/site\/principal\/?s={search_term_string}"},"query-input":{"@type":"PropertyValueSpecification","valueRequired":true,"valueName":"search_term_string"}}],"inLanguage":"es"},{"@type":"Person","@id":"https:\/\/noti-america.com\/site\/principal\/#\/schema\/person\/1a24e37c3c358f389f0a111448ddb870","name":"Ydalith Figueroa Kad-Bay","image":{"@type":"ImageObject","inLanguage":"es","@id":"https:\/\/secure.gravatar.com\/avatar\/7d1e350465afd215908c3ed413e32ef600cd41c3c21b95416252432a9f6c219c?s=96&d=mm&r=g","url":"https:\/\/secure.gravatar.com\/avatar\/7d1e350465afd215908c3ed413e32ef600cd41c3c21b95416252432a9f6c219c?s=96&d=mm&r=g","contentUrl":"https:\/\/secure.gravatar.com\/avatar\/7d1e350465afd215908c3ed413e32ef600cd41c3c21b95416252432a9f6c219c?s=96&d=mm&r=g","caption":"Ydalith Figueroa Kad-Bay"},"description":"CEO Noti-America Alemania Embajadora de Venezuela para el Proyecto de Acci\u00f3n Clim\u00e1tica de la ONU, Embajadora para la ense\u00f1anza de los ODS de la ONU, Amplificador de la Acci\u00f3n de los ODS de la ONU, Profesor Voluntario del Proyecto KAKUMA (Educaci\u00f3n de calidad para refugiados en \u00c1frica) UNHCR \u2013 ACNUR - Agencia para los refugiados de la ONU-, Miembro de la ONG Gente Y Ciudad, Embajador de las Instituciones de Microfinanzas \u201cNo a la pobreza ODS #1 de la ONU\u201d (todos tienen derecho a acceso a un cr\u00e9dito), y Voluntario al di\u00e1logo global de UN75. Twitter @ydalithkad email ydalith@yhaoo.com Locutor Profesional 32931 Universidad Central de Venezuela @ISHannover \"Colegio Internacional de Hannover Regi\u00f3n, Alemania\" Representante de Aprendizaje Innovaci\u00f3n y Tecnolog\u00eda #LMS (Sistema de Gesti\u00f3n de Aprendizaje) #LMS Gente y Ciudad &amp; Asesores Internacionales ONG Alemania. ONG \"Gente y Ciudad, Venezuela\" Miembro y Asesor especialista An\u00e1lisis de Pol\u00edtica Internacional Asesor Pol\u00edtico Internacional de Venezuela en la defensa de los Derechos Humanos y el restablecimiento Democr\u00e1tico. Diplomacia positiva y Activa. Pasi\u00f3n por el Golf Proyecto #LMS \"Golf para ni\u00f1os y adultos Internacional\" Pasi\u00f3n por los Postres Proyecto #LMS \"Postres, Que Unen a las Culturas del mundo\"","sameAs":["https:\/\/x.com\/ydalithkad"],"url":"https:\/\/noti-america.com\/site\/principal\/author\/yfigueroa\/"}]}},"_links":{"self":[{"href":"https:\/\/noti-america.com\/site\/principal\/wp-json\/wp\/v2\/posts\/1439","targetHints":{"allow":["GET"]}}],"collection":[{"href":"https:\/\/noti-america.com\/site\/principal\/wp-json\/wp\/v2\/posts"}],"about":[{"href":"https:\/\/noti-america.com\/site\/principal\/wp-json\/wp\/v2\/types\/post"}],"author":[{"embeddable":true,"href":"https:\/\/noti-america.com\/site\/principal\/wp-json\/wp\/v2\/users\/31"}],"replies":[{"embeddable":true,"href":"https:\/\/noti-america.com\/site\/principal\/wp-json\/wp\/v2\/comments?post=1439"}],"version-history":[{"count":1,"href":"https:\/\/noti-america.com\/site\/principal\/wp-json\/wp\/v2\/posts\/1439\/revisions"}],"predecessor-version":[{"id":1445,"href":"https:\/\/noti-america.com\/site\/principal\/wp-json\/wp\/v2\/posts\/1439\/revisions\/1445"}],"wp:featuredmedia":[{"embeddable":true,"href":"https:\/\/noti-america.com\/site\/principal\/wp-json\/wp\/v2\/media\/1444"}],"wp:attachment":[{"href":"https:\/\/noti-america.com\/site\/principal\/wp-json\/wp\/v2\/media?parent=1439"}],"wp:term":[{"taxonomy":"category","embeddable":true,"href":"https:\/\/noti-america.com\/site\/principal\/wp-json\/wp\/v2\/categories?post=1439"},{"taxonomy":"post_tag","embeddable":true,"href":"https:\/\/noti-america.com\/site\/principal\/wp-json\/wp\/v2\/tags?post=1439"}],"curies":[{"name":"wp","href":"https:\/\/api.w.org\/{rel}","templated":true}]}}