{"id":1421,"date":"2018-03-20T00:52:21","date_gmt":"2018-03-20T00:52:21","guid":{"rendered":"http:\/\/noti-america.com\/site\/alemania\/?p=1421"},"modified":"2018-03-20T00:52:21","modified_gmt":"2018-03-20T00:52:21","slug":"la-muerte-de-%c2%a8liderin%c2%a8-ha-conmosionado-la-localidad-de-lecheria-en-venezuela","status":"publish","type":"post","link":"https:\/\/noti-america.com\/site\/principal\/2018\/03\/20\/la-muerte-de-%c2%a8liderin%c2%a8-ha-conmosionado-la-localidad-de-lecheria-en-venezuela\/","title":{"rendered":"La muerte de \u00a8Lider\u00edn\u00a8 ha conmosionado la localidad de Lecheria, en Venezuela"},"content":{"rendered":"<div dir=\"ltr\">Un joven de 23 a\u00f1os llamado Jesus Espinosa alias \u00a8Lider\u00edn ha perdido la vida el 15 de marzo, a unos meses de haber salido de la c\u00e1rcel como prisionero politico.<\/div>\n<div dir=\"ltr\">Confieso que no soporto tener que seguir despidiendo a nuestros j\u00f3venes, hoy toca decirte Adi\u00f3s Lider\u00edn \ud83e\udd26\ud83c\udffb\u200d\u2640, me niego a seguir aceptando que cosas como est\u00e1s ocurran, le pido y le seguir\u00e9 pidiendo a Dios por tu alma y por la de todos los ca\u00eddos en esta lucha desigual por la libertad de #Venezuela, esta no fue una decisi\u00f3n de Dios, es resultado de una descomposici\u00f3n de nuestra sociedad venezolana, a la que el gobierno le ha metido en las venas el horror de la desesperanza que genera resultados terribles como la despedida de nuestros j\u00f3venes que o se van del pa\u00eds o se van para siempre. Ya basta de esta desgracia, una crisis generada por un gobierno que tiene el \u00fanico objetivo de mantenerse en el poder a trav\u00e9s de la destrucci\u00f3n de los venezolanos usando la estrategia de pisotear y acabar con nuestra dignidad.<\/div>\n<div dir=\"ltr\">Ya basta, estamos obligados a despertar\u00a0 y elevar los valores de la sociedad. Debemos pasar de una actitud silente a un\u00a0 car\u00e1cter combativo y organizativo definiendo una ruta clara a la #Libertad<\/div>\n<div dir=\"ltr\">Se requiere de una iniciativa c\u00edvica, pac\u00edfica y ciudadana que facilite la liberaci\u00f3n nacional.<\/div>\n<div dir=\"ltr\">La muerte de \u201cLider\u00edn\u201d y la de \u201cCesita\u201d, deben movernos a seguir luchando por lo que queremos y por lo que esos j\u00f3venes so\u00f1aban.<\/div>\n<div dir=\"ltr\">Cada uno de nosotros tiene la capacidad de mantener viva la esperanza, y aunque la noche pinte oscuro, siempre vendr\u00e1 un amanecer para todos, siempre que como ciudadanos tomemos la decisi\u00f3n sin esperar a ning\u00fan pol\u00edtico o a alg\u00fan mes\u00edas.<\/div>\n<div dir=\"ltr\">Adi\u00f3s Lider\u00edn, Adi\u00f3s Cesita, Adi\u00f3s a todos los ca\u00eddos en medio de la crisis venezolana, que m\u00e1s all\u00e1 de haber ca\u00eddo en la Lucha han ca\u00eddo por ver morir sus sue\u00f1os o por la simple falta de alimentos o medicinas y por la inseguridad galopante.<\/div>\n<div dir=\"ltr\">Nuestra artiller\u00eda es Dios y el motor el Amor de nuestra Madre, La Virgen Mar\u00eda, con ellos de gu\u00eda y protecci\u00f3n, nada ni nadie podr\u00e1 vencernos. Pasemos de la Resistencia\u00a0 a la Rebeli\u00f3n de la libertad y la dignidad del venezolano. #LaLuchaEsHastaVencer y lograr la libertad del pa\u00eds para construir #LaMejorVzla<\/div>\n<div dir=\"ltr\"><\/div>\n<div dir=\"ltr\">Fuente ( Por Maria Alejandra Bellorin)<\/div>\n","protected":false},"excerpt":{"rendered":"<p>Un joven de 23 a\u00f1os llamado Jesus Espinosa alias \u00a8Lider\u00edn ha perdido la vida el 15 de marzo, a unos meses de haber salido de la c\u00e1rcel como prisionero politico. Confieso que no soporto&#46;&#46;&#46;<\/p>\n","protected":false},"author":31,"featured_media":1422,"comment_status":"open","ping_status":"open","sticky":false,"template":"","format":"standard","meta":{"_acf_changed":false,"rop_custom_images_group":[],"rop_custom_messages_group":[],"rop_publish_now":"initial","rop_publish_now_accounts":{"facebook_10219548024599422_1632221337088128":"","twitter_242054905_242054905":""},"rop_publish_now_history":[],"rop_publish_now_status":"pending","footnotes":""},"categories":[4,107,100],"tags":[],"class_list":["post-1421","post","type-post","status-publish","format-standard","has-post-thumbnail","hentry","category-internacionales","category-reportaje","category-venezuela"],"acf":[],"yoast_head":"<!-- This site is optimized with the Yoast SEO Premium plugin v24.9 (Yoast SEO v27.2) - https:\/\/yoast.com\/product\/yoast-seo-premium-wordpress\/ -->\n<title>La muerte de \u00a8Lider\u00edn\u00a8 ha conmosionado la localidad de Lecheria, en Venezuela - Noti-America.com<\/title>\n<meta name=\"robots\" content=\"index, follow, max-snippet:-1, max-image-preview:large, max-video-preview:-1\" \/>\n<link rel=\"canonical\" href=\"https:\/\/noti-america.com\/site\/principal\/2018\/03\/20\/la-muerte-de-\u00a8liderin\u00a8-ha-conmosionado-la-localidad-de-lecheria-en-venezuela\/\" \/>\n<meta property=\"og:locale\" content=\"es_ES\" \/>\n<meta property=\"og:type\" content=\"article\" \/>\n<meta property=\"og:title\" content=\"La muerte de \u00a8Lider\u00edn\u00a8 ha conmosionado la localidad de Lecheria, en Venezuela\" \/>\n<meta property=\"og:description\" content=\"Un joven de 23 a\u00f1os llamado Jesus Espinosa alias \u00a8Lider\u00edn ha perdido la vida el 15 de marzo, a unos meses de haber salido de la c\u00e1rcel como prisionero politico. Confieso que no soporto&#046;&#046;&#046;\" \/>\n<meta property=\"og:url\" content=\"https:\/\/noti-america.com\/site\/principal\/2018\/03\/20\/la-muerte-de-\u00a8liderin\u00a8-ha-conmosionado-la-localidad-de-lecheria-en-venezuela\/\" \/>\n<meta property=\"og:site_name\" content=\"Noti-America.com\" \/>\n<meta property=\"article:published_time\" content=\"2018-03-20T00:52:21+00:00\" \/>\n<meta property=\"og:image\" content=\"https:\/\/noti-america.com\/site\/principal\/wp-content\/uploads\/sites\/26\/2018\/03\/La-muerte-de-\u00a8Lider\u00edn\u00a8-ha-conmosionado-la-localidad-de-Lecheria-en-Venezuela.jpg\" \/>\n\t<meta property=\"og:image:width\" content=\"810\" \/>\n\t<meta property=\"og:image:height\" content=\"1080\" \/>\n\t<meta property=\"og:image:type\" content=\"image\/jpeg\" \/>\n<meta name=\"author\" content=\"Ydalith Figueroa Kad-Bay\" \/>\n<meta name=\"twitter:card\" content=\"summary_large_image\" \/>\n<meta name=\"twitter:creator\" content=\"@ydalithkad\" \/>\n<meta name=\"twitter:label1\" content=\"Escrito por\" \/>\n\t<meta name=\"twitter:data1\" content=\"Ydalith Figueroa Kad-Bay\" \/>\n\t<meta name=\"twitter:label2\" content=\"Tiempo estimado de lectura\" \/>\n\t<meta name=\"twitter:data2\" content=\"2 minutos\" \/>\n<script type=\"application\/ld+json\" class=\"yoast-schema-graph\">{\"@context\":\"https:\/\/schema.org\",\"@graph\":[{\"@type\":\"Article\",\"@id\":\"https:\/\/noti-america.com\/site\/principal\/2018\/03\/20\/la-muerte-de-%c2%a8liderin%c2%a8-ha-conmosionado-la-localidad-de-lecheria-en-venezuela\/#article\",\"isPartOf\":{\"@id\":\"https:\/\/noti-america.com\/site\/principal\/2018\/03\/20\/la-muerte-de-%c2%a8liderin%c2%a8-ha-conmosionado-la-localidad-de-lecheria-en-venezuela\/\"},\"author\":{\"name\":\"Ydalith Figueroa Kad-Bay\",\"@id\":\"https:\/\/noti-america.com\/site\/principal\/#\/schema\/person\/1a24e37c3c358f389f0a111448ddb870\"},\"headline\":\"La muerte de \u00a8Lider\u00edn\u00a8 ha conmosionado la localidad de Lecheria, en Venezuela\",\"datePublished\":\"2018-03-20T00:52:21+00:00\",\"mainEntityOfPage\":{\"@id\":\"https:\/\/noti-america.com\/site\/principal\/2018\/03\/20\/la-muerte-de-%c2%a8liderin%c2%a8-ha-conmosionado-la-localidad-de-lecheria-en-venezuela\/\"},\"wordCount\":438,\"commentCount\":0,\"image\":{\"@id\":\"https:\/\/noti-america.com\/site\/principal\/2018\/03\/20\/la-muerte-de-%c2%a8liderin%c2%a8-ha-conmosionado-la-localidad-de-lecheria-en-venezuela\/#primaryimage\"},\"thumbnailUrl\":\"https:\/\/noti-america.com\/site\/principal\/wp-content\/uploads\/sites\/26\/2018\/03\/La-muerte-de-\u00a8Lider\u00edn\u00a8-ha-conmosionado-la-localidad-de-Lecheria-en-Venezuela.jpg\",\"articleSection\":[\"Internacionales\",\"Reportaje\",\"Venezuela\"],\"inLanguage\":\"es\",\"potentialAction\":[{\"@type\":\"CommentAction\",\"name\":\"Comment\",\"target\":[\"https:\/\/noti-america.com\/site\/principal\/2018\/03\/20\/la-muerte-de-%c2%a8liderin%c2%a8-ha-conmosionado-la-localidad-de-lecheria-en-venezuela\/#respond\"]}]},{\"@type\":\"WebPage\",\"@id\":\"https:\/\/noti-america.com\/site\/principal\/2018\/03\/20\/la-muerte-de-%c2%a8liderin%c2%a8-ha-conmosionado-la-localidad-de-lecheria-en-venezuela\/\",\"url\":\"https:\/\/noti-america.com\/site\/principal\/2018\/03\/20\/la-muerte-de-%c2%a8liderin%c2%a8-ha-conmosionado-la-localidad-de-lecheria-en-venezuela\/\",\"name\":\"La muerte de \u00a8Lider\u00edn\u00a8 ha conmosionado la localidad de Lecheria, en Venezuela - Noti-America.com\",\"isPartOf\":{\"@id\":\"https:\/\/noti-america.com\/site\/principal\/#website\"},\"primaryImageOfPage\":{\"@id\":\"https:\/\/noti-america.com\/site\/principal\/2018\/03\/20\/la-muerte-de-%c2%a8liderin%c2%a8-ha-conmosionado-la-localidad-de-lecheria-en-venezuela\/#primaryimage\"},\"image\":{\"@id\":\"https:\/\/noti-america.com\/site\/principal\/2018\/03\/20\/la-muerte-de-%c2%a8liderin%c2%a8-ha-conmosionado-la-localidad-de-lecheria-en-venezuela\/#primaryimage\"},\"thumbnailUrl\":\"https:\/\/noti-america.com\/site\/principal\/wp-content\/uploads\/sites\/26\/2018\/03\/La-muerte-de-\u00a8Lider\u00edn\u00a8-ha-conmosionado-la-localidad-de-Lecheria-en-Venezuela.jpg\",\"datePublished\":\"2018-03-20T00:52:21+00:00\",\"author\":{\"@id\":\"https:\/\/noti-america.com\/site\/principal\/#\/schema\/person\/1a24e37c3c358f389f0a111448ddb870\"},\"breadcrumb\":{\"@id\":\"https:\/\/noti-america.com\/site\/principal\/2018\/03\/20\/la-muerte-de-%c2%a8liderin%c2%a8-ha-conmosionado-la-localidad-de-lecheria-en-venezuela\/#breadcrumb\"},\"inLanguage\":\"es\",\"potentialAction\":[{\"@type\":\"ReadAction\",\"target\":[\"https:\/\/noti-america.com\/site\/principal\/2018\/03\/20\/la-muerte-de-%c2%a8liderin%c2%a8-ha-conmosionado-la-localidad-de-lecheria-en-venezuela\/\"]}]},{\"@type\":\"ImageObject\",\"inLanguage\":\"es\",\"@id\":\"https:\/\/noti-america.com\/site\/principal\/2018\/03\/20\/la-muerte-de-%c2%a8liderin%c2%a8-ha-conmosionado-la-localidad-de-lecheria-en-venezuela\/#primaryimage\",\"url\":\"https:\/\/noti-america.com\/site\/principal\/wp-content\/uploads\/sites\/26\/2018\/03\/La-muerte-de-\u00a8Lider\u00edn\u00a8-ha-conmosionado-la-localidad-de-Lecheria-en-Venezuela.jpg\",\"contentUrl\":\"https:\/\/noti-america.com\/site\/principal\/wp-content\/uploads\/sites\/26\/2018\/03\/La-muerte-de-\u00a8Lider\u00edn\u00a8-ha-conmosionado-la-localidad-de-Lecheria-en-Venezuela.jpg\",\"width\":810,\"height\":1080},{\"@type\":\"BreadcrumbList\",\"@id\":\"https:\/\/noti-america.com\/site\/principal\/2018\/03\/20\/la-muerte-de-%c2%a8liderin%c2%a8-ha-conmosionado-la-localidad-de-lecheria-en-venezuela\/#breadcrumb\",\"itemListElement\":[{\"@type\":\"ListItem\",\"position\":1,\"name\":\"Portada\",\"item\":\"https:\/\/noti-america.com\/site\/principal\/\"},{\"@type\":\"ListItem\",\"position\":2,\"name\":\"La muerte de \u00a8Lider\u00edn\u00a8 ha conmosionado la localidad de Lecheria, en Venezuela\"}]},{\"@type\":\"WebSite\",\"@id\":\"https:\/\/noti-america.com\/site\/principal\/#website\",\"url\":\"https:\/\/noti-america.com\/site\/principal\/\",\"name\":\"Noti-America.com\",\"description\":\"El Noticiero Digital M\u00e1s Grande de Am\u00e9rica\",\"potentialAction\":[{\"@type\":\"SearchAction\",\"target\":{\"@type\":\"EntryPoint\",\"urlTemplate\":\"https:\/\/noti-america.com\/site\/principal\/?s={search_term_string}\"},\"query-input\":{\"@type\":\"PropertyValueSpecification\",\"valueRequired\":true,\"valueName\":\"search_term_string\"}}],\"inLanguage\":\"es\"},{\"@type\":\"Person\",\"@id\":\"https:\/\/noti-america.com\/site\/principal\/#\/schema\/person\/1a24e37c3c358f389f0a111448ddb870\",\"name\":\"Ydalith Figueroa Kad-Bay\",\"image\":{\"@type\":\"ImageObject\",\"inLanguage\":\"es\",\"@id\":\"https:\/\/secure.gravatar.com\/avatar\/7d1e350465afd215908c3ed413e32ef600cd41c3c21b95416252432a9f6c219c?s=96&d=mm&r=g\",\"url\":\"https:\/\/secure.gravatar.com\/avatar\/7d1e350465afd215908c3ed413e32ef600cd41c3c21b95416252432a9f6c219c?s=96&d=mm&r=g\",\"contentUrl\":\"https:\/\/secure.gravatar.com\/avatar\/7d1e350465afd215908c3ed413e32ef600cd41c3c21b95416252432a9f6c219c?s=96&d=mm&r=g\",\"caption\":\"Ydalith Figueroa Kad-Bay\"},\"description\":\"CEO Noti-America Alemania Embajadora de Venezuela para el Proyecto de Acci\u00f3n Clim\u00e1tica de la ONU, Embajadora para la ense\u00f1anza de los ODS de la ONU, Amplificador de la Acci\u00f3n de los ODS de la ONU, Profesor Voluntario del Proyecto KAKUMA (Educaci\u00f3n de calidad para refugiados en \u00c1frica) UNHCR \u2013 ACNUR - Agencia para los refugiados de la ONU-, Miembro de la ONG Gente Y Ciudad, Embajador de las Instituciones de Microfinanzas \u201cNo a la pobreza ODS #1 de la ONU\u201d (todos tienen derecho a acceso a un cr\u00e9dito), y Voluntario al di\u00e1logo global de UN75. Twitter @ydalithkad email ydalith@yhaoo.com Locutor Profesional 32931 Universidad Central de Venezuela @ISHannover \\\"Colegio Internacional de Hannover Regi\u00f3n, Alemania\\\" Representante de Aprendizaje Innovaci\u00f3n y Tecnolog\u00eda #LMS (Sistema de Gesti\u00f3n de Aprendizaje) #LMS Gente y Ciudad &amp; Asesores Internacionales ONG Alemania. ONG \\\"Gente y Ciudad, Venezuela\\\" Miembro y Asesor especialista An\u00e1lisis de Pol\u00edtica Internacional Asesor Pol\u00edtico Internacional de Venezuela en la defensa de los Derechos Humanos y el restablecimiento Democr\u00e1tico. Diplomacia positiva y Activa. Pasi\u00f3n por el Golf Proyecto #LMS \\\"Golf para ni\u00f1os y adultos Internacional\\\" Pasi\u00f3n por los Postres Proyecto #LMS \\\"Postres, Que Unen a las Culturas del mundo\\\"\",\"sameAs\":[\"https:\/\/x.com\/ydalithkad\"],\"url\":\"https:\/\/noti-america.com\/site\/principal\/author\/yfigueroa\/\"}]}<\/script>\n<!-- \/ Yoast SEO Premium plugin. -->","yoast_head_json":{"title":"La muerte de \u00a8Lider\u00edn\u00a8 ha conmosionado la localidad de Lecheria, en Venezuela - Noti-America.com","robots":{"index":"index","follow":"follow","max-snippet":"max-snippet:-1","max-image-preview":"max-image-preview:large","max-video-preview":"max-video-preview:-1"},"canonical":"https:\/\/noti-america.com\/site\/principal\/2018\/03\/20\/la-muerte-de-\u00a8liderin\u00a8-ha-conmosionado-la-localidad-de-lecheria-en-venezuela\/","og_locale":"es_ES","og_type":"article","og_title":"La muerte de \u00a8Lider\u00edn\u00a8 ha conmosionado la localidad de Lecheria, en Venezuela","og_description":"Un joven de 23 a\u00f1os llamado Jesus Espinosa alias \u00a8Lider\u00edn ha perdido la vida el 15 de marzo, a unos meses de haber salido de la c\u00e1rcel como prisionero politico. Confieso que no soporto&#46;&#46;&#46;","og_url":"https:\/\/noti-america.com\/site\/principal\/2018\/03\/20\/la-muerte-de-\u00a8liderin\u00a8-ha-conmosionado-la-localidad-de-lecheria-en-venezuela\/","og_site_name":"Noti-America.com","article_published_time":"2018-03-20T00:52:21+00:00","og_image":[{"width":810,"height":1080,"url":"https:\/\/noti-america.com\/site\/principal\/wp-content\/uploads\/sites\/26\/2018\/03\/La-muerte-de-\u00a8Lider\u00edn\u00a8-ha-conmosionado-la-localidad-de-Lecheria-en-Venezuela.jpg","type":"image\/jpeg"}],"author":"Ydalith Figueroa Kad-Bay","twitter_card":"summary_large_image","twitter_creator":"@ydalithkad","twitter_misc":{"Escrito por":"Ydalith Figueroa Kad-Bay","Tiempo estimado de lectura":"2 minutos"},"schema":{"@context":"https:\/\/schema.org","@graph":[{"@type":"Article","@id":"https:\/\/noti-america.com\/site\/principal\/2018\/03\/20\/la-muerte-de-%c2%a8liderin%c2%a8-ha-conmosionado-la-localidad-de-lecheria-en-venezuela\/#article","isPartOf":{"@id":"https:\/\/noti-america.com\/site\/principal\/2018\/03\/20\/la-muerte-de-%c2%a8liderin%c2%a8-ha-conmosionado-la-localidad-de-lecheria-en-venezuela\/"},"author":{"name":"Ydalith Figueroa Kad-Bay","@id":"https:\/\/noti-america.com\/site\/principal\/#\/schema\/person\/1a24e37c3c358f389f0a111448ddb870"},"headline":"La muerte de \u00a8Lider\u00edn\u00a8 ha conmosionado la localidad de Lecheria, en Venezuela","datePublished":"2018-03-20T00:52:21+00:00","mainEntityOfPage":{"@id":"https:\/\/noti-america.com\/site\/principal\/2018\/03\/20\/la-muerte-de-%c2%a8liderin%c2%a8-ha-conmosionado-la-localidad-de-lecheria-en-venezuela\/"},"wordCount":438,"commentCount":0,"image":{"@id":"https:\/\/noti-america.com\/site\/principal\/2018\/03\/20\/la-muerte-de-%c2%a8liderin%c2%a8-ha-conmosionado-la-localidad-de-lecheria-en-venezuela\/#primaryimage"},"thumbnailUrl":"https:\/\/noti-america.com\/site\/principal\/wp-content\/uploads\/sites\/26\/2018\/03\/La-muerte-de-\u00a8Lider\u00edn\u00a8-ha-conmosionado-la-localidad-de-Lecheria-en-Venezuela.jpg","articleSection":["Internacionales","Reportaje","Venezuela"],"inLanguage":"es","potentialAction":[{"@type":"CommentAction","name":"Comment","target":["https:\/\/noti-america.com\/site\/principal\/2018\/03\/20\/la-muerte-de-%c2%a8liderin%c2%a8-ha-conmosionado-la-localidad-de-lecheria-en-venezuela\/#respond"]}]},{"@type":"WebPage","@id":"https:\/\/noti-america.com\/site\/principal\/2018\/03\/20\/la-muerte-de-%c2%a8liderin%c2%a8-ha-conmosionado-la-localidad-de-lecheria-en-venezuela\/","url":"https:\/\/noti-america.com\/site\/principal\/2018\/03\/20\/la-muerte-de-%c2%a8liderin%c2%a8-ha-conmosionado-la-localidad-de-lecheria-en-venezuela\/","name":"La muerte de \u00a8Lider\u00edn\u00a8 ha conmosionado la localidad de Lecheria, en Venezuela - Noti-America.com","isPartOf":{"@id":"https:\/\/noti-america.com\/site\/principal\/#website"},"primaryImageOfPage":{"@id":"https:\/\/noti-america.com\/site\/principal\/2018\/03\/20\/la-muerte-de-%c2%a8liderin%c2%a8-ha-conmosionado-la-localidad-de-lecheria-en-venezuela\/#primaryimage"},"image":{"@id":"https:\/\/noti-america.com\/site\/principal\/2018\/03\/20\/la-muerte-de-%c2%a8liderin%c2%a8-ha-conmosionado-la-localidad-de-lecheria-en-venezuela\/#primaryimage"},"thumbnailUrl":"https:\/\/noti-america.com\/site\/principal\/wp-content\/uploads\/sites\/26\/2018\/03\/La-muerte-de-\u00a8Lider\u00edn\u00a8-ha-conmosionado-la-localidad-de-Lecheria-en-Venezuela.jpg","datePublished":"2018-03-20T00:52:21+00:00","author":{"@id":"https:\/\/noti-america.com\/site\/principal\/#\/schema\/person\/1a24e37c3c358f389f0a111448ddb870"},"breadcrumb":{"@id":"https:\/\/noti-america.com\/site\/principal\/2018\/03\/20\/la-muerte-de-%c2%a8liderin%c2%a8-ha-conmosionado-la-localidad-de-lecheria-en-venezuela\/#breadcrumb"},"inLanguage":"es","potentialAction":[{"@type":"ReadAction","target":["https:\/\/noti-america.com\/site\/principal\/2018\/03\/20\/la-muerte-de-%c2%a8liderin%c2%a8-ha-conmosionado-la-localidad-de-lecheria-en-venezuela\/"]}]},{"@type":"ImageObject","inLanguage":"es","@id":"https:\/\/noti-america.com\/site\/principal\/2018\/03\/20\/la-muerte-de-%c2%a8liderin%c2%a8-ha-conmosionado-la-localidad-de-lecheria-en-venezuela\/#primaryimage","url":"https:\/\/noti-america.com\/site\/principal\/wp-content\/uploads\/sites\/26\/2018\/03\/La-muerte-de-\u00a8Lider\u00edn\u00a8-ha-conmosionado-la-localidad-de-Lecheria-en-Venezuela.jpg","contentUrl":"https:\/\/noti-america.com\/site\/principal\/wp-content\/uploads\/sites\/26\/2018\/03\/La-muerte-de-\u00a8Lider\u00edn\u00a8-ha-conmosionado-la-localidad-de-Lecheria-en-Venezuela.jpg","width":810,"height":1080},{"@type":"BreadcrumbList","@id":"https:\/\/noti-america.com\/site\/principal\/2018\/03\/20\/la-muerte-de-%c2%a8liderin%c2%a8-ha-conmosionado-la-localidad-de-lecheria-en-venezuela\/#breadcrumb","itemListElement":[{"@type":"ListItem","position":1,"name":"Portada","item":"https:\/\/noti-america.com\/site\/principal\/"},{"@type":"ListItem","position":2,"name":"La muerte de \u00a8Lider\u00edn\u00a8 ha conmosionado la localidad de Lecheria, en Venezuela"}]},{"@type":"WebSite","@id":"https:\/\/noti-america.com\/site\/principal\/#website","url":"https:\/\/noti-america.com\/site\/principal\/","name":"Noti-America.com","description":"El Noticiero Digital M\u00e1s Grande de Am\u00e9rica","potentialAction":[{"@type":"SearchAction","target":{"@type":"EntryPoint","urlTemplate":"https:\/\/noti-america.com\/site\/principal\/?s={search_term_string}"},"query-input":{"@type":"PropertyValueSpecification","valueRequired":true,"valueName":"search_term_string"}}],"inLanguage":"es"},{"@type":"Person","@id":"https:\/\/noti-america.com\/site\/principal\/#\/schema\/person\/1a24e37c3c358f389f0a111448ddb870","name":"Ydalith Figueroa Kad-Bay","image":{"@type":"ImageObject","inLanguage":"es","@id":"https:\/\/secure.gravatar.com\/avatar\/7d1e350465afd215908c3ed413e32ef600cd41c3c21b95416252432a9f6c219c?s=96&d=mm&r=g","url":"https:\/\/secure.gravatar.com\/avatar\/7d1e350465afd215908c3ed413e32ef600cd41c3c21b95416252432a9f6c219c?s=96&d=mm&r=g","contentUrl":"https:\/\/secure.gravatar.com\/avatar\/7d1e350465afd215908c3ed413e32ef600cd41c3c21b95416252432a9f6c219c?s=96&d=mm&r=g","caption":"Ydalith Figueroa Kad-Bay"},"description":"CEO Noti-America Alemania Embajadora de Venezuela para el Proyecto de Acci\u00f3n Clim\u00e1tica de la ONU, Embajadora para la ense\u00f1anza de los ODS de la ONU, Amplificador de la Acci\u00f3n de los ODS de la ONU, Profesor Voluntario del Proyecto KAKUMA (Educaci\u00f3n de calidad para refugiados en \u00c1frica) UNHCR \u2013 ACNUR - Agencia para los refugiados de la ONU-, Miembro de la ONG Gente Y Ciudad, Embajador de las Instituciones de Microfinanzas \u201cNo a la pobreza ODS #1 de la ONU\u201d (todos tienen derecho a acceso a un cr\u00e9dito), y Voluntario al di\u00e1logo global de UN75. Twitter @ydalithkad email ydalith@yhaoo.com Locutor Profesional 32931 Universidad Central de Venezuela @ISHannover \"Colegio Internacional de Hannover Regi\u00f3n, Alemania\" Representante de Aprendizaje Innovaci\u00f3n y Tecnolog\u00eda #LMS (Sistema de Gesti\u00f3n de Aprendizaje) #LMS Gente y Ciudad &amp; Asesores Internacionales ONG Alemania. ONG \"Gente y Ciudad, Venezuela\" Miembro y Asesor especialista An\u00e1lisis de Pol\u00edtica Internacional Asesor Pol\u00edtico Internacional de Venezuela en la defensa de los Derechos Humanos y el restablecimiento Democr\u00e1tico. Diplomacia positiva y Activa. Pasi\u00f3n por el Golf Proyecto #LMS \"Golf para ni\u00f1os y adultos Internacional\" Pasi\u00f3n por los Postres Proyecto #LMS \"Postres, Que Unen a las Culturas del mundo\"","sameAs":["https:\/\/x.com\/ydalithkad"],"url":"https:\/\/noti-america.com\/site\/principal\/author\/yfigueroa\/"}]}},"_links":{"self":[{"href":"https:\/\/noti-america.com\/site\/principal\/wp-json\/wp\/v2\/posts\/1421","targetHints":{"allow":["GET"]}}],"collection":[{"href":"https:\/\/noti-america.com\/site\/principal\/wp-json\/wp\/v2\/posts"}],"about":[{"href":"https:\/\/noti-america.com\/site\/principal\/wp-json\/wp\/v2\/types\/post"}],"author":[{"embeddable":true,"href":"https:\/\/noti-america.com\/site\/principal\/wp-json\/wp\/v2\/users\/31"}],"replies":[{"embeddable":true,"href":"https:\/\/noti-america.com\/site\/principal\/wp-json\/wp\/v2\/comments?post=1421"}],"version-history":[{"count":1,"href":"https:\/\/noti-america.com\/site\/principal\/wp-json\/wp\/v2\/posts\/1421\/revisions"}],"predecessor-version":[{"id":1423,"href":"https:\/\/noti-america.com\/site\/principal\/wp-json\/wp\/v2\/posts\/1421\/revisions\/1423"}],"wp:featuredmedia":[{"embeddable":true,"href":"https:\/\/noti-america.com\/site\/principal\/wp-json\/wp\/v2\/media\/1422"}],"wp:attachment":[{"href":"https:\/\/noti-america.com\/site\/principal\/wp-json\/wp\/v2\/media?parent=1421"}],"wp:term":[{"taxonomy":"category","embeddable":true,"href":"https:\/\/noti-america.com\/site\/principal\/wp-json\/wp\/v2\/categories?post=1421"},{"taxonomy":"post_tag","embeddable":true,"href":"https:\/\/noti-america.com\/site\/principal\/wp-json\/wp\/v2\/tags?post=1421"}],"curies":[{"name":"wp","href":"https:\/\/api.w.org\/{rel}","templated":true}]}}