{"id":1396,"date":"2018-03-19T13:17:23","date_gmt":"2018-03-19T13:17:23","guid":{"rendered":"http:\/\/noti-america.com\/site\/alemania\/?p=1396"},"modified":"2018-03-19T13:17:23","modified_gmt":"2018-03-19T13:17:23","slug":"ministra-defensa-alemana-putin-hace-tiempo-que-dejo-de-ser-un-socio","status":"publish","type":"post","link":"https:\/\/noti-america.com\/site\/principal\/2018\/03\/19\/ministra-defensa-alemana-putin-hace-tiempo-que-dejo-de-ser-un-socio\/","title":{"rendered":"Ministra Defensa alemana: Putin hace tiempo que dej\u00f3 de ser un socio"},"content":{"rendered":"<p><span class=\"dateline\">Berl\u00edn, 19 mar \u00a0&#8211; <\/span>La ministra de Defensa alemana, Ursula von der Leyen, evit\u00f3 calificar al presidente ruso,\u00a0Vladimir Putin, como un enemigo, pero dej\u00f3 claro que hace tiempo que dej\u00f3 de ser un socio, en unas declaraciones publicadas hoy en la edici\u00f3n digital del diario alem\u00e1n \u00abBild\u00bb.<\/p>\n<p>\u00abHace tiempo que dej\u00f3 de ser un socio\u00bb, indic\u00f3. Mientras, ante la pregunta de si Putin es un \u00abenemigo\u00bb, contest\u00f3:\u00a0\u00abNo ir\u00eda tan lejos ya que eso cierra tambi\u00e9n puertas\u00bb.<\/p>\n<p>Respecto de la sugerencia del ministro de Exteriores de Ucrania, Pavlo Klimkin, de imponer igualmente sanciones al ex canciller alem\u00e1n Gerhard Schr\u00f6der por su cercan\u00eda a Rusia, la ministra conservadora se mostr\u00f3 cauta e inform\u00f3 de que esto deber\u00e1 considerarse \u00abcon gran cuidado tras el correspondiente an\u00e1lisis\u00bb.<\/p>\n<p>En la edici\u00f3n de hoy del diario \u00abBild\u00bb, Klimkin acusa a Schr\u00f6der de ser \u00abel &#8216;lobbista&#8217; m\u00e1s importante\u00bb de Putin en todo el mundo. Es importante que las sanciones no s\u00f3lo se impongan contra miembros del Gobierno ruso y empresas estatales rusas, sino tambi\u00e9n sobre \u00abaquellos que impulsan los proyectos de Putin en el extranjero\u00bb, solicit\u00f3 el jefe de la diplomacia ucraniana.<\/p>\n<p>Mientras, se mostr\u00f3 en contra de hablar de una \u00abguerra moderna\u00bb de Putin contra occidente como hizo el pol\u00edtico de la Uni\u00f3n Cristianosocial (CSU) Manfred Weber. \u00abSi nosotros como Gobierno alem\u00e1n dij\u00e9ramos eso, tendr\u00eda consecuencias\u00bb, advirti\u00f3 la ministra de Angela Merkel.<\/p>\n<p>En opini\u00f3n de Von der Leyen, es importante continuar con las sanciones econ\u00f3micas que acabar\u00e1n afectando a Putin. \u00abCreo que es totalmente decisivo, no ponernos al nivel que Vladimir Putin intenta imponer. Esto quiere decir no reaccionar con los medios que \u00e9l usa, sino emplear nuestros propios medios y reflexionar sobre lo que le duele y lo que puede convencerlo de volver a ser constructivo\u00bb, agreg\u00f3.<\/p>\n<p>CP (dpa)<\/p>\n","protected":false},"excerpt":{"rendered":"<p>Berl\u00edn, 19 mar \u00a0&#8211; La ministra de Defensa alemana, Ursula von der Leyen, evit\u00f3 calificar al presidente ruso,\u00a0Vladimir Putin, como un enemigo, pero dej\u00f3 claro que hace tiempo que dej\u00f3 de ser un socio,&#46;&#46;&#46;<\/p>\n","protected":false},"author":31,"featured_media":1397,"comment_status":"open","ping_status":"open","sticky":false,"template":"","format":"standard","meta":{"_acf_changed":false,"rop_custom_images_group":[],"rop_custom_messages_group":[],"rop_publish_now":"initial","rop_publish_now_accounts":{"facebook_10219548024599422_1632221337088128":"","twitter_242054905_242054905":""},"rop_publish_now_history":[],"rop_publish_now_status":"pending","footnotes":""},"categories":[3],"tags":[],"class_list":["post-1396","post","type-post","status-publish","format-standard","has-post-thumbnail","hentry","category-politica"],"acf":[],"yoast_head":"<!-- This site is optimized with the Yoast SEO Premium plugin v24.9 (Yoast SEO v27.2) - https:\/\/yoast.com\/product\/yoast-seo-premium-wordpress\/ -->\n<title>Ministra Defensa alemana: Putin hace tiempo que dej\u00f3 de ser un socio - Noti-America.com<\/title>\n<meta name=\"robots\" content=\"index, follow, max-snippet:-1, max-image-preview:large, max-video-preview:-1\" \/>\n<link rel=\"canonical\" href=\"https:\/\/noti-america.com\/site\/principal\/2018\/03\/19\/ministra-defensa-alemana-putin-hace-tiempo-que-dejo-de-ser-un-socio\/\" \/>\n<meta property=\"og:locale\" content=\"es_ES\" \/>\n<meta property=\"og:type\" content=\"article\" \/>\n<meta property=\"og:title\" content=\"Ministra Defensa alemana: Putin hace tiempo que dej\u00f3 de ser un socio\" \/>\n<meta property=\"og:description\" content=\"Berl\u00edn, 19 mar \u00a0&#8211; La ministra de Defensa alemana, Ursula von der Leyen, evit\u00f3 calificar al presidente ruso,\u00a0Vladimir Putin, como un enemigo, pero dej\u00f3 claro que hace tiempo que dej\u00f3 de ser un socio,&#046;&#046;&#046;\" \/>\n<meta property=\"og:url\" content=\"https:\/\/noti-america.com\/site\/principal\/2018\/03\/19\/ministra-defensa-alemana-putin-hace-tiempo-que-dejo-de-ser-un-socio\/\" \/>\n<meta property=\"og:site_name\" content=\"Noti-America.com\" \/>\n<meta property=\"article:published_time\" content=\"2018-03-19T13:17:23+00:00\" \/>\n<meta property=\"og:image\" content=\"https:\/\/noti-america.com\/site\/principal\/wp-content\/uploads\/sites\/26\/2018\/03\/ministra-alemana-Defensa-.jpg\" \/>\n\t<meta property=\"og:image:width\" content=\"643\" \/>\n\t<meta property=\"og:image:height\" content=\"362\" \/>\n\t<meta property=\"og:image:type\" content=\"image\/jpeg\" \/>\n<meta name=\"author\" content=\"Ydalith Figueroa Kad-Bay\" \/>\n<meta name=\"twitter:card\" content=\"summary_large_image\" \/>\n<meta name=\"twitter:creator\" content=\"@ydalithkad\" \/>\n<meta name=\"twitter:label1\" content=\"Escrito por\" \/>\n\t<meta name=\"twitter:data1\" content=\"Ydalith Figueroa Kad-Bay\" \/>\n\t<meta name=\"twitter:label2\" content=\"Tiempo estimado de lectura\" \/>\n\t<meta name=\"twitter:data2\" content=\"2 minutos\" \/>\n<script type=\"application\/ld+json\" class=\"yoast-schema-graph\">{\"@context\":\"https:\/\/schema.org\",\"@graph\":[{\"@type\":\"Article\",\"@id\":\"https:\/\/noti-america.com\/site\/principal\/2018\/03\/19\/ministra-defensa-alemana-putin-hace-tiempo-que-dejo-de-ser-un-socio\/#article\",\"isPartOf\":{\"@id\":\"https:\/\/noti-america.com\/site\/principal\/2018\/03\/19\/ministra-defensa-alemana-putin-hace-tiempo-que-dejo-de-ser-un-socio\/\"},\"author\":{\"name\":\"Ydalith Figueroa Kad-Bay\",\"@id\":\"https:\/\/noti-america.com\/site\/principal\/#\/schema\/person\/1a24e37c3c358f389f0a111448ddb870\"},\"headline\":\"Ministra Defensa alemana: Putin hace tiempo que dej\u00f3 de ser un socio\",\"datePublished\":\"2018-03-19T13:17:23+00:00\",\"mainEntityOfPage\":{\"@id\":\"https:\/\/noti-america.com\/site\/principal\/2018\/03\/19\/ministra-defensa-alemana-putin-hace-tiempo-que-dejo-de-ser-un-socio\/\"},\"wordCount\":329,\"commentCount\":0,\"image\":{\"@id\":\"https:\/\/noti-america.com\/site\/principal\/2018\/03\/19\/ministra-defensa-alemana-putin-hace-tiempo-que-dejo-de-ser-un-socio\/#primaryimage\"},\"thumbnailUrl\":\"https:\/\/noti-america.com\/site\/principal\/wp-content\/uploads\/sites\/26\/2018\/03\/ministra-alemana-Defensa-.jpg\",\"articleSection\":[\"Pol\u00edtica\"],\"inLanguage\":\"es\",\"potentialAction\":[{\"@type\":\"CommentAction\",\"name\":\"Comment\",\"target\":[\"https:\/\/noti-america.com\/site\/principal\/2018\/03\/19\/ministra-defensa-alemana-putin-hace-tiempo-que-dejo-de-ser-un-socio\/#respond\"]}]},{\"@type\":\"WebPage\",\"@id\":\"https:\/\/noti-america.com\/site\/principal\/2018\/03\/19\/ministra-defensa-alemana-putin-hace-tiempo-que-dejo-de-ser-un-socio\/\",\"url\":\"https:\/\/noti-america.com\/site\/principal\/2018\/03\/19\/ministra-defensa-alemana-putin-hace-tiempo-que-dejo-de-ser-un-socio\/\",\"name\":\"Ministra Defensa alemana: Putin hace tiempo que dej\u00f3 de ser un socio - Noti-America.com\",\"isPartOf\":{\"@id\":\"https:\/\/noti-america.com\/site\/principal\/#website\"},\"primaryImageOfPage\":{\"@id\":\"https:\/\/noti-america.com\/site\/principal\/2018\/03\/19\/ministra-defensa-alemana-putin-hace-tiempo-que-dejo-de-ser-un-socio\/#primaryimage\"},\"image\":{\"@id\":\"https:\/\/noti-america.com\/site\/principal\/2018\/03\/19\/ministra-defensa-alemana-putin-hace-tiempo-que-dejo-de-ser-un-socio\/#primaryimage\"},\"thumbnailUrl\":\"https:\/\/noti-america.com\/site\/principal\/wp-content\/uploads\/sites\/26\/2018\/03\/ministra-alemana-Defensa-.jpg\",\"datePublished\":\"2018-03-19T13:17:23+00:00\",\"author\":{\"@id\":\"https:\/\/noti-america.com\/site\/principal\/#\/schema\/person\/1a24e37c3c358f389f0a111448ddb870\"},\"breadcrumb\":{\"@id\":\"https:\/\/noti-america.com\/site\/principal\/2018\/03\/19\/ministra-defensa-alemana-putin-hace-tiempo-que-dejo-de-ser-un-socio\/#breadcrumb\"},\"inLanguage\":\"es\",\"potentialAction\":[{\"@type\":\"ReadAction\",\"target\":[\"https:\/\/noti-america.com\/site\/principal\/2018\/03\/19\/ministra-defensa-alemana-putin-hace-tiempo-que-dejo-de-ser-un-socio\/\"]}]},{\"@type\":\"ImageObject\",\"inLanguage\":\"es\",\"@id\":\"https:\/\/noti-america.com\/site\/principal\/2018\/03\/19\/ministra-defensa-alemana-putin-hace-tiempo-que-dejo-de-ser-un-socio\/#primaryimage\",\"url\":\"https:\/\/noti-america.com\/site\/principal\/wp-content\/uploads\/sites\/26\/2018\/03\/ministra-alemana-Defensa-.jpg\",\"contentUrl\":\"https:\/\/noti-america.com\/site\/principal\/wp-content\/uploads\/sites\/26\/2018\/03\/ministra-alemana-Defensa-.jpg\",\"width\":643,\"height\":362},{\"@type\":\"BreadcrumbList\",\"@id\":\"https:\/\/noti-america.com\/site\/principal\/2018\/03\/19\/ministra-defensa-alemana-putin-hace-tiempo-que-dejo-de-ser-un-socio\/#breadcrumb\",\"itemListElement\":[{\"@type\":\"ListItem\",\"position\":1,\"name\":\"Portada\",\"item\":\"https:\/\/noti-america.com\/site\/principal\/\"},{\"@type\":\"ListItem\",\"position\":2,\"name\":\"Ministra Defensa alemana: Putin hace tiempo que dej\u00f3 de ser un socio\"}]},{\"@type\":\"WebSite\",\"@id\":\"https:\/\/noti-america.com\/site\/principal\/#website\",\"url\":\"https:\/\/noti-america.com\/site\/principal\/\",\"name\":\"Noti-America.com\",\"description\":\"El Noticiero Digital M\u00e1s Grande de Am\u00e9rica\",\"potentialAction\":[{\"@type\":\"SearchAction\",\"target\":{\"@type\":\"EntryPoint\",\"urlTemplate\":\"https:\/\/noti-america.com\/site\/principal\/?s={search_term_string}\"},\"query-input\":{\"@type\":\"PropertyValueSpecification\",\"valueRequired\":true,\"valueName\":\"search_term_string\"}}],\"inLanguage\":\"es\"},{\"@type\":\"Person\",\"@id\":\"https:\/\/noti-america.com\/site\/principal\/#\/schema\/person\/1a24e37c3c358f389f0a111448ddb870\",\"name\":\"Ydalith Figueroa Kad-Bay\",\"image\":{\"@type\":\"ImageObject\",\"inLanguage\":\"es\",\"@id\":\"https:\/\/secure.gravatar.com\/avatar\/7d1e350465afd215908c3ed413e32ef600cd41c3c21b95416252432a9f6c219c?s=96&d=mm&r=g\",\"url\":\"https:\/\/secure.gravatar.com\/avatar\/7d1e350465afd215908c3ed413e32ef600cd41c3c21b95416252432a9f6c219c?s=96&d=mm&r=g\",\"contentUrl\":\"https:\/\/secure.gravatar.com\/avatar\/7d1e350465afd215908c3ed413e32ef600cd41c3c21b95416252432a9f6c219c?s=96&d=mm&r=g\",\"caption\":\"Ydalith Figueroa Kad-Bay\"},\"description\":\"CEO Noti-America Alemania Embajadora de Venezuela para el Proyecto de Acci\u00f3n Clim\u00e1tica de la ONU, Embajadora para la ense\u00f1anza de los ODS de la ONU, Amplificador de la Acci\u00f3n de los ODS de la ONU, Profesor Voluntario del Proyecto KAKUMA (Educaci\u00f3n de calidad para refugiados en \u00c1frica) UNHCR \u2013 ACNUR - Agencia para los refugiados de la ONU-, Miembro de la ONG Gente Y Ciudad, Embajador de las Instituciones de Microfinanzas \u201cNo a la pobreza ODS #1 de la ONU\u201d (todos tienen derecho a acceso a un cr\u00e9dito), y Voluntario al di\u00e1logo global de UN75. Twitter @ydalithkad email ydalith@yhaoo.com Locutor Profesional 32931 Universidad Central de Venezuela @ISHannover \\\"Colegio Internacional de Hannover Regi\u00f3n, Alemania\\\" Representante de Aprendizaje Innovaci\u00f3n y Tecnolog\u00eda #LMS (Sistema de Gesti\u00f3n de Aprendizaje) #LMS Gente y Ciudad &amp; Asesores Internacionales ONG Alemania. ONG \\\"Gente y Ciudad, Venezuela\\\" Miembro y Asesor especialista An\u00e1lisis de Pol\u00edtica Internacional Asesor Pol\u00edtico Internacional de Venezuela en la defensa de los Derechos Humanos y el restablecimiento Democr\u00e1tico. Diplomacia positiva y Activa. Pasi\u00f3n por el Golf Proyecto #LMS \\\"Golf para ni\u00f1os y adultos Internacional\\\" Pasi\u00f3n por los Postres Proyecto #LMS \\\"Postres, Que Unen a las Culturas del mundo\\\"\",\"sameAs\":[\"https:\/\/x.com\/ydalithkad\"],\"url\":\"https:\/\/noti-america.com\/site\/principal\/author\/yfigueroa\/\"}]}<\/script>\n<!-- \/ Yoast SEO Premium plugin. -->","yoast_head_json":{"title":"Ministra Defensa alemana: Putin hace tiempo que dej\u00f3 de ser un socio - Noti-America.com","robots":{"index":"index","follow":"follow","max-snippet":"max-snippet:-1","max-image-preview":"max-image-preview:large","max-video-preview":"max-video-preview:-1"},"canonical":"https:\/\/noti-america.com\/site\/principal\/2018\/03\/19\/ministra-defensa-alemana-putin-hace-tiempo-que-dejo-de-ser-un-socio\/","og_locale":"es_ES","og_type":"article","og_title":"Ministra Defensa alemana: Putin hace tiempo que dej\u00f3 de ser un socio","og_description":"Berl\u00edn, 19 mar \u00a0&#8211; La ministra de Defensa alemana, Ursula von der Leyen, evit\u00f3 calificar al presidente ruso,\u00a0Vladimir Putin, como un enemigo, pero dej\u00f3 claro que hace tiempo que dej\u00f3 de ser un socio,&#46;&#46;&#46;","og_url":"https:\/\/noti-america.com\/site\/principal\/2018\/03\/19\/ministra-defensa-alemana-putin-hace-tiempo-que-dejo-de-ser-un-socio\/","og_site_name":"Noti-America.com","article_published_time":"2018-03-19T13:17:23+00:00","og_image":[{"width":643,"height":362,"url":"https:\/\/noti-america.com\/site\/principal\/wp-content\/uploads\/sites\/26\/2018\/03\/ministra-alemana-Defensa-.jpg","type":"image\/jpeg"}],"author":"Ydalith Figueroa Kad-Bay","twitter_card":"summary_large_image","twitter_creator":"@ydalithkad","twitter_misc":{"Escrito por":"Ydalith Figueroa Kad-Bay","Tiempo estimado de lectura":"2 minutos"},"schema":{"@context":"https:\/\/schema.org","@graph":[{"@type":"Article","@id":"https:\/\/noti-america.com\/site\/principal\/2018\/03\/19\/ministra-defensa-alemana-putin-hace-tiempo-que-dejo-de-ser-un-socio\/#article","isPartOf":{"@id":"https:\/\/noti-america.com\/site\/principal\/2018\/03\/19\/ministra-defensa-alemana-putin-hace-tiempo-que-dejo-de-ser-un-socio\/"},"author":{"name":"Ydalith Figueroa Kad-Bay","@id":"https:\/\/noti-america.com\/site\/principal\/#\/schema\/person\/1a24e37c3c358f389f0a111448ddb870"},"headline":"Ministra Defensa alemana: Putin hace tiempo que dej\u00f3 de ser un socio","datePublished":"2018-03-19T13:17:23+00:00","mainEntityOfPage":{"@id":"https:\/\/noti-america.com\/site\/principal\/2018\/03\/19\/ministra-defensa-alemana-putin-hace-tiempo-que-dejo-de-ser-un-socio\/"},"wordCount":329,"commentCount":0,"image":{"@id":"https:\/\/noti-america.com\/site\/principal\/2018\/03\/19\/ministra-defensa-alemana-putin-hace-tiempo-que-dejo-de-ser-un-socio\/#primaryimage"},"thumbnailUrl":"https:\/\/noti-america.com\/site\/principal\/wp-content\/uploads\/sites\/26\/2018\/03\/ministra-alemana-Defensa-.jpg","articleSection":["Pol\u00edtica"],"inLanguage":"es","potentialAction":[{"@type":"CommentAction","name":"Comment","target":["https:\/\/noti-america.com\/site\/principal\/2018\/03\/19\/ministra-defensa-alemana-putin-hace-tiempo-que-dejo-de-ser-un-socio\/#respond"]}]},{"@type":"WebPage","@id":"https:\/\/noti-america.com\/site\/principal\/2018\/03\/19\/ministra-defensa-alemana-putin-hace-tiempo-que-dejo-de-ser-un-socio\/","url":"https:\/\/noti-america.com\/site\/principal\/2018\/03\/19\/ministra-defensa-alemana-putin-hace-tiempo-que-dejo-de-ser-un-socio\/","name":"Ministra Defensa alemana: Putin hace tiempo que dej\u00f3 de ser un socio - Noti-America.com","isPartOf":{"@id":"https:\/\/noti-america.com\/site\/principal\/#website"},"primaryImageOfPage":{"@id":"https:\/\/noti-america.com\/site\/principal\/2018\/03\/19\/ministra-defensa-alemana-putin-hace-tiempo-que-dejo-de-ser-un-socio\/#primaryimage"},"image":{"@id":"https:\/\/noti-america.com\/site\/principal\/2018\/03\/19\/ministra-defensa-alemana-putin-hace-tiempo-que-dejo-de-ser-un-socio\/#primaryimage"},"thumbnailUrl":"https:\/\/noti-america.com\/site\/principal\/wp-content\/uploads\/sites\/26\/2018\/03\/ministra-alemana-Defensa-.jpg","datePublished":"2018-03-19T13:17:23+00:00","author":{"@id":"https:\/\/noti-america.com\/site\/principal\/#\/schema\/person\/1a24e37c3c358f389f0a111448ddb870"},"breadcrumb":{"@id":"https:\/\/noti-america.com\/site\/principal\/2018\/03\/19\/ministra-defensa-alemana-putin-hace-tiempo-que-dejo-de-ser-un-socio\/#breadcrumb"},"inLanguage":"es","potentialAction":[{"@type":"ReadAction","target":["https:\/\/noti-america.com\/site\/principal\/2018\/03\/19\/ministra-defensa-alemana-putin-hace-tiempo-que-dejo-de-ser-un-socio\/"]}]},{"@type":"ImageObject","inLanguage":"es","@id":"https:\/\/noti-america.com\/site\/principal\/2018\/03\/19\/ministra-defensa-alemana-putin-hace-tiempo-que-dejo-de-ser-un-socio\/#primaryimage","url":"https:\/\/noti-america.com\/site\/principal\/wp-content\/uploads\/sites\/26\/2018\/03\/ministra-alemana-Defensa-.jpg","contentUrl":"https:\/\/noti-america.com\/site\/principal\/wp-content\/uploads\/sites\/26\/2018\/03\/ministra-alemana-Defensa-.jpg","width":643,"height":362},{"@type":"BreadcrumbList","@id":"https:\/\/noti-america.com\/site\/principal\/2018\/03\/19\/ministra-defensa-alemana-putin-hace-tiempo-que-dejo-de-ser-un-socio\/#breadcrumb","itemListElement":[{"@type":"ListItem","position":1,"name":"Portada","item":"https:\/\/noti-america.com\/site\/principal\/"},{"@type":"ListItem","position":2,"name":"Ministra Defensa alemana: Putin hace tiempo que dej\u00f3 de ser un socio"}]},{"@type":"WebSite","@id":"https:\/\/noti-america.com\/site\/principal\/#website","url":"https:\/\/noti-america.com\/site\/principal\/","name":"Noti-America.com","description":"El Noticiero Digital M\u00e1s Grande de Am\u00e9rica","potentialAction":[{"@type":"SearchAction","target":{"@type":"EntryPoint","urlTemplate":"https:\/\/noti-america.com\/site\/principal\/?s={search_term_string}"},"query-input":{"@type":"PropertyValueSpecification","valueRequired":true,"valueName":"search_term_string"}}],"inLanguage":"es"},{"@type":"Person","@id":"https:\/\/noti-america.com\/site\/principal\/#\/schema\/person\/1a24e37c3c358f389f0a111448ddb870","name":"Ydalith Figueroa Kad-Bay","image":{"@type":"ImageObject","inLanguage":"es","@id":"https:\/\/secure.gravatar.com\/avatar\/7d1e350465afd215908c3ed413e32ef600cd41c3c21b95416252432a9f6c219c?s=96&d=mm&r=g","url":"https:\/\/secure.gravatar.com\/avatar\/7d1e350465afd215908c3ed413e32ef600cd41c3c21b95416252432a9f6c219c?s=96&d=mm&r=g","contentUrl":"https:\/\/secure.gravatar.com\/avatar\/7d1e350465afd215908c3ed413e32ef600cd41c3c21b95416252432a9f6c219c?s=96&d=mm&r=g","caption":"Ydalith Figueroa Kad-Bay"},"description":"CEO Noti-America Alemania Embajadora de Venezuela para el Proyecto de Acci\u00f3n Clim\u00e1tica de la ONU, Embajadora para la ense\u00f1anza de los ODS de la ONU, Amplificador de la Acci\u00f3n de los ODS de la ONU, Profesor Voluntario del Proyecto KAKUMA (Educaci\u00f3n de calidad para refugiados en \u00c1frica) UNHCR \u2013 ACNUR - Agencia para los refugiados de la ONU-, Miembro de la ONG Gente Y Ciudad, Embajador de las Instituciones de Microfinanzas \u201cNo a la pobreza ODS #1 de la ONU\u201d (todos tienen derecho a acceso a un cr\u00e9dito), y Voluntario al di\u00e1logo global de UN75. Twitter @ydalithkad email ydalith@yhaoo.com Locutor Profesional 32931 Universidad Central de Venezuela @ISHannover \"Colegio Internacional de Hannover Regi\u00f3n, Alemania\" Representante de Aprendizaje Innovaci\u00f3n y Tecnolog\u00eda #LMS (Sistema de Gesti\u00f3n de Aprendizaje) #LMS Gente y Ciudad &amp; Asesores Internacionales ONG Alemania. ONG \"Gente y Ciudad, Venezuela\" Miembro y Asesor especialista An\u00e1lisis de Pol\u00edtica Internacional Asesor Pol\u00edtico Internacional de Venezuela en la defensa de los Derechos Humanos y el restablecimiento Democr\u00e1tico. Diplomacia positiva y Activa. Pasi\u00f3n por el Golf Proyecto #LMS \"Golf para ni\u00f1os y adultos Internacional\" Pasi\u00f3n por los Postres Proyecto #LMS \"Postres, Que Unen a las Culturas del mundo\"","sameAs":["https:\/\/x.com\/ydalithkad"],"url":"https:\/\/noti-america.com\/site\/principal\/author\/yfigueroa\/"}]}},"_links":{"self":[{"href":"https:\/\/noti-america.com\/site\/principal\/wp-json\/wp\/v2\/posts\/1396","targetHints":{"allow":["GET"]}}],"collection":[{"href":"https:\/\/noti-america.com\/site\/principal\/wp-json\/wp\/v2\/posts"}],"about":[{"href":"https:\/\/noti-america.com\/site\/principal\/wp-json\/wp\/v2\/types\/post"}],"author":[{"embeddable":true,"href":"https:\/\/noti-america.com\/site\/principal\/wp-json\/wp\/v2\/users\/31"}],"replies":[{"embeddable":true,"href":"https:\/\/noti-america.com\/site\/principal\/wp-json\/wp\/v2\/comments?post=1396"}],"version-history":[{"count":1,"href":"https:\/\/noti-america.com\/site\/principal\/wp-json\/wp\/v2\/posts\/1396\/revisions"}],"predecessor-version":[{"id":1398,"href":"https:\/\/noti-america.com\/site\/principal\/wp-json\/wp\/v2\/posts\/1396\/revisions\/1398"}],"wp:featuredmedia":[{"embeddable":true,"href":"https:\/\/noti-america.com\/site\/principal\/wp-json\/wp\/v2\/media\/1397"}],"wp:attachment":[{"href":"https:\/\/noti-america.com\/site\/principal\/wp-json\/wp\/v2\/media?parent=1396"}],"wp:term":[{"taxonomy":"category","embeddable":true,"href":"https:\/\/noti-america.com\/site\/principal\/wp-json\/wp\/v2\/categories?post=1396"},{"taxonomy":"post_tag","embeddable":true,"href":"https:\/\/noti-america.com\/site\/principal\/wp-json\/wp\/v2\/tags?post=1396"}],"curies":[{"name":"wp","href":"https:\/\/api.w.org\/{rel}","templated":true}]}}