{"id":13676,"date":"2022-04-22T17:19:27","date_gmt":"2022-04-22T21:19:27","guid":{"rendered":"https:\/\/noti-america.com\/site\/principal\/?p=13676"},"modified":"2022-04-22T17:19:27","modified_gmt":"2022-04-22T21:19:27","slug":"chacao-rescata-la-historia-venezolana","status":"publish","type":"post","link":"https:\/\/noti-america.com\/site\/principal\/2022\/04\/22\/chacao-rescata-la-historia-venezolana\/","title":{"rendered":"Chacao rescata la historia venezolana"},"content":{"rendered":"<p style=\"text-align: justify;\">Nota de Prensa<\/p>\n<p class=\"v1MsoNormal\" style=\"text-align: justify;\">En aras de reconocer la participaci\u00f3n de los residentes o estudiantes dentro del municipio y al mismo tiempo rendir homenaje a uno de los m\u00e1s grandes historiadores de Venezuela, el concejal Oscar Gonz\u00e1lez F, quien preside la Comisi\u00f3n de Capital Humano del Concejo Municipal de Chacao, impulsa la reforma de la ordenanza sobre el Premio Municipal de Historia de Venezuela \u00abAugusto Mijares\u00bb.<\/p>\n<p class=\"v1MsoNormal\" style=\"text-align: justify;\">Por tal motivo, la Biblioteca Los Palos Grandes de Cultura Chacao fue testigo del conversatorio \u00abHablemos de historia. Conversemos sobre la vida de Augusto Mijares\u00bb, con los historiadores Edgardo Mondolfi Gudat y Diego Bautista Urbaneja, individuos de n\u00famero de la Academia Nacional de Historia.<\/p>\n<p class=\"v1MsoNormal\" style=\"text-align: justify;\">Esta actividad fue el complemento perfecto para dar a conocer el Proyecto de Reforma, que tiene como objetivo actualizar y crear art\u00edculos pertinentes a la realidad nacional, que luego de 12 a\u00f1os de su publicaci\u00f3n en Gaceta Municipal N\u00b0.7801, espera ampliar el desarrollo de esta extraordinaria ordenanza y por ende la debida promoci\u00f3n del galard\u00f3n.<\/p>\n<p class=\"v1MsoNormal\" style=\"text-align: justify;\">Desde el punto de vista estructural, la ordenanza est\u00e1 dividida en cinco 5 cap\u00edtulos y 26 Art\u00edculos que se beneficiar\u00e1n de modificaciones para este nuevo ciclo, donde se desarrollan los aspectos que regulan las disposiciones generales, el concurso, el jurado, el premio y las disposiciones finales, de igual manera el peri\u00f3dico El Nacional como la Fundaci\u00f3n Federalismo y Libertad de Argentina ser\u00e1n los encargados de publicar de forma digital el trabajo que resulte ganador.<\/p>\n<p class=\"v1MsoNormal\" style=\"text-align: justify;\">\u00abEsta ordenanza est\u00e1 enfocada solo para investigadores, mi empe\u00f1o en la actualidad con esta reforma es que, debido a las transformaciones de la propia historia que han querido hacer en nuestro pa\u00eds, sean las nuevas generaciones las que hagan una exploraci\u00f3n de los procesos y personajes hist\u00f3ricos de Venezuela, para as\u00ed reforzar en los m\u00e1s j\u00f3venes el estudio investigativo y que conozcan la verdadera historia y sus personajes\u00bb, expres\u00f3 Gonz\u00e1lez F.<\/p>\n<p class=\"v1MsoNormal\" style=\"text-align: justify;\">El Premio Municipal de Historia de Venezuela \u00abAugusto Mijares\u00bb busca ser otorgado al primer lugar entre los adolescentes, j\u00f3venes o adultos en edades comprendidas entre los 14 y 29 a\u00f1os, que est\u00e9n inscritos en el concurso y que deseen desarrollar sus conocimientos sobre la historia de Venezuela, as\u00ed como honrar y fomentar el talento creador de las nuevas generaciones y difusi\u00f3n de la historia de nuestro pa\u00eds.<\/p>\n<p class=\"v1MsoNormal\" style=\"text-align: justify;\">Entre tanto, el alcalde Gustavo Duque consider\u00f3: \u00abla historia de un pa\u00eds dice mucho de sus habitantes, por eso es importante mantenerla viva y desde Chacao nos estamos asegurando que as\u00ed sea. Esta reforma seguir\u00e1 haciendo historia en nuestras calles\u00bb.<\/p>\n<p class=\"v1MsoNormal\" style=\"text-align: justify;\">En pro de involucrar a toda la comunidad en este tipo de programas culturales tambi\u00e9n se realiz\u00f3 la consulta p\u00fablica en el mismo lugar en horas de la tarde , todo esto para informar a los asistentes las modificaciones de los diferentes art\u00edculos que har\u00e1n que la ordenanza est\u00e9 m\u00e1s acorde a la realidad de los habitantes del municipio.<\/p>\n<p class=\"v1MsoNormal\" style=\"text-align: justify;\">Es importante recalcar que los trabajos que opten al premio municipal de Historia de Venezuela \u00abAugusto Mijares\u00bb, versar\u00e1n sobre los siguientes temas: La Historia de Venezuela, Fechas trascendentales, Personajes emblem\u00e1ticos, Obras de historia de Venezuela o cualquier otro tema vinculado con la historia nacional, regional o municipal.<\/p>\n<p class=\"v1MsoNormal\" style=\"text-align: justify;\">Durante dicha conferencia contamos con la grata presencia de la presidenta de la Academia Nacional de Historia, la hija y dem\u00e1s familiares del historiador Augusto Mijares, las historiadoras\u00a0 In\u00e9s Quintero y Elena Plaza, Profesores de Colegios del Municipio, el director de la Biblioteca de Los Palos Grandes y las Asociaciones de Vecinos.<\/p>\n","protected":false},"excerpt":{"rendered":"<p>Nota de Prensa En aras de reconocer la participaci\u00f3n de los residentes o estudiantes dentro del municipio y al mismo tiempo rendir homenaje a uno de los m\u00e1s grandes historiadores de Venezuela, el concejal&#46;&#46;&#46;<\/p>\n","protected":false},"author":1,"featured_media":13680,"comment_status":"open","ping_status":"open","sticky":false,"template":"","format":"image","meta":{"_acf_changed":false,"rop_custom_images_group":[],"rop_custom_messages_group":[],"rop_publish_now":"initial","rop_publish_now_accounts":{"facebook_10219548024599422_1632221337088128":"","twitter_242054905_242054905":""},"rop_publish_now_history":[],"rop_publish_now_status":"pending","footnotes":""},"categories":[663],"tags":[],"class_list":["post-13676","post","type-post","status-publish","format-image","has-post-thumbnail","hentry","category-actualidad","post_format-post-format-image"],"acf":[],"yoast_head":"<!-- This site is optimized with the Yoast SEO Premium plugin v24.9 (Yoast SEO v27.2) - https:\/\/yoast.com\/product\/yoast-seo-premium-wordpress\/ -->\n<title>Chacao rescata la historia venezolana - Noti-America.com<\/title>\n<meta name=\"robots\" content=\"index, follow, max-snippet:-1, max-image-preview:large, max-video-preview:-1\" \/>\n<link rel=\"canonical\" href=\"https:\/\/noti-america.com\/site\/principal\/2022\/04\/22\/chacao-rescata-la-historia-venezolana\/\" \/>\n<meta property=\"og:locale\" content=\"es_ES\" \/>\n<meta property=\"og:type\" content=\"article\" \/>\n<meta property=\"og:title\" content=\"Chacao rescata la historia venezolana\" \/>\n<meta property=\"og:description\" content=\"Nota de Prensa En aras de reconocer la participaci\u00f3n de los residentes o estudiantes dentro del municipio y al mismo tiempo rendir homenaje a uno de los m\u00e1s grandes historiadores de Venezuela, el concejal&#046;&#046;&#046;\" \/>\n<meta property=\"og:url\" content=\"https:\/\/noti-america.com\/site\/principal\/2022\/04\/22\/chacao-rescata-la-historia-venezolana\/\" \/>\n<meta property=\"og:site_name\" content=\"Noti-America.com\" \/>\n<meta property=\"article:published_time\" content=\"2022-04-22T21:19:27+00:00\" \/>\n<meta property=\"og:image\" content=\"https:\/\/noti-america.com\/site\/principal\/wp-content\/uploads\/sites\/26\/2022\/04\/IMG_1562-scaled.jpg\" \/>\n\t<meta property=\"og:image:width\" content=\"2560\" \/>\n\t<meta property=\"og:image:height\" content=\"1707\" \/>\n\t<meta property=\"og:image:type\" content=\"image\/jpeg\" \/>\n<meta name=\"author\" content=\"Rosmer Herrera\" \/>\n<meta name=\"twitter:card\" content=\"summary_large_image\" \/>\n<meta name=\"twitter:label1\" content=\"Escrito por\" \/>\n\t<meta name=\"twitter:data1\" content=\"Rosmer Herrera\" \/>\n\t<meta name=\"twitter:label2\" content=\"Tiempo estimado de lectura\" \/>\n\t<meta name=\"twitter:data2\" content=\"3 minutos\" \/>\n<script type=\"application\/ld+json\" class=\"yoast-schema-graph\">{\"@context\":\"https:\/\/schema.org\",\"@graph\":[{\"@type\":\"Article\",\"@id\":\"https:\/\/noti-america.com\/site\/principal\/2022\/04\/22\/chacao-rescata-la-historia-venezolana\/#article\",\"isPartOf\":{\"@id\":\"https:\/\/noti-america.com\/site\/principal\/2022\/04\/22\/chacao-rescata-la-historia-venezolana\/\"},\"author\":{\"name\":\"Rosmer Herrera\",\"@id\":\"https:\/\/noti-america.com\/site\/principal\/#\/schema\/person\/fd58dbfb92a257e9dc5761bf69a855ff\"},\"headline\":\"Chacao rescata la historia venezolana\",\"datePublished\":\"2022-04-22T21:19:27+00:00\",\"mainEntityOfPage\":{\"@id\":\"https:\/\/noti-america.com\/site\/principal\/2022\/04\/22\/chacao-rescata-la-historia-venezolana\/\"},\"wordCount\":611,\"commentCount\":0,\"image\":{\"@id\":\"https:\/\/noti-america.com\/site\/principal\/2022\/04\/22\/chacao-rescata-la-historia-venezolana\/#primaryimage\"},\"thumbnailUrl\":\"https:\/\/noti-america.com\/site\/principal\/wp-content\/uploads\/sites\/26\/2022\/04\/IMG_1562-scaled.jpg\",\"articleSection\":[\"Actualidad\"],\"inLanguage\":\"es\",\"potentialAction\":[{\"@type\":\"CommentAction\",\"name\":\"Comment\",\"target\":[\"https:\/\/noti-america.com\/site\/principal\/2022\/04\/22\/chacao-rescata-la-historia-venezolana\/#respond\"]}]},{\"@type\":\"WebPage\",\"@id\":\"https:\/\/noti-america.com\/site\/principal\/2022\/04\/22\/chacao-rescata-la-historia-venezolana\/\",\"url\":\"https:\/\/noti-america.com\/site\/principal\/2022\/04\/22\/chacao-rescata-la-historia-venezolana\/\",\"name\":\"Chacao rescata la historia venezolana - Noti-America.com\",\"isPartOf\":{\"@id\":\"https:\/\/noti-america.com\/site\/principal\/#website\"},\"primaryImageOfPage\":{\"@id\":\"https:\/\/noti-america.com\/site\/principal\/2022\/04\/22\/chacao-rescata-la-historia-venezolana\/#primaryimage\"},\"image\":{\"@id\":\"https:\/\/noti-america.com\/site\/principal\/2022\/04\/22\/chacao-rescata-la-historia-venezolana\/#primaryimage\"},\"thumbnailUrl\":\"https:\/\/noti-america.com\/site\/principal\/wp-content\/uploads\/sites\/26\/2022\/04\/IMG_1562-scaled.jpg\",\"datePublished\":\"2022-04-22T21:19:27+00:00\",\"author\":{\"@id\":\"https:\/\/noti-america.com\/site\/principal\/#\/schema\/person\/fd58dbfb92a257e9dc5761bf69a855ff\"},\"breadcrumb\":{\"@id\":\"https:\/\/noti-america.com\/site\/principal\/2022\/04\/22\/chacao-rescata-la-historia-venezolana\/#breadcrumb\"},\"inLanguage\":\"es\",\"potentialAction\":[{\"@type\":\"ReadAction\",\"target\":[\"https:\/\/noti-america.com\/site\/principal\/2022\/04\/22\/chacao-rescata-la-historia-venezolana\/\"]}]},{\"@type\":\"ImageObject\",\"inLanguage\":\"es\",\"@id\":\"https:\/\/noti-america.com\/site\/principal\/2022\/04\/22\/chacao-rescata-la-historia-venezolana\/#primaryimage\",\"url\":\"https:\/\/noti-america.com\/site\/principal\/wp-content\/uploads\/sites\/26\/2022\/04\/IMG_1562-scaled.jpg\",\"contentUrl\":\"https:\/\/noti-america.com\/site\/principal\/wp-content\/uploads\/sites\/26\/2022\/04\/IMG_1562-scaled.jpg\",\"width\":2560,\"height\":1707},{\"@type\":\"BreadcrumbList\",\"@id\":\"https:\/\/noti-america.com\/site\/principal\/2022\/04\/22\/chacao-rescata-la-historia-venezolana\/#breadcrumb\",\"itemListElement\":[{\"@type\":\"ListItem\",\"position\":1,\"name\":\"Portada\",\"item\":\"https:\/\/noti-america.com\/site\/principal\/\"},{\"@type\":\"ListItem\",\"position\":2,\"name\":\"Chacao rescata la historia venezolana\"}]},{\"@type\":\"WebSite\",\"@id\":\"https:\/\/noti-america.com\/site\/principal\/#website\",\"url\":\"https:\/\/noti-america.com\/site\/principal\/\",\"name\":\"Noti-America.com\",\"description\":\"El Noticiero Digital M\u00e1s Grande de Am\u00e9rica\",\"potentialAction\":[{\"@type\":\"SearchAction\",\"target\":{\"@type\":\"EntryPoint\",\"urlTemplate\":\"https:\/\/noti-america.com\/site\/principal\/?s={search_term_string}\"},\"query-input\":{\"@type\":\"PropertyValueSpecification\",\"valueRequired\":true,\"valueName\":\"search_term_string\"}}],\"inLanguage\":\"es\"},{\"@type\":\"Person\",\"@id\":\"https:\/\/noti-america.com\/site\/principal\/#\/schema\/person\/fd58dbfb92a257e9dc5761bf69a855ff\",\"name\":\"Rosmer Herrera\",\"image\":{\"@type\":\"ImageObject\",\"inLanguage\":\"es\",\"@id\":\"https:\/\/secure.gravatar.com\/avatar\/153e75c261394dbf20ff1a1e70ea2be9494f2b40b7fc4e7704084db13220ae08?s=96&d=mm&r=g\",\"url\":\"https:\/\/secure.gravatar.com\/avatar\/153e75c261394dbf20ff1a1e70ea2be9494f2b40b7fc4e7704084db13220ae08?s=96&d=mm&r=g\",\"contentUrl\":\"https:\/\/secure.gravatar.com\/avatar\/153e75c261394dbf20ff1a1e70ea2be9494f2b40b7fc4e7704084db13220ae08?s=96&d=mm&r=g\",\"caption\":\"Rosmer Herrera\"},\"url\":\"https:\/\/noti-america.com\/site\/principal\/author\/rosmer33\/\"}]}<\/script>\n<!-- \/ Yoast SEO Premium plugin. -->","yoast_head_json":{"title":"Chacao rescata la historia venezolana - Noti-America.com","robots":{"index":"index","follow":"follow","max-snippet":"max-snippet:-1","max-image-preview":"max-image-preview:large","max-video-preview":"max-video-preview:-1"},"canonical":"https:\/\/noti-america.com\/site\/principal\/2022\/04\/22\/chacao-rescata-la-historia-venezolana\/","og_locale":"es_ES","og_type":"article","og_title":"Chacao rescata la historia venezolana","og_description":"Nota de Prensa En aras de reconocer la participaci\u00f3n de los residentes o estudiantes dentro del municipio y al mismo tiempo rendir homenaje a uno de los m\u00e1s grandes historiadores de Venezuela, el concejal&#46;&#46;&#46;","og_url":"https:\/\/noti-america.com\/site\/principal\/2022\/04\/22\/chacao-rescata-la-historia-venezolana\/","og_site_name":"Noti-America.com","article_published_time":"2022-04-22T21:19:27+00:00","og_image":[{"width":2560,"height":1707,"url":"https:\/\/noti-america.com\/site\/principal\/wp-content\/uploads\/sites\/26\/2022\/04\/IMG_1562-scaled.jpg","type":"image\/jpeg"}],"author":"Rosmer Herrera","twitter_card":"summary_large_image","twitter_misc":{"Escrito por":"Rosmer Herrera","Tiempo estimado de lectura":"3 minutos"},"schema":{"@context":"https:\/\/schema.org","@graph":[{"@type":"Article","@id":"https:\/\/noti-america.com\/site\/principal\/2022\/04\/22\/chacao-rescata-la-historia-venezolana\/#article","isPartOf":{"@id":"https:\/\/noti-america.com\/site\/principal\/2022\/04\/22\/chacao-rescata-la-historia-venezolana\/"},"author":{"name":"Rosmer Herrera","@id":"https:\/\/noti-america.com\/site\/principal\/#\/schema\/person\/fd58dbfb92a257e9dc5761bf69a855ff"},"headline":"Chacao rescata la historia venezolana","datePublished":"2022-04-22T21:19:27+00:00","mainEntityOfPage":{"@id":"https:\/\/noti-america.com\/site\/principal\/2022\/04\/22\/chacao-rescata-la-historia-venezolana\/"},"wordCount":611,"commentCount":0,"image":{"@id":"https:\/\/noti-america.com\/site\/principal\/2022\/04\/22\/chacao-rescata-la-historia-venezolana\/#primaryimage"},"thumbnailUrl":"https:\/\/noti-america.com\/site\/principal\/wp-content\/uploads\/sites\/26\/2022\/04\/IMG_1562-scaled.jpg","articleSection":["Actualidad"],"inLanguage":"es","potentialAction":[{"@type":"CommentAction","name":"Comment","target":["https:\/\/noti-america.com\/site\/principal\/2022\/04\/22\/chacao-rescata-la-historia-venezolana\/#respond"]}]},{"@type":"WebPage","@id":"https:\/\/noti-america.com\/site\/principal\/2022\/04\/22\/chacao-rescata-la-historia-venezolana\/","url":"https:\/\/noti-america.com\/site\/principal\/2022\/04\/22\/chacao-rescata-la-historia-venezolana\/","name":"Chacao rescata la historia venezolana - Noti-America.com","isPartOf":{"@id":"https:\/\/noti-america.com\/site\/principal\/#website"},"primaryImageOfPage":{"@id":"https:\/\/noti-america.com\/site\/principal\/2022\/04\/22\/chacao-rescata-la-historia-venezolana\/#primaryimage"},"image":{"@id":"https:\/\/noti-america.com\/site\/principal\/2022\/04\/22\/chacao-rescata-la-historia-venezolana\/#primaryimage"},"thumbnailUrl":"https:\/\/noti-america.com\/site\/principal\/wp-content\/uploads\/sites\/26\/2022\/04\/IMG_1562-scaled.jpg","datePublished":"2022-04-22T21:19:27+00:00","author":{"@id":"https:\/\/noti-america.com\/site\/principal\/#\/schema\/person\/fd58dbfb92a257e9dc5761bf69a855ff"},"breadcrumb":{"@id":"https:\/\/noti-america.com\/site\/principal\/2022\/04\/22\/chacao-rescata-la-historia-venezolana\/#breadcrumb"},"inLanguage":"es","potentialAction":[{"@type":"ReadAction","target":["https:\/\/noti-america.com\/site\/principal\/2022\/04\/22\/chacao-rescata-la-historia-venezolana\/"]}]},{"@type":"ImageObject","inLanguage":"es","@id":"https:\/\/noti-america.com\/site\/principal\/2022\/04\/22\/chacao-rescata-la-historia-venezolana\/#primaryimage","url":"https:\/\/noti-america.com\/site\/principal\/wp-content\/uploads\/sites\/26\/2022\/04\/IMG_1562-scaled.jpg","contentUrl":"https:\/\/noti-america.com\/site\/principal\/wp-content\/uploads\/sites\/26\/2022\/04\/IMG_1562-scaled.jpg","width":2560,"height":1707},{"@type":"BreadcrumbList","@id":"https:\/\/noti-america.com\/site\/principal\/2022\/04\/22\/chacao-rescata-la-historia-venezolana\/#breadcrumb","itemListElement":[{"@type":"ListItem","position":1,"name":"Portada","item":"https:\/\/noti-america.com\/site\/principal\/"},{"@type":"ListItem","position":2,"name":"Chacao rescata la historia venezolana"}]},{"@type":"WebSite","@id":"https:\/\/noti-america.com\/site\/principal\/#website","url":"https:\/\/noti-america.com\/site\/principal\/","name":"Noti-America.com","description":"El Noticiero Digital M\u00e1s Grande de Am\u00e9rica","potentialAction":[{"@type":"SearchAction","target":{"@type":"EntryPoint","urlTemplate":"https:\/\/noti-america.com\/site\/principal\/?s={search_term_string}"},"query-input":{"@type":"PropertyValueSpecification","valueRequired":true,"valueName":"search_term_string"}}],"inLanguage":"es"},{"@type":"Person","@id":"https:\/\/noti-america.com\/site\/principal\/#\/schema\/person\/fd58dbfb92a257e9dc5761bf69a855ff","name":"Rosmer Herrera","image":{"@type":"ImageObject","inLanguage":"es","@id":"https:\/\/secure.gravatar.com\/avatar\/153e75c261394dbf20ff1a1e70ea2be9494f2b40b7fc4e7704084db13220ae08?s=96&d=mm&r=g","url":"https:\/\/secure.gravatar.com\/avatar\/153e75c261394dbf20ff1a1e70ea2be9494f2b40b7fc4e7704084db13220ae08?s=96&d=mm&r=g","contentUrl":"https:\/\/secure.gravatar.com\/avatar\/153e75c261394dbf20ff1a1e70ea2be9494f2b40b7fc4e7704084db13220ae08?s=96&d=mm&r=g","caption":"Rosmer Herrera"},"url":"https:\/\/noti-america.com\/site\/principal\/author\/rosmer33\/"}]}},"_links":{"self":[{"href":"https:\/\/noti-america.com\/site\/principal\/wp-json\/wp\/v2\/posts\/13676","targetHints":{"allow":["GET"]}}],"collection":[{"href":"https:\/\/noti-america.com\/site\/principal\/wp-json\/wp\/v2\/posts"}],"about":[{"href":"https:\/\/noti-america.com\/site\/principal\/wp-json\/wp\/v2\/types\/post"}],"author":[{"embeddable":true,"href":"https:\/\/noti-america.com\/site\/principal\/wp-json\/wp\/v2\/users\/1"}],"replies":[{"embeddable":true,"href":"https:\/\/noti-america.com\/site\/principal\/wp-json\/wp\/v2\/comments?post=13676"}],"version-history":[{"count":1,"href":"https:\/\/noti-america.com\/site\/principal\/wp-json\/wp\/v2\/posts\/13676\/revisions"}],"predecessor-version":[{"id":13681,"href":"https:\/\/noti-america.com\/site\/principal\/wp-json\/wp\/v2\/posts\/13676\/revisions\/13681"}],"wp:featuredmedia":[{"embeddable":true,"href":"https:\/\/noti-america.com\/site\/principal\/wp-json\/wp\/v2\/media\/13680"}],"wp:attachment":[{"href":"https:\/\/noti-america.com\/site\/principal\/wp-json\/wp\/v2\/media?parent=13676"}],"wp:term":[{"taxonomy":"category","embeddable":true,"href":"https:\/\/noti-america.com\/site\/principal\/wp-json\/wp\/v2\/categories?post=13676"},{"taxonomy":"post_tag","embeddable":true,"href":"https:\/\/noti-america.com\/site\/principal\/wp-json\/wp\/v2\/tags?post=13676"}],"curies":[{"name":"wp","href":"https:\/\/api.w.org\/{rel}","templated":true}]}}