{"id":1348,"date":"2018-03-18T18:29:48","date_gmt":"2018-03-18T18:29:48","guid":{"rendered":"http:\/\/noti-america.com\/site\/alemania\/?p=1348"},"modified":"2018-03-18T18:29:48","modified_gmt":"2018-03-18T18:29:48","slug":"nino-talento-venezolano-argentino-entrena-golf-en-el-templado-invierno-de-alemania","status":"publish","type":"post","link":"https:\/\/noti-america.com\/site\/principal\/2018\/03\/18\/nino-talento-venezolano-argentino-entrena-golf-en-el-templado-invierno-de-alemania\/","title":{"rendered":"Ni\u00f1o Talento Venezolano &#8211; Argentino Entrena Golf En El Templado Invierno De Alemania."},"content":{"rendered":"<p>Hannover &#8211; Hablamos de Antoine Adi Figueroa, ni\u00f1o talento golfista venezolano-argentino de 8 a\u00f1os. Adi como lo llama su entrenador Jens Mundhenke en el club de Golf Hannover en Alemania, ha superado los entrenamientos Bronce, Plata, Oro y tiene un H\u00e1ndicap de 54.\u00a0 Hoy entrena constantemente durante el frio invierno de Alemania para lograr mejorar su H\u00e1ndicap en los diferentes torneos que iniciar\u00e1n desde abril hasta septiembre de este a\u00f1o.<\/p>\n<p>Antoine comenta que conserva un especial recuerdo de Venezuela de sus abuelos, sus t\u00edos, amigos y tambi\u00e9n del golf, tras haber participado y ganar el tercer lugar en el torneo auspiciado por la fundaci\u00f3n Jhonattan Vegas, de quien Adi Figueroa conserva un bello recuerdo tras recibir de sus manos la medalla de broce en su categor\u00eda.<\/p>\n<p>Antoine inicio de nuevo el golf en Alemania por la iniciativa del colegio Internacional de Hannover Regi\u00f3n junto con el campo del Golf Gliedingen de crear un grupo de ni\u00f1os interesados en el golf y entrenarlos una vez a la semana, entrenamiento auspiciado por la Federaci\u00f3n Alemana de Golf.<\/p>\n<p>Antoine feliz particip\u00f3 y hoy nos comenta lo que m\u00e1s le encanta del golf es el reto, porque siempre tiene un diferente reto para alcanzar, nunca se detiene.<\/p>\n<p>&nbsp;<\/p>\n<p>Fuente (Ydalith Figueroa Kad-Bay na-a)<\/p>\n","protected":false},"excerpt":{"rendered":"<p>Hannover &#8211; Hablamos de Antoine Adi Figueroa, ni\u00f1o talento golfista venezolano-argentino de 8 a\u00f1os. Adi como lo llama su entrenador Jens Mundhenke en el club de Golf Hannover en Alemania, ha superado los entrenamientos&#46;&#46;&#46;<\/p>\n","protected":false},"author":31,"featured_media":1349,"comment_status":"open","ping_status":"open","sticky":false,"template":"","format":"standard","meta":{"_acf_changed":false,"rop_custom_images_group":[],"rop_custom_messages_group":[],"rop_publish_now":"initial","rop_publish_now_accounts":{"facebook_10219548024599422_1632221337088128":"","twitter_242054905_242054905":""},"rop_publish_now_history":[],"rop_publish_now_status":"pending","footnotes":""},"categories":[16,107],"tags":[],"class_list":["post-1348","post","type-post","status-publish","format-standard","has-post-thumbnail","hentry","category-deportes","category-reportaje"],"acf":[],"yoast_head":"<!-- This site is optimized with the Yoast SEO Premium plugin v24.9 (Yoast SEO v27.2) - https:\/\/yoast.com\/product\/yoast-seo-premium-wordpress\/ -->\n<title>Ni\u00f1o Talento Venezolano - Argentino Entrena Golf En El Templado Invierno De Alemania. - Noti-America.com<\/title>\n<meta name=\"robots\" content=\"index, follow, max-snippet:-1, max-image-preview:large, max-video-preview:-1\" \/>\n<link rel=\"canonical\" href=\"https:\/\/noti-america.com\/site\/principal\/2018\/03\/18\/nino-talento-venezolano-argentino-entrena-golf-en-el-templado-invierno-de-alemania\/\" \/>\n<meta property=\"og:locale\" content=\"es_ES\" \/>\n<meta property=\"og:type\" content=\"article\" \/>\n<meta property=\"og:title\" content=\"Ni\u00f1o Talento Venezolano - Argentino Entrena Golf En El Templado Invierno De Alemania.\" \/>\n<meta property=\"og:description\" content=\"Hannover &#8211; Hablamos de Antoine Adi Figueroa, ni\u00f1o talento golfista venezolano-argentino de 8 a\u00f1os. Adi como lo llama su entrenador Jens Mundhenke en el club de Golf Hannover en Alemania, ha superado los entrenamientos&#046;&#046;&#046;\" \/>\n<meta property=\"og:url\" content=\"https:\/\/noti-america.com\/site\/principal\/2018\/03\/18\/nino-talento-venezolano-argentino-entrena-golf-en-el-templado-invierno-de-alemania\/\" \/>\n<meta property=\"og:site_name\" content=\"Noti-America.com\" \/>\n<meta property=\"article:published_time\" content=\"2018-03-18T18:29:48+00:00\" \/>\n<meta property=\"og:image\" content=\"https:\/\/noti-america.com\/site\/principal\/wp-content\/uploads\/sites\/26\/2018\/03\/IMG_7051.jpg\" \/>\n\t<meta property=\"og:image:width\" content=\"2448\" \/>\n\t<meta property=\"og:image:height\" content=\"3264\" \/>\n\t<meta property=\"og:image:type\" content=\"image\/jpeg\" \/>\n<meta name=\"author\" content=\"Ydalith Figueroa Kad-Bay\" \/>\n<meta name=\"twitter:card\" content=\"summary_large_image\" \/>\n<meta name=\"twitter:creator\" content=\"@ydalithkad\" \/>\n<meta name=\"twitter:label1\" content=\"Escrito por\" \/>\n\t<meta name=\"twitter:data1\" content=\"Ydalith Figueroa Kad-Bay\" \/>\n\t<meta name=\"twitter:label2\" content=\"Tiempo estimado de lectura\" \/>\n\t<meta name=\"twitter:data2\" content=\"1 minuto\" \/>\n<script type=\"application\/ld+json\" class=\"yoast-schema-graph\">{\"@context\":\"https:\/\/schema.org\",\"@graph\":[{\"@type\":\"Article\",\"@id\":\"https:\/\/noti-america.com\/site\/principal\/2018\/03\/18\/nino-talento-venezolano-argentino-entrena-golf-en-el-templado-invierno-de-alemania\/#article\",\"isPartOf\":{\"@id\":\"https:\/\/noti-america.com\/site\/principal\/2018\/03\/18\/nino-talento-venezolano-argentino-entrena-golf-en-el-templado-invierno-de-alemania\/\"},\"author\":{\"name\":\"Ydalith Figueroa Kad-Bay\",\"@id\":\"https:\/\/noti-america.com\/site\/principal\/#\/schema\/person\/1a24e37c3c358f389f0a111448ddb870\"},\"headline\":\"Ni\u00f1o Talento Venezolano &#8211; Argentino Entrena Golf En El Templado Invierno De Alemania.\",\"datePublished\":\"2018-03-18T18:29:48+00:00\",\"mainEntityOfPage\":{\"@id\":\"https:\/\/noti-america.com\/site\/principal\/2018\/03\/18\/nino-talento-venezolano-argentino-entrena-golf-en-el-templado-invierno-de-alemania\/\"},\"wordCount\":235,\"commentCount\":0,\"image\":{\"@id\":\"https:\/\/noti-america.com\/site\/principal\/2018\/03\/18\/nino-talento-venezolano-argentino-entrena-golf-en-el-templado-invierno-de-alemania\/#primaryimage\"},\"thumbnailUrl\":\"https:\/\/noti-america.com\/site\/principal\/wp-content\/uploads\/sites\/26\/2018\/03\/IMG_7051.jpg\",\"articleSection\":[\"Deportes\",\"Reportaje\"],\"inLanguage\":\"es\",\"potentialAction\":[{\"@type\":\"CommentAction\",\"name\":\"Comment\",\"target\":[\"https:\/\/noti-america.com\/site\/principal\/2018\/03\/18\/nino-talento-venezolano-argentino-entrena-golf-en-el-templado-invierno-de-alemania\/#respond\"]}]},{\"@type\":\"WebPage\",\"@id\":\"https:\/\/noti-america.com\/site\/principal\/2018\/03\/18\/nino-talento-venezolano-argentino-entrena-golf-en-el-templado-invierno-de-alemania\/\",\"url\":\"https:\/\/noti-america.com\/site\/principal\/2018\/03\/18\/nino-talento-venezolano-argentino-entrena-golf-en-el-templado-invierno-de-alemania\/\",\"name\":\"Ni\u00f1o Talento Venezolano - Argentino Entrena Golf En El Templado Invierno De Alemania. - Noti-America.com\",\"isPartOf\":{\"@id\":\"https:\/\/noti-america.com\/site\/principal\/#website\"},\"primaryImageOfPage\":{\"@id\":\"https:\/\/noti-america.com\/site\/principal\/2018\/03\/18\/nino-talento-venezolano-argentino-entrena-golf-en-el-templado-invierno-de-alemania\/#primaryimage\"},\"image\":{\"@id\":\"https:\/\/noti-america.com\/site\/principal\/2018\/03\/18\/nino-talento-venezolano-argentino-entrena-golf-en-el-templado-invierno-de-alemania\/#primaryimage\"},\"thumbnailUrl\":\"https:\/\/noti-america.com\/site\/principal\/wp-content\/uploads\/sites\/26\/2018\/03\/IMG_7051.jpg\",\"datePublished\":\"2018-03-18T18:29:48+00:00\",\"author\":{\"@id\":\"https:\/\/noti-america.com\/site\/principal\/#\/schema\/person\/1a24e37c3c358f389f0a111448ddb870\"},\"breadcrumb\":{\"@id\":\"https:\/\/noti-america.com\/site\/principal\/2018\/03\/18\/nino-talento-venezolano-argentino-entrena-golf-en-el-templado-invierno-de-alemania\/#breadcrumb\"},\"inLanguage\":\"es\",\"potentialAction\":[{\"@type\":\"ReadAction\",\"target\":[\"https:\/\/noti-america.com\/site\/principal\/2018\/03\/18\/nino-talento-venezolano-argentino-entrena-golf-en-el-templado-invierno-de-alemania\/\"]}]},{\"@type\":\"ImageObject\",\"inLanguage\":\"es\",\"@id\":\"https:\/\/noti-america.com\/site\/principal\/2018\/03\/18\/nino-talento-venezolano-argentino-entrena-golf-en-el-templado-invierno-de-alemania\/#primaryimage\",\"url\":\"https:\/\/noti-america.com\/site\/principal\/wp-content\/uploads\/sites\/26\/2018\/03\/IMG_7051.jpg\",\"contentUrl\":\"https:\/\/noti-america.com\/site\/principal\/wp-content\/uploads\/sites\/26\/2018\/03\/IMG_7051.jpg\",\"width\":2448,\"height\":3264},{\"@type\":\"BreadcrumbList\",\"@id\":\"https:\/\/noti-america.com\/site\/principal\/2018\/03\/18\/nino-talento-venezolano-argentino-entrena-golf-en-el-templado-invierno-de-alemania\/#breadcrumb\",\"itemListElement\":[{\"@type\":\"ListItem\",\"position\":1,\"name\":\"Portada\",\"item\":\"https:\/\/noti-america.com\/site\/principal\/\"},{\"@type\":\"ListItem\",\"position\":2,\"name\":\"Ni\u00f1o Talento Venezolano &#8211; Argentino Entrena Golf En El Templado Invierno De Alemania.\"}]},{\"@type\":\"WebSite\",\"@id\":\"https:\/\/noti-america.com\/site\/principal\/#website\",\"url\":\"https:\/\/noti-america.com\/site\/principal\/\",\"name\":\"Noti-America.com\",\"description\":\"El Noticiero Digital M\u00e1s Grande de Am\u00e9rica\",\"potentialAction\":[{\"@type\":\"SearchAction\",\"target\":{\"@type\":\"EntryPoint\",\"urlTemplate\":\"https:\/\/noti-america.com\/site\/principal\/?s={search_term_string}\"},\"query-input\":{\"@type\":\"PropertyValueSpecification\",\"valueRequired\":true,\"valueName\":\"search_term_string\"}}],\"inLanguage\":\"es\"},{\"@type\":\"Person\",\"@id\":\"https:\/\/noti-america.com\/site\/principal\/#\/schema\/person\/1a24e37c3c358f389f0a111448ddb870\",\"name\":\"Ydalith Figueroa Kad-Bay\",\"image\":{\"@type\":\"ImageObject\",\"inLanguage\":\"es\",\"@id\":\"https:\/\/secure.gravatar.com\/avatar\/7d1e350465afd215908c3ed413e32ef600cd41c3c21b95416252432a9f6c219c?s=96&d=mm&r=g\",\"url\":\"https:\/\/secure.gravatar.com\/avatar\/7d1e350465afd215908c3ed413e32ef600cd41c3c21b95416252432a9f6c219c?s=96&d=mm&r=g\",\"contentUrl\":\"https:\/\/secure.gravatar.com\/avatar\/7d1e350465afd215908c3ed413e32ef600cd41c3c21b95416252432a9f6c219c?s=96&d=mm&r=g\",\"caption\":\"Ydalith Figueroa Kad-Bay\"},\"description\":\"CEO Noti-America Alemania Embajadora de Venezuela para el Proyecto de Acci\u00f3n Clim\u00e1tica de la ONU, Embajadora para la ense\u00f1anza de los ODS de la ONU, Amplificador de la Acci\u00f3n de los ODS de la ONU, Profesor Voluntario del Proyecto KAKUMA (Educaci\u00f3n de calidad para refugiados en \u00c1frica) UNHCR \u2013 ACNUR - Agencia para los refugiados de la ONU-, Miembro de la ONG Gente Y Ciudad, Embajador de las Instituciones de Microfinanzas \u201cNo a la pobreza ODS #1 de la ONU\u201d (todos tienen derecho a acceso a un cr\u00e9dito), y Voluntario al di\u00e1logo global de UN75. Twitter @ydalithkad email ydalith@yhaoo.com Locutor Profesional 32931 Universidad Central de Venezuela @ISHannover \\\"Colegio Internacional de Hannover Regi\u00f3n, Alemania\\\" Representante de Aprendizaje Innovaci\u00f3n y Tecnolog\u00eda #LMS (Sistema de Gesti\u00f3n de Aprendizaje) #LMS Gente y Ciudad &amp; Asesores Internacionales ONG Alemania. ONG \\\"Gente y Ciudad, Venezuela\\\" Miembro y Asesor especialista An\u00e1lisis de Pol\u00edtica Internacional Asesor Pol\u00edtico Internacional de Venezuela en la defensa de los Derechos Humanos y el restablecimiento Democr\u00e1tico. Diplomacia positiva y Activa. Pasi\u00f3n por el Golf Proyecto #LMS \\\"Golf para ni\u00f1os y adultos Internacional\\\" Pasi\u00f3n por los Postres Proyecto #LMS \\\"Postres, Que Unen a las Culturas del mundo\\\"\",\"sameAs\":[\"https:\/\/x.com\/ydalithkad\"],\"url\":\"https:\/\/noti-america.com\/site\/principal\/author\/yfigueroa\/\"}]}<\/script>\n<!-- \/ Yoast SEO Premium plugin. -->","yoast_head_json":{"title":"Ni\u00f1o Talento Venezolano - Argentino Entrena Golf En El Templado Invierno De Alemania. - Noti-America.com","robots":{"index":"index","follow":"follow","max-snippet":"max-snippet:-1","max-image-preview":"max-image-preview:large","max-video-preview":"max-video-preview:-1"},"canonical":"https:\/\/noti-america.com\/site\/principal\/2018\/03\/18\/nino-talento-venezolano-argentino-entrena-golf-en-el-templado-invierno-de-alemania\/","og_locale":"es_ES","og_type":"article","og_title":"Ni\u00f1o Talento Venezolano - Argentino Entrena Golf En El Templado Invierno De Alemania.","og_description":"Hannover &#8211; Hablamos de Antoine Adi Figueroa, ni\u00f1o talento golfista venezolano-argentino de 8 a\u00f1os. Adi como lo llama su entrenador Jens Mundhenke en el club de Golf Hannover en Alemania, ha superado los entrenamientos&#46;&#46;&#46;","og_url":"https:\/\/noti-america.com\/site\/principal\/2018\/03\/18\/nino-talento-venezolano-argentino-entrena-golf-en-el-templado-invierno-de-alemania\/","og_site_name":"Noti-America.com","article_published_time":"2018-03-18T18:29:48+00:00","og_image":[{"width":2448,"height":3264,"url":"https:\/\/noti-america.com\/site\/principal\/wp-content\/uploads\/sites\/26\/2018\/03\/IMG_7051.jpg","type":"image\/jpeg"}],"author":"Ydalith Figueroa Kad-Bay","twitter_card":"summary_large_image","twitter_creator":"@ydalithkad","twitter_misc":{"Escrito por":"Ydalith Figueroa Kad-Bay","Tiempo estimado de lectura":"1 minuto"},"schema":{"@context":"https:\/\/schema.org","@graph":[{"@type":"Article","@id":"https:\/\/noti-america.com\/site\/principal\/2018\/03\/18\/nino-talento-venezolano-argentino-entrena-golf-en-el-templado-invierno-de-alemania\/#article","isPartOf":{"@id":"https:\/\/noti-america.com\/site\/principal\/2018\/03\/18\/nino-talento-venezolano-argentino-entrena-golf-en-el-templado-invierno-de-alemania\/"},"author":{"name":"Ydalith Figueroa Kad-Bay","@id":"https:\/\/noti-america.com\/site\/principal\/#\/schema\/person\/1a24e37c3c358f389f0a111448ddb870"},"headline":"Ni\u00f1o Talento Venezolano &#8211; Argentino Entrena Golf En El Templado Invierno De Alemania.","datePublished":"2018-03-18T18:29:48+00:00","mainEntityOfPage":{"@id":"https:\/\/noti-america.com\/site\/principal\/2018\/03\/18\/nino-talento-venezolano-argentino-entrena-golf-en-el-templado-invierno-de-alemania\/"},"wordCount":235,"commentCount":0,"image":{"@id":"https:\/\/noti-america.com\/site\/principal\/2018\/03\/18\/nino-talento-venezolano-argentino-entrena-golf-en-el-templado-invierno-de-alemania\/#primaryimage"},"thumbnailUrl":"https:\/\/noti-america.com\/site\/principal\/wp-content\/uploads\/sites\/26\/2018\/03\/IMG_7051.jpg","articleSection":["Deportes","Reportaje"],"inLanguage":"es","potentialAction":[{"@type":"CommentAction","name":"Comment","target":["https:\/\/noti-america.com\/site\/principal\/2018\/03\/18\/nino-talento-venezolano-argentino-entrena-golf-en-el-templado-invierno-de-alemania\/#respond"]}]},{"@type":"WebPage","@id":"https:\/\/noti-america.com\/site\/principal\/2018\/03\/18\/nino-talento-venezolano-argentino-entrena-golf-en-el-templado-invierno-de-alemania\/","url":"https:\/\/noti-america.com\/site\/principal\/2018\/03\/18\/nino-talento-venezolano-argentino-entrena-golf-en-el-templado-invierno-de-alemania\/","name":"Ni\u00f1o Talento Venezolano - Argentino Entrena Golf En El Templado Invierno De Alemania. - Noti-America.com","isPartOf":{"@id":"https:\/\/noti-america.com\/site\/principal\/#website"},"primaryImageOfPage":{"@id":"https:\/\/noti-america.com\/site\/principal\/2018\/03\/18\/nino-talento-venezolano-argentino-entrena-golf-en-el-templado-invierno-de-alemania\/#primaryimage"},"image":{"@id":"https:\/\/noti-america.com\/site\/principal\/2018\/03\/18\/nino-talento-venezolano-argentino-entrena-golf-en-el-templado-invierno-de-alemania\/#primaryimage"},"thumbnailUrl":"https:\/\/noti-america.com\/site\/principal\/wp-content\/uploads\/sites\/26\/2018\/03\/IMG_7051.jpg","datePublished":"2018-03-18T18:29:48+00:00","author":{"@id":"https:\/\/noti-america.com\/site\/principal\/#\/schema\/person\/1a24e37c3c358f389f0a111448ddb870"},"breadcrumb":{"@id":"https:\/\/noti-america.com\/site\/principal\/2018\/03\/18\/nino-talento-venezolano-argentino-entrena-golf-en-el-templado-invierno-de-alemania\/#breadcrumb"},"inLanguage":"es","potentialAction":[{"@type":"ReadAction","target":["https:\/\/noti-america.com\/site\/principal\/2018\/03\/18\/nino-talento-venezolano-argentino-entrena-golf-en-el-templado-invierno-de-alemania\/"]}]},{"@type":"ImageObject","inLanguage":"es","@id":"https:\/\/noti-america.com\/site\/principal\/2018\/03\/18\/nino-talento-venezolano-argentino-entrena-golf-en-el-templado-invierno-de-alemania\/#primaryimage","url":"https:\/\/noti-america.com\/site\/principal\/wp-content\/uploads\/sites\/26\/2018\/03\/IMG_7051.jpg","contentUrl":"https:\/\/noti-america.com\/site\/principal\/wp-content\/uploads\/sites\/26\/2018\/03\/IMG_7051.jpg","width":2448,"height":3264},{"@type":"BreadcrumbList","@id":"https:\/\/noti-america.com\/site\/principal\/2018\/03\/18\/nino-talento-venezolano-argentino-entrena-golf-en-el-templado-invierno-de-alemania\/#breadcrumb","itemListElement":[{"@type":"ListItem","position":1,"name":"Portada","item":"https:\/\/noti-america.com\/site\/principal\/"},{"@type":"ListItem","position":2,"name":"Ni\u00f1o Talento Venezolano &#8211; Argentino Entrena Golf En El Templado Invierno De Alemania."}]},{"@type":"WebSite","@id":"https:\/\/noti-america.com\/site\/principal\/#website","url":"https:\/\/noti-america.com\/site\/principal\/","name":"Noti-America.com","description":"El Noticiero Digital M\u00e1s Grande de Am\u00e9rica","potentialAction":[{"@type":"SearchAction","target":{"@type":"EntryPoint","urlTemplate":"https:\/\/noti-america.com\/site\/principal\/?s={search_term_string}"},"query-input":{"@type":"PropertyValueSpecification","valueRequired":true,"valueName":"search_term_string"}}],"inLanguage":"es"},{"@type":"Person","@id":"https:\/\/noti-america.com\/site\/principal\/#\/schema\/person\/1a24e37c3c358f389f0a111448ddb870","name":"Ydalith Figueroa Kad-Bay","image":{"@type":"ImageObject","inLanguage":"es","@id":"https:\/\/secure.gravatar.com\/avatar\/7d1e350465afd215908c3ed413e32ef600cd41c3c21b95416252432a9f6c219c?s=96&d=mm&r=g","url":"https:\/\/secure.gravatar.com\/avatar\/7d1e350465afd215908c3ed413e32ef600cd41c3c21b95416252432a9f6c219c?s=96&d=mm&r=g","contentUrl":"https:\/\/secure.gravatar.com\/avatar\/7d1e350465afd215908c3ed413e32ef600cd41c3c21b95416252432a9f6c219c?s=96&d=mm&r=g","caption":"Ydalith Figueroa Kad-Bay"},"description":"CEO Noti-America Alemania Embajadora de Venezuela para el Proyecto de Acci\u00f3n Clim\u00e1tica de la ONU, Embajadora para la ense\u00f1anza de los ODS de la ONU, Amplificador de la Acci\u00f3n de los ODS de la ONU, Profesor Voluntario del Proyecto KAKUMA (Educaci\u00f3n de calidad para refugiados en \u00c1frica) UNHCR \u2013 ACNUR - Agencia para los refugiados de la ONU-, Miembro de la ONG Gente Y Ciudad, Embajador de las Instituciones de Microfinanzas \u201cNo a la pobreza ODS #1 de la ONU\u201d (todos tienen derecho a acceso a un cr\u00e9dito), y Voluntario al di\u00e1logo global de UN75. Twitter @ydalithkad email ydalith@yhaoo.com Locutor Profesional 32931 Universidad Central de Venezuela @ISHannover \"Colegio Internacional de Hannover Regi\u00f3n, Alemania\" Representante de Aprendizaje Innovaci\u00f3n y Tecnolog\u00eda #LMS (Sistema de Gesti\u00f3n de Aprendizaje) #LMS Gente y Ciudad &amp; Asesores Internacionales ONG Alemania. ONG \"Gente y Ciudad, Venezuela\" Miembro y Asesor especialista An\u00e1lisis de Pol\u00edtica Internacional Asesor Pol\u00edtico Internacional de Venezuela en la defensa de los Derechos Humanos y el restablecimiento Democr\u00e1tico. Diplomacia positiva y Activa. Pasi\u00f3n por el Golf Proyecto #LMS \"Golf para ni\u00f1os y adultos Internacional\" Pasi\u00f3n por los Postres Proyecto #LMS \"Postres, Que Unen a las Culturas del mundo\"","sameAs":["https:\/\/x.com\/ydalithkad"],"url":"https:\/\/noti-america.com\/site\/principal\/author\/yfigueroa\/"}]}},"_links":{"self":[{"href":"https:\/\/noti-america.com\/site\/principal\/wp-json\/wp\/v2\/posts\/1348","targetHints":{"allow":["GET"]}}],"collection":[{"href":"https:\/\/noti-america.com\/site\/principal\/wp-json\/wp\/v2\/posts"}],"about":[{"href":"https:\/\/noti-america.com\/site\/principal\/wp-json\/wp\/v2\/types\/post"}],"author":[{"embeddable":true,"href":"https:\/\/noti-america.com\/site\/principal\/wp-json\/wp\/v2\/users\/31"}],"replies":[{"embeddable":true,"href":"https:\/\/noti-america.com\/site\/principal\/wp-json\/wp\/v2\/comments?post=1348"}],"version-history":[{"count":1,"href":"https:\/\/noti-america.com\/site\/principal\/wp-json\/wp\/v2\/posts\/1348\/revisions"}],"predecessor-version":[{"id":1350,"href":"https:\/\/noti-america.com\/site\/principal\/wp-json\/wp\/v2\/posts\/1348\/revisions\/1350"}],"wp:featuredmedia":[{"embeddable":true,"href":"https:\/\/noti-america.com\/site\/principal\/wp-json\/wp\/v2\/media\/1349"}],"wp:attachment":[{"href":"https:\/\/noti-america.com\/site\/principal\/wp-json\/wp\/v2\/media?parent=1348"}],"wp:term":[{"taxonomy":"category","embeddable":true,"href":"https:\/\/noti-america.com\/site\/principal\/wp-json\/wp\/v2\/categories?post=1348"},{"taxonomy":"post_tag","embeddable":true,"href":"https:\/\/noti-america.com\/site\/principal\/wp-json\/wp\/v2\/tags?post=1348"}],"curies":[{"name":"wp","href":"https:\/\/api.w.org\/{rel}","templated":true}]}}