{"id":12830,"date":"2022-04-05T12:15:57","date_gmt":"2022-04-05T16:15:57","guid":{"rendered":"https:\/\/noti-america.com\/site\/principal\/?p=12830"},"modified":"2022-04-05T08:15:58","modified_gmt":"2022-04-05T12:15:58","slug":"ecuador-lanzara-una-ronda-licitatoria-para-el-gas-del-golfo-en-el-segundo-semestre-de-2022","status":"publish","type":"post","link":"https:\/\/noti-america.com\/site\/principal\/2022\/04\/05\/ecuador-lanzara-una-ronda-licitatoria-para-el-gas-del-golfo-en-el-segundo-semestre-de-2022\/","title":{"rendered":"Ecuador lanzar\u00e1 una ronda licitatoria para el gas del golfo en el segundo semestre de 2022"},"content":{"rendered":"<p><strong>REDACCI\u00d3N NOTI AM\u00c9RICA (ECUADOR)<\/strong><\/p>\n<div id=\"attachment_19346\" style=\"width: 692px\" class=\"wp-caption alignleft\"><img loading=\"lazy\" decoding=\"async\" aria-describedby=\"caption-attachment-19346\" class=\"wp-image-12831\" src=\"https:\/\/noti-america.com\/site\/principal\/wp-content\/uploads\/sites\/26\/2022\/04\/5-abri-WhatsApp-Image-2022-04-01-at-8.42.40-AM-300x182.jpeg\" alt=\"\" width=\"682\" height=\"414\" srcset=\"https:\/\/noti-america.com\/site\/principal\/wp-content\/uploads\/sites\/26\/2022\/04\/5-abri-WhatsApp-Image-2022-04-01-at-8.42.40-AM-300x182.jpeg 300w, https:\/\/noti-america.com\/site\/principal\/wp-content\/uploads\/sites\/26\/2022\/04\/5-abri-WhatsApp-Image-2022-04-01-at-8.42.40-AM.jpeg 658w\" sizes=\"auto, (max-width: 682px) 100vw, 682px\" \/><p id=\"caption-attachment-19346\" class=\"wp-caption-text\">El Ministerio de Energ\u00eda y Recursos Naturales No Renovables ratifica su compromiso de impulsar estrategias que permitan captar inversiones privadas para el desarrollo de proyectos e infraestructuras del sector energ\u00e9tico \u2013 minero bajo contratos de participaci\u00f3n y en el marco de la normativa legal vigente.<\/p><\/div>\n<p style=\"text-align: justify\">El Gobierno Nacional, a trav\u00e9s del Ministerio de Energ\u00eda y Recursos Naturales No Renovables,\u00a0lanzar\u00e1 una ronda offshore en el segundo semestre de 2022 para el desarrollo, a cargo de la iniciativa privada, del Campo Amistad, que produce gas natural en el Golfo de Guayaquil y que es operado por la Empresa P\u00fablica Petroecuador.<\/p>\n<p style=\"text-align: justify\">As\u00ed lo anunci\u00f3 el titular de la Cartera de Energ\u00eda, Juan Carlos Bermeo Calder\u00f3n, .<\/p>\n<p style=\"text-align: justify\">El acto tambi\u00e9n cont\u00f3 con la presencia del Asamble\u00edsta por El Oro, Carlos Falquez y del Viceministro de Minas, Xavier Vera Grunauer.<\/p>\n<p style=\"text-align: justify\">Durante su intervenci\u00f3n, el ministro Bermeo indic\u00f3:\u00a0\u201cel Campo Amistad produce alrededor de 25 millones de pies c\u00fabicos de gas, que resultan insuficientes. Por eso, en el segundo semestre de este a\u00f1o, lanzaremos una ronda abierta para captar inversi\u00f3n de empresas especializadas que permitan producir m\u00e1s\u201d.<\/p>\n<p style=\"text-align: justify\">El desarrollo de nuevas posibilidades de inversi\u00f3n que aporten a la dinamizaci\u00f3n econ\u00f3mica ecuatoriana y a la generaci\u00f3n de empleo es un claro objetivo del Gobierno. En ese contexto y en el marco del conversatorio, se resalt\u00f3 la importancia de promover la eficiencia en el Campo Amistad y en todos los proyectos del sector energ\u00e9tico \u2013 minero, estrat\u00e9gico para el Ecuador.<\/p>\n<p style=\"text-align: justify\">Seg\u00fan indic\u00f3 el ministro de Energ\u00eda, Juan Carlos Bermeo, con m\u00e1s producci\u00f3n de gas es posible una mayor generaci\u00f3n de energ\u00eda el\u00e9ctrica, lo cual beneficiar\u00eda a distintas industrias de El Oro, pues la Central Termoel\u00e9ctrica Termogas Machala podr\u00eda incrementar su potencia instalada de 252 megavatios (MW) a 410 o 429 MW.<\/p>\n<p style=\"text-align: justify\">La producci\u00f3n del Campo Amistad equivale a alrededor de\u00a04.200 barriles diarios de petr\u00f3leo.<\/p>\n<p style=\"text-align: justify\">\n","protected":false},"excerpt":{"rendered":"<p>REDACCI\u00d3N NOTI AM\u00c9RICA (ECUADOR) El Gobierno Nacional, a trav\u00e9s del Ministerio de Energ\u00eda y Recursos Naturales No Renovables,\u00a0lanzar\u00e1 una ronda offshore en el segundo semestre de 2022 para el desarrollo, a cargo de la&#46;&#46;&#46;<\/p>\n","protected":false},"author":113,"featured_media":12831,"comment_status":"open","ping_status":"open","sticky":false,"template":"","format":"standard","meta":{"_acf_changed":false,"rop_custom_images_group":[],"rop_custom_messages_group":[],"rop_publish_now":"initial","rop_publish_now_accounts":{"facebook_10219548024599422_1632221337088128":"","twitter_242054905_242054905":""},"rop_publish_now_history":[],"rop_publish_now_status":"pending","footnotes":""},"categories":[5],"tags":[],"class_list":["post-12830","post","type-post","status-publish","format-standard","has-post-thumbnail","hentry","category-economia"],"acf":[],"yoast_head":"<!-- This site is optimized with the Yoast SEO Premium plugin v24.9 (Yoast SEO v27.2) - https:\/\/yoast.com\/product\/yoast-seo-premium-wordpress\/ -->\n<title>Ecuador lanzar\u00e1 una ronda licitatoria para el gas del golfo en el segundo semestre de 2022 - Noti-America.com<\/title>\n<meta name=\"robots\" content=\"index, follow, max-snippet:-1, max-image-preview:large, max-video-preview:-1\" \/>\n<link rel=\"canonical\" href=\"https:\/\/noti-america.com\/site\/principal\/2022\/04\/05\/ecuador-lanzara-una-ronda-licitatoria-para-el-gas-del-golfo-en-el-segundo-semestre-de-2022\/\" \/>\n<meta property=\"og:locale\" content=\"es_ES\" \/>\n<meta property=\"og:type\" content=\"article\" \/>\n<meta property=\"og:title\" content=\"Ecuador lanzar\u00e1 una ronda licitatoria para el gas del golfo en el segundo semestre de 2022\" \/>\n<meta property=\"og:description\" content=\"REDACCI\u00d3N NOTI AM\u00c9RICA (ECUADOR) El Gobierno Nacional, a trav\u00e9s del Ministerio de Energ\u00eda y Recursos Naturales No Renovables,\u00a0lanzar\u00e1 una ronda offshore en el segundo semestre de 2022 para el desarrollo, a cargo de la&#046;&#046;&#046;\" \/>\n<meta property=\"og:url\" content=\"https:\/\/noti-america.com\/site\/principal\/2022\/04\/05\/ecuador-lanzara-una-ronda-licitatoria-para-el-gas-del-golfo-en-el-segundo-semestre-de-2022\/\" \/>\n<meta property=\"og:site_name\" content=\"Noti-America.com\" \/>\n<meta property=\"article:published_time\" content=\"2022-04-05T16:15:57+00:00\" \/>\n<meta property=\"og:image\" content=\"https:\/\/noti-america.com\/site\/principal\/wp-content\/uploads\/sites\/26\/2022\/04\/5-abri-WhatsApp-Image-2022-04-01-at-8.42.40-AM.jpeg\" \/>\n\t<meta property=\"og:image:width\" content=\"658\" \/>\n\t<meta property=\"og:image:height\" content=\"400\" \/>\n\t<meta property=\"og:image:type\" content=\"image\/jpeg\" \/>\n<meta name=\"author\" content=\"Henry Ortiz\" \/>\n<meta name=\"twitter:card\" content=\"summary_large_image\" \/>\n<meta name=\"twitter:label1\" content=\"Escrito por\" \/>\n\t<meta name=\"twitter:data1\" content=\"Henry Ortiz\" \/>\n\t<meta name=\"twitter:label2\" content=\"Tiempo estimado de lectura\" \/>\n\t<meta name=\"twitter:data2\" content=\"2 minutos\" \/>\n<script type=\"application\/ld+json\" class=\"yoast-schema-graph\">{\"@context\":\"https:\/\/schema.org\",\"@graph\":[{\"@type\":\"Article\",\"@id\":\"https:\/\/noti-america.com\/site\/principal\/2022\/04\/05\/ecuador-lanzara-una-ronda-licitatoria-para-el-gas-del-golfo-en-el-segundo-semestre-de-2022\/#article\",\"isPartOf\":{\"@id\":\"https:\/\/noti-america.com\/site\/principal\/2022\/04\/05\/ecuador-lanzara-una-ronda-licitatoria-para-el-gas-del-golfo-en-el-segundo-semestre-de-2022\/\"},\"author\":{\"name\":\"Henry Ortiz\",\"@id\":\"https:\/\/noti-america.com\/site\/principal\/#\/schema\/person\/b9d1630cc6598af759d45c790a347283\"},\"headline\":\"Ecuador lanzar\u00e1 una ronda licitatoria para el gas del golfo en el segundo semestre de 2022\",\"datePublished\":\"2022-04-05T16:15:57+00:00\",\"mainEntityOfPage\":{\"@id\":\"https:\/\/noti-america.com\/site\/principal\/2022\/04\/05\/ecuador-lanzara-una-ronda-licitatoria-para-el-gas-del-golfo-en-el-segundo-semestre-de-2022\/\"},\"wordCount\":360,\"commentCount\":0,\"image\":{\"@id\":\"https:\/\/noti-america.com\/site\/principal\/2022\/04\/05\/ecuador-lanzara-una-ronda-licitatoria-para-el-gas-del-golfo-en-el-segundo-semestre-de-2022\/#primaryimage\"},\"thumbnailUrl\":\"https:\/\/noti-america.com\/site\/principal\/wp-content\/uploads\/sites\/26\/2022\/04\/5-abri-WhatsApp-Image-2022-04-01-at-8.42.40-AM.jpeg\",\"articleSection\":[\"Econom\u00eda\"],\"inLanguage\":\"es\",\"potentialAction\":[{\"@type\":\"CommentAction\",\"name\":\"Comment\",\"target\":[\"https:\/\/noti-america.com\/site\/principal\/2022\/04\/05\/ecuador-lanzara-una-ronda-licitatoria-para-el-gas-del-golfo-en-el-segundo-semestre-de-2022\/#respond\"]}]},{\"@type\":\"WebPage\",\"@id\":\"https:\/\/noti-america.com\/site\/principal\/2022\/04\/05\/ecuador-lanzara-una-ronda-licitatoria-para-el-gas-del-golfo-en-el-segundo-semestre-de-2022\/\",\"url\":\"https:\/\/noti-america.com\/site\/principal\/2022\/04\/05\/ecuador-lanzara-una-ronda-licitatoria-para-el-gas-del-golfo-en-el-segundo-semestre-de-2022\/\",\"name\":\"Ecuador lanzar\u00e1 una ronda licitatoria para el gas del golfo en el segundo semestre de 2022 - Noti-America.com\",\"isPartOf\":{\"@id\":\"https:\/\/noti-america.com\/site\/principal\/#website\"},\"primaryImageOfPage\":{\"@id\":\"https:\/\/noti-america.com\/site\/principal\/2022\/04\/05\/ecuador-lanzara-una-ronda-licitatoria-para-el-gas-del-golfo-en-el-segundo-semestre-de-2022\/#primaryimage\"},\"image\":{\"@id\":\"https:\/\/noti-america.com\/site\/principal\/2022\/04\/05\/ecuador-lanzara-una-ronda-licitatoria-para-el-gas-del-golfo-en-el-segundo-semestre-de-2022\/#primaryimage\"},\"thumbnailUrl\":\"https:\/\/noti-america.com\/site\/principal\/wp-content\/uploads\/sites\/26\/2022\/04\/5-abri-WhatsApp-Image-2022-04-01-at-8.42.40-AM.jpeg\",\"datePublished\":\"2022-04-05T16:15:57+00:00\",\"author\":{\"@id\":\"https:\/\/noti-america.com\/site\/principal\/#\/schema\/person\/b9d1630cc6598af759d45c790a347283\"},\"breadcrumb\":{\"@id\":\"https:\/\/noti-america.com\/site\/principal\/2022\/04\/05\/ecuador-lanzara-una-ronda-licitatoria-para-el-gas-del-golfo-en-el-segundo-semestre-de-2022\/#breadcrumb\"},\"inLanguage\":\"es\",\"potentialAction\":[{\"@type\":\"ReadAction\",\"target\":[\"https:\/\/noti-america.com\/site\/principal\/2022\/04\/05\/ecuador-lanzara-una-ronda-licitatoria-para-el-gas-del-golfo-en-el-segundo-semestre-de-2022\/\"]}]},{\"@type\":\"ImageObject\",\"inLanguage\":\"es\",\"@id\":\"https:\/\/noti-america.com\/site\/principal\/2022\/04\/05\/ecuador-lanzara-una-ronda-licitatoria-para-el-gas-del-golfo-en-el-segundo-semestre-de-2022\/#primaryimage\",\"url\":\"https:\/\/noti-america.com\/site\/principal\/wp-content\/uploads\/sites\/26\/2022\/04\/5-abri-WhatsApp-Image-2022-04-01-at-8.42.40-AM.jpeg\",\"contentUrl\":\"https:\/\/noti-america.com\/site\/principal\/wp-content\/uploads\/sites\/26\/2022\/04\/5-abri-WhatsApp-Image-2022-04-01-at-8.42.40-AM.jpeg\",\"width\":658,\"height\":400},{\"@type\":\"BreadcrumbList\",\"@id\":\"https:\/\/noti-america.com\/site\/principal\/2022\/04\/05\/ecuador-lanzara-una-ronda-licitatoria-para-el-gas-del-golfo-en-el-segundo-semestre-de-2022\/#breadcrumb\",\"itemListElement\":[{\"@type\":\"ListItem\",\"position\":1,\"name\":\"Portada\",\"item\":\"https:\/\/noti-america.com\/site\/principal\/\"},{\"@type\":\"ListItem\",\"position\":2,\"name\":\"Ecuador lanzar\u00e1 una ronda licitatoria para el gas del golfo en el segundo semestre de 2022\"}]},{\"@type\":\"WebSite\",\"@id\":\"https:\/\/noti-america.com\/site\/principal\/#website\",\"url\":\"https:\/\/noti-america.com\/site\/principal\/\",\"name\":\"Noti-America.com\",\"description\":\"El Noticiero Digital M\u00e1s Grande de Am\u00e9rica\",\"potentialAction\":[{\"@type\":\"SearchAction\",\"target\":{\"@type\":\"EntryPoint\",\"urlTemplate\":\"https:\/\/noti-america.com\/site\/principal\/?s={search_term_string}\"},\"query-input\":{\"@type\":\"PropertyValueSpecification\",\"valueRequired\":true,\"valueName\":\"search_term_string\"}}],\"inLanguage\":\"es\"},{\"@type\":\"Person\",\"@id\":\"https:\/\/noti-america.com\/site\/principal\/#\/schema\/person\/b9d1630cc6598af759d45c790a347283\",\"name\":\"Henry Ortiz\",\"image\":{\"@type\":\"ImageObject\",\"inLanguage\":\"es\",\"@id\":\"https:\/\/secure.gravatar.com\/avatar\/0b5407b5b302fbb6a578e625dca512ac2983ee5fa9ea941d581b83c40212e4c8?s=96&d=mm&r=g\",\"url\":\"https:\/\/secure.gravatar.com\/avatar\/0b5407b5b302fbb6a578e625dca512ac2983ee5fa9ea941d581b83c40212e4c8?s=96&d=mm&r=g\",\"contentUrl\":\"https:\/\/secure.gravatar.com\/avatar\/0b5407b5b302fbb6a578e625dca512ac2983ee5fa9ea941d581b83c40212e4c8?s=96&d=mm&r=g\",\"caption\":\"Henry Ortiz\"},\"url\":\"https:\/\/noti-america.com\/site\/principal\/author\/hortiz\/\"}]}<\/script>\n<!-- \/ Yoast SEO Premium plugin. -->","yoast_head_json":{"title":"Ecuador lanzar\u00e1 una ronda licitatoria para el gas del golfo en el segundo semestre de 2022 - Noti-America.com","robots":{"index":"index","follow":"follow","max-snippet":"max-snippet:-1","max-image-preview":"max-image-preview:large","max-video-preview":"max-video-preview:-1"},"canonical":"https:\/\/noti-america.com\/site\/principal\/2022\/04\/05\/ecuador-lanzara-una-ronda-licitatoria-para-el-gas-del-golfo-en-el-segundo-semestre-de-2022\/","og_locale":"es_ES","og_type":"article","og_title":"Ecuador lanzar\u00e1 una ronda licitatoria para el gas del golfo en el segundo semestre de 2022","og_description":"REDACCI\u00d3N NOTI AM\u00c9RICA (ECUADOR) El Gobierno Nacional, a trav\u00e9s del Ministerio de Energ\u00eda y Recursos Naturales No Renovables,\u00a0lanzar\u00e1 una ronda offshore en el segundo semestre de 2022 para el desarrollo, a cargo de la&#46;&#46;&#46;","og_url":"https:\/\/noti-america.com\/site\/principal\/2022\/04\/05\/ecuador-lanzara-una-ronda-licitatoria-para-el-gas-del-golfo-en-el-segundo-semestre-de-2022\/","og_site_name":"Noti-America.com","article_published_time":"2022-04-05T16:15:57+00:00","og_image":[{"width":658,"height":400,"url":"https:\/\/noti-america.com\/site\/principal\/wp-content\/uploads\/sites\/26\/2022\/04\/5-abri-WhatsApp-Image-2022-04-01-at-8.42.40-AM.jpeg","type":"image\/jpeg"}],"author":"Henry Ortiz","twitter_card":"summary_large_image","twitter_misc":{"Escrito por":"Henry Ortiz","Tiempo estimado de lectura":"2 minutos"},"schema":{"@context":"https:\/\/schema.org","@graph":[{"@type":"Article","@id":"https:\/\/noti-america.com\/site\/principal\/2022\/04\/05\/ecuador-lanzara-una-ronda-licitatoria-para-el-gas-del-golfo-en-el-segundo-semestre-de-2022\/#article","isPartOf":{"@id":"https:\/\/noti-america.com\/site\/principal\/2022\/04\/05\/ecuador-lanzara-una-ronda-licitatoria-para-el-gas-del-golfo-en-el-segundo-semestre-de-2022\/"},"author":{"name":"Henry Ortiz","@id":"https:\/\/noti-america.com\/site\/principal\/#\/schema\/person\/b9d1630cc6598af759d45c790a347283"},"headline":"Ecuador lanzar\u00e1 una ronda licitatoria para el gas del golfo en el segundo semestre de 2022","datePublished":"2022-04-05T16:15:57+00:00","mainEntityOfPage":{"@id":"https:\/\/noti-america.com\/site\/principal\/2022\/04\/05\/ecuador-lanzara-una-ronda-licitatoria-para-el-gas-del-golfo-en-el-segundo-semestre-de-2022\/"},"wordCount":360,"commentCount":0,"image":{"@id":"https:\/\/noti-america.com\/site\/principal\/2022\/04\/05\/ecuador-lanzara-una-ronda-licitatoria-para-el-gas-del-golfo-en-el-segundo-semestre-de-2022\/#primaryimage"},"thumbnailUrl":"https:\/\/noti-america.com\/site\/principal\/wp-content\/uploads\/sites\/26\/2022\/04\/5-abri-WhatsApp-Image-2022-04-01-at-8.42.40-AM.jpeg","articleSection":["Econom\u00eda"],"inLanguage":"es","potentialAction":[{"@type":"CommentAction","name":"Comment","target":["https:\/\/noti-america.com\/site\/principal\/2022\/04\/05\/ecuador-lanzara-una-ronda-licitatoria-para-el-gas-del-golfo-en-el-segundo-semestre-de-2022\/#respond"]}]},{"@type":"WebPage","@id":"https:\/\/noti-america.com\/site\/principal\/2022\/04\/05\/ecuador-lanzara-una-ronda-licitatoria-para-el-gas-del-golfo-en-el-segundo-semestre-de-2022\/","url":"https:\/\/noti-america.com\/site\/principal\/2022\/04\/05\/ecuador-lanzara-una-ronda-licitatoria-para-el-gas-del-golfo-en-el-segundo-semestre-de-2022\/","name":"Ecuador lanzar\u00e1 una ronda licitatoria para el gas del golfo en el segundo semestre de 2022 - Noti-America.com","isPartOf":{"@id":"https:\/\/noti-america.com\/site\/principal\/#website"},"primaryImageOfPage":{"@id":"https:\/\/noti-america.com\/site\/principal\/2022\/04\/05\/ecuador-lanzara-una-ronda-licitatoria-para-el-gas-del-golfo-en-el-segundo-semestre-de-2022\/#primaryimage"},"image":{"@id":"https:\/\/noti-america.com\/site\/principal\/2022\/04\/05\/ecuador-lanzara-una-ronda-licitatoria-para-el-gas-del-golfo-en-el-segundo-semestre-de-2022\/#primaryimage"},"thumbnailUrl":"https:\/\/noti-america.com\/site\/principal\/wp-content\/uploads\/sites\/26\/2022\/04\/5-abri-WhatsApp-Image-2022-04-01-at-8.42.40-AM.jpeg","datePublished":"2022-04-05T16:15:57+00:00","author":{"@id":"https:\/\/noti-america.com\/site\/principal\/#\/schema\/person\/b9d1630cc6598af759d45c790a347283"},"breadcrumb":{"@id":"https:\/\/noti-america.com\/site\/principal\/2022\/04\/05\/ecuador-lanzara-una-ronda-licitatoria-para-el-gas-del-golfo-en-el-segundo-semestre-de-2022\/#breadcrumb"},"inLanguage":"es","potentialAction":[{"@type":"ReadAction","target":["https:\/\/noti-america.com\/site\/principal\/2022\/04\/05\/ecuador-lanzara-una-ronda-licitatoria-para-el-gas-del-golfo-en-el-segundo-semestre-de-2022\/"]}]},{"@type":"ImageObject","inLanguage":"es","@id":"https:\/\/noti-america.com\/site\/principal\/2022\/04\/05\/ecuador-lanzara-una-ronda-licitatoria-para-el-gas-del-golfo-en-el-segundo-semestre-de-2022\/#primaryimage","url":"https:\/\/noti-america.com\/site\/principal\/wp-content\/uploads\/sites\/26\/2022\/04\/5-abri-WhatsApp-Image-2022-04-01-at-8.42.40-AM.jpeg","contentUrl":"https:\/\/noti-america.com\/site\/principal\/wp-content\/uploads\/sites\/26\/2022\/04\/5-abri-WhatsApp-Image-2022-04-01-at-8.42.40-AM.jpeg","width":658,"height":400},{"@type":"BreadcrumbList","@id":"https:\/\/noti-america.com\/site\/principal\/2022\/04\/05\/ecuador-lanzara-una-ronda-licitatoria-para-el-gas-del-golfo-en-el-segundo-semestre-de-2022\/#breadcrumb","itemListElement":[{"@type":"ListItem","position":1,"name":"Portada","item":"https:\/\/noti-america.com\/site\/principal\/"},{"@type":"ListItem","position":2,"name":"Ecuador lanzar\u00e1 una ronda licitatoria para el gas del golfo en el segundo semestre de 2022"}]},{"@type":"WebSite","@id":"https:\/\/noti-america.com\/site\/principal\/#website","url":"https:\/\/noti-america.com\/site\/principal\/","name":"Noti-America.com","description":"El Noticiero Digital M\u00e1s Grande de Am\u00e9rica","potentialAction":[{"@type":"SearchAction","target":{"@type":"EntryPoint","urlTemplate":"https:\/\/noti-america.com\/site\/principal\/?s={search_term_string}"},"query-input":{"@type":"PropertyValueSpecification","valueRequired":true,"valueName":"search_term_string"}}],"inLanguage":"es"},{"@type":"Person","@id":"https:\/\/noti-america.com\/site\/principal\/#\/schema\/person\/b9d1630cc6598af759d45c790a347283","name":"Henry Ortiz","image":{"@type":"ImageObject","inLanguage":"es","@id":"https:\/\/secure.gravatar.com\/avatar\/0b5407b5b302fbb6a578e625dca512ac2983ee5fa9ea941d581b83c40212e4c8?s=96&d=mm&r=g","url":"https:\/\/secure.gravatar.com\/avatar\/0b5407b5b302fbb6a578e625dca512ac2983ee5fa9ea941d581b83c40212e4c8?s=96&d=mm&r=g","contentUrl":"https:\/\/secure.gravatar.com\/avatar\/0b5407b5b302fbb6a578e625dca512ac2983ee5fa9ea941d581b83c40212e4c8?s=96&d=mm&r=g","caption":"Henry Ortiz"},"url":"https:\/\/noti-america.com\/site\/principal\/author\/hortiz\/"}]}},"_links":{"self":[{"href":"https:\/\/noti-america.com\/site\/principal\/wp-json\/wp\/v2\/posts\/12830","targetHints":{"allow":["GET"]}}],"collection":[{"href":"https:\/\/noti-america.com\/site\/principal\/wp-json\/wp\/v2\/posts"}],"about":[{"href":"https:\/\/noti-america.com\/site\/principal\/wp-json\/wp\/v2\/types\/post"}],"author":[{"embeddable":true,"href":"https:\/\/noti-america.com\/site\/principal\/wp-json\/wp\/v2\/users\/113"}],"replies":[{"embeddable":true,"href":"https:\/\/noti-america.com\/site\/principal\/wp-json\/wp\/v2\/comments?post=12830"}],"version-history":[{"count":1,"href":"https:\/\/noti-america.com\/site\/principal\/wp-json\/wp\/v2\/posts\/12830\/revisions"}],"predecessor-version":[{"id":12832,"href":"https:\/\/noti-america.com\/site\/principal\/wp-json\/wp\/v2\/posts\/12830\/revisions\/12832"}],"wp:featuredmedia":[{"embeddable":true,"href":"https:\/\/noti-america.com\/site\/principal\/wp-json\/wp\/v2\/media\/12831"}],"wp:attachment":[{"href":"https:\/\/noti-america.com\/site\/principal\/wp-json\/wp\/v2\/media?parent=12830"}],"wp:term":[{"taxonomy":"category","embeddable":true,"href":"https:\/\/noti-america.com\/site\/principal\/wp-json\/wp\/v2\/categories?post=12830"},{"taxonomy":"post_tag","embeddable":true,"href":"https:\/\/noti-america.com\/site\/principal\/wp-json\/wp\/v2\/tags?post=12830"}],"curies":[{"name":"wp","href":"https:\/\/api.w.org\/{rel}","templated":true}]}}