{"id":1215,"date":"2018-03-16T13:13:24","date_gmt":"2018-03-16T13:13:24","guid":{"rendered":"http:\/\/noti-america.com\/site\/alemania\/?p=1215"},"modified":"2018-03-16T13:13:24","modified_gmt":"2018-03-16T13:13:24","slug":"robots-vs-seres-humanos-eliminara-la-automatizacion-el-empleo","status":"publish","type":"post","link":"https:\/\/noti-america.com\/site\/principal\/2018\/03\/16\/robots-vs-seres-humanos-eliminara-la-automatizacion-el-empleo\/","title":{"rendered":"Robots vs. seres humanos: \u00bfEliminar\u00e1 la automatizaci\u00f3n el empleo?"},"content":{"rendered":"<p><span class=\"dateline\">Madrid, 16\u00a0mar <span class=\"credit\">(dpa)<\/span> &#8211; <\/span>La automatizaci\u00f3n de la econom\u00eda a trav\u00e9s de la inteligencia artificial, los robots y otras m\u00e1quinas inteligentes ya es una realidad, pero en las pr\u00f3ximas d\u00e9cadas se extender\u00e1 a muchos m\u00e1s sectores, con consecuencias hasta cierto punto a\u00fan imprevisibles para el empleo de los seres humanos.<\/p>\n<div class=\"detailtext lang-es\" lang=\"es\">\n<p>Los expertos coinciden en que se trata de una realidad imparable y adem\u00e1s deseable en el sentido de que permitir\u00e1 aumentar la productividad con beneficios claros para la econom\u00eda y mejores productos y servicios.<\/p>\n<p>Pero, a la vez constituye un desaf\u00edo urgente para los gobiernos crear una red social que evite que surjan \u00abbolsas de perdedores netos\u00bb del proceso, en palabras del profesor Miguel \u00c1ngel Malo, experto en asuntos laborales del Departamento de Econom\u00eda e Historia Econ\u00f3mica de la Universidad de Salamanca.<\/p>\n<p>La empresa de asesor\u00eda y consultor\u00eda PwC estim\u00f3 en uno de sus recientes informes que estas tecnolog\u00edas podr\u00edan contribuir hasta en un 14 por ciento al PIB\u00a0mundial para 2030, equivalente a unos 15 billones de d\u00f3lares. Y en otro presentado a finales de febrero, analiza qu\u00e9 sectores y pa\u00edses ser\u00edan los m\u00e1s afectados de un grupo de 29 (27 miembros de la OCDE\u00a0m\u00e1s Singapur y Rusia).<\/p>\n<p>Aunque el informe destaca la importancia de la automatizaci\u00f3n sobre todo en sectores como el transporte, la industria y la construcci\u00f3n, PwC considera que la p\u00e9rdida de empleo que se produzca en la d\u00e9cada de 2030, cuando se considera que se habr\u00e1 desplegado ampliamente, se ver\u00e1 compensada por nuevos trabajos que surjan del nuevo sistema. No se generar\u00e1 un desempleo mayor \u00abque el que se ha producido en las d\u00e9cadas desde que comenz\u00f3 la revoluci\u00f3n digital\u00bb, se\u00f1ala.<\/p>\n<p>Uno de los problemas de este planteamiento es sin embargo que \u00abes m\u00e1s f\u00e1cil estimar qu\u00e9 profesiones se van a perder que las nuevas que van a aparecer, cu\u00e1l ser\u00e1 su forma concreta es muy dif\u00edcil de preveer. Sabemos c\u00f3mo va a afectar pero no lo que va a surgir. Nos cuesta mucho imaginarlo\u00bb, igual que ocurr\u00eda en el pasado con las primeras m\u00e1quinas, se\u00f1ala Miguel \u00c1ngel Malo, cuando nadie pod\u00eda pensar que existir\u00eda un trabajo como el de programador.<\/p>\n<p>En la d\u00e9cada de 2030, PwC cree que en las econom\u00edas con mayor peso de la industria y, por lo tanto, con trabajos m\u00e1s f\u00e1ciles de automatizar, el porcentaje de puestos de trabajo en riesgo puede llegar al 44% en el caso del Eslovaquia, al 39% en el de Italia o al 37% de Alemania. Espa\u00f1a se sit\u00faa en un 34%, y Chile en un 27%.<\/p>\n<p>En otros pa\u00edses donde la actividad est\u00e1 m\u00e1s concentrada en el sector servicios, como sucede en Estados Unidos, Francia o el Reino Unido, la proporci\u00f3n de trabajos en peligro ser\u00e1 del 38%, 37% y 30%, respectivamente.<\/p>\n<p>Por tipo de trabajador, el cambio afectar\u00e1 m\u00e1s a los hombres (39%) que a las mujeres (28%). Y a aquellos empleados con un nivel de formaci\u00f3n medio (39%) o bajo (44%), pero tambi\u00e9n a los llamados \u00abtrabajadores de cuello blanco\u00bb siempre que sus tareas puedan realizarse de acuerdo con reglas, en un proceso ordenado o con algoritmos.<\/p>\n<p>Pero no es un cambio necesariamente negativo, justo por este aumento de la productividad. \u00abImaginemos un onc\u00f3logo que tiene su saber hacer m\u00e1s el apoyo de la inteligencia artificial, que sustituye buena parte de lo que tiene que hacer en la actualidad, lo que le permite concentrarse en la toma de decisiones o nuevos tratamientos\u00bb, explica Miguel \u00c1ngel Malo.<\/p>\n<p>Otro experto en temas laborales, el catedr\u00e1tico de Econom\u00eda Aplicada Rafael Mu\u00f1oz de Bustillo Llorente, tambi\u00e9n de la Universidad de Salamanca, se\u00f1ala que de todos modos hay que tomar con cautela los estudios como el de PwC, ya que suelen estar hechos por \u00abtecn\u00f3logos\u00bb demasiado influidos por un proceso de cambio que en el resto de la sociedad va mucho m\u00e1s lento.<\/p>\n<p>Pero en todo caso el papel del Estado es central:\u00a0en ayudar a las personas a adaptarse a los cambios, formarlas o especializarlas, proteger los derechos de los trabajadores y darles una red de apoyo cuando se enfrenten al desempleo. Todo eso en base a la productividad extra que se conseguir\u00e1 con los cambios tecnol\u00f3gicos, subraya Mu\u00f1oz de Bustillo.<\/p>\n<p>En este sentido una de las opciones que se baraja es la de la renta b\u00e1sica universal, aunque ninguno de los dos expertos cree que sea una soluci\u00f3n aplicable de forma general, sino que habr\u00eda que matizarla para destinar m\u00e1s recursos a quienes m\u00e1s los necesitan.<\/p>\n<p>\u00abVamos a un mundo en el que los empleos van a durar menos y las transiciones del empleo al desempleo van a ser m\u00e1s frecuentes. Es necesario crear una nueva red de seguridad social\u00bb, afirma Miguel \u00c1ngel Malo. \u00abIr hacia un mundo con un m\u00ednimo garantizado, de modo de que la gente no caiga en lo m\u00e1s bajo, que es cuando m\u00e1s dif\u00edcil es reinsertar a una persona\u00bb.<\/p>\n<p>Espa\u00f1a no est\u00e1 preparada para estos cambios ni es un debate presente en los \u00e1mbitos p\u00fablicos, lamenta Mu\u00f1oz de Bustillo. \u00abNo hay m\u00e1s que ver las partidas presupuestarias, en las que la inversi\u00f3n en I+D+I [investigaci\u00f3n, desarrollo e innovaci\u00f3n] se ha desmontado y Espa\u00f1a est\u00e1 muy por debajo no ya del 3% del PIB\u00a0que destina Suecia, sino del 2% de media de la Uni\u00f3n Europea\u00bb.<\/p>\n<p>\u00bfY en Am\u00e9rica Latina?\u00a0Una reciente publicaci\u00f3n del Banco Interamericano de Desarrollo (BID) con numerosos expertos mostraba la preocupaci\u00f3n por el tema. Uno de los problemas m\u00e1s graves a enfrentar en la regi\u00f3n ser\u00e1 probablemente la profundizaci\u00f3n de la \u00abdualizaci\u00f3n\u00bb que ya existe, es decir la polarizaci\u00f3n, con la destrucci\u00f3n de la parte media del ingreso social, explica Mu\u00f1oz de Bustillo.<\/p>\n<p>Dani Rodrik, de la Universidad de Harvard, lo resum\u00eda as\u00ed en una entrevista de la publicaci\u00f3n del BID:\u00a0\u00abGran parte de Am\u00e9rica Latina se ve afectada por la paradoja de que los sectores m\u00e1s modernos de la econom\u00eda tienen un excelente desempe\u00f1o, son tan sofisticados como los de cualquier otro lugar del mundo. Sin embargo, la productividad<br \/>\ngeneral de la econom\u00eda es d\u00e9bil. Resolver esta dualidad es el principal desaf\u00edo\u00bb.<\/p>\n<p>La soluci\u00f3n a largo plazo se encuentra en la educaci\u00f3n y la mejora<br \/>\nde las instituciones, subrayaba. \u00abEn el corto y mediano plazo, necesitamos que los gobiernos sean \u00e1giles y experimenten, ayudando a<br \/>\nlas firmas de los sectores m\u00e1s modernos\u00bb y con soluciones aplicadas a cada actividad, ya que no hay recetas generalizables. \u00abEsta es la raz\u00f3n por la cual necesitamos gobiernos que se involucren m\u00e1s en la pr\u00e1ctica\u00bb.<\/p>\n<p>Mu\u00f1oz Bustillo destaca al respecto:\u00a0\u00abEl Estado de Bienestar es viable siempre y cuando tenga las coaliciones pol\u00edticas que lo respalden\u00bb. Hay que crear mecanismos que distribuyan esa productividad extra que se genere, \u00abeso es el Estado de Bienestar\u00bb.<\/p>\n<p>CP (<i class=\"lang-es\"><span class=\" readonly\" title=\"\">Romina L\u00f3pez La Rosa-dpa)<\/span><\/i><\/p>\n<\/div>\n","protected":false},"excerpt":{"rendered":"<p>Madrid, 16\u00a0mar (dpa) &#8211; La automatizaci\u00f3n de la econom\u00eda a trav\u00e9s de la inteligencia artificial, los robots y otras m\u00e1quinas inteligentes ya es una realidad, pero en las pr\u00f3ximas d\u00e9cadas se extender\u00e1 a muchos&#46;&#46;&#46;<\/p>\n","protected":false},"author":31,"featured_media":1216,"comment_status":"open","ping_status":"open","sticky":false,"template":"","format":"standard","meta":{"_acf_changed":false,"rop_custom_images_group":[],"rop_custom_messages_group":[],"rop_publish_now":"initial","rop_publish_now_accounts":{"facebook_10219548024599422_1632221337088128":"","twitter_242054905_242054905":""},"rop_publish_now_history":[],"rop_publish_now_status":"pending","footnotes":""},"categories":[9],"tags":[],"class_list":["post-1215","post","type-post","status-publish","format-standard","has-post-thumbnail","hentry","category-tecnologia"],"acf":[],"yoast_head":"<!-- This site is optimized with the Yoast SEO Premium plugin v24.9 (Yoast SEO v27.2) - https:\/\/yoast.com\/product\/yoast-seo-premium-wordpress\/ -->\n<title>Robots vs. seres humanos: \u00bfEliminar\u00e1 la automatizaci\u00f3n el empleo? - Noti-America.com<\/title>\n<meta name=\"robots\" content=\"index, follow, max-snippet:-1, max-image-preview:large, max-video-preview:-1\" \/>\n<link rel=\"canonical\" href=\"https:\/\/noti-america.com\/site\/principal\/2018\/03\/16\/robots-vs-seres-humanos-eliminara-la-automatizacion-el-empleo\/\" \/>\n<meta property=\"og:locale\" content=\"es_ES\" \/>\n<meta property=\"og:type\" content=\"article\" \/>\n<meta property=\"og:title\" content=\"Robots vs. seres humanos: \u00bfEliminar\u00e1 la automatizaci\u00f3n el empleo?\" \/>\n<meta property=\"og:description\" content=\"Madrid, 16\u00a0mar (dpa) &#8211; La automatizaci\u00f3n de la econom\u00eda a trav\u00e9s de la inteligencia artificial, los robots y otras m\u00e1quinas inteligentes ya es una realidad, pero en las pr\u00f3ximas d\u00e9cadas se extender\u00e1 a muchos&#046;&#046;&#046;\" \/>\n<meta property=\"og:url\" content=\"https:\/\/noti-america.com\/site\/principal\/2018\/03\/16\/robots-vs-seres-humanos-eliminara-la-automatizacion-el-empleo\/\" \/>\n<meta property=\"og:site_name\" content=\"Noti-America.com\" \/>\n<meta property=\"article:published_time\" content=\"2018-03-16T13:13:24+00:00\" \/>\n<meta property=\"og:image\" content=\"https:\/\/noti-america.com\/site\/principal\/wp-content\/uploads\/sites\/26\/2018\/03\/robots-trabajan.jpg\" \/>\n\t<meta property=\"og:image:width\" content=\"1023\" \/>\n\t<meta property=\"og:image:height\" content=\"630\" \/>\n\t<meta property=\"og:image:type\" content=\"image\/jpeg\" \/>\n<meta name=\"author\" content=\"Ydalith Figueroa Kad-Bay\" \/>\n<meta name=\"twitter:card\" content=\"summary_large_image\" \/>\n<meta name=\"twitter:creator\" content=\"@ydalithkad\" \/>\n<meta name=\"twitter:label1\" content=\"Escrito por\" \/>\n\t<meta name=\"twitter:data1\" content=\"Ydalith Figueroa Kad-Bay\" \/>\n\t<meta name=\"twitter:label2\" content=\"Tiempo estimado de lectura\" \/>\n\t<meta name=\"twitter:data2\" content=\"6 minutos\" \/>\n<script type=\"application\/ld+json\" class=\"yoast-schema-graph\">{\"@context\":\"https:\/\/schema.org\",\"@graph\":[{\"@type\":\"Article\",\"@id\":\"https:\/\/noti-america.com\/site\/principal\/2018\/03\/16\/robots-vs-seres-humanos-eliminara-la-automatizacion-el-empleo\/#article\",\"isPartOf\":{\"@id\":\"https:\/\/noti-america.com\/site\/principal\/2018\/03\/16\/robots-vs-seres-humanos-eliminara-la-automatizacion-el-empleo\/\"},\"author\":{\"name\":\"Ydalith Figueroa Kad-Bay\",\"@id\":\"https:\/\/noti-america.com\/site\/principal\/#\/schema\/person\/1a24e37c3c358f389f0a111448ddb870\"},\"headline\":\"Robots vs. seres humanos: \u00bfEliminar\u00e1 la automatizaci\u00f3n el empleo?\",\"datePublished\":\"2018-03-16T13:13:24+00:00\",\"mainEntityOfPage\":{\"@id\":\"https:\/\/noti-america.com\/site\/principal\/2018\/03\/16\/robots-vs-seres-humanos-eliminara-la-automatizacion-el-empleo\/\"},\"wordCount\":1220,\"commentCount\":0,\"image\":{\"@id\":\"https:\/\/noti-america.com\/site\/principal\/2018\/03\/16\/robots-vs-seres-humanos-eliminara-la-automatizacion-el-empleo\/#primaryimage\"},\"thumbnailUrl\":\"https:\/\/noti-america.com\/site\/principal\/wp-content\/uploads\/sites\/26\/2018\/03\/robots-trabajan.jpg\",\"articleSection\":[\"Tecnolog\u00eda\"],\"inLanguage\":\"es\",\"potentialAction\":[{\"@type\":\"CommentAction\",\"name\":\"Comment\",\"target\":[\"https:\/\/noti-america.com\/site\/principal\/2018\/03\/16\/robots-vs-seres-humanos-eliminara-la-automatizacion-el-empleo\/#respond\"]}]},{\"@type\":\"WebPage\",\"@id\":\"https:\/\/noti-america.com\/site\/principal\/2018\/03\/16\/robots-vs-seres-humanos-eliminara-la-automatizacion-el-empleo\/\",\"url\":\"https:\/\/noti-america.com\/site\/principal\/2018\/03\/16\/robots-vs-seres-humanos-eliminara-la-automatizacion-el-empleo\/\",\"name\":\"Robots vs. seres humanos: \u00bfEliminar\u00e1 la automatizaci\u00f3n el empleo? - Noti-America.com\",\"isPartOf\":{\"@id\":\"https:\/\/noti-america.com\/site\/principal\/#website\"},\"primaryImageOfPage\":{\"@id\":\"https:\/\/noti-america.com\/site\/principal\/2018\/03\/16\/robots-vs-seres-humanos-eliminara-la-automatizacion-el-empleo\/#primaryimage\"},\"image\":{\"@id\":\"https:\/\/noti-america.com\/site\/principal\/2018\/03\/16\/robots-vs-seres-humanos-eliminara-la-automatizacion-el-empleo\/#primaryimage\"},\"thumbnailUrl\":\"https:\/\/noti-america.com\/site\/principal\/wp-content\/uploads\/sites\/26\/2018\/03\/robots-trabajan.jpg\",\"datePublished\":\"2018-03-16T13:13:24+00:00\",\"author\":{\"@id\":\"https:\/\/noti-america.com\/site\/principal\/#\/schema\/person\/1a24e37c3c358f389f0a111448ddb870\"},\"breadcrumb\":{\"@id\":\"https:\/\/noti-america.com\/site\/principal\/2018\/03\/16\/robots-vs-seres-humanos-eliminara-la-automatizacion-el-empleo\/#breadcrumb\"},\"inLanguage\":\"es\",\"potentialAction\":[{\"@type\":\"ReadAction\",\"target\":[\"https:\/\/noti-america.com\/site\/principal\/2018\/03\/16\/robots-vs-seres-humanos-eliminara-la-automatizacion-el-empleo\/\"]}]},{\"@type\":\"ImageObject\",\"inLanguage\":\"es\",\"@id\":\"https:\/\/noti-america.com\/site\/principal\/2018\/03\/16\/robots-vs-seres-humanos-eliminara-la-automatizacion-el-empleo\/#primaryimage\",\"url\":\"https:\/\/noti-america.com\/site\/principal\/wp-content\/uploads\/sites\/26\/2018\/03\/robots-trabajan.jpg\",\"contentUrl\":\"https:\/\/noti-america.com\/site\/principal\/wp-content\/uploads\/sites\/26\/2018\/03\/robots-trabajan.jpg\",\"width\":1023,\"height\":630},{\"@type\":\"BreadcrumbList\",\"@id\":\"https:\/\/noti-america.com\/site\/principal\/2018\/03\/16\/robots-vs-seres-humanos-eliminara-la-automatizacion-el-empleo\/#breadcrumb\",\"itemListElement\":[{\"@type\":\"ListItem\",\"position\":1,\"name\":\"Portada\",\"item\":\"https:\/\/noti-america.com\/site\/principal\/\"},{\"@type\":\"ListItem\",\"position\":2,\"name\":\"Robots vs. seres humanos: \u00bfEliminar\u00e1 la automatizaci\u00f3n el empleo?\"}]},{\"@type\":\"WebSite\",\"@id\":\"https:\/\/noti-america.com\/site\/principal\/#website\",\"url\":\"https:\/\/noti-america.com\/site\/principal\/\",\"name\":\"Noti-America.com\",\"description\":\"El Noticiero Digital M\u00e1s Grande de Am\u00e9rica\",\"potentialAction\":[{\"@type\":\"SearchAction\",\"target\":{\"@type\":\"EntryPoint\",\"urlTemplate\":\"https:\/\/noti-america.com\/site\/principal\/?s={search_term_string}\"},\"query-input\":{\"@type\":\"PropertyValueSpecification\",\"valueRequired\":true,\"valueName\":\"search_term_string\"}}],\"inLanguage\":\"es\"},{\"@type\":\"Person\",\"@id\":\"https:\/\/noti-america.com\/site\/principal\/#\/schema\/person\/1a24e37c3c358f389f0a111448ddb870\",\"name\":\"Ydalith Figueroa Kad-Bay\",\"image\":{\"@type\":\"ImageObject\",\"inLanguage\":\"es\",\"@id\":\"https:\/\/secure.gravatar.com\/avatar\/7d1e350465afd215908c3ed413e32ef600cd41c3c21b95416252432a9f6c219c?s=96&d=mm&r=g\",\"url\":\"https:\/\/secure.gravatar.com\/avatar\/7d1e350465afd215908c3ed413e32ef600cd41c3c21b95416252432a9f6c219c?s=96&d=mm&r=g\",\"contentUrl\":\"https:\/\/secure.gravatar.com\/avatar\/7d1e350465afd215908c3ed413e32ef600cd41c3c21b95416252432a9f6c219c?s=96&d=mm&r=g\",\"caption\":\"Ydalith Figueroa Kad-Bay\"},\"description\":\"CEO Noti-America Alemania Embajadora de Venezuela para el Proyecto de Acci\u00f3n Clim\u00e1tica de la ONU, Embajadora para la ense\u00f1anza de los ODS de la ONU, Amplificador de la Acci\u00f3n de los ODS de la ONU, Profesor Voluntario del Proyecto KAKUMA (Educaci\u00f3n de calidad para refugiados en \u00c1frica) UNHCR \u2013 ACNUR - Agencia para los refugiados de la ONU-, Miembro de la ONG Gente Y Ciudad, Embajador de las Instituciones de Microfinanzas \u201cNo a la pobreza ODS #1 de la ONU\u201d (todos tienen derecho a acceso a un cr\u00e9dito), y Voluntario al di\u00e1logo global de UN75. Twitter @ydalithkad email ydalith@yhaoo.com Locutor Profesional 32931 Universidad Central de Venezuela @ISHannover \\\"Colegio Internacional de Hannover Regi\u00f3n, Alemania\\\" Representante de Aprendizaje Innovaci\u00f3n y Tecnolog\u00eda #LMS (Sistema de Gesti\u00f3n de Aprendizaje) #LMS Gente y Ciudad &amp; Asesores Internacionales ONG Alemania. ONG \\\"Gente y Ciudad, Venezuela\\\" Miembro y Asesor especialista An\u00e1lisis de Pol\u00edtica Internacional Asesor Pol\u00edtico Internacional de Venezuela en la defensa de los Derechos Humanos y el restablecimiento Democr\u00e1tico. Diplomacia positiva y Activa. Pasi\u00f3n por el Golf Proyecto #LMS \\\"Golf para ni\u00f1os y adultos Internacional\\\" Pasi\u00f3n por los Postres Proyecto #LMS \\\"Postres, Que Unen a las Culturas del mundo\\\"\",\"sameAs\":[\"https:\/\/x.com\/ydalithkad\"],\"url\":\"https:\/\/noti-america.com\/site\/principal\/author\/yfigueroa\/\"}]}<\/script>\n<!-- \/ Yoast SEO Premium plugin. -->","yoast_head_json":{"title":"Robots vs. seres humanos: \u00bfEliminar\u00e1 la automatizaci\u00f3n el empleo? - Noti-America.com","robots":{"index":"index","follow":"follow","max-snippet":"max-snippet:-1","max-image-preview":"max-image-preview:large","max-video-preview":"max-video-preview:-1"},"canonical":"https:\/\/noti-america.com\/site\/principal\/2018\/03\/16\/robots-vs-seres-humanos-eliminara-la-automatizacion-el-empleo\/","og_locale":"es_ES","og_type":"article","og_title":"Robots vs. seres humanos: \u00bfEliminar\u00e1 la automatizaci\u00f3n el empleo?","og_description":"Madrid, 16\u00a0mar (dpa) &#8211; La automatizaci\u00f3n de la econom\u00eda a trav\u00e9s de la inteligencia artificial, los robots y otras m\u00e1quinas inteligentes ya es una realidad, pero en las pr\u00f3ximas d\u00e9cadas se extender\u00e1 a muchos&#46;&#46;&#46;","og_url":"https:\/\/noti-america.com\/site\/principal\/2018\/03\/16\/robots-vs-seres-humanos-eliminara-la-automatizacion-el-empleo\/","og_site_name":"Noti-America.com","article_published_time":"2018-03-16T13:13:24+00:00","og_image":[{"width":1023,"height":630,"url":"https:\/\/noti-america.com\/site\/principal\/wp-content\/uploads\/sites\/26\/2018\/03\/robots-trabajan.jpg","type":"image\/jpeg"}],"author":"Ydalith Figueroa Kad-Bay","twitter_card":"summary_large_image","twitter_creator":"@ydalithkad","twitter_misc":{"Escrito por":"Ydalith Figueroa Kad-Bay","Tiempo estimado de lectura":"6 minutos"},"schema":{"@context":"https:\/\/schema.org","@graph":[{"@type":"Article","@id":"https:\/\/noti-america.com\/site\/principal\/2018\/03\/16\/robots-vs-seres-humanos-eliminara-la-automatizacion-el-empleo\/#article","isPartOf":{"@id":"https:\/\/noti-america.com\/site\/principal\/2018\/03\/16\/robots-vs-seres-humanos-eliminara-la-automatizacion-el-empleo\/"},"author":{"name":"Ydalith Figueroa Kad-Bay","@id":"https:\/\/noti-america.com\/site\/principal\/#\/schema\/person\/1a24e37c3c358f389f0a111448ddb870"},"headline":"Robots vs. seres humanos: \u00bfEliminar\u00e1 la automatizaci\u00f3n el empleo?","datePublished":"2018-03-16T13:13:24+00:00","mainEntityOfPage":{"@id":"https:\/\/noti-america.com\/site\/principal\/2018\/03\/16\/robots-vs-seres-humanos-eliminara-la-automatizacion-el-empleo\/"},"wordCount":1220,"commentCount":0,"image":{"@id":"https:\/\/noti-america.com\/site\/principal\/2018\/03\/16\/robots-vs-seres-humanos-eliminara-la-automatizacion-el-empleo\/#primaryimage"},"thumbnailUrl":"https:\/\/noti-america.com\/site\/principal\/wp-content\/uploads\/sites\/26\/2018\/03\/robots-trabajan.jpg","articleSection":["Tecnolog\u00eda"],"inLanguage":"es","potentialAction":[{"@type":"CommentAction","name":"Comment","target":["https:\/\/noti-america.com\/site\/principal\/2018\/03\/16\/robots-vs-seres-humanos-eliminara-la-automatizacion-el-empleo\/#respond"]}]},{"@type":"WebPage","@id":"https:\/\/noti-america.com\/site\/principal\/2018\/03\/16\/robots-vs-seres-humanos-eliminara-la-automatizacion-el-empleo\/","url":"https:\/\/noti-america.com\/site\/principal\/2018\/03\/16\/robots-vs-seres-humanos-eliminara-la-automatizacion-el-empleo\/","name":"Robots vs. seres humanos: \u00bfEliminar\u00e1 la automatizaci\u00f3n el empleo? - Noti-America.com","isPartOf":{"@id":"https:\/\/noti-america.com\/site\/principal\/#website"},"primaryImageOfPage":{"@id":"https:\/\/noti-america.com\/site\/principal\/2018\/03\/16\/robots-vs-seres-humanos-eliminara-la-automatizacion-el-empleo\/#primaryimage"},"image":{"@id":"https:\/\/noti-america.com\/site\/principal\/2018\/03\/16\/robots-vs-seres-humanos-eliminara-la-automatizacion-el-empleo\/#primaryimage"},"thumbnailUrl":"https:\/\/noti-america.com\/site\/principal\/wp-content\/uploads\/sites\/26\/2018\/03\/robots-trabajan.jpg","datePublished":"2018-03-16T13:13:24+00:00","author":{"@id":"https:\/\/noti-america.com\/site\/principal\/#\/schema\/person\/1a24e37c3c358f389f0a111448ddb870"},"breadcrumb":{"@id":"https:\/\/noti-america.com\/site\/principal\/2018\/03\/16\/robots-vs-seres-humanos-eliminara-la-automatizacion-el-empleo\/#breadcrumb"},"inLanguage":"es","potentialAction":[{"@type":"ReadAction","target":["https:\/\/noti-america.com\/site\/principal\/2018\/03\/16\/robots-vs-seres-humanos-eliminara-la-automatizacion-el-empleo\/"]}]},{"@type":"ImageObject","inLanguage":"es","@id":"https:\/\/noti-america.com\/site\/principal\/2018\/03\/16\/robots-vs-seres-humanos-eliminara-la-automatizacion-el-empleo\/#primaryimage","url":"https:\/\/noti-america.com\/site\/principal\/wp-content\/uploads\/sites\/26\/2018\/03\/robots-trabajan.jpg","contentUrl":"https:\/\/noti-america.com\/site\/principal\/wp-content\/uploads\/sites\/26\/2018\/03\/robots-trabajan.jpg","width":1023,"height":630},{"@type":"BreadcrumbList","@id":"https:\/\/noti-america.com\/site\/principal\/2018\/03\/16\/robots-vs-seres-humanos-eliminara-la-automatizacion-el-empleo\/#breadcrumb","itemListElement":[{"@type":"ListItem","position":1,"name":"Portada","item":"https:\/\/noti-america.com\/site\/principal\/"},{"@type":"ListItem","position":2,"name":"Robots vs. seres humanos: \u00bfEliminar\u00e1 la automatizaci\u00f3n el empleo?"}]},{"@type":"WebSite","@id":"https:\/\/noti-america.com\/site\/principal\/#website","url":"https:\/\/noti-america.com\/site\/principal\/","name":"Noti-America.com","description":"El Noticiero Digital M\u00e1s Grande de Am\u00e9rica","potentialAction":[{"@type":"SearchAction","target":{"@type":"EntryPoint","urlTemplate":"https:\/\/noti-america.com\/site\/principal\/?s={search_term_string}"},"query-input":{"@type":"PropertyValueSpecification","valueRequired":true,"valueName":"search_term_string"}}],"inLanguage":"es"},{"@type":"Person","@id":"https:\/\/noti-america.com\/site\/principal\/#\/schema\/person\/1a24e37c3c358f389f0a111448ddb870","name":"Ydalith Figueroa Kad-Bay","image":{"@type":"ImageObject","inLanguage":"es","@id":"https:\/\/secure.gravatar.com\/avatar\/7d1e350465afd215908c3ed413e32ef600cd41c3c21b95416252432a9f6c219c?s=96&d=mm&r=g","url":"https:\/\/secure.gravatar.com\/avatar\/7d1e350465afd215908c3ed413e32ef600cd41c3c21b95416252432a9f6c219c?s=96&d=mm&r=g","contentUrl":"https:\/\/secure.gravatar.com\/avatar\/7d1e350465afd215908c3ed413e32ef600cd41c3c21b95416252432a9f6c219c?s=96&d=mm&r=g","caption":"Ydalith Figueroa Kad-Bay"},"description":"CEO Noti-America Alemania Embajadora de Venezuela para el Proyecto de Acci\u00f3n Clim\u00e1tica de la ONU, Embajadora para la ense\u00f1anza de los ODS de la ONU, Amplificador de la Acci\u00f3n de los ODS de la ONU, Profesor Voluntario del Proyecto KAKUMA (Educaci\u00f3n de calidad para refugiados en \u00c1frica) UNHCR \u2013 ACNUR - Agencia para los refugiados de la ONU-, Miembro de la ONG Gente Y Ciudad, Embajador de las Instituciones de Microfinanzas \u201cNo a la pobreza ODS #1 de la ONU\u201d (todos tienen derecho a acceso a un cr\u00e9dito), y Voluntario al di\u00e1logo global de UN75. Twitter @ydalithkad email ydalith@yhaoo.com Locutor Profesional 32931 Universidad Central de Venezuela @ISHannover \"Colegio Internacional de Hannover Regi\u00f3n, Alemania\" Representante de Aprendizaje Innovaci\u00f3n y Tecnolog\u00eda #LMS (Sistema de Gesti\u00f3n de Aprendizaje) #LMS Gente y Ciudad &amp; Asesores Internacionales ONG Alemania. ONG \"Gente y Ciudad, Venezuela\" Miembro y Asesor especialista An\u00e1lisis de Pol\u00edtica Internacional Asesor Pol\u00edtico Internacional de Venezuela en la defensa de los Derechos Humanos y el restablecimiento Democr\u00e1tico. Diplomacia positiva y Activa. Pasi\u00f3n por el Golf Proyecto #LMS \"Golf para ni\u00f1os y adultos Internacional\" Pasi\u00f3n por los Postres Proyecto #LMS \"Postres, Que Unen a las Culturas del mundo\"","sameAs":["https:\/\/x.com\/ydalithkad"],"url":"https:\/\/noti-america.com\/site\/principal\/author\/yfigueroa\/"}]}},"_links":{"self":[{"href":"https:\/\/noti-america.com\/site\/principal\/wp-json\/wp\/v2\/posts\/1215","targetHints":{"allow":["GET"]}}],"collection":[{"href":"https:\/\/noti-america.com\/site\/principal\/wp-json\/wp\/v2\/posts"}],"about":[{"href":"https:\/\/noti-america.com\/site\/principal\/wp-json\/wp\/v2\/types\/post"}],"author":[{"embeddable":true,"href":"https:\/\/noti-america.com\/site\/principal\/wp-json\/wp\/v2\/users\/31"}],"replies":[{"embeddable":true,"href":"https:\/\/noti-america.com\/site\/principal\/wp-json\/wp\/v2\/comments?post=1215"}],"version-history":[{"count":1,"href":"https:\/\/noti-america.com\/site\/principal\/wp-json\/wp\/v2\/posts\/1215\/revisions"}],"predecessor-version":[{"id":1217,"href":"https:\/\/noti-america.com\/site\/principal\/wp-json\/wp\/v2\/posts\/1215\/revisions\/1217"}],"wp:featuredmedia":[{"embeddable":true,"href":"https:\/\/noti-america.com\/site\/principal\/wp-json\/wp\/v2\/media\/1216"}],"wp:attachment":[{"href":"https:\/\/noti-america.com\/site\/principal\/wp-json\/wp\/v2\/media?parent=1215"}],"wp:term":[{"taxonomy":"category","embeddable":true,"href":"https:\/\/noti-america.com\/site\/principal\/wp-json\/wp\/v2\/categories?post=1215"},{"taxonomy":"post_tag","embeddable":true,"href":"https:\/\/noti-america.com\/site\/principal\/wp-json\/wp\/v2\/tags?post=1215"}],"curies":[{"name":"wp","href":"https:\/\/api.w.org\/{rel}","templated":true}]}}