{"id":1165,"date":"2018-03-15T21:57:10","date_gmt":"2018-03-15T21:57:10","guid":{"rendered":"http:\/\/noti-america.com\/site\/alemania\/?p=1165"},"modified":"2018-03-15T21:57:10","modified_gmt":"2018-03-15T21:57:10","slug":"mas-de-40-heridos-en-accidente-de-tranvias-en-colonia","status":"publish","type":"post","link":"https:\/\/noti-america.com\/site\/principal\/2018\/03\/15\/mas-de-40-heridos-en-accidente-de-tranvias-en-colonia\/","title":{"rendered":"M\u00e1s de 40 heridos en accidente de tranv\u00edas en Colonia"},"content":{"rendered":"<p>Equipos de rescate llegan el 15\/03\/2018 al centro de Colonia, Alemania, tras el choque de dos tranv\u00edas. M\u00e1s de 40 personas resultaron heridas a causa del accidente.<\/p>\n<p>Fuente(Foto: Oliver Berg\/dpa)<\/p>\n","protected":false},"excerpt":{"rendered":"<p>Equipos de rescate llegan el 15\/03\/2018 al centro de Colonia, Alemania, tras el choque de dos tranv\u00edas. M\u00e1s de 40 personas resultaron heridas a causa del accidente. Fuente(Foto: Oliver Berg\/dpa)<\/p>\n","protected":false},"author":31,"featured_media":1166,"comment_status":"open","ping_status":"open","sticky":false,"template":"","format":"standard","meta":{"_acf_changed":false,"rop_custom_images_group":[],"rop_custom_messages_group":[],"rop_publish_now":"initial","rop_publish_now_accounts":{"facebook_10219548024599422_1632221337088128":"","twitter_242054905_242054905":""},"rop_publish_now_history":[],"rop_publish_now_status":"pending","footnotes":""},"categories":[11],"tags":[],"class_list":["post-1165","post","type-post","status-publish","format-standard","has-post-thumbnail","hentry","category-sucesos"],"acf":[],"yoast_head":"<!-- This site is optimized with the Yoast SEO Premium plugin v24.9 (Yoast SEO v27.2) - https:\/\/yoast.com\/product\/yoast-seo-premium-wordpress\/ -->\n<title>M\u00e1s de 40 heridos en accidente de tranv\u00edas en Colonia - Noti-America.com<\/title>\n<meta name=\"robots\" content=\"index, follow, max-snippet:-1, max-image-preview:large, max-video-preview:-1\" \/>\n<link rel=\"canonical\" href=\"https:\/\/noti-america.com\/site\/principal\/2018\/03\/15\/mas-de-40-heridos-en-accidente-de-tranvias-en-colonia\/\" \/>\n<meta property=\"og:locale\" content=\"es_ES\" \/>\n<meta property=\"og:type\" content=\"article\" \/>\n<meta property=\"og:title\" content=\"M\u00e1s de 40 heridos en accidente de tranv\u00edas en Colonia\" \/>\n<meta property=\"og:description\" content=\"Equipos de rescate llegan el 15\/03\/2018 al centro de Colonia, Alemania, tras el choque de dos tranv\u00edas. M\u00e1s de 40 personas resultaron heridas a causa del accidente. Fuente(Foto: Oliver Berg\/dpa)\" \/>\n<meta property=\"og:url\" content=\"https:\/\/noti-america.com\/site\/principal\/2018\/03\/15\/mas-de-40-heridos-en-accidente-de-tranvias-en-colonia\/\" \/>\n<meta property=\"og:site_name\" content=\"Noti-America.com\" \/>\n<meta property=\"article:published_time\" content=\"2018-03-15T21:57:10+00:00\" \/>\n<meta property=\"og:image\" content=\"https:\/\/noti-america.com\/site\/principal\/wp-content\/uploads\/sites\/26\/2018\/03\/colonia-alemania.jpg\" \/>\n\t<meta property=\"og:image:width\" content=\"400\" \/>\n\t<meta property=\"og:image:height\" content=\"272\" \/>\n\t<meta property=\"og:image:type\" content=\"image\/jpeg\" \/>\n<meta name=\"author\" content=\"Ydalith Figueroa Kad-Bay\" \/>\n<meta name=\"twitter:card\" content=\"summary_large_image\" \/>\n<meta name=\"twitter:creator\" content=\"@ydalithkad\" \/>\n<meta name=\"twitter:label1\" content=\"Escrito por\" \/>\n\t<meta name=\"twitter:data1\" content=\"Ydalith Figueroa Kad-Bay\" \/>\n<script type=\"application\/ld+json\" class=\"yoast-schema-graph\">{\"@context\":\"https:\/\/schema.org\",\"@graph\":[{\"@type\":\"Article\",\"@id\":\"https:\/\/noti-america.com\/site\/principal\/2018\/03\/15\/mas-de-40-heridos-en-accidente-de-tranvias-en-colonia\/#article\",\"isPartOf\":{\"@id\":\"https:\/\/noti-america.com\/site\/principal\/2018\/03\/15\/mas-de-40-heridos-en-accidente-de-tranvias-en-colonia\/\"},\"author\":{\"name\":\"Ydalith Figueroa Kad-Bay\",\"@id\":\"https:\/\/noti-america.com\/site\/principal\/#\/schema\/person\/1a24e37c3c358f389f0a111448ddb870\"},\"headline\":\"M\u00e1s de 40 heridos en accidente de tranv\u00edas en Colonia\",\"datePublished\":\"2018-03-15T21:57:10+00:00\",\"mainEntityOfPage\":{\"@id\":\"https:\/\/noti-america.com\/site\/principal\/2018\/03\/15\/mas-de-40-heridos-en-accidente-de-tranvias-en-colonia\/\"},\"wordCount\":43,\"commentCount\":0,\"image\":{\"@id\":\"https:\/\/noti-america.com\/site\/principal\/2018\/03\/15\/mas-de-40-heridos-en-accidente-de-tranvias-en-colonia\/#primaryimage\"},\"thumbnailUrl\":\"https:\/\/noti-america.com\/site\/principal\/wp-content\/uploads\/sites\/26\/2018\/03\/colonia-alemania.jpg\",\"articleSection\":[\"Sucesos\"],\"inLanguage\":\"es\",\"potentialAction\":[{\"@type\":\"CommentAction\",\"name\":\"Comment\",\"target\":[\"https:\/\/noti-america.com\/site\/principal\/2018\/03\/15\/mas-de-40-heridos-en-accidente-de-tranvias-en-colonia\/#respond\"]}]},{\"@type\":\"WebPage\",\"@id\":\"https:\/\/noti-america.com\/site\/principal\/2018\/03\/15\/mas-de-40-heridos-en-accidente-de-tranvias-en-colonia\/\",\"url\":\"https:\/\/noti-america.com\/site\/principal\/2018\/03\/15\/mas-de-40-heridos-en-accidente-de-tranvias-en-colonia\/\",\"name\":\"M\u00e1s de 40 heridos en accidente de tranv\u00edas en Colonia - Noti-America.com\",\"isPartOf\":{\"@id\":\"https:\/\/noti-america.com\/site\/principal\/#website\"},\"primaryImageOfPage\":{\"@id\":\"https:\/\/noti-america.com\/site\/principal\/2018\/03\/15\/mas-de-40-heridos-en-accidente-de-tranvias-en-colonia\/#primaryimage\"},\"image\":{\"@id\":\"https:\/\/noti-america.com\/site\/principal\/2018\/03\/15\/mas-de-40-heridos-en-accidente-de-tranvias-en-colonia\/#primaryimage\"},\"thumbnailUrl\":\"https:\/\/noti-america.com\/site\/principal\/wp-content\/uploads\/sites\/26\/2018\/03\/colonia-alemania.jpg\",\"datePublished\":\"2018-03-15T21:57:10+00:00\",\"author\":{\"@id\":\"https:\/\/noti-america.com\/site\/principal\/#\/schema\/person\/1a24e37c3c358f389f0a111448ddb870\"},\"breadcrumb\":{\"@id\":\"https:\/\/noti-america.com\/site\/principal\/2018\/03\/15\/mas-de-40-heridos-en-accidente-de-tranvias-en-colonia\/#breadcrumb\"},\"inLanguage\":\"es\",\"potentialAction\":[{\"@type\":\"ReadAction\",\"target\":[\"https:\/\/noti-america.com\/site\/principal\/2018\/03\/15\/mas-de-40-heridos-en-accidente-de-tranvias-en-colonia\/\"]}]},{\"@type\":\"ImageObject\",\"inLanguage\":\"es\",\"@id\":\"https:\/\/noti-america.com\/site\/principal\/2018\/03\/15\/mas-de-40-heridos-en-accidente-de-tranvias-en-colonia\/#primaryimage\",\"url\":\"https:\/\/noti-america.com\/site\/principal\/wp-content\/uploads\/sites\/26\/2018\/03\/colonia-alemania.jpg\",\"contentUrl\":\"https:\/\/noti-america.com\/site\/principal\/wp-content\/uploads\/sites\/26\/2018\/03\/colonia-alemania.jpg\",\"width\":400,\"height\":272,\"caption\":\"Equipos de rescate llegan el 15\/03\/2018 al centro de Colonia, Alemania, tras el choque de dos tranv\u00edas. M\u00e1s de 40 personas resultaron heridas a causa del accidente. (Vinculado al texto de dpa \\\"M\u00e1s de 40 heridos en accidente de tranv\u00edas en Colonia\\\") Foto: Oliver Berg\/dpa +++ dpa-fotografia +++\"},{\"@type\":\"BreadcrumbList\",\"@id\":\"https:\/\/noti-america.com\/site\/principal\/2018\/03\/15\/mas-de-40-heridos-en-accidente-de-tranvias-en-colonia\/#breadcrumb\",\"itemListElement\":[{\"@type\":\"ListItem\",\"position\":1,\"name\":\"Portada\",\"item\":\"https:\/\/noti-america.com\/site\/principal\/\"},{\"@type\":\"ListItem\",\"position\":2,\"name\":\"M\u00e1s de 40 heridos en accidente de tranv\u00edas en Colonia\"}]},{\"@type\":\"WebSite\",\"@id\":\"https:\/\/noti-america.com\/site\/principal\/#website\",\"url\":\"https:\/\/noti-america.com\/site\/principal\/\",\"name\":\"Noti-America.com\",\"description\":\"El Noticiero Digital M\u00e1s Grande de Am\u00e9rica\",\"potentialAction\":[{\"@type\":\"SearchAction\",\"target\":{\"@type\":\"EntryPoint\",\"urlTemplate\":\"https:\/\/noti-america.com\/site\/principal\/?s={search_term_string}\"},\"query-input\":{\"@type\":\"PropertyValueSpecification\",\"valueRequired\":true,\"valueName\":\"search_term_string\"}}],\"inLanguage\":\"es\"},{\"@type\":\"Person\",\"@id\":\"https:\/\/noti-america.com\/site\/principal\/#\/schema\/person\/1a24e37c3c358f389f0a111448ddb870\",\"name\":\"Ydalith Figueroa Kad-Bay\",\"image\":{\"@type\":\"ImageObject\",\"inLanguage\":\"es\",\"@id\":\"https:\/\/secure.gravatar.com\/avatar\/7d1e350465afd215908c3ed413e32ef600cd41c3c21b95416252432a9f6c219c?s=96&d=mm&r=g\",\"url\":\"https:\/\/secure.gravatar.com\/avatar\/7d1e350465afd215908c3ed413e32ef600cd41c3c21b95416252432a9f6c219c?s=96&d=mm&r=g\",\"contentUrl\":\"https:\/\/secure.gravatar.com\/avatar\/7d1e350465afd215908c3ed413e32ef600cd41c3c21b95416252432a9f6c219c?s=96&d=mm&r=g\",\"caption\":\"Ydalith Figueroa Kad-Bay\"},\"description\":\"CEO Noti-America Alemania Embajadora de Venezuela para el Proyecto de Acci\u00f3n Clim\u00e1tica de la ONU, Embajadora para la ense\u00f1anza de los ODS de la ONU, Amplificador de la Acci\u00f3n de los ODS de la ONU, Profesor Voluntario del Proyecto KAKUMA (Educaci\u00f3n de calidad para refugiados en \u00c1frica) UNHCR \u2013 ACNUR - Agencia para los refugiados de la ONU-, Miembro de la ONG Gente Y Ciudad, Embajador de las Instituciones de Microfinanzas \u201cNo a la pobreza ODS #1 de la ONU\u201d (todos tienen derecho a acceso a un cr\u00e9dito), y Voluntario al di\u00e1logo global de UN75. Twitter @ydalithkad email ydalith@yhaoo.com Locutor Profesional 32931 Universidad Central de Venezuela @ISHannover \\\"Colegio Internacional de Hannover Regi\u00f3n, Alemania\\\" Representante de Aprendizaje Innovaci\u00f3n y Tecnolog\u00eda #LMS (Sistema de Gesti\u00f3n de Aprendizaje) #LMS Gente y Ciudad &amp; Asesores Internacionales ONG Alemania. ONG \\\"Gente y Ciudad, Venezuela\\\" Miembro y Asesor especialista An\u00e1lisis de Pol\u00edtica Internacional Asesor Pol\u00edtico Internacional de Venezuela en la defensa de los Derechos Humanos y el restablecimiento Democr\u00e1tico. Diplomacia positiva y Activa. Pasi\u00f3n por el Golf Proyecto #LMS \\\"Golf para ni\u00f1os y adultos Internacional\\\" Pasi\u00f3n por los Postres Proyecto #LMS \\\"Postres, Que Unen a las Culturas del mundo\\\"\",\"sameAs\":[\"https:\/\/x.com\/ydalithkad\"],\"url\":\"https:\/\/noti-america.com\/site\/principal\/author\/yfigueroa\/\"}]}<\/script>\n<!-- \/ Yoast SEO Premium plugin. -->","yoast_head_json":{"title":"M\u00e1s de 40 heridos en accidente de tranv\u00edas en Colonia - Noti-America.com","robots":{"index":"index","follow":"follow","max-snippet":"max-snippet:-1","max-image-preview":"max-image-preview:large","max-video-preview":"max-video-preview:-1"},"canonical":"https:\/\/noti-america.com\/site\/principal\/2018\/03\/15\/mas-de-40-heridos-en-accidente-de-tranvias-en-colonia\/","og_locale":"es_ES","og_type":"article","og_title":"M\u00e1s de 40 heridos en accidente de tranv\u00edas en Colonia","og_description":"Equipos de rescate llegan el 15\/03\/2018 al centro de Colonia, Alemania, tras el choque de dos tranv\u00edas. M\u00e1s de 40 personas resultaron heridas a causa del accidente. Fuente(Foto: Oliver Berg\/dpa)","og_url":"https:\/\/noti-america.com\/site\/principal\/2018\/03\/15\/mas-de-40-heridos-en-accidente-de-tranvias-en-colonia\/","og_site_name":"Noti-America.com","article_published_time":"2018-03-15T21:57:10+00:00","og_image":[{"width":400,"height":272,"url":"https:\/\/noti-america.com\/site\/principal\/wp-content\/uploads\/sites\/26\/2018\/03\/colonia-alemania.jpg","type":"image\/jpeg"}],"author":"Ydalith Figueroa Kad-Bay","twitter_card":"summary_large_image","twitter_creator":"@ydalithkad","twitter_misc":{"Escrito por":"Ydalith Figueroa Kad-Bay"},"schema":{"@context":"https:\/\/schema.org","@graph":[{"@type":"Article","@id":"https:\/\/noti-america.com\/site\/principal\/2018\/03\/15\/mas-de-40-heridos-en-accidente-de-tranvias-en-colonia\/#article","isPartOf":{"@id":"https:\/\/noti-america.com\/site\/principal\/2018\/03\/15\/mas-de-40-heridos-en-accidente-de-tranvias-en-colonia\/"},"author":{"name":"Ydalith Figueroa Kad-Bay","@id":"https:\/\/noti-america.com\/site\/principal\/#\/schema\/person\/1a24e37c3c358f389f0a111448ddb870"},"headline":"M\u00e1s de 40 heridos en accidente de tranv\u00edas en Colonia","datePublished":"2018-03-15T21:57:10+00:00","mainEntityOfPage":{"@id":"https:\/\/noti-america.com\/site\/principal\/2018\/03\/15\/mas-de-40-heridos-en-accidente-de-tranvias-en-colonia\/"},"wordCount":43,"commentCount":0,"image":{"@id":"https:\/\/noti-america.com\/site\/principal\/2018\/03\/15\/mas-de-40-heridos-en-accidente-de-tranvias-en-colonia\/#primaryimage"},"thumbnailUrl":"https:\/\/noti-america.com\/site\/principal\/wp-content\/uploads\/sites\/26\/2018\/03\/colonia-alemania.jpg","articleSection":["Sucesos"],"inLanguage":"es","potentialAction":[{"@type":"CommentAction","name":"Comment","target":["https:\/\/noti-america.com\/site\/principal\/2018\/03\/15\/mas-de-40-heridos-en-accidente-de-tranvias-en-colonia\/#respond"]}]},{"@type":"WebPage","@id":"https:\/\/noti-america.com\/site\/principal\/2018\/03\/15\/mas-de-40-heridos-en-accidente-de-tranvias-en-colonia\/","url":"https:\/\/noti-america.com\/site\/principal\/2018\/03\/15\/mas-de-40-heridos-en-accidente-de-tranvias-en-colonia\/","name":"M\u00e1s de 40 heridos en accidente de tranv\u00edas en Colonia - Noti-America.com","isPartOf":{"@id":"https:\/\/noti-america.com\/site\/principal\/#website"},"primaryImageOfPage":{"@id":"https:\/\/noti-america.com\/site\/principal\/2018\/03\/15\/mas-de-40-heridos-en-accidente-de-tranvias-en-colonia\/#primaryimage"},"image":{"@id":"https:\/\/noti-america.com\/site\/principal\/2018\/03\/15\/mas-de-40-heridos-en-accidente-de-tranvias-en-colonia\/#primaryimage"},"thumbnailUrl":"https:\/\/noti-america.com\/site\/principal\/wp-content\/uploads\/sites\/26\/2018\/03\/colonia-alemania.jpg","datePublished":"2018-03-15T21:57:10+00:00","author":{"@id":"https:\/\/noti-america.com\/site\/principal\/#\/schema\/person\/1a24e37c3c358f389f0a111448ddb870"},"breadcrumb":{"@id":"https:\/\/noti-america.com\/site\/principal\/2018\/03\/15\/mas-de-40-heridos-en-accidente-de-tranvias-en-colonia\/#breadcrumb"},"inLanguage":"es","potentialAction":[{"@type":"ReadAction","target":["https:\/\/noti-america.com\/site\/principal\/2018\/03\/15\/mas-de-40-heridos-en-accidente-de-tranvias-en-colonia\/"]}]},{"@type":"ImageObject","inLanguage":"es","@id":"https:\/\/noti-america.com\/site\/principal\/2018\/03\/15\/mas-de-40-heridos-en-accidente-de-tranvias-en-colonia\/#primaryimage","url":"https:\/\/noti-america.com\/site\/principal\/wp-content\/uploads\/sites\/26\/2018\/03\/colonia-alemania.jpg","contentUrl":"https:\/\/noti-america.com\/site\/principal\/wp-content\/uploads\/sites\/26\/2018\/03\/colonia-alemania.jpg","width":400,"height":272,"caption":"Equipos de rescate llegan el 15\/03\/2018 al centro de Colonia, Alemania, tras el choque de dos tranv\u00edas. M\u00e1s de 40 personas resultaron heridas a causa del accidente. (Vinculado al texto de dpa \"M\u00e1s de 40 heridos en accidente de tranv\u00edas en Colonia\") Foto: Oliver Berg\/dpa +++ dpa-fotografia +++"},{"@type":"BreadcrumbList","@id":"https:\/\/noti-america.com\/site\/principal\/2018\/03\/15\/mas-de-40-heridos-en-accidente-de-tranvias-en-colonia\/#breadcrumb","itemListElement":[{"@type":"ListItem","position":1,"name":"Portada","item":"https:\/\/noti-america.com\/site\/principal\/"},{"@type":"ListItem","position":2,"name":"M\u00e1s de 40 heridos en accidente de tranv\u00edas en Colonia"}]},{"@type":"WebSite","@id":"https:\/\/noti-america.com\/site\/principal\/#website","url":"https:\/\/noti-america.com\/site\/principal\/","name":"Noti-America.com","description":"El Noticiero Digital M\u00e1s Grande de Am\u00e9rica","potentialAction":[{"@type":"SearchAction","target":{"@type":"EntryPoint","urlTemplate":"https:\/\/noti-america.com\/site\/principal\/?s={search_term_string}"},"query-input":{"@type":"PropertyValueSpecification","valueRequired":true,"valueName":"search_term_string"}}],"inLanguage":"es"},{"@type":"Person","@id":"https:\/\/noti-america.com\/site\/principal\/#\/schema\/person\/1a24e37c3c358f389f0a111448ddb870","name":"Ydalith Figueroa Kad-Bay","image":{"@type":"ImageObject","inLanguage":"es","@id":"https:\/\/secure.gravatar.com\/avatar\/7d1e350465afd215908c3ed413e32ef600cd41c3c21b95416252432a9f6c219c?s=96&d=mm&r=g","url":"https:\/\/secure.gravatar.com\/avatar\/7d1e350465afd215908c3ed413e32ef600cd41c3c21b95416252432a9f6c219c?s=96&d=mm&r=g","contentUrl":"https:\/\/secure.gravatar.com\/avatar\/7d1e350465afd215908c3ed413e32ef600cd41c3c21b95416252432a9f6c219c?s=96&d=mm&r=g","caption":"Ydalith Figueroa Kad-Bay"},"description":"CEO Noti-America Alemania Embajadora de Venezuela para el Proyecto de Acci\u00f3n Clim\u00e1tica de la ONU, Embajadora para la ense\u00f1anza de los ODS de la ONU, Amplificador de la Acci\u00f3n de los ODS de la ONU, Profesor Voluntario del Proyecto KAKUMA (Educaci\u00f3n de calidad para refugiados en \u00c1frica) UNHCR \u2013 ACNUR - Agencia para los refugiados de la ONU-, Miembro de la ONG Gente Y Ciudad, Embajador de las Instituciones de Microfinanzas \u201cNo a la pobreza ODS #1 de la ONU\u201d (todos tienen derecho a acceso a un cr\u00e9dito), y Voluntario al di\u00e1logo global de UN75. Twitter @ydalithkad email ydalith@yhaoo.com Locutor Profesional 32931 Universidad Central de Venezuela @ISHannover \"Colegio Internacional de Hannover Regi\u00f3n, Alemania\" Representante de Aprendizaje Innovaci\u00f3n y Tecnolog\u00eda #LMS (Sistema de Gesti\u00f3n de Aprendizaje) #LMS Gente y Ciudad &amp; Asesores Internacionales ONG Alemania. ONG \"Gente y Ciudad, Venezuela\" Miembro y Asesor especialista An\u00e1lisis de Pol\u00edtica Internacional Asesor Pol\u00edtico Internacional de Venezuela en la defensa de los Derechos Humanos y el restablecimiento Democr\u00e1tico. Diplomacia positiva y Activa. Pasi\u00f3n por el Golf Proyecto #LMS \"Golf para ni\u00f1os y adultos Internacional\" Pasi\u00f3n por los Postres Proyecto #LMS \"Postres, Que Unen a las Culturas del mundo\"","sameAs":["https:\/\/x.com\/ydalithkad"],"url":"https:\/\/noti-america.com\/site\/principal\/author\/yfigueroa\/"}]}},"_links":{"self":[{"href":"https:\/\/noti-america.com\/site\/principal\/wp-json\/wp\/v2\/posts\/1165","targetHints":{"allow":["GET"]}}],"collection":[{"href":"https:\/\/noti-america.com\/site\/principal\/wp-json\/wp\/v2\/posts"}],"about":[{"href":"https:\/\/noti-america.com\/site\/principal\/wp-json\/wp\/v2\/types\/post"}],"author":[{"embeddable":true,"href":"https:\/\/noti-america.com\/site\/principal\/wp-json\/wp\/v2\/users\/31"}],"replies":[{"embeddable":true,"href":"https:\/\/noti-america.com\/site\/principal\/wp-json\/wp\/v2\/comments?post=1165"}],"version-history":[{"count":1,"href":"https:\/\/noti-america.com\/site\/principal\/wp-json\/wp\/v2\/posts\/1165\/revisions"}],"predecessor-version":[{"id":1167,"href":"https:\/\/noti-america.com\/site\/principal\/wp-json\/wp\/v2\/posts\/1165\/revisions\/1167"}],"wp:featuredmedia":[{"embeddable":true,"href":"https:\/\/noti-america.com\/site\/principal\/wp-json\/wp\/v2\/media\/1166"}],"wp:attachment":[{"href":"https:\/\/noti-america.com\/site\/principal\/wp-json\/wp\/v2\/media?parent=1165"}],"wp:term":[{"taxonomy":"category","embeddable":true,"href":"https:\/\/noti-america.com\/site\/principal\/wp-json\/wp\/v2\/categories?post=1165"},{"taxonomy":"post_tag","embeddable":true,"href":"https:\/\/noti-america.com\/site\/principal\/wp-json\/wp\/v2\/tags?post=1165"}],"curies":[{"name":"wp","href":"https:\/\/api.w.org\/{rel}","templated":true}]}}