{"id":11321,"date":"2022-03-06T16:04:47","date_gmt":"2022-03-06T20:04:47","guid":{"rendered":"https:\/\/noti-america.com\/site\/principal\/2022\/03\/06\/la-invasion-rusa-sobre-ucrania-entra-en-su-undecimo-dia-con-el-establecimiento-de-los-primeros-corredores-humanitarios\/"},"modified":"2022-03-06T16:04:47","modified_gmt":"2022-03-06T20:04:47","slug":"la-invasion-rusa-sobre-ucrania-entra-en-su-undecimo-dia-con-el-establecimiento-de-los-primeros-corredores-humanitarios","status":"publish","type":"post","link":"https:\/\/noti-america.com\/site\/principal\/2022\/03\/06\/la-invasion-rusa-sobre-ucrania-entra-en-su-undecimo-dia-con-el-establecimiento-de-los-primeros-corredores-humanitarios\/","title":{"rendered":"La invasi\u00f3n rusa sobre Ucrania entra en su und\u00e9cimo d\u00eda con el establecimiento de los primeros corredores humanitarios"},"content":{"rendered":"<p>TEXAS | NOTI-AMERICA.COM<\/p>\n<p>www.atalayar.com<\/p>\n<div class=\"post-top\">\n<h1 class=\"post-title\">La invasi\u00f3n rusa sobre Ucrania entra en su und\u00e9cimo d\u00eda con el establecimiento de los primeros corredores humanitarios<\/h1>\n<div class=\"field field--name-field-subtitulo field--type-string field--label-hidden field__item\">Zelenski insiste en el establecimiento de una zona de exclusi\u00f3n a\u00e9rea para evitar los ataques a\u00e9reos desplegados por las fuerzas rusas<\/div>\n<div class=\"field field--name-field-autor field--type-entity-reference field--label-hidden field__item\"><a href=\"https:\/\/atalayar.com\/taxonomy\/term\/1219\" hreflang=\"es\">\u00c1lvaro Escalonilla<\/a><\/div>\n<\/div>\n<div class=\"post-thumbnail\">\n<div class=\"field field--name-field-image field--type-image field--label-hidden field__item\"><img decoding=\"async\" src=\"https:\/\/atalayar.com\/sites\/default\/files\/styles\/foto_\/public\/noticias\/ataque-rusia-ucrania%20%283%29.jpg?itok=ElVcOuy0\" alt=\"Ucrania\" \/><\/div>\n<div class=\"pie-foto\">\n<p><strong>AP\/VADIM GHIRDA\u00a0<\/strong>\u00a0&#8211; \u00a0 Un agente de Polic\u00eda ucraniano con un rifle de asalto camina por un and\u00e9n rodeado de gente que espera un tren con destino a Kiev en Kostiantynivka, regi\u00f3n de Donetsk, este de Ucrania, el jueves 24 de febrero de 2022<\/p>\n<\/div>\n<\/div>\n<div class=\"post-content\">\n<div class=\"node__content clearfix\">\n<div class=\"field field--name-body field--type-text-with-summary field--label-hidden field__item\">\n<p><strong>Se cumplen 11 d\u00edas desde el inicio de la invasi\u00f3n rusa sobre Ucrania<\/strong>. 11 d\u00edas de guerra en Europa. Los infructuosos primeros compases de la ofensiva, en los que las tropas rusas apenas avanzaron, hicieron aumentar la agresividad del Kremlin. El Ej\u00e9rcito ruso comenz\u00f3 entonces a asediar las ciudades principales del pa\u00eds y a bombardear contra objetivos civiles. Una fase de la operaci\u00f3n que no hizo sino galvanizar a la resistencia ucraniana, que, liderada por el presidente Volod\u00edmir Zelenski, a\u00fan no ha dicho la \u00faltima palabra.<\/p>\n<p><strong>Las labores de evacuaci\u00f3n se han retomado este domingo en la ciudad portuaria de Mari\u00fapol<\/strong>\u00a0despu\u00e9s de que las fuerzas rusas violaran el alto el fuego temporal acordado durante las negociaciones en la ciudad bielorrusa de Brest. Pr\u00f3ximo a la frontera con Polonia, el municipio alberg\u00f3 la segunda toma de contacto entre las delegaciones rusa y ucraniana desde la invasi\u00f3n, donde se fij\u00f3 el establecimiento de corredores humanitarios para la evacuaci\u00f3n de la poblaci\u00f3n civil.<\/p>\n<p><strong>Pero Rusia no cumpli\u00f3 su parte del trato y, durante las primeras operaciones de rescate, continu\u00f3 lanzando ataques a\u00e9reos sobre las rutas de evacuaci\u00f3n<\/strong>. Y tambi\u00e9n sobre Mari\u00fapol, bloqueada desde el jueves. Una flagrante violaci\u00f3n del alto el fuego que oblig\u00f3 a las autoridades ucranianas a paralizar la evacuaci\u00f3n y renegociar un nuevo r\u00e9gimen de silencio que permitiera a los residentes abandonar la ciudad despu\u00e9s de varios d\u00edas sin calefacci\u00f3n, electricidad o agua.<\/p>\n<p><strong>Desde las 12.00 hora local hasta las 21.00 horas se ha decretado un nuevo alto el fuego en Mari\u00fapol<\/strong>\u00a0a la espera de saber si tambi\u00e9n se reanudar\u00e1 en Volnovaja, el otro municipio, este de menor tama\u00f1o, donde se pusieron en marcha las primeras evacuaciones. En principio, la ruta finalizar\u00e1 200 kil\u00f3metros de trayecto en Zaporiyia, la ciudad donde se encuentra la mayor central nuclear de Europa, objeto de disputa entre las fuerzas rusa y ucraniana.<\/p>\n<figure role=\"group\"><img decoding=\"async\" src=\"https:\/\/atalayar.com\/sites\/default\/files\/inline-images\/ataque-rusia-ucrania%20%281%29.jpg\" alt=\"Ucrania\" data-entity-type=\"file\" data-entity-uuid=\"576b01f1-ee1e-4726-98da-98a5df5a4357\" \/><figcaption><strong>AP\/OLEKSANDR RATUSHNIAK\u00a0 &#8211;\u00a0<\/strong>\u00a0\u00a0Militares ucranianos caminan junto a los fragmentos de un avi\u00f3n derribado en Kiev, Ucrania, el viernes 25 de febrero de 2022<\/figcaption><\/figure>\n<p>Unas nueve horas de alto el fuego.\u00a0<strong>Ese es plazo que tienen las autoridades para evacuar a la poblaci\u00f3n, a mujeres y a ni\u00f1os, porque los mayores de 18 est\u00e1n obligados a empu\u00f1ar las armas<\/strong>. Excepto si se repite el escenario de nuevos ataques, donde la operaci\u00f3n volver\u00eda a quedar pospuesta. \u201cPedimos a todos los conductores que salen de la ciudad que faciliten la evacuaci\u00f3n de civiles tanto como sea posible\u201d, traslad\u00f3 el ayuntamiento de Mari\u00fapol a sus vecinos.<\/p>\n<p>Ubicada en el \u00f3blast de Donetsk y ba\u00f1ada por el mar de Azov,\u00a0<strong>la urbe de 446.000 habitantes constituye un enclave estrat\u00e9gico determinante para las aspiraciones rusas porque permitir\u00eda a sus fuerzas el establecimiento de un corredor entre el Donbass y la pen\u00ednsula de Crimea<\/strong>, enclaves controlados por Mosc\u00fa. Hacerse con el control de esta zona dejar\u00eda a Ucrania sin una de sus salidas al mar y envolver\u00eda a las fuerzas ucranianas para acometer el avance hacia el norte.<\/p>\n<p><strong>La ciudad est\u00e1 arrasada<\/strong>. Los bombardeos han sido indiscriminados y han afectado a zonas residenciales y dem\u00e1s objetivos civiles. En los pr\u00f3ximos d\u00edas podr\u00eda caer en manos rusas, pero Mari\u00fapol no es la \u00fanica en atravesar sus horas m\u00e1s bajas. A la toma de Jers\u00f3n \u2013la primera capital de \u00f3blast fuera del control territorial ucraniano\u2013 y Melit\u00f3pol por el sur no se han unido nuevas ciudades a pesar del asedio constante contra J\u00e1rkov, Chern\u00edgov, Volnovaja o Mykolaiv.<\/p>\n<p>La ofensiva de Rusia avanza y se recrudece,\u00a0<strong>con la mirada puesta en Odesa<\/strong>, ante la tenacidad demostrada por el Ej\u00e9rcito ucraniano. Una capacidad de resistencia que el presidente Volod\u00edmir Zelenski volvi\u00f3 a elogiar en un nuevo discurso a la naci\u00f3n pronunciado este domingo. El l\u00edder ucraniano, que no ha abandonado la capital a pesar de los rumores que le situaban fuera del pa\u00eds, est\u00e1 demostrando que no le pesa la etiqueta de \u2018wartime president\u2019, y contin\u00faa desplegando un manual de comunicaci\u00f3n pol\u00edtica en tiempos de guerra, arrasando en la batalla del relato.<\/p>\n<figure role=\"group\"><img decoding=\"async\" src=\"https:\/\/atalayar.com\/sites\/default\/files\/inline-images\/volodimir-zelenski.jpeg\" alt=\"Zelenski\" data-entity-type=\"file\" data-entity-uuid=\"0147c3a0-0910-4c2c-b2c5-6efa8ef3ea8c\" \/><figcaption><strong>AFP PHOTO\/Ukraine presidency\u00a0 &#8211;\u00a0 \u00a0<\/strong>El presidente ucraniano, Volod\u00edmir Zelenski, se dirige a la naci\u00f3n en Kiev a primera hora del 25 de febrero de 2022<\/figcaption><\/figure>\n<p><strong>Zelenski insiste en el establecimiento de una zona de exclusi\u00f3n a\u00e9rea sobre Ucrania<\/strong>, una orden que impedir\u00eda los movimientos de los aviones militares y que podr\u00eda implicar el uso de la fuerza. Esta medida ha sido decretada, adem\u00e1s, en otros conflictos como los de Irak, Bosnia y Herzegovina o Libia. Por eso la OTAN mantiene su negativa ante las amenazas de Vlad\u00edmir Putin, que dijo incluir en el conflicto a todo aquel que emprenda acciones en este sentido, elevando el enfrentamiento a escala continental.<\/p>\n<p>El sonido de las sirenas y el de las bombas rompe el silencio en Kiev.\u00a0<strong>El control del centro neur\u00e1lgico del pa\u00eds se antoja crucial para controlar el resto del Estado, pero las fuerzas rusas no lo van a tener f\u00e1cil<\/strong>. En los \u00faltimos d\u00edas han proliferado los levantamientos pac\u00edficos de la poblaci\u00f3n local en contra de los ocupantes. El pueblo ucraniano no parece dispuesto a ser sometido. La potente reacci\u00f3n, unida a la cascada de consecuencias econ\u00f3micas para Rusia, puede suponer en el corto medio plazo un callej\u00f3n sin salida para el Kremlin.<\/p>\n<p>\u201cEl Kremlin no quiere aceptar y reconocer su fiasco todav\u00eda.\u00a0<strong>Pero este momento est\u00e1 cerca<\/strong>. Crece el descontento y la desmoralizaci\u00f3n entre las fuerzas de ocupaci\u00f3n. La iluminaci\u00f3n les llega, as\u00ed como a algunos oligarcas rusos\u201d, asegur\u00f3 Zelenski. Las movilizaciones en Rusia se han multiplicado en las \u00faltimas horas pese a las advertencias de la Fiscal\u00eda General de Rusia como el Ministerio del Interior, que amenazan con hasta ocho a\u00f1os de prisi\u00f3n por participar en \u201cdisturbios masivos\u201d.<\/p>\n<p>Mientras, las consecuencias humanitarias van adquiriendo un cariz hist\u00f3rico.\u00a0<strong>La agresi\u00f3n rusa contra Ucrania ha provocado el \u00e9xodo m\u00e1s r\u00e1pido en Europa desde la II Guerra Mundial<\/strong>, y es que al menos un mill\u00f3n y medio de personas han abandonado el pa\u00eds en tiempo r\u00e9cord, seg\u00fan el Alto Comisionado de Naciones Unidas para los Refugiados (ACNUR). Un alud de refugiados que se ha concentrado principalmente en Polonia y Moldavia.<\/p>\n<\/div>\n<\/div>\n<\/div>\n","protected":false},"excerpt":{"rendered":"<p>TEXAS | NOTI-AMERICA.COM www.atalayar.com La invasi\u00f3n rusa sobre Ucrania entra en su und\u00e9cimo d\u00eda con el establecimiento de los primeros corredores humanitarios Zelenski insiste en el establecimiento de una zona de exclusi\u00f3n a\u00e9rea para&#46;&#46;&#46;<\/p>\n","protected":false},"author":2,"featured_media":11322,"comment_status":"open","ping_status":"open","sticky":false,"template":"","format":"image","meta":{"_acf_changed":false,"rop_custom_images_group":[],"rop_custom_messages_group":[],"rop_publish_now":"initial","rop_publish_now_accounts":{"facebook_10219548024599422_1632221337088128":"","twitter_242054905_242054905":""},"rop_publish_now_history":[],"rop_publish_now_status":"pending","footnotes":""},"categories":[3],"tags":[],"class_list":["post-11321","post","type-post","status-publish","format-image","has-post-thumbnail","hentry","category-politica","post_format-post-format-image"],"acf":[],"yoast_head":"<!-- This site is optimized with the Yoast SEO Premium plugin v24.9 (Yoast SEO v27.2) - https:\/\/yoast.com\/product\/yoast-seo-premium-wordpress\/ -->\n<title>La invasi\u00f3n rusa sobre Ucrania entra en su und\u00e9cimo d\u00eda con el establecimiento de los primeros corredores humanitarios - Noti-America.com<\/title>\n<meta name=\"robots\" content=\"index, follow, max-snippet:-1, max-image-preview:large, max-video-preview:-1\" \/>\n<link rel=\"canonical\" href=\"https:\/\/noti-america.com\/site\/principal\/2022\/03\/06\/la-invasion-rusa-sobre-ucrania-entra-en-su-undecimo-dia-con-el-establecimiento-de-los-primeros-corredores-humanitarios\/\" \/>\n<meta property=\"og:locale\" content=\"es_ES\" \/>\n<meta property=\"og:type\" content=\"article\" \/>\n<meta property=\"og:title\" content=\"La invasi\u00f3n rusa sobre Ucrania entra en su und\u00e9cimo d\u00eda con el establecimiento de los primeros corredores humanitarios\" \/>\n<meta property=\"og:description\" content=\"TEXAS | NOTI-AMERICA.COM www.atalayar.com La invasi\u00f3n rusa sobre Ucrania entra en su und\u00e9cimo d\u00eda con el establecimiento de los primeros corredores humanitarios Zelenski insiste en el establecimiento de una zona de exclusi\u00f3n a\u00e9rea para&#046;&#046;&#046;\" \/>\n<meta property=\"og:url\" content=\"https:\/\/noti-america.com\/site\/principal\/2022\/03\/06\/la-invasion-rusa-sobre-ucrania-entra-en-su-undecimo-dia-con-el-establecimiento-de-los-primeros-corredores-humanitarios\/\" \/>\n<meta property=\"og:site_name\" content=\"Noti-America.com\" \/>\n<meta property=\"article:published_time\" content=\"2022-03-06T20:04:47+00:00\" \/>\n<meta property=\"og:image\" content=\"https:\/\/noti-america.com\/site\/principal\/wp-content\/uploads\/sites\/26\/2022\/03\/ataque-rusia-ucrania-3.jpg\" \/>\n\t<meta property=\"og:image:width\" content=\"813\" \/>\n\t<meta property=\"og:image:height\" content=\"558\" \/>\n\t<meta property=\"og:image:type\" content=\"image\/jpeg\" \/>\n<meta name=\"author\" content=\"rloaiza\" \/>\n<meta name=\"twitter:card\" content=\"summary_large_image\" \/>\n<meta name=\"twitter:label1\" content=\"Escrito por\" \/>\n\t<meta name=\"twitter:data1\" content=\"rloaiza\" \/>\n\t<meta name=\"twitter:label2\" content=\"Tiempo estimado de lectura\" \/>\n\t<meta name=\"twitter:data2\" content=\"6 minutos\" \/>\n<script type=\"application\/ld+json\" class=\"yoast-schema-graph\">{\"@context\":\"https:\/\/schema.org\",\"@graph\":[{\"@type\":\"Article\",\"@id\":\"https:\/\/noti-america.com\/site\/principal\/2022\/03\/06\/la-invasion-rusa-sobre-ucrania-entra-en-su-undecimo-dia-con-el-establecimiento-de-los-primeros-corredores-humanitarios\/#article\",\"isPartOf\":{\"@id\":\"https:\/\/noti-america.com\/site\/principal\/2022\/03\/06\/la-invasion-rusa-sobre-ucrania-entra-en-su-undecimo-dia-con-el-establecimiento-de-los-primeros-corredores-humanitarios\/\"},\"author\":{\"name\":\"rloaiza\",\"@id\":\"https:\/\/noti-america.com\/site\/principal\/#\/schema\/person\/a2e478ba496331ce89bcd0c731cd6533\"},\"headline\":\"La invasi\u00f3n rusa sobre Ucrania entra en su und\u00e9cimo d\u00eda con el establecimiento de los primeros corredores humanitarios\",\"datePublished\":\"2022-03-06T20:04:47+00:00\",\"mainEntityOfPage\":{\"@id\":\"https:\/\/noti-america.com\/site\/principal\/2022\/03\/06\/la-invasion-rusa-sobre-ucrania-entra-en-su-undecimo-dia-con-el-establecimiento-de-los-primeros-corredores-humanitarios\/\"},\"wordCount\":1215,\"commentCount\":0,\"image\":{\"@id\":\"https:\/\/noti-america.com\/site\/principal\/2022\/03\/06\/la-invasion-rusa-sobre-ucrania-entra-en-su-undecimo-dia-con-el-establecimiento-de-los-primeros-corredores-humanitarios\/#primaryimage\"},\"thumbnailUrl\":\"https:\/\/noti-america.com\/site\/principal\/wp-content\/uploads\/sites\/26\/2022\/03\/ataque-rusia-ucrania-3.jpg\",\"articleSection\":[\"Pol\u00edtica\"],\"inLanguage\":\"es\",\"potentialAction\":[{\"@type\":\"CommentAction\",\"name\":\"Comment\",\"target\":[\"https:\/\/noti-america.com\/site\/principal\/2022\/03\/06\/la-invasion-rusa-sobre-ucrania-entra-en-su-undecimo-dia-con-el-establecimiento-de-los-primeros-corredores-humanitarios\/#respond\"]}]},{\"@type\":\"WebPage\",\"@id\":\"https:\/\/noti-america.com\/site\/principal\/2022\/03\/06\/la-invasion-rusa-sobre-ucrania-entra-en-su-undecimo-dia-con-el-establecimiento-de-los-primeros-corredores-humanitarios\/\",\"url\":\"https:\/\/noti-america.com\/site\/principal\/2022\/03\/06\/la-invasion-rusa-sobre-ucrania-entra-en-su-undecimo-dia-con-el-establecimiento-de-los-primeros-corredores-humanitarios\/\",\"name\":\"La invasi\u00f3n rusa sobre Ucrania entra en su und\u00e9cimo d\u00eda con el establecimiento de los primeros corredores humanitarios - Noti-America.com\",\"isPartOf\":{\"@id\":\"https:\/\/noti-america.com\/site\/principal\/#website\"},\"primaryImageOfPage\":{\"@id\":\"https:\/\/noti-america.com\/site\/principal\/2022\/03\/06\/la-invasion-rusa-sobre-ucrania-entra-en-su-undecimo-dia-con-el-establecimiento-de-los-primeros-corredores-humanitarios\/#primaryimage\"},\"image\":{\"@id\":\"https:\/\/noti-america.com\/site\/principal\/2022\/03\/06\/la-invasion-rusa-sobre-ucrania-entra-en-su-undecimo-dia-con-el-establecimiento-de-los-primeros-corredores-humanitarios\/#primaryimage\"},\"thumbnailUrl\":\"https:\/\/noti-america.com\/site\/principal\/wp-content\/uploads\/sites\/26\/2022\/03\/ataque-rusia-ucrania-3.jpg\",\"datePublished\":\"2022-03-06T20:04:47+00:00\",\"author\":{\"@id\":\"https:\/\/noti-america.com\/site\/principal\/#\/schema\/person\/a2e478ba496331ce89bcd0c731cd6533\"},\"breadcrumb\":{\"@id\":\"https:\/\/noti-america.com\/site\/principal\/2022\/03\/06\/la-invasion-rusa-sobre-ucrania-entra-en-su-undecimo-dia-con-el-establecimiento-de-los-primeros-corredores-humanitarios\/#breadcrumb\"},\"inLanguage\":\"es\",\"potentialAction\":[{\"@type\":\"ReadAction\",\"target\":[\"https:\/\/noti-america.com\/site\/principal\/2022\/03\/06\/la-invasion-rusa-sobre-ucrania-entra-en-su-undecimo-dia-con-el-establecimiento-de-los-primeros-corredores-humanitarios\/\"]}]},{\"@type\":\"ImageObject\",\"inLanguage\":\"es\",\"@id\":\"https:\/\/noti-america.com\/site\/principal\/2022\/03\/06\/la-invasion-rusa-sobre-ucrania-entra-en-su-undecimo-dia-con-el-establecimiento-de-los-primeros-corredores-humanitarios\/#primaryimage\",\"url\":\"https:\/\/noti-america.com\/site\/principal\/wp-content\/uploads\/sites\/26\/2022\/03\/ataque-rusia-ucrania-3.jpg\",\"contentUrl\":\"https:\/\/noti-america.com\/site\/principal\/wp-content\/uploads\/sites\/26\/2022\/03\/ataque-rusia-ucrania-3.jpg\",\"width\":813,\"height\":558},{\"@type\":\"BreadcrumbList\",\"@id\":\"https:\/\/noti-america.com\/site\/principal\/2022\/03\/06\/la-invasion-rusa-sobre-ucrania-entra-en-su-undecimo-dia-con-el-establecimiento-de-los-primeros-corredores-humanitarios\/#breadcrumb\",\"itemListElement\":[{\"@type\":\"ListItem\",\"position\":1,\"name\":\"Portada\",\"item\":\"https:\/\/noti-america.com\/site\/principal\/\"},{\"@type\":\"ListItem\",\"position\":2,\"name\":\"La invasi\u00f3n rusa sobre Ucrania entra en su und\u00e9cimo d\u00eda con el establecimiento de los primeros corredores humanitarios\"}]},{\"@type\":\"WebSite\",\"@id\":\"https:\/\/noti-america.com\/site\/principal\/#website\",\"url\":\"https:\/\/noti-america.com\/site\/principal\/\",\"name\":\"Noti-America.com\",\"description\":\"El Noticiero Digital M\u00e1s Grande de Am\u00e9rica\",\"potentialAction\":[{\"@type\":\"SearchAction\",\"target\":{\"@type\":\"EntryPoint\",\"urlTemplate\":\"https:\/\/noti-america.com\/site\/principal\/?s={search_term_string}\"},\"query-input\":{\"@type\":\"PropertyValueSpecification\",\"valueRequired\":true,\"valueName\":\"search_term_string\"}}],\"inLanguage\":\"es\"},{\"@type\":\"Person\",\"@id\":\"https:\/\/noti-america.com\/site\/principal\/#\/schema\/person\/a2e478ba496331ce89bcd0c731cd6533\",\"name\":\"rloaiza\",\"image\":{\"@type\":\"ImageObject\",\"inLanguage\":\"es\",\"@id\":\"https:\/\/secure.gravatar.com\/avatar\/190058e5d4427934610b99c45aa7a6558806850adedd53ddeddd194b04773e22?s=96&d=mm&r=g\",\"url\":\"https:\/\/secure.gravatar.com\/avatar\/190058e5d4427934610b99c45aa7a6558806850adedd53ddeddd194b04773e22?s=96&d=mm&r=g\",\"contentUrl\":\"https:\/\/secure.gravatar.com\/avatar\/190058e5d4427934610b99c45aa7a6558806850adedd53ddeddd194b04773e22?s=96&d=mm&r=g\",\"caption\":\"rloaiza\"},\"url\":\"https:\/\/noti-america.com\/site\/principal\/author\/rloaiza\/\"}]}<\/script>\n<!-- \/ Yoast SEO Premium plugin. -->","yoast_head_json":{"title":"La invasi\u00f3n rusa sobre Ucrania entra en su und\u00e9cimo d\u00eda con el establecimiento de los primeros corredores humanitarios - Noti-America.com","robots":{"index":"index","follow":"follow","max-snippet":"max-snippet:-1","max-image-preview":"max-image-preview:large","max-video-preview":"max-video-preview:-1"},"canonical":"https:\/\/noti-america.com\/site\/principal\/2022\/03\/06\/la-invasion-rusa-sobre-ucrania-entra-en-su-undecimo-dia-con-el-establecimiento-de-los-primeros-corredores-humanitarios\/","og_locale":"es_ES","og_type":"article","og_title":"La invasi\u00f3n rusa sobre Ucrania entra en su und\u00e9cimo d\u00eda con el establecimiento de los primeros corredores humanitarios","og_description":"TEXAS | NOTI-AMERICA.COM www.atalayar.com La invasi\u00f3n rusa sobre Ucrania entra en su und\u00e9cimo d\u00eda con el establecimiento de los primeros corredores humanitarios Zelenski insiste en el establecimiento de una zona de exclusi\u00f3n a\u00e9rea para&#46;&#46;&#46;","og_url":"https:\/\/noti-america.com\/site\/principal\/2022\/03\/06\/la-invasion-rusa-sobre-ucrania-entra-en-su-undecimo-dia-con-el-establecimiento-de-los-primeros-corredores-humanitarios\/","og_site_name":"Noti-America.com","article_published_time":"2022-03-06T20:04:47+00:00","og_image":[{"width":813,"height":558,"url":"https:\/\/noti-america.com\/site\/principal\/wp-content\/uploads\/sites\/26\/2022\/03\/ataque-rusia-ucrania-3.jpg","type":"image\/jpeg"}],"author":"rloaiza","twitter_card":"summary_large_image","twitter_misc":{"Escrito por":"rloaiza","Tiempo estimado de lectura":"6 minutos"},"schema":{"@context":"https:\/\/schema.org","@graph":[{"@type":"Article","@id":"https:\/\/noti-america.com\/site\/principal\/2022\/03\/06\/la-invasion-rusa-sobre-ucrania-entra-en-su-undecimo-dia-con-el-establecimiento-de-los-primeros-corredores-humanitarios\/#article","isPartOf":{"@id":"https:\/\/noti-america.com\/site\/principal\/2022\/03\/06\/la-invasion-rusa-sobre-ucrania-entra-en-su-undecimo-dia-con-el-establecimiento-de-los-primeros-corredores-humanitarios\/"},"author":{"name":"rloaiza","@id":"https:\/\/noti-america.com\/site\/principal\/#\/schema\/person\/a2e478ba496331ce89bcd0c731cd6533"},"headline":"La invasi\u00f3n rusa sobre Ucrania entra en su und\u00e9cimo d\u00eda con el establecimiento de los primeros corredores humanitarios","datePublished":"2022-03-06T20:04:47+00:00","mainEntityOfPage":{"@id":"https:\/\/noti-america.com\/site\/principal\/2022\/03\/06\/la-invasion-rusa-sobre-ucrania-entra-en-su-undecimo-dia-con-el-establecimiento-de-los-primeros-corredores-humanitarios\/"},"wordCount":1215,"commentCount":0,"image":{"@id":"https:\/\/noti-america.com\/site\/principal\/2022\/03\/06\/la-invasion-rusa-sobre-ucrania-entra-en-su-undecimo-dia-con-el-establecimiento-de-los-primeros-corredores-humanitarios\/#primaryimage"},"thumbnailUrl":"https:\/\/noti-america.com\/site\/principal\/wp-content\/uploads\/sites\/26\/2022\/03\/ataque-rusia-ucrania-3.jpg","articleSection":["Pol\u00edtica"],"inLanguage":"es","potentialAction":[{"@type":"CommentAction","name":"Comment","target":["https:\/\/noti-america.com\/site\/principal\/2022\/03\/06\/la-invasion-rusa-sobre-ucrania-entra-en-su-undecimo-dia-con-el-establecimiento-de-los-primeros-corredores-humanitarios\/#respond"]}]},{"@type":"WebPage","@id":"https:\/\/noti-america.com\/site\/principal\/2022\/03\/06\/la-invasion-rusa-sobre-ucrania-entra-en-su-undecimo-dia-con-el-establecimiento-de-los-primeros-corredores-humanitarios\/","url":"https:\/\/noti-america.com\/site\/principal\/2022\/03\/06\/la-invasion-rusa-sobre-ucrania-entra-en-su-undecimo-dia-con-el-establecimiento-de-los-primeros-corredores-humanitarios\/","name":"La invasi\u00f3n rusa sobre Ucrania entra en su und\u00e9cimo d\u00eda con el establecimiento de los primeros corredores humanitarios - Noti-America.com","isPartOf":{"@id":"https:\/\/noti-america.com\/site\/principal\/#website"},"primaryImageOfPage":{"@id":"https:\/\/noti-america.com\/site\/principal\/2022\/03\/06\/la-invasion-rusa-sobre-ucrania-entra-en-su-undecimo-dia-con-el-establecimiento-de-los-primeros-corredores-humanitarios\/#primaryimage"},"image":{"@id":"https:\/\/noti-america.com\/site\/principal\/2022\/03\/06\/la-invasion-rusa-sobre-ucrania-entra-en-su-undecimo-dia-con-el-establecimiento-de-los-primeros-corredores-humanitarios\/#primaryimage"},"thumbnailUrl":"https:\/\/noti-america.com\/site\/principal\/wp-content\/uploads\/sites\/26\/2022\/03\/ataque-rusia-ucrania-3.jpg","datePublished":"2022-03-06T20:04:47+00:00","author":{"@id":"https:\/\/noti-america.com\/site\/principal\/#\/schema\/person\/a2e478ba496331ce89bcd0c731cd6533"},"breadcrumb":{"@id":"https:\/\/noti-america.com\/site\/principal\/2022\/03\/06\/la-invasion-rusa-sobre-ucrania-entra-en-su-undecimo-dia-con-el-establecimiento-de-los-primeros-corredores-humanitarios\/#breadcrumb"},"inLanguage":"es","potentialAction":[{"@type":"ReadAction","target":["https:\/\/noti-america.com\/site\/principal\/2022\/03\/06\/la-invasion-rusa-sobre-ucrania-entra-en-su-undecimo-dia-con-el-establecimiento-de-los-primeros-corredores-humanitarios\/"]}]},{"@type":"ImageObject","inLanguage":"es","@id":"https:\/\/noti-america.com\/site\/principal\/2022\/03\/06\/la-invasion-rusa-sobre-ucrania-entra-en-su-undecimo-dia-con-el-establecimiento-de-los-primeros-corredores-humanitarios\/#primaryimage","url":"https:\/\/noti-america.com\/site\/principal\/wp-content\/uploads\/sites\/26\/2022\/03\/ataque-rusia-ucrania-3.jpg","contentUrl":"https:\/\/noti-america.com\/site\/principal\/wp-content\/uploads\/sites\/26\/2022\/03\/ataque-rusia-ucrania-3.jpg","width":813,"height":558},{"@type":"BreadcrumbList","@id":"https:\/\/noti-america.com\/site\/principal\/2022\/03\/06\/la-invasion-rusa-sobre-ucrania-entra-en-su-undecimo-dia-con-el-establecimiento-de-los-primeros-corredores-humanitarios\/#breadcrumb","itemListElement":[{"@type":"ListItem","position":1,"name":"Portada","item":"https:\/\/noti-america.com\/site\/principal\/"},{"@type":"ListItem","position":2,"name":"La invasi\u00f3n rusa sobre Ucrania entra en su und\u00e9cimo d\u00eda con el establecimiento de los primeros corredores humanitarios"}]},{"@type":"WebSite","@id":"https:\/\/noti-america.com\/site\/principal\/#website","url":"https:\/\/noti-america.com\/site\/principal\/","name":"Noti-America.com","description":"El Noticiero Digital M\u00e1s Grande de Am\u00e9rica","potentialAction":[{"@type":"SearchAction","target":{"@type":"EntryPoint","urlTemplate":"https:\/\/noti-america.com\/site\/principal\/?s={search_term_string}"},"query-input":{"@type":"PropertyValueSpecification","valueRequired":true,"valueName":"search_term_string"}}],"inLanguage":"es"},{"@type":"Person","@id":"https:\/\/noti-america.com\/site\/principal\/#\/schema\/person\/a2e478ba496331ce89bcd0c731cd6533","name":"rloaiza","image":{"@type":"ImageObject","inLanguage":"es","@id":"https:\/\/secure.gravatar.com\/avatar\/190058e5d4427934610b99c45aa7a6558806850adedd53ddeddd194b04773e22?s=96&d=mm&r=g","url":"https:\/\/secure.gravatar.com\/avatar\/190058e5d4427934610b99c45aa7a6558806850adedd53ddeddd194b04773e22?s=96&d=mm&r=g","contentUrl":"https:\/\/secure.gravatar.com\/avatar\/190058e5d4427934610b99c45aa7a6558806850adedd53ddeddd194b04773e22?s=96&d=mm&r=g","caption":"rloaiza"},"url":"https:\/\/noti-america.com\/site\/principal\/author\/rloaiza\/"}]}},"_links":{"self":[{"href":"https:\/\/noti-america.com\/site\/principal\/wp-json\/wp\/v2\/posts\/11321","targetHints":{"allow":["GET"]}}],"collection":[{"href":"https:\/\/noti-america.com\/site\/principal\/wp-json\/wp\/v2\/posts"}],"about":[{"href":"https:\/\/noti-america.com\/site\/principal\/wp-json\/wp\/v2\/types\/post"}],"author":[{"embeddable":true,"href":"https:\/\/noti-america.com\/site\/principal\/wp-json\/wp\/v2\/users\/2"}],"replies":[{"embeddable":true,"href":"https:\/\/noti-america.com\/site\/principal\/wp-json\/wp\/v2\/comments?post=11321"}],"version-history":[{"count":0,"href":"https:\/\/noti-america.com\/site\/principal\/wp-json\/wp\/v2\/posts\/11321\/revisions"}],"wp:featuredmedia":[{"embeddable":true,"href":"https:\/\/noti-america.com\/site\/principal\/wp-json\/wp\/v2\/media\/11322"}],"wp:attachment":[{"href":"https:\/\/noti-america.com\/site\/principal\/wp-json\/wp\/v2\/media?parent=11321"}],"wp:term":[{"taxonomy":"category","embeddable":true,"href":"https:\/\/noti-america.com\/site\/principal\/wp-json\/wp\/v2\/categories?post=11321"},{"taxonomy":"post_tag","embeddable":true,"href":"https:\/\/noti-america.com\/site\/principal\/wp-json\/wp\/v2\/tags?post=11321"}],"curies":[{"name":"wp","href":"https:\/\/api.w.org\/{rel}","templated":true}]}}