{"id":11227,"date":"2022-03-04T11:42:25","date_gmt":"2022-03-04T15:42:25","guid":{"rendered":"https:\/\/noti-america.com\/site\/principal\/?p=11227"},"modified":"2022-03-04T07:42:29","modified_gmt":"2022-03-04T11:42:29","slug":"ecuador-lanza-modelo-educativo-con-vinculacion-integral-a-la-comunidad","status":"publish","type":"post","link":"https:\/\/noti-america.com\/site\/principal\/2022\/03\/04\/ecuador-lanza-modelo-educativo-con-vinculacion-integral-a-la-comunidad\/","title":{"rendered":"Ecuador lanza modelo educativo con vinculaci\u00f3n integral a la comunidad"},"content":{"rendered":"<p><strong>REDACCI\u00d3N NOTI AM\u00c9RICA (ECUADOR)<\/strong><\/p>\n<div id=\"attachment_18711\" style=\"width: 665px\" class=\"wp-caption alignleft\"><img loading=\"lazy\" decoding=\"async\" aria-describedby=\"caption-attachment-18711\" class=\"wp-image-11228\" src=\"https:\/\/noti-america.com\/site\/principal\/wp-content\/uploads\/sites\/26\/2022\/03\/4-de-marz-Presidente-en-colta-7-300x169.png\" alt=\"\" width=\"655\" height=\"369\" srcset=\"https:\/\/noti-america.com\/site\/principal\/wp-content\/uploads\/sites\/26\/2022\/03\/4-de-marz-Presidente-en-colta-7-300x169.png 300w, https:\/\/noti-america.com\/site\/principal\/wp-content\/uploads\/sites\/26\/2022\/03\/4-de-marz-Presidente-en-colta-7-768x432.png 768w, https:\/\/noti-america.com\/site\/principal\/wp-content\/uploads\/sites\/26\/2022\/03\/4-de-marz-Presidente-en-colta-7.png 800w\" sizes=\"auto, (max-width: 655px) 100vw, 655px\" \/><p id=\"caption-attachment-18711\" class=\"wp-caption-text\">El presidente de la rep\u00fablica, Guillermo Lasso, presidi\u00f3 el lanzamiento del programa.<\/p><\/div>\n<p style=\"text-align: justify\">El Ministerio de Educaci\u00f3n present\u00f3 el \u00abModelo Educativo Unidocente, Bidocente y Pluridocente\u00bb (UBP), el cual busca mejorar la calidad de los procesos de ense\u00f1anza-aprendizaje de los estudiantes y vincular a la escuela con su comunidad.<\/p>\n<p style=\"text-align: justify\">En Ecuador, el 54% de las instituciones educativas tienen uno o dos docentes que acompa\u00f1an en el proceso de ense\u00f1anza-aprendizaje a estudiantes de diferentes edades y niveles de escolaridad de manera simult\u00e1nea.<\/p>\n<p style=\"text-align: justify\">Frente a esta estad\u00edstica y atendiendo una deuda hist\u00f3rica para la educaci\u00f3n rural multigrado, este Modelo responde a las necesidades espec\u00edficas de las instituciones educativas UBP.<\/p>\n<p style=\"text-align: justify\">El lanzamiento cont\u00f3 con la participaci\u00f3n del presidente de la Rep\u00fablica, Guillermo Lasso, la ministra de Educaci\u00f3n, Mar\u00eda Brown P\u00e9rez, autoridades locales, docentes, estudiantes y la comunidad educativa.<\/p>\n<p style=\"text-align: justify\">Durante la presentaci\u00f3n, el presidente Lasso indic\u00f3 \u201ceste Modelo beneficiar\u00e1 a 182 mil estudiantes, de 6.733 escuelas. Rescatamos el valor de las escuelas rurales y de la educaci\u00f3n intercultural\u201d.<\/p>\n<p style=\"text-align: justify\">El Primer Mandatario, tambi\u00e9n se\u00f1al\u00f3 \u201ceste modelo multigrado que estamos inaugurando tiene herramientas adaptadas para los alumnos; 10.606 docentes ser\u00e1n capacitados en este sistema, nuestra meta es vincular la escuela con la comunidad para que sea un lugar de encuentro y fortalecimiento de las identidades locales\u201d.<\/p>\n<p style=\"text-align: justify\">Mientras que la ministra Brown resalt\u00f3, \u201choy marcamos un hito, al iniciar la implementaci\u00f3n del modelo UBP, para contribuir al desarrollo sostenible y la competitividad del Ecuador. Con el modelo UBP aseguramos el derecho a una educaci\u00f3n de calidad, mediante el incremento de las personas que acceden, permanecen y culminan sus estudios, con \u00e9nfasis en los grupos de atenci\u00f3n prioritaria, as\u00ed como en las comunidades rurales, pueblos y nacionalidades\u201d.<\/p>\n<p style=\"text-align: justify\">Tambi\u00e9n Mar\u00eda Brown enfatiz\u00f3, \u201ceste es uno de los tantos pasos que estamos dando, para todos ser los protagonistas de la transformaci\u00f3n educativa nacional que fomentar\u00e1 la formaci\u00f3n y desarrollo de las ni\u00f1as, ni\u00f1os y adolescentes, que contar\u00e1n con m\u00e1s herramientas, conocimientos y la capacidad de elegir el futuro que quieren construir\u201d.<\/p>\n<p style=\"text-align: justify\">Blanca Quinche docente del Centro Educativo Comunitario Intercultural Biling\u00fce de Educaci\u00f3n B\u00e1sica Carlos Andrade Mar\u00edn, de la comunidad Pancun Ichubamba, felicit\u00f3 por el trabajo y por la preocupaci\u00f3n de la educaci\u00f3n en el sector rural, \u201ccon este modelo esperamos en el futuro ver los resultados reflejados en nuestros estudiantes ya que es de mucha importancia el trabajo que se realiza en clase junto a la comunidad\u201d. Resaltando la importancia de la vinculaci\u00f3n comunitaria a la educaci\u00f3n.<\/p>\n<p style=\"text-align: justify\">Desde una visi\u00f3n participativa e inclusiva, el Modelo fue construido a partir de las necesidades y experiencias de la comunidad educativa en contextos UBP. Estos valiosos aportes fueron recogidos a trav\u00e9s de cuatro jornadas del Foro Educativo Nacional UBP y de un proceso de levantamiento de informaci\u00f3n a nivel territoritorial, e integrados de forma transversal al Modelo. Este proceso de construcci\u00f3n, cont\u00f3 con el apoyo del Fondo de las Naciones Unidas para la Infancia (UNICEF Ecuador) y del Fondo Mundial para la Naturaleza (WWF-Ecuador).<\/p>\n<p style=\"text-align: justify\">\n","protected":false},"excerpt":{"rendered":"<p>REDACCI\u00d3N NOTI AM\u00c9RICA (ECUADOR) El Ministerio de Educaci\u00f3n present\u00f3 el \u00abModelo Educativo Unidocente, Bidocente y Pluridocente\u00bb (UBP), el cual busca mejorar la calidad de los procesos de ense\u00f1anza-aprendizaje de los estudiantes y vincular a&#46;&#46;&#46;<\/p>\n","protected":false},"author":113,"featured_media":11228,"comment_status":"open","ping_status":"open","sticky":false,"template":"","format":"standard","meta":{"_acf_changed":false,"rop_custom_images_group":[],"rop_custom_messages_group":[],"rop_publish_now":"initial","rop_publish_now_accounts":{"facebook_10219548024599422_1632221337088128":"","twitter_242054905_242054905":""},"rop_publish_now_history":[],"rop_publish_now_status":"pending","footnotes":""},"categories":[663],"tags":[],"class_list":["post-11227","post","type-post","status-publish","format-standard","has-post-thumbnail","hentry","category-actualidad"],"acf":[],"yoast_head":"<!-- This site is optimized with the Yoast SEO Premium plugin v24.9 (Yoast SEO v27.2) - https:\/\/yoast.com\/product\/yoast-seo-premium-wordpress\/ -->\n<title>Ecuador lanza modelo educativo con vinculaci\u00f3n integral a la comunidad - Noti-America.com<\/title>\n<meta name=\"robots\" content=\"index, follow, max-snippet:-1, max-image-preview:large, max-video-preview:-1\" \/>\n<link rel=\"canonical\" href=\"https:\/\/noti-america.com\/site\/principal\/2022\/03\/04\/ecuador-lanza-modelo-educativo-con-vinculacion-integral-a-la-comunidad\/\" \/>\n<meta property=\"og:locale\" content=\"es_ES\" \/>\n<meta property=\"og:type\" content=\"article\" \/>\n<meta property=\"og:title\" content=\"Ecuador lanza modelo educativo con vinculaci\u00f3n integral a la comunidad\" \/>\n<meta property=\"og:description\" content=\"REDACCI\u00d3N NOTI AM\u00c9RICA (ECUADOR) El Ministerio de Educaci\u00f3n present\u00f3 el \u00abModelo Educativo Unidocente, Bidocente y Pluridocente\u00bb (UBP), el cual busca mejorar la calidad de los procesos de ense\u00f1anza-aprendizaje de los estudiantes y vincular a&#046;&#046;&#046;\" \/>\n<meta property=\"og:url\" content=\"https:\/\/noti-america.com\/site\/principal\/2022\/03\/04\/ecuador-lanza-modelo-educativo-con-vinculacion-integral-a-la-comunidad\/\" \/>\n<meta property=\"og:site_name\" content=\"Noti-America.com\" \/>\n<meta property=\"article:published_time\" content=\"2022-03-04T15:42:25+00:00\" \/>\n<meta property=\"og:image\" content=\"https:\/\/noti-america.com\/site\/principal\/wp-content\/uploads\/sites\/26\/2022\/03\/4-de-marz-Presidente-en-colta-7.png\" \/>\n\t<meta property=\"og:image:width\" content=\"800\" \/>\n\t<meta property=\"og:image:height\" content=\"450\" \/>\n\t<meta property=\"og:image:type\" content=\"image\/png\" \/>\n<meta name=\"author\" content=\"Henry Ortiz\" \/>\n<meta name=\"twitter:card\" content=\"summary_large_image\" \/>\n<meta name=\"twitter:label1\" content=\"Escrito por\" \/>\n\t<meta name=\"twitter:data1\" content=\"Henry Ortiz\" \/>\n\t<meta name=\"twitter:label2\" content=\"Tiempo estimado de lectura\" \/>\n\t<meta name=\"twitter:data2\" content=\"3 minutos\" \/>\n<script type=\"application\/ld+json\" class=\"yoast-schema-graph\">{\"@context\":\"https:\/\/schema.org\",\"@graph\":[{\"@type\":\"Article\",\"@id\":\"https:\/\/noti-america.com\/site\/principal\/2022\/03\/04\/ecuador-lanza-modelo-educativo-con-vinculacion-integral-a-la-comunidad\/#article\",\"isPartOf\":{\"@id\":\"https:\/\/noti-america.com\/site\/principal\/2022\/03\/04\/ecuador-lanza-modelo-educativo-con-vinculacion-integral-a-la-comunidad\/\"},\"author\":{\"name\":\"Henry Ortiz\",\"@id\":\"https:\/\/noti-america.com\/site\/principal\/#\/schema\/person\/b9d1630cc6598af759d45c790a347283\"},\"headline\":\"Ecuador lanza modelo educativo con vinculaci\u00f3n integral a la comunidad\",\"datePublished\":\"2022-03-04T15:42:25+00:00\",\"mainEntityOfPage\":{\"@id\":\"https:\/\/noti-america.com\/site\/principal\/2022\/03\/04\/ecuador-lanza-modelo-educativo-con-vinculacion-integral-a-la-comunidad\/\"},\"wordCount\":552,\"commentCount\":0,\"image\":{\"@id\":\"https:\/\/noti-america.com\/site\/principal\/2022\/03\/04\/ecuador-lanza-modelo-educativo-con-vinculacion-integral-a-la-comunidad\/#primaryimage\"},\"thumbnailUrl\":\"https:\/\/noti-america.com\/site\/principal\/wp-content\/uploads\/sites\/26\/2022\/03\/4-de-marz-Presidente-en-colta-7.png\",\"articleSection\":[\"Actualidad\"],\"inLanguage\":\"es\",\"potentialAction\":[{\"@type\":\"CommentAction\",\"name\":\"Comment\",\"target\":[\"https:\/\/noti-america.com\/site\/principal\/2022\/03\/04\/ecuador-lanza-modelo-educativo-con-vinculacion-integral-a-la-comunidad\/#respond\"]}]},{\"@type\":\"WebPage\",\"@id\":\"https:\/\/noti-america.com\/site\/principal\/2022\/03\/04\/ecuador-lanza-modelo-educativo-con-vinculacion-integral-a-la-comunidad\/\",\"url\":\"https:\/\/noti-america.com\/site\/principal\/2022\/03\/04\/ecuador-lanza-modelo-educativo-con-vinculacion-integral-a-la-comunidad\/\",\"name\":\"Ecuador lanza modelo educativo con vinculaci\u00f3n integral a la comunidad - Noti-America.com\",\"isPartOf\":{\"@id\":\"https:\/\/noti-america.com\/site\/principal\/#website\"},\"primaryImageOfPage\":{\"@id\":\"https:\/\/noti-america.com\/site\/principal\/2022\/03\/04\/ecuador-lanza-modelo-educativo-con-vinculacion-integral-a-la-comunidad\/#primaryimage\"},\"image\":{\"@id\":\"https:\/\/noti-america.com\/site\/principal\/2022\/03\/04\/ecuador-lanza-modelo-educativo-con-vinculacion-integral-a-la-comunidad\/#primaryimage\"},\"thumbnailUrl\":\"https:\/\/noti-america.com\/site\/principal\/wp-content\/uploads\/sites\/26\/2022\/03\/4-de-marz-Presidente-en-colta-7.png\",\"datePublished\":\"2022-03-04T15:42:25+00:00\",\"author\":{\"@id\":\"https:\/\/noti-america.com\/site\/principal\/#\/schema\/person\/b9d1630cc6598af759d45c790a347283\"},\"breadcrumb\":{\"@id\":\"https:\/\/noti-america.com\/site\/principal\/2022\/03\/04\/ecuador-lanza-modelo-educativo-con-vinculacion-integral-a-la-comunidad\/#breadcrumb\"},\"inLanguage\":\"es\",\"potentialAction\":[{\"@type\":\"ReadAction\",\"target\":[\"https:\/\/noti-america.com\/site\/principal\/2022\/03\/04\/ecuador-lanza-modelo-educativo-con-vinculacion-integral-a-la-comunidad\/\"]}]},{\"@type\":\"ImageObject\",\"inLanguage\":\"es\",\"@id\":\"https:\/\/noti-america.com\/site\/principal\/2022\/03\/04\/ecuador-lanza-modelo-educativo-con-vinculacion-integral-a-la-comunidad\/#primaryimage\",\"url\":\"https:\/\/noti-america.com\/site\/principal\/wp-content\/uploads\/sites\/26\/2022\/03\/4-de-marz-Presidente-en-colta-7.png\",\"contentUrl\":\"https:\/\/noti-america.com\/site\/principal\/wp-content\/uploads\/sites\/26\/2022\/03\/4-de-marz-Presidente-en-colta-7.png\",\"width\":800,\"height\":450},{\"@type\":\"BreadcrumbList\",\"@id\":\"https:\/\/noti-america.com\/site\/principal\/2022\/03\/04\/ecuador-lanza-modelo-educativo-con-vinculacion-integral-a-la-comunidad\/#breadcrumb\",\"itemListElement\":[{\"@type\":\"ListItem\",\"position\":1,\"name\":\"Portada\",\"item\":\"https:\/\/noti-america.com\/site\/principal\/\"},{\"@type\":\"ListItem\",\"position\":2,\"name\":\"Ecuador lanza modelo educativo con vinculaci\u00f3n integral a la comunidad\"}]},{\"@type\":\"WebSite\",\"@id\":\"https:\/\/noti-america.com\/site\/principal\/#website\",\"url\":\"https:\/\/noti-america.com\/site\/principal\/\",\"name\":\"Noti-America.com\",\"description\":\"El Noticiero Digital M\u00e1s Grande de Am\u00e9rica\",\"potentialAction\":[{\"@type\":\"SearchAction\",\"target\":{\"@type\":\"EntryPoint\",\"urlTemplate\":\"https:\/\/noti-america.com\/site\/principal\/?s={search_term_string}\"},\"query-input\":{\"@type\":\"PropertyValueSpecification\",\"valueRequired\":true,\"valueName\":\"search_term_string\"}}],\"inLanguage\":\"es\"},{\"@type\":\"Person\",\"@id\":\"https:\/\/noti-america.com\/site\/principal\/#\/schema\/person\/b9d1630cc6598af759d45c790a347283\",\"name\":\"Henry Ortiz\",\"image\":{\"@type\":\"ImageObject\",\"inLanguage\":\"es\",\"@id\":\"https:\/\/secure.gravatar.com\/avatar\/0b5407b5b302fbb6a578e625dca512ac2983ee5fa9ea941d581b83c40212e4c8?s=96&d=mm&r=g\",\"url\":\"https:\/\/secure.gravatar.com\/avatar\/0b5407b5b302fbb6a578e625dca512ac2983ee5fa9ea941d581b83c40212e4c8?s=96&d=mm&r=g\",\"contentUrl\":\"https:\/\/secure.gravatar.com\/avatar\/0b5407b5b302fbb6a578e625dca512ac2983ee5fa9ea941d581b83c40212e4c8?s=96&d=mm&r=g\",\"caption\":\"Henry Ortiz\"},\"url\":\"https:\/\/noti-america.com\/site\/principal\/author\/hortiz\/\"}]}<\/script>\n<!-- \/ Yoast SEO Premium plugin. -->","yoast_head_json":{"title":"Ecuador lanza modelo educativo con vinculaci\u00f3n integral a la comunidad - Noti-America.com","robots":{"index":"index","follow":"follow","max-snippet":"max-snippet:-1","max-image-preview":"max-image-preview:large","max-video-preview":"max-video-preview:-1"},"canonical":"https:\/\/noti-america.com\/site\/principal\/2022\/03\/04\/ecuador-lanza-modelo-educativo-con-vinculacion-integral-a-la-comunidad\/","og_locale":"es_ES","og_type":"article","og_title":"Ecuador lanza modelo educativo con vinculaci\u00f3n integral a la comunidad","og_description":"REDACCI\u00d3N NOTI AM\u00c9RICA (ECUADOR) El Ministerio de Educaci\u00f3n present\u00f3 el \u00abModelo Educativo Unidocente, Bidocente y Pluridocente\u00bb (UBP), el cual busca mejorar la calidad de los procesos de ense\u00f1anza-aprendizaje de los estudiantes y vincular a&#46;&#46;&#46;","og_url":"https:\/\/noti-america.com\/site\/principal\/2022\/03\/04\/ecuador-lanza-modelo-educativo-con-vinculacion-integral-a-la-comunidad\/","og_site_name":"Noti-America.com","article_published_time":"2022-03-04T15:42:25+00:00","og_image":[{"width":800,"height":450,"url":"https:\/\/noti-america.com\/site\/principal\/wp-content\/uploads\/sites\/26\/2022\/03\/4-de-marz-Presidente-en-colta-7.png","type":"image\/png"}],"author":"Henry Ortiz","twitter_card":"summary_large_image","twitter_misc":{"Escrito por":"Henry Ortiz","Tiempo estimado de lectura":"3 minutos"},"schema":{"@context":"https:\/\/schema.org","@graph":[{"@type":"Article","@id":"https:\/\/noti-america.com\/site\/principal\/2022\/03\/04\/ecuador-lanza-modelo-educativo-con-vinculacion-integral-a-la-comunidad\/#article","isPartOf":{"@id":"https:\/\/noti-america.com\/site\/principal\/2022\/03\/04\/ecuador-lanza-modelo-educativo-con-vinculacion-integral-a-la-comunidad\/"},"author":{"name":"Henry Ortiz","@id":"https:\/\/noti-america.com\/site\/principal\/#\/schema\/person\/b9d1630cc6598af759d45c790a347283"},"headline":"Ecuador lanza modelo educativo con vinculaci\u00f3n integral a la comunidad","datePublished":"2022-03-04T15:42:25+00:00","mainEntityOfPage":{"@id":"https:\/\/noti-america.com\/site\/principal\/2022\/03\/04\/ecuador-lanza-modelo-educativo-con-vinculacion-integral-a-la-comunidad\/"},"wordCount":552,"commentCount":0,"image":{"@id":"https:\/\/noti-america.com\/site\/principal\/2022\/03\/04\/ecuador-lanza-modelo-educativo-con-vinculacion-integral-a-la-comunidad\/#primaryimage"},"thumbnailUrl":"https:\/\/noti-america.com\/site\/principal\/wp-content\/uploads\/sites\/26\/2022\/03\/4-de-marz-Presidente-en-colta-7.png","articleSection":["Actualidad"],"inLanguage":"es","potentialAction":[{"@type":"CommentAction","name":"Comment","target":["https:\/\/noti-america.com\/site\/principal\/2022\/03\/04\/ecuador-lanza-modelo-educativo-con-vinculacion-integral-a-la-comunidad\/#respond"]}]},{"@type":"WebPage","@id":"https:\/\/noti-america.com\/site\/principal\/2022\/03\/04\/ecuador-lanza-modelo-educativo-con-vinculacion-integral-a-la-comunidad\/","url":"https:\/\/noti-america.com\/site\/principal\/2022\/03\/04\/ecuador-lanza-modelo-educativo-con-vinculacion-integral-a-la-comunidad\/","name":"Ecuador lanza modelo educativo con vinculaci\u00f3n integral a la comunidad - Noti-America.com","isPartOf":{"@id":"https:\/\/noti-america.com\/site\/principal\/#website"},"primaryImageOfPage":{"@id":"https:\/\/noti-america.com\/site\/principal\/2022\/03\/04\/ecuador-lanza-modelo-educativo-con-vinculacion-integral-a-la-comunidad\/#primaryimage"},"image":{"@id":"https:\/\/noti-america.com\/site\/principal\/2022\/03\/04\/ecuador-lanza-modelo-educativo-con-vinculacion-integral-a-la-comunidad\/#primaryimage"},"thumbnailUrl":"https:\/\/noti-america.com\/site\/principal\/wp-content\/uploads\/sites\/26\/2022\/03\/4-de-marz-Presidente-en-colta-7.png","datePublished":"2022-03-04T15:42:25+00:00","author":{"@id":"https:\/\/noti-america.com\/site\/principal\/#\/schema\/person\/b9d1630cc6598af759d45c790a347283"},"breadcrumb":{"@id":"https:\/\/noti-america.com\/site\/principal\/2022\/03\/04\/ecuador-lanza-modelo-educativo-con-vinculacion-integral-a-la-comunidad\/#breadcrumb"},"inLanguage":"es","potentialAction":[{"@type":"ReadAction","target":["https:\/\/noti-america.com\/site\/principal\/2022\/03\/04\/ecuador-lanza-modelo-educativo-con-vinculacion-integral-a-la-comunidad\/"]}]},{"@type":"ImageObject","inLanguage":"es","@id":"https:\/\/noti-america.com\/site\/principal\/2022\/03\/04\/ecuador-lanza-modelo-educativo-con-vinculacion-integral-a-la-comunidad\/#primaryimage","url":"https:\/\/noti-america.com\/site\/principal\/wp-content\/uploads\/sites\/26\/2022\/03\/4-de-marz-Presidente-en-colta-7.png","contentUrl":"https:\/\/noti-america.com\/site\/principal\/wp-content\/uploads\/sites\/26\/2022\/03\/4-de-marz-Presidente-en-colta-7.png","width":800,"height":450},{"@type":"BreadcrumbList","@id":"https:\/\/noti-america.com\/site\/principal\/2022\/03\/04\/ecuador-lanza-modelo-educativo-con-vinculacion-integral-a-la-comunidad\/#breadcrumb","itemListElement":[{"@type":"ListItem","position":1,"name":"Portada","item":"https:\/\/noti-america.com\/site\/principal\/"},{"@type":"ListItem","position":2,"name":"Ecuador lanza modelo educativo con vinculaci\u00f3n integral a la comunidad"}]},{"@type":"WebSite","@id":"https:\/\/noti-america.com\/site\/principal\/#website","url":"https:\/\/noti-america.com\/site\/principal\/","name":"Noti-America.com","description":"El Noticiero Digital M\u00e1s Grande de Am\u00e9rica","potentialAction":[{"@type":"SearchAction","target":{"@type":"EntryPoint","urlTemplate":"https:\/\/noti-america.com\/site\/principal\/?s={search_term_string}"},"query-input":{"@type":"PropertyValueSpecification","valueRequired":true,"valueName":"search_term_string"}}],"inLanguage":"es"},{"@type":"Person","@id":"https:\/\/noti-america.com\/site\/principal\/#\/schema\/person\/b9d1630cc6598af759d45c790a347283","name":"Henry Ortiz","image":{"@type":"ImageObject","inLanguage":"es","@id":"https:\/\/secure.gravatar.com\/avatar\/0b5407b5b302fbb6a578e625dca512ac2983ee5fa9ea941d581b83c40212e4c8?s=96&d=mm&r=g","url":"https:\/\/secure.gravatar.com\/avatar\/0b5407b5b302fbb6a578e625dca512ac2983ee5fa9ea941d581b83c40212e4c8?s=96&d=mm&r=g","contentUrl":"https:\/\/secure.gravatar.com\/avatar\/0b5407b5b302fbb6a578e625dca512ac2983ee5fa9ea941d581b83c40212e4c8?s=96&d=mm&r=g","caption":"Henry Ortiz"},"url":"https:\/\/noti-america.com\/site\/principal\/author\/hortiz\/"}]}},"_links":{"self":[{"href":"https:\/\/noti-america.com\/site\/principal\/wp-json\/wp\/v2\/posts\/11227","targetHints":{"allow":["GET"]}}],"collection":[{"href":"https:\/\/noti-america.com\/site\/principal\/wp-json\/wp\/v2\/posts"}],"about":[{"href":"https:\/\/noti-america.com\/site\/principal\/wp-json\/wp\/v2\/types\/post"}],"author":[{"embeddable":true,"href":"https:\/\/noti-america.com\/site\/principal\/wp-json\/wp\/v2\/users\/113"}],"replies":[{"embeddable":true,"href":"https:\/\/noti-america.com\/site\/principal\/wp-json\/wp\/v2\/comments?post=11227"}],"version-history":[{"count":1,"href":"https:\/\/noti-america.com\/site\/principal\/wp-json\/wp\/v2\/posts\/11227\/revisions"}],"predecessor-version":[{"id":11229,"href":"https:\/\/noti-america.com\/site\/principal\/wp-json\/wp\/v2\/posts\/11227\/revisions\/11229"}],"wp:featuredmedia":[{"embeddable":true,"href":"https:\/\/noti-america.com\/site\/principal\/wp-json\/wp\/v2\/media\/11228"}],"wp:attachment":[{"href":"https:\/\/noti-america.com\/site\/principal\/wp-json\/wp\/v2\/media?parent=11227"}],"wp:term":[{"taxonomy":"category","embeddable":true,"href":"https:\/\/noti-america.com\/site\/principal\/wp-json\/wp\/v2\/categories?post=11227"},{"taxonomy":"post_tag","embeddable":true,"href":"https:\/\/noti-america.com\/site\/principal\/wp-json\/wp\/v2\/tags?post=11227"}],"curies":[{"name":"wp","href":"https:\/\/api.w.org\/{rel}","templated":true}]}}