{"id":1082,"date":"2018-03-15T11:54:07","date_gmt":"2018-03-15T11:54:07","guid":{"rendered":"http:\/\/noti-america.com\/site\/alemania\/?p=1082"},"modified":"2018-03-15T11:54:07","modified_gmt":"2018-03-15T11:54:07","slug":"el-presidente-putin-y-sus-competidores-por-la-presidencia","status":"publish","type":"post","link":"https:\/\/noti-america.com\/site\/principal\/2018\/03\/15\/el-presidente-putin-y-sus-competidores-por-la-presidencia\/","title":{"rendered":"El presidente Putin y sus competidores por la presidencia"},"content":{"rendered":"<p><span class=\"dateline\">Mosc\u00fa &#8211; <\/span>Pol\u00edticos conocidos y aspirantes ajenos al sistema de poder: los candidatos que disputan la presidencia de Rusia el pr\u00f3ximo domingo al jefe del\u00a0Kremlin, Vladimir Putin, que busca su cuarto mandato, son de lo m\u00e1s diverso. Al menos sobre el papel, porque no se cree que tengan opciones reales de hacer frente al l\u00edder ruso.<\/p>\n<p>dpa ofrece un panorama de los candidatos a ocupar el cargo m\u00e1s alto de Rusia.<\/p>\n<p>&#8211; VLADIMIR PUTIN:\u00a0\u00abUn presidente fuerte, un pa\u00eds fuerte\u00bb:\u00a0as\u00ed versa el eslogan de campa\u00f1a del mandatario que lleva dirigiendo el destino de Rusia desde hace 18 a\u00f1os. Primero como presidente, encadenando dos mandatos consecutivos (de 2000 a 2004 y 2004 a 2008), y despu\u00e9s como primer ministro, cargo que ocup\u00f3 entre 2008 y 2012. Desde 2012 encabeza su tercer mandato presidencial -ahora de seis a\u00f1os tras una reforma en 2011- y el domingo aspira a hacerse con el cuarto hasta 2024. Antes de la pol\u00edtica, Putin hizo carrera como agente de los servicios secretos sovi\u00e9ticos\u00a0KGB e incluso estuvo enviado en misi\u00f3n a Dresde, en el este de Alemania, en tiempos de la antigua Rep\u00fablica Democr\u00e1tica Alemana (RDA). Las encuestas de institutos estatales atribuyen a este pol\u00edtico de 65 a\u00f1os una gran popularidad y casi el 70 por ciento de los votos.<\/p>\n<p>&#8211; VLADIMIR ZHIRINOVSKI: El controvertido pol\u00edtico es conocido por sus fuertes lemas nacionalistas y sus numerosos intentos de ser elegido presidente. El populista de derechas de 71 a\u00f1os concurri\u00f3 en cinco ocasiones, logrando su mayor \u00e9xito en 2008 con en torno al 9 por ciento de los votos. Es diputado de la Duma -la C\u00e1mara Baja del parlamento ruso- y se le considera un aliado del Kremlin.<\/p>\n<p>&#8211; P\u00c1VEL GRUDININ: Este empresario de 57 a\u00f1os es uno de los candidatos sorpresa de estos comicios. Como postulante del Partido Comunista todos apostaban por Guennadi Ziuganov, uno de los nombres m\u00e1s establecidos. Pero el congreso del partido en diciembre nomin\u00f3 en su lugar a este agricultor de fresas como candidato independiente. Los expertos ven en esa acci\u00f3n un intento del partido de atraer el inter\u00e9s de los j\u00f3venes votantes, apartando a la agrupaci\u00f3n de la anquilosada nostalgia sovi\u00e9tica.<\/p>\n<p>&#8211; GRIGORY YAVLINSKY: Desde hace casi 25 a\u00f1os, este pol\u00edtico de 65 a\u00f1os lucha con su partido liberal de izquierda Yabloko por una pol\u00edtica m\u00e1s justa, y ya tuvo que asumir algunas derrotas. En dos ocasiones fue candidato, sin \u00e9xito, al puesto de jefe del Kremlin:\u00a0en 2012 fue la Comisi\u00f3n Electoral quien ech\u00f3 por cierra sus ambiciones por supuesta falsificaci\u00f3n de firmas y en 2007 el partido se qued\u00f3 sin representaci\u00f3n en el\u00a0Parlamento.<\/p>\n<p>&#8211; KSENIA SOBCHAK: Para muchos es el icono de la moda de un proyecto pol\u00edtico del Kremlin:\u00a0joven, mujer, elocuente&#8230; \u00bfpodr\u00e1 la periodista liberal atraer el voto de los ciudadanos cansados de la pol\u00edtica tradicional? A sus 36 a\u00f1os parte como la \u00abcandidata contra todos\u00bb. La hija de Anatoli Sobchak, que fue mentor de Putin, critica abiertamente la falta de pluralismo y tambi\u00e9n la anexi\u00f3n de la pen\u00ednsula ucraniana de\u00a0Crimea por parte de Mosc\u00fa.<\/p>\n<p>&#8211; BORIS TITOV: Es el proveedor de champ\u00e1n del Kremlin y con su marca Abaru Durso hace ventas millonarias. El empresario lidera el Partido del Crecimiento, con el que intercede a favor de las peque\u00f1as y medianas empresas. Este hombre de negocios de 57 a\u00f1os conoce muy bien a Putin y a petici\u00f3n suya se desempe\u00f1a como Defensor del Empresariado ruso.<\/p>\n<p>&#8211; SERGUEI BABURIN: De 59 a\u00f1os, no es un desconocido en la pol\u00edtica rusa: en 1992\/93 fue referente de la resistencia comunista-nacionalista contra el presidente Boris Yeltsin y fue miembro del Parlamento hasta 2007. Pero tambi\u00e9n despu\u00e9s el actual rector de una universidad de Ciencias Econ\u00f3micas de Mosc\u00fa se mantuvo pol\u00edticamente activo. La Uni\u00f3n Popular Rusa, una alianza de nacionalistas, lo nomin\u00f3 para las elecciones.<\/p>\n<p>&#8211; MAXIM SURAIKIN: Hace unos a\u00f1os tom\u00f3 distancia del Partido\u00a0Comunista y desde entonces intenta crear un peque\u00f1o partido alternativo, el de los Comunistas de Rusia. En las elecciones a la\u00a0Duma de 2016 obtuvo un dos por ciento de los votos y concurri\u00f3 sin \u00e9xito a un puesto de gobernador provincial. Tiene 39 a\u00f1os.<\/p>\n<p>Fuente (dpa)<\/p>\n","protected":false},"excerpt":{"rendered":"<p>Mosc\u00fa &#8211; Pol\u00edticos conocidos y aspirantes ajenos al sistema de poder: los candidatos que disputan la presidencia de Rusia el pr\u00f3ximo domingo al jefe del\u00a0Kremlin, Vladimir Putin, que busca su cuarto mandato, son de&#46;&#46;&#46;<\/p>\n","protected":false},"author":31,"featured_media":1083,"comment_status":"open","ping_status":"open","sticky":false,"template":"","format":"standard","meta":{"_acf_changed":false,"rop_custom_images_group":[],"rop_custom_messages_group":[],"rop_publish_now":"initial","rop_publish_now_accounts":{"facebook_10219548024599422_1632221337088128":"","twitter_242054905_242054905":""},"rop_publish_now_history":[],"rop_publish_now_status":"pending","footnotes":""},"categories":[4],"tags":[],"class_list":["post-1082","post","type-post","status-publish","format-standard","has-post-thumbnail","hentry","category-internacionales"],"acf":[],"yoast_head":"<!-- This site is optimized with the Yoast SEO Premium plugin v24.9 (Yoast SEO v27.2) - https:\/\/yoast.com\/product\/yoast-seo-premium-wordpress\/ -->\n<title>El presidente Putin y sus competidores por la presidencia - Noti-America.com<\/title>\n<meta name=\"robots\" content=\"index, follow, max-snippet:-1, max-image-preview:large, max-video-preview:-1\" \/>\n<link rel=\"canonical\" href=\"https:\/\/noti-america.com\/site\/principal\/2018\/03\/15\/el-presidente-putin-y-sus-competidores-por-la-presidencia\/\" \/>\n<meta property=\"og:locale\" content=\"es_ES\" \/>\n<meta property=\"og:type\" content=\"article\" \/>\n<meta property=\"og:title\" content=\"El presidente Putin y sus competidores por la presidencia\" \/>\n<meta property=\"og:description\" content=\"Mosc\u00fa &#8211; Pol\u00edticos conocidos y aspirantes ajenos al sistema de poder: los candidatos que disputan la presidencia de Rusia el pr\u00f3ximo domingo al jefe del\u00a0Kremlin, Vladimir Putin, que busca su cuarto mandato, son de&#046;&#046;&#046;\" \/>\n<meta property=\"og:url\" content=\"https:\/\/noti-america.com\/site\/principal\/2018\/03\/15\/el-presidente-putin-y-sus-competidores-por-la-presidencia\/\" \/>\n<meta property=\"og:site_name\" content=\"Noti-America.com\" \/>\n<meta property=\"article:published_time\" content=\"2018-03-15T11:54:07+00:00\" \/>\n<meta property=\"og:image\" content=\"https:\/\/noti-america.com\/site\/principal\/wp-content\/uploads\/sites\/26\/2018\/03\/rusia-elecciones.jpg\" \/>\n\t<meta property=\"og:image:width\" content=\"296\" \/>\n\t<meta property=\"og:image:height\" content=\"170\" \/>\n\t<meta property=\"og:image:type\" content=\"image\/jpeg\" \/>\n<meta name=\"author\" content=\"Ydalith Figueroa Kad-Bay\" \/>\n<meta name=\"twitter:card\" content=\"summary_large_image\" \/>\n<meta name=\"twitter:creator\" content=\"@ydalithkad\" \/>\n<meta name=\"twitter:label1\" content=\"Escrito por\" \/>\n\t<meta name=\"twitter:data1\" content=\"Ydalith Figueroa Kad-Bay\" \/>\n\t<meta name=\"twitter:label2\" content=\"Tiempo estimado de lectura\" \/>\n\t<meta name=\"twitter:data2\" content=\"4 minutos\" \/>\n<script type=\"application\/ld+json\" class=\"yoast-schema-graph\">{\"@context\":\"https:\/\/schema.org\",\"@graph\":[{\"@type\":\"Article\",\"@id\":\"https:\/\/noti-america.com\/site\/principal\/2018\/03\/15\/el-presidente-putin-y-sus-competidores-por-la-presidencia\/#article\",\"isPartOf\":{\"@id\":\"https:\/\/noti-america.com\/site\/principal\/2018\/03\/15\/el-presidente-putin-y-sus-competidores-por-la-presidencia\/\"},\"author\":{\"name\":\"Ydalith Figueroa Kad-Bay\",\"@id\":\"https:\/\/noti-america.com\/site\/principal\/#\/schema\/person\/1a24e37c3c358f389f0a111448ddb870\"},\"headline\":\"El presidente Putin y sus competidores por la presidencia\",\"datePublished\":\"2018-03-15T11:54:07+00:00\",\"mainEntityOfPage\":{\"@id\":\"https:\/\/noti-america.com\/site\/principal\/2018\/03\/15\/el-presidente-putin-y-sus-competidores-por-la-presidencia\/\"},\"wordCount\":734,\"commentCount\":0,\"image\":{\"@id\":\"https:\/\/noti-america.com\/site\/principal\/2018\/03\/15\/el-presidente-putin-y-sus-competidores-por-la-presidencia\/#primaryimage\"},\"thumbnailUrl\":\"https:\/\/noti-america.com\/site\/principal\/wp-content\/uploads\/sites\/26\/2018\/03\/rusia-elecciones.jpg\",\"articleSection\":[\"Internacionales\"],\"inLanguage\":\"es\",\"potentialAction\":[{\"@type\":\"CommentAction\",\"name\":\"Comment\",\"target\":[\"https:\/\/noti-america.com\/site\/principal\/2018\/03\/15\/el-presidente-putin-y-sus-competidores-por-la-presidencia\/#respond\"]}]},{\"@type\":\"WebPage\",\"@id\":\"https:\/\/noti-america.com\/site\/principal\/2018\/03\/15\/el-presidente-putin-y-sus-competidores-por-la-presidencia\/\",\"url\":\"https:\/\/noti-america.com\/site\/principal\/2018\/03\/15\/el-presidente-putin-y-sus-competidores-por-la-presidencia\/\",\"name\":\"El presidente Putin y sus competidores por la presidencia - Noti-America.com\",\"isPartOf\":{\"@id\":\"https:\/\/noti-america.com\/site\/principal\/#website\"},\"primaryImageOfPage\":{\"@id\":\"https:\/\/noti-america.com\/site\/principal\/2018\/03\/15\/el-presidente-putin-y-sus-competidores-por-la-presidencia\/#primaryimage\"},\"image\":{\"@id\":\"https:\/\/noti-america.com\/site\/principal\/2018\/03\/15\/el-presidente-putin-y-sus-competidores-por-la-presidencia\/#primaryimage\"},\"thumbnailUrl\":\"https:\/\/noti-america.com\/site\/principal\/wp-content\/uploads\/sites\/26\/2018\/03\/rusia-elecciones.jpg\",\"datePublished\":\"2018-03-15T11:54:07+00:00\",\"author\":{\"@id\":\"https:\/\/noti-america.com\/site\/principal\/#\/schema\/person\/1a24e37c3c358f389f0a111448ddb870\"},\"breadcrumb\":{\"@id\":\"https:\/\/noti-america.com\/site\/principal\/2018\/03\/15\/el-presidente-putin-y-sus-competidores-por-la-presidencia\/#breadcrumb\"},\"inLanguage\":\"es\",\"potentialAction\":[{\"@type\":\"ReadAction\",\"target\":[\"https:\/\/noti-america.com\/site\/principal\/2018\/03\/15\/el-presidente-putin-y-sus-competidores-por-la-presidencia\/\"]}]},{\"@type\":\"ImageObject\",\"inLanguage\":\"es\",\"@id\":\"https:\/\/noti-america.com\/site\/principal\/2018\/03\/15\/el-presidente-putin-y-sus-competidores-por-la-presidencia\/#primaryimage\",\"url\":\"https:\/\/noti-america.com\/site\/principal\/wp-content\/uploads\/sites\/26\/2018\/03\/rusia-elecciones.jpg\",\"contentUrl\":\"https:\/\/noti-america.com\/site\/principal\/wp-content\/uploads\/sites\/26\/2018\/03\/rusia-elecciones.jpg\",\"width\":296,\"height\":170},{\"@type\":\"BreadcrumbList\",\"@id\":\"https:\/\/noti-america.com\/site\/principal\/2018\/03\/15\/el-presidente-putin-y-sus-competidores-por-la-presidencia\/#breadcrumb\",\"itemListElement\":[{\"@type\":\"ListItem\",\"position\":1,\"name\":\"Portada\",\"item\":\"https:\/\/noti-america.com\/site\/principal\/\"},{\"@type\":\"ListItem\",\"position\":2,\"name\":\"El presidente Putin y sus competidores por la presidencia\"}]},{\"@type\":\"WebSite\",\"@id\":\"https:\/\/noti-america.com\/site\/principal\/#website\",\"url\":\"https:\/\/noti-america.com\/site\/principal\/\",\"name\":\"Noti-America.com\",\"description\":\"El Noticiero Digital M\u00e1s Grande de Am\u00e9rica\",\"potentialAction\":[{\"@type\":\"SearchAction\",\"target\":{\"@type\":\"EntryPoint\",\"urlTemplate\":\"https:\/\/noti-america.com\/site\/principal\/?s={search_term_string}\"},\"query-input\":{\"@type\":\"PropertyValueSpecification\",\"valueRequired\":true,\"valueName\":\"search_term_string\"}}],\"inLanguage\":\"es\"},{\"@type\":\"Person\",\"@id\":\"https:\/\/noti-america.com\/site\/principal\/#\/schema\/person\/1a24e37c3c358f389f0a111448ddb870\",\"name\":\"Ydalith Figueroa Kad-Bay\",\"image\":{\"@type\":\"ImageObject\",\"inLanguage\":\"es\",\"@id\":\"https:\/\/secure.gravatar.com\/avatar\/7d1e350465afd215908c3ed413e32ef600cd41c3c21b95416252432a9f6c219c?s=96&d=mm&r=g\",\"url\":\"https:\/\/secure.gravatar.com\/avatar\/7d1e350465afd215908c3ed413e32ef600cd41c3c21b95416252432a9f6c219c?s=96&d=mm&r=g\",\"contentUrl\":\"https:\/\/secure.gravatar.com\/avatar\/7d1e350465afd215908c3ed413e32ef600cd41c3c21b95416252432a9f6c219c?s=96&d=mm&r=g\",\"caption\":\"Ydalith Figueroa Kad-Bay\"},\"description\":\"CEO Noti-America Alemania Embajadora de Venezuela para el Proyecto de Acci\u00f3n Clim\u00e1tica de la ONU, Embajadora para la ense\u00f1anza de los ODS de la ONU, Amplificador de la Acci\u00f3n de los ODS de la ONU, Profesor Voluntario del Proyecto KAKUMA (Educaci\u00f3n de calidad para refugiados en \u00c1frica) UNHCR \u2013 ACNUR - Agencia para los refugiados de la ONU-, Miembro de la ONG Gente Y Ciudad, Embajador de las Instituciones de Microfinanzas \u201cNo a la pobreza ODS #1 de la ONU\u201d (todos tienen derecho a acceso a un cr\u00e9dito), y Voluntario al di\u00e1logo global de UN75. Twitter @ydalithkad email ydalith@yhaoo.com Locutor Profesional 32931 Universidad Central de Venezuela @ISHannover \\\"Colegio Internacional de Hannover Regi\u00f3n, Alemania\\\" Representante de Aprendizaje Innovaci\u00f3n y Tecnolog\u00eda #LMS (Sistema de Gesti\u00f3n de Aprendizaje) #LMS Gente y Ciudad &amp; Asesores Internacionales ONG Alemania. ONG \\\"Gente y Ciudad, Venezuela\\\" Miembro y Asesor especialista An\u00e1lisis de Pol\u00edtica Internacional Asesor Pol\u00edtico Internacional de Venezuela en la defensa de los Derechos Humanos y el restablecimiento Democr\u00e1tico. Diplomacia positiva y Activa. Pasi\u00f3n por el Golf Proyecto #LMS \\\"Golf para ni\u00f1os y adultos Internacional\\\" Pasi\u00f3n por los Postres Proyecto #LMS \\\"Postres, Que Unen a las Culturas del mundo\\\"\",\"sameAs\":[\"https:\/\/x.com\/ydalithkad\"],\"url\":\"https:\/\/noti-america.com\/site\/principal\/author\/yfigueroa\/\"}]}<\/script>\n<!-- \/ Yoast SEO Premium plugin. -->","yoast_head_json":{"title":"El presidente Putin y sus competidores por la presidencia - Noti-America.com","robots":{"index":"index","follow":"follow","max-snippet":"max-snippet:-1","max-image-preview":"max-image-preview:large","max-video-preview":"max-video-preview:-1"},"canonical":"https:\/\/noti-america.com\/site\/principal\/2018\/03\/15\/el-presidente-putin-y-sus-competidores-por-la-presidencia\/","og_locale":"es_ES","og_type":"article","og_title":"El presidente Putin y sus competidores por la presidencia","og_description":"Mosc\u00fa &#8211; Pol\u00edticos conocidos y aspirantes ajenos al sistema de poder: los candidatos que disputan la presidencia de Rusia el pr\u00f3ximo domingo al jefe del\u00a0Kremlin, Vladimir Putin, que busca su cuarto mandato, son de&#46;&#46;&#46;","og_url":"https:\/\/noti-america.com\/site\/principal\/2018\/03\/15\/el-presidente-putin-y-sus-competidores-por-la-presidencia\/","og_site_name":"Noti-America.com","article_published_time":"2018-03-15T11:54:07+00:00","og_image":[{"width":296,"height":170,"url":"https:\/\/noti-america.com\/site\/principal\/wp-content\/uploads\/sites\/26\/2018\/03\/rusia-elecciones.jpg","type":"image\/jpeg"}],"author":"Ydalith Figueroa Kad-Bay","twitter_card":"summary_large_image","twitter_creator":"@ydalithkad","twitter_misc":{"Escrito por":"Ydalith Figueroa Kad-Bay","Tiempo estimado de lectura":"4 minutos"},"schema":{"@context":"https:\/\/schema.org","@graph":[{"@type":"Article","@id":"https:\/\/noti-america.com\/site\/principal\/2018\/03\/15\/el-presidente-putin-y-sus-competidores-por-la-presidencia\/#article","isPartOf":{"@id":"https:\/\/noti-america.com\/site\/principal\/2018\/03\/15\/el-presidente-putin-y-sus-competidores-por-la-presidencia\/"},"author":{"name":"Ydalith Figueroa Kad-Bay","@id":"https:\/\/noti-america.com\/site\/principal\/#\/schema\/person\/1a24e37c3c358f389f0a111448ddb870"},"headline":"El presidente Putin y sus competidores por la presidencia","datePublished":"2018-03-15T11:54:07+00:00","mainEntityOfPage":{"@id":"https:\/\/noti-america.com\/site\/principal\/2018\/03\/15\/el-presidente-putin-y-sus-competidores-por-la-presidencia\/"},"wordCount":734,"commentCount":0,"image":{"@id":"https:\/\/noti-america.com\/site\/principal\/2018\/03\/15\/el-presidente-putin-y-sus-competidores-por-la-presidencia\/#primaryimage"},"thumbnailUrl":"https:\/\/noti-america.com\/site\/principal\/wp-content\/uploads\/sites\/26\/2018\/03\/rusia-elecciones.jpg","articleSection":["Internacionales"],"inLanguage":"es","potentialAction":[{"@type":"CommentAction","name":"Comment","target":["https:\/\/noti-america.com\/site\/principal\/2018\/03\/15\/el-presidente-putin-y-sus-competidores-por-la-presidencia\/#respond"]}]},{"@type":"WebPage","@id":"https:\/\/noti-america.com\/site\/principal\/2018\/03\/15\/el-presidente-putin-y-sus-competidores-por-la-presidencia\/","url":"https:\/\/noti-america.com\/site\/principal\/2018\/03\/15\/el-presidente-putin-y-sus-competidores-por-la-presidencia\/","name":"El presidente Putin y sus competidores por la presidencia - Noti-America.com","isPartOf":{"@id":"https:\/\/noti-america.com\/site\/principal\/#website"},"primaryImageOfPage":{"@id":"https:\/\/noti-america.com\/site\/principal\/2018\/03\/15\/el-presidente-putin-y-sus-competidores-por-la-presidencia\/#primaryimage"},"image":{"@id":"https:\/\/noti-america.com\/site\/principal\/2018\/03\/15\/el-presidente-putin-y-sus-competidores-por-la-presidencia\/#primaryimage"},"thumbnailUrl":"https:\/\/noti-america.com\/site\/principal\/wp-content\/uploads\/sites\/26\/2018\/03\/rusia-elecciones.jpg","datePublished":"2018-03-15T11:54:07+00:00","author":{"@id":"https:\/\/noti-america.com\/site\/principal\/#\/schema\/person\/1a24e37c3c358f389f0a111448ddb870"},"breadcrumb":{"@id":"https:\/\/noti-america.com\/site\/principal\/2018\/03\/15\/el-presidente-putin-y-sus-competidores-por-la-presidencia\/#breadcrumb"},"inLanguage":"es","potentialAction":[{"@type":"ReadAction","target":["https:\/\/noti-america.com\/site\/principal\/2018\/03\/15\/el-presidente-putin-y-sus-competidores-por-la-presidencia\/"]}]},{"@type":"ImageObject","inLanguage":"es","@id":"https:\/\/noti-america.com\/site\/principal\/2018\/03\/15\/el-presidente-putin-y-sus-competidores-por-la-presidencia\/#primaryimage","url":"https:\/\/noti-america.com\/site\/principal\/wp-content\/uploads\/sites\/26\/2018\/03\/rusia-elecciones.jpg","contentUrl":"https:\/\/noti-america.com\/site\/principal\/wp-content\/uploads\/sites\/26\/2018\/03\/rusia-elecciones.jpg","width":296,"height":170},{"@type":"BreadcrumbList","@id":"https:\/\/noti-america.com\/site\/principal\/2018\/03\/15\/el-presidente-putin-y-sus-competidores-por-la-presidencia\/#breadcrumb","itemListElement":[{"@type":"ListItem","position":1,"name":"Portada","item":"https:\/\/noti-america.com\/site\/principal\/"},{"@type":"ListItem","position":2,"name":"El presidente Putin y sus competidores por la presidencia"}]},{"@type":"WebSite","@id":"https:\/\/noti-america.com\/site\/principal\/#website","url":"https:\/\/noti-america.com\/site\/principal\/","name":"Noti-America.com","description":"El Noticiero Digital M\u00e1s Grande de Am\u00e9rica","potentialAction":[{"@type":"SearchAction","target":{"@type":"EntryPoint","urlTemplate":"https:\/\/noti-america.com\/site\/principal\/?s={search_term_string}"},"query-input":{"@type":"PropertyValueSpecification","valueRequired":true,"valueName":"search_term_string"}}],"inLanguage":"es"},{"@type":"Person","@id":"https:\/\/noti-america.com\/site\/principal\/#\/schema\/person\/1a24e37c3c358f389f0a111448ddb870","name":"Ydalith Figueroa Kad-Bay","image":{"@type":"ImageObject","inLanguage":"es","@id":"https:\/\/secure.gravatar.com\/avatar\/7d1e350465afd215908c3ed413e32ef600cd41c3c21b95416252432a9f6c219c?s=96&d=mm&r=g","url":"https:\/\/secure.gravatar.com\/avatar\/7d1e350465afd215908c3ed413e32ef600cd41c3c21b95416252432a9f6c219c?s=96&d=mm&r=g","contentUrl":"https:\/\/secure.gravatar.com\/avatar\/7d1e350465afd215908c3ed413e32ef600cd41c3c21b95416252432a9f6c219c?s=96&d=mm&r=g","caption":"Ydalith Figueroa Kad-Bay"},"description":"CEO Noti-America Alemania Embajadora de Venezuela para el Proyecto de Acci\u00f3n Clim\u00e1tica de la ONU, Embajadora para la ense\u00f1anza de los ODS de la ONU, Amplificador de la Acci\u00f3n de los ODS de la ONU, Profesor Voluntario del Proyecto KAKUMA (Educaci\u00f3n de calidad para refugiados en \u00c1frica) UNHCR \u2013 ACNUR - Agencia para los refugiados de la ONU-, Miembro de la ONG Gente Y Ciudad, Embajador de las Instituciones de Microfinanzas \u201cNo a la pobreza ODS #1 de la ONU\u201d (todos tienen derecho a acceso a un cr\u00e9dito), y Voluntario al di\u00e1logo global de UN75. Twitter @ydalithkad email ydalith@yhaoo.com Locutor Profesional 32931 Universidad Central de Venezuela @ISHannover \"Colegio Internacional de Hannover Regi\u00f3n, Alemania\" Representante de Aprendizaje Innovaci\u00f3n y Tecnolog\u00eda #LMS (Sistema de Gesti\u00f3n de Aprendizaje) #LMS Gente y Ciudad &amp; Asesores Internacionales ONG Alemania. ONG \"Gente y Ciudad, Venezuela\" Miembro y Asesor especialista An\u00e1lisis de Pol\u00edtica Internacional Asesor Pol\u00edtico Internacional de Venezuela en la defensa de los Derechos Humanos y el restablecimiento Democr\u00e1tico. Diplomacia positiva y Activa. Pasi\u00f3n por el Golf Proyecto #LMS \"Golf para ni\u00f1os y adultos Internacional\" Pasi\u00f3n por los Postres Proyecto #LMS \"Postres, Que Unen a las Culturas del mundo\"","sameAs":["https:\/\/x.com\/ydalithkad"],"url":"https:\/\/noti-america.com\/site\/principal\/author\/yfigueroa\/"}]}},"_links":{"self":[{"href":"https:\/\/noti-america.com\/site\/principal\/wp-json\/wp\/v2\/posts\/1082","targetHints":{"allow":["GET"]}}],"collection":[{"href":"https:\/\/noti-america.com\/site\/principal\/wp-json\/wp\/v2\/posts"}],"about":[{"href":"https:\/\/noti-america.com\/site\/principal\/wp-json\/wp\/v2\/types\/post"}],"author":[{"embeddable":true,"href":"https:\/\/noti-america.com\/site\/principal\/wp-json\/wp\/v2\/users\/31"}],"replies":[{"embeddable":true,"href":"https:\/\/noti-america.com\/site\/principal\/wp-json\/wp\/v2\/comments?post=1082"}],"version-history":[{"count":1,"href":"https:\/\/noti-america.com\/site\/principal\/wp-json\/wp\/v2\/posts\/1082\/revisions"}],"predecessor-version":[{"id":1084,"href":"https:\/\/noti-america.com\/site\/principal\/wp-json\/wp\/v2\/posts\/1082\/revisions\/1084"}],"wp:featuredmedia":[{"embeddable":true,"href":"https:\/\/noti-america.com\/site\/principal\/wp-json\/wp\/v2\/media\/1083"}],"wp:attachment":[{"href":"https:\/\/noti-america.com\/site\/principal\/wp-json\/wp\/v2\/media?parent=1082"}],"wp:term":[{"taxonomy":"category","embeddable":true,"href":"https:\/\/noti-america.com\/site\/principal\/wp-json\/wp\/v2\/categories?post=1082"},{"taxonomy":"post_tag","embeddable":true,"href":"https:\/\/noti-america.com\/site\/principal\/wp-json\/wp\/v2\/tags?post=1082"}],"curies":[{"name":"wp","href":"https:\/\/api.w.org\/{rel}","templated":true}]}}