{"id":1064,"date":"2018-03-15T08:12:42","date_gmt":"2018-03-15T08:12:42","guid":{"rendered":"http:\/\/noti-america.com\/site\/alemania\/?p=1064"},"modified":"2018-03-15T08:12:42","modified_gmt":"2018-03-15T08:12:42","slug":"tras-panama-papers-mossack-fonseca-cierra-sus-operaciones","status":"publish","type":"post","link":"https:\/\/noti-america.com\/site\/principal\/2018\/03\/15\/tras-panama-papers-mossack-fonseca-cierra-sus-operaciones\/","title":{"rendered":"Tras \u00abPanama Papers\u00bb, Mossack Fonseca cierra sus operaciones"},"content":{"rendered":"<p><span class=\"dateline\">Ciudad de Panam\u00e1, 14 mar \u00a0&#8211; <\/span>La firma de abogados paname\u00f1a Mossack Fonseca, que qued\u00f3 en el centro del esc\u00e1ndalo financiero conocido como \u00abPanama Papers\u00bb, anunci\u00f3 hoy el cierre de sus operaciones.<\/p>\n<p>A trav\u00e9s de un comunicado, la empresa dijo que fue \u00abv\u00edctima de un ataque cibern\u00e9tico de escala mundial\u00bb.<\/p>\n<p>\u00abEl Consorcio Internacional de Periodistas Investigativos (ICIJ, por sus siglas en ingl\u00e9s) present\u00f3 al mundo, en base a informaci\u00f3n robada, un panorama desacertado de los servicios que prest\u00e1bamos tergiversando la naturaleza de la industria y su papel en los mercados financieros globales\u00bb, se\u00f1al\u00f3.<\/p>\n<p>Seg\u00fan la empresa, las publicaciones del ICIJ estaban \u00abplagadas de especulaciones y datos fuera de contexto\u00bb y \u00ablograron cumplir una agenda medi\u00e1tica orquestada por algunos organismos internacionales\u00bb.<\/p>\n<p>Una fuente no identificada filtr\u00f3 unos 2,6 terabytes de informaci\u00f3n sobre las operaciones de Mossack Fonseca al peri\u00f3dico alem\u00e1n \u00abS\u00fcddeutsche Zeitung\u00bb. La publicaci\u00f3n de esta informaci\u00f3n sobre operaciones offshore, conocida como \u00abPanama Papers\u00bb, desat\u00f3 un esc\u00e1ndalo que afect\u00f3 a pol\u00edticos y empresarios alrededor de mundo.<\/p>\n<p>De acuerdo con Mossack Fonseca, debido a esas publicaciones los directivos de la compa\u00f1\u00eda redujeron las oficinas, as\u00ed como el personal. De los 600 trabajadores que ten\u00eda en 2016, ahora quedan \u00fanicamente unos 50 empleados activos.<\/p>\n<p>\u00abEl deterioro reputacional, la campa\u00f1a medi\u00e1tica, el cerco financiero y las actuaciones irregulares de algunas autoridades paname\u00f1as han ocasionado un da\u00f1o irreparable, cuya consecuencia obligada es el cese total de operaciones al p\u00fablico a finales del presente mes despu\u00e9s de 40 a\u00f1os de crecimiento y de aportar social, cultural y econ\u00f3micamente a nuestro pa\u00eds\u00bb, sostuvo el comunicado.<\/p>\n<p>La empresa hab\u00eda sido fundada por los abogados J\u00fcrgen Mossack, de nacionalidad alemana, y Ram\u00f3n Fonseca, jurista paname\u00f1o, quien hab\u00eda sido el jefe pol\u00edtico del gobernante partido Paname\u00f1ista y estrecho colaborador del presidente Juan Carlos Varela.<\/p>\n<p>CP(dpa)<\/p>\n","protected":false},"excerpt":{"rendered":"<p>Ciudad de Panam\u00e1, 14 mar \u00a0&#8211; La firma de abogados paname\u00f1a Mossack Fonseca, que qued\u00f3 en el centro del esc\u00e1ndalo financiero conocido como \u00abPanama Papers\u00bb, anunci\u00f3 hoy el cierre de sus operaciones. A trav\u00e9s&#46;&#46;&#46;<\/p>\n","protected":false},"author":31,"featured_media":1065,"comment_status":"open","ping_status":"open","sticky":false,"template":"","format":"standard","meta":{"_acf_changed":false,"rop_custom_images_group":[],"rop_custom_messages_group":[],"rop_publish_now":"initial","rop_publish_now_accounts":{"facebook_10219548024599422_1632221337088128":"","twitter_242054905_242054905":""},"rop_publish_now_history":[],"rop_publish_now_status":"pending","footnotes":""},"categories":[4,86],"tags":[],"class_list":["post-1064","post","type-post","status-publish","format-standard","has-post-thumbnail","hentry","category-internacionales","category-panama"],"acf":[],"yoast_head":"<!-- This site is optimized with the Yoast SEO Premium plugin v24.9 (Yoast SEO v27.2) - https:\/\/yoast.com\/product\/yoast-seo-premium-wordpress\/ -->\n<title>Tras &quot;Panama Papers&quot;, Mossack Fonseca cierra sus operaciones - Noti-America.com<\/title>\n<meta name=\"robots\" content=\"index, follow, max-snippet:-1, max-image-preview:large, max-video-preview:-1\" \/>\n<link rel=\"canonical\" href=\"https:\/\/noti-america.com\/site\/principal\/2018\/03\/15\/tras-panama-papers-mossack-fonseca-cierra-sus-operaciones\/\" \/>\n<meta property=\"og:locale\" content=\"es_ES\" \/>\n<meta property=\"og:type\" content=\"article\" \/>\n<meta property=\"og:title\" content=\"Tras &quot;Panama Papers&quot;, Mossack Fonseca cierra sus operaciones\" \/>\n<meta property=\"og:description\" content=\"Ciudad de Panam\u00e1, 14 mar \u00a0&#8211; La firma de abogados paname\u00f1a Mossack Fonseca, que qued\u00f3 en el centro del esc\u00e1ndalo financiero conocido como \u00abPanama Papers\u00bb, anunci\u00f3 hoy el cierre de sus operaciones. A trav\u00e9s&#046;&#046;&#046;\" \/>\n<meta property=\"og:url\" content=\"https:\/\/noti-america.com\/site\/principal\/2018\/03\/15\/tras-panama-papers-mossack-fonseca-cierra-sus-operaciones\/\" \/>\n<meta property=\"og:site_name\" content=\"Noti-America.com\" \/>\n<meta property=\"article:published_time\" content=\"2018-03-15T08:12:42+00:00\" \/>\n<meta property=\"og:image\" content=\"https:\/\/noti-america.com\/site\/principal\/wp-content\/uploads\/sites\/26\/2018\/03\/mossack-fonesca.jpg\" \/>\n\t<meta property=\"og:image:width\" content=\"615\" \/>\n\t<meta property=\"og:image:height\" content=\"384\" \/>\n\t<meta property=\"og:image:type\" content=\"image\/jpeg\" \/>\n<meta name=\"author\" content=\"Ydalith Figueroa Kad-Bay\" \/>\n<meta name=\"twitter:card\" content=\"summary_large_image\" \/>\n<meta name=\"twitter:creator\" content=\"@ydalithkad\" \/>\n<meta name=\"twitter:label1\" content=\"Escrito por\" \/>\n\t<meta name=\"twitter:data1\" content=\"Ydalith Figueroa Kad-Bay\" \/>\n\t<meta name=\"twitter:label2\" content=\"Tiempo estimado de lectura\" \/>\n\t<meta name=\"twitter:data2\" content=\"2 minutos\" \/>\n<script type=\"application\/ld+json\" class=\"yoast-schema-graph\">{\"@context\":\"https:\/\/schema.org\",\"@graph\":[{\"@type\":\"Article\",\"@id\":\"https:\/\/noti-america.com\/site\/principal\/2018\/03\/15\/tras-panama-papers-mossack-fonseca-cierra-sus-operaciones\/#article\",\"isPartOf\":{\"@id\":\"https:\/\/noti-america.com\/site\/principal\/2018\/03\/15\/tras-panama-papers-mossack-fonseca-cierra-sus-operaciones\/\"},\"author\":{\"name\":\"Ydalith Figueroa Kad-Bay\",\"@id\":\"https:\/\/noti-america.com\/site\/principal\/#\/schema\/person\/1a24e37c3c358f389f0a111448ddb870\"},\"headline\":\"Tras \u00abPanama Papers\u00bb, Mossack Fonseca cierra sus operaciones\",\"datePublished\":\"2018-03-15T08:12:42+00:00\",\"mainEntityOfPage\":{\"@id\":\"https:\/\/noti-america.com\/site\/principal\/2018\/03\/15\/tras-panama-papers-mossack-fonseca-cierra-sus-operaciones\/\"},\"wordCount\":335,\"commentCount\":0,\"image\":{\"@id\":\"https:\/\/noti-america.com\/site\/principal\/2018\/03\/15\/tras-panama-papers-mossack-fonseca-cierra-sus-operaciones\/#primaryimage\"},\"thumbnailUrl\":\"https:\/\/noti-america.com\/site\/principal\/wp-content\/uploads\/sites\/26\/2018\/03\/mossack-fonesca.jpg\",\"articleSection\":[\"Internacionales\",\"Panama\"],\"inLanguage\":\"es\",\"potentialAction\":[{\"@type\":\"CommentAction\",\"name\":\"Comment\",\"target\":[\"https:\/\/noti-america.com\/site\/principal\/2018\/03\/15\/tras-panama-papers-mossack-fonseca-cierra-sus-operaciones\/#respond\"]}]},{\"@type\":\"WebPage\",\"@id\":\"https:\/\/noti-america.com\/site\/principal\/2018\/03\/15\/tras-panama-papers-mossack-fonseca-cierra-sus-operaciones\/\",\"url\":\"https:\/\/noti-america.com\/site\/principal\/2018\/03\/15\/tras-panama-papers-mossack-fonseca-cierra-sus-operaciones\/\",\"name\":\"Tras \\\"Panama Papers\\\", Mossack Fonseca cierra sus operaciones - Noti-America.com\",\"isPartOf\":{\"@id\":\"https:\/\/noti-america.com\/site\/principal\/#website\"},\"primaryImageOfPage\":{\"@id\":\"https:\/\/noti-america.com\/site\/principal\/2018\/03\/15\/tras-panama-papers-mossack-fonseca-cierra-sus-operaciones\/#primaryimage\"},\"image\":{\"@id\":\"https:\/\/noti-america.com\/site\/principal\/2018\/03\/15\/tras-panama-papers-mossack-fonseca-cierra-sus-operaciones\/#primaryimage\"},\"thumbnailUrl\":\"https:\/\/noti-america.com\/site\/principal\/wp-content\/uploads\/sites\/26\/2018\/03\/mossack-fonesca.jpg\",\"datePublished\":\"2018-03-15T08:12:42+00:00\",\"author\":{\"@id\":\"https:\/\/noti-america.com\/site\/principal\/#\/schema\/person\/1a24e37c3c358f389f0a111448ddb870\"},\"breadcrumb\":{\"@id\":\"https:\/\/noti-america.com\/site\/principal\/2018\/03\/15\/tras-panama-papers-mossack-fonseca-cierra-sus-operaciones\/#breadcrumb\"},\"inLanguage\":\"es\",\"potentialAction\":[{\"@type\":\"ReadAction\",\"target\":[\"https:\/\/noti-america.com\/site\/principal\/2018\/03\/15\/tras-panama-papers-mossack-fonseca-cierra-sus-operaciones\/\"]}]},{\"@type\":\"ImageObject\",\"inLanguage\":\"es\",\"@id\":\"https:\/\/noti-america.com\/site\/principal\/2018\/03\/15\/tras-panama-papers-mossack-fonseca-cierra-sus-operaciones\/#primaryimage\",\"url\":\"https:\/\/noti-america.com\/site\/principal\/wp-content\/uploads\/sites\/26\/2018\/03\/mossack-fonesca.jpg\",\"contentUrl\":\"https:\/\/noti-america.com\/site\/principal\/wp-content\/uploads\/sites\/26\/2018\/03\/mossack-fonesca.jpg\",\"width\":615,\"height\":384},{\"@type\":\"BreadcrumbList\",\"@id\":\"https:\/\/noti-america.com\/site\/principal\/2018\/03\/15\/tras-panama-papers-mossack-fonseca-cierra-sus-operaciones\/#breadcrumb\",\"itemListElement\":[{\"@type\":\"ListItem\",\"position\":1,\"name\":\"Portada\",\"item\":\"https:\/\/noti-america.com\/site\/principal\/\"},{\"@type\":\"ListItem\",\"position\":2,\"name\":\"Tras \u00abPanama Papers\u00bb, Mossack Fonseca cierra sus operaciones\"}]},{\"@type\":\"WebSite\",\"@id\":\"https:\/\/noti-america.com\/site\/principal\/#website\",\"url\":\"https:\/\/noti-america.com\/site\/principal\/\",\"name\":\"Noti-America.com\",\"description\":\"El Noticiero Digital M\u00e1s Grande de Am\u00e9rica\",\"potentialAction\":[{\"@type\":\"SearchAction\",\"target\":{\"@type\":\"EntryPoint\",\"urlTemplate\":\"https:\/\/noti-america.com\/site\/principal\/?s={search_term_string}\"},\"query-input\":{\"@type\":\"PropertyValueSpecification\",\"valueRequired\":true,\"valueName\":\"search_term_string\"}}],\"inLanguage\":\"es\"},{\"@type\":\"Person\",\"@id\":\"https:\/\/noti-america.com\/site\/principal\/#\/schema\/person\/1a24e37c3c358f389f0a111448ddb870\",\"name\":\"Ydalith Figueroa Kad-Bay\",\"image\":{\"@type\":\"ImageObject\",\"inLanguage\":\"es\",\"@id\":\"https:\/\/secure.gravatar.com\/avatar\/7d1e350465afd215908c3ed413e32ef600cd41c3c21b95416252432a9f6c219c?s=96&d=mm&r=g\",\"url\":\"https:\/\/secure.gravatar.com\/avatar\/7d1e350465afd215908c3ed413e32ef600cd41c3c21b95416252432a9f6c219c?s=96&d=mm&r=g\",\"contentUrl\":\"https:\/\/secure.gravatar.com\/avatar\/7d1e350465afd215908c3ed413e32ef600cd41c3c21b95416252432a9f6c219c?s=96&d=mm&r=g\",\"caption\":\"Ydalith Figueroa Kad-Bay\"},\"description\":\"CEO Noti-America Alemania Embajadora de Venezuela para el Proyecto de Acci\u00f3n Clim\u00e1tica de la ONU, Embajadora para la ense\u00f1anza de los ODS de la ONU, Amplificador de la Acci\u00f3n de los ODS de la ONU, Profesor Voluntario del Proyecto KAKUMA (Educaci\u00f3n de calidad para refugiados en \u00c1frica) UNHCR \u2013 ACNUR - Agencia para los refugiados de la ONU-, Miembro de la ONG Gente Y Ciudad, Embajador de las Instituciones de Microfinanzas \u201cNo a la pobreza ODS #1 de la ONU\u201d (todos tienen derecho a acceso a un cr\u00e9dito), y Voluntario al di\u00e1logo global de UN75. Twitter @ydalithkad email ydalith@yhaoo.com Locutor Profesional 32931 Universidad Central de Venezuela @ISHannover \\\"Colegio Internacional de Hannover Regi\u00f3n, Alemania\\\" Representante de Aprendizaje Innovaci\u00f3n y Tecnolog\u00eda #LMS (Sistema de Gesti\u00f3n de Aprendizaje) #LMS Gente y Ciudad &amp; Asesores Internacionales ONG Alemania. ONG \\\"Gente y Ciudad, Venezuela\\\" Miembro y Asesor especialista An\u00e1lisis de Pol\u00edtica Internacional Asesor Pol\u00edtico Internacional de Venezuela en la defensa de los Derechos Humanos y el restablecimiento Democr\u00e1tico. Diplomacia positiva y Activa. Pasi\u00f3n por el Golf Proyecto #LMS \\\"Golf para ni\u00f1os y adultos Internacional\\\" Pasi\u00f3n por los Postres Proyecto #LMS \\\"Postres, Que Unen a las Culturas del mundo\\\"\",\"sameAs\":[\"https:\/\/x.com\/ydalithkad\"],\"url\":\"https:\/\/noti-america.com\/site\/principal\/author\/yfigueroa\/\"}]}<\/script>\n<!-- \/ Yoast SEO Premium plugin. -->","yoast_head_json":{"title":"Tras \"Panama Papers\", Mossack Fonseca cierra sus operaciones - Noti-America.com","robots":{"index":"index","follow":"follow","max-snippet":"max-snippet:-1","max-image-preview":"max-image-preview:large","max-video-preview":"max-video-preview:-1"},"canonical":"https:\/\/noti-america.com\/site\/principal\/2018\/03\/15\/tras-panama-papers-mossack-fonseca-cierra-sus-operaciones\/","og_locale":"es_ES","og_type":"article","og_title":"Tras \"Panama Papers\", Mossack Fonseca cierra sus operaciones","og_description":"Ciudad de Panam\u00e1, 14 mar \u00a0&#8211; La firma de abogados paname\u00f1a Mossack Fonseca, que qued\u00f3 en el centro del esc\u00e1ndalo financiero conocido como \u00abPanama Papers\u00bb, anunci\u00f3 hoy el cierre de sus operaciones. A trav\u00e9s&#46;&#46;&#46;","og_url":"https:\/\/noti-america.com\/site\/principal\/2018\/03\/15\/tras-panama-papers-mossack-fonseca-cierra-sus-operaciones\/","og_site_name":"Noti-America.com","article_published_time":"2018-03-15T08:12:42+00:00","og_image":[{"width":615,"height":384,"url":"https:\/\/noti-america.com\/site\/principal\/wp-content\/uploads\/sites\/26\/2018\/03\/mossack-fonesca.jpg","type":"image\/jpeg"}],"author":"Ydalith Figueroa Kad-Bay","twitter_card":"summary_large_image","twitter_creator":"@ydalithkad","twitter_misc":{"Escrito por":"Ydalith Figueroa Kad-Bay","Tiempo estimado de lectura":"2 minutos"},"schema":{"@context":"https:\/\/schema.org","@graph":[{"@type":"Article","@id":"https:\/\/noti-america.com\/site\/principal\/2018\/03\/15\/tras-panama-papers-mossack-fonseca-cierra-sus-operaciones\/#article","isPartOf":{"@id":"https:\/\/noti-america.com\/site\/principal\/2018\/03\/15\/tras-panama-papers-mossack-fonseca-cierra-sus-operaciones\/"},"author":{"name":"Ydalith Figueroa Kad-Bay","@id":"https:\/\/noti-america.com\/site\/principal\/#\/schema\/person\/1a24e37c3c358f389f0a111448ddb870"},"headline":"Tras \u00abPanama Papers\u00bb, Mossack Fonseca cierra sus operaciones","datePublished":"2018-03-15T08:12:42+00:00","mainEntityOfPage":{"@id":"https:\/\/noti-america.com\/site\/principal\/2018\/03\/15\/tras-panama-papers-mossack-fonseca-cierra-sus-operaciones\/"},"wordCount":335,"commentCount":0,"image":{"@id":"https:\/\/noti-america.com\/site\/principal\/2018\/03\/15\/tras-panama-papers-mossack-fonseca-cierra-sus-operaciones\/#primaryimage"},"thumbnailUrl":"https:\/\/noti-america.com\/site\/principal\/wp-content\/uploads\/sites\/26\/2018\/03\/mossack-fonesca.jpg","articleSection":["Internacionales","Panama"],"inLanguage":"es","potentialAction":[{"@type":"CommentAction","name":"Comment","target":["https:\/\/noti-america.com\/site\/principal\/2018\/03\/15\/tras-panama-papers-mossack-fonseca-cierra-sus-operaciones\/#respond"]}]},{"@type":"WebPage","@id":"https:\/\/noti-america.com\/site\/principal\/2018\/03\/15\/tras-panama-papers-mossack-fonseca-cierra-sus-operaciones\/","url":"https:\/\/noti-america.com\/site\/principal\/2018\/03\/15\/tras-panama-papers-mossack-fonseca-cierra-sus-operaciones\/","name":"Tras \"Panama Papers\", Mossack Fonseca cierra sus operaciones - Noti-America.com","isPartOf":{"@id":"https:\/\/noti-america.com\/site\/principal\/#website"},"primaryImageOfPage":{"@id":"https:\/\/noti-america.com\/site\/principal\/2018\/03\/15\/tras-panama-papers-mossack-fonseca-cierra-sus-operaciones\/#primaryimage"},"image":{"@id":"https:\/\/noti-america.com\/site\/principal\/2018\/03\/15\/tras-panama-papers-mossack-fonseca-cierra-sus-operaciones\/#primaryimage"},"thumbnailUrl":"https:\/\/noti-america.com\/site\/principal\/wp-content\/uploads\/sites\/26\/2018\/03\/mossack-fonesca.jpg","datePublished":"2018-03-15T08:12:42+00:00","author":{"@id":"https:\/\/noti-america.com\/site\/principal\/#\/schema\/person\/1a24e37c3c358f389f0a111448ddb870"},"breadcrumb":{"@id":"https:\/\/noti-america.com\/site\/principal\/2018\/03\/15\/tras-panama-papers-mossack-fonseca-cierra-sus-operaciones\/#breadcrumb"},"inLanguage":"es","potentialAction":[{"@type":"ReadAction","target":["https:\/\/noti-america.com\/site\/principal\/2018\/03\/15\/tras-panama-papers-mossack-fonseca-cierra-sus-operaciones\/"]}]},{"@type":"ImageObject","inLanguage":"es","@id":"https:\/\/noti-america.com\/site\/principal\/2018\/03\/15\/tras-panama-papers-mossack-fonseca-cierra-sus-operaciones\/#primaryimage","url":"https:\/\/noti-america.com\/site\/principal\/wp-content\/uploads\/sites\/26\/2018\/03\/mossack-fonesca.jpg","contentUrl":"https:\/\/noti-america.com\/site\/principal\/wp-content\/uploads\/sites\/26\/2018\/03\/mossack-fonesca.jpg","width":615,"height":384},{"@type":"BreadcrumbList","@id":"https:\/\/noti-america.com\/site\/principal\/2018\/03\/15\/tras-panama-papers-mossack-fonseca-cierra-sus-operaciones\/#breadcrumb","itemListElement":[{"@type":"ListItem","position":1,"name":"Portada","item":"https:\/\/noti-america.com\/site\/principal\/"},{"@type":"ListItem","position":2,"name":"Tras \u00abPanama Papers\u00bb, Mossack Fonseca cierra sus operaciones"}]},{"@type":"WebSite","@id":"https:\/\/noti-america.com\/site\/principal\/#website","url":"https:\/\/noti-america.com\/site\/principal\/","name":"Noti-America.com","description":"El Noticiero Digital M\u00e1s Grande de Am\u00e9rica","potentialAction":[{"@type":"SearchAction","target":{"@type":"EntryPoint","urlTemplate":"https:\/\/noti-america.com\/site\/principal\/?s={search_term_string}"},"query-input":{"@type":"PropertyValueSpecification","valueRequired":true,"valueName":"search_term_string"}}],"inLanguage":"es"},{"@type":"Person","@id":"https:\/\/noti-america.com\/site\/principal\/#\/schema\/person\/1a24e37c3c358f389f0a111448ddb870","name":"Ydalith Figueroa Kad-Bay","image":{"@type":"ImageObject","inLanguage":"es","@id":"https:\/\/secure.gravatar.com\/avatar\/7d1e350465afd215908c3ed413e32ef600cd41c3c21b95416252432a9f6c219c?s=96&d=mm&r=g","url":"https:\/\/secure.gravatar.com\/avatar\/7d1e350465afd215908c3ed413e32ef600cd41c3c21b95416252432a9f6c219c?s=96&d=mm&r=g","contentUrl":"https:\/\/secure.gravatar.com\/avatar\/7d1e350465afd215908c3ed413e32ef600cd41c3c21b95416252432a9f6c219c?s=96&d=mm&r=g","caption":"Ydalith Figueroa Kad-Bay"},"description":"CEO Noti-America Alemania Embajadora de Venezuela para el Proyecto de Acci\u00f3n Clim\u00e1tica de la ONU, Embajadora para la ense\u00f1anza de los ODS de la ONU, Amplificador de la Acci\u00f3n de los ODS de la ONU, Profesor Voluntario del Proyecto KAKUMA (Educaci\u00f3n de calidad para refugiados en \u00c1frica) UNHCR \u2013 ACNUR - Agencia para los refugiados de la ONU-, Miembro de la ONG Gente Y Ciudad, Embajador de las Instituciones de Microfinanzas \u201cNo a la pobreza ODS #1 de la ONU\u201d (todos tienen derecho a acceso a un cr\u00e9dito), y Voluntario al di\u00e1logo global de UN75. Twitter @ydalithkad email ydalith@yhaoo.com Locutor Profesional 32931 Universidad Central de Venezuela @ISHannover \"Colegio Internacional de Hannover Regi\u00f3n, Alemania\" Representante de Aprendizaje Innovaci\u00f3n y Tecnolog\u00eda #LMS (Sistema de Gesti\u00f3n de Aprendizaje) #LMS Gente y Ciudad &amp; Asesores Internacionales ONG Alemania. ONG \"Gente y Ciudad, Venezuela\" Miembro y Asesor especialista An\u00e1lisis de Pol\u00edtica Internacional Asesor Pol\u00edtico Internacional de Venezuela en la defensa de los Derechos Humanos y el restablecimiento Democr\u00e1tico. Diplomacia positiva y Activa. Pasi\u00f3n por el Golf Proyecto #LMS \"Golf para ni\u00f1os y adultos Internacional\" Pasi\u00f3n por los Postres Proyecto #LMS \"Postres, Que Unen a las Culturas del mundo\"","sameAs":["https:\/\/x.com\/ydalithkad"],"url":"https:\/\/noti-america.com\/site\/principal\/author\/yfigueroa\/"}]}},"_links":{"self":[{"href":"https:\/\/noti-america.com\/site\/principal\/wp-json\/wp\/v2\/posts\/1064","targetHints":{"allow":["GET"]}}],"collection":[{"href":"https:\/\/noti-america.com\/site\/principal\/wp-json\/wp\/v2\/posts"}],"about":[{"href":"https:\/\/noti-america.com\/site\/principal\/wp-json\/wp\/v2\/types\/post"}],"author":[{"embeddable":true,"href":"https:\/\/noti-america.com\/site\/principal\/wp-json\/wp\/v2\/users\/31"}],"replies":[{"embeddable":true,"href":"https:\/\/noti-america.com\/site\/principal\/wp-json\/wp\/v2\/comments?post=1064"}],"version-history":[{"count":1,"href":"https:\/\/noti-america.com\/site\/principal\/wp-json\/wp\/v2\/posts\/1064\/revisions"}],"predecessor-version":[{"id":1066,"href":"https:\/\/noti-america.com\/site\/principal\/wp-json\/wp\/v2\/posts\/1064\/revisions\/1066"}],"wp:featuredmedia":[{"embeddable":true,"href":"https:\/\/noti-america.com\/site\/principal\/wp-json\/wp\/v2\/media\/1065"}],"wp:attachment":[{"href":"https:\/\/noti-america.com\/site\/principal\/wp-json\/wp\/v2\/media?parent=1064"}],"wp:term":[{"taxonomy":"category","embeddable":true,"href":"https:\/\/noti-america.com\/site\/principal\/wp-json\/wp\/v2\/categories?post=1064"},{"taxonomy":"post_tag","embeddable":true,"href":"https:\/\/noti-america.com\/site\/principal\/wp-json\/wp\/v2\/tags?post=1064"}],"curies":[{"name":"wp","href":"https:\/\/api.w.org\/{rel}","templated":true}]}}