{"id":1059,"date":"2018-03-15T08:01:13","date_gmt":"2018-03-15T08:01:13","guid":{"rendered":"http:\/\/noti-america.com\/site\/alemania\/?p=1059"},"modified":"2018-03-15T08:01:13","modified_gmt":"2018-03-15T08:01:13","slug":"river-se-aduena-de-la-supercopa-argentina-al-vencer-a-boca","status":"publish","type":"post","link":"https:\/\/noti-america.com\/site\/principal\/2018\/03\/15\/river-se-aduena-de-la-supercopa-argentina-al-vencer-a-boca\/","title":{"rendered":"River se adue\u00f1a de la Supercopa argentina al vencer a Boca"},"content":{"rendered":"<p><span class=\"dateline\">Mendoza (Argentina), 14 mar &#8211; <\/span>River Plate celebr\u00f3 hoy una fiesta completa al derrotar 2-0 a Boca Juniors, su cl\u00e1sico rival, y levantar la Supercopa argentina de f\u00fatbol en una definici\u00f3n de bajo nivel pero emotiva que se disput\u00f3 en la ciudad de Mendoza, a unos 1.100 kil\u00f3metros de Buenos Aires.<\/p>\n<div class=\"detailtext lang-es\" lang=\"es\">\n<p>El volante Gonzalo \u00abPity\u00bb Mart\u00ednez (17&#8242;)\u00a0convirti\u00f3 el primer gol con un remate de penal, mientras que el delantero Ignacio Scocco anot\u00f3 el segundo (64&#8242;) con un toque de derecha tras un veloz contragolpe.<\/p>\n<p>River no fue mejor que Boca pero cont\u00f3 con una actuaci\u00f3n descollante de su arquero, Franco Armani, figura del encuentro al impedir en al menos cuatro ocasiones el gol \u00abxeneize\u00bb.<\/p>\n<p>Boca lidera c\u00f3modamente la Superliga argentina, donde tiene 23 puntos m\u00e1s que River, pero el \u00abmillonario\u00bb fue ordenado en el mediocampo y oportuno en las dos jugadas de riesgo que tuvo.<\/p>\n<p>El equipo boquense\u00a0comenz\u00f3 mejor el partido,\u00a0asentado en el medio del\u00a0campo a partir del juego del colombiano Edwin Cardona y apostando a los avances de Cristian Pav\u00f3n en la izquierda.<\/p>\n<p>River, en cambio, aparec\u00eda m\u00e1s solidario, ejerciendo presi\u00f3n sobre Pablo P\u00e9rez y obligando a que el inicio del juego de Boca partiera de los pies de otro de sus colombianos, Wilmar Barrios.<\/p>\n<p>En\u00a0el primer avance,\u00a0River\u00a0consigui\u00f3 la apertura del resultado. Ignacio Fern\u00e1ndez combin\u00f3 con Gonzalo Mart\u00ednez y cuando ingres\u00f3 al \u00e1rea Cardona le cometi\u00f3 penal.<\/p>\n<p>A los 17 minutos,\u00a0\u00abPity\u00bb Mart\u00ednez convirti\u00f3 el gol con un toque de zurda a la derecha del arquero Agust\u00edn Rossi, que eligi\u00f3 el otro palo.<\/p>\n<p>El partido, de bajo nivel, qued\u00f3 en manos de River aun sin ser un claro dominador. Sus volantes defensivos anticiparon la mayor\u00eda de las jugadas, Cardona no encontr\u00f3\u00a0socios y Tevez apareci\u00f3 desconectado del resto del equipo.<\/p>\n<p>Boca sali\u00f3 al complemento en busca del empate. A los 47 minutos, un buen pase de P\u00e9rez encontr\u00f3 a Pav\u00f3n, que intent\u00f3 tocar sobre el arquero Armani pero \u00e9ste, con una gran reacci\u00f3n, alcanz\u00f3 a rozar con su mano derecha el bal\u00f3n y hacerlo tocar el travesa\u00f1o.<\/p>\n<p>En la siguiente jugada, otra vez Armani salv\u00f3 a River tras un cabezazo del defensor Paolo Goltz.<\/p>\n<p>Boca inclin\u00f3 de a poco la cancha hacia el arco de River. Pablo P\u00e9rez y Cardona se adue\u00f1aron de la pelota, Tevez tom\u00f3 m\u00e1s contacto con el bal\u00f3n y Pav\u00f3n volvi\u00f3 a preocupar por la izquierda.<\/p>\n<p>River procur\u00f3 ordenarse en la mitad de la cancha y apostar a una respuesta, pero Lucas Pratto luci\u00f3 otras vez fuera de foco y sin preocupar a la defensa boquense.<\/p>\n<p>En otro minuto de riesgo para River, Armani volvi\u00f3 a protagonizar una doble salvada con los pies: primero ante el colombiano Fabbra y luego con el uruguayo N\u00e1ndez.<\/p>\n<p>La respuesta de River\u00a0termin\u00f3 en el segundo gol. Ignacio Fern\u00e1ndez corri\u00f3 m\u00e1s de 50\u00a0metros en un contragolpe r\u00e1pido,\u00a0cedi\u00f3 la pelota a \u00abPity\u00bb Fern\u00e1ndez y \u00e9ste envi\u00f3 un centro para Scocco, que llevaba un minuto en la cancha y que, con un toque de derecha, marc\u00f3 el segundo gol.<\/p>\n<p>La anotaci\u00f3n de Scocco fue un golpe demoledor para Boca, que no tuvo respuestas futbol\u00edsticas y an\u00edmicas para buscar el descuento.<\/p>\n<p>River celebr\u00f3 un nuevo t\u00edtulo y en otra definici\u00f3n ante Boca, tal como lo hizo en la Copa Sudamericana 2014 y en la Copa Libertadores 2015, cuando elimin\u00f3 a su hist\u00f3rico rival siempre con Marcelo Gallardo en su puesto de entrenador y estratega.<\/p>\n<p>CP\u00a0<i class=\"lang-es\"><span class=\" readonly\" title=\"\">Gabriel Tu\u00f1ez (dpa)<\/span><\/i><\/p>\n<\/div>\n","protected":false},"excerpt":{"rendered":"<p>Mendoza (Argentina), 14 mar &#8211; River Plate celebr\u00f3 hoy una fiesta completa al derrotar 2-0 a Boca Juniors, su cl\u00e1sico rival, y levantar la Supercopa argentina de f\u00fatbol en una definici\u00f3n de bajo nivel&#46;&#46;&#46;<\/p>\n","protected":false},"author":31,"featured_media":1060,"comment_status":"open","ping_status":"open","sticky":false,"template":"","format":"standard","meta":{"_acf_changed":false,"rop_custom_images_group":[],"rop_custom_messages_group":[],"rop_publish_now":"initial","rop_publish_now_accounts":{"facebook_10219548024599422_1632221337088128":"","twitter_242054905_242054905":""},"rop_publish_now_history":[],"rop_publish_now_status":"pending","footnotes":""},"categories":[16],"tags":[],"class_list":["post-1059","post","type-post","status-publish","format-standard","has-post-thumbnail","hentry","category-deportes"],"acf":[],"yoast_head":"<!-- This site is optimized with the Yoast SEO Premium plugin v24.9 (Yoast SEO v27.2) - https:\/\/yoast.com\/product\/yoast-seo-premium-wordpress\/ -->\n<title>River se adue\u00f1a de la Supercopa argentina al vencer a Boca - Noti-America.com<\/title>\n<meta name=\"robots\" content=\"index, follow, max-snippet:-1, max-image-preview:large, max-video-preview:-1\" \/>\n<link rel=\"canonical\" href=\"https:\/\/noti-america.com\/site\/principal\/2018\/03\/15\/river-se-aduena-de-la-supercopa-argentina-al-vencer-a-boca\/\" \/>\n<meta property=\"og:locale\" content=\"es_ES\" \/>\n<meta property=\"og:type\" content=\"article\" \/>\n<meta property=\"og:title\" content=\"River se adue\u00f1a de la Supercopa argentina al vencer a Boca\" \/>\n<meta property=\"og:description\" content=\"Mendoza (Argentina), 14 mar &#8211; River Plate celebr\u00f3 hoy una fiesta completa al derrotar 2-0 a Boca Juniors, su cl\u00e1sico rival, y levantar la Supercopa argentina de f\u00fatbol en una definici\u00f3n de bajo nivel&#046;&#046;&#046;\" \/>\n<meta property=\"og:url\" content=\"https:\/\/noti-america.com\/site\/principal\/2018\/03\/15\/river-se-aduena-de-la-supercopa-argentina-al-vencer-a-boca\/\" \/>\n<meta property=\"og:site_name\" content=\"Noti-America.com\" \/>\n<meta property=\"article:published_time\" content=\"2018-03-15T08:01:13+00:00\" \/>\n<meta property=\"og:image\" content=\"https:\/\/noti-america.com\/site\/principal\/wp-content\/uploads\/sites\/26\/2018\/03\/boca-juniors-river-plate.jpg\" \/>\n\t<meta property=\"og:image:width\" content=\"924\" \/>\n\t<meta property=\"og:image:height\" content=\"530\" \/>\n\t<meta property=\"og:image:type\" content=\"image\/jpeg\" \/>\n<meta name=\"author\" content=\"Ydalith Figueroa Kad-Bay\" \/>\n<meta name=\"twitter:card\" content=\"summary_large_image\" \/>\n<meta name=\"twitter:creator\" content=\"@ydalithkad\" \/>\n<meta name=\"twitter:label1\" content=\"Escrito por\" \/>\n\t<meta name=\"twitter:data1\" content=\"Ydalith Figueroa Kad-Bay\" \/>\n\t<meta name=\"twitter:label2\" content=\"Tiempo estimado de lectura\" \/>\n\t<meta name=\"twitter:data2\" content=\"3 minutos\" \/>\n<script type=\"application\/ld+json\" class=\"yoast-schema-graph\">{\"@context\":\"https:\/\/schema.org\",\"@graph\":[{\"@type\":\"Article\",\"@id\":\"https:\/\/noti-america.com\/site\/principal\/2018\/03\/15\/river-se-aduena-de-la-supercopa-argentina-al-vencer-a-boca\/#article\",\"isPartOf\":{\"@id\":\"https:\/\/noti-america.com\/site\/principal\/2018\/03\/15\/river-se-aduena-de-la-supercopa-argentina-al-vencer-a-boca\/\"},\"author\":{\"name\":\"Ydalith Figueroa Kad-Bay\",\"@id\":\"https:\/\/noti-america.com\/site\/principal\/#\/schema\/person\/1a24e37c3c358f389f0a111448ddb870\"},\"headline\":\"River se adue\u00f1a de la Supercopa argentina al vencer a Boca\",\"datePublished\":\"2018-03-15T08:01:13+00:00\",\"mainEntityOfPage\":{\"@id\":\"https:\/\/noti-america.com\/site\/principal\/2018\/03\/15\/river-se-aduena-de-la-supercopa-argentina-al-vencer-a-boca\/\"},\"wordCount\":617,\"commentCount\":0,\"image\":{\"@id\":\"https:\/\/noti-america.com\/site\/principal\/2018\/03\/15\/river-se-aduena-de-la-supercopa-argentina-al-vencer-a-boca\/#primaryimage\"},\"thumbnailUrl\":\"https:\/\/noti-america.com\/site\/principal\/wp-content\/uploads\/sites\/26\/2018\/03\/boca-juniors-river-plate.jpg\",\"articleSection\":[\"Deportes\"],\"inLanguage\":\"es\",\"potentialAction\":[{\"@type\":\"CommentAction\",\"name\":\"Comment\",\"target\":[\"https:\/\/noti-america.com\/site\/principal\/2018\/03\/15\/river-se-aduena-de-la-supercopa-argentina-al-vencer-a-boca\/#respond\"]}]},{\"@type\":\"WebPage\",\"@id\":\"https:\/\/noti-america.com\/site\/principal\/2018\/03\/15\/river-se-aduena-de-la-supercopa-argentina-al-vencer-a-boca\/\",\"url\":\"https:\/\/noti-america.com\/site\/principal\/2018\/03\/15\/river-se-aduena-de-la-supercopa-argentina-al-vencer-a-boca\/\",\"name\":\"River se adue\u00f1a de la Supercopa argentina al vencer a Boca - Noti-America.com\",\"isPartOf\":{\"@id\":\"https:\/\/noti-america.com\/site\/principal\/#website\"},\"primaryImageOfPage\":{\"@id\":\"https:\/\/noti-america.com\/site\/principal\/2018\/03\/15\/river-se-aduena-de-la-supercopa-argentina-al-vencer-a-boca\/#primaryimage\"},\"image\":{\"@id\":\"https:\/\/noti-america.com\/site\/principal\/2018\/03\/15\/river-se-aduena-de-la-supercopa-argentina-al-vencer-a-boca\/#primaryimage\"},\"thumbnailUrl\":\"https:\/\/noti-america.com\/site\/principal\/wp-content\/uploads\/sites\/26\/2018\/03\/boca-juniors-river-plate.jpg\",\"datePublished\":\"2018-03-15T08:01:13+00:00\",\"author\":{\"@id\":\"https:\/\/noti-america.com\/site\/principal\/#\/schema\/person\/1a24e37c3c358f389f0a111448ddb870\"},\"breadcrumb\":{\"@id\":\"https:\/\/noti-america.com\/site\/principal\/2018\/03\/15\/river-se-aduena-de-la-supercopa-argentina-al-vencer-a-boca\/#breadcrumb\"},\"inLanguage\":\"es\",\"potentialAction\":[{\"@type\":\"ReadAction\",\"target\":[\"https:\/\/noti-america.com\/site\/principal\/2018\/03\/15\/river-se-aduena-de-la-supercopa-argentina-al-vencer-a-boca\/\"]}]},{\"@type\":\"ImageObject\",\"inLanguage\":\"es\",\"@id\":\"https:\/\/noti-america.com\/site\/principal\/2018\/03\/15\/river-se-aduena-de-la-supercopa-argentina-al-vencer-a-boca\/#primaryimage\",\"url\":\"https:\/\/noti-america.com\/site\/principal\/wp-content\/uploads\/sites\/26\/2018\/03\/boca-juniors-river-plate.jpg\",\"contentUrl\":\"https:\/\/noti-america.com\/site\/principal\/wp-content\/uploads\/sites\/26\/2018\/03\/boca-juniors-river-plate.jpg\",\"width\":924,\"height\":530},{\"@type\":\"BreadcrumbList\",\"@id\":\"https:\/\/noti-america.com\/site\/principal\/2018\/03\/15\/river-se-aduena-de-la-supercopa-argentina-al-vencer-a-boca\/#breadcrumb\",\"itemListElement\":[{\"@type\":\"ListItem\",\"position\":1,\"name\":\"Portada\",\"item\":\"https:\/\/noti-america.com\/site\/principal\/\"},{\"@type\":\"ListItem\",\"position\":2,\"name\":\"River se adue\u00f1a de la Supercopa argentina al vencer a Boca\"}]},{\"@type\":\"WebSite\",\"@id\":\"https:\/\/noti-america.com\/site\/principal\/#website\",\"url\":\"https:\/\/noti-america.com\/site\/principal\/\",\"name\":\"Noti-America.com\",\"description\":\"El Noticiero Digital M\u00e1s Grande de Am\u00e9rica\",\"potentialAction\":[{\"@type\":\"SearchAction\",\"target\":{\"@type\":\"EntryPoint\",\"urlTemplate\":\"https:\/\/noti-america.com\/site\/principal\/?s={search_term_string}\"},\"query-input\":{\"@type\":\"PropertyValueSpecification\",\"valueRequired\":true,\"valueName\":\"search_term_string\"}}],\"inLanguage\":\"es\"},{\"@type\":\"Person\",\"@id\":\"https:\/\/noti-america.com\/site\/principal\/#\/schema\/person\/1a24e37c3c358f389f0a111448ddb870\",\"name\":\"Ydalith Figueroa Kad-Bay\",\"image\":{\"@type\":\"ImageObject\",\"inLanguage\":\"es\",\"@id\":\"https:\/\/secure.gravatar.com\/avatar\/7d1e350465afd215908c3ed413e32ef600cd41c3c21b95416252432a9f6c219c?s=96&d=mm&r=g\",\"url\":\"https:\/\/secure.gravatar.com\/avatar\/7d1e350465afd215908c3ed413e32ef600cd41c3c21b95416252432a9f6c219c?s=96&d=mm&r=g\",\"contentUrl\":\"https:\/\/secure.gravatar.com\/avatar\/7d1e350465afd215908c3ed413e32ef600cd41c3c21b95416252432a9f6c219c?s=96&d=mm&r=g\",\"caption\":\"Ydalith Figueroa Kad-Bay\"},\"description\":\"CEO Noti-America Alemania Embajadora de Venezuela para el Proyecto de Acci\u00f3n Clim\u00e1tica de la ONU, Embajadora para la ense\u00f1anza de los ODS de la ONU, Amplificador de la Acci\u00f3n de los ODS de la ONU, Profesor Voluntario del Proyecto KAKUMA (Educaci\u00f3n de calidad para refugiados en \u00c1frica) UNHCR \u2013 ACNUR - Agencia para los refugiados de la ONU-, Miembro de la ONG Gente Y Ciudad, Embajador de las Instituciones de Microfinanzas \u201cNo a la pobreza ODS #1 de la ONU\u201d (todos tienen derecho a acceso a un cr\u00e9dito), y Voluntario al di\u00e1logo global de UN75. Twitter @ydalithkad email ydalith@yhaoo.com Locutor Profesional 32931 Universidad Central de Venezuela @ISHannover \\\"Colegio Internacional de Hannover Regi\u00f3n, Alemania\\\" Representante de Aprendizaje Innovaci\u00f3n y Tecnolog\u00eda #LMS (Sistema de Gesti\u00f3n de Aprendizaje) #LMS Gente y Ciudad &amp; Asesores Internacionales ONG Alemania. ONG \\\"Gente y Ciudad, Venezuela\\\" Miembro y Asesor especialista An\u00e1lisis de Pol\u00edtica Internacional Asesor Pol\u00edtico Internacional de Venezuela en la defensa de los Derechos Humanos y el restablecimiento Democr\u00e1tico. Diplomacia positiva y Activa. Pasi\u00f3n por el Golf Proyecto #LMS \\\"Golf para ni\u00f1os y adultos Internacional\\\" Pasi\u00f3n por los Postres Proyecto #LMS \\\"Postres, Que Unen a las Culturas del mundo\\\"\",\"sameAs\":[\"https:\/\/x.com\/ydalithkad\"],\"url\":\"https:\/\/noti-america.com\/site\/principal\/author\/yfigueroa\/\"}]}<\/script>\n<!-- \/ Yoast SEO Premium plugin. -->","yoast_head_json":{"title":"River se adue\u00f1a de la Supercopa argentina al vencer a Boca - Noti-America.com","robots":{"index":"index","follow":"follow","max-snippet":"max-snippet:-1","max-image-preview":"max-image-preview:large","max-video-preview":"max-video-preview:-1"},"canonical":"https:\/\/noti-america.com\/site\/principal\/2018\/03\/15\/river-se-aduena-de-la-supercopa-argentina-al-vencer-a-boca\/","og_locale":"es_ES","og_type":"article","og_title":"River se adue\u00f1a de la Supercopa argentina al vencer a Boca","og_description":"Mendoza (Argentina), 14 mar &#8211; River Plate celebr\u00f3 hoy una fiesta completa al derrotar 2-0 a Boca Juniors, su cl\u00e1sico rival, y levantar la Supercopa argentina de f\u00fatbol en una definici\u00f3n de bajo nivel&#46;&#46;&#46;","og_url":"https:\/\/noti-america.com\/site\/principal\/2018\/03\/15\/river-se-aduena-de-la-supercopa-argentina-al-vencer-a-boca\/","og_site_name":"Noti-America.com","article_published_time":"2018-03-15T08:01:13+00:00","og_image":[{"width":924,"height":530,"url":"https:\/\/noti-america.com\/site\/principal\/wp-content\/uploads\/sites\/26\/2018\/03\/boca-juniors-river-plate.jpg","type":"image\/jpeg"}],"author":"Ydalith Figueroa Kad-Bay","twitter_card":"summary_large_image","twitter_creator":"@ydalithkad","twitter_misc":{"Escrito por":"Ydalith Figueroa Kad-Bay","Tiempo estimado de lectura":"3 minutos"},"schema":{"@context":"https:\/\/schema.org","@graph":[{"@type":"Article","@id":"https:\/\/noti-america.com\/site\/principal\/2018\/03\/15\/river-se-aduena-de-la-supercopa-argentina-al-vencer-a-boca\/#article","isPartOf":{"@id":"https:\/\/noti-america.com\/site\/principal\/2018\/03\/15\/river-se-aduena-de-la-supercopa-argentina-al-vencer-a-boca\/"},"author":{"name":"Ydalith Figueroa Kad-Bay","@id":"https:\/\/noti-america.com\/site\/principal\/#\/schema\/person\/1a24e37c3c358f389f0a111448ddb870"},"headline":"River se adue\u00f1a de la Supercopa argentina al vencer a Boca","datePublished":"2018-03-15T08:01:13+00:00","mainEntityOfPage":{"@id":"https:\/\/noti-america.com\/site\/principal\/2018\/03\/15\/river-se-aduena-de-la-supercopa-argentina-al-vencer-a-boca\/"},"wordCount":617,"commentCount":0,"image":{"@id":"https:\/\/noti-america.com\/site\/principal\/2018\/03\/15\/river-se-aduena-de-la-supercopa-argentina-al-vencer-a-boca\/#primaryimage"},"thumbnailUrl":"https:\/\/noti-america.com\/site\/principal\/wp-content\/uploads\/sites\/26\/2018\/03\/boca-juniors-river-plate.jpg","articleSection":["Deportes"],"inLanguage":"es","potentialAction":[{"@type":"CommentAction","name":"Comment","target":["https:\/\/noti-america.com\/site\/principal\/2018\/03\/15\/river-se-aduena-de-la-supercopa-argentina-al-vencer-a-boca\/#respond"]}]},{"@type":"WebPage","@id":"https:\/\/noti-america.com\/site\/principal\/2018\/03\/15\/river-se-aduena-de-la-supercopa-argentina-al-vencer-a-boca\/","url":"https:\/\/noti-america.com\/site\/principal\/2018\/03\/15\/river-se-aduena-de-la-supercopa-argentina-al-vencer-a-boca\/","name":"River se adue\u00f1a de la Supercopa argentina al vencer a Boca - Noti-America.com","isPartOf":{"@id":"https:\/\/noti-america.com\/site\/principal\/#website"},"primaryImageOfPage":{"@id":"https:\/\/noti-america.com\/site\/principal\/2018\/03\/15\/river-se-aduena-de-la-supercopa-argentina-al-vencer-a-boca\/#primaryimage"},"image":{"@id":"https:\/\/noti-america.com\/site\/principal\/2018\/03\/15\/river-se-aduena-de-la-supercopa-argentina-al-vencer-a-boca\/#primaryimage"},"thumbnailUrl":"https:\/\/noti-america.com\/site\/principal\/wp-content\/uploads\/sites\/26\/2018\/03\/boca-juniors-river-plate.jpg","datePublished":"2018-03-15T08:01:13+00:00","author":{"@id":"https:\/\/noti-america.com\/site\/principal\/#\/schema\/person\/1a24e37c3c358f389f0a111448ddb870"},"breadcrumb":{"@id":"https:\/\/noti-america.com\/site\/principal\/2018\/03\/15\/river-se-aduena-de-la-supercopa-argentina-al-vencer-a-boca\/#breadcrumb"},"inLanguage":"es","potentialAction":[{"@type":"ReadAction","target":["https:\/\/noti-america.com\/site\/principal\/2018\/03\/15\/river-se-aduena-de-la-supercopa-argentina-al-vencer-a-boca\/"]}]},{"@type":"ImageObject","inLanguage":"es","@id":"https:\/\/noti-america.com\/site\/principal\/2018\/03\/15\/river-se-aduena-de-la-supercopa-argentina-al-vencer-a-boca\/#primaryimage","url":"https:\/\/noti-america.com\/site\/principal\/wp-content\/uploads\/sites\/26\/2018\/03\/boca-juniors-river-plate.jpg","contentUrl":"https:\/\/noti-america.com\/site\/principal\/wp-content\/uploads\/sites\/26\/2018\/03\/boca-juniors-river-plate.jpg","width":924,"height":530},{"@type":"BreadcrumbList","@id":"https:\/\/noti-america.com\/site\/principal\/2018\/03\/15\/river-se-aduena-de-la-supercopa-argentina-al-vencer-a-boca\/#breadcrumb","itemListElement":[{"@type":"ListItem","position":1,"name":"Portada","item":"https:\/\/noti-america.com\/site\/principal\/"},{"@type":"ListItem","position":2,"name":"River se adue\u00f1a de la Supercopa argentina al vencer a Boca"}]},{"@type":"WebSite","@id":"https:\/\/noti-america.com\/site\/principal\/#website","url":"https:\/\/noti-america.com\/site\/principal\/","name":"Noti-America.com","description":"El Noticiero Digital M\u00e1s Grande de Am\u00e9rica","potentialAction":[{"@type":"SearchAction","target":{"@type":"EntryPoint","urlTemplate":"https:\/\/noti-america.com\/site\/principal\/?s={search_term_string}"},"query-input":{"@type":"PropertyValueSpecification","valueRequired":true,"valueName":"search_term_string"}}],"inLanguage":"es"},{"@type":"Person","@id":"https:\/\/noti-america.com\/site\/principal\/#\/schema\/person\/1a24e37c3c358f389f0a111448ddb870","name":"Ydalith Figueroa Kad-Bay","image":{"@type":"ImageObject","inLanguage":"es","@id":"https:\/\/secure.gravatar.com\/avatar\/7d1e350465afd215908c3ed413e32ef600cd41c3c21b95416252432a9f6c219c?s=96&d=mm&r=g","url":"https:\/\/secure.gravatar.com\/avatar\/7d1e350465afd215908c3ed413e32ef600cd41c3c21b95416252432a9f6c219c?s=96&d=mm&r=g","contentUrl":"https:\/\/secure.gravatar.com\/avatar\/7d1e350465afd215908c3ed413e32ef600cd41c3c21b95416252432a9f6c219c?s=96&d=mm&r=g","caption":"Ydalith Figueroa Kad-Bay"},"description":"CEO Noti-America Alemania Embajadora de Venezuela para el Proyecto de Acci\u00f3n Clim\u00e1tica de la ONU, Embajadora para la ense\u00f1anza de los ODS de la ONU, Amplificador de la Acci\u00f3n de los ODS de la ONU, Profesor Voluntario del Proyecto KAKUMA (Educaci\u00f3n de calidad para refugiados en \u00c1frica) UNHCR \u2013 ACNUR - Agencia para los refugiados de la ONU-, Miembro de la ONG Gente Y Ciudad, Embajador de las Instituciones de Microfinanzas \u201cNo a la pobreza ODS #1 de la ONU\u201d (todos tienen derecho a acceso a un cr\u00e9dito), y Voluntario al di\u00e1logo global de UN75. Twitter @ydalithkad email ydalith@yhaoo.com Locutor Profesional 32931 Universidad Central de Venezuela @ISHannover \"Colegio Internacional de Hannover Regi\u00f3n, Alemania\" Representante de Aprendizaje Innovaci\u00f3n y Tecnolog\u00eda #LMS (Sistema de Gesti\u00f3n de Aprendizaje) #LMS Gente y Ciudad &amp; Asesores Internacionales ONG Alemania. ONG \"Gente y Ciudad, Venezuela\" Miembro y Asesor especialista An\u00e1lisis de Pol\u00edtica Internacional Asesor Pol\u00edtico Internacional de Venezuela en la defensa de los Derechos Humanos y el restablecimiento Democr\u00e1tico. Diplomacia positiva y Activa. Pasi\u00f3n por el Golf Proyecto #LMS \"Golf para ni\u00f1os y adultos Internacional\" Pasi\u00f3n por los Postres Proyecto #LMS \"Postres, Que Unen a las Culturas del mundo\"","sameAs":["https:\/\/x.com\/ydalithkad"],"url":"https:\/\/noti-america.com\/site\/principal\/author\/yfigueroa\/"}]}},"_links":{"self":[{"href":"https:\/\/noti-america.com\/site\/principal\/wp-json\/wp\/v2\/posts\/1059","targetHints":{"allow":["GET"]}}],"collection":[{"href":"https:\/\/noti-america.com\/site\/principal\/wp-json\/wp\/v2\/posts"}],"about":[{"href":"https:\/\/noti-america.com\/site\/principal\/wp-json\/wp\/v2\/types\/post"}],"author":[{"embeddable":true,"href":"https:\/\/noti-america.com\/site\/principal\/wp-json\/wp\/v2\/users\/31"}],"replies":[{"embeddable":true,"href":"https:\/\/noti-america.com\/site\/principal\/wp-json\/wp\/v2\/comments?post=1059"}],"version-history":[{"count":1,"href":"https:\/\/noti-america.com\/site\/principal\/wp-json\/wp\/v2\/posts\/1059\/revisions"}],"predecessor-version":[{"id":1061,"href":"https:\/\/noti-america.com\/site\/principal\/wp-json\/wp\/v2\/posts\/1059\/revisions\/1061"}],"wp:featuredmedia":[{"embeddable":true,"href":"https:\/\/noti-america.com\/site\/principal\/wp-json\/wp\/v2\/media\/1060"}],"wp:attachment":[{"href":"https:\/\/noti-america.com\/site\/principal\/wp-json\/wp\/v2\/media?parent=1059"}],"wp:term":[{"taxonomy":"category","embeddable":true,"href":"https:\/\/noti-america.com\/site\/principal\/wp-json\/wp\/v2\/categories?post=1059"},{"taxonomy":"post_tag","embeddable":true,"href":"https:\/\/noti-america.com\/site\/principal\/wp-json\/wp\/v2\/tags?post=1059"}],"curies":[{"name":"wp","href":"https:\/\/api.w.org\/{rel}","templated":true}]}}