{"id":10275,"date":"2022-02-08T10:37:06","date_gmt":"2022-02-08T14:37:06","guid":{"rendered":"https:\/\/noti-america.com\/site\/principal\/?p=10275"},"modified":"2022-02-08T10:37:06","modified_gmt":"2022-02-08T14:37:06","slug":"nace-la-primera-tarifa-plana-del-mercado-para-traslados-vtc-de-negocios","status":"publish","type":"post","link":"https:\/\/noti-america.com\/site\/principal\/2022\/02\/08\/nace-la-primera-tarifa-plana-del-mercado-para-traslados-vtc-de-negocios\/","title":{"rendered":"Nace la primera tarifa plana del mercado para traslados VTC de negocios"},"content":{"rendered":"<p style=\"text-align: justify;\">Nota de Prensa &#8211; Comunicae Media<\/p>\n<p style=\"text-align: justify;\"><strong>La startup Corpo lanza al mercado en este 2022 la primera tarifa plana de servicios de traslado interurbano dirigido a empresas y viajes de negocios. Sencilla, flexible y sin sorpresas en el precio, as\u00ed es la soluci\u00f3n para los m\u00e1s de un mill\u00f3n de desplazamientos de trabajo que se realizan mensualmente en Espa\u00f1a<\/strong><\/p>\n<p style=\"text-align: justify;\">Organizar un viaje de negocios nunca ha sido tan f\u00e1cil. La startup\u00a0<a href=\"https:\/\/corpo.es\/\" target=\"_blank\" rel=\"noopener noreferrer\">Corpo<\/a>\u00a0lanza la primera tarifa plana del mercado para trasladarse de forma ilimitada en zonas urbanas y perif\u00e9ricas hasta 50 km a la redonda durante todo el d\u00eda.<\/p>\n<p style=\"text-align: justify;\">Los viajes de trabajo y estudios suponen 1 125 450 de desplazamientos al mes, seg\u00fan las \u00faltimas cifras del INE de septiembre de 2021. Datos que, pese a la crisis causada por la Covid-19, van camino de retomar los niveles que se conoc\u00edan antes de la pandemia, que llegaban, en su punto m\u00e1s alto, noviembre de 2019 los 1 806 863 desplazamientos.<\/p>\n<p style=\"text-align: justify;\">En este contexto, Corpo nace con el esp\u00edritu y el car\u00e1cter de una startup y con la seguridad y la confianza que ofrece el respaldo de una empresa consolidada en el sector del transporte. Por ello, tras casi un a\u00f1o de trabajo, presenta este enero de 2022 su servicio de movilidad corporativa con tarifa plana.<\/p>\n<p style=\"text-align: justify;\">Con una flota propia de m\u00e1s de 70 coches, junto a una amplia red de colaboradores, logra llegar a todas las ciudades del pa\u00eds, incluidas las islas. La contrataci\u00f3n directa de sus conductores, la alta calidad del servicio y la facilidad a la hora de realizar las reservas, con opciones m\u00e1s adaptadas que nunca a las necesidades de las empresas, hacen de esta propuesta una soluci\u00f3n innovadora para los viajes de trabajo.<\/p>\n<p style=\"text-align: justify;\"><strong>Sin aplicaci\u00f3n m\u00f3vil: la gran apuesta de Corpo<\/strong><br \/>\nSencillez, agilidad e inmediatez. Es la gran apuesta de la startup. Atr\u00e1s quedan las aplicaciones que hay que descargarse y ocupan espacio en el dispositivo m\u00f3vil. Corpo ofrece una experiencia de usuario m\u00e1s directa y personalizada en contraposici\u00f3n a las plataformas de VTC m\u00e1s masivas e impersonales. A trav\u00e9s de la web se puede elegir y contratar entre tres tipos de tarifas:<\/p>\n<ul style=\"text-align: justify;\">\n<li><strong>Tarifa Plana:\u00a0<\/strong>Desplazamientos ilimitados durante todo el d\u00eda en el n\u00facleo urbano e interurbano de Madrid o Barcelona.<\/li>\n<li><strong>Tarifa Plana Duo:\u00a0<\/strong>Dos ciudades y un d\u00eda completo de desplazamientos ilimitados.<\/li>\n<li><strong>Tarifa Plana Flexible:<\/strong>\u00a0Un veh\u00edculo y conductor en exclusividad durante toda la jornada o las horas contratadas en toda Espa\u00f1a.<\/li>\n<\/ul>\n<p style=\"text-align: justify;\">Y la comunicaci\u00f3n se realiza de forma personalizada con el equipo de soporte, sencillamente, por WhatsApp; por escrito, nota de audio o pudiendo enviar ubicaci\u00f3n, para cualquier consulta, cambio o incidencia durante el servicio. F\u00e1cil, r\u00e1pido y siempre a mano.<\/p>\n<p style=\"text-align: justify;\"><strong>Traslados sostenibles<\/strong><br \/>\nConscientes del impacto medioambiental de su actividad, Corpo pone en el punto de mira la sostenibilidad como valor fundamental de la empresa con m\u00e1s del 50% de su flota h\u00edbrida, y con el firme prop\u00f3sito de alcanzar el 100% de veh\u00edculos no contaminantes en 2027.<\/p>\n<p style=\"text-align: justify;\">Emergente en plena crisis sociosanitaria, la startup Corpo apuesta por el talento y la innovaci\u00f3n para ofrecer un nuevo servicio que responde a una necesidad cada vez m\u00e1s demandada: simplificar la gesti\u00f3n y organizaci\u00f3n de los viajes de trabajo sin variaciones ni pagos adicionales, con un sistema de reserva seguro, eficiente y sin imprevistos, ofreciendo traslados ilimitados con un precio cerrado diario.<\/p>\n<p style=\"text-align: justify;\"><a href=\"https:\/\/corpo.es\/\" target=\"_blank\" rel=\"noopener noreferrer\">https:\/\/corpo.es\/<\/a><\/p>\n","protected":false},"excerpt":{"rendered":"<p>Nota de Prensa &#8211; Comunicae Media La startup Corpo lanza al mercado en este 2022 la primera tarifa plana de servicios de traslado interurbano dirigido a empresas y viajes de negocios. Sencilla, flexible y&#46;&#46;&#46;<\/p>\n","protected":false},"author":1,"featured_media":10276,"comment_status":"open","ping_status":"open","sticky":false,"template":"","format":"image","meta":{"_acf_changed":false,"rop_custom_images_group":[],"rop_custom_messages_group":[],"rop_publish_now":"initial","rop_publish_now_accounts":{"facebook_10219548024599422_1632221337088128":"","twitter_242054905_242054905":""},"rop_publish_now_history":[],"rop_publish_now_status":"pending","footnotes":""},"categories":[663,9],"tags":[],"class_list":["post-10275","post","type-post","status-publish","format-image","has-post-thumbnail","hentry","category-actualidad","category-tecnologia","post_format-post-format-image"],"acf":[],"yoast_head":"<!-- This site is optimized with the Yoast SEO Premium plugin v24.9 (Yoast SEO v27.2) - https:\/\/yoast.com\/product\/yoast-seo-premium-wordpress\/ -->\n<title>Nace la primera tarifa plana del mercado para traslados VTC de negocios - Noti-America.com<\/title>\n<meta name=\"robots\" content=\"index, follow, max-snippet:-1, max-image-preview:large, max-video-preview:-1\" \/>\n<link rel=\"canonical\" href=\"https:\/\/noti-america.com\/site\/principal\/2022\/02\/08\/nace-la-primera-tarifa-plana-del-mercado-para-traslados-vtc-de-negocios\/\" \/>\n<meta property=\"og:locale\" content=\"es_ES\" \/>\n<meta property=\"og:type\" content=\"article\" \/>\n<meta property=\"og:title\" content=\"Nace la primera tarifa plana del mercado para traslados VTC de negocios\" \/>\n<meta property=\"og:description\" content=\"Nota de Prensa &#8211; Comunicae Media La startup Corpo lanza al mercado en este 2022 la primera tarifa plana de servicios de traslado interurbano dirigido a empresas y viajes de negocios. Sencilla, flexible y&#046;&#046;&#046;\" \/>\n<meta property=\"og:url\" content=\"https:\/\/noti-america.com\/site\/principal\/2022\/02\/08\/nace-la-primera-tarifa-plana-del-mercado-para-traslados-vtc-de-negocios\/\" \/>\n<meta property=\"og:site_name\" content=\"Noti-America.com\" \/>\n<meta property=\"article:published_time\" content=\"2022-02-08T14:37:06+00:00\" \/>\n<meta property=\"og:image\" content=\"https:\/\/noti-america.com\/site\/principal\/wp-content\/uploads\/sites\/26\/2022\/02\/1643376815_LOGO_CORPOPOSITIVO_COLOR.jpg\" \/>\n\t<meta property=\"og:image:width\" content=\"1983\" \/>\n\t<meta property=\"og:image:height\" content=\"896\" \/>\n\t<meta property=\"og:image:type\" content=\"image\/jpeg\" \/>\n<meta name=\"author\" content=\"Rosmer Herrera\" \/>\n<meta name=\"twitter:card\" content=\"summary_large_image\" \/>\n<meta name=\"twitter:label1\" content=\"Escrito por\" \/>\n\t<meta name=\"twitter:data1\" content=\"Rosmer Herrera\" \/>\n\t<meta name=\"twitter:label2\" content=\"Tiempo estimado de lectura\" \/>\n\t<meta name=\"twitter:data2\" content=\"3 minutos\" \/>\n<script type=\"application\/ld+json\" class=\"yoast-schema-graph\">{\"@context\":\"https:\/\/schema.org\",\"@graph\":[{\"@type\":\"Article\",\"@id\":\"https:\/\/noti-america.com\/site\/principal\/2022\/02\/08\/nace-la-primera-tarifa-plana-del-mercado-para-traslados-vtc-de-negocios\/#article\",\"isPartOf\":{\"@id\":\"https:\/\/noti-america.com\/site\/principal\/2022\/02\/08\/nace-la-primera-tarifa-plana-del-mercado-para-traslados-vtc-de-negocios\/\"},\"author\":{\"name\":\"Rosmer Herrera\",\"@id\":\"https:\/\/noti-america.com\/site\/principal\/#\/schema\/person\/fd58dbfb92a257e9dc5761bf69a855ff\"},\"headline\":\"Nace la primera tarifa plana del mercado para traslados VTC de negocios\",\"datePublished\":\"2022-02-08T14:37:06+00:00\",\"mainEntityOfPage\":{\"@id\":\"https:\/\/noti-america.com\/site\/principal\/2022\/02\/08\/nace-la-primera-tarifa-plana-del-mercado-para-traslados-vtc-de-negocios\/\"},\"wordCount\":600,\"commentCount\":0,\"image\":{\"@id\":\"https:\/\/noti-america.com\/site\/principal\/2022\/02\/08\/nace-la-primera-tarifa-plana-del-mercado-para-traslados-vtc-de-negocios\/#primaryimage\"},\"thumbnailUrl\":\"https:\/\/noti-america.com\/site\/principal\/wp-content\/uploads\/sites\/26\/2022\/02\/1643376815_LOGO_CORPOPOSITIVO_COLOR.jpg\",\"articleSection\":[\"Actualidad\",\"Tecnolog\u00eda\"],\"inLanguage\":\"es\",\"potentialAction\":[{\"@type\":\"CommentAction\",\"name\":\"Comment\",\"target\":[\"https:\/\/noti-america.com\/site\/principal\/2022\/02\/08\/nace-la-primera-tarifa-plana-del-mercado-para-traslados-vtc-de-negocios\/#respond\"]}]},{\"@type\":\"WebPage\",\"@id\":\"https:\/\/noti-america.com\/site\/principal\/2022\/02\/08\/nace-la-primera-tarifa-plana-del-mercado-para-traslados-vtc-de-negocios\/\",\"url\":\"https:\/\/noti-america.com\/site\/principal\/2022\/02\/08\/nace-la-primera-tarifa-plana-del-mercado-para-traslados-vtc-de-negocios\/\",\"name\":\"Nace la primera tarifa plana del mercado para traslados VTC de negocios - Noti-America.com\",\"isPartOf\":{\"@id\":\"https:\/\/noti-america.com\/site\/principal\/#website\"},\"primaryImageOfPage\":{\"@id\":\"https:\/\/noti-america.com\/site\/principal\/2022\/02\/08\/nace-la-primera-tarifa-plana-del-mercado-para-traslados-vtc-de-negocios\/#primaryimage\"},\"image\":{\"@id\":\"https:\/\/noti-america.com\/site\/principal\/2022\/02\/08\/nace-la-primera-tarifa-plana-del-mercado-para-traslados-vtc-de-negocios\/#primaryimage\"},\"thumbnailUrl\":\"https:\/\/noti-america.com\/site\/principal\/wp-content\/uploads\/sites\/26\/2022\/02\/1643376815_LOGO_CORPOPOSITIVO_COLOR.jpg\",\"datePublished\":\"2022-02-08T14:37:06+00:00\",\"author\":{\"@id\":\"https:\/\/noti-america.com\/site\/principal\/#\/schema\/person\/fd58dbfb92a257e9dc5761bf69a855ff\"},\"breadcrumb\":{\"@id\":\"https:\/\/noti-america.com\/site\/principal\/2022\/02\/08\/nace-la-primera-tarifa-plana-del-mercado-para-traslados-vtc-de-negocios\/#breadcrumb\"},\"inLanguage\":\"es\",\"potentialAction\":[{\"@type\":\"ReadAction\",\"target\":[\"https:\/\/noti-america.com\/site\/principal\/2022\/02\/08\/nace-la-primera-tarifa-plana-del-mercado-para-traslados-vtc-de-negocios\/\"]}]},{\"@type\":\"ImageObject\",\"inLanguage\":\"es\",\"@id\":\"https:\/\/noti-america.com\/site\/principal\/2022\/02\/08\/nace-la-primera-tarifa-plana-del-mercado-para-traslados-vtc-de-negocios\/#primaryimage\",\"url\":\"https:\/\/noti-america.com\/site\/principal\/wp-content\/uploads\/sites\/26\/2022\/02\/1643376815_LOGO_CORPOPOSITIVO_COLOR.jpg\",\"contentUrl\":\"https:\/\/noti-america.com\/site\/principal\/wp-content\/uploads\/sites\/26\/2022\/02\/1643376815_LOGO_CORPOPOSITIVO_COLOR.jpg\",\"width\":1983,\"height\":896},{\"@type\":\"BreadcrumbList\",\"@id\":\"https:\/\/noti-america.com\/site\/principal\/2022\/02\/08\/nace-la-primera-tarifa-plana-del-mercado-para-traslados-vtc-de-negocios\/#breadcrumb\",\"itemListElement\":[{\"@type\":\"ListItem\",\"position\":1,\"name\":\"Portada\",\"item\":\"https:\/\/noti-america.com\/site\/principal\/\"},{\"@type\":\"ListItem\",\"position\":2,\"name\":\"Nace la primera tarifa plana del mercado para traslados VTC de negocios\"}]},{\"@type\":\"WebSite\",\"@id\":\"https:\/\/noti-america.com\/site\/principal\/#website\",\"url\":\"https:\/\/noti-america.com\/site\/principal\/\",\"name\":\"Noti-America.com\",\"description\":\"El Noticiero Digital M\u00e1s Grande de Am\u00e9rica\",\"potentialAction\":[{\"@type\":\"SearchAction\",\"target\":{\"@type\":\"EntryPoint\",\"urlTemplate\":\"https:\/\/noti-america.com\/site\/principal\/?s={search_term_string}\"},\"query-input\":{\"@type\":\"PropertyValueSpecification\",\"valueRequired\":true,\"valueName\":\"search_term_string\"}}],\"inLanguage\":\"es\"},{\"@type\":\"Person\",\"@id\":\"https:\/\/noti-america.com\/site\/principal\/#\/schema\/person\/fd58dbfb92a257e9dc5761bf69a855ff\",\"name\":\"Rosmer Herrera\",\"image\":{\"@type\":\"ImageObject\",\"inLanguage\":\"es\",\"@id\":\"https:\/\/secure.gravatar.com\/avatar\/153e75c261394dbf20ff1a1e70ea2be9494f2b40b7fc4e7704084db13220ae08?s=96&d=mm&r=g\",\"url\":\"https:\/\/secure.gravatar.com\/avatar\/153e75c261394dbf20ff1a1e70ea2be9494f2b40b7fc4e7704084db13220ae08?s=96&d=mm&r=g\",\"contentUrl\":\"https:\/\/secure.gravatar.com\/avatar\/153e75c261394dbf20ff1a1e70ea2be9494f2b40b7fc4e7704084db13220ae08?s=96&d=mm&r=g\",\"caption\":\"Rosmer Herrera\"},\"url\":\"https:\/\/noti-america.com\/site\/principal\/author\/rosmer33\/\"}]}<\/script>\n<!-- \/ Yoast SEO Premium plugin. -->","yoast_head_json":{"title":"Nace la primera tarifa plana del mercado para traslados VTC de negocios - Noti-America.com","robots":{"index":"index","follow":"follow","max-snippet":"max-snippet:-1","max-image-preview":"max-image-preview:large","max-video-preview":"max-video-preview:-1"},"canonical":"https:\/\/noti-america.com\/site\/principal\/2022\/02\/08\/nace-la-primera-tarifa-plana-del-mercado-para-traslados-vtc-de-negocios\/","og_locale":"es_ES","og_type":"article","og_title":"Nace la primera tarifa plana del mercado para traslados VTC de negocios","og_description":"Nota de Prensa &#8211; Comunicae Media La startup Corpo lanza al mercado en este 2022 la primera tarifa plana de servicios de traslado interurbano dirigido a empresas y viajes de negocios. Sencilla, flexible y&#46;&#46;&#46;","og_url":"https:\/\/noti-america.com\/site\/principal\/2022\/02\/08\/nace-la-primera-tarifa-plana-del-mercado-para-traslados-vtc-de-negocios\/","og_site_name":"Noti-America.com","article_published_time":"2022-02-08T14:37:06+00:00","og_image":[{"width":1983,"height":896,"url":"https:\/\/noti-america.com\/site\/principal\/wp-content\/uploads\/sites\/26\/2022\/02\/1643376815_LOGO_CORPOPOSITIVO_COLOR.jpg","type":"image\/jpeg"}],"author":"Rosmer Herrera","twitter_card":"summary_large_image","twitter_misc":{"Escrito por":"Rosmer Herrera","Tiempo estimado de lectura":"3 minutos"},"schema":{"@context":"https:\/\/schema.org","@graph":[{"@type":"Article","@id":"https:\/\/noti-america.com\/site\/principal\/2022\/02\/08\/nace-la-primera-tarifa-plana-del-mercado-para-traslados-vtc-de-negocios\/#article","isPartOf":{"@id":"https:\/\/noti-america.com\/site\/principal\/2022\/02\/08\/nace-la-primera-tarifa-plana-del-mercado-para-traslados-vtc-de-negocios\/"},"author":{"name":"Rosmer Herrera","@id":"https:\/\/noti-america.com\/site\/principal\/#\/schema\/person\/fd58dbfb92a257e9dc5761bf69a855ff"},"headline":"Nace la primera tarifa plana del mercado para traslados VTC de negocios","datePublished":"2022-02-08T14:37:06+00:00","mainEntityOfPage":{"@id":"https:\/\/noti-america.com\/site\/principal\/2022\/02\/08\/nace-la-primera-tarifa-plana-del-mercado-para-traslados-vtc-de-negocios\/"},"wordCount":600,"commentCount":0,"image":{"@id":"https:\/\/noti-america.com\/site\/principal\/2022\/02\/08\/nace-la-primera-tarifa-plana-del-mercado-para-traslados-vtc-de-negocios\/#primaryimage"},"thumbnailUrl":"https:\/\/noti-america.com\/site\/principal\/wp-content\/uploads\/sites\/26\/2022\/02\/1643376815_LOGO_CORPOPOSITIVO_COLOR.jpg","articleSection":["Actualidad","Tecnolog\u00eda"],"inLanguage":"es","potentialAction":[{"@type":"CommentAction","name":"Comment","target":["https:\/\/noti-america.com\/site\/principal\/2022\/02\/08\/nace-la-primera-tarifa-plana-del-mercado-para-traslados-vtc-de-negocios\/#respond"]}]},{"@type":"WebPage","@id":"https:\/\/noti-america.com\/site\/principal\/2022\/02\/08\/nace-la-primera-tarifa-plana-del-mercado-para-traslados-vtc-de-negocios\/","url":"https:\/\/noti-america.com\/site\/principal\/2022\/02\/08\/nace-la-primera-tarifa-plana-del-mercado-para-traslados-vtc-de-negocios\/","name":"Nace la primera tarifa plana del mercado para traslados VTC de negocios - Noti-America.com","isPartOf":{"@id":"https:\/\/noti-america.com\/site\/principal\/#website"},"primaryImageOfPage":{"@id":"https:\/\/noti-america.com\/site\/principal\/2022\/02\/08\/nace-la-primera-tarifa-plana-del-mercado-para-traslados-vtc-de-negocios\/#primaryimage"},"image":{"@id":"https:\/\/noti-america.com\/site\/principal\/2022\/02\/08\/nace-la-primera-tarifa-plana-del-mercado-para-traslados-vtc-de-negocios\/#primaryimage"},"thumbnailUrl":"https:\/\/noti-america.com\/site\/principal\/wp-content\/uploads\/sites\/26\/2022\/02\/1643376815_LOGO_CORPOPOSITIVO_COLOR.jpg","datePublished":"2022-02-08T14:37:06+00:00","author":{"@id":"https:\/\/noti-america.com\/site\/principal\/#\/schema\/person\/fd58dbfb92a257e9dc5761bf69a855ff"},"breadcrumb":{"@id":"https:\/\/noti-america.com\/site\/principal\/2022\/02\/08\/nace-la-primera-tarifa-plana-del-mercado-para-traslados-vtc-de-negocios\/#breadcrumb"},"inLanguage":"es","potentialAction":[{"@type":"ReadAction","target":["https:\/\/noti-america.com\/site\/principal\/2022\/02\/08\/nace-la-primera-tarifa-plana-del-mercado-para-traslados-vtc-de-negocios\/"]}]},{"@type":"ImageObject","inLanguage":"es","@id":"https:\/\/noti-america.com\/site\/principal\/2022\/02\/08\/nace-la-primera-tarifa-plana-del-mercado-para-traslados-vtc-de-negocios\/#primaryimage","url":"https:\/\/noti-america.com\/site\/principal\/wp-content\/uploads\/sites\/26\/2022\/02\/1643376815_LOGO_CORPOPOSITIVO_COLOR.jpg","contentUrl":"https:\/\/noti-america.com\/site\/principal\/wp-content\/uploads\/sites\/26\/2022\/02\/1643376815_LOGO_CORPOPOSITIVO_COLOR.jpg","width":1983,"height":896},{"@type":"BreadcrumbList","@id":"https:\/\/noti-america.com\/site\/principal\/2022\/02\/08\/nace-la-primera-tarifa-plana-del-mercado-para-traslados-vtc-de-negocios\/#breadcrumb","itemListElement":[{"@type":"ListItem","position":1,"name":"Portada","item":"https:\/\/noti-america.com\/site\/principal\/"},{"@type":"ListItem","position":2,"name":"Nace la primera tarifa plana del mercado para traslados VTC de negocios"}]},{"@type":"WebSite","@id":"https:\/\/noti-america.com\/site\/principal\/#website","url":"https:\/\/noti-america.com\/site\/principal\/","name":"Noti-America.com","description":"El Noticiero Digital M\u00e1s Grande de Am\u00e9rica","potentialAction":[{"@type":"SearchAction","target":{"@type":"EntryPoint","urlTemplate":"https:\/\/noti-america.com\/site\/principal\/?s={search_term_string}"},"query-input":{"@type":"PropertyValueSpecification","valueRequired":true,"valueName":"search_term_string"}}],"inLanguage":"es"},{"@type":"Person","@id":"https:\/\/noti-america.com\/site\/principal\/#\/schema\/person\/fd58dbfb92a257e9dc5761bf69a855ff","name":"Rosmer Herrera","image":{"@type":"ImageObject","inLanguage":"es","@id":"https:\/\/secure.gravatar.com\/avatar\/153e75c261394dbf20ff1a1e70ea2be9494f2b40b7fc4e7704084db13220ae08?s=96&d=mm&r=g","url":"https:\/\/secure.gravatar.com\/avatar\/153e75c261394dbf20ff1a1e70ea2be9494f2b40b7fc4e7704084db13220ae08?s=96&d=mm&r=g","contentUrl":"https:\/\/secure.gravatar.com\/avatar\/153e75c261394dbf20ff1a1e70ea2be9494f2b40b7fc4e7704084db13220ae08?s=96&d=mm&r=g","caption":"Rosmer Herrera"},"url":"https:\/\/noti-america.com\/site\/principal\/author\/rosmer33\/"}]}},"_links":{"self":[{"href":"https:\/\/noti-america.com\/site\/principal\/wp-json\/wp\/v2\/posts\/10275","targetHints":{"allow":["GET"]}}],"collection":[{"href":"https:\/\/noti-america.com\/site\/principal\/wp-json\/wp\/v2\/posts"}],"about":[{"href":"https:\/\/noti-america.com\/site\/principal\/wp-json\/wp\/v2\/types\/post"}],"author":[{"embeddable":true,"href":"https:\/\/noti-america.com\/site\/principal\/wp-json\/wp\/v2\/users\/1"}],"replies":[{"embeddable":true,"href":"https:\/\/noti-america.com\/site\/principal\/wp-json\/wp\/v2\/comments?post=10275"}],"version-history":[{"count":1,"href":"https:\/\/noti-america.com\/site\/principal\/wp-json\/wp\/v2\/posts\/10275\/revisions"}],"predecessor-version":[{"id":10277,"href":"https:\/\/noti-america.com\/site\/principal\/wp-json\/wp\/v2\/posts\/10275\/revisions\/10277"}],"wp:featuredmedia":[{"embeddable":true,"href":"https:\/\/noti-america.com\/site\/principal\/wp-json\/wp\/v2\/media\/10276"}],"wp:attachment":[{"href":"https:\/\/noti-america.com\/site\/principal\/wp-json\/wp\/v2\/media?parent=10275"}],"wp:term":[{"taxonomy":"category","embeddable":true,"href":"https:\/\/noti-america.com\/site\/principal\/wp-json\/wp\/v2\/categories?post=10275"},{"taxonomy":"post_tag","embeddable":true,"href":"https:\/\/noti-america.com\/site\/principal\/wp-json\/wp\/v2\/tags?post=10275"}],"curies":[{"name":"wp","href":"https:\/\/api.w.org\/{rel}","templated":true}]}}