{"id":9930,"date":"2026-04-28T05:43:41","date_gmt":"2026-04-28T05:43:41","guid":{"rendered":"https:\/\/noti-america.com\/site\/peru\/?p=9930"},"modified":"2026-04-28T05:43:41","modified_gmt":"2026-04-28T05:43:41","slug":"es-urgente-contar-con-psicologos-en-los-centro-educativos-publicos","status":"publish","type":"post","link":"https:\/\/noti-america.com\/site\/peru\/2026\/04\/28\/es-urgente-contar-con-psicologos-en-los-centro-educativos-publicos\/","title":{"rendered":"ES URGENTE CONTAR CON PSIC\u00d3LOGOS EN LOS CENTRO EDUCATIVOS P\u00daBLICOS"},"content":{"rendered":"<p style=\"text-align: justify\"><strong>NOTI-AM\u00c9RICA PER\u00da<\/strong><\/p>\n<p style=\"text-align: justify\">\n<p style=\"text-align: right\"><strong>Por Geomar Pacheco Rivera<\/strong><\/p>\n<p style=\"text-align: justify\">\n<p style=\"text-align: justify\"><span style=\"font-weight: 400\">Las instituciones educativas del pa\u00eds enfrentan una urgente necesidad de incorporar m\u00e1s psic\u00f3logos a fin de atender la creciente demanda de salud mental en ni\u00f1os y adolescentes, quienes hoy afrontan problem\u00e1ticas diversas, como la violencia familiar, el pandillaje y conductas suicidas, advirti\u00f3 el especialista en psicolog\u00eda educativa Ra\u00fal de la Torre Calder\u00f3n, consejero secretario del Colegio de Psic\u00f3logos de Lima y Callao.<\/span><\/p>\n<p style=\"text-align: justify\">\n<p style=\"text-align: justify\"><span style=\"font-weight: 400\">De la Torre sostuvo que un solo psic\u00f3logo no puede brindar el soporte emocional que requieren los escolares en colegios de gran poblaci\u00f3n estudiantil. Los docentes tambi\u00e9n necesitan ser capacitados para intervenir oportunamente en las aulas educativas.<\/span><\/p>\n<p style=\"text-align: justify\">\n<p style=\"text-align: justify\"><span style=\"font-weight: 400\">En regiones como el Callao, explic\u00f3 el consejero, la brecha es evidente: existen apenas algunos psic\u00f3logos para atender cerca de 400 instituciones educativas. \u201cHay colegios con una poblaci\u00f3n de hasta 3,000 estudiantes en distintos turnos. Usted comprender\u00e1 que un solo psic\u00f3logo no puede brindar el soporte emocional que se requiere\u201d, enfatiz\u00f3.<\/span><\/p>\n<p>&nbsp;<\/p>\n<div id=\"attachment_9931\" style=\"width: 1610px\" class=\"wp-caption alignnone\"><img loading=\"lazy\" decoding=\"async\" aria-describedby=\"caption-attachment-9931\" class=\"size-full wp-image-9931\" src=\"https:\/\/noti-america.com\/site\/peru\/wp-content\/uploads\/sites\/8\/2026\/04\/WhatsApp-Image-2026-04-28-at-12.08.09-AM.jpeg\" alt=\"\" width=\"1600\" height=\"1066\" srcset=\"https:\/\/noti-america.com\/site\/peru\/wp-content\/uploads\/sites\/8\/2026\/04\/WhatsApp-Image-2026-04-28-at-12.08.09-AM.jpeg 1600w, https:\/\/noti-america.com\/site\/peru\/wp-content\/uploads\/sites\/8\/2026\/04\/WhatsApp-Image-2026-04-28-at-12.08.09-AM-300x200.jpeg 300w, https:\/\/noti-america.com\/site\/peru\/wp-content\/uploads\/sites\/8\/2026\/04\/WhatsApp-Image-2026-04-28-at-12.08.09-AM-1024x682.jpeg 1024w, https:\/\/noti-america.com\/site\/peru\/wp-content\/uploads\/sites\/8\/2026\/04\/WhatsApp-Image-2026-04-28-at-12.08.09-AM-768x512.jpeg 768w, https:\/\/noti-america.com\/site\/peru\/wp-content\/uploads\/sites\/8\/2026\/04\/WhatsApp-Image-2026-04-28-at-12.08.09-AM-1536x1023.jpeg 1536w, https:\/\/noti-america.com\/site\/peru\/wp-content\/uploads\/sites\/8\/2026\/04\/WhatsApp-Image-2026-04-28-at-12.08.09-AM-272x182.jpeg 272w\" sizes=\"auto, (max-width: 1600px) 100vw, 1600px\" \/><p id=\"caption-attachment-9931\" class=\"wp-caption-text\">Foto: Minedu \/ Andina difusi\u00f3n.<\/p><\/div>\n<p>&nbsp;<\/p>\n<p style=\"text-align: justify\"><span style=\"font-weight: 400\">Pese a la existencia de la Ley de Convivencia sin Violencia en las Instituciones Educativas (Ley N.\u00ba 29719), que establece la incorporaci\u00f3n de profesionales de psicolog\u00eda en los colegios, esta no se implementa de manera efectiva. Seg\u00fan el especialista, el principal obst\u00e1culo es la falta de asignaci\u00f3n presupuestal.<\/span><\/p>\n<p style=\"text-align: justify\">\n<p style=\"text-align: justify\"><span style=\"font-weight: 400\">\u201cEs una ley que est\u00e1 aprobada y reglamentada desde el 2011, pero no se le asigna una partida presupuestal para contratar psic\u00f3logos. No ha habido una mirada sostenida del Estado hacia la salud mental de los estudiantes\u201d, cuestion\u00f3.<\/span><\/p>\n<p style=\"text-align: justify\">\n<p style=\"text-align: justify\"><span style=\"font-weight: 400\">Asimismo, indic\u00f3 que la inestabilidad pol\u00edtica y los constantes cambios de autoridades han impedido dar continuidad a pol\u00edticas p\u00fablicas orientadas a fortalecer el soporte emocional en las escuelas.<\/span><\/p>\n<p style=\"text-align: justify\">\n<p style=\"text-align: justify\"><span style=\"font-weight: 400\">El aumento de depresi\u00f3n y ansiedad en escolares es una constante. \u201cEstamos viendo casos de suicidio en estudiantes por la falta de atenci\u00f3n profesional. El psic\u00f3logo es el especialista preparado para brindar ese soporte emocional\u201d, afirm\u00f3.<\/span><\/p>\n","protected":false},"excerpt":{"rendered":"<p>NOTI-AM\u00c9RICA PER\u00da Por Geomar Pacheco Rivera Las instituciones educativas del pa\u00eds enfrentan una urgente necesidad de incorporar m\u00e1s psic\u00f3logos a fin de atender la creciente demanda de salud mental en ni\u00f1os y adolescentes, quienes&#46;&#46;&#46;<\/p>\n","protected":false},"author":70,"featured_media":9931,"comment_status":"open","ping_status":"open","sticky":false,"template":"","format":"standard","meta":{"_acf_changed":false,"rop_custom_images_group":[],"rop_custom_messages_group":[],"rop_publish_now":"no","rop_publish_now_accounts":{"twitter_242054905_242054905":""},"rop_publish_now_history":[{"account":"twitter_242054905_242054905","service":"twitter","timestamp":1777355237,"status":"error"}],"rop_publish_now_status":"done","footnotes":""},"categories":[268,188],"tags":[],"class_list":["post-9930","post","type-post","status-publish","format-standard","has-post-thumbnail","hentry","category-acturalidad","category-educacion"],"acf":[],"yoast_head":"<!-- This site is optimized with the Yoast SEO Premium plugin v24.9 (Yoast SEO v27.2) - https:\/\/yoast.com\/product\/yoast-seo-premium-wordpress\/ -->\n<title>ES URGENTE CONTAR CON PSIC\u00d3LOGOS EN LOS CENTRO EDUCATIVOS P\u00daBLICOS - Per\u00fa | Noti-America.com<\/title>\n<meta name=\"robots\" content=\"index, follow, max-snippet:-1, max-image-preview:large, max-video-preview:-1\" \/>\n<link rel=\"canonical\" href=\"https:\/\/noti-america.com\/site\/peru\/2026\/04\/28\/es-urgente-contar-con-psicologos-en-los-centro-educativos-publicos\/\" \/>\n<meta property=\"og:locale\" content=\"es_ES\" \/>\n<meta property=\"og:type\" content=\"article\" \/>\n<meta property=\"og:title\" content=\"ES URGENTE CONTAR CON PSIC\u00d3LOGOS EN LOS CENTRO EDUCATIVOS P\u00daBLICOS\" \/>\n<meta property=\"og:description\" content=\"NOTI-AM\u00c9RICA PER\u00da Por Geomar Pacheco Rivera Las instituciones educativas del pa\u00eds enfrentan una urgente necesidad de incorporar m\u00e1s psic\u00f3logos a fin de atender la creciente demanda de salud mental en ni\u00f1os y adolescentes, quienes&#046;&#046;&#046;\" \/>\n<meta property=\"og:url\" content=\"https:\/\/noti-america.com\/site\/peru\/2026\/04\/28\/es-urgente-contar-con-psicologos-en-los-centro-educativos-publicos\/\" \/>\n<meta property=\"og:site_name\" content=\"Per\u00fa | Noti-America.com\" \/>\n<meta property=\"article:published_time\" content=\"2026-04-28T05:43:41+00:00\" \/>\n<meta property=\"og:image\" content=\"https:\/\/noti-america.com\/site\/peru\/wp-content\/uploads\/sites\/8\/2026\/04\/WhatsApp-Image-2026-04-28-at-12.08.09-AM.jpeg\" \/>\n\t<meta property=\"og:image:width\" content=\"1600\" \/>\n\t<meta property=\"og:image:height\" content=\"1066\" \/>\n\t<meta property=\"og:image:type\" content=\"image\/jpeg\" \/>\n<meta name=\"author\" content=\"Geomar Pacheco R.\" \/>\n<meta name=\"twitter:card\" content=\"summary_large_image\" \/>\n<meta name=\"twitter:creator\" content=\"@GeomarPacheco1\" \/>\n<meta name=\"twitter:label1\" content=\"Escrito por\" \/>\n\t<meta name=\"twitter:data1\" content=\"Geomar Pacheco R.\" \/>\n\t<meta name=\"twitter:label2\" content=\"Tiempo estimado de lectura\" \/>\n\t<meta name=\"twitter:data2\" content=\"2 minutos\" \/>\n<script type=\"application\/ld+json\" class=\"yoast-schema-graph\">{\"@context\":\"https:\/\/schema.org\",\"@graph\":[{\"@type\":\"Article\",\"@id\":\"https:\/\/noti-america.com\/site\/peru\/2026\/04\/28\/es-urgente-contar-con-psicologos-en-los-centro-educativos-publicos\/#article\",\"isPartOf\":{\"@id\":\"https:\/\/noti-america.com\/site\/peru\/2026\/04\/28\/es-urgente-contar-con-psicologos-en-los-centro-educativos-publicos\/\"},\"author\":{\"name\":\"Geomar Pacheco R.\",\"@id\":\"https:\/\/noti-america.com\/site\/peru\/#\/schema\/person\/28a35f20383bf2485bc838bfe76aebdc\"},\"headline\":\"ES URGENTE CONTAR CON PSIC\u00d3LOGOS EN LOS CENTRO EDUCATIVOS P\u00daBLICOS\",\"datePublished\":\"2026-04-28T05:43:41+00:00\",\"mainEntityOfPage\":{\"@id\":\"https:\/\/noti-america.com\/site\/peru\/2026\/04\/28\/es-urgente-contar-con-psicologos-en-los-centro-educativos-publicos\/\"},\"wordCount\":356,\"commentCount\":0,\"publisher\":{\"@id\":\"https:\/\/noti-america.com\/site\/peru\/#organization\"},\"image\":{\"@id\":\"https:\/\/noti-america.com\/site\/peru\/2026\/04\/28\/es-urgente-contar-con-psicologos-en-los-centro-educativos-publicos\/#primaryimage\"},\"thumbnailUrl\":\"https:\/\/noti-america.com\/site\/peru\/wp-content\/uploads\/sites\/8\/2026\/04\/WhatsApp-Image-2026-04-28-at-12.08.09-AM.jpeg\",\"articleSection\":[\"Actualidad\",\"Educaci\u00f3n\"],\"inLanguage\":\"es\",\"potentialAction\":[{\"@type\":\"CommentAction\",\"name\":\"Comment\",\"target\":[\"https:\/\/noti-america.com\/site\/peru\/2026\/04\/28\/es-urgente-contar-con-psicologos-en-los-centro-educativos-publicos\/#respond\"]}]},{\"@type\":\"WebPage\",\"@id\":\"https:\/\/noti-america.com\/site\/peru\/2026\/04\/28\/es-urgente-contar-con-psicologos-en-los-centro-educativos-publicos\/\",\"url\":\"https:\/\/noti-america.com\/site\/peru\/2026\/04\/28\/es-urgente-contar-con-psicologos-en-los-centro-educativos-publicos\/\",\"name\":\"ES URGENTE CONTAR CON PSIC\u00d3LOGOS EN LOS CENTRO EDUCATIVOS P\u00daBLICOS - Per\u00fa | Noti-America.com\",\"isPartOf\":{\"@id\":\"https:\/\/noti-america.com\/site\/peru\/#website\"},\"primaryImageOfPage\":{\"@id\":\"https:\/\/noti-america.com\/site\/peru\/2026\/04\/28\/es-urgente-contar-con-psicologos-en-los-centro-educativos-publicos\/#primaryimage\"},\"image\":{\"@id\":\"https:\/\/noti-america.com\/site\/peru\/2026\/04\/28\/es-urgente-contar-con-psicologos-en-los-centro-educativos-publicos\/#primaryimage\"},\"thumbnailUrl\":\"https:\/\/noti-america.com\/site\/peru\/wp-content\/uploads\/sites\/8\/2026\/04\/WhatsApp-Image-2026-04-28-at-12.08.09-AM.jpeg\",\"datePublished\":\"2026-04-28T05:43:41+00:00\",\"breadcrumb\":{\"@id\":\"https:\/\/noti-america.com\/site\/peru\/2026\/04\/28\/es-urgente-contar-con-psicologos-en-los-centro-educativos-publicos\/#breadcrumb\"},\"inLanguage\":\"es\",\"potentialAction\":[{\"@type\":\"ReadAction\",\"target\":[\"https:\/\/noti-america.com\/site\/peru\/2026\/04\/28\/es-urgente-contar-con-psicologos-en-los-centro-educativos-publicos\/\"]}]},{\"@type\":\"ImageObject\",\"inLanguage\":\"es\",\"@id\":\"https:\/\/noti-america.com\/site\/peru\/2026\/04\/28\/es-urgente-contar-con-psicologos-en-los-centro-educativos-publicos\/#primaryimage\",\"url\":\"https:\/\/noti-america.com\/site\/peru\/wp-content\/uploads\/sites\/8\/2026\/04\/WhatsApp-Image-2026-04-28-at-12.08.09-AM.jpeg\",\"contentUrl\":\"https:\/\/noti-america.com\/site\/peru\/wp-content\/uploads\/sites\/8\/2026\/04\/WhatsApp-Image-2026-04-28-at-12.08.09-AM.jpeg\",\"width\":1600,\"height\":1066,\"caption\":\"Foto: Minedu \/ Andina difusi\u00f3n.\"},{\"@type\":\"BreadcrumbList\",\"@id\":\"https:\/\/noti-america.com\/site\/peru\/2026\/04\/28\/es-urgente-contar-con-psicologos-en-los-centro-educativos-publicos\/#breadcrumb\",\"itemListElement\":[{\"@type\":\"ListItem\",\"position\":1,\"name\":\"Portada\",\"item\":\"https:\/\/noti-america.com\/site\/peru\/\"},{\"@type\":\"ListItem\",\"position\":2,\"name\":\"ES URGENTE CONTAR CON PSIC\u00d3LOGOS EN LOS CENTRO EDUCATIVOS P\u00daBLICOS\"}]},{\"@type\":\"WebSite\",\"@id\":\"https:\/\/noti-america.com\/site\/peru\/#website\",\"url\":\"https:\/\/noti-america.com\/site\/peru\/\",\"name\":\"Per\u00fa | Noti-America.com\",\"description\":\"\",\"publisher\":{\"@id\":\"https:\/\/noti-america.com\/site\/peru\/#organization\"},\"potentialAction\":[{\"@type\":\"SearchAction\",\"target\":{\"@type\":\"EntryPoint\",\"urlTemplate\":\"https:\/\/noti-america.com\/site\/peru\/?s={search_term_string}\"},\"query-input\":{\"@type\":\"PropertyValueSpecification\",\"valueRequired\":true,\"valueName\":\"search_term_string\"}}],\"inLanguage\":\"es\"},{\"@type\":\"Organization\",\"@id\":\"https:\/\/noti-america.com\/site\/peru\/#organization\",\"name\":\"Noti-America LLC | Per\u00fa\",\"url\":\"https:\/\/noti-america.com\/site\/peru\/\",\"logo\":{\"@type\":\"ImageObject\",\"inLanguage\":\"es\",\"@id\":\"https:\/\/noti-america.com\/site\/peru\/#\/schema\/logo\/image\/\",\"url\":\"https:\/\/noti-america.com\/site\/peru\/wp-content\/uploads\/sites\/8\/2020\/07\/LogoNA-4x3-1.jpg\",\"contentUrl\":\"https:\/\/noti-america.com\/site\/peru\/wp-content\/uploads\/sites\/8\/2020\/07\/LogoNA-4x3-1.jpg\",\"width\":1236,\"height\":1080,\"caption\":\"Noti-America LLC | Per\u00fa\"},\"image\":{\"@id\":\"https:\/\/noti-america.com\/site\/peru\/#\/schema\/logo\/image\/\"}},{\"@type\":\"Person\",\"@id\":\"https:\/\/noti-america.com\/site\/peru\/#\/schema\/person\/28a35f20383bf2485bc838bfe76aebdc\",\"name\":\"Geomar Pacheco R.\",\"image\":{\"@type\":\"ImageObject\",\"inLanguage\":\"es\",\"@id\":\"https:\/\/secure.gravatar.com\/avatar\/5f09cb527f9632e92234c6fc6e2cbcefebeed6bdeb0f9129ea4cbc7aa71587c6?s=96&d=mm&r=g\",\"url\":\"https:\/\/secure.gravatar.com\/avatar\/5f09cb527f9632e92234c6fc6e2cbcefebeed6bdeb0f9129ea4cbc7aa71587c6?s=96&d=mm&r=g\",\"contentUrl\":\"https:\/\/secure.gravatar.com\/avatar\/5f09cb527f9632e92234c6fc6e2cbcefebeed6bdeb0f9129ea4cbc7aa71587c6?s=96&d=mm&r=g\",\"caption\":\"Geomar Pacheco R.\"},\"sameAs\":[\"https:\/\/x.com\/GeomarPacheco1\"],\"url\":\"https:\/\/noti-america.com\/site\/peru\/author\/gpacheco\/\"}]}<\/script>\n<!-- \/ Yoast SEO Premium plugin. -->","yoast_head_json":{"title":"ES URGENTE CONTAR CON PSIC\u00d3LOGOS EN LOS CENTRO EDUCATIVOS P\u00daBLICOS - Per\u00fa | Noti-America.com","robots":{"index":"index","follow":"follow","max-snippet":"max-snippet:-1","max-image-preview":"max-image-preview:large","max-video-preview":"max-video-preview:-1"},"canonical":"https:\/\/noti-america.com\/site\/peru\/2026\/04\/28\/es-urgente-contar-con-psicologos-en-los-centro-educativos-publicos\/","og_locale":"es_ES","og_type":"article","og_title":"ES URGENTE CONTAR CON PSIC\u00d3LOGOS EN LOS CENTRO EDUCATIVOS P\u00daBLICOS","og_description":"NOTI-AM\u00c9RICA PER\u00da Por Geomar Pacheco Rivera Las instituciones educativas del pa\u00eds enfrentan una urgente necesidad de incorporar m\u00e1s psic\u00f3logos a fin de atender la creciente demanda de salud mental en ni\u00f1os y adolescentes, quienes&#46;&#46;&#46;","og_url":"https:\/\/noti-america.com\/site\/peru\/2026\/04\/28\/es-urgente-contar-con-psicologos-en-los-centro-educativos-publicos\/","og_site_name":"Per\u00fa | Noti-America.com","article_published_time":"2026-04-28T05:43:41+00:00","og_image":[{"width":1600,"height":1066,"url":"https:\/\/noti-america.com\/site\/peru\/wp-content\/uploads\/sites\/8\/2026\/04\/WhatsApp-Image-2026-04-28-at-12.08.09-AM.jpeg","type":"image\/jpeg"}],"author":"Geomar Pacheco R.","twitter_card":"summary_large_image","twitter_creator":"@GeomarPacheco1","twitter_misc":{"Escrito por":"Geomar Pacheco R.","Tiempo estimado de lectura":"2 minutos"},"schema":{"@context":"https:\/\/schema.org","@graph":[{"@type":"Article","@id":"https:\/\/noti-america.com\/site\/peru\/2026\/04\/28\/es-urgente-contar-con-psicologos-en-los-centro-educativos-publicos\/#article","isPartOf":{"@id":"https:\/\/noti-america.com\/site\/peru\/2026\/04\/28\/es-urgente-contar-con-psicologos-en-los-centro-educativos-publicos\/"},"author":{"name":"Geomar Pacheco R.","@id":"https:\/\/noti-america.com\/site\/peru\/#\/schema\/person\/28a35f20383bf2485bc838bfe76aebdc"},"headline":"ES URGENTE CONTAR CON PSIC\u00d3LOGOS EN LOS CENTRO EDUCATIVOS P\u00daBLICOS","datePublished":"2026-04-28T05:43:41+00:00","mainEntityOfPage":{"@id":"https:\/\/noti-america.com\/site\/peru\/2026\/04\/28\/es-urgente-contar-con-psicologos-en-los-centro-educativos-publicos\/"},"wordCount":356,"commentCount":0,"publisher":{"@id":"https:\/\/noti-america.com\/site\/peru\/#organization"},"image":{"@id":"https:\/\/noti-america.com\/site\/peru\/2026\/04\/28\/es-urgente-contar-con-psicologos-en-los-centro-educativos-publicos\/#primaryimage"},"thumbnailUrl":"https:\/\/noti-america.com\/site\/peru\/wp-content\/uploads\/sites\/8\/2026\/04\/WhatsApp-Image-2026-04-28-at-12.08.09-AM.jpeg","articleSection":["Actualidad","Educaci\u00f3n"],"inLanguage":"es","potentialAction":[{"@type":"CommentAction","name":"Comment","target":["https:\/\/noti-america.com\/site\/peru\/2026\/04\/28\/es-urgente-contar-con-psicologos-en-los-centro-educativos-publicos\/#respond"]}]},{"@type":"WebPage","@id":"https:\/\/noti-america.com\/site\/peru\/2026\/04\/28\/es-urgente-contar-con-psicologos-en-los-centro-educativos-publicos\/","url":"https:\/\/noti-america.com\/site\/peru\/2026\/04\/28\/es-urgente-contar-con-psicologos-en-los-centro-educativos-publicos\/","name":"ES URGENTE CONTAR CON PSIC\u00d3LOGOS EN LOS CENTRO EDUCATIVOS P\u00daBLICOS - Per\u00fa | Noti-America.com","isPartOf":{"@id":"https:\/\/noti-america.com\/site\/peru\/#website"},"primaryImageOfPage":{"@id":"https:\/\/noti-america.com\/site\/peru\/2026\/04\/28\/es-urgente-contar-con-psicologos-en-los-centro-educativos-publicos\/#primaryimage"},"image":{"@id":"https:\/\/noti-america.com\/site\/peru\/2026\/04\/28\/es-urgente-contar-con-psicologos-en-los-centro-educativos-publicos\/#primaryimage"},"thumbnailUrl":"https:\/\/noti-america.com\/site\/peru\/wp-content\/uploads\/sites\/8\/2026\/04\/WhatsApp-Image-2026-04-28-at-12.08.09-AM.jpeg","datePublished":"2026-04-28T05:43:41+00:00","breadcrumb":{"@id":"https:\/\/noti-america.com\/site\/peru\/2026\/04\/28\/es-urgente-contar-con-psicologos-en-los-centro-educativos-publicos\/#breadcrumb"},"inLanguage":"es","potentialAction":[{"@type":"ReadAction","target":["https:\/\/noti-america.com\/site\/peru\/2026\/04\/28\/es-urgente-contar-con-psicologos-en-los-centro-educativos-publicos\/"]}]},{"@type":"ImageObject","inLanguage":"es","@id":"https:\/\/noti-america.com\/site\/peru\/2026\/04\/28\/es-urgente-contar-con-psicologos-en-los-centro-educativos-publicos\/#primaryimage","url":"https:\/\/noti-america.com\/site\/peru\/wp-content\/uploads\/sites\/8\/2026\/04\/WhatsApp-Image-2026-04-28-at-12.08.09-AM.jpeg","contentUrl":"https:\/\/noti-america.com\/site\/peru\/wp-content\/uploads\/sites\/8\/2026\/04\/WhatsApp-Image-2026-04-28-at-12.08.09-AM.jpeg","width":1600,"height":1066,"caption":"Foto: Minedu \/ Andina difusi\u00f3n."},{"@type":"BreadcrumbList","@id":"https:\/\/noti-america.com\/site\/peru\/2026\/04\/28\/es-urgente-contar-con-psicologos-en-los-centro-educativos-publicos\/#breadcrumb","itemListElement":[{"@type":"ListItem","position":1,"name":"Portada","item":"https:\/\/noti-america.com\/site\/peru\/"},{"@type":"ListItem","position":2,"name":"ES URGENTE CONTAR CON PSIC\u00d3LOGOS EN LOS CENTRO EDUCATIVOS P\u00daBLICOS"}]},{"@type":"WebSite","@id":"https:\/\/noti-america.com\/site\/peru\/#website","url":"https:\/\/noti-america.com\/site\/peru\/","name":"Per\u00fa | Noti-America.com","description":"","publisher":{"@id":"https:\/\/noti-america.com\/site\/peru\/#organization"},"potentialAction":[{"@type":"SearchAction","target":{"@type":"EntryPoint","urlTemplate":"https:\/\/noti-america.com\/site\/peru\/?s={search_term_string}"},"query-input":{"@type":"PropertyValueSpecification","valueRequired":true,"valueName":"search_term_string"}}],"inLanguage":"es"},{"@type":"Organization","@id":"https:\/\/noti-america.com\/site\/peru\/#organization","name":"Noti-America LLC | Per\u00fa","url":"https:\/\/noti-america.com\/site\/peru\/","logo":{"@type":"ImageObject","inLanguage":"es","@id":"https:\/\/noti-america.com\/site\/peru\/#\/schema\/logo\/image\/","url":"https:\/\/noti-america.com\/site\/peru\/wp-content\/uploads\/sites\/8\/2020\/07\/LogoNA-4x3-1.jpg","contentUrl":"https:\/\/noti-america.com\/site\/peru\/wp-content\/uploads\/sites\/8\/2020\/07\/LogoNA-4x3-1.jpg","width":1236,"height":1080,"caption":"Noti-America LLC | Per\u00fa"},"image":{"@id":"https:\/\/noti-america.com\/site\/peru\/#\/schema\/logo\/image\/"}},{"@type":"Person","@id":"https:\/\/noti-america.com\/site\/peru\/#\/schema\/person\/28a35f20383bf2485bc838bfe76aebdc","name":"Geomar Pacheco R.","image":{"@type":"ImageObject","inLanguage":"es","@id":"https:\/\/secure.gravatar.com\/avatar\/5f09cb527f9632e92234c6fc6e2cbcefebeed6bdeb0f9129ea4cbc7aa71587c6?s=96&d=mm&r=g","url":"https:\/\/secure.gravatar.com\/avatar\/5f09cb527f9632e92234c6fc6e2cbcefebeed6bdeb0f9129ea4cbc7aa71587c6?s=96&d=mm&r=g","contentUrl":"https:\/\/secure.gravatar.com\/avatar\/5f09cb527f9632e92234c6fc6e2cbcefebeed6bdeb0f9129ea4cbc7aa71587c6?s=96&d=mm&r=g","caption":"Geomar Pacheco R."},"sameAs":["https:\/\/x.com\/GeomarPacheco1"],"url":"https:\/\/noti-america.com\/site\/peru\/author\/gpacheco\/"}]}},"_links":{"self":[{"href":"https:\/\/noti-america.com\/site\/peru\/wp-json\/wp\/v2\/posts\/9930","targetHints":{"allow":["GET"]}}],"collection":[{"href":"https:\/\/noti-america.com\/site\/peru\/wp-json\/wp\/v2\/posts"}],"about":[{"href":"https:\/\/noti-america.com\/site\/peru\/wp-json\/wp\/v2\/types\/post"}],"author":[{"embeddable":true,"href":"https:\/\/noti-america.com\/site\/peru\/wp-json\/wp\/v2\/users\/70"}],"replies":[{"embeddable":true,"href":"https:\/\/noti-america.com\/site\/peru\/wp-json\/wp\/v2\/comments?post=9930"}],"version-history":[{"count":1,"href":"https:\/\/noti-america.com\/site\/peru\/wp-json\/wp\/v2\/posts\/9930\/revisions"}],"predecessor-version":[{"id":9932,"href":"https:\/\/noti-america.com\/site\/peru\/wp-json\/wp\/v2\/posts\/9930\/revisions\/9932"}],"wp:featuredmedia":[{"embeddable":true,"href":"https:\/\/noti-america.com\/site\/peru\/wp-json\/wp\/v2\/media\/9931"}],"wp:attachment":[{"href":"https:\/\/noti-america.com\/site\/peru\/wp-json\/wp\/v2\/media?parent=9930"}],"wp:term":[{"taxonomy":"category","embeddable":true,"href":"https:\/\/noti-america.com\/site\/peru\/wp-json\/wp\/v2\/categories?post=9930"},{"taxonomy":"post_tag","embeddable":true,"href":"https:\/\/noti-america.com\/site\/peru\/wp-json\/wp\/v2\/tags?post=9930"}],"curies":[{"name":"wp","href":"https:\/\/api.w.org\/{rel}","templated":true}]}}