{"id":9923,"date":"2026-04-28T05:20:08","date_gmt":"2026-04-28T05:20:08","guid":{"rendered":"https:\/\/noti-america.com\/site\/peru\/?p=9923"},"modified":"2026-04-28T05:20:08","modified_gmt":"2026-04-28T05:20:08","slug":"cusco-fue-el-escenario-para-lanzamiento-del-plan-2026-de-muni-segura","status":"publish","type":"post","link":"https:\/\/noti-america.com\/site\/peru\/2026\/04\/28\/cusco-fue-el-escenario-para-lanzamiento-del-plan-2026-de-muni-segura\/","title":{"rendered":"CUSCO FUE EL ESCENARIO PARA LANZAMIENTO DEL PLAN 2026 DE MUNI SEGURA"},"content":{"rendered":"<p style=\"text-align: justify\"><strong>NOTI-AM\u00c9RICA PER\u00da<\/strong><\/p>\n<p style=\"text-align: justify\">\n<p style=\"text-align: right\"><strong>Por Geomar Pacheco Rivera<\/strong><\/p>\n<p style=\"text-align: justify\">\nLa Superintendencia Nacional de Fiscalizaci\u00f3n Laboral (Sunafil) y la Autoridad Nacional del Servicio Civil (Servir) lanzaron en la Municipalidad Distrital de San Sebasti\u00e1n, en Cusco, el Plan 2026 de la estrategia Muni Segura, una iniciativa orientada a fortalecer la gesti\u00f3n en los gobiernos locales y, especialmente, a proteger la salud y seguridad de los servidores municipales.<\/p>\n<div id=\"attachment_9924\" style=\"width: 1610px\" class=\"wp-caption alignnone\"><img loading=\"lazy\" decoding=\"async\" aria-describedby=\"caption-attachment-9924\" class=\"size-full wp-image-9924\" src=\"https:\/\/noti-america.com\/site\/peru\/wp-content\/uploads\/sites\/8\/2026\/04\/WhatsApp-Image-2026-04-27-at-11.32.59-PM.jpeg\" alt=\"\" width=\"1600\" height=\"1066\" srcset=\"https:\/\/noti-america.com\/site\/peru\/wp-content\/uploads\/sites\/8\/2026\/04\/WhatsApp-Image-2026-04-27-at-11.32.59-PM.jpeg 1600w, https:\/\/noti-america.com\/site\/peru\/wp-content\/uploads\/sites\/8\/2026\/04\/WhatsApp-Image-2026-04-27-at-11.32.59-PM-300x200.jpeg 300w, https:\/\/noti-america.com\/site\/peru\/wp-content\/uploads\/sites\/8\/2026\/04\/WhatsApp-Image-2026-04-27-at-11.32.59-PM-1024x682.jpeg 1024w, https:\/\/noti-america.com\/site\/peru\/wp-content\/uploads\/sites\/8\/2026\/04\/WhatsApp-Image-2026-04-27-at-11.32.59-PM-768x512.jpeg 768w, https:\/\/noti-america.com\/site\/peru\/wp-content\/uploads\/sites\/8\/2026\/04\/WhatsApp-Image-2026-04-27-at-11.32.59-PM-1536x1023.jpeg 1536w, https:\/\/noti-america.com\/site\/peru\/wp-content\/uploads\/sites\/8\/2026\/04\/WhatsApp-Image-2026-04-27-at-11.32.59-PM-272x182.jpeg 272w\" sizes=\"auto, (max-width: 1600px) 100vw, 1600px\" \/><p id=\"caption-attachment-9924\" class=\"wp-caption-text\">Fotos: ANDINA\/Difusi\u00f3n<\/p><\/div>\n<p>&nbsp;<\/p>\n<p style=\"text-align: justify\">La presentaci\u00f3n estuvo a cargo del superintendente de Sunafil, Edgar Alfonso Vallejos Flori\u00e1n, quien present\u00f3 los principales resultados alcanzados por Muni Segura durante el 2025 y destac\u00f3 los avances en la promoci\u00f3n de condiciones laborales seguras en los gobiernos locales y la importancia de continuar fortaleciendo la articulaci\u00f3n interinstitucional.<\/p>\n<p style=\"text-align: justify\">\u201cEn su segunda edici\u00f3n, desplegada el a\u00f1o pasado, beneficiamos directamente a 19,038 trabajadores ediles de 30 municipalidades a nivel nacional: 12 provinciales y 18 distritales. Extendimos nuestras asistencias t\u00e9cnicas, centradas en siete instrumentos obligatorios del Sistema de Gesti\u00f3n de Seguridad y Salud en el Trabajo (SGSST), que forman la base m\u00ednima para una gesti\u00f3n preventiva adecuada\u201d, resalt\u00f3 el titular de la Sunafil.<\/p>\n<div id=\"attachment_9925\" style=\"width: 1610px\" class=\"wp-caption alignnone\"><img loading=\"lazy\" decoding=\"async\" aria-describedby=\"caption-attachment-9925\" class=\"size-full wp-image-9925\" src=\"https:\/\/noti-america.com\/site\/peru\/wp-content\/uploads\/sites\/8\/2026\/04\/WhatsApp-Image-2026-04-27-at-11.33.35-PM.jpeg\" alt=\"\" width=\"1600\" height=\"1066\" srcset=\"https:\/\/noti-america.com\/site\/peru\/wp-content\/uploads\/sites\/8\/2026\/04\/WhatsApp-Image-2026-04-27-at-11.33.35-PM.jpeg 1600w, https:\/\/noti-america.com\/site\/peru\/wp-content\/uploads\/sites\/8\/2026\/04\/WhatsApp-Image-2026-04-27-at-11.33.35-PM-300x200.jpeg 300w, https:\/\/noti-america.com\/site\/peru\/wp-content\/uploads\/sites\/8\/2026\/04\/WhatsApp-Image-2026-04-27-at-11.33.35-PM-1024x682.jpeg 1024w, https:\/\/noti-america.com\/site\/peru\/wp-content\/uploads\/sites\/8\/2026\/04\/WhatsApp-Image-2026-04-27-at-11.33.35-PM-768x512.jpeg 768w, https:\/\/noti-america.com\/site\/peru\/wp-content\/uploads\/sites\/8\/2026\/04\/WhatsApp-Image-2026-04-27-at-11.33.35-PM-1536x1023.jpeg 1536w, https:\/\/noti-america.com\/site\/peru\/wp-content\/uploads\/sites\/8\/2026\/04\/WhatsApp-Image-2026-04-27-at-11.33.35-PM-272x182.jpeg 272w\" sizes=\"auto, (max-width: 1600px) 100vw, 1600px\" \/><p id=\"caption-attachment-9925\" class=\"wp-caption-text\">Fotos: ANDINA\/Difusi\u00f3n<\/p><\/div>\n<p>&nbsp;<\/p>\n<p style=\"text-align: justify\">Por su parte, el presidente ejecutivo de Servir, Guillermo Steve Valdivieso Payva, subray\u00f3 que garantizar condiciones adecuadas para los servidores p\u00fablicos es esencial para mejorar la calidad de los servicios que recibe la ciudadan\u00eda.<\/p>\n<p style=\"text-align: justify\">\u201cNo podemos hablar de un servicio p\u00fablico de calidad si no cuidamos a quienes lo hacen posible. Proteger la salud de los servidores municipales, prevenir riesgos y fortalecer sus capacidades no es opcional, es una prioridad para construir un Estado que responda mejor a las personas\u201d, afirm\u00f3.<\/p>\n<p style=\"text-align: justify\">El Plan 2026 se implementar\u00e1 en 40 municipalidades, entre provinciales y distritales, y pone \u00e9nfasis en la prevenci\u00f3n de riesgos laborales \u2014incluidos los riesgos psicosociales\u2014, as\u00ed como en el fortalecimiento de competencias en gesti\u00f3n de recursos humanos. Para ello, contempla acciones de capacitaci\u00f3n, asistencia t\u00e9cnica y acompa\u00f1amiento especializado a nivel nacional, que beneficiar\u00e1n a 21,962 servidores municipales.<\/p>\n<p>&nbsp;<\/p>\n<div id=\"attachment_9926\" style=\"width: 1438px\" class=\"wp-caption alignnone\"><img loading=\"lazy\" decoding=\"async\" aria-describedby=\"caption-attachment-9926\" class=\"size-full wp-image-9926\" src=\"https:\/\/noti-america.com\/site\/peru\/wp-content\/uploads\/sites\/8\/2026\/04\/WhatsApp-Image-2026-04-27-at-11.34.39-PM.jpeg\" alt=\"\" width=\"1428\" height=\"1066\" srcset=\"https:\/\/noti-america.com\/site\/peru\/wp-content\/uploads\/sites\/8\/2026\/04\/WhatsApp-Image-2026-04-27-at-11.34.39-PM.jpeg 1428w, https:\/\/noti-america.com\/site\/peru\/wp-content\/uploads\/sites\/8\/2026\/04\/WhatsApp-Image-2026-04-27-at-11.34.39-PM-300x224.jpeg 300w, https:\/\/noti-america.com\/site\/peru\/wp-content\/uploads\/sites\/8\/2026\/04\/WhatsApp-Image-2026-04-27-at-11.34.39-PM-1024x764.jpeg 1024w, https:\/\/noti-america.com\/site\/peru\/wp-content\/uploads\/sites\/8\/2026\/04\/WhatsApp-Image-2026-04-27-at-11.34.39-PM-768x573.jpeg 768w\" sizes=\"auto, (max-width: 1428px) 100vw, 1428px\" \/><p id=\"caption-attachment-9926\" class=\"wp-caption-text\">Fotos: ANDINA\/Difusi\u00f3n<\/p><\/div>\n<p style=\"text-align: justify\">El lanzamiento del Plan 2026 cont\u00f3 con la participaci\u00f3n de la alcaldesa distrital de San Sebasti\u00e1n, Jackelin Jim\u00e9nez Chuquitapa, quien resalt\u00f3 el trabajo conjunto entre Sunafil y Servir para impulsar una cultura de prevenci\u00f3n de riesgos laborales en los gobiernos locales.<\/p>\n","protected":false},"excerpt":{"rendered":"<p>NOTI-AM\u00c9RICA PER\u00da Por Geomar Pacheco Rivera La Superintendencia Nacional de Fiscalizaci\u00f3n Laboral (Sunafil) y la Autoridad Nacional del Servicio Civil (Servir) lanzaron en la Municipalidad Distrital de San Sebasti\u00e1n, en Cusco, el Plan 2026&#46;&#46;&#46;<\/p>\n","protected":false},"author":70,"featured_media":9924,"comment_status":"open","ping_status":"open","sticky":false,"template":"","format":"standard","meta":{"_acf_changed":false,"rop_custom_images_group":[],"rop_custom_messages_group":[],"rop_publish_now":"no","rop_publish_now_accounts":{"twitter_242054905_242054905":""},"rop_publish_now_history":[{"account":"twitter_242054905_242054905","service":"twitter","timestamp":1777353645,"status":"error"}],"rop_publish_now_status":"done","footnotes":""},"categories":[268,117,208],"tags":[],"class_list":["post-9923","post","type-post","status-publish","format-standard","has-post-thumbnail","hentry","category-acturalidad","category-es-noticia-en","category-portadas"],"acf":[],"yoast_head":"<!-- This site is optimized with the Yoast SEO Premium plugin v24.9 (Yoast SEO v27.2) - https:\/\/yoast.com\/product\/yoast-seo-premium-wordpress\/ -->\n<title>CUSCO FUE EL ESCENARIO PARA LANZAMIENTO DEL PLAN 2026 DE MUNI SEGURA - Per\u00fa | Noti-America.com<\/title>\n<meta name=\"robots\" content=\"index, follow, max-snippet:-1, max-image-preview:large, max-video-preview:-1\" \/>\n<link rel=\"canonical\" href=\"https:\/\/noti-america.com\/site\/peru\/2026\/04\/28\/cusco-fue-el-escenario-para-lanzamiento-del-plan-2026-de-muni-segura\/\" \/>\n<meta property=\"og:locale\" content=\"es_ES\" \/>\n<meta property=\"og:type\" content=\"article\" \/>\n<meta property=\"og:title\" content=\"CUSCO FUE EL ESCENARIO PARA LANZAMIENTO DEL PLAN 2026 DE MUNI SEGURA\" \/>\n<meta property=\"og:description\" content=\"NOTI-AM\u00c9RICA PER\u00da Por Geomar Pacheco Rivera La Superintendencia Nacional de Fiscalizaci\u00f3n Laboral (Sunafil) y la Autoridad Nacional del Servicio Civil (Servir) lanzaron en la Municipalidad Distrital de San Sebasti\u00e1n, en Cusco, el Plan 2026&#046;&#046;&#046;\" \/>\n<meta property=\"og:url\" content=\"https:\/\/noti-america.com\/site\/peru\/2026\/04\/28\/cusco-fue-el-escenario-para-lanzamiento-del-plan-2026-de-muni-segura\/\" \/>\n<meta property=\"og:site_name\" content=\"Per\u00fa | Noti-America.com\" \/>\n<meta property=\"article:published_time\" content=\"2026-04-28T05:20:08+00:00\" \/>\n<meta property=\"og:image\" content=\"https:\/\/noti-america.com\/site\/peru\/wp-content\/uploads\/sites\/8\/2026\/04\/WhatsApp-Image-2026-04-27-at-11.32.59-PM.jpeg\" \/>\n\t<meta property=\"og:image:width\" content=\"1600\" \/>\n\t<meta property=\"og:image:height\" content=\"1066\" \/>\n\t<meta property=\"og:image:type\" content=\"image\/jpeg\" \/>\n<meta name=\"author\" content=\"Geomar Pacheco R.\" \/>\n<meta name=\"twitter:card\" content=\"summary_large_image\" \/>\n<meta name=\"twitter:creator\" content=\"@GeomarPacheco1\" \/>\n<meta name=\"twitter:label1\" content=\"Escrito por\" \/>\n\t<meta name=\"twitter:data1\" content=\"Geomar Pacheco R.\" \/>\n\t<meta name=\"twitter:label2\" content=\"Tiempo estimado de lectura\" \/>\n\t<meta name=\"twitter:data2\" content=\"3 minutos\" \/>\n<script type=\"application\/ld+json\" class=\"yoast-schema-graph\">{\"@context\":\"https:\/\/schema.org\",\"@graph\":[{\"@type\":\"Article\",\"@id\":\"https:\/\/noti-america.com\/site\/peru\/2026\/04\/28\/cusco-fue-el-escenario-para-lanzamiento-del-plan-2026-de-muni-segura\/#article\",\"isPartOf\":{\"@id\":\"https:\/\/noti-america.com\/site\/peru\/2026\/04\/28\/cusco-fue-el-escenario-para-lanzamiento-del-plan-2026-de-muni-segura\/\"},\"author\":{\"name\":\"Geomar Pacheco R.\",\"@id\":\"https:\/\/noti-america.com\/site\/peru\/#\/schema\/person\/28a35f20383bf2485bc838bfe76aebdc\"},\"headline\":\"CUSCO FUE EL ESCENARIO PARA LANZAMIENTO DEL PLAN 2026 DE MUNI SEGURA\",\"datePublished\":\"2026-04-28T05:20:08+00:00\",\"mainEntityOfPage\":{\"@id\":\"https:\/\/noti-america.com\/site\/peru\/2026\/04\/28\/cusco-fue-el-escenario-para-lanzamiento-del-plan-2026-de-muni-segura\/\"},\"wordCount\":416,\"commentCount\":0,\"publisher\":{\"@id\":\"https:\/\/noti-america.com\/site\/peru\/#organization\"},\"image\":{\"@id\":\"https:\/\/noti-america.com\/site\/peru\/2026\/04\/28\/cusco-fue-el-escenario-para-lanzamiento-del-plan-2026-de-muni-segura\/#primaryimage\"},\"thumbnailUrl\":\"https:\/\/noti-america.com\/site\/peru\/wp-content\/uploads\/sites\/8\/2026\/04\/WhatsApp-Image-2026-04-27-at-11.32.59-PM.jpeg\",\"articleSection\":[\"Actualidad\",\"Es Noticia en\",\"Portadas\"],\"inLanguage\":\"es\",\"potentialAction\":[{\"@type\":\"CommentAction\",\"name\":\"Comment\",\"target\":[\"https:\/\/noti-america.com\/site\/peru\/2026\/04\/28\/cusco-fue-el-escenario-para-lanzamiento-del-plan-2026-de-muni-segura\/#respond\"]}]},{\"@type\":\"WebPage\",\"@id\":\"https:\/\/noti-america.com\/site\/peru\/2026\/04\/28\/cusco-fue-el-escenario-para-lanzamiento-del-plan-2026-de-muni-segura\/\",\"url\":\"https:\/\/noti-america.com\/site\/peru\/2026\/04\/28\/cusco-fue-el-escenario-para-lanzamiento-del-plan-2026-de-muni-segura\/\",\"name\":\"CUSCO FUE EL ESCENARIO PARA LANZAMIENTO DEL PLAN 2026 DE MUNI SEGURA - Per\u00fa | Noti-America.com\",\"isPartOf\":{\"@id\":\"https:\/\/noti-america.com\/site\/peru\/#website\"},\"primaryImageOfPage\":{\"@id\":\"https:\/\/noti-america.com\/site\/peru\/2026\/04\/28\/cusco-fue-el-escenario-para-lanzamiento-del-plan-2026-de-muni-segura\/#primaryimage\"},\"image\":{\"@id\":\"https:\/\/noti-america.com\/site\/peru\/2026\/04\/28\/cusco-fue-el-escenario-para-lanzamiento-del-plan-2026-de-muni-segura\/#primaryimage\"},\"thumbnailUrl\":\"https:\/\/noti-america.com\/site\/peru\/wp-content\/uploads\/sites\/8\/2026\/04\/WhatsApp-Image-2026-04-27-at-11.32.59-PM.jpeg\",\"datePublished\":\"2026-04-28T05:20:08+00:00\",\"breadcrumb\":{\"@id\":\"https:\/\/noti-america.com\/site\/peru\/2026\/04\/28\/cusco-fue-el-escenario-para-lanzamiento-del-plan-2026-de-muni-segura\/#breadcrumb\"},\"inLanguage\":\"es\",\"potentialAction\":[{\"@type\":\"ReadAction\",\"target\":[\"https:\/\/noti-america.com\/site\/peru\/2026\/04\/28\/cusco-fue-el-escenario-para-lanzamiento-del-plan-2026-de-muni-segura\/\"]}]},{\"@type\":\"ImageObject\",\"inLanguage\":\"es\",\"@id\":\"https:\/\/noti-america.com\/site\/peru\/2026\/04\/28\/cusco-fue-el-escenario-para-lanzamiento-del-plan-2026-de-muni-segura\/#primaryimage\",\"url\":\"https:\/\/noti-america.com\/site\/peru\/wp-content\/uploads\/sites\/8\/2026\/04\/WhatsApp-Image-2026-04-27-at-11.32.59-PM.jpeg\",\"contentUrl\":\"https:\/\/noti-america.com\/site\/peru\/wp-content\/uploads\/sites\/8\/2026\/04\/WhatsApp-Image-2026-04-27-at-11.32.59-PM.jpeg\",\"width\":1600,\"height\":1066,\"caption\":\"Fotos: ANDINA\/Difusi\u00f3n\"},{\"@type\":\"BreadcrumbList\",\"@id\":\"https:\/\/noti-america.com\/site\/peru\/2026\/04\/28\/cusco-fue-el-escenario-para-lanzamiento-del-plan-2026-de-muni-segura\/#breadcrumb\",\"itemListElement\":[{\"@type\":\"ListItem\",\"position\":1,\"name\":\"Portada\",\"item\":\"https:\/\/noti-america.com\/site\/peru\/\"},{\"@type\":\"ListItem\",\"position\":2,\"name\":\"CUSCO FUE EL ESCENARIO PARA LANZAMIENTO DEL PLAN 2026 DE MUNI SEGURA\"}]},{\"@type\":\"WebSite\",\"@id\":\"https:\/\/noti-america.com\/site\/peru\/#website\",\"url\":\"https:\/\/noti-america.com\/site\/peru\/\",\"name\":\"Per\u00fa | Noti-America.com\",\"description\":\"\",\"publisher\":{\"@id\":\"https:\/\/noti-america.com\/site\/peru\/#organization\"},\"potentialAction\":[{\"@type\":\"SearchAction\",\"target\":{\"@type\":\"EntryPoint\",\"urlTemplate\":\"https:\/\/noti-america.com\/site\/peru\/?s={search_term_string}\"},\"query-input\":{\"@type\":\"PropertyValueSpecification\",\"valueRequired\":true,\"valueName\":\"search_term_string\"}}],\"inLanguage\":\"es\"},{\"@type\":\"Organization\",\"@id\":\"https:\/\/noti-america.com\/site\/peru\/#organization\",\"name\":\"Noti-America LLC | Per\u00fa\",\"url\":\"https:\/\/noti-america.com\/site\/peru\/\",\"logo\":{\"@type\":\"ImageObject\",\"inLanguage\":\"es\",\"@id\":\"https:\/\/noti-america.com\/site\/peru\/#\/schema\/logo\/image\/\",\"url\":\"https:\/\/noti-america.com\/site\/peru\/wp-content\/uploads\/sites\/8\/2020\/07\/LogoNA-4x3-1.jpg\",\"contentUrl\":\"https:\/\/noti-america.com\/site\/peru\/wp-content\/uploads\/sites\/8\/2020\/07\/LogoNA-4x3-1.jpg\",\"width\":1236,\"height\":1080,\"caption\":\"Noti-America LLC | Per\u00fa\"},\"image\":{\"@id\":\"https:\/\/noti-america.com\/site\/peru\/#\/schema\/logo\/image\/\"}},{\"@type\":\"Person\",\"@id\":\"https:\/\/noti-america.com\/site\/peru\/#\/schema\/person\/28a35f20383bf2485bc838bfe76aebdc\",\"name\":\"Geomar Pacheco R.\",\"image\":{\"@type\":\"ImageObject\",\"inLanguage\":\"es\",\"@id\":\"https:\/\/secure.gravatar.com\/avatar\/5f09cb527f9632e92234c6fc6e2cbcefebeed6bdeb0f9129ea4cbc7aa71587c6?s=96&d=mm&r=g\",\"url\":\"https:\/\/secure.gravatar.com\/avatar\/5f09cb527f9632e92234c6fc6e2cbcefebeed6bdeb0f9129ea4cbc7aa71587c6?s=96&d=mm&r=g\",\"contentUrl\":\"https:\/\/secure.gravatar.com\/avatar\/5f09cb527f9632e92234c6fc6e2cbcefebeed6bdeb0f9129ea4cbc7aa71587c6?s=96&d=mm&r=g\",\"caption\":\"Geomar Pacheco R.\"},\"sameAs\":[\"https:\/\/x.com\/GeomarPacheco1\"],\"url\":\"https:\/\/noti-america.com\/site\/peru\/author\/gpacheco\/\"}]}<\/script>\n<!-- \/ Yoast SEO Premium plugin. -->","yoast_head_json":{"title":"CUSCO FUE EL ESCENARIO PARA LANZAMIENTO DEL PLAN 2026 DE MUNI SEGURA - Per\u00fa | Noti-America.com","robots":{"index":"index","follow":"follow","max-snippet":"max-snippet:-1","max-image-preview":"max-image-preview:large","max-video-preview":"max-video-preview:-1"},"canonical":"https:\/\/noti-america.com\/site\/peru\/2026\/04\/28\/cusco-fue-el-escenario-para-lanzamiento-del-plan-2026-de-muni-segura\/","og_locale":"es_ES","og_type":"article","og_title":"CUSCO FUE EL ESCENARIO PARA LANZAMIENTO DEL PLAN 2026 DE MUNI SEGURA","og_description":"NOTI-AM\u00c9RICA PER\u00da Por Geomar Pacheco Rivera La Superintendencia Nacional de Fiscalizaci\u00f3n Laboral (Sunafil) y la Autoridad Nacional del Servicio Civil (Servir) lanzaron en la Municipalidad Distrital de San Sebasti\u00e1n, en Cusco, el Plan 2026&#46;&#46;&#46;","og_url":"https:\/\/noti-america.com\/site\/peru\/2026\/04\/28\/cusco-fue-el-escenario-para-lanzamiento-del-plan-2026-de-muni-segura\/","og_site_name":"Per\u00fa | Noti-America.com","article_published_time":"2026-04-28T05:20:08+00:00","og_image":[{"width":1600,"height":1066,"url":"https:\/\/noti-america.com\/site\/peru\/wp-content\/uploads\/sites\/8\/2026\/04\/WhatsApp-Image-2026-04-27-at-11.32.59-PM.jpeg","type":"image\/jpeg"}],"author":"Geomar Pacheco R.","twitter_card":"summary_large_image","twitter_creator":"@GeomarPacheco1","twitter_misc":{"Escrito por":"Geomar Pacheco R.","Tiempo estimado de lectura":"3 minutos"},"schema":{"@context":"https:\/\/schema.org","@graph":[{"@type":"Article","@id":"https:\/\/noti-america.com\/site\/peru\/2026\/04\/28\/cusco-fue-el-escenario-para-lanzamiento-del-plan-2026-de-muni-segura\/#article","isPartOf":{"@id":"https:\/\/noti-america.com\/site\/peru\/2026\/04\/28\/cusco-fue-el-escenario-para-lanzamiento-del-plan-2026-de-muni-segura\/"},"author":{"name":"Geomar Pacheco R.","@id":"https:\/\/noti-america.com\/site\/peru\/#\/schema\/person\/28a35f20383bf2485bc838bfe76aebdc"},"headline":"CUSCO FUE EL ESCENARIO PARA LANZAMIENTO DEL PLAN 2026 DE MUNI SEGURA","datePublished":"2026-04-28T05:20:08+00:00","mainEntityOfPage":{"@id":"https:\/\/noti-america.com\/site\/peru\/2026\/04\/28\/cusco-fue-el-escenario-para-lanzamiento-del-plan-2026-de-muni-segura\/"},"wordCount":416,"commentCount":0,"publisher":{"@id":"https:\/\/noti-america.com\/site\/peru\/#organization"},"image":{"@id":"https:\/\/noti-america.com\/site\/peru\/2026\/04\/28\/cusco-fue-el-escenario-para-lanzamiento-del-plan-2026-de-muni-segura\/#primaryimage"},"thumbnailUrl":"https:\/\/noti-america.com\/site\/peru\/wp-content\/uploads\/sites\/8\/2026\/04\/WhatsApp-Image-2026-04-27-at-11.32.59-PM.jpeg","articleSection":["Actualidad","Es Noticia en","Portadas"],"inLanguage":"es","potentialAction":[{"@type":"CommentAction","name":"Comment","target":["https:\/\/noti-america.com\/site\/peru\/2026\/04\/28\/cusco-fue-el-escenario-para-lanzamiento-del-plan-2026-de-muni-segura\/#respond"]}]},{"@type":"WebPage","@id":"https:\/\/noti-america.com\/site\/peru\/2026\/04\/28\/cusco-fue-el-escenario-para-lanzamiento-del-plan-2026-de-muni-segura\/","url":"https:\/\/noti-america.com\/site\/peru\/2026\/04\/28\/cusco-fue-el-escenario-para-lanzamiento-del-plan-2026-de-muni-segura\/","name":"CUSCO FUE EL ESCENARIO PARA LANZAMIENTO DEL PLAN 2026 DE MUNI SEGURA - Per\u00fa | Noti-America.com","isPartOf":{"@id":"https:\/\/noti-america.com\/site\/peru\/#website"},"primaryImageOfPage":{"@id":"https:\/\/noti-america.com\/site\/peru\/2026\/04\/28\/cusco-fue-el-escenario-para-lanzamiento-del-plan-2026-de-muni-segura\/#primaryimage"},"image":{"@id":"https:\/\/noti-america.com\/site\/peru\/2026\/04\/28\/cusco-fue-el-escenario-para-lanzamiento-del-plan-2026-de-muni-segura\/#primaryimage"},"thumbnailUrl":"https:\/\/noti-america.com\/site\/peru\/wp-content\/uploads\/sites\/8\/2026\/04\/WhatsApp-Image-2026-04-27-at-11.32.59-PM.jpeg","datePublished":"2026-04-28T05:20:08+00:00","breadcrumb":{"@id":"https:\/\/noti-america.com\/site\/peru\/2026\/04\/28\/cusco-fue-el-escenario-para-lanzamiento-del-plan-2026-de-muni-segura\/#breadcrumb"},"inLanguage":"es","potentialAction":[{"@type":"ReadAction","target":["https:\/\/noti-america.com\/site\/peru\/2026\/04\/28\/cusco-fue-el-escenario-para-lanzamiento-del-plan-2026-de-muni-segura\/"]}]},{"@type":"ImageObject","inLanguage":"es","@id":"https:\/\/noti-america.com\/site\/peru\/2026\/04\/28\/cusco-fue-el-escenario-para-lanzamiento-del-plan-2026-de-muni-segura\/#primaryimage","url":"https:\/\/noti-america.com\/site\/peru\/wp-content\/uploads\/sites\/8\/2026\/04\/WhatsApp-Image-2026-04-27-at-11.32.59-PM.jpeg","contentUrl":"https:\/\/noti-america.com\/site\/peru\/wp-content\/uploads\/sites\/8\/2026\/04\/WhatsApp-Image-2026-04-27-at-11.32.59-PM.jpeg","width":1600,"height":1066,"caption":"Fotos: ANDINA\/Difusi\u00f3n"},{"@type":"BreadcrumbList","@id":"https:\/\/noti-america.com\/site\/peru\/2026\/04\/28\/cusco-fue-el-escenario-para-lanzamiento-del-plan-2026-de-muni-segura\/#breadcrumb","itemListElement":[{"@type":"ListItem","position":1,"name":"Portada","item":"https:\/\/noti-america.com\/site\/peru\/"},{"@type":"ListItem","position":2,"name":"CUSCO FUE EL ESCENARIO PARA LANZAMIENTO DEL PLAN 2026 DE MUNI SEGURA"}]},{"@type":"WebSite","@id":"https:\/\/noti-america.com\/site\/peru\/#website","url":"https:\/\/noti-america.com\/site\/peru\/","name":"Per\u00fa | Noti-America.com","description":"","publisher":{"@id":"https:\/\/noti-america.com\/site\/peru\/#organization"},"potentialAction":[{"@type":"SearchAction","target":{"@type":"EntryPoint","urlTemplate":"https:\/\/noti-america.com\/site\/peru\/?s={search_term_string}"},"query-input":{"@type":"PropertyValueSpecification","valueRequired":true,"valueName":"search_term_string"}}],"inLanguage":"es"},{"@type":"Organization","@id":"https:\/\/noti-america.com\/site\/peru\/#organization","name":"Noti-America LLC | Per\u00fa","url":"https:\/\/noti-america.com\/site\/peru\/","logo":{"@type":"ImageObject","inLanguage":"es","@id":"https:\/\/noti-america.com\/site\/peru\/#\/schema\/logo\/image\/","url":"https:\/\/noti-america.com\/site\/peru\/wp-content\/uploads\/sites\/8\/2020\/07\/LogoNA-4x3-1.jpg","contentUrl":"https:\/\/noti-america.com\/site\/peru\/wp-content\/uploads\/sites\/8\/2020\/07\/LogoNA-4x3-1.jpg","width":1236,"height":1080,"caption":"Noti-America LLC | Per\u00fa"},"image":{"@id":"https:\/\/noti-america.com\/site\/peru\/#\/schema\/logo\/image\/"}},{"@type":"Person","@id":"https:\/\/noti-america.com\/site\/peru\/#\/schema\/person\/28a35f20383bf2485bc838bfe76aebdc","name":"Geomar Pacheco R.","image":{"@type":"ImageObject","inLanguage":"es","@id":"https:\/\/secure.gravatar.com\/avatar\/5f09cb527f9632e92234c6fc6e2cbcefebeed6bdeb0f9129ea4cbc7aa71587c6?s=96&d=mm&r=g","url":"https:\/\/secure.gravatar.com\/avatar\/5f09cb527f9632e92234c6fc6e2cbcefebeed6bdeb0f9129ea4cbc7aa71587c6?s=96&d=mm&r=g","contentUrl":"https:\/\/secure.gravatar.com\/avatar\/5f09cb527f9632e92234c6fc6e2cbcefebeed6bdeb0f9129ea4cbc7aa71587c6?s=96&d=mm&r=g","caption":"Geomar Pacheco R."},"sameAs":["https:\/\/x.com\/GeomarPacheco1"],"url":"https:\/\/noti-america.com\/site\/peru\/author\/gpacheco\/"}]}},"_links":{"self":[{"href":"https:\/\/noti-america.com\/site\/peru\/wp-json\/wp\/v2\/posts\/9923","targetHints":{"allow":["GET"]}}],"collection":[{"href":"https:\/\/noti-america.com\/site\/peru\/wp-json\/wp\/v2\/posts"}],"about":[{"href":"https:\/\/noti-america.com\/site\/peru\/wp-json\/wp\/v2\/types\/post"}],"author":[{"embeddable":true,"href":"https:\/\/noti-america.com\/site\/peru\/wp-json\/wp\/v2\/users\/70"}],"replies":[{"embeddable":true,"href":"https:\/\/noti-america.com\/site\/peru\/wp-json\/wp\/v2\/comments?post=9923"}],"version-history":[{"count":1,"href":"https:\/\/noti-america.com\/site\/peru\/wp-json\/wp\/v2\/posts\/9923\/revisions"}],"predecessor-version":[{"id":9927,"href":"https:\/\/noti-america.com\/site\/peru\/wp-json\/wp\/v2\/posts\/9923\/revisions\/9927"}],"wp:featuredmedia":[{"embeddable":true,"href":"https:\/\/noti-america.com\/site\/peru\/wp-json\/wp\/v2\/media\/9924"}],"wp:attachment":[{"href":"https:\/\/noti-america.com\/site\/peru\/wp-json\/wp\/v2\/media?parent=9923"}],"wp:term":[{"taxonomy":"category","embeddable":true,"href":"https:\/\/noti-america.com\/site\/peru\/wp-json\/wp\/v2\/categories?post=9923"},{"taxonomy":"post_tag","embeddable":true,"href":"https:\/\/noti-america.com\/site\/peru\/wp-json\/wp\/v2\/tags?post=9923"}],"curies":[{"name":"wp","href":"https:\/\/api.w.org\/{rel}","templated":true}]}}