{"id":9911,"date":"2026-04-27T05:02:09","date_gmt":"2026-04-27T05:02:09","guid":{"rendered":"https:\/\/noti-america.com\/site\/peru\/?p=9911"},"modified":"2026-04-27T05:02:09","modified_gmt":"2026-04-27T05:02:09","slug":"espectacular-xviii-festival-aereo-en-las-palmas-2026","status":"publish","type":"post","link":"https:\/\/noti-america.com\/site\/peru\/2026\/04\/27\/espectacular-xviii-festival-aereo-en-las-palmas-2026\/","title":{"rendered":"ESPECTACULAR XVIII FESTIVAL A\u00c9REO EN LAS PALMAS 2026"},"content":{"rendered":"<p style=\"text-align: justify\"><strong>NOTI-AM\u00c9RICA PER\u00da<\/strong><\/p>\n<p style=\"text-align: justify\">\n<p style=\"text-align: right\"><strong>Geomar Pacheco Rivera<\/strong><\/p>\n<p style=\"text-align: justify\">\n<p style=\"text-align: justify\"><span style=\"font-weight: 400\">M\u00e1s de 100 mil personas participaron en el XVIII Festival A\u00e9reo BALP Lima 2026, realizado el fin de semana en la Base A\u00e9rea Las Palmas, en una jornada que permiti\u00f3 acercar las capacidades operativas de la Fuerza A\u00e9rea del Per\u00fa (FAP) a la ciudadan\u00eda.<\/span><\/p>\n<p style=\"text-align: justify\">\n<p style=\"text-align: justify\"><span style=\"font-weight: 400\">El evento se consolid\u00f3 como un espacio de integraci\u00f3n donde la ciudadan\u00eda conoci\u00f3 de cerca el trabajo que realiza la instituci\u00f3n al servicio del pa\u00eds.<\/span><\/p>\n<p style=\"text-align: justify\"><img loading=\"lazy\" decoding=\"async\" class=\"alignnone size-full wp-image-9912\" src=\"https:\/\/noti-america.com\/site\/peru\/wp-content\/uploads\/sites\/8\/2026\/04\/WhatsApp-Image-2026-04-26-at-9.49.30-PM.jpeg\" alt=\"\" width=\"1600\" height=\"1066\" srcset=\"https:\/\/noti-america.com\/site\/peru\/wp-content\/uploads\/sites\/8\/2026\/04\/WhatsApp-Image-2026-04-26-at-9.49.30-PM.jpeg 1600w, https:\/\/noti-america.com\/site\/peru\/wp-content\/uploads\/sites\/8\/2026\/04\/WhatsApp-Image-2026-04-26-at-9.49.30-PM-300x200.jpeg 300w, https:\/\/noti-america.com\/site\/peru\/wp-content\/uploads\/sites\/8\/2026\/04\/WhatsApp-Image-2026-04-26-at-9.49.30-PM-1024x682.jpeg 1024w, https:\/\/noti-america.com\/site\/peru\/wp-content\/uploads\/sites\/8\/2026\/04\/WhatsApp-Image-2026-04-26-at-9.49.30-PM-768x512.jpeg 768w, https:\/\/noti-america.com\/site\/peru\/wp-content\/uploads\/sites\/8\/2026\/04\/WhatsApp-Image-2026-04-26-at-9.49.30-PM-1536x1023.jpeg 1536w, https:\/\/noti-america.com\/site\/peru\/wp-content\/uploads\/sites\/8\/2026\/04\/WhatsApp-Image-2026-04-26-at-9.49.30-PM-272x182.jpeg 272w\" sizes=\"auto, (max-width: 1600px) 100vw, 1600px\" \/><\/p>\n<p style=\"text-align: justify\"><span style=\"font-weight: 400\">Durante la jornada, la FAP desarroll\u00f3 diversas demostraciones a\u00e9reas que evidenciaron su nivel de entrenamiento y respuesta operativa, incluyendo vuelos acrob\u00e1ticos, exhibiciones de aeronaves y simulaciones de misiones reales. Estas actividades permitieron mostrar, de manera did\u00e1ctica y din\u00e1mica, las competencias del personal militar en distintos escenarios.<\/span><\/p>\n<p style=\"text-align: justify\">\n<p style=\"text-align: justify\"><span style=\"font-weight: 400\">Uno de los momentos m\u00e1s representativos fue la demostraci\u00f3n de paracaidismo militar y operaciones de b\u00fasqueda y rescate, que reflejaron la preparaci\u00f3n del personal ante situaciones de emergencia.<\/span><\/p>\n<p style=\"text-align: justify\"><img loading=\"lazy\" decoding=\"async\" class=\"alignnone size-full wp-image-9913\" src=\"https:\/\/noti-america.com\/site\/peru\/wp-content\/uploads\/sites\/8\/2026\/04\/WhatsApp-Image-2026-04-26-at-9.50.54-PM.jpeg\" alt=\"\" width=\"1600\" height=\"1066\" srcset=\"https:\/\/noti-america.com\/site\/peru\/wp-content\/uploads\/sites\/8\/2026\/04\/WhatsApp-Image-2026-04-26-at-9.50.54-PM.jpeg 1600w, https:\/\/noti-america.com\/site\/peru\/wp-content\/uploads\/sites\/8\/2026\/04\/WhatsApp-Image-2026-04-26-at-9.50.54-PM-300x200.jpeg 300w, https:\/\/noti-america.com\/site\/peru\/wp-content\/uploads\/sites\/8\/2026\/04\/WhatsApp-Image-2026-04-26-at-9.50.54-PM-1024x682.jpeg 1024w, https:\/\/noti-america.com\/site\/peru\/wp-content\/uploads\/sites\/8\/2026\/04\/WhatsApp-Image-2026-04-26-at-9.50.54-PM-768x512.jpeg 768w, https:\/\/noti-america.com\/site\/peru\/wp-content\/uploads\/sites\/8\/2026\/04\/WhatsApp-Image-2026-04-26-at-9.50.54-PM-1536x1023.jpeg 1536w, https:\/\/noti-america.com\/site\/peru\/wp-content\/uploads\/sites\/8\/2026\/04\/WhatsApp-Image-2026-04-26-at-9.50.54-PM-272x182.jpeg 272w\" sizes=\"auto, (max-width: 1600px) 100vw, 1600px\" \/><\/p>\n<p>&nbsp;<\/p>\n<p style=\"text-align: justify\"><span style=\"font-weight: 400\">Estas exhibiciones no solo generaron gran expectativa entre los asistentes, sino que tambi\u00e9n contribuyeron a difundir el rol estrat\u00e9gico de la FAP en la defensa y apoyo a la poblaci\u00f3n.<\/span><\/p>\n<p style=\"text-align: justify\">\n<p style=\"text-align: justify\"><span style=\"font-weight: 400\">El p\u00fablico tuvo acceso a la exposici\u00f3n de equipamiento especializado utilizado en operaciones a\u00e9reas y de rescate, lo que permiti\u00f3 comprender mejor la complejidad y precisi\u00f3n del trabajo que desarrolla la instituci\u00f3n.<\/span><\/p>\n<div id=\"attachment_9914\" style=\"width: 1610px\" class=\"wp-caption alignnone\"><img loading=\"lazy\" decoding=\"async\" aria-describedby=\"caption-attachment-9914\" class=\"size-full wp-image-9914\" src=\"https:\/\/noti-america.com\/site\/peru\/wp-content\/uploads\/sites\/8\/2026\/04\/WhatsApp-Image-2026-04-26-at-9.52.54-PM.jpeg\" alt=\"\" width=\"1600\" height=\"1067\" srcset=\"https:\/\/noti-america.com\/site\/peru\/wp-content\/uploads\/sites\/8\/2026\/04\/WhatsApp-Image-2026-04-26-at-9.52.54-PM.jpeg 1600w, https:\/\/noti-america.com\/site\/peru\/wp-content\/uploads\/sites\/8\/2026\/04\/WhatsApp-Image-2026-04-26-at-9.52.54-PM-300x200.jpeg 300w, https:\/\/noti-america.com\/site\/peru\/wp-content\/uploads\/sites\/8\/2026\/04\/WhatsApp-Image-2026-04-26-at-9.52.54-PM-1024x683.jpeg 1024w, https:\/\/noti-america.com\/site\/peru\/wp-content\/uploads\/sites\/8\/2026\/04\/WhatsApp-Image-2026-04-26-at-9.52.54-PM-768x512.jpeg 768w, https:\/\/noti-america.com\/site\/peru\/wp-content\/uploads\/sites\/8\/2026\/04\/WhatsApp-Image-2026-04-26-at-9.52.54-PM-1536x1024.jpeg 1536w, https:\/\/noti-america.com\/site\/peru\/wp-content\/uploads\/sites\/8\/2026\/04\/WhatsApp-Image-2026-04-26-at-9.52.54-PM-272x182.jpeg 272w\" sizes=\"auto, (max-width: 1600px) 100vw, 1600px\" \/><p id=\"caption-attachment-9914\" class=\"wp-caption-text\">Fotos: ANDINA \/Carlos Am\u00e9rico Lezama Villantoy<\/p><\/div>\n<p style=\"text-align: justify\"><span style=\"font-weight: 400\">Con este tipo de actividades, el sector Defensa reafirma su compromiso de fortalecer el v\u00ednculo con la poblaci\u00f3n, promoviendo la cultura aeroespacial y difundiendo sus capacidades operativas.<\/span><\/p>\n","protected":false},"excerpt":{"rendered":"<p>NOTI-AM\u00c9RICA PER\u00da Geomar Pacheco Rivera M\u00e1s de 100 mil personas participaron en el XVIII Festival A\u00e9reo BALP Lima 2026, realizado el fin de semana en la Base A\u00e9rea Las Palmas, en una jornada que&#46;&#46;&#46;<\/p>\n","protected":false},"author":70,"featured_media":9914,"comment_status":"open","ping_status":"open","sticky":false,"template":"","format":"standard","meta":{"_acf_changed":false,"rop_custom_images_group":[],"rop_custom_messages_group":[],"rop_publish_now":"no","rop_publish_now_accounts":{"twitter_242054905_242054905":""},"rop_publish_now_history":[{"account":"twitter_242054905_242054905","service":"twitter","timestamp":1777266175,"status":"error"}],"rop_publish_now_status":"done","footnotes":""},"categories":[268,117,235],"tags":[],"class_list":["post-9911","post","type-post","status-publish","format-standard","has-post-thumbnail","hentry","category-acturalidad","category-es-noticia-en","category-nacional"],"acf":[],"yoast_head":"<!-- This site is optimized with the Yoast SEO Premium plugin v24.9 (Yoast SEO v27.2) - https:\/\/yoast.com\/product\/yoast-seo-premium-wordpress\/ -->\n<title>ESPECTACULAR XVIII FESTIVAL A\u00c9REO EN LAS PALMAS 2026 - Per\u00fa | Noti-America.com<\/title>\n<meta name=\"robots\" content=\"index, follow, max-snippet:-1, max-image-preview:large, max-video-preview:-1\" \/>\n<link rel=\"canonical\" href=\"https:\/\/noti-america.com\/site\/peru\/2026\/04\/27\/espectacular-xviii-festival-aereo-en-las-palmas-2026\/\" \/>\n<meta property=\"og:locale\" content=\"es_ES\" \/>\n<meta property=\"og:type\" content=\"article\" \/>\n<meta property=\"og:title\" content=\"ESPECTACULAR XVIII FESTIVAL A\u00c9REO EN LAS PALMAS 2026\" \/>\n<meta property=\"og:description\" content=\"NOTI-AM\u00c9RICA PER\u00da Geomar Pacheco Rivera M\u00e1s de 100 mil personas participaron en el XVIII Festival A\u00e9reo BALP Lima 2026, realizado el fin de semana en la Base A\u00e9rea Las Palmas, en una jornada que&#046;&#046;&#046;\" \/>\n<meta property=\"og:url\" content=\"https:\/\/noti-america.com\/site\/peru\/2026\/04\/27\/espectacular-xviii-festival-aereo-en-las-palmas-2026\/\" \/>\n<meta property=\"og:site_name\" content=\"Per\u00fa | Noti-America.com\" \/>\n<meta property=\"article:published_time\" content=\"2026-04-27T05:02:09+00:00\" \/>\n<meta property=\"og:image\" content=\"https:\/\/noti-america.com\/site\/peru\/wp-content\/uploads\/sites\/8\/2026\/04\/WhatsApp-Image-2026-04-26-at-9.52.54-PM.jpeg\" \/>\n\t<meta property=\"og:image:width\" content=\"1600\" \/>\n\t<meta property=\"og:image:height\" content=\"1067\" \/>\n\t<meta property=\"og:image:type\" content=\"image\/jpeg\" \/>\n<meta name=\"author\" content=\"Geomar Pacheco R.\" \/>\n<meta name=\"twitter:card\" content=\"summary_large_image\" \/>\n<meta name=\"twitter:creator\" content=\"@GeomarPacheco1\" \/>\n<meta name=\"twitter:label1\" content=\"Escrito por\" \/>\n\t<meta name=\"twitter:data1\" content=\"Geomar Pacheco R.\" \/>\n\t<meta name=\"twitter:label2\" content=\"Tiempo estimado de lectura\" \/>\n\t<meta name=\"twitter:data2\" content=\"2 minutos\" \/>\n<script type=\"application\/ld+json\" class=\"yoast-schema-graph\">{\"@context\":\"https:\/\/schema.org\",\"@graph\":[{\"@type\":\"Article\",\"@id\":\"https:\/\/noti-america.com\/site\/peru\/2026\/04\/27\/espectacular-xviii-festival-aereo-en-las-palmas-2026\/#article\",\"isPartOf\":{\"@id\":\"https:\/\/noti-america.com\/site\/peru\/2026\/04\/27\/espectacular-xviii-festival-aereo-en-las-palmas-2026\/\"},\"author\":{\"name\":\"Geomar Pacheco R.\",\"@id\":\"https:\/\/noti-america.com\/site\/peru\/#\/schema\/person\/28a35f20383bf2485bc838bfe76aebdc\"},\"headline\":\"ESPECTACULAR XVIII FESTIVAL A\u00c9REO EN LAS PALMAS 2026\",\"datePublished\":\"2026-04-27T05:02:09+00:00\",\"mainEntityOfPage\":{\"@id\":\"https:\/\/noti-america.com\/site\/peru\/2026\/04\/27\/espectacular-xviii-festival-aereo-en-las-palmas-2026\/\"},\"wordCount\":286,\"commentCount\":0,\"publisher\":{\"@id\":\"https:\/\/noti-america.com\/site\/peru\/#organization\"},\"image\":{\"@id\":\"https:\/\/noti-america.com\/site\/peru\/2026\/04\/27\/espectacular-xviii-festival-aereo-en-las-palmas-2026\/#primaryimage\"},\"thumbnailUrl\":\"https:\/\/noti-america.com\/site\/peru\/wp-content\/uploads\/sites\/8\/2026\/04\/WhatsApp-Image-2026-04-26-at-9.52.54-PM.jpeg\",\"articleSection\":[\"Actualidad\",\"Es Noticia en\",\"Nacional\"],\"inLanguage\":\"es\",\"potentialAction\":[{\"@type\":\"CommentAction\",\"name\":\"Comment\",\"target\":[\"https:\/\/noti-america.com\/site\/peru\/2026\/04\/27\/espectacular-xviii-festival-aereo-en-las-palmas-2026\/#respond\"]}]},{\"@type\":\"WebPage\",\"@id\":\"https:\/\/noti-america.com\/site\/peru\/2026\/04\/27\/espectacular-xviii-festival-aereo-en-las-palmas-2026\/\",\"url\":\"https:\/\/noti-america.com\/site\/peru\/2026\/04\/27\/espectacular-xviii-festival-aereo-en-las-palmas-2026\/\",\"name\":\"ESPECTACULAR XVIII FESTIVAL A\u00c9REO EN LAS PALMAS 2026 - Per\u00fa | Noti-America.com\",\"isPartOf\":{\"@id\":\"https:\/\/noti-america.com\/site\/peru\/#website\"},\"primaryImageOfPage\":{\"@id\":\"https:\/\/noti-america.com\/site\/peru\/2026\/04\/27\/espectacular-xviii-festival-aereo-en-las-palmas-2026\/#primaryimage\"},\"image\":{\"@id\":\"https:\/\/noti-america.com\/site\/peru\/2026\/04\/27\/espectacular-xviii-festival-aereo-en-las-palmas-2026\/#primaryimage\"},\"thumbnailUrl\":\"https:\/\/noti-america.com\/site\/peru\/wp-content\/uploads\/sites\/8\/2026\/04\/WhatsApp-Image-2026-04-26-at-9.52.54-PM.jpeg\",\"datePublished\":\"2026-04-27T05:02:09+00:00\",\"breadcrumb\":{\"@id\":\"https:\/\/noti-america.com\/site\/peru\/2026\/04\/27\/espectacular-xviii-festival-aereo-en-las-palmas-2026\/#breadcrumb\"},\"inLanguage\":\"es\",\"potentialAction\":[{\"@type\":\"ReadAction\",\"target\":[\"https:\/\/noti-america.com\/site\/peru\/2026\/04\/27\/espectacular-xviii-festival-aereo-en-las-palmas-2026\/\"]}]},{\"@type\":\"ImageObject\",\"inLanguage\":\"es\",\"@id\":\"https:\/\/noti-america.com\/site\/peru\/2026\/04\/27\/espectacular-xviii-festival-aereo-en-las-palmas-2026\/#primaryimage\",\"url\":\"https:\/\/noti-america.com\/site\/peru\/wp-content\/uploads\/sites\/8\/2026\/04\/WhatsApp-Image-2026-04-26-at-9.52.54-PM.jpeg\",\"contentUrl\":\"https:\/\/noti-america.com\/site\/peru\/wp-content\/uploads\/sites\/8\/2026\/04\/WhatsApp-Image-2026-04-26-at-9.52.54-PM.jpeg\",\"width\":1600,\"height\":1067,\"caption\":\"Fotos: ANDINA \/Carlos Am\u00e9rico Lezama Villantoy\"},{\"@type\":\"BreadcrumbList\",\"@id\":\"https:\/\/noti-america.com\/site\/peru\/2026\/04\/27\/espectacular-xviii-festival-aereo-en-las-palmas-2026\/#breadcrumb\",\"itemListElement\":[{\"@type\":\"ListItem\",\"position\":1,\"name\":\"Portada\",\"item\":\"https:\/\/noti-america.com\/site\/peru\/\"},{\"@type\":\"ListItem\",\"position\":2,\"name\":\"ESPECTACULAR XVIII FESTIVAL A\u00c9REO EN LAS PALMAS 2026\"}]},{\"@type\":\"WebSite\",\"@id\":\"https:\/\/noti-america.com\/site\/peru\/#website\",\"url\":\"https:\/\/noti-america.com\/site\/peru\/\",\"name\":\"Per\u00fa | Noti-America.com\",\"description\":\"\",\"publisher\":{\"@id\":\"https:\/\/noti-america.com\/site\/peru\/#organization\"},\"potentialAction\":[{\"@type\":\"SearchAction\",\"target\":{\"@type\":\"EntryPoint\",\"urlTemplate\":\"https:\/\/noti-america.com\/site\/peru\/?s={search_term_string}\"},\"query-input\":{\"@type\":\"PropertyValueSpecification\",\"valueRequired\":true,\"valueName\":\"search_term_string\"}}],\"inLanguage\":\"es\"},{\"@type\":\"Organization\",\"@id\":\"https:\/\/noti-america.com\/site\/peru\/#organization\",\"name\":\"Noti-America LLC | Per\u00fa\",\"url\":\"https:\/\/noti-america.com\/site\/peru\/\",\"logo\":{\"@type\":\"ImageObject\",\"inLanguage\":\"es\",\"@id\":\"https:\/\/noti-america.com\/site\/peru\/#\/schema\/logo\/image\/\",\"url\":\"https:\/\/noti-america.com\/site\/peru\/wp-content\/uploads\/sites\/8\/2020\/07\/LogoNA-4x3-1.jpg\",\"contentUrl\":\"https:\/\/noti-america.com\/site\/peru\/wp-content\/uploads\/sites\/8\/2020\/07\/LogoNA-4x3-1.jpg\",\"width\":1236,\"height\":1080,\"caption\":\"Noti-America LLC | Per\u00fa\"},\"image\":{\"@id\":\"https:\/\/noti-america.com\/site\/peru\/#\/schema\/logo\/image\/\"}},{\"@type\":\"Person\",\"@id\":\"https:\/\/noti-america.com\/site\/peru\/#\/schema\/person\/28a35f20383bf2485bc838bfe76aebdc\",\"name\":\"Geomar Pacheco R.\",\"image\":{\"@type\":\"ImageObject\",\"inLanguage\":\"es\",\"@id\":\"https:\/\/secure.gravatar.com\/avatar\/5f09cb527f9632e92234c6fc6e2cbcefebeed6bdeb0f9129ea4cbc7aa71587c6?s=96&d=mm&r=g\",\"url\":\"https:\/\/secure.gravatar.com\/avatar\/5f09cb527f9632e92234c6fc6e2cbcefebeed6bdeb0f9129ea4cbc7aa71587c6?s=96&d=mm&r=g\",\"contentUrl\":\"https:\/\/secure.gravatar.com\/avatar\/5f09cb527f9632e92234c6fc6e2cbcefebeed6bdeb0f9129ea4cbc7aa71587c6?s=96&d=mm&r=g\",\"caption\":\"Geomar Pacheco R.\"},\"sameAs\":[\"https:\/\/x.com\/GeomarPacheco1\"],\"url\":\"https:\/\/noti-america.com\/site\/peru\/author\/gpacheco\/\"}]}<\/script>\n<!-- \/ Yoast SEO Premium plugin. -->","yoast_head_json":{"title":"ESPECTACULAR XVIII FESTIVAL A\u00c9REO EN LAS PALMAS 2026 - Per\u00fa | Noti-America.com","robots":{"index":"index","follow":"follow","max-snippet":"max-snippet:-1","max-image-preview":"max-image-preview:large","max-video-preview":"max-video-preview:-1"},"canonical":"https:\/\/noti-america.com\/site\/peru\/2026\/04\/27\/espectacular-xviii-festival-aereo-en-las-palmas-2026\/","og_locale":"es_ES","og_type":"article","og_title":"ESPECTACULAR XVIII FESTIVAL A\u00c9REO EN LAS PALMAS 2026","og_description":"NOTI-AM\u00c9RICA PER\u00da Geomar Pacheco Rivera M\u00e1s de 100 mil personas participaron en el XVIII Festival A\u00e9reo BALP Lima 2026, realizado el fin de semana en la Base A\u00e9rea Las Palmas, en una jornada que&#46;&#46;&#46;","og_url":"https:\/\/noti-america.com\/site\/peru\/2026\/04\/27\/espectacular-xviii-festival-aereo-en-las-palmas-2026\/","og_site_name":"Per\u00fa | Noti-America.com","article_published_time":"2026-04-27T05:02:09+00:00","og_image":[{"width":1600,"height":1067,"url":"https:\/\/noti-america.com\/site\/peru\/wp-content\/uploads\/sites\/8\/2026\/04\/WhatsApp-Image-2026-04-26-at-9.52.54-PM.jpeg","type":"image\/jpeg"}],"author":"Geomar Pacheco R.","twitter_card":"summary_large_image","twitter_creator":"@GeomarPacheco1","twitter_misc":{"Escrito por":"Geomar Pacheco R.","Tiempo estimado de lectura":"2 minutos"},"schema":{"@context":"https:\/\/schema.org","@graph":[{"@type":"Article","@id":"https:\/\/noti-america.com\/site\/peru\/2026\/04\/27\/espectacular-xviii-festival-aereo-en-las-palmas-2026\/#article","isPartOf":{"@id":"https:\/\/noti-america.com\/site\/peru\/2026\/04\/27\/espectacular-xviii-festival-aereo-en-las-palmas-2026\/"},"author":{"name":"Geomar Pacheco R.","@id":"https:\/\/noti-america.com\/site\/peru\/#\/schema\/person\/28a35f20383bf2485bc838bfe76aebdc"},"headline":"ESPECTACULAR XVIII FESTIVAL A\u00c9REO EN LAS PALMAS 2026","datePublished":"2026-04-27T05:02:09+00:00","mainEntityOfPage":{"@id":"https:\/\/noti-america.com\/site\/peru\/2026\/04\/27\/espectacular-xviii-festival-aereo-en-las-palmas-2026\/"},"wordCount":286,"commentCount":0,"publisher":{"@id":"https:\/\/noti-america.com\/site\/peru\/#organization"},"image":{"@id":"https:\/\/noti-america.com\/site\/peru\/2026\/04\/27\/espectacular-xviii-festival-aereo-en-las-palmas-2026\/#primaryimage"},"thumbnailUrl":"https:\/\/noti-america.com\/site\/peru\/wp-content\/uploads\/sites\/8\/2026\/04\/WhatsApp-Image-2026-04-26-at-9.52.54-PM.jpeg","articleSection":["Actualidad","Es Noticia en","Nacional"],"inLanguage":"es","potentialAction":[{"@type":"CommentAction","name":"Comment","target":["https:\/\/noti-america.com\/site\/peru\/2026\/04\/27\/espectacular-xviii-festival-aereo-en-las-palmas-2026\/#respond"]}]},{"@type":"WebPage","@id":"https:\/\/noti-america.com\/site\/peru\/2026\/04\/27\/espectacular-xviii-festival-aereo-en-las-palmas-2026\/","url":"https:\/\/noti-america.com\/site\/peru\/2026\/04\/27\/espectacular-xviii-festival-aereo-en-las-palmas-2026\/","name":"ESPECTACULAR XVIII FESTIVAL A\u00c9REO EN LAS PALMAS 2026 - Per\u00fa | Noti-America.com","isPartOf":{"@id":"https:\/\/noti-america.com\/site\/peru\/#website"},"primaryImageOfPage":{"@id":"https:\/\/noti-america.com\/site\/peru\/2026\/04\/27\/espectacular-xviii-festival-aereo-en-las-palmas-2026\/#primaryimage"},"image":{"@id":"https:\/\/noti-america.com\/site\/peru\/2026\/04\/27\/espectacular-xviii-festival-aereo-en-las-palmas-2026\/#primaryimage"},"thumbnailUrl":"https:\/\/noti-america.com\/site\/peru\/wp-content\/uploads\/sites\/8\/2026\/04\/WhatsApp-Image-2026-04-26-at-9.52.54-PM.jpeg","datePublished":"2026-04-27T05:02:09+00:00","breadcrumb":{"@id":"https:\/\/noti-america.com\/site\/peru\/2026\/04\/27\/espectacular-xviii-festival-aereo-en-las-palmas-2026\/#breadcrumb"},"inLanguage":"es","potentialAction":[{"@type":"ReadAction","target":["https:\/\/noti-america.com\/site\/peru\/2026\/04\/27\/espectacular-xviii-festival-aereo-en-las-palmas-2026\/"]}]},{"@type":"ImageObject","inLanguage":"es","@id":"https:\/\/noti-america.com\/site\/peru\/2026\/04\/27\/espectacular-xviii-festival-aereo-en-las-palmas-2026\/#primaryimage","url":"https:\/\/noti-america.com\/site\/peru\/wp-content\/uploads\/sites\/8\/2026\/04\/WhatsApp-Image-2026-04-26-at-9.52.54-PM.jpeg","contentUrl":"https:\/\/noti-america.com\/site\/peru\/wp-content\/uploads\/sites\/8\/2026\/04\/WhatsApp-Image-2026-04-26-at-9.52.54-PM.jpeg","width":1600,"height":1067,"caption":"Fotos: ANDINA \/Carlos Am\u00e9rico Lezama Villantoy"},{"@type":"BreadcrumbList","@id":"https:\/\/noti-america.com\/site\/peru\/2026\/04\/27\/espectacular-xviii-festival-aereo-en-las-palmas-2026\/#breadcrumb","itemListElement":[{"@type":"ListItem","position":1,"name":"Portada","item":"https:\/\/noti-america.com\/site\/peru\/"},{"@type":"ListItem","position":2,"name":"ESPECTACULAR XVIII FESTIVAL A\u00c9REO EN LAS PALMAS 2026"}]},{"@type":"WebSite","@id":"https:\/\/noti-america.com\/site\/peru\/#website","url":"https:\/\/noti-america.com\/site\/peru\/","name":"Per\u00fa | Noti-America.com","description":"","publisher":{"@id":"https:\/\/noti-america.com\/site\/peru\/#organization"},"potentialAction":[{"@type":"SearchAction","target":{"@type":"EntryPoint","urlTemplate":"https:\/\/noti-america.com\/site\/peru\/?s={search_term_string}"},"query-input":{"@type":"PropertyValueSpecification","valueRequired":true,"valueName":"search_term_string"}}],"inLanguage":"es"},{"@type":"Organization","@id":"https:\/\/noti-america.com\/site\/peru\/#organization","name":"Noti-America LLC | Per\u00fa","url":"https:\/\/noti-america.com\/site\/peru\/","logo":{"@type":"ImageObject","inLanguage":"es","@id":"https:\/\/noti-america.com\/site\/peru\/#\/schema\/logo\/image\/","url":"https:\/\/noti-america.com\/site\/peru\/wp-content\/uploads\/sites\/8\/2020\/07\/LogoNA-4x3-1.jpg","contentUrl":"https:\/\/noti-america.com\/site\/peru\/wp-content\/uploads\/sites\/8\/2020\/07\/LogoNA-4x3-1.jpg","width":1236,"height":1080,"caption":"Noti-America LLC | Per\u00fa"},"image":{"@id":"https:\/\/noti-america.com\/site\/peru\/#\/schema\/logo\/image\/"}},{"@type":"Person","@id":"https:\/\/noti-america.com\/site\/peru\/#\/schema\/person\/28a35f20383bf2485bc838bfe76aebdc","name":"Geomar Pacheco R.","image":{"@type":"ImageObject","inLanguage":"es","@id":"https:\/\/secure.gravatar.com\/avatar\/5f09cb527f9632e92234c6fc6e2cbcefebeed6bdeb0f9129ea4cbc7aa71587c6?s=96&d=mm&r=g","url":"https:\/\/secure.gravatar.com\/avatar\/5f09cb527f9632e92234c6fc6e2cbcefebeed6bdeb0f9129ea4cbc7aa71587c6?s=96&d=mm&r=g","contentUrl":"https:\/\/secure.gravatar.com\/avatar\/5f09cb527f9632e92234c6fc6e2cbcefebeed6bdeb0f9129ea4cbc7aa71587c6?s=96&d=mm&r=g","caption":"Geomar Pacheco R."},"sameAs":["https:\/\/x.com\/GeomarPacheco1"],"url":"https:\/\/noti-america.com\/site\/peru\/author\/gpacheco\/"}]}},"_links":{"self":[{"href":"https:\/\/noti-america.com\/site\/peru\/wp-json\/wp\/v2\/posts\/9911","targetHints":{"allow":["GET"]}}],"collection":[{"href":"https:\/\/noti-america.com\/site\/peru\/wp-json\/wp\/v2\/posts"}],"about":[{"href":"https:\/\/noti-america.com\/site\/peru\/wp-json\/wp\/v2\/types\/post"}],"author":[{"embeddable":true,"href":"https:\/\/noti-america.com\/site\/peru\/wp-json\/wp\/v2\/users\/70"}],"replies":[{"embeddable":true,"href":"https:\/\/noti-america.com\/site\/peru\/wp-json\/wp\/v2\/comments?post=9911"}],"version-history":[{"count":1,"href":"https:\/\/noti-america.com\/site\/peru\/wp-json\/wp\/v2\/posts\/9911\/revisions"}],"predecessor-version":[{"id":9915,"href":"https:\/\/noti-america.com\/site\/peru\/wp-json\/wp\/v2\/posts\/9911\/revisions\/9915"}],"wp:featuredmedia":[{"embeddable":true,"href":"https:\/\/noti-america.com\/site\/peru\/wp-json\/wp\/v2\/media\/9914"}],"wp:attachment":[{"href":"https:\/\/noti-america.com\/site\/peru\/wp-json\/wp\/v2\/media?parent=9911"}],"wp:term":[{"taxonomy":"category","embeddable":true,"href":"https:\/\/noti-america.com\/site\/peru\/wp-json\/wp\/v2\/categories?post=9911"},{"taxonomy":"post_tag","embeddable":true,"href":"https:\/\/noti-america.com\/site\/peru\/wp-json\/wp\/v2\/tags?post=9911"}],"curies":[{"name":"wp","href":"https:\/\/api.w.org\/{rel}","templated":true}]}}