{"id":9901,"date":"2026-04-25T04:34:09","date_gmt":"2026-04-25T04:34:09","guid":{"rendered":"https:\/\/noti-america.com\/site\/peru\/?p=9901"},"modified":"2026-04-25T04:34:09","modified_gmt":"2026-04-25T04:34:09","slug":"peruanos-atentos-a-las-investigaciones-y-al-jurado-nacional-de-elecciones","status":"publish","type":"post","link":"https:\/\/noti-america.com\/site\/peru\/2026\/04\/25\/peruanos-atentos-a-las-investigaciones-y-al-jurado-nacional-de-elecciones\/","title":{"rendered":"PERUANOS ATENTOS A LAS INVESTIGACIONES Y AL JURADO NACIONAL DE ELECCIONES"},"content":{"rendered":"<p style=\"text-align: justify\">\n<p style=\"text-align: justify\"><strong>NOTI-AM\u00c9RICA PER\u00da<\/strong><\/p>\n<p style=\"text-align: justify\">\n<p style=\"text-align: right\"><strong>Por Geomar Pacheco Rivera<\/strong><\/p>\n<p style=\"text-align: justify\">\n<p style=\"text-align: justify\">\n<p style=\"text-align: justify\">El exjefe de la Oficina Nacional de Procesos Electorales (ONPE), Piero Alessandro Corvetto Salinas, pas\u00f3 a calidad de investigado en una pesquisa del Ministerio P\u00fablico por presuntas irregularidades en las elecciones del 12 de abril, relacionadas con la contrataci\u00f3n de servicios y la afectaci\u00f3n el derecho al voto de miles de ciudadanos.<\/p>\n<p style=\"text-align: justify\"><img loading=\"lazy\" decoding=\"async\" class=\"alignnone size-full wp-image-9902\" src=\"https:\/\/noti-america.com\/site\/peru\/wp-content\/uploads\/sites\/8\/2026\/04\/IMG-20260206-WA00011.jpg\" alt=\"\" width=\"1600\" height=\"1066\" srcset=\"https:\/\/noti-america.com\/site\/peru\/wp-content\/uploads\/sites\/8\/2026\/04\/IMG-20260206-WA00011.jpg 1600w, https:\/\/noti-america.com\/site\/peru\/wp-content\/uploads\/sites\/8\/2026\/04\/IMG-20260206-WA00011-300x200.jpg 300w, https:\/\/noti-america.com\/site\/peru\/wp-content\/uploads\/sites\/8\/2026\/04\/IMG-20260206-WA00011-1024x682.jpg 1024w, https:\/\/noti-america.com\/site\/peru\/wp-content\/uploads\/sites\/8\/2026\/04\/IMG-20260206-WA00011-768x512.jpg 768w, https:\/\/noti-america.com\/site\/peru\/wp-content\/uploads\/sites\/8\/2026\/04\/IMG-20260206-WA00011-1536x1023.jpg 1536w, https:\/\/noti-america.com\/site\/peru\/wp-content\/uploads\/sites\/8\/2026\/04\/IMG-20260206-WA00011-272x182.jpg 272w\" sizes=\"auto, (max-width: 1600px) 100vw, 1600px\" \/><\/p>\n<p>&nbsp;<\/p>\n<p style=\"text-align: justify\">El Ministerio P\u00fablico sostiene que Corvetto Salinas habr\u00eda intervenido directamente en la contrataci\u00f3n de la empresa Servicios Generales G\u00e1laga S.A.C., encargada del servicio de transporte de carga para el despliegue y repliegue del material electoral.<\/p>\n<p style=\"text-align: justify\">\n<p style=\"text-align: justify\">De otra parte, el Jurado Nacional de Elecciones (JNE) fij\u00f3 el 7 de mayo pr\u00f3ximo como fecha l\u00edmite para que los Jurados Electorales Especiales (JEE) realicen las audiencias p\u00fablicas de recuento de votos.<\/p>\n<p style=\"text-align: justify\"><img loading=\"lazy\" decoding=\"async\" class=\"alignnone size-full wp-image-9903\" src=\"https:\/\/noti-america.com\/site\/peru\/wp-content\/uploads\/sites\/8\/2026\/04\/IMG-20260424-WA0082.jpg\" alt=\"\" width=\"1600\" height=\"1066\" srcset=\"https:\/\/noti-america.com\/site\/peru\/wp-content\/uploads\/sites\/8\/2026\/04\/IMG-20260424-WA0082.jpg 1600w, https:\/\/noti-america.com\/site\/peru\/wp-content\/uploads\/sites\/8\/2026\/04\/IMG-20260424-WA0082-300x200.jpg 300w, https:\/\/noti-america.com\/site\/peru\/wp-content\/uploads\/sites\/8\/2026\/04\/IMG-20260424-WA0082-1024x682.jpg 1024w, https:\/\/noti-america.com\/site\/peru\/wp-content\/uploads\/sites\/8\/2026\/04\/IMG-20260424-WA0082-768x512.jpg 768w, https:\/\/noti-america.com\/site\/peru\/wp-content\/uploads\/sites\/8\/2026\/04\/IMG-20260424-WA0082-1536x1023.jpg 1536w, https:\/\/noti-america.com\/site\/peru\/wp-content\/uploads\/sites\/8\/2026\/04\/IMG-20260424-WA0082-272x182.jpg 272w\" sizes=\"auto, (max-width: 1600px) 100vw, 1600px\" \/><\/p>\n<p>&nbsp;<\/p>\n<p style=\"text-align: justify\">Al fijar la fecha l\u00edmite para las audiencias de recuento de votos, el JNE pone en conocimiento dicho acuerdo de los Jurados Electorales Especiales, de la Oficina Nacional de Procesos Electorales, del Registro Nacional de Identificaci\u00f3n y Estado Civil (Reniec) y del Ministerio P\u00fablico.<\/p>\n<p style=\"text-align: justify\">\n<p style=\"text-align: justify\">Es necesario precisar que el pleno del JNE declar\u00f3, por unanimidad, inviable la realizaci\u00f3n de elecciones complementarias en el marco de las Elecciones Generales 2026.<\/p>\n<p style=\"text-align: justify\">\n<p style=\"text-align: justify\">En un comunicado, el m\u00e1ximo organismo electoral inform\u00f3 haber recibido solicitudes de diversos sectores pol\u00edticos orientadas a la convocatoria de \u201celecciones complementarias\u201d antes de la segunda vuelta presidencial, respecto de determinadas mesas y circunscripciones afectadas en Lima Metropolitana por el retraso del material electoral.<\/p>\n<p style=\"text-align: justify\"><img loading=\"lazy\" decoding=\"async\" class=\"alignnone size-full wp-image-9904\" src=\"https:\/\/noti-america.com\/site\/peru\/wp-content\/uploads\/sites\/8\/2026\/04\/IMG-20260424-WA0083.jpg\" alt=\"\" width=\"1081\" height=\"1351\" srcset=\"https:\/\/noti-america.com\/site\/peru\/wp-content\/uploads\/sites\/8\/2026\/04\/IMG-20260424-WA0083.jpg 1081w, https:\/\/noti-america.com\/site\/peru\/wp-content\/uploads\/sites\/8\/2026\/04\/IMG-20260424-WA0083-240x300.jpg 240w, https:\/\/noti-america.com\/site\/peru\/wp-content\/uploads\/sites\/8\/2026\/04\/IMG-20260424-WA0083-819x1024.jpg 819w, https:\/\/noti-america.com\/site\/peru\/wp-content\/uploads\/sites\/8\/2026\/04\/IMG-20260424-WA0083-768x960.jpg 768w\" sizes=\"auto, (max-width: 1081px) 100vw, 1081px\" \/><\/p>\n<p>&nbsp;<\/p>\n<p style=\"text-align: justify\">Como respuesta, el viernes 24 la ciudadan\u00eda se moviliz\u00f3 hacia la sede del m\u00e1ximo organismo electoral del Per\u00fa situada en el distrito de Jes\u00fas Mar\u00eda de nuestra capital.<\/p>\n","protected":false},"excerpt":{"rendered":"<p>NOTI-AM\u00c9RICA PER\u00da Por Geomar Pacheco Rivera El exjefe de la Oficina Nacional de Procesos Electorales (ONPE), Piero Alessandro Corvetto Salinas, pas\u00f3 a calidad de investigado en una pesquisa del Ministerio P\u00fablico por presuntas irregularidades&#46;&#46;&#46;<\/p>\n","protected":false},"author":70,"featured_media":9903,"comment_status":"open","ping_status":"open","sticky":false,"template":"","format":"standard","meta":{"_acf_changed":false,"rop_custom_images_group":[],"rop_custom_messages_group":[],"rop_publish_now":"no","rop_publish_now_accounts":{"twitter_242054905_242054905":""},"rop_publish_now_history":[{"account":"twitter_242054905_242054905","service":"twitter","timestamp":1777091680,"status":"error"}],"rop_publish_now_status":"done","footnotes":""},"categories":[268,279],"tags":[],"class_list":["post-9901","post","type-post","status-publish","format-standard","has-post-thumbnail","hentry","category-acturalidad","category-elecciones-peru-2026"],"acf":[],"yoast_head":"<!-- This site is optimized with the Yoast SEO Premium plugin v24.9 (Yoast SEO v27.2) - https:\/\/yoast.com\/product\/yoast-seo-premium-wordpress\/ -->\n<title>PERUANOS ATENTOS A LAS INVESTIGACIONES Y AL JURADO NACIONAL DE ELECCIONES - Per\u00fa | Noti-America.com<\/title>\n<meta name=\"robots\" content=\"index, follow, max-snippet:-1, max-image-preview:large, max-video-preview:-1\" \/>\n<link rel=\"canonical\" href=\"https:\/\/noti-america.com\/site\/peru\/2026\/04\/25\/peruanos-atentos-a-las-investigaciones-y-al-jurado-nacional-de-elecciones\/\" \/>\n<meta property=\"og:locale\" content=\"es_ES\" \/>\n<meta property=\"og:type\" content=\"article\" \/>\n<meta property=\"og:title\" content=\"PERUANOS ATENTOS A LAS INVESTIGACIONES Y AL JURADO NACIONAL DE ELECCIONES\" \/>\n<meta property=\"og:description\" content=\"NOTI-AM\u00c9RICA PER\u00da Por Geomar Pacheco Rivera El exjefe de la Oficina Nacional de Procesos Electorales (ONPE), Piero Alessandro Corvetto Salinas, pas\u00f3 a calidad de investigado en una pesquisa del Ministerio P\u00fablico por presuntas irregularidades&#046;&#046;&#046;\" \/>\n<meta property=\"og:url\" content=\"https:\/\/noti-america.com\/site\/peru\/2026\/04\/25\/peruanos-atentos-a-las-investigaciones-y-al-jurado-nacional-de-elecciones\/\" \/>\n<meta property=\"og:site_name\" content=\"Per\u00fa | Noti-America.com\" \/>\n<meta property=\"article:published_time\" content=\"2026-04-25T04:34:09+00:00\" \/>\n<meta property=\"og:image\" content=\"https:\/\/noti-america.com\/site\/peru\/wp-content\/uploads\/sites\/8\/2026\/04\/IMG-20260424-WA0082.jpg\" \/>\n\t<meta property=\"og:image:width\" content=\"1600\" \/>\n\t<meta property=\"og:image:height\" content=\"1066\" \/>\n\t<meta property=\"og:image:type\" content=\"image\/jpeg\" \/>\n<meta name=\"author\" content=\"Geomar Pacheco R.\" \/>\n<meta name=\"twitter:card\" content=\"summary_large_image\" \/>\n<meta name=\"twitter:creator\" content=\"@GeomarPacheco1\" \/>\n<meta name=\"twitter:label1\" content=\"Escrito por\" \/>\n\t<meta name=\"twitter:data1\" content=\"Geomar Pacheco R.\" \/>\n\t<meta name=\"twitter:label2\" content=\"Tiempo estimado de lectura\" \/>\n\t<meta name=\"twitter:data2\" content=\"2 minutos\" \/>\n<script type=\"application\/ld+json\" class=\"yoast-schema-graph\">{\"@context\":\"https:\/\/schema.org\",\"@graph\":[{\"@type\":\"Article\",\"@id\":\"https:\/\/noti-america.com\/site\/peru\/2026\/04\/25\/peruanos-atentos-a-las-investigaciones-y-al-jurado-nacional-de-elecciones\/#article\",\"isPartOf\":{\"@id\":\"https:\/\/noti-america.com\/site\/peru\/2026\/04\/25\/peruanos-atentos-a-las-investigaciones-y-al-jurado-nacional-de-elecciones\/\"},\"author\":{\"name\":\"Geomar Pacheco R.\",\"@id\":\"https:\/\/noti-america.com\/site\/peru\/#\/schema\/person\/28a35f20383bf2485bc838bfe76aebdc\"},\"headline\":\"PERUANOS ATENTOS A LAS INVESTIGACIONES Y AL JURADO NACIONAL DE ELECCIONES\",\"datePublished\":\"2026-04-25T04:34:09+00:00\",\"mainEntityOfPage\":{\"@id\":\"https:\/\/noti-america.com\/site\/peru\/2026\/04\/25\/peruanos-atentos-a-las-investigaciones-y-al-jurado-nacional-de-elecciones\/\"},\"wordCount\":300,\"commentCount\":0,\"publisher\":{\"@id\":\"https:\/\/noti-america.com\/site\/peru\/#organization\"},\"image\":{\"@id\":\"https:\/\/noti-america.com\/site\/peru\/2026\/04\/25\/peruanos-atentos-a-las-investigaciones-y-al-jurado-nacional-de-elecciones\/#primaryimage\"},\"thumbnailUrl\":\"https:\/\/noti-america.com\/site\/peru\/wp-content\/uploads\/sites\/8\/2026\/04\/IMG-20260424-WA0082.jpg\",\"articleSection\":[\"Actualidad\",\"Elecciones Per\u00fa 2026\"],\"inLanguage\":\"es\",\"potentialAction\":[{\"@type\":\"CommentAction\",\"name\":\"Comment\",\"target\":[\"https:\/\/noti-america.com\/site\/peru\/2026\/04\/25\/peruanos-atentos-a-las-investigaciones-y-al-jurado-nacional-de-elecciones\/#respond\"]}]},{\"@type\":\"WebPage\",\"@id\":\"https:\/\/noti-america.com\/site\/peru\/2026\/04\/25\/peruanos-atentos-a-las-investigaciones-y-al-jurado-nacional-de-elecciones\/\",\"url\":\"https:\/\/noti-america.com\/site\/peru\/2026\/04\/25\/peruanos-atentos-a-las-investigaciones-y-al-jurado-nacional-de-elecciones\/\",\"name\":\"PERUANOS ATENTOS A LAS INVESTIGACIONES Y AL JURADO NACIONAL DE ELECCIONES - Per\u00fa | Noti-America.com\",\"isPartOf\":{\"@id\":\"https:\/\/noti-america.com\/site\/peru\/#website\"},\"primaryImageOfPage\":{\"@id\":\"https:\/\/noti-america.com\/site\/peru\/2026\/04\/25\/peruanos-atentos-a-las-investigaciones-y-al-jurado-nacional-de-elecciones\/#primaryimage\"},\"image\":{\"@id\":\"https:\/\/noti-america.com\/site\/peru\/2026\/04\/25\/peruanos-atentos-a-las-investigaciones-y-al-jurado-nacional-de-elecciones\/#primaryimage\"},\"thumbnailUrl\":\"https:\/\/noti-america.com\/site\/peru\/wp-content\/uploads\/sites\/8\/2026\/04\/IMG-20260424-WA0082.jpg\",\"datePublished\":\"2026-04-25T04:34:09+00:00\",\"breadcrumb\":{\"@id\":\"https:\/\/noti-america.com\/site\/peru\/2026\/04\/25\/peruanos-atentos-a-las-investigaciones-y-al-jurado-nacional-de-elecciones\/#breadcrumb\"},\"inLanguage\":\"es\",\"potentialAction\":[{\"@type\":\"ReadAction\",\"target\":[\"https:\/\/noti-america.com\/site\/peru\/2026\/04\/25\/peruanos-atentos-a-las-investigaciones-y-al-jurado-nacional-de-elecciones\/\"]}]},{\"@type\":\"ImageObject\",\"inLanguage\":\"es\",\"@id\":\"https:\/\/noti-america.com\/site\/peru\/2026\/04\/25\/peruanos-atentos-a-las-investigaciones-y-al-jurado-nacional-de-elecciones\/#primaryimage\",\"url\":\"https:\/\/noti-america.com\/site\/peru\/wp-content\/uploads\/sites\/8\/2026\/04\/IMG-20260424-WA0082.jpg\",\"contentUrl\":\"https:\/\/noti-america.com\/site\/peru\/wp-content\/uploads\/sites\/8\/2026\/04\/IMG-20260424-WA0082.jpg\",\"width\":1600,\"height\":1066},{\"@type\":\"BreadcrumbList\",\"@id\":\"https:\/\/noti-america.com\/site\/peru\/2026\/04\/25\/peruanos-atentos-a-las-investigaciones-y-al-jurado-nacional-de-elecciones\/#breadcrumb\",\"itemListElement\":[{\"@type\":\"ListItem\",\"position\":1,\"name\":\"Portada\",\"item\":\"https:\/\/noti-america.com\/site\/peru\/\"},{\"@type\":\"ListItem\",\"position\":2,\"name\":\"PERUANOS ATENTOS A LAS INVESTIGACIONES Y AL JURADO NACIONAL DE ELECCIONES\"}]},{\"@type\":\"WebSite\",\"@id\":\"https:\/\/noti-america.com\/site\/peru\/#website\",\"url\":\"https:\/\/noti-america.com\/site\/peru\/\",\"name\":\"Per\u00fa | Noti-America.com\",\"description\":\"\",\"publisher\":{\"@id\":\"https:\/\/noti-america.com\/site\/peru\/#organization\"},\"potentialAction\":[{\"@type\":\"SearchAction\",\"target\":{\"@type\":\"EntryPoint\",\"urlTemplate\":\"https:\/\/noti-america.com\/site\/peru\/?s={search_term_string}\"},\"query-input\":{\"@type\":\"PropertyValueSpecification\",\"valueRequired\":true,\"valueName\":\"search_term_string\"}}],\"inLanguage\":\"es\"},{\"@type\":\"Organization\",\"@id\":\"https:\/\/noti-america.com\/site\/peru\/#organization\",\"name\":\"Noti-America LLC | Per\u00fa\",\"url\":\"https:\/\/noti-america.com\/site\/peru\/\",\"logo\":{\"@type\":\"ImageObject\",\"inLanguage\":\"es\",\"@id\":\"https:\/\/noti-america.com\/site\/peru\/#\/schema\/logo\/image\/\",\"url\":\"https:\/\/noti-america.com\/site\/peru\/wp-content\/uploads\/sites\/8\/2020\/07\/LogoNA-4x3-1.jpg\",\"contentUrl\":\"https:\/\/noti-america.com\/site\/peru\/wp-content\/uploads\/sites\/8\/2020\/07\/LogoNA-4x3-1.jpg\",\"width\":1236,\"height\":1080,\"caption\":\"Noti-America LLC | Per\u00fa\"},\"image\":{\"@id\":\"https:\/\/noti-america.com\/site\/peru\/#\/schema\/logo\/image\/\"}},{\"@type\":\"Person\",\"@id\":\"https:\/\/noti-america.com\/site\/peru\/#\/schema\/person\/28a35f20383bf2485bc838bfe76aebdc\",\"name\":\"Geomar Pacheco R.\",\"image\":{\"@type\":\"ImageObject\",\"inLanguage\":\"es\",\"@id\":\"https:\/\/secure.gravatar.com\/avatar\/5f09cb527f9632e92234c6fc6e2cbcefebeed6bdeb0f9129ea4cbc7aa71587c6?s=96&d=mm&r=g\",\"url\":\"https:\/\/secure.gravatar.com\/avatar\/5f09cb527f9632e92234c6fc6e2cbcefebeed6bdeb0f9129ea4cbc7aa71587c6?s=96&d=mm&r=g\",\"contentUrl\":\"https:\/\/secure.gravatar.com\/avatar\/5f09cb527f9632e92234c6fc6e2cbcefebeed6bdeb0f9129ea4cbc7aa71587c6?s=96&d=mm&r=g\",\"caption\":\"Geomar Pacheco R.\"},\"sameAs\":[\"https:\/\/x.com\/GeomarPacheco1\"],\"url\":\"https:\/\/noti-america.com\/site\/peru\/author\/gpacheco\/\"}]}<\/script>\n<!-- \/ Yoast SEO Premium plugin. -->","yoast_head_json":{"title":"PERUANOS ATENTOS A LAS INVESTIGACIONES Y AL JURADO NACIONAL DE ELECCIONES - Per\u00fa | Noti-America.com","robots":{"index":"index","follow":"follow","max-snippet":"max-snippet:-1","max-image-preview":"max-image-preview:large","max-video-preview":"max-video-preview:-1"},"canonical":"https:\/\/noti-america.com\/site\/peru\/2026\/04\/25\/peruanos-atentos-a-las-investigaciones-y-al-jurado-nacional-de-elecciones\/","og_locale":"es_ES","og_type":"article","og_title":"PERUANOS ATENTOS A LAS INVESTIGACIONES Y AL JURADO NACIONAL DE ELECCIONES","og_description":"NOTI-AM\u00c9RICA PER\u00da Por Geomar Pacheco Rivera El exjefe de la Oficina Nacional de Procesos Electorales (ONPE), Piero Alessandro Corvetto Salinas, pas\u00f3 a calidad de investigado en una pesquisa del Ministerio P\u00fablico por presuntas irregularidades&#46;&#46;&#46;","og_url":"https:\/\/noti-america.com\/site\/peru\/2026\/04\/25\/peruanos-atentos-a-las-investigaciones-y-al-jurado-nacional-de-elecciones\/","og_site_name":"Per\u00fa | Noti-America.com","article_published_time":"2026-04-25T04:34:09+00:00","og_image":[{"width":1600,"height":1066,"url":"https:\/\/noti-america.com\/site\/peru\/wp-content\/uploads\/sites\/8\/2026\/04\/IMG-20260424-WA0082.jpg","type":"image\/jpeg"}],"author":"Geomar Pacheco R.","twitter_card":"summary_large_image","twitter_creator":"@GeomarPacheco1","twitter_misc":{"Escrito por":"Geomar Pacheco R.","Tiempo estimado de lectura":"2 minutos"},"schema":{"@context":"https:\/\/schema.org","@graph":[{"@type":"Article","@id":"https:\/\/noti-america.com\/site\/peru\/2026\/04\/25\/peruanos-atentos-a-las-investigaciones-y-al-jurado-nacional-de-elecciones\/#article","isPartOf":{"@id":"https:\/\/noti-america.com\/site\/peru\/2026\/04\/25\/peruanos-atentos-a-las-investigaciones-y-al-jurado-nacional-de-elecciones\/"},"author":{"name":"Geomar Pacheco R.","@id":"https:\/\/noti-america.com\/site\/peru\/#\/schema\/person\/28a35f20383bf2485bc838bfe76aebdc"},"headline":"PERUANOS ATENTOS A LAS INVESTIGACIONES Y AL JURADO NACIONAL DE ELECCIONES","datePublished":"2026-04-25T04:34:09+00:00","mainEntityOfPage":{"@id":"https:\/\/noti-america.com\/site\/peru\/2026\/04\/25\/peruanos-atentos-a-las-investigaciones-y-al-jurado-nacional-de-elecciones\/"},"wordCount":300,"commentCount":0,"publisher":{"@id":"https:\/\/noti-america.com\/site\/peru\/#organization"},"image":{"@id":"https:\/\/noti-america.com\/site\/peru\/2026\/04\/25\/peruanos-atentos-a-las-investigaciones-y-al-jurado-nacional-de-elecciones\/#primaryimage"},"thumbnailUrl":"https:\/\/noti-america.com\/site\/peru\/wp-content\/uploads\/sites\/8\/2026\/04\/IMG-20260424-WA0082.jpg","articleSection":["Actualidad","Elecciones Per\u00fa 2026"],"inLanguage":"es","potentialAction":[{"@type":"CommentAction","name":"Comment","target":["https:\/\/noti-america.com\/site\/peru\/2026\/04\/25\/peruanos-atentos-a-las-investigaciones-y-al-jurado-nacional-de-elecciones\/#respond"]}]},{"@type":"WebPage","@id":"https:\/\/noti-america.com\/site\/peru\/2026\/04\/25\/peruanos-atentos-a-las-investigaciones-y-al-jurado-nacional-de-elecciones\/","url":"https:\/\/noti-america.com\/site\/peru\/2026\/04\/25\/peruanos-atentos-a-las-investigaciones-y-al-jurado-nacional-de-elecciones\/","name":"PERUANOS ATENTOS A LAS INVESTIGACIONES Y AL JURADO NACIONAL DE ELECCIONES - Per\u00fa | Noti-America.com","isPartOf":{"@id":"https:\/\/noti-america.com\/site\/peru\/#website"},"primaryImageOfPage":{"@id":"https:\/\/noti-america.com\/site\/peru\/2026\/04\/25\/peruanos-atentos-a-las-investigaciones-y-al-jurado-nacional-de-elecciones\/#primaryimage"},"image":{"@id":"https:\/\/noti-america.com\/site\/peru\/2026\/04\/25\/peruanos-atentos-a-las-investigaciones-y-al-jurado-nacional-de-elecciones\/#primaryimage"},"thumbnailUrl":"https:\/\/noti-america.com\/site\/peru\/wp-content\/uploads\/sites\/8\/2026\/04\/IMG-20260424-WA0082.jpg","datePublished":"2026-04-25T04:34:09+00:00","breadcrumb":{"@id":"https:\/\/noti-america.com\/site\/peru\/2026\/04\/25\/peruanos-atentos-a-las-investigaciones-y-al-jurado-nacional-de-elecciones\/#breadcrumb"},"inLanguage":"es","potentialAction":[{"@type":"ReadAction","target":["https:\/\/noti-america.com\/site\/peru\/2026\/04\/25\/peruanos-atentos-a-las-investigaciones-y-al-jurado-nacional-de-elecciones\/"]}]},{"@type":"ImageObject","inLanguage":"es","@id":"https:\/\/noti-america.com\/site\/peru\/2026\/04\/25\/peruanos-atentos-a-las-investigaciones-y-al-jurado-nacional-de-elecciones\/#primaryimage","url":"https:\/\/noti-america.com\/site\/peru\/wp-content\/uploads\/sites\/8\/2026\/04\/IMG-20260424-WA0082.jpg","contentUrl":"https:\/\/noti-america.com\/site\/peru\/wp-content\/uploads\/sites\/8\/2026\/04\/IMG-20260424-WA0082.jpg","width":1600,"height":1066},{"@type":"BreadcrumbList","@id":"https:\/\/noti-america.com\/site\/peru\/2026\/04\/25\/peruanos-atentos-a-las-investigaciones-y-al-jurado-nacional-de-elecciones\/#breadcrumb","itemListElement":[{"@type":"ListItem","position":1,"name":"Portada","item":"https:\/\/noti-america.com\/site\/peru\/"},{"@type":"ListItem","position":2,"name":"PERUANOS ATENTOS A LAS INVESTIGACIONES Y AL JURADO NACIONAL DE ELECCIONES"}]},{"@type":"WebSite","@id":"https:\/\/noti-america.com\/site\/peru\/#website","url":"https:\/\/noti-america.com\/site\/peru\/","name":"Per\u00fa | Noti-America.com","description":"","publisher":{"@id":"https:\/\/noti-america.com\/site\/peru\/#organization"},"potentialAction":[{"@type":"SearchAction","target":{"@type":"EntryPoint","urlTemplate":"https:\/\/noti-america.com\/site\/peru\/?s={search_term_string}"},"query-input":{"@type":"PropertyValueSpecification","valueRequired":true,"valueName":"search_term_string"}}],"inLanguage":"es"},{"@type":"Organization","@id":"https:\/\/noti-america.com\/site\/peru\/#organization","name":"Noti-America LLC | Per\u00fa","url":"https:\/\/noti-america.com\/site\/peru\/","logo":{"@type":"ImageObject","inLanguage":"es","@id":"https:\/\/noti-america.com\/site\/peru\/#\/schema\/logo\/image\/","url":"https:\/\/noti-america.com\/site\/peru\/wp-content\/uploads\/sites\/8\/2020\/07\/LogoNA-4x3-1.jpg","contentUrl":"https:\/\/noti-america.com\/site\/peru\/wp-content\/uploads\/sites\/8\/2020\/07\/LogoNA-4x3-1.jpg","width":1236,"height":1080,"caption":"Noti-America LLC | Per\u00fa"},"image":{"@id":"https:\/\/noti-america.com\/site\/peru\/#\/schema\/logo\/image\/"}},{"@type":"Person","@id":"https:\/\/noti-america.com\/site\/peru\/#\/schema\/person\/28a35f20383bf2485bc838bfe76aebdc","name":"Geomar Pacheco R.","image":{"@type":"ImageObject","inLanguage":"es","@id":"https:\/\/secure.gravatar.com\/avatar\/5f09cb527f9632e92234c6fc6e2cbcefebeed6bdeb0f9129ea4cbc7aa71587c6?s=96&d=mm&r=g","url":"https:\/\/secure.gravatar.com\/avatar\/5f09cb527f9632e92234c6fc6e2cbcefebeed6bdeb0f9129ea4cbc7aa71587c6?s=96&d=mm&r=g","contentUrl":"https:\/\/secure.gravatar.com\/avatar\/5f09cb527f9632e92234c6fc6e2cbcefebeed6bdeb0f9129ea4cbc7aa71587c6?s=96&d=mm&r=g","caption":"Geomar Pacheco R."},"sameAs":["https:\/\/x.com\/GeomarPacheco1"],"url":"https:\/\/noti-america.com\/site\/peru\/author\/gpacheco\/"}]}},"_links":{"self":[{"href":"https:\/\/noti-america.com\/site\/peru\/wp-json\/wp\/v2\/posts\/9901","targetHints":{"allow":["GET"]}}],"collection":[{"href":"https:\/\/noti-america.com\/site\/peru\/wp-json\/wp\/v2\/posts"}],"about":[{"href":"https:\/\/noti-america.com\/site\/peru\/wp-json\/wp\/v2\/types\/post"}],"author":[{"embeddable":true,"href":"https:\/\/noti-america.com\/site\/peru\/wp-json\/wp\/v2\/users\/70"}],"replies":[{"embeddable":true,"href":"https:\/\/noti-america.com\/site\/peru\/wp-json\/wp\/v2\/comments?post=9901"}],"version-history":[{"count":1,"href":"https:\/\/noti-america.com\/site\/peru\/wp-json\/wp\/v2\/posts\/9901\/revisions"}],"predecessor-version":[{"id":9905,"href":"https:\/\/noti-america.com\/site\/peru\/wp-json\/wp\/v2\/posts\/9901\/revisions\/9905"}],"wp:featuredmedia":[{"embeddable":true,"href":"https:\/\/noti-america.com\/site\/peru\/wp-json\/wp\/v2\/media\/9903"}],"wp:attachment":[{"href":"https:\/\/noti-america.com\/site\/peru\/wp-json\/wp\/v2\/media?parent=9901"}],"wp:term":[{"taxonomy":"category","embeddable":true,"href":"https:\/\/noti-america.com\/site\/peru\/wp-json\/wp\/v2\/categories?post=9901"},{"taxonomy":"post_tag","embeddable":true,"href":"https:\/\/noti-america.com\/site\/peru\/wp-json\/wp\/v2\/tags?post=9901"}],"curies":[{"name":"wp","href":"https:\/\/api.w.org\/{rel}","templated":true}]}}