{"id":9883,"date":"2026-04-22T05:24:49","date_gmt":"2026-04-22T05:24:49","guid":{"rendered":"https:\/\/noti-america.com\/site\/peru\/?p=9883"},"modified":"2026-04-22T05:24:49","modified_gmt":"2026-04-22T05:24:49","slug":"junta-nacional-de-justicia-acepto-por-unanimidad-renuncia-de-jefe-de-onpe","status":"publish","type":"post","link":"https:\/\/noti-america.com\/site\/peru\/2026\/04\/22\/junta-nacional-de-justicia-acepto-por-unanimidad-renuncia-de-jefe-de-onpe\/","title":{"rendered":"JUNTA NACIONAL DE JUSTICIA ACEPT\u00d3 POR UNANIMIDAD RENUNCIA DE JEFE DE ONPE"},"content":{"rendered":"<p style=\"text-align: justify\"><strong>NOTI-AM\u00c9RICA PER\u00da<\/strong><\/p>\n<p style=\"text-align: justify\">\n<p style=\"text-align: right\"><strong>Por Geomar Pacheco Rivera\u00a0<\/strong><\/p>\n<p style=\"text-align: justify\">\n<p style=\"text-align: justify\"><span style=\"font-weight: 400\">La Junta Nacional de Justicia (JNJ) acept\u00f3 la renuncia presentada hace unas horas por Piero Alessandro Corvetto Salinas al cargo de jefe de la Oficina Nacional de Procesos Electorales (ONPE).<\/span><\/p>\n<p style=\"text-align: justify\">\n<p style=\"text-align: justify\"><span style=\"font-weight: 400\">Luego de la deliberaci\u00f3n, se acord\u00f3 aceptar por unanimidad, a partir de la fecha, la renuncia presentada por Piero A Corvetto Salinas al cargo de jefe de la ONPE. Adem\u00e1s, se acord\u00f3 comunicar el presente acuerdo al Jurado Nacional de Elecciones, al Registro Nacional de Identidad y Estado Civil y a la ONPE para los fines de ley.\u00a0<\/span><\/p>\n<p style=\"text-align: justify\">\n<p style=\"text-align: justify\"><span style=\"font-weight: 400\">Dicha decisi\u00f3n, indica el comunicado, se tom\u00f3 en el pleno extraordinario, convocado para evaluar y adoptar las decisiones que corresponden en el marco de sus competencias constitucionales y legales.<\/span><\/p>\n<p style=\"text-align: justify\"><img loading=\"lazy\" decoding=\"async\" class=\"alignnone size-full wp-image-9884\" src=\"https:\/\/noti-america.com\/site\/peru\/wp-content\/uploads\/sites\/8\/2026\/04\/WhatsApp-Image-2026-04-21-at-3.12.54-PM.jpeg\" alt=\"\" width=\"1600\" height=\"1066\" srcset=\"https:\/\/noti-america.com\/site\/peru\/wp-content\/uploads\/sites\/8\/2026\/04\/WhatsApp-Image-2026-04-21-at-3.12.54-PM.jpeg 1600w, https:\/\/noti-america.com\/site\/peru\/wp-content\/uploads\/sites\/8\/2026\/04\/WhatsApp-Image-2026-04-21-at-3.12.54-PM-300x200.jpeg 300w, https:\/\/noti-america.com\/site\/peru\/wp-content\/uploads\/sites\/8\/2026\/04\/WhatsApp-Image-2026-04-21-at-3.12.54-PM-1024x682.jpeg 1024w, https:\/\/noti-america.com\/site\/peru\/wp-content\/uploads\/sites\/8\/2026\/04\/WhatsApp-Image-2026-04-21-at-3.12.54-PM-768x512.jpeg 768w, https:\/\/noti-america.com\/site\/peru\/wp-content\/uploads\/sites\/8\/2026\/04\/WhatsApp-Image-2026-04-21-at-3.12.54-PM-1536x1023.jpeg 1536w, https:\/\/noti-america.com\/site\/peru\/wp-content\/uploads\/sites\/8\/2026\/04\/WhatsApp-Image-2026-04-21-at-3.12.54-PM-272x182.jpeg 272w\" sizes=\"auto, (max-width: 1600px) 100vw, 1600px\" \/><\/p>\n<p>&nbsp;<\/p>\n<p style=\"text-align: justify\"><span style=\"font-weight: 400\">Es del conocimiento general que Corvetto present\u00f3 su carta de renuncia al cargo de jefe de la Oficina Nacional de Procesos Electorales (ONPE), misiva presentada ante la Junta Nacional de Justicia (JNJ) el martes 21. Nueve d\u00edas despu\u00e9s de los acontecimientos y reclamos de la ciudadan\u00eda y organizaciones pol\u00edticas que participaron en el Proceso Electoral General, del domingo 12 de abril del a\u00f1o en curso.<\/span><\/p>\n<p style=\"text-align: justify\"><img loading=\"lazy\" decoding=\"async\" class=\"alignnone size-full wp-image-9885\" src=\"https:\/\/noti-america.com\/site\/peru\/wp-content\/uploads\/sites\/8\/2026\/04\/WhatsApp-Image-2026-04-21-at-3.16.19-PM.jpeg\" alt=\"\" width=\"1600\" height=\"1025\" srcset=\"https:\/\/noti-america.com\/site\/peru\/wp-content\/uploads\/sites\/8\/2026\/04\/WhatsApp-Image-2026-04-21-at-3.16.19-PM.jpeg 1600w, https:\/\/noti-america.com\/site\/peru\/wp-content\/uploads\/sites\/8\/2026\/04\/WhatsApp-Image-2026-04-21-at-3.16.19-PM-300x192.jpeg 300w, https:\/\/noti-america.com\/site\/peru\/wp-content\/uploads\/sites\/8\/2026\/04\/WhatsApp-Image-2026-04-21-at-3.16.19-PM-1024x656.jpeg 1024w, https:\/\/noti-america.com\/site\/peru\/wp-content\/uploads\/sites\/8\/2026\/04\/WhatsApp-Image-2026-04-21-at-3.16.19-PM-768x492.jpeg 768w, https:\/\/noti-america.com\/site\/peru\/wp-content\/uploads\/sites\/8\/2026\/04\/WhatsApp-Image-2026-04-21-at-3.16.19-PM-1536x984.jpeg 1536w\" sizes=\"auto, (max-width: 1600px) 100vw, 1600px\" \/><\/p>\n<p>&nbsp;<\/p>\n<p style=\"text-align: justify\"><span style=\"font-weight: 400\">En la carta, dirigida a la presidenta de la JNJ, Mar\u00eda Teresa Cabrera, el ahora exjefe de la ONPE se\u00f1ala: \u201cMe dirijo a usted, a fin de comunicar mi decisi\u00f3n de renunciar al cargo de jefe de la Oficina Nacional de Procesos Electorales (ONPE), responsabilidad que ejerzo desde el 31 de agosto del 2020\u201d.<\/span><\/p>\n<p style=\"text-align: justify\">\n<p style=\"text-align: justify\"><span style=\"font-weight: 400\">La JNJ ha indicado que continuar\u00e1 la investigaci\u00f3n preliminar seguida al exfuncionario por los hechos de p\u00fablico conocimiento ocurridos durante la jornada electoral del 12 de abril de 2026.<\/span><\/p>\n<p style=\"text-align: justify\">\n<p style=\"text-align: justify\"><span style=\"font-weight: 400\">Como se debe recordar, Corvetto es investigado por el Ministerio P\u00fablico, la Polic\u00eda Nacional del Per\u00fa y la JNJ.<\/span><\/p>\n","protected":false},"excerpt":{"rendered":"<p>NOTI-AM\u00c9RICA PER\u00da Por Geomar Pacheco Rivera\u00a0 La Junta Nacional de Justicia (JNJ) acept\u00f3 la renuncia presentada hace unas horas por Piero Alessandro Corvetto Salinas al cargo de jefe de la Oficina Nacional de Procesos&#46;&#46;&#46;<\/p>\n","protected":false},"author":70,"featured_media":9885,"comment_status":"open","ping_status":"open","sticky":false,"template":"","format":"standard","meta":{"_acf_changed":false,"rop_custom_images_group":[],"rop_custom_messages_group":[],"rop_publish_now":"no","rop_publish_now_accounts":{"twitter_242054905_242054905":""},"rop_publish_now_history":[{"account":"twitter_242054905_242054905","service":"twitter","timestamp":1776835643,"status":"error"}],"rop_publish_now_status":"done","footnotes":""},"categories":[268,279],"tags":[],"class_list":["post-9883","post","type-post","status-publish","format-standard","has-post-thumbnail","hentry","category-acturalidad","category-elecciones-peru-2026"],"acf":[],"yoast_head":"<!-- This site is optimized with the Yoast SEO Premium plugin v24.9 (Yoast SEO v27.2) - https:\/\/yoast.com\/product\/yoast-seo-premium-wordpress\/ -->\n<title>JUNTA NACIONAL DE JUSTICIA ACEPT\u00d3 POR UNANIMIDAD RENUNCIA DE JEFE DE ONPE - Per\u00fa | Noti-America.com<\/title>\n<meta name=\"robots\" content=\"index, follow, max-snippet:-1, max-image-preview:large, max-video-preview:-1\" \/>\n<link rel=\"canonical\" href=\"https:\/\/noti-america.com\/site\/peru\/2026\/04\/22\/junta-nacional-de-justicia-acepto-por-unanimidad-renuncia-de-jefe-de-onpe\/\" \/>\n<meta property=\"og:locale\" content=\"es_ES\" \/>\n<meta property=\"og:type\" content=\"article\" \/>\n<meta property=\"og:title\" content=\"JUNTA NACIONAL DE JUSTICIA ACEPT\u00d3 POR UNANIMIDAD RENUNCIA DE JEFE DE ONPE\" \/>\n<meta property=\"og:description\" content=\"NOTI-AM\u00c9RICA PER\u00da Por Geomar Pacheco Rivera\u00a0 La Junta Nacional de Justicia (JNJ) acept\u00f3 la renuncia presentada hace unas horas por Piero Alessandro Corvetto Salinas al cargo de jefe de la Oficina Nacional de Procesos&#046;&#046;&#046;\" \/>\n<meta property=\"og:url\" content=\"https:\/\/noti-america.com\/site\/peru\/2026\/04\/22\/junta-nacional-de-justicia-acepto-por-unanimidad-renuncia-de-jefe-de-onpe\/\" \/>\n<meta property=\"og:site_name\" content=\"Per\u00fa | Noti-America.com\" \/>\n<meta property=\"article:published_time\" content=\"2026-04-22T05:24:49+00:00\" \/>\n<meta property=\"og:image\" content=\"https:\/\/noti-america.com\/site\/peru\/wp-content\/uploads\/sites\/8\/2026\/04\/WhatsApp-Image-2026-04-21-at-3.16.19-PM.jpeg\" \/>\n\t<meta property=\"og:image:width\" content=\"1600\" \/>\n\t<meta property=\"og:image:height\" content=\"1025\" \/>\n\t<meta property=\"og:image:type\" content=\"image\/jpeg\" \/>\n<meta name=\"author\" content=\"Geomar Pacheco R.\" \/>\n<meta name=\"twitter:card\" content=\"summary_large_image\" \/>\n<meta name=\"twitter:creator\" content=\"@GeomarPacheco1\" \/>\n<meta name=\"twitter:label1\" content=\"Escrito por\" \/>\n\t<meta name=\"twitter:data1\" content=\"Geomar Pacheco R.\" \/>\n\t<meta name=\"twitter:label2\" content=\"Tiempo estimado de lectura\" \/>\n\t<meta name=\"twitter:data2\" content=\"2 minutos\" \/>\n<script type=\"application\/ld+json\" class=\"yoast-schema-graph\">{\"@context\":\"https:\/\/schema.org\",\"@graph\":[{\"@type\":\"Article\",\"@id\":\"https:\/\/noti-america.com\/site\/peru\/2026\/04\/22\/junta-nacional-de-justicia-acepto-por-unanimidad-renuncia-de-jefe-de-onpe\/#article\",\"isPartOf\":{\"@id\":\"https:\/\/noti-america.com\/site\/peru\/2026\/04\/22\/junta-nacional-de-justicia-acepto-por-unanimidad-renuncia-de-jefe-de-onpe\/\"},\"author\":{\"name\":\"Geomar Pacheco R.\",\"@id\":\"https:\/\/noti-america.com\/site\/peru\/#\/schema\/person\/28a35f20383bf2485bc838bfe76aebdc\"},\"headline\":\"JUNTA NACIONAL DE JUSTICIA ACEPT\u00d3 POR UNANIMIDAD RENUNCIA DE JEFE DE ONPE\",\"datePublished\":\"2026-04-22T05:24:49+00:00\",\"mainEntityOfPage\":{\"@id\":\"https:\/\/noti-america.com\/site\/peru\/2026\/04\/22\/junta-nacional-de-justicia-acepto-por-unanimidad-renuncia-de-jefe-de-onpe\/\"},\"wordCount\":314,\"commentCount\":0,\"publisher\":{\"@id\":\"https:\/\/noti-america.com\/site\/peru\/#organization\"},\"image\":{\"@id\":\"https:\/\/noti-america.com\/site\/peru\/2026\/04\/22\/junta-nacional-de-justicia-acepto-por-unanimidad-renuncia-de-jefe-de-onpe\/#primaryimage\"},\"thumbnailUrl\":\"https:\/\/noti-america.com\/site\/peru\/wp-content\/uploads\/sites\/8\/2026\/04\/WhatsApp-Image-2026-04-21-at-3.16.19-PM.jpeg\",\"articleSection\":[\"Actualidad\",\"Elecciones Per\u00fa 2026\"],\"inLanguage\":\"es\",\"potentialAction\":[{\"@type\":\"CommentAction\",\"name\":\"Comment\",\"target\":[\"https:\/\/noti-america.com\/site\/peru\/2026\/04\/22\/junta-nacional-de-justicia-acepto-por-unanimidad-renuncia-de-jefe-de-onpe\/#respond\"]}]},{\"@type\":\"WebPage\",\"@id\":\"https:\/\/noti-america.com\/site\/peru\/2026\/04\/22\/junta-nacional-de-justicia-acepto-por-unanimidad-renuncia-de-jefe-de-onpe\/\",\"url\":\"https:\/\/noti-america.com\/site\/peru\/2026\/04\/22\/junta-nacional-de-justicia-acepto-por-unanimidad-renuncia-de-jefe-de-onpe\/\",\"name\":\"JUNTA NACIONAL DE JUSTICIA ACEPT\u00d3 POR UNANIMIDAD RENUNCIA DE JEFE DE ONPE - Per\u00fa | Noti-America.com\",\"isPartOf\":{\"@id\":\"https:\/\/noti-america.com\/site\/peru\/#website\"},\"primaryImageOfPage\":{\"@id\":\"https:\/\/noti-america.com\/site\/peru\/2026\/04\/22\/junta-nacional-de-justicia-acepto-por-unanimidad-renuncia-de-jefe-de-onpe\/#primaryimage\"},\"image\":{\"@id\":\"https:\/\/noti-america.com\/site\/peru\/2026\/04\/22\/junta-nacional-de-justicia-acepto-por-unanimidad-renuncia-de-jefe-de-onpe\/#primaryimage\"},\"thumbnailUrl\":\"https:\/\/noti-america.com\/site\/peru\/wp-content\/uploads\/sites\/8\/2026\/04\/WhatsApp-Image-2026-04-21-at-3.16.19-PM.jpeg\",\"datePublished\":\"2026-04-22T05:24:49+00:00\",\"breadcrumb\":{\"@id\":\"https:\/\/noti-america.com\/site\/peru\/2026\/04\/22\/junta-nacional-de-justicia-acepto-por-unanimidad-renuncia-de-jefe-de-onpe\/#breadcrumb\"},\"inLanguage\":\"es\",\"potentialAction\":[{\"@type\":\"ReadAction\",\"target\":[\"https:\/\/noti-america.com\/site\/peru\/2026\/04\/22\/junta-nacional-de-justicia-acepto-por-unanimidad-renuncia-de-jefe-de-onpe\/\"]}]},{\"@type\":\"ImageObject\",\"inLanguage\":\"es\",\"@id\":\"https:\/\/noti-america.com\/site\/peru\/2026\/04\/22\/junta-nacional-de-justicia-acepto-por-unanimidad-renuncia-de-jefe-de-onpe\/#primaryimage\",\"url\":\"https:\/\/noti-america.com\/site\/peru\/wp-content\/uploads\/sites\/8\/2026\/04\/WhatsApp-Image-2026-04-21-at-3.16.19-PM.jpeg\",\"contentUrl\":\"https:\/\/noti-america.com\/site\/peru\/wp-content\/uploads\/sites\/8\/2026\/04\/WhatsApp-Image-2026-04-21-at-3.16.19-PM.jpeg\",\"width\":1600,\"height\":1025},{\"@type\":\"BreadcrumbList\",\"@id\":\"https:\/\/noti-america.com\/site\/peru\/2026\/04\/22\/junta-nacional-de-justicia-acepto-por-unanimidad-renuncia-de-jefe-de-onpe\/#breadcrumb\",\"itemListElement\":[{\"@type\":\"ListItem\",\"position\":1,\"name\":\"Portada\",\"item\":\"https:\/\/noti-america.com\/site\/peru\/\"},{\"@type\":\"ListItem\",\"position\":2,\"name\":\"JUNTA NACIONAL DE JUSTICIA ACEPT\u00d3 POR UNANIMIDAD RENUNCIA DE JEFE DE ONPE\"}]},{\"@type\":\"WebSite\",\"@id\":\"https:\/\/noti-america.com\/site\/peru\/#website\",\"url\":\"https:\/\/noti-america.com\/site\/peru\/\",\"name\":\"Per\u00fa | Noti-America.com\",\"description\":\"\",\"publisher\":{\"@id\":\"https:\/\/noti-america.com\/site\/peru\/#organization\"},\"potentialAction\":[{\"@type\":\"SearchAction\",\"target\":{\"@type\":\"EntryPoint\",\"urlTemplate\":\"https:\/\/noti-america.com\/site\/peru\/?s={search_term_string}\"},\"query-input\":{\"@type\":\"PropertyValueSpecification\",\"valueRequired\":true,\"valueName\":\"search_term_string\"}}],\"inLanguage\":\"es\"},{\"@type\":\"Organization\",\"@id\":\"https:\/\/noti-america.com\/site\/peru\/#organization\",\"name\":\"Noti-America LLC | Per\u00fa\",\"url\":\"https:\/\/noti-america.com\/site\/peru\/\",\"logo\":{\"@type\":\"ImageObject\",\"inLanguage\":\"es\",\"@id\":\"https:\/\/noti-america.com\/site\/peru\/#\/schema\/logo\/image\/\",\"url\":\"https:\/\/noti-america.com\/site\/peru\/wp-content\/uploads\/sites\/8\/2020\/07\/LogoNA-4x3-1.jpg\",\"contentUrl\":\"https:\/\/noti-america.com\/site\/peru\/wp-content\/uploads\/sites\/8\/2020\/07\/LogoNA-4x3-1.jpg\",\"width\":1236,\"height\":1080,\"caption\":\"Noti-America LLC | Per\u00fa\"},\"image\":{\"@id\":\"https:\/\/noti-america.com\/site\/peru\/#\/schema\/logo\/image\/\"}},{\"@type\":\"Person\",\"@id\":\"https:\/\/noti-america.com\/site\/peru\/#\/schema\/person\/28a35f20383bf2485bc838bfe76aebdc\",\"name\":\"Geomar Pacheco R.\",\"image\":{\"@type\":\"ImageObject\",\"inLanguage\":\"es\",\"@id\":\"https:\/\/secure.gravatar.com\/avatar\/5f09cb527f9632e92234c6fc6e2cbcefebeed6bdeb0f9129ea4cbc7aa71587c6?s=96&d=mm&r=g\",\"url\":\"https:\/\/secure.gravatar.com\/avatar\/5f09cb527f9632e92234c6fc6e2cbcefebeed6bdeb0f9129ea4cbc7aa71587c6?s=96&d=mm&r=g\",\"contentUrl\":\"https:\/\/secure.gravatar.com\/avatar\/5f09cb527f9632e92234c6fc6e2cbcefebeed6bdeb0f9129ea4cbc7aa71587c6?s=96&d=mm&r=g\",\"caption\":\"Geomar Pacheco R.\"},\"sameAs\":[\"https:\/\/x.com\/GeomarPacheco1\"],\"url\":\"https:\/\/noti-america.com\/site\/peru\/author\/gpacheco\/\"}]}<\/script>\n<!-- \/ Yoast SEO Premium plugin. -->","yoast_head_json":{"title":"JUNTA NACIONAL DE JUSTICIA ACEPT\u00d3 POR UNANIMIDAD RENUNCIA DE JEFE DE ONPE - Per\u00fa | Noti-America.com","robots":{"index":"index","follow":"follow","max-snippet":"max-snippet:-1","max-image-preview":"max-image-preview:large","max-video-preview":"max-video-preview:-1"},"canonical":"https:\/\/noti-america.com\/site\/peru\/2026\/04\/22\/junta-nacional-de-justicia-acepto-por-unanimidad-renuncia-de-jefe-de-onpe\/","og_locale":"es_ES","og_type":"article","og_title":"JUNTA NACIONAL DE JUSTICIA ACEPT\u00d3 POR UNANIMIDAD RENUNCIA DE JEFE DE ONPE","og_description":"NOTI-AM\u00c9RICA PER\u00da Por Geomar Pacheco Rivera\u00a0 La Junta Nacional de Justicia (JNJ) acept\u00f3 la renuncia presentada hace unas horas por Piero Alessandro Corvetto Salinas al cargo de jefe de la Oficina Nacional de Procesos&#46;&#46;&#46;","og_url":"https:\/\/noti-america.com\/site\/peru\/2026\/04\/22\/junta-nacional-de-justicia-acepto-por-unanimidad-renuncia-de-jefe-de-onpe\/","og_site_name":"Per\u00fa | Noti-America.com","article_published_time":"2026-04-22T05:24:49+00:00","og_image":[{"width":1600,"height":1025,"url":"https:\/\/noti-america.com\/site\/peru\/wp-content\/uploads\/sites\/8\/2026\/04\/WhatsApp-Image-2026-04-21-at-3.16.19-PM.jpeg","type":"image\/jpeg"}],"author":"Geomar Pacheco R.","twitter_card":"summary_large_image","twitter_creator":"@GeomarPacheco1","twitter_misc":{"Escrito por":"Geomar Pacheco R.","Tiempo estimado de lectura":"2 minutos"},"schema":{"@context":"https:\/\/schema.org","@graph":[{"@type":"Article","@id":"https:\/\/noti-america.com\/site\/peru\/2026\/04\/22\/junta-nacional-de-justicia-acepto-por-unanimidad-renuncia-de-jefe-de-onpe\/#article","isPartOf":{"@id":"https:\/\/noti-america.com\/site\/peru\/2026\/04\/22\/junta-nacional-de-justicia-acepto-por-unanimidad-renuncia-de-jefe-de-onpe\/"},"author":{"name":"Geomar Pacheco R.","@id":"https:\/\/noti-america.com\/site\/peru\/#\/schema\/person\/28a35f20383bf2485bc838bfe76aebdc"},"headline":"JUNTA NACIONAL DE JUSTICIA ACEPT\u00d3 POR UNANIMIDAD RENUNCIA DE JEFE DE ONPE","datePublished":"2026-04-22T05:24:49+00:00","mainEntityOfPage":{"@id":"https:\/\/noti-america.com\/site\/peru\/2026\/04\/22\/junta-nacional-de-justicia-acepto-por-unanimidad-renuncia-de-jefe-de-onpe\/"},"wordCount":314,"commentCount":0,"publisher":{"@id":"https:\/\/noti-america.com\/site\/peru\/#organization"},"image":{"@id":"https:\/\/noti-america.com\/site\/peru\/2026\/04\/22\/junta-nacional-de-justicia-acepto-por-unanimidad-renuncia-de-jefe-de-onpe\/#primaryimage"},"thumbnailUrl":"https:\/\/noti-america.com\/site\/peru\/wp-content\/uploads\/sites\/8\/2026\/04\/WhatsApp-Image-2026-04-21-at-3.16.19-PM.jpeg","articleSection":["Actualidad","Elecciones Per\u00fa 2026"],"inLanguage":"es","potentialAction":[{"@type":"CommentAction","name":"Comment","target":["https:\/\/noti-america.com\/site\/peru\/2026\/04\/22\/junta-nacional-de-justicia-acepto-por-unanimidad-renuncia-de-jefe-de-onpe\/#respond"]}]},{"@type":"WebPage","@id":"https:\/\/noti-america.com\/site\/peru\/2026\/04\/22\/junta-nacional-de-justicia-acepto-por-unanimidad-renuncia-de-jefe-de-onpe\/","url":"https:\/\/noti-america.com\/site\/peru\/2026\/04\/22\/junta-nacional-de-justicia-acepto-por-unanimidad-renuncia-de-jefe-de-onpe\/","name":"JUNTA NACIONAL DE JUSTICIA ACEPT\u00d3 POR UNANIMIDAD RENUNCIA DE JEFE DE ONPE - Per\u00fa | Noti-America.com","isPartOf":{"@id":"https:\/\/noti-america.com\/site\/peru\/#website"},"primaryImageOfPage":{"@id":"https:\/\/noti-america.com\/site\/peru\/2026\/04\/22\/junta-nacional-de-justicia-acepto-por-unanimidad-renuncia-de-jefe-de-onpe\/#primaryimage"},"image":{"@id":"https:\/\/noti-america.com\/site\/peru\/2026\/04\/22\/junta-nacional-de-justicia-acepto-por-unanimidad-renuncia-de-jefe-de-onpe\/#primaryimage"},"thumbnailUrl":"https:\/\/noti-america.com\/site\/peru\/wp-content\/uploads\/sites\/8\/2026\/04\/WhatsApp-Image-2026-04-21-at-3.16.19-PM.jpeg","datePublished":"2026-04-22T05:24:49+00:00","breadcrumb":{"@id":"https:\/\/noti-america.com\/site\/peru\/2026\/04\/22\/junta-nacional-de-justicia-acepto-por-unanimidad-renuncia-de-jefe-de-onpe\/#breadcrumb"},"inLanguage":"es","potentialAction":[{"@type":"ReadAction","target":["https:\/\/noti-america.com\/site\/peru\/2026\/04\/22\/junta-nacional-de-justicia-acepto-por-unanimidad-renuncia-de-jefe-de-onpe\/"]}]},{"@type":"ImageObject","inLanguage":"es","@id":"https:\/\/noti-america.com\/site\/peru\/2026\/04\/22\/junta-nacional-de-justicia-acepto-por-unanimidad-renuncia-de-jefe-de-onpe\/#primaryimage","url":"https:\/\/noti-america.com\/site\/peru\/wp-content\/uploads\/sites\/8\/2026\/04\/WhatsApp-Image-2026-04-21-at-3.16.19-PM.jpeg","contentUrl":"https:\/\/noti-america.com\/site\/peru\/wp-content\/uploads\/sites\/8\/2026\/04\/WhatsApp-Image-2026-04-21-at-3.16.19-PM.jpeg","width":1600,"height":1025},{"@type":"BreadcrumbList","@id":"https:\/\/noti-america.com\/site\/peru\/2026\/04\/22\/junta-nacional-de-justicia-acepto-por-unanimidad-renuncia-de-jefe-de-onpe\/#breadcrumb","itemListElement":[{"@type":"ListItem","position":1,"name":"Portada","item":"https:\/\/noti-america.com\/site\/peru\/"},{"@type":"ListItem","position":2,"name":"JUNTA NACIONAL DE JUSTICIA ACEPT\u00d3 POR UNANIMIDAD RENUNCIA DE JEFE DE ONPE"}]},{"@type":"WebSite","@id":"https:\/\/noti-america.com\/site\/peru\/#website","url":"https:\/\/noti-america.com\/site\/peru\/","name":"Per\u00fa | Noti-America.com","description":"","publisher":{"@id":"https:\/\/noti-america.com\/site\/peru\/#organization"},"potentialAction":[{"@type":"SearchAction","target":{"@type":"EntryPoint","urlTemplate":"https:\/\/noti-america.com\/site\/peru\/?s={search_term_string}"},"query-input":{"@type":"PropertyValueSpecification","valueRequired":true,"valueName":"search_term_string"}}],"inLanguage":"es"},{"@type":"Organization","@id":"https:\/\/noti-america.com\/site\/peru\/#organization","name":"Noti-America LLC | Per\u00fa","url":"https:\/\/noti-america.com\/site\/peru\/","logo":{"@type":"ImageObject","inLanguage":"es","@id":"https:\/\/noti-america.com\/site\/peru\/#\/schema\/logo\/image\/","url":"https:\/\/noti-america.com\/site\/peru\/wp-content\/uploads\/sites\/8\/2020\/07\/LogoNA-4x3-1.jpg","contentUrl":"https:\/\/noti-america.com\/site\/peru\/wp-content\/uploads\/sites\/8\/2020\/07\/LogoNA-4x3-1.jpg","width":1236,"height":1080,"caption":"Noti-America LLC | Per\u00fa"},"image":{"@id":"https:\/\/noti-america.com\/site\/peru\/#\/schema\/logo\/image\/"}},{"@type":"Person","@id":"https:\/\/noti-america.com\/site\/peru\/#\/schema\/person\/28a35f20383bf2485bc838bfe76aebdc","name":"Geomar Pacheco R.","image":{"@type":"ImageObject","inLanguage":"es","@id":"https:\/\/secure.gravatar.com\/avatar\/5f09cb527f9632e92234c6fc6e2cbcefebeed6bdeb0f9129ea4cbc7aa71587c6?s=96&d=mm&r=g","url":"https:\/\/secure.gravatar.com\/avatar\/5f09cb527f9632e92234c6fc6e2cbcefebeed6bdeb0f9129ea4cbc7aa71587c6?s=96&d=mm&r=g","contentUrl":"https:\/\/secure.gravatar.com\/avatar\/5f09cb527f9632e92234c6fc6e2cbcefebeed6bdeb0f9129ea4cbc7aa71587c6?s=96&d=mm&r=g","caption":"Geomar Pacheco R."},"sameAs":["https:\/\/x.com\/GeomarPacheco1"],"url":"https:\/\/noti-america.com\/site\/peru\/author\/gpacheco\/"}]}},"_links":{"self":[{"href":"https:\/\/noti-america.com\/site\/peru\/wp-json\/wp\/v2\/posts\/9883","targetHints":{"allow":["GET"]}}],"collection":[{"href":"https:\/\/noti-america.com\/site\/peru\/wp-json\/wp\/v2\/posts"}],"about":[{"href":"https:\/\/noti-america.com\/site\/peru\/wp-json\/wp\/v2\/types\/post"}],"author":[{"embeddable":true,"href":"https:\/\/noti-america.com\/site\/peru\/wp-json\/wp\/v2\/users\/70"}],"replies":[{"embeddable":true,"href":"https:\/\/noti-america.com\/site\/peru\/wp-json\/wp\/v2\/comments?post=9883"}],"version-history":[{"count":1,"href":"https:\/\/noti-america.com\/site\/peru\/wp-json\/wp\/v2\/posts\/9883\/revisions"}],"predecessor-version":[{"id":9886,"href":"https:\/\/noti-america.com\/site\/peru\/wp-json\/wp\/v2\/posts\/9883\/revisions\/9886"}],"wp:featuredmedia":[{"embeddable":true,"href":"https:\/\/noti-america.com\/site\/peru\/wp-json\/wp\/v2\/media\/9885"}],"wp:attachment":[{"href":"https:\/\/noti-america.com\/site\/peru\/wp-json\/wp\/v2\/media?parent=9883"}],"wp:term":[{"taxonomy":"category","embeddable":true,"href":"https:\/\/noti-america.com\/site\/peru\/wp-json\/wp\/v2\/categories?post=9883"},{"taxonomy":"post_tag","embeddable":true,"href":"https:\/\/noti-america.com\/site\/peru\/wp-json\/wp\/v2\/tags?post=9883"}],"curies":[{"name":"wp","href":"https:\/\/api.w.org\/{rel}","templated":true}]}}