{"id":9866,"date":"2026-04-18T05:27:28","date_gmt":"2026-04-18T05:27:28","guid":{"rendered":"https:\/\/noti-america.com\/site\/peru\/?p=9866"},"modified":"2026-04-18T05:27:28","modified_gmt":"2026-04-18T05:27:28","slug":"el-material-electoral-empleado-por-los-peruanos-en-el-exterior-se-encuentra-en-el-peru","status":"publish","type":"post","link":"https:\/\/noti-america.com\/site\/peru\/2026\/04\/18\/el-material-electoral-empleado-por-los-peruanos-en-el-exterior-se-encuentra-en-el-peru\/","title":{"rendered":"EL MATERIAL ELECTORAL EMPLEADO POR LOS PERUANOS EN EL EXTERIOR SE ENCUENTRA EN EL PER\u00da"},"content":{"rendered":"<p style=\"text-align: justify\">\n<p style=\"text-align: justify\">\n<p style=\"text-align: justify\"><strong>NOTI-AM\u00c9RICA PER\u00da<\/strong><\/p>\n<p style=\"text-align: justify\">\n<p style=\"text-align: right\"><strong>Por Geomar Pacheco Rivera<\/strong><\/p>\n<p style=\"text-align: justify\">\n<p style=\"text-align: justify\">\n<p style=\"text-align: justify\">Los c\u00f3nsules generales de diferentes ciudades del mundo arribaron a nuestro pa\u00eds luego de las elecciones generales 2026 del \u00faltimo domingo 12 de abril, portando consigo las actas y votos bajo una firme cadena de custodia, en cumplimiento de los protocolos establecidos, con la finalidad de asegurar la transparencia y confiabilidad del proceso electoral.<\/p>\n<p style=\"text-align: justify\">\n<p style=\"text-align: justify\">El ministro de Relaciones Exteriores, Hugo Claudio de Zela Mart\u00ednez, agradeci\u00f3 a los 96 c\u00f3nsules generales que trajeron el material electoral, por su labor en los comicios generales y, al mismo tiempo, les transmiti\u00f3 los espacios de mejora para que la segunda vuelta electoral se desarrolle sin inconvenientes.<\/p>\n<p style=\"text-align: justify\">\n<p style=\"text-align: justify\">Durante la reuni\u00f3n con la Alta Direcci\u00f3n de la Canciller\u00eda, efectuada en la v\u00edspera, los c\u00f3nsules dieron cuenta de las principales dificultades afrontadas durante el proceso electoral y se discutieron medidas para mejorar dichos procesos.<\/p>\n<p style=\"text-align: justify\">\n<p style=\"text-align: justify\">Los diplom\u00e1ticos reconocieron el arduo trabajo de los voluntarios y miembros de mesa que se quedaron en los locales electorales hasta altas horas de la noche a fin de finalizar el escrutinio.<\/p>\n<div id=\"attachment_9867\" style=\"width: 1610px\" class=\"wp-caption alignnone\"><img loading=\"lazy\" decoding=\"async\" aria-describedby=\"caption-attachment-9867\" class=\"size-full wp-image-9867\" src=\"https:\/\/noti-america.com\/site\/peru\/wp-content\/uploads\/sites\/8\/2026\/04\/IMG-20260417-WA01011.jpg\" alt=\"\" width=\"1600\" height=\"1066\" srcset=\"https:\/\/noti-america.com\/site\/peru\/wp-content\/uploads\/sites\/8\/2026\/04\/IMG-20260417-WA01011.jpg 1600w, https:\/\/noti-america.com\/site\/peru\/wp-content\/uploads\/sites\/8\/2026\/04\/IMG-20260417-WA01011-300x200.jpg 300w, https:\/\/noti-america.com\/site\/peru\/wp-content\/uploads\/sites\/8\/2026\/04\/IMG-20260417-WA01011-1024x682.jpg 1024w, https:\/\/noti-america.com\/site\/peru\/wp-content\/uploads\/sites\/8\/2026\/04\/IMG-20260417-WA01011-768x512.jpg 768w, https:\/\/noti-america.com\/site\/peru\/wp-content\/uploads\/sites\/8\/2026\/04\/IMG-20260417-WA01011-1536x1023.jpg 1536w, https:\/\/noti-america.com\/site\/peru\/wp-content\/uploads\/sites\/8\/2026\/04\/IMG-20260417-WA01011-272x182.jpg 272w\" sizes=\"auto, (max-width: 1600px) 100vw, 1600px\" \/><p id=\"caption-attachment-9867\" class=\"wp-caption-text\">Foto: Andina \/Difusi\u00f3n.<\/p><\/div>\n<p>&nbsp;<\/p>\n<p style=\"text-align: justify\">Durante la jornada electoral en el exterior, las oficinas consulares reportaron la instalaci\u00f3n de 2.495 mesas de sufragio, lo que representa el 99,9 % del total.<\/p>\n<p style=\"text-align: justify\">\n<p style=\"text-align: justify\">Con relaci\u00f3n al arribo del material electoral del exterior, el primer env\u00edo lleg\u00f3 procedente de La Paz, Bolivia. Luego, progresivamente arrib\u00f3 el material electoral de otras ciudades del mundo, incluyendo aquellas con un importante n\u00famero de connacionales, como Santiago de Chile, Mil\u00e1n y Roma (Italia), Barcelona y Madrid (Espa\u00f1a), Miami, Nueva York, Los \u00c1ngeles, Washington y Paterson (Estados Unidos), Nagoya y Tokio (Jap\u00f3n) y Par\u00eds (Francia).<\/p>\n<p style=\"text-align: justify\">\n<p style=\"text-align: justify\">Como ejemplo del trabajo realizado, se ha resaltado la labor del c\u00f3nsul general del Per\u00fa en Buenos Aires, arrib\u00f3 la noche del mi\u00e9rcoles 15 de abril con una carga de 1,5 toneladas.<\/p>\n<p style=\"text-align: justify\">\n<p style=\"text-align: justify\">Importante ser\u00eda conocer detalles de la reuni\u00f3n sostenida con la Alta Direcci\u00f3n de la Canciller\u00eda y los C\u00f3nsules que participaron activamente en la jornada electoral.<\/p>\n","protected":false},"excerpt":{"rendered":"<p>NOTI-AM\u00c9RICA PER\u00da Por Geomar Pacheco Rivera Los c\u00f3nsules generales de diferentes ciudades del mundo arribaron a nuestro pa\u00eds luego de las elecciones generales 2026 del \u00faltimo domingo 12 de abril, portando consigo las actas&#46;&#46;&#46;<\/p>\n","protected":false},"author":70,"featured_media":9867,"comment_status":"open","ping_status":"open","sticky":false,"template":"","format":"standard","meta":{"_acf_changed":false,"rop_custom_images_group":[],"rop_custom_messages_group":[],"rop_publish_now":"no","rop_publish_now_accounts":{"twitter_242054905_242054905":""},"rop_publish_now_history":[{"account":"twitter_242054905_242054905","service":"twitter","timestamp":1776490073,"status":"error"}],"rop_publish_now_status":"done","footnotes":""},"categories":[268,279],"tags":[],"class_list":["post-9866","post","type-post","status-publish","format-standard","has-post-thumbnail","hentry","category-acturalidad","category-elecciones-peru-2026"],"acf":[],"yoast_head":"<!-- This site is optimized with the Yoast SEO Premium plugin v24.9 (Yoast SEO v27.2) - https:\/\/yoast.com\/product\/yoast-seo-premium-wordpress\/ -->\n<title>EL MATERIAL ELECTORAL EMPLEADO POR LOS PERUANOS EN EL EXTERIOR SE ENCUENTRA EN EL PER\u00da - Per\u00fa | Noti-America.com<\/title>\n<meta name=\"robots\" content=\"index, follow, max-snippet:-1, max-image-preview:large, max-video-preview:-1\" \/>\n<link rel=\"canonical\" href=\"https:\/\/noti-america.com\/site\/peru\/2026\/04\/18\/el-material-electoral-empleado-por-los-peruanos-en-el-exterior-se-encuentra-en-el-peru\/\" \/>\n<meta property=\"og:locale\" content=\"es_ES\" \/>\n<meta property=\"og:type\" content=\"article\" \/>\n<meta property=\"og:title\" content=\"EL MATERIAL ELECTORAL EMPLEADO POR LOS PERUANOS EN EL EXTERIOR SE ENCUENTRA EN EL PER\u00da\" \/>\n<meta property=\"og:description\" content=\"NOTI-AM\u00c9RICA PER\u00da Por Geomar Pacheco Rivera Los c\u00f3nsules generales de diferentes ciudades del mundo arribaron a nuestro pa\u00eds luego de las elecciones generales 2026 del \u00faltimo domingo 12 de abril, portando consigo las actas&#046;&#046;&#046;\" \/>\n<meta property=\"og:url\" content=\"https:\/\/noti-america.com\/site\/peru\/2026\/04\/18\/el-material-electoral-empleado-por-los-peruanos-en-el-exterior-se-encuentra-en-el-peru\/\" \/>\n<meta property=\"og:site_name\" content=\"Per\u00fa | Noti-America.com\" \/>\n<meta property=\"article:published_time\" content=\"2026-04-18T05:27:28+00:00\" \/>\n<meta property=\"og:image\" content=\"https:\/\/noti-america.com\/site\/peru\/wp-content\/uploads\/sites\/8\/2026\/04\/IMG-20260417-WA01011.jpg\" \/>\n\t<meta property=\"og:image:width\" content=\"1600\" \/>\n\t<meta property=\"og:image:height\" content=\"1066\" \/>\n\t<meta property=\"og:image:type\" content=\"image\/jpeg\" \/>\n<meta name=\"author\" content=\"Geomar Pacheco R.\" \/>\n<meta name=\"twitter:card\" content=\"summary_large_image\" \/>\n<meta name=\"twitter:creator\" content=\"@GeomarPacheco1\" \/>\n<meta name=\"twitter:label1\" content=\"Escrito por\" \/>\n\t<meta name=\"twitter:data1\" content=\"Geomar Pacheco R.\" \/>\n\t<meta name=\"twitter:label2\" content=\"Tiempo estimado de lectura\" \/>\n\t<meta name=\"twitter:data2\" content=\"2 minutos\" \/>\n<script type=\"application\/ld+json\" class=\"yoast-schema-graph\">{\"@context\":\"https:\/\/schema.org\",\"@graph\":[{\"@type\":\"Article\",\"@id\":\"https:\/\/noti-america.com\/site\/peru\/2026\/04\/18\/el-material-electoral-empleado-por-los-peruanos-en-el-exterior-se-encuentra-en-el-peru\/#article\",\"isPartOf\":{\"@id\":\"https:\/\/noti-america.com\/site\/peru\/2026\/04\/18\/el-material-electoral-empleado-por-los-peruanos-en-el-exterior-se-encuentra-en-el-peru\/\"},\"author\":{\"name\":\"Geomar Pacheco R.\",\"@id\":\"https:\/\/noti-america.com\/site\/peru\/#\/schema\/person\/28a35f20383bf2485bc838bfe76aebdc\"},\"headline\":\"EL MATERIAL ELECTORAL EMPLEADO POR LOS PERUANOS EN EL EXTERIOR SE ENCUENTRA EN EL PER\u00da\",\"datePublished\":\"2026-04-18T05:27:28+00:00\",\"mainEntityOfPage\":{\"@id\":\"https:\/\/noti-america.com\/site\/peru\/2026\/04\/18\/el-material-electoral-empleado-por-los-peruanos-en-el-exterior-se-encuentra-en-el-peru\/\"},\"wordCount\":369,\"commentCount\":0,\"publisher\":{\"@id\":\"https:\/\/noti-america.com\/site\/peru\/#organization\"},\"image\":{\"@id\":\"https:\/\/noti-america.com\/site\/peru\/2026\/04\/18\/el-material-electoral-empleado-por-los-peruanos-en-el-exterior-se-encuentra-en-el-peru\/#primaryimage\"},\"thumbnailUrl\":\"https:\/\/noti-america.com\/site\/peru\/wp-content\/uploads\/sites\/8\/2026\/04\/IMG-20260417-WA01011.jpg\",\"articleSection\":[\"Actualidad\",\"Elecciones Per\u00fa 2026\"],\"inLanguage\":\"es\",\"potentialAction\":[{\"@type\":\"CommentAction\",\"name\":\"Comment\",\"target\":[\"https:\/\/noti-america.com\/site\/peru\/2026\/04\/18\/el-material-electoral-empleado-por-los-peruanos-en-el-exterior-se-encuentra-en-el-peru\/#respond\"]}]},{\"@type\":\"WebPage\",\"@id\":\"https:\/\/noti-america.com\/site\/peru\/2026\/04\/18\/el-material-electoral-empleado-por-los-peruanos-en-el-exterior-se-encuentra-en-el-peru\/\",\"url\":\"https:\/\/noti-america.com\/site\/peru\/2026\/04\/18\/el-material-electoral-empleado-por-los-peruanos-en-el-exterior-se-encuentra-en-el-peru\/\",\"name\":\"EL MATERIAL ELECTORAL EMPLEADO POR LOS PERUANOS EN EL EXTERIOR SE ENCUENTRA EN EL PER\u00da - Per\u00fa | Noti-America.com\",\"isPartOf\":{\"@id\":\"https:\/\/noti-america.com\/site\/peru\/#website\"},\"primaryImageOfPage\":{\"@id\":\"https:\/\/noti-america.com\/site\/peru\/2026\/04\/18\/el-material-electoral-empleado-por-los-peruanos-en-el-exterior-se-encuentra-en-el-peru\/#primaryimage\"},\"image\":{\"@id\":\"https:\/\/noti-america.com\/site\/peru\/2026\/04\/18\/el-material-electoral-empleado-por-los-peruanos-en-el-exterior-se-encuentra-en-el-peru\/#primaryimage\"},\"thumbnailUrl\":\"https:\/\/noti-america.com\/site\/peru\/wp-content\/uploads\/sites\/8\/2026\/04\/IMG-20260417-WA01011.jpg\",\"datePublished\":\"2026-04-18T05:27:28+00:00\",\"breadcrumb\":{\"@id\":\"https:\/\/noti-america.com\/site\/peru\/2026\/04\/18\/el-material-electoral-empleado-por-los-peruanos-en-el-exterior-se-encuentra-en-el-peru\/#breadcrumb\"},\"inLanguage\":\"es\",\"potentialAction\":[{\"@type\":\"ReadAction\",\"target\":[\"https:\/\/noti-america.com\/site\/peru\/2026\/04\/18\/el-material-electoral-empleado-por-los-peruanos-en-el-exterior-se-encuentra-en-el-peru\/\"]}]},{\"@type\":\"ImageObject\",\"inLanguage\":\"es\",\"@id\":\"https:\/\/noti-america.com\/site\/peru\/2026\/04\/18\/el-material-electoral-empleado-por-los-peruanos-en-el-exterior-se-encuentra-en-el-peru\/#primaryimage\",\"url\":\"https:\/\/noti-america.com\/site\/peru\/wp-content\/uploads\/sites\/8\/2026\/04\/IMG-20260417-WA01011.jpg\",\"contentUrl\":\"https:\/\/noti-america.com\/site\/peru\/wp-content\/uploads\/sites\/8\/2026\/04\/IMG-20260417-WA01011.jpg\",\"width\":1600,\"height\":1066,\"caption\":\"Foto: Andina \/Difusi\u00f3n.\"},{\"@type\":\"BreadcrumbList\",\"@id\":\"https:\/\/noti-america.com\/site\/peru\/2026\/04\/18\/el-material-electoral-empleado-por-los-peruanos-en-el-exterior-se-encuentra-en-el-peru\/#breadcrumb\",\"itemListElement\":[{\"@type\":\"ListItem\",\"position\":1,\"name\":\"Portada\",\"item\":\"https:\/\/noti-america.com\/site\/peru\/\"},{\"@type\":\"ListItem\",\"position\":2,\"name\":\"EL MATERIAL ELECTORAL EMPLEADO POR LOS PERUANOS EN EL EXTERIOR SE ENCUENTRA EN EL PER\u00da\"}]},{\"@type\":\"WebSite\",\"@id\":\"https:\/\/noti-america.com\/site\/peru\/#website\",\"url\":\"https:\/\/noti-america.com\/site\/peru\/\",\"name\":\"Per\u00fa | Noti-America.com\",\"description\":\"\",\"publisher\":{\"@id\":\"https:\/\/noti-america.com\/site\/peru\/#organization\"},\"potentialAction\":[{\"@type\":\"SearchAction\",\"target\":{\"@type\":\"EntryPoint\",\"urlTemplate\":\"https:\/\/noti-america.com\/site\/peru\/?s={search_term_string}\"},\"query-input\":{\"@type\":\"PropertyValueSpecification\",\"valueRequired\":true,\"valueName\":\"search_term_string\"}}],\"inLanguage\":\"es\"},{\"@type\":\"Organization\",\"@id\":\"https:\/\/noti-america.com\/site\/peru\/#organization\",\"name\":\"Noti-America LLC | Per\u00fa\",\"url\":\"https:\/\/noti-america.com\/site\/peru\/\",\"logo\":{\"@type\":\"ImageObject\",\"inLanguage\":\"es\",\"@id\":\"https:\/\/noti-america.com\/site\/peru\/#\/schema\/logo\/image\/\",\"url\":\"https:\/\/noti-america.com\/site\/peru\/wp-content\/uploads\/sites\/8\/2020\/07\/LogoNA-4x3-1.jpg\",\"contentUrl\":\"https:\/\/noti-america.com\/site\/peru\/wp-content\/uploads\/sites\/8\/2020\/07\/LogoNA-4x3-1.jpg\",\"width\":1236,\"height\":1080,\"caption\":\"Noti-America LLC | Per\u00fa\"},\"image\":{\"@id\":\"https:\/\/noti-america.com\/site\/peru\/#\/schema\/logo\/image\/\"}},{\"@type\":\"Person\",\"@id\":\"https:\/\/noti-america.com\/site\/peru\/#\/schema\/person\/28a35f20383bf2485bc838bfe76aebdc\",\"name\":\"Geomar Pacheco R.\",\"image\":{\"@type\":\"ImageObject\",\"inLanguage\":\"es\",\"@id\":\"https:\/\/secure.gravatar.com\/avatar\/5f09cb527f9632e92234c6fc6e2cbcefebeed6bdeb0f9129ea4cbc7aa71587c6?s=96&d=mm&r=g\",\"url\":\"https:\/\/secure.gravatar.com\/avatar\/5f09cb527f9632e92234c6fc6e2cbcefebeed6bdeb0f9129ea4cbc7aa71587c6?s=96&d=mm&r=g\",\"contentUrl\":\"https:\/\/secure.gravatar.com\/avatar\/5f09cb527f9632e92234c6fc6e2cbcefebeed6bdeb0f9129ea4cbc7aa71587c6?s=96&d=mm&r=g\",\"caption\":\"Geomar Pacheco R.\"},\"sameAs\":[\"https:\/\/x.com\/GeomarPacheco1\"],\"url\":\"https:\/\/noti-america.com\/site\/peru\/author\/gpacheco\/\"}]}<\/script>\n<!-- \/ Yoast SEO Premium plugin. -->","yoast_head_json":{"title":"EL MATERIAL ELECTORAL EMPLEADO POR LOS PERUANOS EN EL EXTERIOR SE ENCUENTRA EN EL PER\u00da - Per\u00fa | Noti-America.com","robots":{"index":"index","follow":"follow","max-snippet":"max-snippet:-1","max-image-preview":"max-image-preview:large","max-video-preview":"max-video-preview:-1"},"canonical":"https:\/\/noti-america.com\/site\/peru\/2026\/04\/18\/el-material-electoral-empleado-por-los-peruanos-en-el-exterior-se-encuentra-en-el-peru\/","og_locale":"es_ES","og_type":"article","og_title":"EL MATERIAL ELECTORAL EMPLEADO POR LOS PERUANOS EN EL EXTERIOR SE ENCUENTRA EN EL PER\u00da","og_description":"NOTI-AM\u00c9RICA PER\u00da Por Geomar Pacheco Rivera Los c\u00f3nsules generales de diferentes ciudades del mundo arribaron a nuestro pa\u00eds luego de las elecciones generales 2026 del \u00faltimo domingo 12 de abril, portando consigo las actas&#46;&#46;&#46;","og_url":"https:\/\/noti-america.com\/site\/peru\/2026\/04\/18\/el-material-electoral-empleado-por-los-peruanos-en-el-exterior-se-encuentra-en-el-peru\/","og_site_name":"Per\u00fa | Noti-America.com","article_published_time":"2026-04-18T05:27:28+00:00","og_image":[{"width":1600,"height":1066,"url":"https:\/\/noti-america.com\/site\/peru\/wp-content\/uploads\/sites\/8\/2026\/04\/IMG-20260417-WA01011.jpg","type":"image\/jpeg"}],"author":"Geomar Pacheco R.","twitter_card":"summary_large_image","twitter_creator":"@GeomarPacheco1","twitter_misc":{"Escrito por":"Geomar Pacheco R.","Tiempo estimado de lectura":"2 minutos"},"schema":{"@context":"https:\/\/schema.org","@graph":[{"@type":"Article","@id":"https:\/\/noti-america.com\/site\/peru\/2026\/04\/18\/el-material-electoral-empleado-por-los-peruanos-en-el-exterior-se-encuentra-en-el-peru\/#article","isPartOf":{"@id":"https:\/\/noti-america.com\/site\/peru\/2026\/04\/18\/el-material-electoral-empleado-por-los-peruanos-en-el-exterior-se-encuentra-en-el-peru\/"},"author":{"name":"Geomar Pacheco R.","@id":"https:\/\/noti-america.com\/site\/peru\/#\/schema\/person\/28a35f20383bf2485bc838bfe76aebdc"},"headline":"EL MATERIAL ELECTORAL EMPLEADO POR LOS PERUANOS EN EL EXTERIOR SE ENCUENTRA EN EL PER\u00da","datePublished":"2026-04-18T05:27:28+00:00","mainEntityOfPage":{"@id":"https:\/\/noti-america.com\/site\/peru\/2026\/04\/18\/el-material-electoral-empleado-por-los-peruanos-en-el-exterior-se-encuentra-en-el-peru\/"},"wordCount":369,"commentCount":0,"publisher":{"@id":"https:\/\/noti-america.com\/site\/peru\/#organization"},"image":{"@id":"https:\/\/noti-america.com\/site\/peru\/2026\/04\/18\/el-material-electoral-empleado-por-los-peruanos-en-el-exterior-se-encuentra-en-el-peru\/#primaryimage"},"thumbnailUrl":"https:\/\/noti-america.com\/site\/peru\/wp-content\/uploads\/sites\/8\/2026\/04\/IMG-20260417-WA01011.jpg","articleSection":["Actualidad","Elecciones Per\u00fa 2026"],"inLanguage":"es","potentialAction":[{"@type":"CommentAction","name":"Comment","target":["https:\/\/noti-america.com\/site\/peru\/2026\/04\/18\/el-material-electoral-empleado-por-los-peruanos-en-el-exterior-se-encuentra-en-el-peru\/#respond"]}]},{"@type":"WebPage","@id":"https:\/\/noti-america.com\/site\/peru\/2026\/04\/18\/el-material-electoral-empleado-por-los-peruanos-en-el-exterior-se-encuentra-en-el-peru\/","url":"https:\/\/noti-america.com\/site\/peru\/2026\/04\/18\/el-material-electoral-empleado-por-los-peruanos-en-el-exterior-se-encuentra-en-el-peru\/","name":"EL MATERIAL ELECTORAL EMPLEADO POR LOS PERUANOS EN EL EXTERIOR SE ENCUENTRA EN EL PER\u00da - Per\u00fa | Noti-America.com","isPartOf":{"@id":"https:\/\/noti-america.com\/site\/peru\/#website"},"primaryImageOfPage":{"@id":"https:\/\/noti-america.com\/site\/peru\/2026\/04\/18\/el-material-electoral-empleado-por-los-peruanos-en-el-exterior-se-encuentra-en-el-peru\/#primaryimage"},"image":{"@id":"https:\/\/noti-america.com\/site\/peru\/2026\/04\/18\/el-material-electoral-empleado-por-los-peruanos-en-el-exterior-se-encuentra-en-el-peru\/#primaryimage"},"thumbnailUrl":"https:\/\/noti-america.com\/site\/peru\/wp-content\/uploads\/sites\/8\/2026\/04\/IMG-20260417-WA01011.jpg","datePublished":"2026-04-18T05:27:28+00:00","breadcrumb":{"@id":"https:\/\/noti-america.com\/site\/peru\/2026\/04\/18\/el-material-electoral-empleado-por-los-peruanos-en-el-exterior-se-encuentra-en-el-peru\/#breadcrumb"},"inLanguage":"es","potentialAction":[{"@type":"ReadAction","target":["https:\/\/noti-america.com\/site\/peru\/2026\/04\/18\/el-material-electoral-empleado-por-los-peruanos-en-el-exterior-se-encuentra-en-el-peru\/"]}]},{"@type":"ImageObject","inLanguage":"es","@id":"https:\/\/noti-america.com\/site\/peru\/2026\/04\/18\/el-material-electoral-empleado-por-los-peruanos-en-el-exterior-se-encuentra-en-el-peru\/#primaryimage","url":"https:\/\/noti-america.com\/site\/peru\/wp-content\/uploads\/sites\/8\/2026\/04\/IMG-20260417-WA01011.jpg","contentUrl":"https:\/\/noti-america.com\/site\/peru\/wp-content\/uploads\/sites\/8\/2026\/04\/IMG-20260417-WA01011.jpg","width":1600,"height":1066,"caption":"Foto: Andina \/Difusi\u00f3n."},{"@type":"BreadcrumbList","@id":"https:\/\/noti-america.com\/site\/peru\/2026\/04\/18\/el-material-electoral-empleado-por-los-peruanos-en-el-exterior-se-encuentra-en-el-peru\/#breadcrumb","itemListElement":[{"@type":"ListItem","position":1,"name":"Portada","item":"https:\/\/noti-america.com\/site\/peru\/"},{"@type":"ListItem","position":2,"name":"EL MATERIAL ELECTORAL EMPLEADO POR LOS PERUANOS EN EL EXTERIOR SE ENCUENTRA EN EL PER\u00da"}]},{"@type":"WebSite","@id":"https:\/\/noti-america.com\/site\/peru\/#website","url":"https:\/\/noti-america.com\/site\/peru\/","name":"Per\u00fa | Noti-America.com","description":"","publisher":{"@id":"https:\/\/noti-america.com\/site\/peru\/#organization"},"potentialAction":[{"@type":"SearchAction","target":{"@type":"EntryPoint","urlTemplate":"https:\/\/noti-america.com\/site\/peru\/?s={search_term_string}"},"query-input":{"@type":"PropertyValueSpecification","valueRequired":true,"valueName":"search_term_string"}}],"inLanguage":"es"},{"@type":"Organization","@id":"https:\/\/noti-america.com\/site\/peru\/#organization","name":"Noti-America LLC | Per\u00fa","url":"https:\/\/noti-america.com\/site\/peru\/","logo":{"@type":"ImageObject","inLanguage":"es","@id":"https:\/\/noti-america.com\/site\/peru\/#\/schema\/logo\/image\/","url":"https:\/\/noti-america.com\/site\/peru\/wp-content\/uploads\/sites\/8\/2020\/07\/LogoNA-4x3-1.jpg","contentUrl":"https:\/\/noti-america.com\/site\/peru\/wp-content\/uploads\/sites\/8\/2020\/07\/LogoNA-4x3-1.jpg","width":1236,"height":1080,"caption":"Noti-America LLC | Per\u00fa"},"image":{"@id":"https:\/\/noti-america.com\/site\/peru\/#\/schema\/logo\/image\/"}},{"@type":"Person","@id":"https:\/\/noti-america.com\/site\/peru\/#\/schema\/person\/28a35f20383bf2485bc838bfe76aebdc","name":"Geomar Pacheco R.","image":{"@type":"ImageObject","inLanguage":"es","@id":"https:\/\/secure.gravatar.com\/avatar\/5f09cb527f9632e92234c6fc6e2cbcefebeed6bdeb0f9129ea4cbc7aa71587c6?s=96&d=mm&r=g","url":"https:\/\/secure.gravatar.com\/avatar\/5f09cb527f9632e92234c6fc6e2cbcefebeed6bdeb0f9129ea4cbc7aa71587c6?s=96&d=mm&r=g","contentUrl":"https:\/\/secure.gravatar.com\/avatar\/5f09cb527f9632e92234c6fc6e2cbcefebeed6bdeb0f9129ea4cbc7aa71587c6?s=96&d=mm&r=g","caption":"Geomar Pacheco R."},"sameAs":["https:\/\/x.com\/GeomarPacheco1"],"url":"https:\/\/noti-america.com\/site\/peru\/author\/gpacheco\/"}]}},"_links":{"self":[{"href":"https:\/\/noti-america.com\/site\/peru\/wp-json\/wp\/v2\/posts\/9866","targetHints":{"allow":["GET"]}}],"collection":[{"href":"https:\/\/noti-america.com\/site\/peru\/wp-json\/wp\/v2\/posts"}],"about":[{"href":"https:\/\/noti-america.com\/site\/peru\/wp-json\/wp\/v2\/types\/post"}],"author":[{"embeddable":true,"href":"https:\/\/noti-america.com\/site\/peru\/wp-json\/wp\/v2\/users\/70"}],"replies":[{"embeddable":true,"href":"https:\/\/noti-america.com\/site\/peru\/wp-json\/wp\/v2\/comments?post=9866"}],"version-history":[{"count":1,"href":"https:\/\/noti-america.com\/site\/peru\/wp-json\/wp\/v2\/posts\/9866\/revisions"}],"predecessor-version":[{"id":9868,"href":"https:\/\/noti-america.com\/site\/peru\/wp-json\/wp\/v2\/posts\/9866\/revisions\/9868"}],"wp:featuredmedia":[{"embeddable":true,"href":"https:\/\/noti-america.com\/site\/peru\/wp-json\/wp\/v2\/media\/9867"}],"wp:attachment":[{"href":"https:\/\/noti-america.com\/site\/peru\/wp-json\/wp\/v2\/media?parent=9866"}],"wp:term":[{"taxonomy":"category","embeddable":true,"href":"https:\/\/noti-america.com\/site\/peru\/wp-json\/wp\/v2\/categories?post=9866"},{"taxonomy":"post_tag","embeddable":true,"href":"https:\/\/noti-america.com\/site\/peru\/wp-json\/wp\/v2\/tags?post=9866"}],"curies":[{"name":"wp","href":"https:\/\/api.w.org\/{rel}","templated":true}]}}