{"id":9853,"date":"2026-04-17T04:58:26","date_gmt":"2026-04-17T04:58:26","guid":{"rendered":"https:\/\/noti-america.com\/site\/peru\/?p=9853"},"modified":"2026-04-17T04:58:26","modified_gmt":"2026-04-17T04:58:26","slug":"congresistas-otorgan-voto-de-confianza-al-gabinete-balcazar-arroyo","status":"publish","type":"post","link":"https:\/\/noti-america.com\/site\/peru\/2026\/04\/17\/congresistas-otorgan-voto-de-confianza-al-gabinete-balcazar-arroyo\/","title":{"rendered":"CONGRESISTAS OTORGAN VOTO DE CONFIANZA AL GABINETE BALC\u00c1ZAR-ARROYO"},"content":{"rendered":"<p style=\"text-align: justify\"><strong>NOTI-AM\u00c9RICA PER\u00da<\/strong><\/p>\n<p style=\"text-align: justify\">\n<p style=\"text-align: right\"><strong>Por Geomar Pacheco Rivera<\/strong><\/p>\n<p style=\"text-align: justify\">\n<p style=\"text-align: justify\">\n<p style=\"text-align: justify\">El presidente del Consejo de Ministros, Luis Enrique Arroyo S\u00e1nchez, agradeci\u00f3 el voto de confianza otorgado por el Congreso de la Rep\u00fablica al gabinete ministerial que lidera y reafirm\u00f3 el compromiso de impulsar una gesti\u00f3n orientada a atender las necesidades de las regiones y provincias del pa\u00eds.<\/p>\n<p style=\"text-align: justify\">\n<div id=\"attachment_9854\" style=\"width: 1610px\" class=\"wp-caption alignnone\"><img loading=\"lazy\" decoding=\"async\" aria-describedby=\"caption-attachment-9854\" class=\"size-full wp-image-9854\" src=\"https:\/\/noti-america.com\/site\/peru\/wp-content\/uploads\/sites\/8\/2026\/04\/IMG-20260416-WA0086.jpg\" alt=\"\" width=\"1600\" height=\"1066\" srcset=\"https:\/\/noti-america.com\/site\/peru\/wp-content\/uploads\/sites\/8\/2026\/04\/IMG-20260416-WA0086.jpg 1600w, https:\/\/noti-america.com\/site\/peru\/wp-content\/uploads\/sites\/8\/2026\/04\/IMG-20260416-WA0086-300x200.jpg 300w, https:\/\/noti-america.com\/site\/peru\/wp-content\/uploads\/sites\/8\/2026\/04\/IMG-20260416-WA0086-1024x682.jpg 1024w, https:\/\/noti-america.com\/site\/peru\/wp-content\/uploads\/sites\/8\/2026\/04\/IMG-20260416-WA0086-768x512.jpg 768w, https:\/\/noti-america.com\/site\/peru\/wp-content\/uploads\/sites\/8\/2026\/04\/IMG-20260416-WA0086-1536x1023.jpg 1536w, https:\/\/noti-america.com\/site\/peru\/wp-content\/uploads\/sites\/8\/2026\/04\/IMG-20260416-WA0086-272x182.jpg 272w\" sizes=\"auto, (max-width: 1600px) 100vw, 1600px\" \/><p id=\"caption-attachment-9854\" class=\"wp-caption-text\">Foto: Congreso de la Rep\u00fablica.<\/p><\/div>\n<p style=\"text-align: justify\">\u201cTenemos la plena seguridad de que no vamos a desmerecer el respaldo recibido. Este 27 de julio culminaremos nuestra labor con mejores condiciones para el pa\u00eds y con presencia en el Per\u00fa profundo. Seguiremos enfocados en cerrar brechas y destrabar proyectos en beneficio de la poblaci\u00f3n\u201d, se\u00f1al\u00f3 Arroyo.<\/p>\n<p style=\"text-align: justify\">\n<p style=\"text-align: justify\">Desde el Palacio de Gobierno, junto al presidente de la Rep\u00fablica, Jos\u00e9 Mar\u00eda Balc\u00e1zar, el jefe de gabinete destac\u00f3 que el equipo que lidera tiene un perfil t\u00e9cnico y de gesti\u00f3n, enfocado en resultados concretos. Asimismo, remarc\u00f3 que, para la segunda vuelta electoral, el Poder Ejecutivo promover\u00e1 el trabajo articulado de las Fuerzas Armadas, la Polic\u00eda Nacional del Per\u00fa, la Canciller\u00eda y el Ministerio de Educaci\u00f3n.<\/p>\n<p style=\"text-align: justify\">\n<p style=\"text-align: justify\">A su turno, el jefe de Estado sostuvo que el respaldo del Parlamento responde al trabajo eficaz de los ministros y afirm\u00f3 que este resultado fortalece la labor del Ejecutivo en los meses restantes de gesti\u00f3n. \u201cEstamos en la l\u00ednea correcta, en un proceso de integraci\u00f3n nacional, y buscamos dejar el camino preparado para el pr\u00f3ximo gobierno\u201d, manifest\u00f3.<\/p>\n<div id=\"attachment_9855\" style=\"width: 1610px\" class=\"wp-caption alignnone\"><img loading=\"lazy\" decoding=\"async\" aria-describedby=\"caption-attachment-9855\" class=\"wp-image-9855 size-full\" src=\"https:\/\/noti-america.com\/site\/peru\/wp-content\/uploads\/sites\/8\/2026\/04\/IMG-20260416-WA0087.jpg\" alt=\"\" width=\"1600\" height=\"1066\" srcset=\"https:\/\/noti-america.com\/site\/peru\/wp-content\/uploads\/sites\/8\/2026\/04\/IMG-20260416-WA0087.jpg 1600w, https:\/\/noti-america.com\/site\/peru\/wp-content\/uploads\/sites\/8\/2026\/04\/IMG-20260416-WA0087-300x200.jpg 300w, https:\/\/noti-america.com\/site\/peru\/wp-content\/uploads\/sites\/8\/2026\/04\/IMG-20260416-WA0087-1024x682.jpg 1024w, https:\/\/noti-america.com\/site\/peru\/wp-content\/uploads\/sites\/8\/2026\/04\/IMG-20260416-WA0087-768x512.jpg 768w, https:\/\/noti-america.com\/site\/peru\/wp-content\/uploads\/sites\/8\/2026\/04\/IMG-20260416-WA0087-1536x1023.jpg 1536w, https:\/\/noti-america.com\/site\/peru\/wp-content\/uploads\/sites\/8\/2026\/04\/IMG-20260416-WA0087-272x182.jpg 272w\" sizes=\"auto, (max-width: 1600px) 100vw, 1600px\" \/><p id=\"caption-attachment-9855\" class=\"wp-caption-text\">Foto: ANDINA\/Prensa Presidencia<\/p><\/div>\n<p style=\"text-align: justify\">El Congreso de la Rep\u00fablica otorg\u00f3 el voto de confianza al gabinete ministerial con 72 votos a favor, luego de la exposici\u00f3n de la pol\u00edtica general de gobierno. Durante su presentaci\u00f3n ante el pleno, el titular de la Presidencia del Consejo de Ministros sustent\u00f3 los tres ejes de la gesti\u00f3n: seguridad ciudadana, continuidad econ\u00f3mica y transici\u00f3n democr\u00e1tica ordenada.<\/p>\n<p style=\"text-align: justify\">\n<p style=\"text-align: justify\">Quedamos atentos al desarrollo de la gesti\u00f3n desde el Ejecutivo.<\/p>\n","protected":false},"excerpt":{"rendered":"<p>NOTI-AM\u00c9RICA PER\u00da Por Geomar Pacheco Rivera El presidente del Consejo de Ministros, Luis Enrique Arroyo S\u00e1nchez, agradeci\u00f3 el voto de confianza otorgado por el Congreso de la Rep\u00fablica al gabinete ministerial que lidera y&#46;&#46;&#46;<\/p>\n","protected":false},"author":70,"featured_media":9854,"comment_status":"open","ping_status":"open","sticky":false,"template":"","format":"standard","meta":{"_acf_changed":false,"rop_custom_images_group":[],"rop_custom_messages_group":[],"rop_publish_now":"no","rop_publish_now_accounts":{"twitter_242054905_242054905":""},"rop_publish_now_history":[{"account":"twitter_242054905_242054905","service":"twitter","timestamp":1776401935,"status":"error"}],"rop_publish_now_status":"done","footnotes":""},"categories":[268,279,117],"tags":[],"class_list":["post-9853","post","type-post","status-publish","format-standard","has-post-thumbnail","hentry","category-acturalidad","category-elecciones-peru-2026","category-es-noticia-en"],"acf":[],"yoast_head":"<!-- This site is optimized with the Yoast SEO Premium plugin v24.9 (Yoast SEO v27.2) - https:\/\/yoast.com\/product\/yoast-seo-premium-wordpress\/ -->\n<title>CONGRESISTAS OTORGAN VOTO DE CONFIANZA AL GABINETE BALC\u00c1ZAR-ARROYO - Per\u00fa | Noti-America.com<\/title>\n<meta name=\"robots\" content=\"index, follow, max-snippet:-1, max-image-preview:large, max-video-preview:-1\" \/>\n<link rel=\"canonical\" href=\"https:\/\/noti-america.com\/site\/peru\/2026\/04\/17\/congresistas-otorgan-voto-de-confianza-al-gabinete-balcazar-arroyo\/\" \/>\n<meta property=\"og:locale\" content=\"es_ES\" \/>\n<meta property=\"og:type\" content=\"article\" \/>\n<meta property=\"og:title\" content=\"CONGRESISTAS OTORGAN VOTO DE CONFIANZA AL GABINETE BALC\u00c1ZAR-ARROYO\" \/>\n<meta property=\"og:description\" content=\"NOTI-AM\u00c9RICA PER\u00da Por Geomar Pacheco Rivera El presidente del Consejo de Ministros, Luis Enrique Arroyo S\u00e1nchez, agradeci\u00f3 el voto de confianza otorgado por el Congreso de la Rep\u00fablica al gabinete ministerial que lidera y&#046;&#046;&#046;\" \/>\n<meta property=\"og:url\" content=\"https:\/\/noti-america.com\/site\/peru\/2026\/04\/17\/congresistas-otorgan-voto-de-confianza-al-gabinete-balcazar-arroyo\/\" \/>\n<meta property=\"og:site_name\" content=\"Per\u00fa | Noti-America.com\" \/>\n<meta property=\"article:published_time\" content=\"2026-04-17T04:58:26+00:00\" \/>\n<meta property=\"og:image\" content=\"https:\/\/noti-america.com\/site\/peru\/wp-content\/uploads\/sites\/8\/2026\/04\/IMG-20260416-WA0086.jpg\" \/>\n\t<meta property=\"og:image:width\" content=\"1600\" \/>\n\t<meta property=\"og:image:height\" content=\"1066\" \/>\n\t<meta property=\"og:image:type\" content=\"image\/jpeg\" \/>\n<meta name=\"author\" content=\"Geomar Pacheco R.\" \/>\n<meta name=\"twitter:card\" content=\"summary_large_image\" \/>\n<meta name=\"twitter:creator\" content=\"@GeomarPacheco1\" \/>\n<meta name=\"twitter:label1\" content=\"Escrito por\" \/>\n\t<meta name=\"twitter:data1\" content=\"Geomar Pacheco R.\" \/>\n\t<meta name=\"twitter:label2\" content=\"Tiempo estimado de lectura\" \/>\n\t<meta name=\"twitter:data2\" content=\"2 minutos\" \/>\n<script type=\"application\/ld+json\" class=\"yoast-schema-graph\">{\"@context\":\"https:\/\/schema.org\",\"@graph\":[{\"@type\":\"Article\",\"@id\":\"https:\/\/noti-america.com\/site\/peru\/2026\/04\/17\/congresistas-otorgan-voto-de-confianza-al-gabinete-balcazar-arroyo\/#article\",\"isPartOf\":{\"@id\":\"https:\/\/noti-america.com\/site\/peru\/2026\/04\/17\/congresistas-otorgan-voto-de-confianza-al-gabinete-balcazar-arroyo\/\"},\"author\":{\"name\":\"Geomar Pacheco R.\",\"@id\":\"https:\/\/noti-america.com\/site\/peru\/#\/schema\/person\/28a35f20383bf2485bc838bfe76aebdc\"},\"headline\":\"CONGRESISTAS OTORGAN VOTO DE CONFIANZA AL GABINETE BALC\u00c1ZAR-ARROYO\",\"datePublished\":\"2026-04-17T04:58:26+00:00\",\"mainEntityOfPage\":{\"@id\":\"https:\/\/noti-america.com\/site\/peru\/2026\/04\/17\/congresistas-otorgan-voto-de-confianza-al-gabinete-balcazar-arroyo\/\"},\"wordCount\":353,\"commentCount\":0,\"publisher\":{\"@id\":\"https:\/\/noti-america.com\/site\/peru\/#organization\"},\"image\":{\"@id\":\"https:\/\/noti-america.com\/site\/peru\/2026\/04\/17\/congresistas-otorgan-voto-de-confianza-al-gabinete-balcazar-arroyo\/#primaryimage\"},\"thumbnailUrl\":\"https:\/\/noti-america.com\/site\/peru\/wp-content\/uploads\/sites\/8\/2026\/04\/IMG-20260416-WA0086.jpg\",\"articleSection\":[\"Actualidad\",\"Elecciones Per\u00fa 2026\",\"Es Noticia en\"],\"inLanguage\":\"es\",\"potentialAction\":[{\"@type\":\"CommentAction\",\"name\":\"Comment\",\"target\":[\"https:\/\/noti-america.com\/site\/peru\/2026\/04\/17\/congresistas-otorgan-voto-de-confianza-al-gabinete-balcazar-arroyo\/#respond\"]}]},{\"@type\":\"WebPage\",\"@id\":\"https:\/\/noti-america.com\/site\/peru\/2026\/04\/17\/congresistas-otorgan-voto-de-confianza-al-gabinete-balcazar-arroyo\/\",\"url\":\"https:\/\/noti-america.com\/site\/peru\/2026\/04\/17\/congresistas-otorgan-voto-de-confianza-al-gabinete-balcazar-arroyo\/\",\"name\":\"CONGRESISTAS OTORGAN VOTO DE CONFIANZA AL GABINETE BALC\u00c1ZAR-ARROYO - Per\u00fa | Noti-America.com\",\"isPartOf\":{\"@id\":\"https:\/\/noti-america.com\/site\/peru\/#website\"},\"primaryImageOfPage\":{\"@id\":\"https:\/\/noti-america.com\/site\/peru\/2026\/04\/17\/congresistas-otorgan-voto-de-confianza-al-gabinete-balcazar-arroyo\/#primaryimage\"},\"image\":{\"@id\":\"https:\/\/noti-america.com\/site\/peru\/2026\/04\/17\/congresistas-otorgan-voto-de-confianza-al-gabinete-balcazar-arroyo\/#primaryimage\"},\"thumbnailUrl\":\"https:\/\/noti-america.com\/site\/peru\/wp-content\/uploads\/sites\/8\/2026\/04\/IMG-20260416-WA0086.jpg\",\"datePublished\":\"2026-04-17T04:58:26+00:00\",\"breadcrumb\":{\"@id\":\"https:\/\/noti-america.com\/site\/peru\/2026\/04\/17\/congresistas-otorgan-voto-de-confianza-al-gabinete-balcazar-arroyo\/#breadcrumb\"},\"inLanguage\":\"es\",\"potentialAction\":[{\"@type\":\"ReadAction\",\"target\":[\"https:\/\/noti-america.com\/site\/peru\/2026\/04\/17\/congresistas-otorgan-voto-de-confianza-al-gabinete-balcazar-arroyo\/\"]}]},{\"@type\":\"ImageObject\",\"inLanguage\":\"es\",\"@id\":\"https:\/\/noti-america.com\/site\/peru\/2026\/04\/17\/congresistas-otorgan-voto-de-confianza-al-gabinete-balcazar-arroyo\/#primaryimage\",\"url\":\"https:\/\/noti-america.com\/site\/peru\/wp-content\/uploads\/sites\/8\/2026\/04\/IMG-20260416-WA0086.jpg\",\"contentUrl\":\"https:\/\/noti-america.com\/site\/peru\/wp-content\/uploads\/sites\/8\/2026\/04\/IMG-20260416-WA0086.jpg\",\"width\":1600,\"height\":1066,\"caption\":\"Foto: Congreso de la Rep\u00fablica.\"},{\"@type\":\"BreadcrumbList\",\"@id\":\"https:\/\/noti-america.com\/site\/peru\/2026\/04\/17\/congresistas-otorgan-voto-de-confianza-al-gabinete-balcazar-arroyo\/#breadcrumb\",\"itemListElement\":[{\"@type\":\"ListItem\",\"position\":1,\"name\":\"Portada\",\"item\":\"https:\/\/noti-america.com\/site\/peru\/\"},{\"@type\":\"ListItem\",\"position\":2,\"name\":\"CONGRESISTAS OTORGAN VOTO DE CONFIANZA AL GABINETE BALC\u00c1ZAR-ARROYO\"}]},{\"@type\":\"WebSite\",\"@id\":\"https:\/\/noti-america.com\/site\/peru\/#website\",\"url\":\"https:\/\/noti-america.com\/site\/peru\/\",\"name\":\"Per\u00fa | Noti-America.com\",\"description\":\"\",\"publisher\":{\"@id\":\"https:\/\/noti-america.com\/site\/peru\/#organization\"},\"potentialAction\":[{\"@type\":\"SearchAction\",\"target\":{\"@type\":\"EntryPoint\",\"urlTemplate\":\"https:\/\/noti-america.com\/site\/peru\/?s={search_term_string}\"},\"query-input\":{\"@type\":\"PropertyValueSpecification\",\"valueRequired\":true,\"valueName\":\"search_term_string\"}}],\"inLanguage\":\"es\"},{\"@type\":\"Organization\",\"@id\":\"https:\/\/noti-america.com\/site\/peru\/#organization\",\"name\":\"Noti-America LLC | Per\u00fa\",\"url\":\"https:\/\/noti-america.com\/site\/peru\/\",\"logo\":{\"@type\":\"ImageObject\",\"inLanguage\":\"es\",\"@id\":\"https:\/\/noti-america.com\/site\/peru\/#\/schema\/logo\/image\/\",\"url\":\"https:\/\/noti-america.com\/site\/peru\/wp-content\/uploads\/sites\/8\/2020\/07\/LogoNA-4x3-1.jpg\",\"contentUrl\":\"https:\/\/noti-america.com\/site\/peru\/wp-content\/uploads\/sites\/8\/2020\/07\/LogoNA-4x3-1.jpg\",\"width\":1236,\"height\":1080,\"caption\":\"Noti-America LLC | Per\u00fa\"},\"image\":{\"@id\":\"https:\/\/noti-america.com\/site\/peru\/#\/schema\/logo\/image\/\"}},{\"@type\":\"Person\",\"@id\":\"https:\/\/noti-america.com\/site\/peru\/#\/schema\/person\/28a35f20383bf2485bc838bfe76aebdc\",\"name\":\"Geomar Pacheco R.\",\"image\":{\"@type\":\"ImageObject\",\"inLanguage\":\"es\",\"@id\":\"https:\/\/secure.gravatar.com\/avatar\/5f09cb527f9632e92234c6fc6e2cbcefebeed6bdeb0f9129ea4cbc7aa71587c6?s=96&d=mm&r=g\",\"url\":\"https:\/\/secure.gravatar.com\/avatar\/5f09cb527f9632e92234c6fc6e2cbcefebeed6bdeb0f9129ea4cbc7aa71587c6?s=96&d=mm&r=g\",\"contentUrl\":\"https:\/\/secure.gravatar.com\/avatar\/5f09cb527f9632e92234c6fc6e2cbcefebeed6bdeb0f9129ea4cbc7aa71587c6?s=96&d=mm&r=g\",\"caption\":\"Geomar Pacheco R.\"},\"sameAs\":[\"https:\/\/x.com\/GeomarPacheco1\"],\"url\":\"https:\/\/noti-america.com\/site\/peru\/author\/gpacheco\/\"}]}<\/script>\n<!-- \/ Yoast SEO Premium plugin. -->","yoast_head_json":{"title":"CONGRESISTAS OTORGAN VOTO DE CONFIANZA AL GABINETE BALC\u00c1ZAR-ARROYO - Per\u00fa | Noti-America.com","robots":{"index":"index","follow":"follow","max-snippet":"max-snippet:-1","max-image-preview":"max-image-preview:large","max-video-preview":"max-video-preview:-1"},"canonical":"https:\/\/noti-america.com\/site\/peru\/2026\/04\/17\/congresistas-otorgan-voto-de-confianza-al-gabinete-balcazar-arroyo\/","og_locale":"es_ES","og_type":"article","og_title":"CONGRESISTAS OTORGAN VOTO DE CONFIANZA AL GABINETE BALC\u00c1ZAR-ARROYO","og_description":"NOTI-AM\u00c9RICA PER\u00da Por Geomar Pacheco Rivera El presidente del Consejo de Ministros, Luis Enrique Arroyo S\u00e1nchez, agradeci\u00f3 el voto de confianza otorgado por el Congreso de la Rep\u00fablica al gabinete ministerial que lidera y&#46;&#46;&#46;","og_url":"https:\/\/noti-america.com\/site\/peru\/2026\/04\/17\/congresistas-otorgan-voto-de-confianza-al-gabinete-balcazar-arroyo\/","og_site_name":"Per\u00fa | Noti-America.com","article_published_time":"2026-04-17T04:58:26+00:00","og_image":[{"width":1600,"height":1066,"url":"https:\/\/noti-america.com\/site\/peru\/wp-content\/uploads\/sites\/8\/2026\/04\/IMG-20260416-WA0086.jpg","type":"image\/jpeg"}],"author":"Geomar Pacheco R.","twitter_card":"summary_large_image","twitter_creator":"@GeomarPacheco1","twitter_misc":{"Escrito por":"Geomar Pacheco R.","Tiempo estimado de lectura":"2 minutos"},"schema":{"@context":"https:\/\/schema.org","@graph":[{"@type":"Article","@id":"https:\/\/noti-america.com\/site\/peru\/2026\/04\/17\/congresistas-otorgan-voto-de-confianza-al-gabinete-balcazar-arroyo\/#article","isPartOf":{"@id":"https:\/\/noti-america.com\/site\/peru\/2026\/04\/17\/congresistas-otorgan-voto-de-confianza-al-gabinete-balcazar-arroyo\/"},"author":{"name":"Geomar Pacheco R.","@id":"https:\/\/noti-america.com\/site\/peru\/#\/schema\/person\/28a35f20383bf2485bc838bfe76aebdc"},"headline":"CONGRESISTAS OTORGAN VOTO DE CONFIANZA AL GABINETE BALC\u00c1ZAR-ARROYO","datePublished":"2026-04-17T04:58:26+00:00","mainEntityOfPage":{"@id":"https:\/\/noti-america.com\/site\/peru\/2026\/04\/17\/congresistas-otorgan-voto-de-confianza-al-gabinete-balcazar-arroyo\/"},"wordCount":353,"commentCount":0,"publisher":{"@id":"https:\/\/noti-america.com\/site\/peru\/#organization"},"image":{"@id":"https:\/\/noti-america.com\/site\/peru\/2026\/04\/17\/congresistas-otorgan-voto-de-confianza-al-gabinete-balcazar-arroyo\/#primaryimage"},"thumbnailUrl":"https:\/\/noti-america.com\/site\/peru\/wp-content\/uploads\/sites\/8\/2026\/04\/IMG-20260416-WA0086.jpg","articleSection":["Actualidad","Elecciones Per\u00fa 2026","Es Noticia en"],"inLanguage":"es","potentialAction":[{"@type":"CommentAction","name":"Comment","target":["https:\/\/noti-america.com\/site\/peru\/2026\/04\/17\/congresistas-otorgan-voto-de-confianza-al-gabinete-balcazar-arroyo\/#respond"]}]},{"@type":"WebPage","@id":"https:\/\/noti-america.com\/site\/peru\/2026\/04\/17\/congresistas-otorgan-voto-de-confianza-al-gabinete-balcazar-arroyo\/","url":"https:\/\/noti-america.com\/site\/peru\/2026\/04\/17\/congresistas-otorgan-voto-de-confianza-al-gabinete-balcazar-arroyo\/","name":"CONGRESISTAS OTORGAN VOTO DE CONFIANZA AL GABINETE BALC\u00c1ZAR-ARROYO - Per\u00fa | Noti-America.com","isPartOf":{"@id":"https:\/\/noti-america.com\/site\/peru\/#website"},"primaryImageOfPage":{"@id":"https:\/\/noti-america.com\/site\/peru\/2026\/04\/17\/congresistas-otorgan-voto-de-confianza-al-gabinete-balcazar-arroyo\/#primaryimage"},"image":{"@id":"https:\/\/noti-america.com\/site\/peru\/2026\/04\/17\/congresistas-otorgan-voto-de-confianza-al-gabinete-balcazar-arroyo\/#primaryimage"},"thumbnailUrl":"https:\/\/noti-america.com\/site\/peru\/wp-content\/uploads\/sites\/8\/2026\/04\/IMG-20260416-WA0086.jpg","datePublished":"2026-04-17T04:58:26+00:00","breadcrumb":{"@id":"https:\/\/noti-america.com\/site\/peru\/2026\/04\/17\/congresistas-otorgan-voto-de-confianza-al-gabinete-balcazar-arroyo\/#breadcrumb"},"inLanguage":"es","potentialAction":[{"@type":"ReadAction","target":["https:\/\/noti-america.com\/site\/peru\/2026\/04\/17\/congresistas-otorgan-voto-de-confianza-al-gabinete-balcazar-arroyo\/"]}]},{"@type":"ImageObject","inLanguage":"es","@id":"https:\/\/noti-america.com\/site\/peru\/2026\/04\/17\/congresistas-otorgan-voto-de-confianza-al-gabinete-balcazar-arroyo\/#primaryimage","url":"https:\/\/noti-america.com\/site\/peru\/wp-content\/uploads\/sites\/8\/2026\/04\/IMG-20260416-WA0086.jpg","contentUrl":"https:\/\/noti-america.com\/site\/peru\/wp-content\/uploads\/sites\/8\/2026\/04\/IMG-20260416-WA0086.jpg","width":1600,"height":1066,"caption":"Foto: Congreso de la Rep\u00fablica."},{"@type":"BreadcrumbList","@id":"https:\/\/noti-america.com\/site\/peru\/2026\/04\/17\/congresistas-otorgan-voto-de-confianza-al-gabinete-balcazar-arroyo\/#breadcrumb","itemListElement":[{"@type":"ListItem","position":1,"name":"Portada","item":"https:\/\/noti-america.com\/site\/peru\/"},{"@type":"ListItem","position":2,"name":"CONGRESISTAS OTORGAN VOTO DE CONFIANZA AL GABINETE BALC\u00c1ZAR-ARROYO"}]},{"@type":"WebSite","@id":"https:\/\/noti-america.com\/site\/peru\/#website","url":"https:\/\/noti-america.com\/site\/peru\/","name":"Per\u00fa | Noti-America.com","description":"","publisher":{"@id":"https:\/\/noti-america.com\/site\/peru\/#organization"},"potentialAction":[{"@type":"SearchAction","target":{"@type":"EntryPoint","urlTemplate":"https:\/\/noti-america.com\/site\/peru\/?s={search_term_string}"},"query-input":{"@type":"PropertyValueSpecification","valueRequired":true,"valueName":"search_term_string"}}],"inLanguage":"es"},{"@type":"Organization","@id":"https:\/\/noti-america.com\/site\/peru\/#organization","name":"Noti-America LLC | Per\u00fa","url":"https:\/\/noti-america.com\/site\/peru\/","logo":{"@type":"ImageObject","inLanguage":"es","@id":"https:\/\/noti-america.com\/site\/peru\/#\/schema\/logo\/image\/","url":"https:\/\/noti-america.com\/site\/peru\/wp-content\/uploads\/sites\/8\/2020\/07\/LogoNA-4x3-1.jpg","contentUrl":"https:\/\/noti-america.com\/site\/peru\/wp-content\/uploads\/sites\/8\/2020\/07\/LogoNA-4x3-1.jpg","width":1236,"height":1080,"caption":"Noti-America LLC | Per\u00fa"},"image":{"@id":"https:\/\/noti-america.com\/site\/peru\/#\/schema\/logo\/image\/"}},{"@type":"Person","@id":"https:\/\/noti-america.com\/site\/peru\/#\/schema\/person\/28a35f20383bf2485bc838bfe76aebdc","name":"Geomar Pacheco R.","image":{"@type":"ImageObject","inLanguage":"es","@id":"https:\/\/secure.gravatar.com\/avatar\/5f09cb527f9632e92234c6fc6e2cbcefebeed6bdeb0f9129ea4cbc7aa71587c6?s=96&d=mm&r=g","url":"https:\/\/secure.gravatar.com\/avatar\/5f09cb527f9632e92234c6fc6e2cbcefebeed6bdeb0f9129ea4cbc7aa71587c6?s=96&d=mm&r=g","contentUrl":"https:\/\/secure.gravatar.com\/avatar\/5f09cb527f9632e92234c6fc6e2cbcefebeed6bdeb0f9129ea4cbc7aa71587c6?s=96&d=mm&r=g","caption":"Geomar Pacheco R."},"sameAs":["https:\/\/x.com\/GeomarPacheco1"],"url":"https:\/\/noti-america.com\/site\/peru\/author\/gpacheco\/"}]}},"_links":{"self":[{"href":"https:\/\/noti-america.com\/site\/peru\/wp-json\/wp\/v2\/posts\/9853","targetHints":{"allow":["GET"]}}],"collection":[{"href":"https:\/\/noti-america.com\/site\/peru\/wp-json\/wp\/v2\/posts"}],"about":[{"href":"https:\/\/noti-america.com\/site\/peru\/wp-json\/wp\/v2\/types\/post"}],"author":[{"embeddable":true,"href":"https:\/\/noti-america.com\/site\/peru\/wp-json\/wp\/v2\/users\/70"}],"replies":[{"embeddable":true,"href":"https:\/\/noti-america.com\/site\/peru\/wp-json\/wp\/v2\/comments?post=9853"}],"version-history":[{"count":1,"href":"https:\/\/noti-america.com\/site\/peru\/wp-json\/wp\/v2\/posts\/9853\/revisions"}],"predecessor-version":[{"id":9856,"href":"https:\/\/noti-america.com\/site\/peru\/wp-json\/wp\/v2\/posts\/9853\/revisions\/9856"}],"wp:featuredmedia":[{"embeddable":true,"href":"https:\/\/noti-america.com\/site\/peru\/wp-json\/wp\/v2\/media\/9854"}],"wp:attachment":[{"href":"https:\/\/noti-america.com\/site\/peru\/wp-json\/wp\/v2\/media?parent=9853"}],"wp:term":[{"taxonomy":"category","embeddable":true,"href":"https:\/\/noti-america.com\/site\/peru\/wp-json\/wp\/v2\/categories?post=9853"},{"taxonomy":"post_tag","embeddable":true,"href":"https:\/\/noti-america.com\/site\/peru\/wp-json\/wp\/v2\/tags?post=9853"}],"curies":[{"name":"wp","href":"https:\/\/api.w.org\/{rel}","templated":true}]}}