{"id":9836,"date":"2026-04-15T01:32:19","date_gmt":"2026-04-15T01:32:19","guid":{"rendered":"https:\/\/noti-america.com\/site\/peru\/?p=9836"},"modified":"2026-04-15T01:32:19","modified_gmt":"2026-04-15T01:32:19","slug":"elecciones-sin-delito-no-se-lograron-en-el-peru","status":"publish","type":"post","link":"https:\/\/noti-america.com\/site\/peru\/2026\/04\/15\/elecciones-sin-delito-no-se-lograron-en-el-peru\/","title":{"rendered":"ELECCIONES SIN DELITO NO SE LOGRARON EN EL PER\u00da"},"content":{"rendered":"<p style=\"text-align: justify\">\n<p style=\"text-align: justify\"><strong>NOTI-AM\u00c9RICA PER\u00da<\/strong><\/p>\n<p style=\"text-align: justify\">\n<p style=\"text-align: justify\"><strong>Por Geomar Pacheco Rivera<\/strong><\/p>\n<p style=\"text-align: justify\">\n<p style=\"text-align: justify\">\n<p style=\"text-align: justify\">El Ministerio P\u00fablico inform\u00f3 que viene evaluando las responsabilidades penales derivadas de las deficiencias operativas registradas durante las elecciones generales 2026, as\u00ed como del manejo y custodia del material electoral en diversos distritos de Lima.<\/p>\n<p style=\"text-align: justify\"><img loading=\"lazy\" decoding=\"async\" class=\"alignnone size-full wp-image-9838\" src=\"https:\/\/noti-america.com\/site\/peru\/wp-content\/uploads\/sites\/8\/2026\/04\/IMG-20250825-WA0093.jpg\" alt=\"\" width=\"500\" height=\"333\" srcset=\"https:\/\/noti-america.com\/site\/peru\/wp-content\/uploads\/sites\/8\/2026\/04\/IMG-20250825-WA0093.jpg 500w, https:\/\/noti-america.com\/site\/peru\/wp-content\/uploads\/sites\/8\/2026\/04\/IMG-20250825-WA0093-300x200.jpg 300w, https:\/\/noti-america.com\/site\/peru\/wp-content\/uploads\/sites\/8\/2026\/04\/IMG-20250825-WA0093-272x182.jpg 272w\" sizes=\"auto, (max-width: 500px) 100vw, 500px\" \/><\/p>\n<p style=\"text-align: justify\">El coordinador nacional de la Fiscal\u00eda de Prevenci\u00f3n del Delito, Alfonso Barrenechea Cabrera, se\u00f1al\u00f3 que durante la jornada electoral se detectaron retrasos en la instalaci\u00f3n de mesas, problemas en la distribuci\u00f3n del material y fallas en la cadena de seguridad, lo que afect\u00f3 el normal desarrollo del sufragio. \u201cHa habido serias deficiencias operativas por parte de ONPE, lo que ha generado evidentemente un retraso en el material electoral\u201d, precis\u00f3.<\/p>\n<p style=\"text-align: justify\">\n<p style=\"text-align: justify\">A trav\u00e9s de la iniciativa \u201cElecciones sin delitos 2026\u201d, el Ministerio P\u00fablico precis\u00f3 que entre el 11 y el 13 de abril se realizaron 14.721 acciones preventivas a nivel nacional, lo que represent\u00f3 88,5 por ciento de toda la operaci\u00f3n desplegada durante el proceso electoral.<\/p>\n<p style=\"text-align: justify\">\n<p style=\"text-align: justify\">Indic\u00f3 que el Ministerio P\u00fablico tom\u00f3 conocimiento de situaciones ocurridas en distritos como Lur\u00edn, Pachacamac y San Juan de Miraflores, donde se concentraron irregularidades en la recolecci\u00f3n y traslado de c\u00e9dulas de votaci\u00f3n, por lo que se eval\u00faa dar parte a la fiscal\u00eda penal correspondiente.<\/p>\n<p style=\"text-align: justify\">\n<p style=\"text-align: justify\">\u201cEl d\u00eda de ayer, lunes 13, el Ministerio P\u00fablico ha tomado nota de todas las deficiencias que se han podido apreciar con motivo de los hechos en Lur\u00edn, Pachacamac y San Juan de Miraflores\u201d, sostuvo.<\/p>\n<div id=\"attachment_9839\" style=\"width: 1610px\" class=\"wp-caption alignnone\"><img loading=\"lazy\" decoding=\"async\" aria-describedby=\"caption-attachment-9839\" class=\"wp-image-9839 size-full\" src=\"https:\/\/noti-america.com\/site\/peru\/wp-content\/uploads\/sites\/8\/2026\/04\/IMG-20260414-WA0037.jpg\" alt=\"\" width=\"1600\" height=\"1066\" srcset=\"https:\/\/noti-america.com\/site\/peru\/wp-content\/uploads\/sites\/8\/2026\/04\/IMG-20260414-WA0037.jpg 1600w, https:\/\/noti-america.com\/site\/peru\/wp-content\/uploads\/sites\/8\/2026\/04\/IMG-20260414-WA0037-300x200.jpg 300w, https:\/\/noti-america.com\/site\/peru\/wp-content\/uploads\/sites\/8\/2026\/04\/IMG-20260414-WA0037-1024x682.jpg 1024w, https:\/\/noti-america.com\/site\/peru\/wp-content\/uploads\/sites\/8\/2026\/04\/IMG-20260414-WA0037-768x512.jpg 768w, https:\/\/noti-america.com\/site\/peru\/wp-content\/uploads\/sites\/8\/2026\/04\/IMG-20260414-WA0037-1536x1023.jpg 1536w, https:\/\/noti-america.com\/site\/peru\/wp-content\/uploads\/sites\/8\/2026\/04\/IMG-20260414-WA0037-272x182.jpg 272w\" sizes=\"auto, (max-width: 1600px) 100vw, 1600px\" \/><p id=\"caption-attachment-9839\" class=\"wp-caption-text\">Fotos: Andina Difusi\u00f3n<\/p><\/div>\n<p style=\"text-align: justify\">En relaci\u00f3n con la detenci\u00f3n preliminar de un funcionario de la Oficina Nacional de Procesos Electorales (ONPE), el representante explic\u00f3 que la medida responde al presunto delito de omisi\u00f3n o demora de actos funcionales, sin descartar que la investigaci\u00f3n alcance a otros funcionarios.<\/p>\n<p style=\"text-align: justify\">\n<p style=\"text-align: justify\">\u201cSe ha procedido a la detenci\u00f3n en flagrancia del se\u00f1or Jos\u00e9 Edilberto Samam\u00e9 Blas, gerente de Gesti\u00f3n Electoral de la ONPE, por el delito de omisi\u00f3n o demora de actos funcionales\u201d, indic\u00f3.<\/p>\n<p style=\"text-align: justify\">\n<p style=\"text-align: justify\">Barrenechea tambi\u00e9n advirti\u00f3 que, adem\u00e1s de las fallas operativas, se investiga un posible caso de colusi\u00f3n en la contrataci\u00f3n de una empresa encargada del despliegue log\u00edstico, la cual no habr\u00eda contado con la capacidad suficiente para cumplir con el servicio. \u201cSe va a establecer si adem\u00e1s de este acto de negligencia habr\u00e1 un acto doloso y por tanto con consecuencias penales\u201d, remarc\u00f3.<\/p>\n<p style=\"text-align: justify\"><img loading=\"lazy\" decoding=\"async\" class=\"alignnone size-full wp-image-9837\" src=\"https:\/\/noti-america.com\/site\/peru\/wp-content\/uploads\/sites\/8\/2026\/04\/IMG-20260414-WA0036.jpg\" alt=\"\" width=\"680\" height=\"455\" srcset=\"https:\/\/noti-america.com\/site\/peru\/wp-content\/uploads\/sites\/8\/2026\/04\/IMG-20260414-WA0036.jpg 680w, https:\/\/noti-america.com\/site\/peru\/wp-content\/uploads\/sites\/8\/2026\/04\/IMG-20260414-WA0036-300x201.jpg 300w, https:\/\/noti-america.com\/site\/peru\/wp-content\/uploads\/sites\/8\/2026\/04\/IMG-20260414-WA0036-272x182.jpg 272w\" sizes=\"auto, (max-width: 680px) 100vw, 680px\" \/><\/p>\n<p style=\"text-align: justify\">El Ministerio P\u00fablico investiga en este momento la gesti\u00f3n irregular del material electoral que podr\u00eda haber afectado el derecho de muchos ciudadanos al sufragio. Finalmente, se inform\u00f3 que fiscales de prevenci\u00f3n del delito continuar\u00e1n con labores de supervisi\u00f3n para verificar que el traslado y custodia del material electoral se realicen conforme a la ley.<\/p>\n","protected":false},"excerpt":{"rendered":"<p>NOTI-AM\u00c9RICA PER\u00da Por Geomar Pacheco Rivera El Ministerio P\u00fablico inform\u00f3 que viene evaluando las responsabilidades penales derivadas de las deficiencias operativas registradas durante las elecciones generales 2026, as\u00ed como del manejo y custodia del&#46;&#46;&#46;<\/p>\n","protected":false},"author":70,"featured_media":9839,"comment_status":"open","ping_status":"open","sticky":false,"template":"","format":"standard","meta":{"_acf_changed":false,"rop_custom_images_group":[],"rop_custom_messages_group":[],"rop_publish_now":"no","rop_publish_now_accounts":{"twitter_242054905_242054905":""},"rop_publish_now_history":[{"account":"twitter_242054905_242054905","service":"twitter","timestamp":1776216768,"status":"error"}],"rop_publish_now_status":"done","footnotes":""},"categories":[268,279],"tags":[],"class_list":["post-9836","post","type-post","status-publish","format-standard","has-post-thumbnail","hentry","category-acturalidad","category-elecciones-peru-2026"],"acf":[],"yoast_head":"<!-- This site is optimized with the Yoast SEO Premium plugin v24.9 (Yoast SEO v27.2) - https:\/\/yoast.com\/product\/yoast-seo-premium-wordpress\/ -->\n<title>ELECCIONES SIN DELITO NO SE LOGRARON EN EL PER\u00da - Per\u00fa | Noti-America.com<\/title>\n<meta name=\"robots\" content=\"index, follow, max-snippet:-1, max-image-preview:large, max-video-preview:-1\" \/>\n<link rel=\"canonical\" href=\"https:\/\/noti-america.com\/site\/peru\/2026\/04\/15\/elecciones-sin-delito-no-se-lograron-en-el-peru\/\" \/>\n<meta property=\"og:locale\" content=\"es_ES\" \/>\n<meta property=\"og:type\" content=\"article\" \/>\n<meta property=\"og:title\" content=\"ELECCIONES SIN DELITO NO SE LOGRARON EN EL PER\u00da\" \/>\n<meta property=\"og:description\" content=\"NOTI-AM\u00c9RICA PER\u00da Por Geomar Pacheco Rivera El Ministerio P\u00fablico inform\u00f3 que viene evaluando las responsabilidades penales derivadas de las deficiencias operativas registradas durante las elecciones generales 2026, as\u00ed como del manejo y custodia del&#046;&#046;&#046;\" \/>\n<meta property=\"og:url\" content=\"https:\/\/noti-america.com\/site\/peru\/2026\/04\/15\/elecciones-sin-delito-no-se-lograron-en-el-peru\/\" \/>\n<meta property=\"og:site_name\" content=\"Per\u00fa | Noti-America.com\" \/>\n<meta property=\"article:published_time\" content=\"2026-04-15T01:32:19+00:00\" \/>\n<meta property=\"og:image\" content=\"https:\/\/noti-america.com\/site\/peru\/wp-content\/uploads\/sites\/8\/2026\/04\/IMG-20260414-WA0037.jpg\" \/>\n\t<meta property=\"og:image:width\" content=\"1600\" \/>\n\t<meta property=\"og:image:height\" content=\"1066\" \/>\n\t<meta property=\"og:image:type\" content=\"image\/jpeg\" \/>\n<meta name=\"author\" content=\"Geomar Pacheco R.\" \/>\n<meta name=\"twitter:card\" content=\"summary_large_image\" \/>\n<meta name=\"twitter:creator\" content=\"@GeomarPacheco1\" \/>\n<meta name=\"twitter:label1\" content=\"Escrito por\" \/>\n\t<meta name=\"twitter:data1\" content=\"Geomar Pacheco R.\" \/>\n\t<meta name=\"twitter:label2\" content=\"Tiempo estimado de lectura\" \/>\n\t<meta name=\"twitter:data2\" content=\"3 minutos\" \/>\n<script type=\"application\/ld+json\" class=\"yoast-schema-graph\">{\"@context\":\"https:\/\/schema.org\",\"@graph\":[{\"@type\":\"Article\",\"@id\":\"https:\/\/noti-america.com\/site\/peru\/2026\/04\/15\/elecciones-sin-delito-no-se-lograron-en-el-peru\/#article\",\"isPartOf\":{\"@id\":\"https:\/\/noti-america.com\/site\/peru\/2026\/04\/15\/elecciones-sin-delito-no-se-lograron-en-el-peru\/\"},\"author\":{\"name\":\"Geomar Pacheco R.\",\"@id\":\"https:\/\/noti-america.com\/site\/peru\/#\/schema\/person\/28a35f20383bf2485bc838bfe76aebdc\"},\"headline\":\"ELECCIONES SIN DELITO NO SE LOGRARON EN EL PER\u00da\",\"datePublished\":\"2026-04-15T01:32:19+00:00\",\"mainEntityOfPage\":{\"@id\":\"https:\/\/noti-america.com\/site\/peru\/2026\/04\/15\/elecciones-sin-delito-no-se-lograron-en-el-peru\/\"},\"wordCount\":480,\"commentCount\":0,\"publisher\":{\"@id\":\"https:\/\/noti-america.com\/site\/peru\/#organization\"},\"image\":{\"@id\":\"https:\/\/noti-america.com\/site\/peru\/2026\/04\/15\/elecciones-sin-delito-no-se-lograron-en-el-peru\/#primaryimage\"},\"thumbnailUrl\":\"https:\/\/noti-america.com\/site\/peru\/wp-content\/uploads\/sites\/8\/2026\/04\/IMG-20260414-WA0037.jpg\",\"articleSection\":[\"Actualidad\",\"Elecciones Per\u00fa 2026\"],\"inLanguage\":\"es\",\"potentialAction\":[{\"@type\":\"CommentAction\",\"name\":\"Comment\",\"target\":[\"https:\/\/noti-america.com\/site\/peru\/2026\/04\/15\/elecciones-sin-delito-no-se-lograron-en-el-peru\/#respond\"]}]},{\"@type\":\"WebPage\",\"@id\":\"https:\/\/noti-america.com\/site\/peru\/2026\/04\/15\/elecciones-sin-delito-no-se-lograron-en-el-peru\/\",\"url\":\"https:\/\/noti-america.com\/site\/peru\/2026\/04\/15\/elecciones-sin-delito-no-se-lograron-en-el-peru\/\",\"name\":\"ELECCIONES SIN DELITO NO SE LOGRARON EN EL PER\u00da - Per\u00fa | Noti-America.com\",\"isPartOf\":{\"@id\":\"https:\/\/noti-america.com\/site\/peru\/#website\"},\"primaryImageOfPage\":{\"@id\":\"https:\/\/noti-america.com\/site\/peru\/2026\/04\/15\/elecciones-sin-delito-no-se-lograron-en-el-peru\/#primaryimage\"},\"image\":{\"@id\":\"https:\/\/noti-america.com\/site\/peru\/2026\/04\/15\/elecciones-sin-delito-no-se-lograron-en-el-peru\/#primaryimage\"},\"thumbnailUrl\":\"https:\/\/noti-america.com\/site\/peru\/wp-content\/uploads\/sites\/8\/2026\/04\/IMG-20260414-WA0037.jpg\",\"datePublished\":\"2026-04-15T01:32:19+00:00\",\"breadcrumb\":{\"@id\":\"https:\/\/noti-america.com\/site\/peru\/2026\/04\/15\/elecciones-sin-delito-no-se-lograron-en-el-peru\/#breadcrumb\"},\"inLanguage\":\"es\",\"potentialAction\":[{\"@type\":\"ReadAction\",\"target\":[\"https:\/\/noti-america.com\/site\/peru\/2026\/04\/15\/elecciones-sin-delito-no-se-lograron-en-el-peru\/\"]}]},{\"@type\":\"ImageObject\",\"inLanguage\":\"es\",\"@id\":\"https:\/\/noti-america.com\/site\/peru\/2026\/04\/15\/elecciones-sin-delito-no-se-lograron-en-el-peru\/#primaryimage\",\"url\":\"https:\/\/noti-america.com\/site\/peru\/wp-content\/uploads\/sites\/8\/2026\/04\/IMG-20260414-WA0037.jpg\",\"contentUrl\":\"https:\/\/noti-america.com\/site\/peru\/wp-content\/uploads\/sites\/8\/2026\/04\/IMG-20260414-WA0037.jpg\",\"width\":1600,\"height\":1066},{\"@type\":\"BreadcrumbList\",\"@id\":\"https:\/\/noti-america.com\/site\/peru\/2026\/04\/15\/elecciones-sin-delito-no-se-lograron-en-el-peru\/#breadcrumb\",\"itemListElement\":[{\"@type\":\"ListItem\",\"position\":1,\"name\":\"Portada\",\"item\":\"https:\/\/noti-america.com\/site\/peru\/\"},{\"@type\":\"ListItem\",\"position\":2,\"name\":\"ELECCIONES SIN DELITO NO SE LOGRARON EN EL PER\u00da\"}]},{\"@type\":\"WebSite\",\"@id\":\"https:\/\/noti-america.com\/site\/peru\/#website\",\"url\":\"https:\/\/noti-america.com\/site\/peru\/\",\"name\":\"Per\u00fa | Noti-America.com\",\"description\":\"\",\"publisher\":{\"@id\":\"https:\/\/noti-america.com\/site\/peru\/#organization\"},\"potentialAction\":[{\"@type\":\"SearchAction\",\"target\":{\"@type\":\"EntryPoint\",\"urlTemplate\":\"https:\/\/noti-america.com\/site\/peru\/?s={search_term_string}\"},\"query-input\":{\"@type\":\"PropertyValueSpecification\",\"valueRequired\":true,\"valueName\":\"search_term_string\"}}],\"inLanguage\":\"es\"},{\"@type\":\"Organization\",\"@id\":\"https:\/\/noti-america.com\/site\/peru\/#organization\",\"name\":\"Noti-America LLC | Per\u00fa\",\"url\":\"https:\/\/noti-america.com\/site\/peru\/\",\"logo\":{\"@type\":\"ImageObject\",\"inLanguage\":\"es\",\"@id\":\"https:\/\/noti-america.com\/site\/peru\/#\/schema\/logo\/image\/\",\"url\":\"https:\/\/noti-america.com\/site\/peru\/wp-content\/uploads\/sites\/8\/2020\/07\/LogoNA-4x3-1.jpg\",\"contentUrl\":\"https:\/\/noti-america.com\/site\/peru\/wp-content\/uploads\/sites\/8\/2020\/07\/LogoNA-4x3-1.jpg\",\"width\":1236,\"height\":1080,\"caption\":\"Noti-America LLC | Per\u00fa\"},\"image\":{\"@id\":\"https:\/\/noti-america.com\/site\/peru\/#\/schema\/logo\/image\/\"}},{\"@type\":\"Person\",\"@id\":\"https:\/\/noti-america.com\/site\/peru\/#\/schema\/person\/28a35f20383bf2485bc838bfe76aebdc\",\"name\":\"Geomar Pacheco R.\",\"image\":{\"@type\":\"ImageObject\",\"inLanguage\":\"es\",\"@id\":\"https:\/\/secure.gravatar.com\/avatar\/5f09cb527f9632e92234c6fc6e2cbcefebeed6bdeb0f9129ea4cbc7aa71587c6?s=96&d=mm&r=g\",\"url\":\"https:\/\/secure.gravatar.com\/avatar\/5f09cb527f9632e92234c6fc6e2cbcefebeed6bdeb0f9129ea4cbc7aa71587c6?s=96&d=mm&r=g\",\"contentUrl\":\"https:\/\/secure.gravatar.com\/avatar\/5f09cb527f9632e92234c6fc6e2cbcefebeed6bdeb0f9129ea4cbc7aa71587c6?s=96&d=mm&r=g\",\"caption\":\"Geomar Pacheco R.\"},\"sameAs\":[\"https:\/\/x.com\/GeomarPacheco1\"],\"url\":\"https:\/\/noti-america.com\/site\/peru\/author\/gpacheco\/\"}]}<\/script>\n<!-- \/ Yoast SEO Premium plugin. -->","yoast_head_json":{"title":"ELECCIONES SIN DELITO NO SE LOGRARON EN EL PER\u00da - Per\u00fa | Noti-America.com","robots":{"index":"index","follow":"follow","max-snippet":"max-snippet:-1","max-image-preview":"max-image-preview:large","max-video-preview":"max-video-preview:-1"},"canonical":"https:\/\/noti-america.com\/site\/peru\/2026\/04\/15\/elecciones-sin-delito-no-se-lograron-en-el-peru\/","og_locale":"es_ES","og_type":"article","og_title":"ELECCIONES SIN DELITO NO SE LOGRARON EN EL PER\u00da","og_description":"NOTI-AM\u00c9RICA PER\u00da Por Geomar Pacheco Rivera El Ministerio P\u00fablico inform\u00f3 que viene evaluando las responsabilidades penales derivadas de las deficiencias operativas registradas durante las elecciones generales 2026, as\u00ed como del manejo y custodia del&#46;&#46;&#46;","og_url":"https:\/\/noti-america.com\/site\/peru\/2026\/04\/15\/elecciones-sin-delito-no-se-lograron-en-el-peru\/","og_site_name":"Per\u00fa | Noti-America.com","article_published_time":"2026-04-15T01:32:19+00:00","og_image":[{"width":1600,"height":1066,"url":"https:\/\/noti-america.com\/site\/peru\/wp-content\/uploads\/sites\/8\/2026\/04\/IMG-20260414-WA0037.jpg","type":"image\/jpeg"}],"author":"Geomar Pacheco R.","twitter_card":"summary_large_image","twitter_creator":"@GeomarPacheco1","twitter_misc":{"Escrito por":"Geomar Pacheco R.","Tiempo estimado de lectura":"3 minutos"},"schema":{"@context":"https:\/\/schema.org","@graph":[{"@type":"Article","@id":"https:\/\/noti-america.com\/site\/peru\/2026\/04\/15\/elecciones-sin-delito-no-se-lograron-en-el-peru\/#article","isPartOf":{"@id":"https:\/\/noti-america.com\/site\/peru\/2026\/04\/15\/elecciones-sin-delito-no-se-lograron-en-el-peru\/"},"author":{"name":"Geomar Pacheco R.","@id":"https:\/\/noti-america.com\/site\/peru\/#\/schema\/person\/28a35f20383bf2485bc838bfe76aebdc"},"headline":"ELECCIONES SIN DELITO NO SE LOGRARON EN EL PER\u00da","datePublished":"2026-04-15T01:32:19+00:00","mainEntityOfPage":{"@id":"https:\/\/noti-america.com\/site\/peru\/2026\/04\/15\/elecciones-sin-delito-no-se-lograron-en-el-peru\/"},"wordCount":480,"commentCount":0,"publisher":{"@id":"https:\/\/noti-america.com\/site\/peru\/#organization"},"image":{"@id":"https:\/\/noti-america.com\/site\/peru\/2026\/04\/15\/elecciones-sin-delito-no-se-lograron-en-el-peru\/#primaryimage"},"thumbnailUrl":"https:\/\/noti-america.com\/site\/peru\/wp-content\/uploads\/sites\/8\/2026\/04\/IMG-20260414-WA0037.jpg","articleSection":["Actualidad","Elecciones Per\u00fa 2026"],"inLanguage":"es","potentialAction":[{"@type":"CommentAction","name":"Comment","target":["https:\/\/noti-america.com\/site\/peru\/2026\/04\/15\/elecciones-sin-delito-no-se-lograron-en-el-peru\/#respond"]}]},{"@type":"WebPage","@id":"https:\/\/noti-america.com\/site\/peru\/2026\/04\/15\/elecciones-sin-delito-no-se-lograron-en-el-peru\/","url":"https:\/\/noti-america.com\/site\/peru\/2026\/04\/15\/elecciones-sin-delito-no-se-lograron-en-el-peru\/","name":"ELECCIONES SIN DELITO NO SE LOGRARON EN EL PER\u00da - Per\u00fa | Noti-America.com","isPartOf":{"@id":"https:\/\/noti-america.com\/site\/peru\/#website"},"primaryImageOfPage":{"@id":"https:\/\/noti-america.com\/site\/peru\/2026\/04\/15\/elecciones-sin-delito-no-se-lograron-en-el-peru\/#primaryimage"},"image":{"@id":"https:\/\/noti-america.com\/site\/peru\/2026\/04\/15\/elecciones-sin-delito-no-se-lograron-en-el-peru\/#primaryimage"},"thumbnailUrl":"https:\/\/noti-america.com\/site\/peru\/wp-content\/uploads\/sites\/8\/2026\/04\/IMG-20260414-WA0037.jpg","datePublished":"2026-04-15T01:32:19+00:00","breadcrumb":{"@id":"https:\/\/noti-america.com\/site\/peru\/2026\/04\/15\/elecciones-sin-delito-no-se-lograron-en-el-peru\/#breadcrumb"},"inLanguage":"es","potentialAction":[{"@type":"ReadAction","target":["https:\/\/noti-america.com\/site\/peru\/2026\/04\/15\/elecciones-sin-delito-no-se-lograron-en-el-peru\/"]}]},{"@type":"ImageObject","inLanguage":"es","@id":"https:\/\/noti-america.com\/site\/peru\/2026\/04\/15\/elecciones-sin-delito-no-se-lograron-en-el-peru\/#primaryimage","url":"https:\/\/noti-america.com\/site\/peru\/wp-content\/uploads\/sites\/8\/2026\/04\/IMG-20260414-WA0037.jpg","contentUrl":"https:\/\/noti-america.com\/site\/peru\/wp-content\/uploads\/sites\/8\/2026\/04\/IMG-20260414-WA0037.jpg","width":1600,"height":1066},{"@type":"BreadcrumbList","@id":"https:\/\/noti-america.com\/site\/peru\/2026\/04\/15\/elecciones-sin-delito-no-se-lograron-en-el-peru\/#breadcrumb","itemListElement":[{"@type":"ListItem","position":1,"name":"Portada","item":"https:\/\/noti-america.com\/site\/peru\/"},{"@type":"ListItem","position":2,"name":"ELECCIONES SIN DELITO NO SE LOGRARON EN EL PER\u00da"}]},{"@type":"WebSite","@id":"https:\/\/noti-america.com\/site\/peru\/#website","url":"https:\/\/noti-america.com\/site\/peru\/","name":"Per\u00fa | Noti-America.com","description":"","publisher":{"@id":"https:\/\/noti-america.com\/site\/peru\/#organization"},"potentialAction":[{"@type":"SearchAction","target":{"@type":"EntryPoint","urlTemplate":"https:\/\/noti-america.com\/site\/peru\/?s={search_term_string}"},"query-input":{"@type":"PropertyValueSpecification","valueRequired":true,"valueName":"search_term_string"}}],"inLanguage":"es"},{"@type":"Organization","@id":"https:\/\/noti-america.com\/site\/peru\/#organization","name":"Noti-America LLC | Per\u00fa","url":"https:\/\/noti-america.com\/site\/peru\/","logo":{"@type":"ImageObject","inLanguage":"es","@id":"https:\/\/noti-america.com\/site\/peru\/#\/schema\/logo\/image\/","url":"https:\/\/noti-america.com\/site\/peru\/wp-content\/uploads\/sites\/8\/2020\/07\/LogoNA-4x3-1.jpg","contentUrl":"https:\/\/noti-america.com\/site\/peru\/wp-content\/uploads\/sites\/8\/2020\/07\/LogoNA-4x3-1.jpg","width":1236,"height":1080,"caption":"Noti-America LLC | Per\u00fa"},"image":{"@id":"https:\/\/noti-america.com\/site\/peru\/#\/schema\/logo\/image\/"}},{"@type":"Person","@id":"https:\/\/noti-america.com\/site\/peru\/#\/schema\/person\/28a35f20383bf2485bc838bfe76aebdc","name":"Geomar Pacheco R.","image":{"@type":"ImageObject","inLanguage":"es","@id":"https:\/\/secure.gravatar.com\/avatar\/5f09cb527f9632e92234c6fc6e2cbcefebeed6bdeb0f9129ea4cbc7aa71587c6?s=96&d=mm&r=g","url":"https:\/\/secure.gravatar.com\/avatar\/5f09cb527f9632e92234c6fc6e2cbcefebeed6bdeb0f9129ea4cbc7aa71587c6?s=96&d=mm&r=g","contentUrl":"https:\/\/secure.gravatar.com\/avatar\/5f09cb527f9632e92234c6fc6e2cbcefebeed6bdeb0f9129ea4cbc7aa71587c6?s=96&d=mm&r=g","caption":"Geomar Pacheco R."},"sameAs":["https:\/\/x.com\/GeomarPacheco1"],"url":"https:\/\/noti-america.com\/site\/peru\/author\/gpacheco\/"}]}},"_links":{"self":[{"href":"https:\/\/noti-america.com\/site\/peru\/wp-json\/wp\/v2\/posts\/9836","targetHints":{"allow":["GET"]}}],"collection":[{"href":"https:\/\/noti-america.com\/site\/peru\/wp-json\/wp\/v2\/posts"}],"about":[{"href":"https:\/\/noti-america.com\/site\/peru\/wp-json\/wp\/v2\/types\/post"}],"author":[{"embeddable":true,"href":"https:\/\/noti-america.com\/site\/peru\/wp-json\/wp\/v2\/users\/70"}],"replies":[{"embeddable":true,"href":"https:\/\/noti-america.com\/site\/peru\/wp-json\/wp\/v2\/comments?post=9836"}],"version-history":[{"count":1,"href":"https:\/\/noti-america.com\/site\/peru\/wp-json\/wp\/v2\/posts\/9836\/revisions"}],"predecessor-version":[{"id":9840,"href":"https:\/\/noti-america.com\/site\/peru\/wp-json\/wp\/v2\/posts\/9836\/revisions\/9840"}],"wp:featuredmedia":[{"embeddable":true,"href":"https:\/\/noti-america.com\/site\/peru\/wp-json\/wp\/v2\/media\/9839"}],"wp:attachment":[{"href":"https:\/\/noti-america.com\/site\/peru\/wp-json\/wp\/v2\/media?parent=9836"}],"wp:term":[{"taxonomy":"category","embeddable":true,"href":"https:\/\/noti-america.com\/site\/peru\/wp-json\/wp\/v2\/categories?post=9836"},{"taxonomy":"post_tag","embeddable":true,"href":"https:\/\/noti-america.com\/site\/peru\/wp-json\/wp\/v2\/tags?post=9836"}],"curies":[{"name":"wp","href":"https:\/\/api.w.org\/{rel}","templated":true}]}}