{"id":9681,"date":"2026-03-16T20:03:00","date_gmt":"2026-03-16T20:03:00","guid":{"rendered":"https:\/\/noti-america.com\/site\/peru\/?p=9681"},"modified":"2026-03-16T20:03:00","modified_gmt":"2026-03-16T20:03:00","slug":"proceso-electoral-nacional-de-duelo","status":"publish","type":"post","link":"https:\/\/noti-america.com\/site\/peru\/2026\/03\/16\/proceso-electoral-nacional-de-duelo\/","title":{"rendered":"PROCESO ELECTORAL NACIONAL DE DUELO"},"content":{"rendered":"<p><strong>NOTI-AM\u00c9RICA PER\u00da<\/strong><\/p>\n<p>&nbsp;<\/p>\n<p style=\"text-align: right\"><strong>Por Geomar Pacheco Rivera<\/strong><\/p>\n<p>&nbsp;<\/p>\n<p><span style=\"font-weight: 400\">El luto caracteriza desde hoy la campa\u00f1a electoral nacional del 2026 en el Per\u00fa, por el sensible fallecimiento del l\u00edder sindical Napole\u00f3n Becerra Garc\u00eda, candidato presidencial por el Partido de los Trabajadores y Emprendedores.<\/span><\/p>\n<p>&nbsp;<\/p>\n<p><span style=\"font-weight: 400\">Becerra Garc\u00eda, de 61 a\u00f1os de edad, perdi\u00f3 la vida este domingo 15 en un accidente vehicular, en momentos en que se dirig\u00eda a realizar actividades de campa\u00f1a electoral en el interior del pa\u00eds.<\/span><\/p>\n<div id=\"attachment_9682\" style=\"width: 1610px\" class=\"wp-caption alignnone\"><img loading=\"lazy\" decoding=\"async\" aria-describedby=\"caption-attachment-9682\" class=\"size-full wp-image-9682\" src=\"https:\/\/noti-america.com\/site\/peru\/wp-content\/uploads\/sites\/8\/2026\/03\/WhatsApp-Image-2026-03-15-at-11.59.56-PM.jpeg\" alt=\"\" width=\"1600\" height=\"1066\" srcset=\"https:\/\/noti-america.com\/site\/peru\/wp-content\/uploads\/sites\/8\/2026\/03\/WhatsApp-Image-2026-03-15-at-11.59.56-PM.jpeg 1600w, https:\/\/noti-america.com\/site\/peru\/wp-content\/uploads\/sites\/8\/2026\/03\/WhatsApp-Image-2026-03-15-at-11.59.56-PM-300x200.jpeg 300w, https:\/\/noti-america.com\/site\/peru\/wp-content\/uploads\/sites\/8\/2026\/03\/WhatsApp-Image-2026-03-15-at-11.59.56-PM-1024x682.jpeg 1024w, https:\/\/noti-america.com\/site\/peru\/wp-content\/uploads\/sites\/8\/2026\/03\/WhatsApp-Image-2026-03-15-at-11.59.56-PM-768x512.jpeg 768w, https:\/\/noti-america.com\/site\/peru\/wp-content\/uploads\/sites\/8\/2026\/03\/WhatsApp-Image-2026-03-15-at-11.59.56-PM-1536x1023.jpeg 1536w, https:\/\/noti-america.com\/site\/peru\/wp-content\/uploads\/sites\/8\/2026\/03\/WhatsApp-Image-2026-03-15-at-11.59.56-PM-272x182.jpeg 272w\" sizes=\"auto, (max-width: 1600px) 100vw, 1600px\" \/><p id=\"caption-attachment-9682\" class=\"wp-caption-text\">Foto: ANDINA\/ Ver\u00f3nica Calder\u00f3n Zu\u00f1iga<\/p><\/div>\n<p>&nbsp;<\/p>\n<p><span style=\"font-weight: 400\">El pol\u00edtico, en compa\u00f1\u00eda de su equipo de campa\u00f1a, integrado por una delegaci\u00f3n de postulantes al Congreso de la Rep\u00fablica, cumpl\u00eda un cronograma de visitas a las regiones de Ayacucho y Huancavelica.<\/span><\/p>\n<p>&nbsp;<\/p>\n<p><span style=\"font-weight: 400\">Lamentablemente, una maniobra del piloto que conduc\u00eda la camioneta en que viajaba caus\u00f3 un aparatoso accidente en la carretera hacia Ayacucho y, como consecuencia de ello, el candidato perdi\u00f3 la vida; los otros\u00a0 ocupantes quedaron heridos, y vienen siendo atendidos en el hospital de Huamanga.<\/span><\/p>\n<p>&nbsp;<\/p>\n<p><span style=\"font-weight: 400\">Por su parte, el Comit\u00e9 Ejecutivo Nacional del Partido de los Trabajadores y Emprendedores del Per\u00fa particip\u00f3 a la colectividad peruana el duelo nacional y resalt\u00f3 la labor cumplida durante d\u00e9cadas por el Becerra Garc\u00eda.<\/span><\/p>\n<p><img loading=\"lazy\" decoding=\"async\" class=\"size-full wp-image-9683 aligncenter\" src=\"https:\/\/noti-america.com\/site\/peru\/wp-content\/uploads\/sites\/8\/2026\/03\/WhatsApp-Image-2026-03-15-at-11.56.56-PM.jpeg\" alt=\"\" width=\"513\" height=\"640\" srcset=\"https:\/\/noti-america.com\/site\/peru\/wp-content\/uploads\/sites\/8\/2026\/03\/WhatsApp-Image-2026-03-15-at-11.56.56-PM.jpeg 513w, https:\/\/noti-america.com\/site\/peru\/wp-content\/uploads\/sites\/8\/2026\/03\/WhatsApp-Image-2026-03-15-at-11.56.56-PM-240x300.jpeg 240w\" sizes=\"auto, (max-width: 513px) 100vw, 513px\" \/><\/p>\n<p>&nbsp;<\/p>\n<p><span style=\"font-weight: 400\">Los miembros del partido manifestaron que \u201cla lucha no termina con un hombre, se eterniza en sus ideales\u201d, e invitaron a la militancia, trabajadores y emprendedores a rendirle honores al difunto candidato \u201cmanteniendo viva su bandera de lucha y compromiso por un Per\u00fa m\u00e1s justo\u201d.<\/span><\/p>\n<p>&nbsp;<\/p>\n<p><span style=\"font-weight: 400\">Tambi\u00e9n la Presidencia de la Rep\u00fablica y el presidente de la Rep\u00fablica, Jos\u00e9 Mar\u00eda Balc\u00e1zar, en lo personal, manifestaron\u00a0 su pesar por la partida del candidato de Becerra Garc\u00eda, representante del Partido de los Trabajadores y Emprendedores.<\/span><\/p>\n<p>&nbsp;<\/p>\n<p><span style=\"font-weight: 400\">\u201cExpresamos nuestras condolencias por el sensible fallecimiento de Napole\u00f3n Becerra Garc\u00eda, candidato presidencial del Partido de los Trabajadores y Emprendedores. Hacemos extensivo nuestro pesar a sus familiares, amigos y seguidores en este dif\u00edcil momento. Que descanse en paz\u201d, se\u00f1ala el comunicado difundido.\u00a0<\/span><span style=\"font-weight: 400\">\u201cEstamos transmitiendo nuestro sentido p\u00e9same a sus deudos por tan irreparable p\u00e9rdida\u201d, conclu\u00eda.<\/span><\/p>\n<p>&nbsp;<\/p>\n<p><span style=\"font-weight: 400\">Asimismo, se inform\u00f3 que el Ministerio del Interior coordin\u00f3 las acciones requeridas para el traslado del cuerpo a Lima, puesto que el accidente sucedi\u00f3 en una zona de dif\u00edcil acceso.<\/span><\/p>\n<p>&nbsp;<\/p>\n<p><span style=\"font-weight: 400\">Al cierre de esta edici\u00f3n, el Comit\u00e9 Ejecutivo Nacional del partido de Becerra Garc\u00eda dio a conocer la agenda de las pr\u00f3ximas horas en la capital. El f\u00e9retro del l\u00edder peruano est\u00e1 siendo velado desde la ma\u00f1ana de hoy en el pasaje Francisco Garc\u00eda Calder\u00f3n, N\u00b0 170.<\/span><\/p>\n","protected":false},"excerpt":{"rendered":"<p>NOTI-AM\u00c9RICA PER\u00da &nbsp; Por Geomar Pacheco Rivera &nbsp; El luto caracteriza desde hoy la campa\u00f1a electoral nacional del 2026 en el Per\u00fa, por el sensible fallecimiento del l\u00edder sindical Napole\u00f3n Becerra Garc\u00eda, candidato presidencial&#46;&#46;&#46;<\/p>\n","protected":false},"author":70,"featured_media":9684,"comment_status":"open","ping_status":"open","sticky":false,"template":"","format":"standard","meta":{"_acf_changed":false,"rop_custom_images_group":[],"rop_custom_messages_group":[],"rop_publish_now":"no","rop_publish_now_accounts":{"twitter_242054905_242054905":""},"rop_publish_now_history":[{"account":"twitter_242054905_242054905","service":"twitter","timestamp":1773691443,"status":"error"}],"rop_publish_now_status":"done","footnotes":""},"categories":[268,279],"tags":[],"class_list":["post-9681","post","type-post","status-publish","format-standard","has-post-thumbnail","hentry","category-acturalidad","category-elecciones-peru-2026"],"acf":[],"yoast_head":"<!-- This site is optimized with the Yoast SEO Premium plugin v24.9 (Yoast SEO v27.2) - https:\/\/yoast.com\/product\/yoast-seo-premium-wordpress\/ -->\n<title>PROCESO ELECTORAL NACIONAL DE DUELO - Per\u00fa | Noti-America.com<\/title>\n<meta name=\"robots\" content=\"index, follow, max-snippet:-1, max-image-preview:large, max-video-preview:-1\" \/>\n<link rel=\"canonical\" href=\"https:\/\/noti-america.com\/site\/peru\/2026\/03\/16\/proceso-electoral-nacional-de-duelo\/\" \/>\n<meta property=\"og:locale\" content=\"es_ES\" \/>\n<meta property=\"og:type\" content=\"article\" \/>\n<meta property=\"og:title\" content=\"PROCESO ELECTORAL NACIONAL DE DUELO\" \/>\n<meta property=\"og:description\" content=\"NOTI-AM\u00c9RICA PER\u00da &nbsp; Por Geomar Pacheco Rivera &nbsp; El luto caracteriza desde hoy la campa\u00f1a electoral nacional del 2026 en el Per\u00fa, por el sensible fallecimiento del l\u00edder sindical Napole\u00f3n Becerra Garc\u00eda, candidato presidencial&#046;&#046;&#046;\" \/>\n<meta property=\"og:url\" content=\"https:\/\/noti-america.com\/site\/peru\/2026\/03\/16\/proceso-electoral-nacional-de-duelo\/\" \/>\n<meta property=\"og:site_name\" content=\"Per\u00fa | Noti-America.com\" \/>\n<meta property=\"article:published_time\" content=\"2026-03-16T20:03:00+00:00\" \/>\n<meta property=\"og:image\" content=\"https:\/\/noti-america.com\/site\/peru\/wp-content\/uploads\/sites\/8\/2026\/03\/WhatsApp-Image-2026-03-15-at-11.59.56-PM-1.jpeg\" \/>\n\t<meta property=\"og:image:width\" content=\"1600\" \/>\n\t<meta property=\"og:image:height\" content=\"1066\" \/>\n\t<meta property=\"og:image:type\" content=\"image\/jpeg\" \/>\n<meta name=\"author\" content=\"Geomar Pacheco R.\" \/>\n<meta name=\"twitter:card\" content=\"summary_large_image\" \/>\n<meta name=\"twitter:creator\" content=\"@GeomarPacheco1\" \/>\n<meta name=\"twitter:label1\" content=\"Escrito por\" \/>\n\t<meta name=\"twitter:data1\" content=\"Geomar Pacheco R.\" \/>\n\t<meta name=\"twitter:label2\" content=\"Tiempo estimado de lectura\" \/>\n\t<meta name=\"twitter:data2\" content=\"3 minutos\" \/>\n<script type=\"application\/ld+json\" class=\"yoast-schema-graph\">{\"@context\":\"https:\/\/schema.org\",\"@graph\":[{\"@type\":\"Article\",\"@id\":\"https:\/\/noti-america.com\/site\/peru\/2026\/03\/16\/proceso-electoral-nacional-de-duelo\/#article\",\"isPartOf\":{\"@id\":\"https:\/\/noti-america.com\/site\/peru\/2026\/03\/16\/proceso-electoral-nacional-de-duelo\/\"},\"author\":{\"name\":\"Geomar Pacheco R.\",\"@id\":\"https:\/\/noti-america.com\/site\/peru\/#\/schema\/person\/28a35f20383bf2485bc838bfe76aebdc\"},\"headline\":\"PROCESO ELECTORAL NACIONAL DE DUELO\",\"datePublished\":\"2026-03-16T20:03:00+00:00\",\"mainEntityOfPage\":{\"@id\":\"https:\/\/noti-america.com\/site\/peru\/2026\/03\/16\/proceso-electoral-nacional-de-duelo\/\"},\"wordCount\":469,\"commentCount\":0,\"publisher\":{\"@id\":\"https:\/\/noti-america.com\/site\/peru\/#organization\"},\"image\":{\"@id\":\"https:\/\/noti-america.com\/site\/peru\/2026\/03\/16\/proceso-electoral-nacional-de-duelo\/#primaryimage\"},\"thumbnailUrl\":\"https:\/\/noti-america.com\/site\/peru\/wp-content\/uploads\/sites\/8\/2026\/03\/WhatsApp-Image-2026-03-15-at-11.59.56-PM-1.jpeg\",\"articleSection\":[\"Actualidad\",\"Elecciones Per\u00fa 2026\"],\"inLanguage\":\"es\",\"potentialAction\":[{\"@type\":\"CommentAction\",\"name\":\"Comment\",\"target\":[\"https:\/\/noti-america.com\/site\/peru\/2026\/03\/16\/proceso-electoral-nacional-de-duelo\/#respond\"]}]},{\"@type\":\"WebPage\",\"@id\":\"https:\/\/noti-america.com\/site\/peru\/2026\/03\/16\/proceso-electoral-nacional-de-duelo\/\",\"url\":\"https:\/\/noti-america.com\/site\/peru\/2026\/03\/16\/proceso-electoral-nacional-de-duelo\/\",\"name\":\"PROCESO ELECTORAL NACIONAL DE DUELO - Per\u00fa | Noti-America.com\",\"isPartOf\":{\"@id\":\"https:\/\/noti-america.com\/site\/peru\/#website\"},\"primaryImageOfPage\":{\"@id\":\"https:\/\/noti-america.com\/site\/peru\/2026\/03\/16\/proceso-electoral-nacional-de-duelo\/#primaryimage\"},\"image\":{\"@id\":\"https:\/\/noti-america.com\/site\/peru\/2026\/03\/16\/proceso-electoral-nacional-de-duelo\/#primaryimage\"},\"thumbnailUrl\":\"https:\/\/noti-america.com\/site\/peru\/wp-content\/uploads\/sites\/8\/2026\/03\/WhatsApp-Image-2026-03-15-at-11.59.56-PM-1.jpeg\",\"datePublished\":\"2026-03-16T20:03:00+00:00\",\"breadcrumb\":{\"@id\":\"https:\/\/noti-america.com\/site\/peru\/2026\/03\/16\/proceso-electoral-nacional-de-duelo\/#breadcrumb\"},\"inLanguage\":\"es\",\"potentialAction\":[{\"@type\":\"ReadAction\",\"target\":[\"https:\/\/noti-america.com\/site\/peru\/2026\/03\/16\/proceso-electoral-nacional-de-duelo\/\"]}]},{\"@type\":\"ImageObject\",\"inLanguage\":\"es\",\"@id\":\"https:\/\/noti-america.com\/site\/peru\/2026\/03\/16\/proceso-electoral-nacional-de-duelo\/#primaryimage\",\"url\":\"https:\/\/noti-america.com\/site\/peru\/wp-content\/uploads\/sites\/8\/2026\/03\/WhatsApp-Image-2026-03-15-at-11.59.56-PM-1.jpeg\",\"contentUrl\":\"https:\/\/noti-america.com\/site\/peru\/wp-content\/uploads\/sites\/8\/2026\/03\/WhatsApp-Image-2026-03-15-at-11.59.56-PM-1.jpeg\",\"width\":1600,\"height\":1066},{\"@type\":\"BreadcrumbList\",\"@id\":\"https:\/\/noti-america.com\/site\/peru\/2026\/03\/16\/proceso-electoral-nacional-de-duelo\/#breadcrumb\",\"itemListElement\":[{\"@type\":\"ListItem\",\"position\":1,\"name\":\"Portada\",\"item\":\"https:\/\/noti-america.com\/site\/peru\/\"},{\"@type\":\"ListItem\",\"position\":2,\"name\":\"PROCESO ELECTORAL NACIONAL DE DUELO\"}]},{\"@type\":\"WebSite\",\"@id\":\"https:\/\/noti-america.com\/site\/peru\/#website\",\"url\":\"https:\/\/noti-america.com\/site\/peru\/\",\"name\":\"Per\u00fa | Noti-America.com\",\"description\":\"\",\"publisher\":{\"@id\":\"https:\/\/noti-america.com\/site\/peru\/#organization\"},\"potentialAction\":[{\"@type\":\"SearchAction\",\"target\":{\"@type\":\"EntryPoint\",\"urlTemplate\":\"https:\/\/noti-america.com\/site\/peru\/?s={search_term_string}\"},\"query-input\":{\"@type\":\"PropertyValueSpecification\",\"valueRequired\":true,\"valueName\":\"search_term_string\"}}],\"inLanguage\":\"es\"},{\"@type\":\"Organization\",\"@id\":\"https:\/\/noti-america.com\/site\/peru\/#organization\",\"name\":\"Noti-America LLC | Per\u00fa\",\"url\":\"https:\/\/noti-america.com\/site\/peru\/\",\"logo\":{\"@type\":\"ImageObject\",\"inLanguage\":\"es\",\"@id\":\"https:\/\/noti-america.com\/site\/peru\/#\/schema\/logo\/image\/\",\"url\":\"https:\/\/noti-america.com\/site\/peru\/wp-content\/uploads\/sites\/8\/2020\/07\/LogoNA-4x3-1.jpg\",\"contentUrl\":\"https:\/\/noti-america.com\/site\/peru\/wp-content\/uploads\/sites\/8\/2020\/07\/LogoNA-4x3-1.jpg\",\"width\":1236,\"height\":1080,\"caption\":\"Noti-America LLC | Per\u00fa\"},\"image\":{\"@id\":\"https:\/\/noti-america.com\/site\/peru\/#\/schema\/logo\/image\/\"}},{\"@type\":\"Person\",\"@id\":\"https:\/\/noti-america.com\/site\/peru\/#\/schema\/person\/28a35f20383bf2485bc838bfe76aebdc\",\"name\":\"Geomar Pacheco R.\",\"image\":{\"@type\":\"ImageObject\",\"inLanguage\":\"es\",\"@id\":\"https:\/\/secure.gravatar.com\/avatar\/5f09cb527f9632e92234c6fc6e2cbcefebeed6bdeb0f9129ea4cbc7aa71587c6?s=96&d=mm&r=g\",\"url\":\"https:\/\/secure.gravatar.com\/avatar\/5f09cb527f9632e92234c6fc6e2cbcefebeed6bdeb0f9129ea4cbc7aa71587c6?s=96&d=mm&r=g\",\"contentUrl\":\"https:\/\/secure.gravatar.com\/avatar\/5f09cb527f9632e92234c6fc6e2cbcefebeed6bdeb0f9129ea4cbc7aa71587c6?s=96&d=mm&r=g\",\"caption\":\"Geomar Pacheco R.\"},\"sameAs\":[\"https:\/\/x.com\/GeomarPacheco1\"],\"url\":\"https:\/\/noti-america.com\/site\/peru\/author\/gpacheco\/\"}]}<\/script>\n<!-- \/ Yoast SEO Premium plugin. -->","yoast_head_json":{"title":"PROCESO ELECTORAL NACIONAL DE DUELO - Per\u00fa | Noti-America.com","robots":{"index":"index","follow":"follow","max-snippet":"max-snippet:-1","max-image-preview":"max-image-preview:large","max-video-preview":"max-video-preview:-1"},"canonical":"https:\/\/noti-america.com\/site\/peru\/2026\/03\/16\/proceso-electoral-nacional-de-duelo\/","og_locale":"es_ES","og_type":"article","og_title":"PROCESO ELECTORAL NACIONAL DE DUELO","og_description":"NOTI-AM\u00c9RICA PER\u00da &nbsp; Por Geomar Pacheco Rivera &nbsp; El luto caracteriza desde hoy la campa\u00f1a electoral nacional del 2026 en el Per\u00fa, por el sensible fallecimiento del l\u00edder sindical Napole\u00f3n Becerra Garc\u00eda, candidato presidencial&#46;&#46;&#46;","og_url":"https:\/\/noti-america.com\/site\/peru\/2026\/03\/16\/proceso-electoral-nacional-de-duelo\/","og_site_name":"Per\u00fa | Noti-America.com","article_published_time":"2026-03-16T20:03:00+00:00","og_image":[{"width":1600,"height":1066,"url":"https:\/\/noti-america.com\/site\/peru\/wp-content\/uploads\/sites\/8\/2026\/03\/WhatsApp-Image-2026-03-15-at-11.59.56-PM-1.jpeg","type":"image\/jpeg"}],"author":"Geomar Pacheco R.","twitter_card":"summary_large_image","twitter_creator":"@GeomarPacheco1","twitter_misc":{"Escrito por":"Geomar Pacheco R.","Tiempo estimado de lectura":"3 minutos"},"schema":{"@context":"https:\/\/schema.org","@graph":[{"@type":"Article","@id":"https:\/\/noti-america.com\/site\/peru\/2026\/03\/16\/proceso-electoral-nacional-de-duelo\/#article","isPartOf":{"@id":"https:\/\/noti-america.com\/site\/peru\/2026\/03\/16\/proceso-electoral-nacional-de-duelo\/"},"author":{"name":"Geomar Pacheco R.","@id":"https:\/\/noti-america.com\/site\/peru\/#\/schema\/person\/28a35f20383bf2485bc838bfe76aebdc"},"headline":"PROCESO ELECTORAL NACIONAL DE DUELO","datePublished":"2026-03-16T20:03:00+00:00","mainEntityOfPage":{"@id":"https:\/\/noti-america.com\/site\/peru\/2026\/03\/16\/proceso-electoral-nacional-de-duelo\/"},"wordCount":469,"commentCount":0,"publisher":{"@id":"https:\/\/noti-america.com\/site\/peru\/#organization"},"image":{"@id":"https:\/\/noti-america.com\/site\/peru\/2026\/03\/16\/proceso-electoral-nacional-de-duelo\/#primaryimage"},"thumbnailUrl":"https:\/\/noti-america.com\/site\/peru\/wp-content\/uploads\/sites\/8\/2026\/03\/WhatsApp-Image-2026-03-15-at-11.59.56-PM-1.jpeg","articleSection":["Actualidad","Elecciones Per\u00fa 2026"],"inLanguage":"es","potentialAction":[{"@type":"CommentAction","name":"Comment","target":["https:\/\/noti-america.com\/site\/peru\/2026\/03\/16\/proceso-electoral-nacional-de-duelo\/#respond"]}]},{"@type":"WebPage","@id":"https:\/\/noti-america.com\/site\/peru\/2026\/03\/16\/proceso-electoral-nacional-de-duelo\/","url":"https:\/\/noti-america.com\/site\/peru\/2026\/03\/16\/proceso-electoral-nacional-de-duelo\/","name":"PROCESO ELECTORAL NACIONAL DE DUELO - Per\u00fa | Noti-America.com","isPartOf":{"@id":"https:\/\/noti-america.com\/site\/peru\/#website"},"primaryImageOfPage":{"@id":"https:\/\/noti-america.com\/site\/peru\/2026\/03\/16\/proceso-electoral-nacional-de-duelo\/#primaryimage"},"image":{"@id":"https:\/\/noti-america.com\/site\/peru\/2026\/03\/16\/proceso-electoral-nacional-de-duelo\/#primaryimage"},"thumbnailUrl":"https:\/\/noti-america.com\/site\/peru\/wp-content\/uploads\/sites\/8\/2026\/03\/WhatsApp-Image-2026-03-15-at-11.59.56-PM-1.jpeg","datePublished":"2026-03-16T20:03:00+00:00","breadcrumb":{"@id":"https:\/\/noti-america.com\/site\/peru\/2026\/03\/16\/proceso-electoral-nacional-de-duelo\/#breadcrumb"},"inLanguage":"es","potentialAction":[{"@type":"ReadAction","target":["https:\/\/noti-america.com\/site\/peru\/2026\/03\/16\/proceso-electoral-nacional-de-duelo\/"]}]},{"@type":"ImageObject","inLanguage":"es","@id":"https:\/\/noti-america.com\/site\/peru\/2026\/03\/16\/proceso-electoral-nacional-de-duelo\/#primaryimage","url":"https:\/\/noti-america.com\/site\/peru\/wp-content\/uploads\/sites\/8\/2026\/03\/WhatsApp-Image-2026-03-15-at-11.59.56-PM-1.jpeg","contentUrl":"https:\/\/noti-america.com\/site\/peru\/wp-content\/uploads\/sites\/8\/2026\/03\/WhatsApp-Image-2026-03-15-at-11.59.56-PM-1.jpeg","width":1600,"height":1066},{"@type":"BreadcrumbList","@id":"https:\/\/noti-america.com\/site\/peru\/2026\/03\/16\/proceso-electoral-nacional-de-duelo\/#breadcrumb","itemListElement":[{"@type":"ListItem","position":1,"name":"Portada","item":"https:\/\/noti-america.com\/site\/peru\/"},{"@type":"ListItem","position":2,"name":"PROCESO ELECTORAL NACIONAL DE DUELO"}]},{"@type":"WebSite","@id":"https:\/\/noti-america.com\/site\/peru\/#website","url":"https:\/\/noti-america.com\/site\/peru\/","name":"Per\u00fa | Noti-America.com","description":"","publisher":{"@id":"https:\/\/noti-america.com\/site\/peru\/#organization"},"potentialAction":[{"@type":"SearchAction","target":{"@type":"EntryPoint","urlTemplate":"https:\/\/noti-america.com\/site\/peru\/?s={search_term_string}"},"query-input":{"@type":"PropertyValueSpecification","valueRequired":true,"valueName":"search_term_string"}}],"inLanguage":"es"},{"@type":"Organization","@id":"https:\/\/noti-america.com\/site\/peru\/#organization","name":"Noti-America LLC | Per\u00fa","url":"https:\/\/noti-america.com\/site\/peru\/","logo":{"@type":"ImageObject","inLanguage":"es","@id":"https:\/\/noti-america.com\/site\/peru\/#\/schema\/logo\/image\/","url":"https:\/\/noti-america.com\/site\/peru\/wp-content\/uploads\/sites\/8\/2020\/07\/LogoNA-4x3-1.jpg","contentUrl":"https:\/\/noti-america.com\/site\/peru\/wp-content\/uploads\/sites\/8\/2020\/07\/LogoNA-4x3-1.jpg","width":1236,"height":1080,"caption":"Noti-America LLC | Per\u00fa"},"image":{"@id":"https:\/\/noti-america.com\/site\/peru\/#\/schema\/logo\/image\/"}},{"@type":"Person","@id":"https:\/\/noti-america.com\/site\/peru\/#\/schema\/person\/28a35f20383bf2485bc838bfe76aebdc","name":"Geomar Pacheco R.","image":{"@type":"ImageObject","inLanguage":"es","@id":"https:\/\/secure.gravatar.com\/avatar\/5f09cb527f9632e92234c6fc6e2cbcefebeed6bdeb0f9129ea4cbc7aa71587c6?s=96&d=mm&r=g","url":"https:\/\/secure.gravatar.com\/avatar\/5f09cb527f9632e92234c6fc6e2cbcefebeed6bdeb0f9129ea4cbc7aa71587c6?s=96&d=mm&r=g","contentUrl":"https:\/\/secure.gravatar.com\/avatar\/5f09cb527f9632e92234c6fc6e2cbcefebeed6bdeb0f9129ea4cbc7aa71587c6?s=96&d=mm&r=g","caption":"Geomar Pacheco R."},"sameAs":["https:\/\/x.com\/GeomarPacheco1"],"url":"https:\/\/noti-america.com\/site\/peru\/author\/gpacheco\/"}]}},"_links":{"self":[{"href":"https:\/\/noti-america.com\/site\/peru\/wp-json\/wp\/v2\/posts\/9681","targetHints":{"allow":["GET"]}}],"collection":[{"href":"https:\/\/noti-america.com\/site\/peru\/wp-json\/wp\/v2\/posts"}],"about":[{"href":"https:\/\/noti-america.com\/site\/peru\/wp-json\/wp\/v2\/types\/post"}],"author":[{"embeddable":true,"href":"https:\/\/noti-america.com\/site\/peru\/wp-json\/wp\/v2\/users\/70"}],"replies":[{"embeddable":true,"href":"https:\/\/noti-america.com\/site\/peru\/wp-json\/wp\/v2\/comments?post=9681"}],"version-history":[{"count":1,"href":"https:\/\/noti-america.com\/site\/peru\/wp-json\/wp\/v2\/posts\/9681\/revisions"}],"predecessor-version":[{"id":9685,"href":"https:\/\/noti-america.com\/site\/peru\/wp-json\/wp\/v2\/posts\/9681\/revisions\/9685"}],"wp:featuredmedia":[{"embeddable":true,"href":"https:\/\/noti-america.com\/site\/peru\/wp-json\/wp\/v2\/media\/9684"}],"wp:attachment":[{"href":"https:\/\/noti-america.com\/site\/peru\/wp-json\/wp\/v2\/media?parent=9681"}],"wp:term":[{"taxonomy":"category","embeddable":true,"href":"https:\/\/noti-america.com\/site\/peru\/wp-json\/wp\/v2\/categories?post=9681"},{"taxonomy":"post_tag","embeddable":true,"href":"https:\/\/noti-america.com\/site\/peru\/wp-json\/wp\/v2\/tags?post=9681"}],"curies":[{"name":"wp","href":"https:\/\/api.w.org\/{rel}","templated":true}]}}