{"id":9644,"date":"2026-03-09T07:26:03","date_gmt":"2026-03-09T07:26:03","guid":{"rendered":"https:\/\/noti-america.com\/site\/peru\/?p=9644"},"modified":"2026-03-09T07:26:03","modified_gmt":"2026-03-09T07:26:03","slug":"clases-virtuales-seran-obligatorias-para-todos-los-estudiantes-durante-emergencia-del-gas","status":"publish","type":"post","link":"https:\/\/noti-america.com\/site\/peru\/2026\/03\/09\/clases-virtuales-seran-obligatorias-para-todos-los-estudiantes-durante-emergencia-del-gas\/","title":{"rendered":"CLASES VIRTUALES SER\u00c1N OBLIGATORIAS PARA TODOS LOS ESTUDIANTES DURANTE EMERGENCIA DEL GAS"},"content":{"rendered":"<p><strong>NOTI-AM\u00c9RICA PER\u00da<\/strong><\/p>\n<p>&nbsp;<\/p>\n<p style=\"text-align: right\"><strong>Por Geomar Pacheco Rivera\u00a0<\/strong><\/p>\n<p>&nbsp;<\/p>\n<p>&nbsp;<\/p>\n<p>La presidenta del Consejo de Ministros, Denisse Azucena Miralles, recalc\u00f3 la decisi\u00f3n sobre \u201cel dictado de clases virtuales obligatorias en las instituciones educativas de Lima y Callao, como parte de las medidas adoptadas por Gobierno ante la emergencia en el suministro de gas natural.<\/p>\n<p>&nbsp;<\/p>\n<p>\u201cSe debe estar publicando una resoluci\u00f3n viceministerial que declara la obligatoriedad de tener las clases virtuales. No se est\u00e1 suspendiendo las clases, tienen que darse en la modalidad virtual\u201d, indic\u00f3.<\/p>\n<p>&nbsp;<\/p>\n<p>Miralles indic\u00f3 que la norma \u201cexcept\u00faa a los centros educativos que no cuenten con sistemas o plataformas virtuales, como por ejemplo los ni\u00f1os de educaci\u00f3n inicial, en atenci\u00f3n a lo se\u00f1alado por los padres de familia\u201d.<\/p>\n<p>&nbsp;<\/p>\n<p>Destac\u00f3 que \u201cnuestro pa\u00eds necesita orden, transparencia y unidad y en esto tenemos que poner todos los hombros para poder resolver una situaci\u00f3n que no hemos causado\u201d.<\/p>\n<p>&nbsp;<\/p>\n<p>El prop\u00f3sito de esta medida extraordinaria, explic\u00f3 la funcionaria, junto con la disposici\u00f3n de trabajo remoto en el sector p\u00fablico busca reducir el tr\u00e1nsito en la ciudad en la semana del 9 al 13 de marzo, para causar un menor consumo de combustible vehicular.<\/p>\n<p><img loading=\"lazy\" decoding=\"async\" class=\"alignnone size-full wp-image-9645 alignright\" src=\"https:\/\/noti-america.com\/site\/peru\/wp-content\/uploads\/sites\/8\/2026\/03\/IMG-20260308-WA0137.jpg\" alt=\"Foto: ANDINA\/Daniel Bracamonte.\" width=\"1600\" height=\"1066\" srcset=\"https:\/\/noti-america.com\/site\/peru\/wp-content\/uploads\/sites\/8\/2026\/03\/IMG-20260308-WA0137.jpg 1600w, https:\/\/noti-america.com\/site\/peru\/wp-content\/uploads\/sites\/8\/2026\/03\/IMG-20260308-WA0137-300x200.jpg 300w, https:\/\/noti-america.com\/site\/peru\/wp-content\/uploads\/sites\/8\/2026\/03\/IMG-20260308-WA0137-1024x682.jpg 1024w, https:\/\/noti-america.com\/site\/peru\/wp-content\/uploads\/sites\/8\/2026\/03\/IMG-20260308-WA0137-768x512.jpg 768w, https:\/\/noti-america.com\/site\/peru\/wp-content\/uploads\/sites\/8\/2026\/03\/IMG-20260308-WA0137-1536x1023.jpg 1536w, https:\/\/noti-america.com\/site\/peru\/wp-content\/uploads\/sites\/8\/2026\/03\/IMG-20260308-WA0137-272x182.jpg 272w\" sizes=\"auto, (max-width: 1600px) 100vw, 1600px\" \/><\/p>\n<p>\u201cNecesitamos ahorrar combustible esta semana para poder asegurar que la siguiente no tengamos una complicaci\u00f3n. Obviamente estamos dentro del plazo que originalmente dio la empresa Transformadora Gas del Per\u00fa TGP para que podamos tener el retorno del GNV\u201d, asever\u00f3.<\/p>\n<p>&nbsp;<\/p>\n<p>La titular del Consejo de Ministros tambi\u00e9n indic\u00f3 que el Gobierno est\u00e1 haciendo un seguimiento diario a esta crisis. En ese marco, el reporte de hoy, domingo 8, de TGP es positivo pues en la zona se han realizado trabajos de voladura casi todo el d\u00eda y que toda la maquinaria para reparar el ducto, as\u00ed como el personal est\u00e1 en la zona para seguir con lo necesario.<\/p>\n<p>&nbsp;<\/p>\n<p>En cuanto al suministro de GNV, la jefa de Gabinete dijo: \u201cSe han fortalecido las acciones de fiscalizaci\u00f3n a trav\u00e9s de Indecopi y Osinergmin para evitar el acaparamiento de combustible y un incremento de precios\u201d.<\/p>\n<p>&nbsp;<\/p>\n<p>Reiter\u00f3 que se han priorizado los sectores de salud, industrias alimentarias, servicios b\u00e1sicos, telecomunicaciones, transporte y log\u00edstica, sistema financiero y los servicios vinculados al proceso electoral para el suministro de GNV.<\/p>\n<p>&nbsp;<\/p>\n<p>Al cierre, se conoce que la Resoluci\u00f3n Viceministerial N.\u00b0 033-2026-MINEDU establece prestaci\u00f3n remota temporal de clases, lo formaliza la disposici\u00f3n. Esta medida se aplicar\u00e1 hasta el 14 de marzo de 2026,<\/p>\n","protected":false},"excerpt":{"rendered":"<p>NOTI-AM\u00c9RICA PER\u00da &nbsp; Por Geomar Pacheco Rivera\u00a0 &nbsp; &nbsp; La presidenta del Consejo de Ministros, Denisse Azucena Miralles, recalc\u00f3 la decisi\u00f3n sobre \u201cel dictado de clases virtuales obligatorias en las instituciones educativas de Lima&#46;&#46;&#46;<\/p>\n","protected":false},"author":70,"featured_media":9645,"comment_status":"open","ping_status":"open","sticky":false,"template":"","format":"standard","meta":{"_acf_changed":false,"rop_custom_images_group":[],"rop_custom_messages_group":[],"rop_publish_now":"no","rop_publish_now_accounts":{"twitter_242054905_242054905":""},"rop_publish_now_history":[{"account":"twitter_242054905_242054905","service":"twitter","timestamp":1773041217,"status":"error"}],"rop_publish_now_status":"done","footnotes":""},"categories":[268,188],"tags":[],"class_list":["post-9644","post","type-post","status-publish","format-standard","has-post-thumbnail","hentry","category-acturalidad","category-educacion"],"acf":[],"yoast_head":"<!-- This site is optimized with the Yoast SEO Premium plugin v24.9 (Yoast SEO v27.2) - https:\/\/yoast.com\/product\/yoast-seo-premium-wordpress\/ -->\n<title>CLASES VIRTUALES SER\u00c1N OBLIGATORIAS PARA TODOS LOS ESTUDIANTES DURANTE EMERGENCIA DEL GAS - Per\u00fa | Noti-America.com<\/title>\n<meta name=\"robots\" content=\"index, follow, max-snippet:-1, max-image-preview:large, max-video-preview:-1\" \/>\n<link rel=\"canonical\" href=\"https:\/\/noti-america.com\/site\/peru\/2026\/03\/09\/clases-virtuales-seran-obligatorias-para-todos-los-estudiantes-durante-emergencia-del-gas\/\" \/>\n<meta property=\"og:locale\" content=\"es_ES\" \/>\n<meta property=\"og:type\" content=\"article\" \/>\n<meta property=\"og:title\" content=\"CLASES VIRTUALES SER\u00c1N OBLIGATORIAS PARA TODOS LOS ESTUDIANTES DURANTE EMERGENCIA DEL GAS\" \/>\n<meta property=\"og:description\" content=\"NOTI-AM\u00c9RICA PER\u00da &nbsp; Por Geomar Pacheco Rivera\u00a0 &nbsp; &nbsp; La presidenta del Consejo de Ministros, Denisse Azucena Miralles, recalc\u00f3 la decisi\u00f3n sobre \u201cel dictado de clases virtuales obligatorias en las instituciones educativas de Lima&#046;&#046;&#046;\" \/>\n<meta property=\"og:url\" content=\"https:\/\/noti-america.com\/site\/peru\/2026\/03\/09\/clases-virtuales-seran-obligatorias-para-todos-los-estudiantes-durante-emergencia-del-gas\/\" \/>\n<meta property=\"og:site_name\" content=\"Per\u00fa | Noti-America.com\" \/>\n<meta property=\"article:published_time\" content=\"2026-03-09T07:26:03+00:00\" \/>\n<meta property=\"og:image\" content=\"https:\/\/noti-america.com\/site\/peru\/wp-content\/uploads\/sites\/8\/2026\/03\/IMG-20260308-WA0137.jpg\" \/>\n\t<meta property=\"og:image:width\" content=\"1600\" \/>\n\t<meta property=\"og:image:height\" content=\"1066\" \/>\n\t<meta property=\"og:image:type\" content=\"image\/jpeg\" \/>\n<meta name=\"author\" content=\"Geomar Pacheco R.\" \/>\n<meta name=\"twitter:card\" content=\"summary_large_image\" \/>\n<meta name=\"twitter:creator\" content=\"@GeomarPacheco1\" \/>\n<meta name=\"twitter:label1\" content=\"Escrito por\" \/>\n\t<meta name=\"twitter:data1\" content=\"Geomar Pacheco R.\" \/>\n\t<meta name=\"twitter:label2\" content=\"Tiempo estimado de lectura\" \/>\n\t<meta name=\"twitter:data2\" content=\"2 minutos\" \/>\n<script type=\"application\/ld+json\" class=\"yoast-schema-graph\">{\"@context\":\"https:\/\/schema.org\",\"@graph\":[{\"@type\":\"Article\",\"@id\":\"https:\/\/noti-america.com\/site\/peru\/2026\/03\/09\/clases-virtuales-seran-obligatorias-para-todos-los-estudiantes-durante-emergencia-del-gas\/#article\",\"isPartOf\":{\"@id\":\"https:\/\/noti-america.com\/site\/peru\/2026\/03\/09\/clases-virtuales-seran-obligatorias-para-todos-los-estudiantes-durante-emergencia-del-gas\/\"},\"author\":{\"name\":\"Geomar Pacheco R.\",\"@id\":\"https:\/\/noti-america.com\/site\/peru\/#\/schema\/person\/28a35f20383bf2485bc838bfe76aebdc\"},\"headline\":\"CLASES VIRTUALES SER\u00c1N OBLIGATORIAS PARA TODOS LOS ESTUDIANTES DURANTE EMERGENCIA DEL GAS\",\"datePublished\":\"2026-03-09T07:26:03+00:00\",\"mainEntityOfPage\":{\"@id\":\"https:\/\/noti-america.com\/site\/peru\/2026\/03\/09\/clases-virtuales-seran-obligatorias-para-todos-los-estudiantes-durante-emergencia-del-gas\/\"},\"wordCount\":435,\"commentCount\":0,\"publisher\":{\"@id\":\"https:\/\/noti-america.com\/site\/peru\/#organization\"},\"image\":{\"@id\":\"https:\/\/noti-america.com\/site\/peru\/2026\/03\/09\/clases-virtuales-seran-obligatorias-para-todos-los-estudiantes-durante-emergencia-del-gas\/#primaryimage\"},\"thumbnailUrl\":\"https:\/\/noti-america.com\/site\/peru\/wp-content\/uploads\/sites\/8\/2026\/03\/IMG-20260308-WA0137.jpg\",\"articleSection\":[\"Actualidad\",\"Educaci\u00f3n\"],\"inLanguage\":\"es\",\"potentialAction\":[{\"@type\":\"CommentAction\",\"name\":\"Comment\",\"target\":[\"https:\/\/noti-america.com\/site\/peru\/2026\/03\/09\/clases-virtuales-seran-obligatorias-para-todos-los-estudiantes-durante-emergencia-del-gas\/#respond\"]}]},{\"@type\":\"WebPage\",\"@id\":\"https:\/\/noti-america.com\/site\/peru\/2026\/03\/09\/clases-virtuales-seran-obligatorias-para-todos-los-estudiantes-durante-emergencia-del-gas\/\",\"url\":\"https:\/\/noti-america.com\/site\/peru\/2026\/03\/09\/clases-virtuales-seran-obligatorias-para-todos-los-estudiantes-durante-emergencia-del-gas\/\",\"name\":\"CLASES VIRTUALES SER\u00c1N OBLIGATORIAS PARA TODOS LOS ESTUDIANTES DURANTE EMERGENCIA DEL GAS - Per\u00fa | Noti-America.com\",\"isPartOf\":{\"@id\":\"https:\/\/noti-america.com\/site\/peru\/#website\"},\"primaryImageOfPage\":{\"@id\":\"https:\/\/noti-america.com\/site\/peru\/2026\/03\/09\/clases-virtuales-seran-obligatorias-para-todos-los-estudiantes-durante-emergencia-del-gas\/#primaryimage\"},\"image\":{\"@id\":\"https:\/\/noti-america.com\/site\/peru\/2026\/03\/09\/clases-virtuales-seran-obligatorias-para-todos-los-estudiantes-durante-emergencia-del-gas\/#primaryimage\"},\"thumbnailUrl\":\"https:\/\/noti-america.com\/site\/peru\/wp-content\/uploads\/sites\/8\/2026\/03\/IMG-20260308-WA0137.jpg\",\"datePublished\":\"2026-03-09T07:26:03+00:00\",\"breadcrumb\":{\"@id\":\"https:\/\/noti-america.com\/site\/peru\/2026\/03\/09\/clases-virtuales-seran-obligatorias-para-todos-los-estudiantes-durante-emergencia-del-gas\/#breadcrumb\"},\"inLanguage\":\"es\",\"potentialAction\":[{\"@type\":\"ReadAction\",\"target\":[\"https:\/\/noti-america.com\/site\/peru\/2026\/03\/09\/clases-virtuales-seran-obligatorias-para-todos-los-estudiantes-durante-emergencia-del-gas\/\"]}]},{\"@type\":\"ImageObject\",\"inLanguage\":\"es\",\"@id\":\"https:\/\/noti-america.com\/site\/peru\/2026\/03\/09\/clases-virtuales-seran-obligatorias-para-todos-los-estudiantes-durante-emergencia-del-gas\/#primaryimage\",\"url\":\"https:\/\/noti-america.com\/site\/peru\/wp-content\/uploads\/sites\/8\/2026\/03\/IMG-20260308-WA0137.jpg\",\"contentUrl\":\"https:\/\/noti-america.com\/site\/peru\/wp-content\/uploads\/sites\/8\/2026\/03\/IMG-20260308-WA0137.jpg\",\"width\":1600,\"height\":1066,\"caption\":\"Foto: ANDINA\/Daniel Bracamonte.\"},{\"@type\":\"BreadcrumbList\",\"@id\":\"https:\/\/noti-america.com\/site\/peru\/2026\/03\/09\/clases-virtuales-seran-obligatorias-para-todos-los-estudiantes-durante-emergencia-del-gas\/#breadcrumb\",\"itemListElement\":[{\"@type\":\"ListItem\",\"position\":1,\"name\":\"Portada\",\"item\":\"https:\/\/noti-america.com\/site\/peru\/\"},{\"@type\":\"ListItem\",\"position\":2,\"name\":\"CLASES VIRTUALES SER\u00c1N OBLIGATORIAS PARA TODOS LOS ESTUDIANTES DURANTE EMERGENCIA DEL GAS\"}]},{\"@type\":\"WebSite\",\"@id\":\"https:\/\/noti-america.com\/site\/peru\/#website\",\"url\":\"https:\/\/noti-america.com\/site\/peru\/\",\"name\":\"Per\u00fa | Noti-America.com\",\"description\":\"\",\"publisher\":{\"@id\":\"https:\/\/noti-america.com\/site\/peru\/#organization\"},\"potentialAction\":[{\"@type\":\"SearchAction\",\"target\":{\"@type\":\"EntryPoint\",\"urlTemplate\":\"https:\/\/noti-america.com\/site\/peru\/?s={search_term_string}\"},\"query-input\":{\"@type\":\"PropertyValueSpecification\",\"valueRequired\":true,\"valueName\":\"search_term_string\"}}],\"inLanguage\":\"es\"},{\"@type\":\"Organization\",\"@id\":\"https:\/\/noti-america.com\/site\/peru\/#organization\",\"name\":\"Noti-America LLC | Per\u00fa\",\"url\":\"https:\/\/noti-america.com\/site\/peru\/\",\"logo\":{\"@type\":\"ImageObject\",\"inLanguage\":\"es\",\"@id\":\"https:\/\/noti-america.com\/site\/peru\/#\/schema\/logo\/image\/\",\"url\":\"https:\/\/noti-america.com\/site\/peru\/wp-content\/uploads\/sites\/8\/2020\/07\/LogoNA-4x3-1.jpg\",\"contentUrl\":\"https:\/\/noti-america.com\/site\/peru\/wp-content\/uploads\/sites\/8\/2020\/07\/LogoNA-4x3-1.jpg\",\"width\":1236,\"height\":1080,\"caption\":\"Noti-America LLC | Per\u00fa\"},\"image\":{\"@id\":\"https:\/\/noti-america.com\/site\/peru\/#\/schema\/logo\/image\/\"}},{\"@type\":\"Person\",\"@id\":\"https:\/\/noti-america.com\/site\/peru\/#\/schema\/person\/28a35f20383bf2485bc838bfe76aebdc\",\"name\":\"Geomar Pacheco R.\",\"image\":{\"@type\":\"ImageObject\",\"inLanguage\":\"es\",\"@id\":\"https:\/\/secure.gravatar.com\/avatar\/5f09cb527f9632e92234c6fc6e2cbcefebeed6bdeb0f9129ea4cbc7aa71587c6?s=96&d=mm&r=g\",\"url\":\"https:\/\/secure.gravatar.com\/avatar\/5f09cb527f9632e92234c6fc6e2cbcefebeed6bdeb0f9129ea4cbc7aa71587c6?s=96&d=mm&r=g\",\"contentUrl\":\"https:\/\/secure.gravatar.com\/avatar\/5f09cb527f9632e92234c6fc6e2cbcefebeed6bdeb0f9129ea4cbc7aa71587c6?s=96&d=mm&r=g\",\"caption\":\"Geomar Pacheco R.\"},\"sameAs\":[\"https:\/\/x.com\/GeomarPacheco1\"],\"url\":\"https:\/\/noti-america.com\/site\/peru\/author\/gpacheco\/\"}]}<\/script>\n<!-- \/ Yoast SEO Premium plugin. -->","yoast_head_json":{"title":"CLASES VIRTUALES SER\u00c1N OBLIGATORIAS PARA TODOS LOS ESTUDIANTES DURANTE EMERGENCIA DEL GAS - Per\u00fa | Noti-America.com","robots":{"index":"index","follow":"follow","max-snippet":"max-snippet:-1","max-image-preview":"max-image-preview:large","max-video-preview":"max-video-preview:-1"},"canonical":"https:\/\/noti-america.com\/site\/peru\/2026\/03\/09\/clases-virtuales-seran-obligatorias-para-todos-los-estudiantes-durante-emergencia-del-gas\/","og_locale":"es_ES","og_type":"article","og_title":"CLASES VIRTUALES SER\u00c1N OBLIGATORIAS PARA TODOS LOS ESTUDIANTES DURANTE EMERGENCIA DEL GAS","og_description":"NOTI-AM\u00c9RICA PER\u00da &nbsp; Por Geomar Pacheco Rivera\u00a0 &nbsp; &nbsp; La presidenta del Consejo de Ministros, Denisse Azucena Miralles, recalc\u00f3 la decisi\u00f3n sobre \u201cel dictado de clases virtuales obligatorias en las instituciones educativas de Lima&#46;&#46;&#46;","og_url":"https:\/\/noti-america.com\/site\/peru\/2026\/03\/09\/clases-virtuales-seran-obligatorias-para-todos-los-estudiantes-durante-emergencia-del-gas\/","og_site_name":"Per\u00fa | Noti-America.com","article_published_time":"2026-03-09T07:26:03+00:00","og_image":[{"width":1600,"height":1066,"url":"https:\/\/noti-america.com\/site\/peru\/wp-content\/uploads\/sites\/8\/2026\/03\/IMG-20260308-WA0137.jpg","type":"image\/jpeg"}],"author":"Geomar Pacheco R.","twitter_card":"summary_large_image","twitter_creator":"@GeomarPacheco1","twitter_misc":{"Escrito por":"Geomar Pacheco R.","Tiempo estimado de lectura":"2 minutos"},"schema":{"@context":"https:\/\/schema.org","@graph":[{"@type":"Article","@id":"https:\/\/noti-america.com\/site\/peru\/2026\/03\/09\/clases-virtuales-seran-obligatorias-para-todos-los-estudiantes-durante-emergencia-del-gas\/#article","isPartOf":{"@id":"https:\/\/noti-america.com\/site\/peru\/2026\/03\/09\/clases-virtuales-seran-obligatorias-para-todos-los-estudiantes-durante-emergencia-del-gas\/"},"author":{"name":"Geomar Pacheco R.","@id":"https:\/\/noti-america.com\/site\/peru\/#\/schema\/person\/28a35f20383bf2485bc838bfe76aebdc"},"headline":"CLASES VIRTUALES SER\u00c1N OBLIGATORIAS PARA TODOS LOS ESTUDIANTES DURANTE EMERGENCIA DEL GAS","datePublished":"2026-03-09T07:26:03+00:00","mainEntityOfPage":{"@id":"https:\/\/noti-america.com\/site\/peru\/2026\/03\/09\/clases-virtuales-seran-obligatorias-para-todos-los-estudiantes-durante-emergencia-del-gas\/"},"wordCount":435,"commentCount":0,"publisher":{"@id":"https:\/\/noti-america.com\/site\/peru\/#organization"},"image":{"@id":"https:\/\/noti-america.com\/site\/peru\/2026\/03\/09\/clases-virtuales-seran-obligatorias-para-todos-los-estudiantes-durante-emergencia-del-gas\/#primaryimage"},"thumbnailUrl":"https:\/\/noti-america.com\/site\/peru\/wp-content\/uploads\/sites\/8\/2026\/03\/IMG-20260308-WA0137.jpg","articleSection":["Actualidad","Educaci\u00f3n"],"inLanguage":"es","potentialAction":[{"@type":"CommentAction","name":"Comment","target":["https:\/\/noti-america.com\/site\/peru\/2026\/03\/09\/clases-virtuales-seran-obligatorias-para-todos-los-estudiantes-durante-emergencia-del-gas\/#respond"]}]},{"@type":"WebPage","@id":"https:\/\/noti-america.com\/site\/peru\/2026\/03\/09\/clases-virtuales-seran-obligatorias-para-todos-los-estudiantes-durante-emergencia-del-gas\/","url":"https:\/\/noti-america.com\/site\/peru\/2026\/03\/09\/clases-virtuales-seran-obligatorias-para-todos-los-estudiantes-durante-emergencia-del-gas\/","name":"CLASES VIRTUALES SER\u00c1N OBLIGATORIAS PARA TODOS LOS ESTUDIANTES DURANTE EMERGENCIA DEL GAS - Per\u00fa | Noti-America.com","isPartOf":{"@id":"https:\/\/noti-america.com\/site\/peru\/#website"},"primaryImageOfPage":{"@id":"https:\/\/noti-america.com\/site\/peru\/2026\/03\/09\/clases-virtuales-seran-obligatorias-para-todos-los-estudiantes-durante-emergencia-del-gas\/#primaryimage"},"image":{"@id":"https:\/\/noti-america.com\/site\/peru\/2026\/03\/09\/clases-virtuales-seran-obligatorias-para-todos-los-estudiantes-durante-emergencia-del-gas\/#primaryimage"},"thumbnailUrl":"https:\/\/noti-america.com\/site\/peru\/wp-content\/uploads\/sites\/8\/2026\/03\/IMG-20260308-WA0137.jpg","datePublished":"2026-03-09T07:26:03+00:00","breadcrumb":{"@id":"https:\/\/noti-america.com\/site\/peru\/2026\/03\/09\/clases-virtuales-seran-obligatorias-para-todos-los-estudiantes-durante-emergencia-del-gas\/#breadcrumb"},"inLanguage":"es","potentialAction":[{"@type":"ReadAction","target":["https:\/\/noti-america.com\/site\/peru\/2026\/03\/09\/clases-virtuales-seran-obligatorias-para-todos-los-estudiantes-durante-emergencia-del-gas\/"]}]},{"@type":"ImageObject","inLanguage":"es","@id":"https:\/\/noti-america.com\/site\/peru\/2026\/03\/09\/clases-virtuales-seran-obligatorias-para-todos-los-estudiantes-durante-emergencia-del-gas\/#primaryimage","url":"https:\/\/noti-america.com\/site\/peru\/wp-content\/uploads\/sites\/8\/2026\/03\/IMG-20260308-WA0137.jpg","contentUrl":"https:\/\/noti-america.com\/site\/peru\/wp-content\/uploads\/sites\/8\/2026\/03\/IMG-20260308-WA0137.jpg","width":1600,"height":1066,"caption":"Foto: ANDINA\/Daniel Bracamonte."},{"@type":"BreadcrumbList","@id":"https:\/\/noti-america.com\/site\/peru\/2026\/03\/09\/clases-virtuales-seran-obligatorias-para-todos-los-estudiantes-durante-emergencia-del-gas\/#breadcrumb","itemListElement":[{"@type":"ListItem","position":1,"name":"Portada","item":"https:\/\/noti-america.com\/site\/peru\/"},{"@type":"ListItem","position":2,"name":"CLASES VIRTUALES SER\u00c1N OBLIGATORIAS PARA TODOS LOS ESTUDIANTES DURANTE EMERGENCIA DEL GAS"}]},{"@type":"WebSite","@id":"https:\/\/noti-america.com\/site\/peru\/#website","url":"https:\/\/noti-america.com\/site\/peru\/","name":"Per\u00fa | Noti-America.com","description":"","publisher":{"@id":"https:\/\/noti-america.com\/site\/peru\/#organization"},"potentialAction":[{"@type":"SearchAction","target":{"@type":"EntryPoint","urlTemplate":"https:\/\/noti-america.com\/site\/peru\/?s={search_term_string}"},"query-input":{"@type":"PropertyValueSpecification","valueRequired":true,"valueName":"search_term_string"}}],"inLanguage":"es"},{"@type":"Organization","@id":"https:\/\/noti-america.com\/site\/peru\/#organization","name":"Noti-America LLC | Per\u00fa","url":"https:\/\/noti-america.com\/site\/peru\/","logo":{"@type":"ImageObject","inLanguage":"es","@id":"https:\/\/noti-america.com\/site\/peru\/#\/schema\/logo\/image\/","url":"https:\/\/noti-america.com\/site\/peru\/wp-content\/uploads\/sites\/8\/2020\/07\/LogoNA-4x3-1.jpg","contentUrl":"https:\/\/noti-america.com\/site\/peru\/wp-content\/uploads\/sites\/8\/2020\/07\/LogoNA-4x3-1.jpg","width":1236,"height":1080,"caption":"Noti-America LLC | Per\u00fa"},"image":{"@id":"https:\/\/noti-america.com\/site\/peru\/#\/schema\/logo\/image\/"}},{"@type":"Person","@id":"https:\/\/noti-america.com\/site\/peru\/#\/schema\/person\/28a35f20383bf2485bc838bfe76aebdc","name":"Geomar Pacheco R.","image":{"@type":"ImageObject","inLanguage":"es","@id":"https:\/\/secure.gravatar.com\/avatar\/5f09cb527f9632e92234c6fc6e2cbcefebeed6bdeb0f9129ea4cbc7aa71587c6?s=96&d=mm&r=g","url":"https:\/\/secure.gravatar.com\/avatar\/5f09cb527f9632e92234c6fc6e2cbcefebeed6bdeb0f9129ea4cbc7aa71587c6?s=96&d=mm&r=g","contentUrl":"https:\/\/secure.gravatar.com\/avatar\/5f09cb527f9632e92234c6fc6e2cbcefebeed6bdeb0f9129ea4cbc7aa71587c6?s=96&d=mm&r=g","caption":"Geomar Pacheco R."},"sameAs":["https:\/\/x.com\/GeomarPacheco1"],"url":"https:\/\/noti-america.com\/site\/peru\/author\/gpacheco\/"}]}},"_links":{"self":[{"href":"https:\/\/noti-america.com\/site\/peru\/wp-json\/wp\/v2\/posts\/9644","targetHints":{"allow":["GET"]}}],"collection":[{"href":"https:\/\/noti-america.com\/site\/peru\/wp-json\/wp\/v2\/posts"}],"about":[{"href":"https:\/\/noti-america.com\/site\/peru\/wp-json\/wp\/v2\/types\/post"}],"author":[{"embeddable":true,"href":"https:\/\/noti-america.com\/site\/peru\/wp-json\/wp\/v2\/users\/70"}],"replies":[{"embeddable":true,"href":"https:\/\/noti-america.com\/site\/peru\/wp-json\/wp\/v2\/comments?post=9644"}],"version-history":[{"count":1,"href":"https:\/\/noti-america.com\/site\/peru\/wp-json\/wp\/v2\/posts\/9644\/revisions"}],"predecessor-version":[{"id":9647,"href":"https:\/\/noti-america.com\/site\/peru\/wp-json\/wp\/v2\/posts\/9644\/revisions\/9647"}],"wp:featuredmedia":[{"embeddable":true,"href":"https:\/\/noti-america.com\/site\/peru\/wp-json\/wp\/v2\/media\/9645"}],"wp:attachment":[{"href":"https:\/\/noti-america.com\/site\/peru\/wp-json\/wp\/v2\/media?parent=9644"}],"wp:term":[{"taxonomy":"category","embeddable":true,"href":"https:\/\/noti-america.com\/site\/peru\/wp-json\/wp\/v2\/categories?post=9644"},{"taxonomy":"post_tag","embeddable":true,"href":"https:\/\/noti-america.com\/site\/peru\/wp-json\/wp\/v2\/tags?post=9644"}],"curies":[{"name":"wp","href":"https:\/\/api.w.org\/{rel}","templated":true}]}}