{"id":9625,"date":"2026-03-05T05:07:21","date_gmt":"2026-03-05T05:07:21","guid":{"rendered":"https:\/\/noti-america.com\/site\/peru\/?p=9625"},"modified":"2026-03-05T05:07:21","modified_gmt":"2026-03-05T05:07:21","slug":"la-responsabilidad-en-la-educacion-es-compartida-entre-alumnos-padres-y-docentes","status":"publish","type":"post","link":"https:\/\/noti-america.com\/site\/peru\/2026\/03\/05\/la-responsabilidad-en-la-educacion-es-compartida-entre-alumnos-padres-y-docentes\/","title":{"rendered":"LA RESPONSABILIDAD EN LA EDUCACI\u00d3N ES COMPARTIDA ENTRE ALUMNOS, PADRES Y DOCENTES"},"content":{"rendered":"<p><strong>NOTI-AM\u00c9RICA PER\u00da<\/strong><\/p>\n<p>&nbsp;<\/p>\n<p style=\"text-align: right\"><strong>Por Geomar Pacheco Rivera<\/strong><\/p>\n<p>&nbsp;<\/p>\n<p>&nbsp;<\/p>\n<p>El ministro de Educaci\u00f3n, Erfurt Manuel Castillo Vera, se\u00f1al\u00f3 que la educaci\u00f3n es uno de los pilares fundamentales para el desarrollo de la sociedad y una responsabilidad compartida que involucra a una amplia comunidad integrada por ni\u00f1os, padres de familia, maestros y directivos.<\/p>\n<p>&nbsp;<\/p>\n<p>A pocos d\u00edas del inicio del a\u00f1o escolar, el titular de la cartera recibi\u00f3 en su despacho a Rafaella Ruiz Barreto, una estudiante del distrito de Ventanilla que asumi\u00f3, de manera simb\u00f3lica, el despacho ministerial en el marco de las actividades por el D\u00eda Internacional de la Mujer, que se celebra el 8 de marzo.<\/p>\n<p style=\"padding-left: 40px\">\n<p>En el encuentro, el titular de Educaci\u00f3n le explic\u00f3 a la joven estudiante del segundo de secundaria del colegio Marcelino Champagnat las acciones que realiza el sector para atender a m\u00e1s de 6 millones de estudiantes de colegios p\u00fablicos de educaci\u00f3n b\u00e1sica regular.<\/p>\n<p>&nbsp;<\/p>\n<p>Asimismo, Castillo Vera resalt\u00f3 \u201cque asumir el despacho ministerial implica comprender la magnitud de la responsabilidad que conlleva\u201d dirigir el sistema educativo nacional. \u201cEste acto simb\u00f3lico es muy significativo, porque asumir el despacho te hace responsable de todos los problemas del sector\u201d, manifest\u00f3.<\/p>\n<p>&nbsp;<\/p>\n<p>Posteriormente, el ministro Castillo Vera y Rafaella visitaron una exposici\u00f3n de materiales educativos elaborados por el Ministerio de Educaci\u00f3n (Minedu) para estudiantes y docentes de Educaci\u00f3n Intercultural Biling\u00fce, entre los que figuraban textos en diversas lenguas originarias.<\/p>\n<div id=\"attachment_9627\" style=\"width: 1610px\" class=\"wp-caption alignnone\"><img loading=\"lazy\" decoding=\"async\" aria-describedby=\"caption-attachment-9627\" class=\"size-full wp-image-9627\" src=\"https:\/\/noti-america.com\/site\/peru\/wp-content\/uploads\/sites\/8\/2026\/03\/IMG-20260304-WA0003.jpg\" alt=\"\" width=\"1600\" height=\"1067\" srcset=\"https:\/\/noti-america.com\/site\/peru\/wp-content\/uploads\/sites\/8\/2026\/03\/IMG-20260304-WA0003.jpg 1600w, https:\/\/noti-america.com\/site\/peru\/wp-content\/uploads\/sites\/8\/2026\/03\/IMG-20260304-WA0003-300x200.jpg 300w, https:\/\/noti-america.com\/site\/peru\/wp-content\/uploads\/sites\/8\/2026\/03\/IMG-20260304-WA0003-1024x683.jpg 1024w, https:\/\/noti-america.com\/site\/peru\/wp-content\/uploads\/sites\/8\/2026\/03\/IMG-20260304-WA0003-768x512.jpg 768w, https:\/\/noti-america.com\/site\/peru\/wp-content\/uploads\/sites\/8\/2026\/03\/IMG-20260304-WA0003-1536x1024.jpg 1536w, https:\/\/noti-america.com\/site\/peru\/wp-content\/uploads\/sites\/8\/2026\/03\/IMG-20260304-WA0003-272x182.jpg 272w\" sizes=\"auto, (max-width: 1600px) 100vw, 1600px\" \/><p id=\"caption-attachment-9627\" class=\"wp-caption-text\">Feria de material did\u00e1ctico para preservar las lenguas oriundas.<\/p><\/div>\n<p>&nbsp;<\/p>\n<p>La estudiante, de 13 a\u00f1os, que sue\u00f1a con ser doctora y ahora tambi\u00e9n considera la docencia, destac\u00f3 el trabajo que realiza el Minedu para preservar las lenguas originarias, como el ash\u00e1ninca, aimara y quechua, y garantizar una educaci\u00f3n inclusiva para todos los estudiantes del pa\u00eds.<\/p>\n","protected":false},"excerpt":{"rendered":"<p>NOTI-AM\u00c9RICA PER\u00da &nbsp; Por Geomar Pacheco Rivera &nbsp; &nbsp; El ministro de Educaci\u00f3n, Erfurt Manuel Castillo Vera, se\u00f1al\u00f3 que la educaci\u00f3n es uno de los pilares fundamentales para el desarrollo de la sociedad y&#46;&#46;&#46;<\/p>\n","protected":false},"author":70,"featured_media":9626,"comment_status":"open","ping_status":"open","sticky":false,"template":"","format":"standard","meta":{"_acf_changed":false,"rop_custom_images_group":[],"rop_custom_messages_group":[],"rop_publish_now":"no","rop_publish_now_accounts":{"twitter_242054905_242054905":""},"rop_publish_now_history":[{"account":"twitter_242054905_242054905","service":"twitter","timestamp":1772687271,"status":"error"}],"rop_publish_now_status":"done","footnotes":""},"categories":[268,188],"tags":[],"class_list":["post-9625","post","type-post","status-publish","format-standard","has-post-thumbnail","hentry","category-acturalidad","category-educacion"],"acf":[],"yoast_head":"<!-- This site is optimized with the Yoast SEO Premium plugin v24.9 (Yoast SEO v27.2) - https:\/\/yoast.com\/product\/yoast-seo-premium-wordpress\/ -->\n<title>LA RESPONSABILIDAD EN LA EDUCACI\u00d3N ES COMPARTIDA ENTRE ALUMNOS, PADRES Y DOCENTES - Per\u00fa | Noti-America.com<\/title>\n<meta name=\"robots\" content=\"index, follow, max-snippet:-1, max-image-preview:large, max-video-preview:-1\" \/>\n<link rel=\"canonical\" href=\"https:\/\/noti-america.com\/site\/peru\/2026\/03\/05\/la-responsabilidad-en-la-educacion-es-compartida-entre-alumnos-padres-y-docentes\/\" \/>\n<meta property=\"og:locale\" content=\"es_ES\" \/>\n<meta property=\"og:type\" content=\"article\" \/>\n<meta property=\"og:title\" content=\"LA RESPONSABILIDAD EN LA EDUCACI\u00d3N ES COMPARTIDA ENTRE ALUMNOS, PADRES Y DOCENTES\" \/>\n<meta property=\"og:description\" content=\"NOTI-AM\u00c9RICA PER\u00da &nbsp; Por Geomar Pacheco Rivera &nbsp; &nbsp; El ministro de Educaci\u00f3n, Erfurt Manuel Castillo Vera, se\u00f1al\u00f3 que la educaci\u00f3n es uno de los pilares fundamentales para el desarrollo de la sociedad y&#046;&#046;&#046;\" \/>\n<meta property=\"og:url\" content=\"https:\/\/noti-america.com\/site\/peru\/2026\/03\/05\/la-responsabilidad-en-la-educacion-es-compartida-entre-alumnos-padres-y-docentes\/\" \/>\n<meta property=\"og:site_name\" content=\"Per\u00fa | Noti-America.com\" \/>\n<meta property=\"article:published_time\" content=\"2026-03-05T05:07:21+00:00\" \/>\n<meta property=\"og:image\" content=\"https:\/\/noti-america.com\/site\/peru\/wp-content\/uploads\/sites\/8\/2026\/03\/IMG-20260304-WA0002.jpg\" \/>\n\t<meta property=\"og:image:width\" content=\"1600\" \/>\n\t<meta property=\"og:image:height\" content=\"1067\" \/>\n\t<meta property=\"og:image:type\" content=\"image\/jpeg\" \/>\n<meta name=\"author\" content=\"Geomar Pacheco R.\" \/>\n<meta name=\"twitter:card\" content=\"summary_large_image\" \/>\n<meta name=\"twitter:creator\" content=\"@GeomarPacheco1\" \/>\n<meta name=\"twitter:label1\" content=\"Escrito por\" \/>\n\t<meta name=\"twitter:data1\" content=\"Geomar Pacheco R.\" \/>\n\t<meta name=\"twitter:label2\" content=\"Tiempo estimado de lectura\" \/>\n\t<meta name=\"twitter:data2\" content=\"2 minutos\" \/>\n<script type=\"application\/ld+json\" class=\"yoast-schema-graph\">{\"@context\":\"https:\/\/schema.org\",\"@graph\":[{\"@type\":\"Article\",\"@id\":\"https:\/\/noti-america.com\/site\/peru\/2026\/03\/05\/la-responsabilidad-en-la-educacion-es-compartida-entre-alumnos-padres-y-docentes\/#article\",\"isPartOf\":{\"@id\":\"https:\/\/noti-america.com\/site\/peru\/2026\/03\/05\/la-responsabilidad-en-la-educacion-es-compartida-entre-alumnos-padres-y-docentes\/\"},\"author\":{\"name\":\"Geomar Pacheco R.\",\"@id\":\"https:\/\/noti-america.com\/site\/peru\/#\/schema\/person\/28a35f20383bf2485bc838bfe76aebdc\"},\"headline\":\"LA RESPONSABILIDAD EN LA EDUCACI\u00d3N ES COMPARTIDA ENTRE ALUMNOS, PADRES Y DOCENTES\",\"datePublished\":\"2026-03-05T05:07:21+00:00\",\"mainEntityOfPage\":{\"@id\":\"https:\/\/noti-america.com\/site\/peru\/2026\/03\/05\/la-responsabilidad-en-la-educacion-es-compartida-entre-alumnos-padres-y-docentes\/\"},\"wordCount\":331,\"commentCount\":0,\"publisher\":{\"@id\":\"https:\/\/noti-america.com\/site\/peru\/#organization\"},\"image\":{\"@id\":\"https:\/\/noti-america.com\/site\/peru\/2026\/03\/05\/la-responsabilidad-en-la-educacion-es-compartida-entre-alumnos-padres-y-docentes\/#primaryimage\"},\"thumbnailUrl\":\"https:\/\/noti-america.com\/site\/peru\/wp-content\/uploads\/sites\/8\/2026\/03\/IMG-20260304-WA0002.jpg\",\"articleSection\":[\"Actualidad\",\"Educaci\u00f3n\"],\"inLanguage\":\"es\",\"potentialAction\":[{\"@type\":\"CommentAction\",\"name\":\"Comment\",\"target\":[\"https:\/\/noti-america.com\/site\/peru\/2026\/03\/05\/la-responsabilidad-en-la-educacion-es-compartida-entre-alumnos-padres-y-docentes\/#respond\"]}]},{\"@type\":\"WebPage\",\"@id\":\"https:\/\/noti-america.com\/site\/peru\/2026\/03\/05\/la-responsabilidad-en-la-educacion-es-compartida-entre-alumnos-padres-y-docentes\/\",\"url\":\"https:\/\/noti-america.com\/site\/peru\/2026\/03\/05\/la-responsabilidad-en-la-educacion-es-compartida-entre-alumnos-padres-y-docentes\/\",\"name\":\"LA RESPONSABILIDAD EN LA EDUCACI\u00d3N ES COMPARTIDA ENTRE ALUMNOS, PADRES Y DOCENTES - Per\u00fa | Noti-America.com\",\"isPartOf\":{\"@id\":\"https:\/\/noti-america.com\/site\/peru\/#website\"},\"primaryImageOfPage\":{\"@id\":\"https:\/\/noti-america.com\/site\/peru\/2026\/03\/05\/la-responsabilidad-en-la-educacion-es-compartida-entre-alumnos-padres-y-docentes\/#primaryimage\"},\"image\":{\"@id\":\"https:\/\/noti-america.com\/site\/peru\/2026\/03\/05\/la-responsabilidad-en-la-educacion-es-compartida-entre-alumnos-padres-y-docentes\/#primaryimage\"},\"thumbnailUrl\":\"https:\/\/noti-america.com\/site\/peru\/wp-content\/uploads\/sites\/8\/2026\/03\/IMG-20260304-WA0002.jpg\",\"datePublished\":\"2026-03-05T05:07:21+00:00\",\"breadcrumb\":{\"@id\":\"https:\/\/noti-america.com\/site\/peru\/2026\/03\/05\/la-responsabilidad-en-la-educacion-es-compartida-entre-alumnos-padres-y-docentes\/#breadcrumb\"},\"inLanguage\":\"es\",\"potentialAction\":[{\"@type\":\"ReadAction\",\"target\":[\"https:\/\/noti-america.com\/site\/peru\/2026\/03\/05\/la-responsabilidad-en-la-educacion-es-compartida-entre-alumnos-padres-y-docentes\/\"]}]},{\"@type\":\"ImageObject\",\"inLanguage\":\"es\",\"@id\":\"https:\/\/noti-america.com\/site\/peru\/2026\/03\/05\/la-responsabilidad-en-la-educacion-es-compartida-entre-alumnos-padres-y-docentes\/#primaryimage\",\"url\":\"https:\/\/noti-america.com\/site\/peru\/wp-content\/uploads\/sites\/8\/2026\/03\/IMG-20260304-WA0002.jpg\",\"contentUrl\":\"https:\/\/noti-america.com\/site\/peru\/wp-content\/uploads\/sites\/8\/2026\/03\/IMG-20260304-WA0002.jpg\",\"width\":1600,\"height\":1067,\"caption\":\"El titular de MINEDU recibi\u00f3 en su despacho a Rafaella Ruiz Barreto, una estudiante del distrito de Ventanilla. Foto : Andina\/Difusi\u00f3n.\"},{\"@type\":\"BreadcrumbList\",\"@id\":\"https:\/\/noti-america.com\/site\/peru\/2026\/03\/05\/la-responsabilidad-en-la-educacion-es-compartida-entre-alumnos-padres-y-docentes\/#breadcrumb\",\"itemListElement\":[{\"@type\":\"ListItem\",\"position\":1,\"name\":\"Portada\",\"item\":\"https:\/\/noti-america.com\/site\/peru\/\"},{\"@type\":\"ListItem\",\"position\":2,\"name\":\"LA RESPONSABILIDAD EN LA EDUCACI\u00d3N ES COMPARTIDA ENTRE ALUMNOS, PADRES Y DOCENTES\"}]},{\"@type\":\"WebSite\",\"@id\":\"https:\/\/noti-america.com\/site\/peru\/#website\",\"url\":\"https:\/\/noti-america.com\/site\/peru\/\",\"name\":\"Per\u00fa | Noti-America.com\",\"description\":\"\",\"publisher\":{\"@id\":\"https:\/\/noti-america.com\/site\/peru\/#organization\"},\"potentialAction\":[{\"@type\":\"SearchAction\",\"target\":{\"@type\":\"EntryPoint\",\"urlTemplate\":\"https:\/\/noti-america.com\/site\/peru\/?s={search_term_string}\"},\"query-input\":{\"@type\":\"PropertyValueSpecification\",\"valueRequired\":true,\"valueName\":\"search_term_string\"}}],\"inLanguage\":\"es\"},{\"@type\":\"Organization\",\"@id\":\"https:\/\/noti-america.com\/site\/peru\/#organization\",\"name\":\"Noti-America LLC | Per\u00fa\",\"url\":\"https:\/\/noti-america.com\/site\/peru\/\",\"logo\":{\"@type\":\"ImageObject\",\"inLanguage\":\"es\",\"@id\":\"https:\/\/noti-america.com\/site\/peru\/#\/schema\/logo\/image\/\",\"url\":\"https:\/\/noti-america.com\/site\/peru\/wp-content\/uploads\/sites\/8\/2020\/07\/LogoNA-4x3-1.jpg\",\"contentUrl\":\"https:\/\/noti-america.com\/site\/peru\/wp-content\/uploads\/sites\/8\/2020\/07\/LogoNA-4x3-1.jpg\",\"width\":1236,\"height\":1080,\"caption\":\"Noti-America LLC | Per\u00fa\"},\"image\":{\"@id\":\"https:\/\/noti-america.com\/site\/peru\/#\/schema\/logo\/image\/\"}},{\"@type\":\"Person\",\"@id\":\"https:\/\/noti-america.com\/site\/peru\/#\/schema\/person\/28a35f20383bf2485bc838bfe76aebdc\",\"name\":\"Geomar Pacheco R.\",\"image\":{\"@type\":\"ImageObject\",\"inLanguage\":\"es\",\"@id\":\"https:\/\/secure.gravatar.com\/avatar\/5f09cb527f9632e92234c6fc6e2cbcefebeed6bdeb0f9129ea4cbc7aa71587c6?s=96&d=mm&r=g\",\"url\":\"https:\/\/secure.gravatar.com\/avatar\/5f09cb527f9632e92234c6fc6e2cbcefebeed6bdeb0f9129ea4cbc7aa71587c6?s=96&d=mm&r=g\",\"contentUrl\":\"https:\/\/secure.gravatar.com\/avatar\/5f09cb527f9632e92234c6fc6e2cbcefebeed6bdeb0f9129ea4cbc7aa71587c6?s=96&d=mm&r=g\",\"caption\":\"Geomar Pacheco R.\"},\"sameAs\":[\"https:\/\/x.com\/GeomarPacheco1\"],\"url\":\"https:\/\/noti-america.com\/site\/peru\/author\/gpacheco\/\"}]}<\/script>\n<!-- \/ Yoast SEO Premium plugin. -->","yoast_head_json":{"title":"LA RESPONSABILIDAD EN LA EDUCACI\u00d3N ES COMPARTIDA ENTRE ALUMNOS, PADRES Y DOCENTES - Per\u00fa | Noti-America.com","robots":{"index":"index","follow":"follow","max-snippet":"max-snippet:-1","max-image-preview":"max-image-preview:large","max-video-preview":"max-video-preview:-1"},"canonical":"https:\/\/noti-america.com\/site\/peru\/2026\/03\/05\/la-responsabilidad-en-la-educacion-es-compartida-entre-alumnos-padres-y-docentes\/","og_locale":"es_ES","og_type":"article","og_title":"LA RESPONSABILIDAD EN LA EDUCACI\u00d3N ES COMPARTIDA ENTRE ALUMNOS, PADRES Y DOCENTES","og_description":"NOTI-AM\u00c9RICA PER\u00da &nbsp; Por Geomar Pacheco Rivera &nbsp; &nbsp; El ministro de Educaci\u00f3n, Erfurt Manuel Castillo Vera, se\u00f1al\u00f3 que la educaci\u00f3n es uno de los pilares fundamentales para el desarrollo de la sociedad y&#46;&#46;&#46;","og_url":"https:\/\/noti-america.com\/site\/peru\/2026\/03\/05\/la-responsabilidad-en-la-educacion-es-compartida-entre-alumnos-padres-y-docentes\/","og_site_name":"Per\u00fa | Noti-America.com","article_published_time":"2026-03-05T05:07:21+00:00","og_image":[{"width":1600,"height":1067,"url":"https:\/\/noti-america.com\/site\/peru\/wp-content\/uploads\/sites\/8\/2026\/03\/IMG-20260304-WA0002.jpg","type":"image\/jpeg"}],"author":"Geomar Pacheco R.","twitter_card":"summary_large_image","twitter_creator":"@GeomarPacheco1","twitter_misc":{"Escrito por":"Geomar Pacheco R.","Tiempo estimado de lectura":"2 minutos"},"schema":{"@context":"https:\/\/schema.org","@graph":[{"@type":"Article","@id":"https:\/\/noti-america.com\/site\/peru\/2026\/03\/05\/la-responsabilidad-en-la-educacion-es-compartida-entre-alumnos-padres-y-docentes\/#article","isPartOf":{"@id":"https:\/\/noti-america.com\/site\/peru\/2026\/03\/05\/la-responsabilidad-en-la-educacion-es-compartida-entre-alumnos-padres-y-docentes\/"},"author":{"name":"Geomar Pacheco R.","@id":"https:\/\/noti-america.com\/site\/peru\/#\/schema\/person\/28a35f20383bf2485bc838bfe76aebdc"},"headline":"LA RESPONSABILIDAD EN LA EDUCACI\u00d3N ES COMPARTIDA ENTRE ALUMNOS, PADRES Y DOCENTES","datePublished":"2026-03-05T05:07:21+00:00","mainEntityOfPage":{"@id":"https:\/\/noti-america.com\/site\/peru\/2026\/03\/05\/la-responsabilidad-en-la-educacion-es-compartida-entre-alumnos-padres-y-docentes\/"},"wordCount":331,"commentCount":0,"publisher":{"@id":"https:\/\/noti-america.com\/site\/peru\/#organization"},"image":{"@id":"https:\/\/noti-america.com\/site\/peru\/2026\/03\/05\/la-responsabilidad-en-la-educacion-es-compartida-entre-alumnos-padres-y-docentes\/#primaryimage"},"thumbnailUrl":"https:\/\/noti-america.com\/site\/peru\/wp-content\/uploads\/sites\/8\/2026\/03\/IMG-20260304-WA0002.jpg","articleSection":["Actualidad","Educaci\u00f3n"],"inLanguage":"es","potentialAction":[{"@type":"CommentAction","name":"Comment","target":["https:\/\/noti-america.com\/site\/peru\/2026\/03\/05\/la-responsabilidad-en-la-educacion-es-compartida-entre-alumnos-padres-y-docentes\/#respond"]}]},{"@type":"WebPage","@id":"https:\/\/noti-america.com\/site\/peru\/2026\/03\/05\/la-responsabilidad-en-la-educacion-es-compartida-entre-alumnos-padres-y-docentes\/","url":"https:\/\/noti-america.com\/site\/peru\/2026\/03\/05\/la-responsabilidad-en-la-educacion-es-compartida-entre-alumnos-padres-y-docentes\/","name":"LA RESPONSABILIDAD EN LA EDUCACI\u00d3N ES COMPARTIDA ENTRE ALUMNOS, PADRES Y DOCENTES - Per\u00fa | Noti-America.com","isPartOf":{"@id":"https:\/\/noti-america.com\/site\/peru\/#website"},"primaryImageOfPage":{"@id":"https:\/\/noti-america.com\/site\/peru\/2026\/03\/05\/la-responsabilidad-en-la-educacion-es-compartida-entre-alumnos-padres-y-docentes\/#primaryimage"},"image":{"@id":"https:\/\/noti-america.com\/site\/peru\/2026\/03\/05\/la-responsabilidad-en-la-educacion-es-compartida-entre-alumnos-padres-y-docentes\/#primaryimage"},"thumbnailUrl":"https:\/\/noti-america.com\/site\/peru\/wp-content\/uploads\/sites\/8\/2026\/03\/IMG-20260304-WA0002.jpg","datePublished":"2026-03-05T05:07:21+00:00","breadcrumb":{"@id":"https:\/\/noti-america.com\/site\/peru\/2026\/03\/05\/la-responsabilidad-en-la-educacion-es-compartida-entre-alumnos-padres-y-docentes\/#breadcrumb"},"inLanguage":"es","potentialAction":[{"@type":"ReadAction","target":["https:\/\/noti-america.com\/site\/peru\/2026\/03\/05\/la-responsabilidad-en-la-educacion-es-compartida-entre-alumnos-padres-y-docentes\/"]}]},{"@type":"ImageObject","inLanguage":"es","@id":"https:\/\/noti-america.com\/site\/peru\/2026\/03\/05\/la-responsabilidad-en-la-educacion-es-compartida-entre-alumnos-padres-y-docentes\/#primaryimage","url":"https:\/\/noti-america.com\/site\/peru\/wp-content\/uploads\/sites\/8\/2026\/03\/IMG-20260304-WA0002.jpg","contentUrl":"https:\/\/noti-america.com\/site\/peru\/wp-content\/uploads\/sites\/8\/2026\/03\/IMG-20260304-WA0002.jpg","width":1600,"height":1067,"caption":"El titular de MINEDU recibi\u00f3 en su despacho a Rafaella Ruiz Barreto, una estudiante del distrito de Ventanilla. Foto : Andina\/Difusi\u00f3n."},{"@type":"BreadcrumbList","@id":"https:\/\/noti-america.com\/site\/peru\/2026\/03\/05\/la-responsabilidad-en-la-educacion-es-compartida-entre-alumnos-padres-y-docentes\/#breadcrumb","itemListElement":[{"@type":"ListItem","position":1,"name":"Portada","item":"https:\/\/noti-america.com\/site\/peru\/"},{"@type":"ListItem","position":2,"name":"LA RESPONSABILIDAD EN LA EDUCACI\u00d3N ES COMPARTIDA ENTRE ALUMNOS, PADRES Y DOCENTES"}]},{"@type":"WebSite","@id":"https:\/\/noti-america.com\/site\/peru\/#website","url":"https:\/\/noti-america.com\/site\/peru\/","name":"Per\u00fa | Noti-America.com","description":"","publisher":{"@id":"https:\/\/noti-america.com\/site\/peru\/#organization"},"potentialAction":[{"@type":"SearchAction","target":{"@type":"EntryPoint","urlTemplate":"https:\/\/noti-america.com\/site\/peru\/?s={search_term_string}"},"query-input":{"@type":"PropertyValueSpecification","valueRequired":true,"valueName":"search_term_string"}}],"inLanguage":"es"},{"@type":"Organization","@id":"https:\/\/noti-america.com\/site\/peru\/#organization","name":"Noti-America LLC | Per\u00fa","url":"https:\/\/noti-america.com\/site\/peru\/","logo":{"@type":"ImageObject","inLanguage":"es","@id":"https:\/\/noti-america.com\/site\/peru\/#\/schema\/logo\/image\/","url":"https:\/\/noti-america.com\/site\/peru\/wp-content\/uploads\/sites\/8\/2020\/07\/LogoNA-4x3-1.jpg","contentUrl":"https:\/\/noti-america.com\/site\/peru\/wp-content\/uploads\/sites\/8\/2020\/07\/LogoNA-4x3-1.jpg","width":1236,"height":1080,"caption":"Noti-America LLC | Per\u00fa"},"image":{"@id":"https:\/\/noti-america.com\/site\/peru\/#\/schema\/logo\/image\/"}},{"@type":"Person","@id":"https:\/\/noti-america.com\/site\/peru\/#\/schema\/person\/28a35f20383bf2485bc838bfe76aebdc","name":"Geomar Pacheco R.","image":{"@type":"ImageObject","inLanguage":"es","@id":"https:\/\/secure.gravatar.com\/avatar\/5f09cb527f9632e92234c6fc6e2cbcefebeed6bdeb0f9129ea4cbc7aa71587c6?s=96&d=mm&r=g","url":"https:\/\/secure.gravatar.com\/avatar\/5f09cb527f9632e92234c6fc6e2cbcefebeed6bdeb0f9129ea4cbc7aa71587c6?s=96&d=mm&r=g","contentUrl":"https:\/\/secure.gravatar.com\/avatar\/5f09cb527f9632e92234c6fc6e2cbcefebeed6bdeb0f9129ea4cbc7aa71587c6?s=96&d=mm&r=g","caption":"Geomar Pacheco R."},"sameAs":["https:\/\/x.com\/GeomarPacheco1"],"url":"https:\/\/noti-america.com\/site\/peru\/author\/gpacheco\/"}]}},"_links":{"self":[{"href":"https:\/\/noti-america.com\/site\/peru\/wp-json\/wp\/v2\/posts\/9625","targetHints":{"allow":["GET"]}}],"collection":[{"href":"https:\/\/noti-america.com\/site\/peru\/wp-json\/wp\/v2\/posts"}],"about":[{"href":"https:\/\/noti-america.com\/site\/peru\/wp-json\/wp\/v2\/types\/post"}],"author":[{"embeddable":true,"href":"https:\/\/noti-america.com\/site\/peru\/wp-json\/wp\/v2\/users\/70"}],"replies":[{"embeddable":true,"href":"https:\/\/noti-america.com\/site\/peru\/wp-json\/wp\/v2\/comments?post=9625"}],"version-history":[{"count":1,"href":"https:\/\/noti-america.com\/site\/peru\/wp-json\/wp\/v2\/posts\/9625\/revisions"}],"predecessor-version":[{"id":9628,"href":"https:\/\/noti-america.com\/site\/peru\/wp-json\/wp\/v2\/posts\/9625\/revisions\/9628"}],"wp:featuredmedia":[{"embeddable":true,"href":"https:\/\/noti-america.com\/site\/peru\/wp-json\/wp\/v2\/media\/9626"}],"wp:attachment":[{"href":"https:\/\/noti-america.com\/site\/peru\/wp-json\/wp\/v2\/media?parent=9625"}],"wp:term":[{"taxonomy":"category","embeddable":true,"href":"https:\/\/noti-america.com\/site\/peru\/wp-json\/wp\/v2\/categories?post=9625"},{"taxonomy":"post_tag","embeddable":true,"href":"https:\/\/noti-america.com\/site\/peru\/wp-json\/wp\/v2\/tags?post=9625"}],"curies":[{"name":"wp","href":"https:\/\/api.w.org\/{rel}","templated":true}]}}