{"id":9587,"date":"2026-02-24T06:10:09","date_gmt":"2026-02-24T06:10:09","guid":{"rendered":"https:\/\/noti-america.com\/site\/peru\/?p=9587"},"modified":"2026-02-24T06:10:09","modified_gmt":"2026-02-24T06:10:09","slug":"siniestro-aereo-deja-quince-fallecidos-en-peru","status":"publish","type":"post","link":"https:\/\/noti-america.com\/site\/peru\/2026\/02\/24\/siniestro-aereo-deja-quince-fallecidos-en-peru\/","title":{"rendered":"SINIESTRO A\u00c9REO DEJA QUINCE FALLECIDOS EN PER\u00da"},"content":{"rendered":"<p><strong>NOTI-AM\u00c9RICA PER\u00da<\/strong><\/p>\n<p>&nbsp;<\/p>\n<p style=\"text-align: right\"><strong>Por Geomar Pacheco Rivera<\/strong><\/p>\n<p>&nbsp;<\/p>\n<p>&nbsp;<\/p>\n<p>La tripulaci\u00f3n completa y los pasajeros del helic\u00f3ptero Mi-17, que fue declarado desaparecido el domingo 22 de febrero tras haber perdido contacto radial, fallecieron en el accidente, inform\u00f3 la Fuerza A\u00e9rea del Per\u00fa (FAP), tras hallar esta ma\u00f1ana la citada aeronave en la provincia de Caravel\u00ed, regi\u00f3n Arequipa.<\/p>\n<p>&nbsp;<\/p>\n<p>El Comunicado Oficial N.\u00ba 002-2026 describe que luego de intensas labores de b\u00fasqueda fue ubicada la nave en las proximidades de la localidad de Chala Viejo, distrito de Chala. Personal de rescate confirm\u00f3 que, debido al impacto, todos los ocupantes perdieron la vida.<\/p>\n<div id=\"attachment_9588\" style=\"width: 1610px\" class=\"wp-caption alignnone\"><img loading=\"lazy\" decoding=\"async\" aria-describedby=\"caption-attachment-9588\" class=\"size-full wp-image-9588\" src=\"https:\/\/noti-america.com\/site\/peru\/wp-content\/uploads\/sites\/8\/2026\/02\/IMG-20260223-WA0064.jpg\" alt=\"\" width=\"1600\" height=\"1066\" srcset=\"https:\/\/noti-america.com\/site\/peru\/wp-content\/uploads\/sites\/8\/2026\/02\/IMG-20260223-WA0064.jpg 1600w, https:\/\/noti-america.com\/site\/peru\/wp-content\/uploads\/sites\/8\/2026\/02\/IMG-20260223-WA0064-300x200.jpg 300w, https:\/\/noti-america.com\/site\/peru\/wp-content\/uploads\/sites\/8\/2026\/02\/IMG-20260223-WA0064-1024x682.jpg 1024w, https:\/\/noti-america.com\/site\/peru\/wp-content\/uploads\/sites\/8\/2026\/02\/IMG-20260223-WA0064-768x512.jpg 768w, https:\/\/noti-america.com\/site\/peru\/wp-content\/uploads\/sites\/8\/2026\/02\/IMG-20260223-WA0064-1536x1023.jpg 1536w, https:\/\/noti-america.com\/site\/peru\/wp-content\/uploads\/sites\/8\/2026\/02\/IMG-20260223-WA0064-272x182.jpg 272w\" sizes=\"auto, (max-width: 1600px) 100vw, 1600px\" \/><p id=\"caption-attachment-9588\" class=\"wp-caption-text\">El helic\u00f3ptero fue hallado cerca de la localidad Chala Viejo, en el distrito de Chala, en Arequipa. Foto: Latina TV<\/p><\/div>\n<p>&nbsp;<\/p>\n<p>El hallazgo de los cuerpos y de la aeronave siniestrada estuvo a cargo de patrullas de Fuerzas Especiales de la FAP, en coordinaci\u00f3n con la Polic\u00eda Nacional del Per\u00fa (PNP).<\/p>\n<p>&nbsp;<\/p>\n<p>Entre las v\u00edctimas se encuentran los cuatro miembros de la tripulaci\u00f3n: el mayor FAP Sergio Danner Paucar Centuri\u00f3n, el alf\u00e9rez FAP Luis Fernando Huertas C\u00e1rcamo, la suboficial de Primera FAP Kamila Chapi Anchapuri Jove y el suboficial de segunda FAP Leiner Aguirre Huam\u00e1n.<\/p>\n<p>&nbsp;<\/p>\n<p>Tambi\u00e9n fallecieron once pasajeros: el coronel FAP Javier Nole Gonzales (de 50 a\u00f1os), Luis Rodr\u00edguez Romero (49), Elisa Bemal Paredes (49), Zoila Fern\u00e1ndez Medina (45) y siete menores de edad: N. R. R. (17), F. N. R. (15), G. T. B. (14), F. T. B. (14), M. G. M. (14), M. G. F. (14) y A. G. F. (3).<\/p>\n<p>&nbsp;<\/p>\n<p>La Fuerza A\u00e9rea del Per\u00fa precis\u00f3 que el helic\u00f3ptero se dirig\u00eda a Arequipa para cumplir labores de b\u00fasqueda y rescate, adem\u00e1s de apoyo ante inundaciones, desbordes y otros fen\u00f3menos que afectan a esta regi\u00f3n. Tambi\u00e9n participaba en el entrenamiento del curso de paracaidismo de cadetes de la FAP.<\/p>\n<p>&nbsp;<\/p>\n<p>En el comunicado el Alto Mando de la FPA expres\u00f3 sus condolencias a los familiares, compa\u00f1eros de armas y allegados de las v\u00edctimas, y anunci\u00f3 la activaci\u00f3n inmediata de la Junta de Investigaci\u00f3n de Accidentes para determinar las causas exactas del siniestro.<\/p>\n<p><img loading=\"lazy\" decoding=\"async\" class=\"alignnone size-full wp-image-9589\" src=\"https:\/\/noti-america.com\/site\/peru\/wp-content\/uploads\/sites\/8\/2026\/02\/IMG-20260223-WA0065.jpg\" alt=\"\" width=\"1236\" height=\"1600\" srcset=\"https:\/\/noti-america.com\/site\/peru\/wp-content\/uploads\/sites\/8\/2026\/02\/IMG-20260223-WA0065.jpg 1236w, https:\/\/noti-america.com\/site\/peru\/wp-content\/uploads\/sites\/8\/2026\/02\/IMG-20260223-WA0065-232x300.jpg 232w, https:\/\/noti-america.com\/site\/peru\/wp-content\/uploads\/sites\/8\/2026\/02\/IMG-20260223-WA0065-791x1024.jpg 791w, https:\/\/noti-america.com\/site\/peru\/wp-content\/uploads\/sites\/8\/2026\/02\/IMG-20260223-WA0065-768x994.jpg 768w, https:\/\/noti-america.com\/site\/peru\/wp-content\/uploads\/sites\/8\/2026\/02\/IMG-20260223-WA0065-1187x1536.jpg 1187w\" sizes=\"auto, (max-width: 1236px) 100vw, 1236px\" \/><\/p>\n<p>&nbsp;<\/p>\n<p>Por \u00faltimo, la Fuerza A\u00e9rea del Per\u00fa se\u00f1al\u00f3 que se suma al duelo nacional por la p\u00e9rdida de estos peruanos en acto de servicio.<\/p>\n","protected":false},"excerpt":{"rendered":"<p>NOTI-AM\u00c9RICA PER\u00da &nbsp; Por Geomar Pacheco Rivera &nbsp; &nbsp; La tripulaci\u00f3n completa y los pasajeros del helic\u00f3ptero Mi-17, que fue declarado desaparecido el domingo 22 de febrero tras haber perdido contacto radial, fallecieron en&#46;&#46;&#46;<\/p>\n","protected":false},"author":70,"featured_media":9588,"comment_status":"open","ping_status":"open","sticky":false,"template":"","format":"standard","meta":{"_acf_changed":false,"rop_custom_images_group":[],"rop_custom_messages_group":[],"rop_publish_now":"no","rop_publish_now_accounts":{"twitter_242054905_242054905":""},"rop_publish_now_history":[{"account":"twitter_242054905_242054905","service":"twitter","timestamp":1771913505,"status":"error"}],"rop_publish_now_status":"done","footnotes":""},"categories":[268,11],"tags":[],"class_list":["post-9587","post","type-post","status-publish","format-standard","has-post-thumbnail","hentry","category-acturalidad","category-sucesos"],"acf":[],"yoast_head":"<!-- This site is optimized with the Yoast SEO Premium plugin v24.9 (Yoast SEO v27.2) - https:\/\/yoast.com\/product\/yoast-seo-premium-wordpress\/ -->\n<title>SINIESTRO A\u00c9REO DEJA QUINCE FALLECIDOS EN PER\u00da - Per\u00fa | Noti-America.com<\/title>\n<meta name=\"robots\" content=\"index, follow, max-snippet:-1, max-image-preview:large, max-video-preview:-1\" \/>\n<link rel=\"canonical\" href=\"https:\/\/noti-america.com\/site\/peru\/2026\/02\/24\/siniestro-aereo-deja-quince-fallecidos-en-peru\/\" \/>\n<meta property=\"og:locale\" content=\"es_ES\" \/>\n<meta property=\"og:type\" content=\"article\" \/>\n<meta property=\"og:title\" content=\"SINIESTRO A\u00c9REO DEJA QUINCE FALLECIDOS EN PER\u00da\" \/>\n<meta property=\"og:description\" content=\"NOTI-AM\u00c9RICA PER\u00da &nbsp; Por Geomar Pacheco Rivera &nbsp; &nbsp; La tripulaci\u00f3n completa y los pasajeros del helic\u00f3ptero Mi-17, que fue declarado desaparecido el domingo 22 de febrero tras haber perdido contacto radial, fallecieron en&#046;&#046;&#046;\" \/>\n<meta property=\"og:url\" content=\"https:\/\/noti-america.com\/site\/peru\/2026\/02\/24\/siniestro-aereo-deja-quince-fallecidos-en-peru\/\" \/>\n<meta property=\"og:site_name\" content=\"Per\u00fa | Noti-America.com\" \/>\n<meta property=\"article:published_time\" content=\"2026-02-24T06:10:09+00:00\" \/>\n<meta property=\"og:image\" content=\"https:\/\/noti-america.com\/site\/peru\/wp-content\/uploads\/sites\/8\/2026\/02\/IMG-20260223-WA0064.jpg\" \/>\n\t<meta property=\"og:image:width\" content=\"1600\" \/>\n\t<meta property=\"og:image:height\" content=\"1066\" \/>\n\t<meta property=\"og:image:type\" content=\"image\/jpeg\" \/>\n<meta name=\"author\" content=\"Geomar Pacheco R.\" \/>\n<meta name=\"twitter:card\" content=\"summary_large_image\" \/>\n<meta name=\"twitter:creator\" content=\"@GeomarPacheco1\" \/>\n<meta name=\"twitter:label1\" content=\"Escrito por\" \/>\n\t<meta name=\"twitter:data1\" content=\"Geomar Pacheco R.\" \/>\n\t<meta name=\"twitter:label2\" content=\"Tiempo estimado de lectura\" \/>\n\t<meta name=\"twitter:data2\" content=\"3 minutos\" \/>\n<script type=\"application\/ld+json\" class=\"yoast-schema-graph\">{\"@context\":\"https:\/\/schema.org\",\"@graph\":[{\"@type\":\"Article\",\"@id\":\"https:\/\/noti-america.com\/site\/peru\/2026\/02\/24\/siniestro-aereo-deja-quince-fallecidos-en-peru\/#article\",\"isPartOf\":{\"@id\":\"https:\/\/noti-america.com\/site\/peru\/2026\/02\/24\/siniestro-aereo-deja-quince-fallecidos-en-peru\/\"},\"author\":{\"name\":\"Geomar Pacheco R.\",\"@id\":\"https:\/\/noti-america.com\/site\/peru\/#\/schema\/person\/28a35f20383bf2485bc838bfe76aebdc\"},\"headline\":\"SINIESTRO A\u00c9REO DEJA QUINCE FALLECIDOS EN PER\u00da\",\"datePublished\":\"2026-02-24T06:10:09+00:00\",\"mainEntityOfPage\":{\"@id\":\"https:\/\/noti-america.com\/site\/peru\/2026\/02\/24\/siniestro-aereo-deja-quince-fallecidos-en-peru\/\"},\"wordCount\":411,\"commentCount\":0,\"publisher\":{\"@id\":\"https:\/\/noti-america.com\/site\/peru\/#organization\"},\"image\":{\"@id\":\"https:\/\/noti-america.com\/site\/peru\/2026\/02\/24\/siniestro-aereo-deja-quince-fallecidos-en-peru\/#primaryimage\"},\"thumbnailUrl\":\"https:\/\/noti-america.com\/site\/peru\/wp-content\/uploads\/sites\/8\/2026\/02\/IMG-20260223-WA0064.jpg\",\"articleSection\":[\"Actualidad\",\"Sucesos\"],\"inLanguage\":\"es\",\"potentialAction\":[{\"@type\":\"CommentAction\",\"name\":\"Comment\",\"target\":[\"https:\/\/noti-america.com\/site\/peru\/2026\/02\/24\/siniestro-aereo-deja-quince-fallecidos-en-peru\/#respond\"]}]},{\"@type\":\"WebPage\",\"@id\":\"https:\/\/noti-america.com\/site\/peru\/2026\/02\/24\/siniestro-aereo-deja-quince-fallecidos-en-peru\/\",\"url\":\"https:\/\/noti-america.com\/site\/peru\/2026\/02\/24\/siniestro-aereo-deja-quince-fallecidos-en-peru\/\",\"name\":\"SINIESTRO A\u00c9REO DEJA QUINCE FALLECIDOS EN PER\u00da - Per\u00fa | Noti-America.com\",\"isPartOf\":{\"@id\":\"https:\/\/noti-america.com\/site\/peru\/#website\"},\"primaryImageOfPage\":{\"@id\":\"https:\/\/noti-america.com\/site\/peru\/2026\/02\/24\/siniestro-aereo-deja-quince-fallecidos-en-peru\/#primaryimage\"},\"image\":{\"@id\":\"https:\/\/noti-america.com\/site\/peru\/2026\/02\/24\/siniestro-aereo-deja-quince-fallecidos-en-peru\/#primaryimage\"},\"thumbnailUrl\":\"https:\/\/noti-america.com\/site\/peru\/wp-content\/uploads\/sites\/8\/2026\/02\/IMG-20260223-WA0064.jpg\",\"datePublished\":\"2026-02-24T06:10:09+00:00\",\"breadcrumb\":{\"@id\":\"https:\/\/noti-america.com\/site\/peru\/2026\/02\/24\/siniestro-aereo-deja-quince-fallecidos-en-peru\/#breadcrumb\"},\"inLanguage\":\"es\",\"potentialAction\":[{\"@type\":\"ReadAction\",\"target\":[\"https:\/\/noti-america.com\/site\/peru\/2026\/02\/24\/siniestro-aereo-deja-quince-fallecidos-en-peru\/\"]}]},{\"@type\":\"ImageObject\",\"inLanguage\":\"es\",\"@id\":\"https:\/\/noti-america.com\/site\/peru\/2026\/02\/24\/siniestro-aereo-deja-quince-fallecidos-en-peru\/#primaryimage\",\"url\":\"https:\/\/noti-america.com\/site\/peru\/wp-content\/uploads\/sites\/8\/2026\/02\/IMG-20260223-WA0064.jpg\",\"contentUrl\":\"https:\/\/noti-america.com\/site\/peru\/wp-content\/uploads\/sites\/8\/2026\/02\/IMG-20260223-WA0064.jpg\",\"width\":1600,\"height\":1066,\"caption\":\"El helic\u00f3ptero fue hallado cerca de la localidad Chala Viejo, en el distrito de Chala, en Arequipa. Foto: Latina TV\"},{\"@type\":\"BreadcrumbList\",\"@id\":\"https:\/\/noti-america.com\/site\/peru\/2026\/02\/24\/siniestro-aereo-deja-quince-fallecidos-en-peru\/#breadcrumb\",\"itemListElement\":[{\"@type\":\"ListItem\",\"position\":1,\"name\":\"Portada\",\"item\":\"https:\/\/noti-america.com\/site\/peru\/\"},{\"@type\":\"ListItem\",\"position\":2,\"name\":\"SINIESTRO A\u00c9REO DEJA QUINCE FALLECIDOS EN PER\u00da\"}]},{\"@type\":\"WebSite\",\"@id\":\"https:\/\/noti-america.com\/site\/peru\/#website\",\"url\":\"https:\/\/noti-america.com\/site\/peru\/\",\"name\":\"Per\u00fa | Noti-America.com\",\"description\":\"\",\"publisher\":{\"@id\":\"https:\/\/noti-america.com\/site\/peru\/#organization\"},\"potentialAction\":[{\"@type\":\"SearchAction\",\"target\":{\"@type\":\"EntryPoint\",\"urlTemplate\":\"https:\/\/noti-america.com\/site\/peru\/?s={search_term_string}\"},\"query-input\":{\"@type\":\"PropertyValueSpecification\",\"valueRequired\":true,\"valueName\":\"search_term_string\"}}],\"inLanguage\":\"es\"},{\"@type\":\"Organization\",\"@id\":\"https:\/\/noti-america.com\/site\/peru\/#organization\",\"name\":\"Noti-America LLC | Per\u00fa\",\"url\":\"https:\/\/noti-america.com\/site\/peru\/\",\"logo\":{\"@type\":\"ImageObject\",\"inLanguage\":\"es\",\"@id\":\"https:\/\/noti-america.com\/site\/peru\/#\/schema\/logo\/image\/\",\"url\":\"https:\/\/noti-america.com\/site\/peru\/wp-content\/uploads\/sites\/8\/2020\/07\/LogoNA-4x3-1.jpg\",\"contentUrl\":\"https:\/\/noti-america.com\/site\/peru\/wp-content\/uploads\/sites\/8\/2020\/07\/LogoNA-4x3-1.jpg\",\"width\":1236,\"height\":1080,\"caption\":\"Noti-America LLC | Per\u00fa\"},\"image\":{\"@id\":\"https:\/\/noti-america.com\/site\/peru\/#\/schema\/logo\/image\/\"}},{\"@type\":\"Person\",\"@id\":\"https:\/\/noti-america.com\/site\/peru\/#\/schema\/person\/28a35f20383bf2485bc838bfe76aebdc\",\"name\":\"Geomar Pacheco R.\",\"image\":{\"@type\":\"ImageObject\",\"inLanguage\":\"es\",\"@id\":\"https:\/\/secure.gravatar.com\/avatar\/5f09cb527f9632e92234c6fc6e2cbcefebeed6bdeb0f9129ea4cbc7aa71587c6?s=96&d=mm&r=g\",\"url\":\"https:\/\/secure.gravatar.com\/avatar\/5f09cb527f9632e92234c6fc6e2cbcefebeed6bdeb0f9129ea4cbc7aa71587c6?s=96&d=mm&r=g\",\"contentUrl\":\"https:\/\/secure.gravatar.com\/avatar\/5f09cb527f9632e92234c6fc6e2cbcefebeed6bdeb0f9129ea4cbc7aa71587c6?s=96&d=mm&r=g\",\"caption\":\"Geomar Pacheco R.\"},\"sameAs\":[\"https:\/\/x.com\/GeomarPacheco1\"],\"url\":\"https:\/\/noti-america.com\/site\/peru\/author\/gpacheco\/\"}]}<\/script>\n<!-- \/ Yoast SEO Premium plugin. -->","yoast_head_json":{"title":"SINIESTRO A\u00c9REO DEJA QUINCE FALLECIDOS EN PER\u00da - Per\u00fa | Noti-America.com","robots":{"index":"index","follow":"follow","max-snippet":"max-snippet:-1","max-image-preview":"max-image-preview:large","max-video-preview":"max-video-preview:-1"},"canonical":"https:\/\/noti-america.com\/site\/peru\/2026\/02\/24\/siniestro-aereo-deja-quince-fallecidos-en-peru\/","og_locale":"es_ES","og_type":"article","og_title":"SINIESTRO A\u00c9REO DEJA QUINCE FALLECIDOS EN PER\u00da","og_description":"NOTI-AM\u00c9RICA PER\u00da &nbsp; Por Geomar Pacheco Rivera &nbsp; &nbsp; La tripulaci\u00f3n completa y los pasajeros del helic\u00f3ptero Mi-17, que fue declarado desaparecido el domingo 22 de febrero tras haber perdido contacto radial, fallecieron en&#46;&#46;&#46;","og_url":"https:\/\/noti-america.com\/site\/peru\/2026\/02\/24\/siniestro-aereo-deja-quince-fallecidos-en-peru\/","og_site_name":"Per\u00fa | Noti-America.com","article_published_time":"2026-02-24T06:10:09+00:00","og_image":[{"width":1600,"height":1066,"url":"https:\/\/noti-america.com\/site\/peru\/wp-content\/uploads\/sites\/8\/2026\/02\/IMG-20260223-WA0064.jpg","type":"image\/jpeg"}],"author":"Geomar Pacheco R.","twitter_card":"summary_large_image","twitter_creator":"@GeomarPacheco1","twitter_misc":{"Escrito por":"Geomar Pacheco R.","Tiempo estimado de lectura":"3 minutos"},"schema":{"@context":"https:\/\/schema.org","@graph":[{"@type":"Article","@id":"https:\/\/noti-america.com\/site\/peru\/2026\/02\/24\/siniestro-aereo-deja-quince-fallecidos-en-peru\/#article","isPartOf":{"@id":"https:\/\/noti-america.com\/site\/peru\/2026\/02\/24\/siniestro-aereo-deja-quince-fallecidos-en-peru\/"},"author":{"name":"Geomar Pacheco R.","@id":"https:\/\/noti-america.com\/site\/peru\/#\/schema\/person\/28a35f20383bf2485bc838bfe76aebdc"},"headline":"SINIESTRO A\u00c9REO DEJA QUINCE FALLECIDOS EN PER\u00da","datePublished":"2026-02-24T06:10:09+00:00","mainEntityOfPage":{"@id":"https:\/\/noti-america.com\/site\/peru\/2026\/02\/24\/siniestro-aereo-deja-quince-fallecidos-en-peru\/"},"wordCount":411,"commentCount":0,"publisher":{"@id":"https:\/\/noti-america.com\/site\/peru\/#organization"},"image":{"@id":"https:\/\/noti-america.com\/site\/peru\/2026\/02\/24\/siniestro-aereo-deja-quince-fallecidos-en-peru\/#primaryimage"},"thumbnailUrl":"https:\/\/noti-america.com\/site\/peru\/wp-content\/uploads\/sites\/8\/2026\/02\/IMG-20260223-WA0064.jpg","articleSection":["Actualidad","Sucesos"],"inLanguage":"es","potentialAction":[{"@type":"CommentAction","name":"Comment","target":["https:\/\/noti-america.com\/site\/peru\/2026\/02\/24\/siniestro-aereo-deja-quince-fallecidos-en-peru\/#respond"]}]},{"@type":"WebPage","@id":"https:\/\/noti-america.com\/site\/peru\/2026\/02\/24\/siniestro-aereo-deja-quince-fallecidos-en-peru\/","url":"https:\/\/noti-america.com\/site\/peru\/2026\/02\/24\/siniestro-aereo-deja-quince-fallecidos-en-peru\/","name":"SINIESTRO A\u00c9REO DEJA QUINCE FALLECIDOS EN PER\u00da - Per\u00fa | Noti-America.com","isPartOf":{"@id":"https:\/\/noti-america.com\/site\/peru\/#website"},"primaryImageOfPage":{"@id":"https:\/\/noti-america.com\/site\/peru\/2026\/02\/24\/siniestro-aereo-deja-quince-fallecidos-en-peru\/#primaryimage"},"image":{"@id":"https:\/\/noti-america.com\/site\/peru\/2026\/02\/24\/siniestro-aereo-deja-quince-fallecidos-en-peru\/#primaryimage"},"thumbnailUrl":"https:\/\/noti-america.com\/site\/peru\/wp-content\/uploads\/sites\/8\/2026\/02\/IMG-20260223-WA0064.jpg","datePublished":"2026-02-24T06:10:09+00:00","breadcrumb":{"@id":"https:\/\/noti-america.com\/site\/peru\/2026\/02\/24\/siniestro-aereo-deja-quince-fallecidos-en-peru\/#breadcrumb"},"inLanguage":"es","potentialAction":[{"@type":"ReadAction","target":["https:\/\/noti-america.com\/site\/peru\/2026\/02\/24\/siniestro-aereo-deja-quince-fallecidos-en-peru\/"]}]},{"@type":"ImageObject","inLanguage":"es","@id":"https:\/\/noti-america.com\/site\/peru\/2026\/02\/24\/siniestro-aereo-deja-quince-fallecidos-en-peru\/#primaryimage","url":"https:\/\/noti-america.com\/site\/peru\/wp-content\/uploads\/sites\/8\/2026\/02\/IMG-20260223-WA0064.jpg","contentUrl":"https:\/\/noti-america.com\/site\/peru\/wp-content\/uploads\/sites\/8\/2026\/02\/IMG-20260223-WA0064.jpg","width":1600,"height":1066,"caption":"El helic\u00f3ptero fue hallado cerca de la localidad Chala Viejo, en el distrito de Chala, en Arequipa. Foto: Latina TV"},{"@type":"BreadcrumbList","@id":"https:\/\/noti-america.com\/site\/peru\/2026\/02\/24\/siniestro-aereo-deja-quince-fallecidos-en-peru\/#breadcrumb","itemListElement":[{"@type":"ListItem","position":1,"name":"Portada","item":"https:\/\/noti-america.com\/site\/peru\/"},{"@type":"ListItem","position":2,"name":"SINIESTRO A\u00c9REO DEJA QUINCE FALLECIDOS EN PER\u00da"}]},{"@type":"WebSite","@id":"https:\/\/noti-america.com\/site\/peru\/#website","url":"https:\/\/noti-america.com\/site\/peru\/","name":"Per\u00fa | Noti-America.com","description":"","publisher":{"@id":"https:\/\/noti-america.com\/site\/peru\/#organization"},"potentialAction":[{"@type":"SearchAction","target":{"@type":"EntryPoint","urlTemplate":"https:\/\/noti-america.com\/site\/peru\/?s={search_term_string}"},"query-input":{"@type":"PropertyValueSpecification","valueRequired":true,"valueName":"search_term_string"}}],"inLanguage":"es"},{"@type":"Organization","@id":"https:\/\/noti-america.com\/site\/peru\/#organization","name":"Noti-America LLC | Per\u00fa","url":"https:\/\/noti-america.com\/site\/peru\/","logo":{"@type":"ImageObject","inLanguage":"es","@id":"https:\/\/noti-america.com\/site\/peru\/#\/schema\/logo\/image\/","url":"https:\/\/noti-america.com\/site\/peru\/wp-content\/uploads\/sites\/8\/2020\/07\/LogoNA-4x3-1.jpg","contentUrl":"https:\/\/noti-america.com\/site\/peru\/wp-content\/uploads\/sites\/8\/2020\/07\/LogoNA-4x3-1.jpg","width":1236,"height":1080,"caption":"Noti-America LLC | Per\u00fa"},"image":{"@id":"https:\/\/noti-america.com\/site\/peru\/#\/schema\/logo\/image\/"}},{"@type":"Person","@id":"https:\/\/noti-america.com\/site\/peru\/#\/schema\/person\/28a35f20383bf2485bc838bfe76aebdc","name":"Geomar Pacheco R.","image":{"@type":"ImageObject","inLanguage":"es","@id":"https:\/\/secure.gravatar.com\/avatar\/5f09cb527f9632e92234c6fc6e2cbcefebeed6bdeb0f9129ea4cbc7aa71587c6?s=96&d=mm&r=g","url":"https:\/\/secure.gravatar.com\/avatar\/5f09cb527f9632e92234c6fc6e2cbcefebeed6bdeb0f9129ea4cbc7aa71587c6?s=96&d=mm&r=g","contentUrl":"https:\/\/secure.gravatar.com\/avatar\/5f09cb527f9632e92234c6fc6e2cbcefebeed6bdeb0f9129ea4cbc7aa71587c6?s=96&d=mm&r=g","caption":"Geomar Pacheco R."},"sameAs":["https:\/\/x.com\/GeomarPacheco1"],"url":"https:\/\/noti-america.com\/site\/peru\/author\/gpacheco\/"}]}},"_links":{"self":[{"href":"https:\/\/noti-america.com\/site\/peru\/wp-json\/wp\/v2\/posts\/9587","targetHints":{"allow":["GET"]}}],"collection":[{"href":"https:\/\/noti-america.com\/site\/peru\/wp-json\/wp\/v2\/posts"}],"about":[{"href":"https:\/\/noti-america.com\/site\/peru\/wp-json\/wp\/v2\/types\/post"}],"author":[{"embeddable":true,"href":"https:\/\/noti-america.com\/site\/peru\/wp-json\/wp\/v2\/users\/70"}],"replies":[{"embeddable":true,"href":"https:\/\/noti-america.com\/site\/peru\/wp-json\/wp\/v2\/comments?post=9587"}],"version-history":[{"count":1,"href":"https:\/\/noti-america.com\/site\/peru\/wp-json\/wp\/v2\/posts\/9587\/revisions"}],"predecessor-version":[{"id":9590,"href":"https:\/\/noti-america.com\/site\/peru\/wp-json\/wp\/v2\/posts\/9587\/revisions\/9590"}],"wp:featuredmedia":[{"embeddable":true,"href":"https:\/\/noti-america.com\/site\/peru\/wp-json\/wp\/v2\/media\/9588"}],"wp:attachment":[{"href":"https:\/\/noti-america.com\/site\/peru\/wp-json\/wp\/v2\/media?parent=9587"}],"wp:term":[{"taxonomy":"category","embeddable":true,"href":"https:\/\/noti-america.com\/site\/peru\/wp-json\/wp\/v2\/categories?post=9587"},{"taxonomy":"post_tag","embeddable":true,"href":"https:\/\/noti-america.com\/site\/peru\/wp-json\/wp\/v2\/tags?post=9587"}],"curies":[{"name":"wp","href":"https:\/\/api.w.org\/{rel}","templated":true}]}}