{"id":9569,"date":"2026-02-19T07:11:00","date_gmt":"2026-02-19T07:11:00","guid":{"rendered":"https:\/\/noti-america.com\/site\/peru\/?p=9569"},"modified":"2026-02-19T07:11:00","modified_gmt":"2026-02-19T07:11:00","slug":"los-peruanos-contamos-con-nuevo-presidente-de-la-republica","status":"publish","type":"post","link":"https:\/\/noti-america.com\/site\/peru\/2026\/02\/19\/los-peruanos-contamos-con-nuevo-presidente-de-la-republica\/","title":{"rendered":"LOS PERUANOS CONTAMOS CON NUEVO PRESIDENTE DE LA REP\u00daBLICA"},"content":{"rendered":"<p><strong>NOTI-AM\u00c9RICA PER\u00da<\/strong><\/p>\n<p>&nbsp;<\/p>\n<p style=\"text-align: right\"><strong>Por Geomar Pacheco Rivera<\/strong><\/p>\n<p>&nbsp;<\/p>\n<p><span style=\"font-weight: 400\">El congresista Jos\u00e9 Mar\u00eda Balc\u00e1zar Zelada jur\u00f3 como presidente de la Rep\u00fablica en sucesi\u00f3n constitucional, en reemplazo de Jos\u00e9 Enrique Jer\u00ed Or\u00e9, quien fue el s\u00e9ptimo presidente del Ejecutivo de los \u00faltimos dos per\u00edodos presidenciales.<\/span><\/p>\n<p>&nbsp;<\/p>\n<p><span style=\"font-weight: 400\">Al juramentar, Balc\u00e1zar afirm\u00f3 que ejercer\u00e1 el cargo hasta el 28 de julio del presente a\u00f1o y que \u201cdefender\u00e1 la soberan\u00eda nacional, la integridad f\u00edsica y moral de la rep\u00fablica\u201d.<\/span><\/p>\n<p>&nbsp;<\/p>\n<p><span style=\"font-weight: 400\">\u201cYo, Jos\u00e9 Mar\u00eda Balc\u00e1zar Zelada, juro por Dios, por la patria y por todos los peruanos que ejercer\u00e9 fielmente el cargo de presidente de la Rep\u00fablica, y asumo de acuerdo con la Constituci\u00f3n Pol\u00edtica del Per\u00fa desde este mi\u00e9rcoles 18 [de febrero] hasta el 28 de julio del 2026\u201d, afirm\u00f3.<\/span><\/p>\n<p>&nbsp;<\/p>\n<p><span style=\"font-weight: 400\">Asimismo, a\u00f1adi\u00f3 que defender\u00e1 \u201cla soberan\u00eda nacional, la integridad f\u00edsica y moral de la Rep\u00fablica, y la independencia de sus instituciones democr\u00e1ticas\u201d, y que aplicar\u00e1 y har\u00e1 cumplir la Constituci\u00f3n Pol\u00edtica y las leyes de nuestro pa\u00eds.<\/span><\/p>\n<p>&nbsp;<\/p>\n<p><span style=\"font-weight: 400\">RECIBI\u00d3 BANDA PRESIDENCIAL<\/span><\/p>\n<p>&nbsp;<\/p>\n<p><span style=\"font-weight: 400\">Balc\u00e1zar Zelada recibi\u00f3 la banda presidencial de manos del congresista Fernando Rospigliosi, primer vicepresidente del Congreso, luego de ser electo como presidente del Legislativo.<\/span><\/p>\n<p><img loading=\"lazy\" decoding=\"async\" class=\"alignnone size-full wp-image-9570\" src=\"https:\/\/noti-america.com\/site\/peru\/wp-content\/uploads\/sites\/8\/2026\/02\/WhatsApp-Image-2026-02-18-at-11.58.27-PM.jpeg\" alt=\"\" width=\"1600\" height=\"1066\" srcset=\"https:\/\/noti-america.com\/site\/peru\/wp-content\/uploads\/sites\/8\/2026\/02\/WhatsApp-Image-2026-02-18-at-11.58.27-PM.jpeg 1600w, https:\/\/noti-america.com\/site\/peru\/wp-content\/uploads\/sites\/8\/2026\/02\/WhatsApp-Image-2026-02-18-at-11.58.27-PM-300x200.jpeg 300w, https:\/\/noti-america.com\/site\/peru\/wp-content\/uploads\/sites\/8\/2026\/02\/WhatsApp-Image-2026-02-18-at-11.58.27-PM-1024x682.jpeg 1024w, https:\/\/noti-america.com\/site\/peru\/wp-content\/uploads\/sites\/8\/2026\/02\/WhatsApp-Image-2026-02-18-at-11.58.27-PM-768x512.jpeg 768w, https:\/\/noti-america.com\/site\/peru\/wp-content\/uploads\/sites\/8\/2026\/02\/WhatsApp-Image-2026-02-18-at-11.58.27-PM-1536x1023.jpeg 1536w, https:\/\/noti-america.com\/site\/peru\/wp-content\/uploads\/sites\/8\/2026\/02\/WhatsApp-Image-2026-02-18-at-11.58.27-PM-272x182.jpeg 272w\" sizes=\"auto, (max-width: 1600px) 100vw, 1600px\" \/><\/p>\n<p>&nbsp;<\/p>\n<p><span style=\"font-weight: 400\">Durante la votaci\u00f3n y tras haberse impuesto con 60 votos a la parlamentaria Mar\u00eda del Carmen Alva, quien obtuvo 46 votos, en una segunda elecci\u00f3n del pleno.<\/span><\/p>\n<p>&nbsp;<\/p>\n<p><span style=\"font-weight: 400\">El nuevo presidente de la Rep\u00fablica es abogado por la Universidad Nacional de Trujillo y cuenta con un doctorado en Derecho y Ciencia Pol\u00edtica por la Universidad Nacional Pedro Ruiz Gallo. Fue decano del Colegio de Abogados de Lambayeque. Fue electo legislador por la regi\u00f3n Lambayeque, por el partido Per\u00fa Libre.<\/span><\/p>\n<p>&nbsp;<\/p>\n<p><span style=\"font-weight: 400\">Se desempe\u00f1\u00f3 como docente en la facultad de Derecho de la Universidad Nacional Pedro Ruiz Gallo y magistrado del Poder Judicial.<\/span><\/p>\n<p>&nbsp;<\/p>\n<p><span style=\"font-weight: 400\">En el Congreso fue presidente de la Comisi\u00f3n de Educaci\u00f3n, Juventud y Deporte (2023-2024) y presidente de la comisi\u00f3n especial encargada de la elecci\u00f3n de candidatos aptos para la elecci\u00f3n de magistrados del Tribunal Constitucional (2023-2024), entre otras actividades.<\/span><\/p>\n","protected":false},"excerpt":{"rendered":"<p>NOTI-AM\u00c9RICA PER\u00da &nbsp; Por Geomar Pacheco Rivera &nbsp; El congresista Jos\u00e9 Mar\u00eda Balc\u00e1zar Zelada jur\u00f3 como presidente de la Rep\u00fablica en sucesi\u00f3n constitucional, en reemplazo de Jos\u00e9 Enrique Jer\u00ed Or\u00e9, quien fue el s\u00e9ptimo&#46;&#46;&#46;<\/p>\n","protected":false},"author":70,"featured_media":9570,"comment_status":"open","ping_status":"open","sticky":false,"template":"","format":"standard","meta":{"_acf_changed":false,"rop_custom_images_group":[],"rop_custom_messages_group":[],"rop_publish_now":"no","rop_publish_now_accounts":{"twitter_242054905_242054905":""},"rop_publish_now_history":[{"account":"twitter_242054905_242054905","service":"twitter","timestamp":1771485111,"status":"error"}],"rop_publish_now_status":"done","footnotes":""},"categories":[268,117,3],"tags":[],"class_list":["post-9569","post","type-post","status-publish","format-standard","has-post-thumbnail","hentry","category-acturalidad","category-es-noticia-en","category-politica"],"acf":[],"yoast_head":"<!-- This site is optimized with the Yoast SEO Premium plugin v24.9 (Yoast SEO v27.2) - https:\/\/yoast.com\/product\/yoast-seo-premium-wordpress\/ -->\n<title>LOS PERUANOS CONTAMOS CON NUEVO PRESIDENTE DE LA REP\u00daBLICA - Per\u00fa | Noti-America.com<\/title>\n<meta name=\"robots\" content=\"index, follow, max-snippet:-1, max-image-preview:large, max-video-preview:-1\" \/>\n<link rel=\"canonical\" href=\"https:\/\/noti-america.com\/site\/peru\/2026\/02\/19\/los-peruanos-contamos-con-nuevo-presidente-de-la-republica\/\" \/>\n<meta property=\"og:locale\" content=\"es_ES\" \/>\n<meta property=\"og:type\" content=\"article\" \/>\n<meta property=\"og:title\" content=\"LOS PERUANOS CONTAMOS CON NUEVO PRESIDENTE DE LA REP\u00daBLICA\" \/>\n<meta property=\"og:description\" content=\"NOTI-AM\u00c9RICA PER\u00da &nbsp; Por Geomar Pacheco Rivera &nbsp; El congresista Jos\u00e9 Mar\u00eda Balc\u00e1zar Zelada jur\u00f3 como presidente de la Rep\u00fablica en sucesi\u00f3n constitucional, en reemplazo de Jos\u00e9 Enrique Jer\u00ed Or\u00e9, quien fue el s\u00e9ptimo&#046;&#046;&#046;\" \/>\n<meta property=\"og:url\" content=\"https:\/\/noti-america.com\/site\/peru\/2026\/02\/19\/los-peruanos-contamos-con-nuevo-presidente-de-la-republica\/\" \/>\n<meta property=\"og:site_name\" content=\"Per\u00fa | Noti-America.com\" \/>\n<meta property=\"article:published_time\" content=\"2026-02-19T07:11:00+00:00\" \/>\n<meta property=\"og:image\" content=\"https:\/\/noti-america.com\/site\/peru\/wp-content\/uploads\/sites\/8\/2026\/02\/WhatsApp-Image-2026-02-18-at-11.58.27-PM.jpeg\" \/>\n\t<meta property=\"og:image:width\" content=\"1600\" \/>\n\t<meta property=\"og:image:height\" content=\"1066\" \/>\n\t<meta property=\"og:image:type\" content=\"image\/jpeg\" \/>\n<meta name=\"author\" content=\"Geomar Pacheco R.\" \/>\n<meta name=\"twitter:card\" content=\"summary_large_image\" \/>\n<meta name=\"twitter:creator\" content=\"@GeomarPacheco1\" \/>\n<meta name=\"twitter:label1\" content=\"Escrito por\" \/>\n\t<meta name=\"twitter:data1\" content=\"Geomar Pacheco R.\" \/>\n\t<meta name=\"twitter:label2\" content=\"Tiempo estimado de lectura\" \/>\n\t<meta name=\"twitter:data2\" content=\"2 minutos\" \/>\n<script type=\"application\/ld+json\" class=\"yoast-schema-graph\">{\"@context\":\"https:\/\/schema.org\",\"@graph\":[{\"@type\":\"Article\",\"@id\":\"https:\/\/noti-america.com\/site\/peru\/2026\/02\/19\/los-peruanos-contamos-con-nuevo-presidente-de-la-republica\/#article\",\"isPartOf\":{\"@id\":\"https:\/\/noti-america.com\/site\/peru\/2026\/02\/19\/los-peruanos-contamos-con-nuevo-presidente-de-la-republica\/\"},\"author\":{\"name\":\"Geomar Pacheco R.\",\"@id\":\"https:\/\/noti-america.com\/site\/peru\/#\/schema\/person\/28a35f20383bf2485bc838bfe76aebdc\"},\"headline\":\"LOS PERUANOS CONTAMOS CON NUEVO PRESIDENTE DE LA REP\u00daBLICA\",\"datePublished\":\"2026-02-19T07:11:00+00:00\",\"mainEntityOfPage\":{\"@id\":\"https:\/\/noti-america.com\/site\/peru\/2026\/02\/19\/los-peruanos-contamos-con-nuevo-presidente-de-la-republica\/\"},\"wordCount\":376,\"commentCount\":0,\"publisher\":{\"@id\":\"https:\/\/noti-america.com\/site\/peru\/#organization\"},\"image\":{\"@id\":\"https:\/\/noti-america.com\/site\/peru\/2026\/02\/19\/los-peruanos-contamos-con-nuevo-presidente-de-la-republica\/#primaryimage\"},\"thumbnailUrl\":\"https:\/\/noti-america.com\/site\/peru\/wp-content\/uploads\/sites\/8\/2026\/02\/WhatsApp-Image-2026-02-18-at-11.58.27-PM.jpeg\",\"articleSection\":[\"Actualidad\",\"Es Noticia en\",\"Pol\u00edtica\"],\"inLanguage\":\"es\",\"potentialAction\":[{\"@type\":\"CommentAction\",\"name\":\"Comment\",\"target\":[\"https:\/\/noti-america.com\/site\/peru\/2026\/02\/19\/los-peruanos-contamos-con-nuevo-presidente-de-la-republica\/#respond\"]}]},{\"@type\":\"WebPage\",\"@id\":\"https:\/\/noti-america.com\/site\/peru\/2026\/02\/19\/los-peruanos-contamos-con-nuevo-presidente-de-la-republica\/\",\"url\":\"https:\/\/noti-america.com\/site\/peru\/2026\/02\/19\/los-peruanos-contamos-con-nuevo-presidente-de-la-republica\/\",\"name\":\"LOS PERUANOS CONTAMOS CON NUEVO PRESIDENTE DE LA REP\u00daBLICA - Per\u00fa | Noti-America.com\",\"isPartOf\":{\"@id\":\"https:\/\/noti-america.com\/site\/peru\/#website\"},\"primaryImageOfPage\":{\"@id\":\"https:\/\/noti-america.com\/site\/peru\/2026\/02\/19\/los-peruanos-contamos-con-nuevo-presidente-de-la-republica\/#primaryimage\"},\"image\":{\"@id\":\"https:\/\/noti-america.com\/site\/peru\/2026\/02\/19\/los-peruanos-contamos-con-nuevo-presidente-de-la-republica\/#primaryimage\"},\"thumbnailUrl\":\"https:\/\/noti-america.com\/site\/peru\/wp-content\/uploads\/sites\/8\/2026\/02\/WhatsApp-Image-2026-02-18-at-11.58.27-PM.jpeg\",\"datePublished\":\"2026-02-19T07:11:00+00:00\",\"breadcrumb\":{\"@id\":\"https:\/\/noti-america.com\/site\/peru\/2026\/02\/19\/los-peruanos-contamos-con-nuevo-presidente-de-la-republica\/#breadcrumb\"},\"inLanguage\":\"es\",\"potentialAction\":[{\"@type\":\"ReadAction\",\"target\":[\"https:\/\/noti-america.com\/site\/peru\/2026\/02\/19\/los-peruanos-contamos-con-nuevo-presidente-de-la-republica\/\"]}]},{\"@type\":\"ImageObject\",\"inLanguage\":\"es\",\"@id\":\"https:\/\/noti-america.com\/site\/peru\/2026\/02\/19\/los-peruanos-contamos-con-nuevo-presidente-de-la-republica\/#primaryimage\",\"url\":\"https:\/\/noti-america.com\/site\/peru\/wp-content\/uploads\/sites\/8\/2026\/02\/WhatsApp-Image-2026-02-18-at-11.58.27-PM.jpeg\",\"contentUrl\":\"https:\/\/noti-america.com\/site\/peru\/wp-content\/uploads\/sites\/8\/2026\/02\/WhatsApp-Image-2026-02-18-at-11.58.27-PM.jpeg\",\"width\":1600,\"height\":1066},{\"@type\":\"BreadcrumbList\",\"@id\":\"https:\/\/noti-america.com\/site\/peru\/2026\/02\/19\/los-peruanos-contamos-con-nuevo-presidente-de-la-republica\/#breadcrumb\",\"itemListElement\":[{\"@type\":\"ListItem\",\"position\":1,\"name\":\"Portada\",\"item\":\"https:\/\/noti-america.com\/site\/peru\/\"},{\"@type\":\"ListItem\",\"position\":2,\"name\":\"LOS PERUANOS CONTAMOS CON NUEVO PRESIDENTE DE LA REP\u00daBLICA\"}]},{\"@type\":\"WebSite\",\"@id\":\"https:\/\/noti-america.com\/site\/peru\/#website\",\"url\":\"https:\/\/noti-america.com\/site\/peru\/\",\"name\":\"Per\u00fa | Noti-America.com\",\"description\":\"\",\"publisher\":{\"@id\":\"https:\/\/noti-america.com\/site\/peru\/#organization\"},\"potentialAction\":[{\"@type\":\"SearchAction\",\"target\":{\"@type\":\"EntryPoint\",\"urlTemplate\":\"https:\/\/noti-america.com\/site\/peru\/?s={search_term_string}\"},\"query-input\":{\"@type\":\"PropertyValueSpecification\",\"valueRequired\":true,\"valueName\":\"search_term_string\"}}],\"inLanguage\":\"es\"},{\"@type\":\"Organization\",\"@id\":\"https:\/\/noti-america.com\/site\/peru\/#organization\",\"name\":\"Noti-America LLC | Per\u00fa\",\"url\":\"https:\/\/noti-america.com\/site\/peru\/\",\"logo\":{\"@type\":\"ImageObject\",\"inLanguage\":\"es\",\"@id\":\"https:\/\/noti-america.com\/site\/peru\/#\/schema\/logo\/image\/\",\"url\":\"https:\/\/noti-america.com\/site\/peru\/wp-content\/uploads\/sites\/8\/2020\/07\/LogoNA-4x3-1.jpg\",\"contentUrl\":\"https:\/\/noti-america.com\/site\/peru\/wp-content\/uploads\/sites\/8\/2020\/07\/LogoNA-4x3-1.jpg\",\"width\":1236,\"height\":1080,\"caption\":\"Noti-America LLC | Per\u00fa\"},\"image\":{\"@id\":\"https:\/\/noti-america.com\/site\/peru\/#\/schema\/logo\/image\/\"}},{\"@type\":\"Person\",\"@id\":\"https:\/\/noti-america.com\/site\/peru\/#\/schema\/person\/28a35f20383bf2485bc838bfe76aebdc\",\"name\":\"Geomar Pacheco R.\",\"image\":{\"@type\":\"ImageObject\",\"inLanguage\":\"es\",\"@id\":\"https:\/\/secure.gravatar.com\/avatar\/5f09cb527f9632e92234c6fc6e2cbcefebeed6bdeb0f9129ea4cbc7aa71587c6?s=96&d=mm&r=g\",\"url\":\"https:\/\/secure.gravatar.com\/avatar\/5f09cb527f9632e92234c6fc6e2cbcefebeed6bdeb0f9129ea4cbc7aa71587c6?s=96&d=mm&r=g\",\"contentUrl\":\"https:\/\/secure.gravatar.com\/avatar\/5f09cb527f9632e92234c6fc6e2cbcefebeed6bdeb0f9129ea4cbc7aa71587c6?s=96&d=mm&r=g\",\"caption\":\"Geomar Pacheco R.\"},\"sameAs\":[\"https:\/\/x.com\/GeomarPacheco1\"],\"url\":\"https:\/\/noti-america.com\/site\/peru\/author\/gpacheco\/\"}]}<\/script>\n<!-- \/ Yoast SEO Premium plugin. -->","yoast_head_json":{"title":"LOS PERUANOS CONTAMOS CON NUEVO PRESIDENTE DE LA REP\u00daBLICA - Per\u00fa | Noti-America.com","robots":{"index":"index","follow":"follow","max-snippet":"max-snippet:-1","max-image-preview":"max-image-preview:large","max-video-preview":"max-video-preview:-1"},"canonical":"https:\/\/noti-america.com\/site\/peru\/2026\/02\/19\/los-peruanos-contamos-con-nuevo-presidente-de-la-republica\/","og_locale":"es_ES","og_type":"article","og_title":"LOS PERUANOS CONTAMOS CON NUEVO PRESIDENTE DE LA REP\u00daBLICA","og_description":"NOTI-AM\u00c9RICA PER\u00da &nbsp; Por Geomar Pacheco Rivera &nbsp; El congresista Jos\u00e9 Mar\u00eda Balc\u00e1zar Zelada jur\u00f3 como presidente de la Rep\u00fablica en sucesi\u00f3n constitucional, en reemplazo de Jos\u00e9 Enrique Jer\u00ed Or\u00e9, quien fue el s\u00e9ptimo&#46;&#46;&#46;","og_url":"https:\/\/noti-america.com\/site\/peru\/2026\/02\/19\/los-peruanos-contamos-con-nuevo-presidente-de-la-republica\/","og_site_name":"Per\u00fa | Noti-America.com","article_published_time":"2026-02-19T07:11:00+00:00","og_image":[{"width":1600,"height":1066,"url":"https:\/\/noti-america.com\/site\/peru\/wp-content\/uploads\/sites\/8\/2026\/02\/WhatsApp-Image-2026-02-18-at-11.58.27-PM.jpeg","type":"image\/jpeg"}],"author":"Geomar Pacheco R.","twitter_card":"summary_large_image","twitter_creator":"@GeomarPacheco1","twitter_misc":{"Escrito por":"Geomar Pacheco R.","Tiempo estimado de lectura":"2 minutos"},"schema":{"@context":"https:\/\/schema.org","@graph":[{"@type":"Article","@id":"https:\/\/noti-america.com\/site\/peru\/2026\/02\/19\/los-peruanos-contamos-con-nuevo-presidente-de-la-republica\/#article","isPartOf":{"@id":"https:\/\/noti-america.com\/site\/peru\/2026\/02\/19\/los-peruanos-contamos-con-nuevo-presidente-de-la-republica\/"},"author":{"name":"Geomar Pacheco R.","@id":"https:\/\/noti-america.com\/site\/peru\/#\/schema\/person\/28a35f20383bf2485bc838bfe76aebdc"},"headline":"LOS PERUANOS CONTAMOS CON NUEVO PRESIDENTE DE LA REP\u00daBLICA","datePublished":"2026-02-19T07:11:00+00:00","mainEntityOfPage":{"@id":"https:\/\/noti-america.com\/site\/peru\/2026\/02\/19\/los-peruanos-contamos-con-nuevo-presidente-de-la-republica\/"},"wordCount":376,"commentCount":0,"publisher":{"@id":"https:\/\/noti-america.com\/site\/peru\/#organization"},"image":{"@id":"https:\/\/noti-america.com\/site\/peru\/2026\/02\/19\/los-peruanos-contamos-con-nuevo-presidente-de-la-republica\/#primaryimage"},"thumbnailUrl":"https:\/\/noti-america.com\/site\/peru\/wp-content\/uploads\/sites\/8\/2026\/02\/WhatsApp-Image-2026-02-18-at-11.58.27-PM.jpeg","articleSection":["Actualidad","Es Noticia en","Pol\u00edtica"],"inLanguage":"es","potentialAction":[{"@type":"CommentAction","name":"Comment","target":["https:\/\/noti-america.com\/site\/peru\/2026\/02\/19\/los-peruanos-contamos-con-nuevo-presidente-de-la-republica\/#respond"]}]},{"@type":"WebPage","@id":"https:\/\/noti-america.com\/site\/peru\/2026\/02\/19\/los-peruanos-contamos-con-nuevo-presidente-de-la-republica\/","url":"https:\/\/noti-america.com\/site\/peru\/2026\/02\/19\/los-peruanos-contamos-con-nuevo-presidente-de-la-republica\/","name":"LOS PERUANOS CONTAMOS CON NUEVO PRESIDENTE DE LA REP\u00daBLICA - Per\u00fa | Noti-America.com","isPartOf":{"@id":"https:\/\/noti-america.com\/site\/peru\/#website"},"primaryImageOfPage":{"@id":"https:\/\/noti-america.com\/site\/peru\/2026\/02\/19\/los-peruanos-contamos-con-nuevo-presidente-de-la-republica\/#primaryimage"},"image":{"@id":"https:\/\/noti-america.com\/site\/peru\/2026\/02\/19\/los-peruanos-contamos-con-nuevo-presidente-de-la-republica\/#primaryimage"},"thumbnailUrl":"https:\/\/noti-america.com\/site\/peru\/wp-content\/uploads\/sites\/8\/2026\/02\/WhatsApp-Image-2026-02-18-at-11.58.27-PM.jpeg","datePublished":"2026-02-19T07:11:00+00:00","breadcrumb":{"@id":"https:\/\/noti-america.com\/site\/peru\/2026\/02\/19\/los-peruanos-contamos-con-nuevo-presidente-de-la-republica\/#breadcrumb"},"inLanguage":"es","potentialAction":[{"@type":"ReadAction","target":["https:\/\/noti-america.com\/site\/peru\/2026\/02\/19\/los-peruanos-contamos-con-nuevo-presidente-de-la-republica\/"]}]},{"@type":"ImageObject","inLanguage":"es","@id":"https:\/\/noti-america.com\/site\/peru\/2026\/02\/19\/los-peruanos-contamos-con-nuevo-presidente-de-la-republica\/#primaryimage","url":"https:\/\/noti-america.com\/site\/peru\/wp-content\/uploads\/sites\/8\/2026\/02\/WhatsApp-Image-2026-02-18-at-11.58.27-PM.jpeg","contentUrl":"https:\/\/noti-america.com\/site\/peru\/wp-content\/uploads\/sites\/8\/2026\/02\/WhatsApp-Image-2026-02-18-at-11.58.27-PM.jpeg","width":1600,"height":1066},{"@type":"BreadcrumbList","@id":"https:\/\/noti-america.com\/site\/peru\/2026\/02\/19\/los-peruanos-contamos-con-nuevo-presidente-de-la-republica\/#breadcrumb","itemListElement":[{"@type":"ListItem","position":1,"name":"Portada","item":"https:\/\/noti-america.com\/site\/peru\/"},{"@type":"ListItem","position":2,"name":"LOS PERUANOS CONTAMOS CON NUEVO PRESIDENTE DE LA REP\u00daBLICA"}]},{"@type":"WebSite","@id":"https:\/\/noti-america.com\/site\/peru\/#website","url":"https:\/\/noti-america.com\/site\/peru\/","name":"Per\u00fa | Noti-America.com","description":"","publisher":{"@id":"https:\/\/noti-america.com\/site\/peru\/#organization"},"potentialAction":[{"@type":"SearchAction","target":{"@type":"EntryPoint","urlTemplate":"https:\/\/noti-america.com\/site\/peru\/?s={search_term_string}"},"query-input":{"@type":"PropertyValueSpecification","valueRequired":true,"valueName":"search_term_string"}}],"inLanguage":"es"},{"@type":"Organization","@id":"https:\/\/noti-america.com\/site\/peru\/#organization","name":"Noti-America LLC | Per\u00fa","url":"https:\/\/noti-america.com\/site\/peru\/","logo":{"@type":"ImageObject","inLanguage":"es","@id":"https:\/\/noti-america.com\/site\/peru\/#\/schema\/logo\/image\/","url":"https:\/\/noti-america.com\/site\/peru\/wp-content\/uploads\/sites\/8\/2020\/07\/LogoNA-4x3-1.jpg","contentUrl":"https:\/\/noti-america.com\/site\/peru\/wp-content\/uploads\/sites\/8\/2020\/07\/LogoNA-4x3-1.jpg","width":1236,"height":1080,"caption":"Noti-America LLC | Per\u00fa"},"image":{"@id":"https:\/\/noti-america.com\/site\/peru\/#\/schema\/logo\/image\/"}},{"@type":"Person","@id":"https:\/\/noti-america.com\/site\/peru\/#\/schema\/person\/28a35f20383bf2485bc838bfe76aebdc","name":"Geomar Pacheco R.","image":{"@type":"ImageObject","inLanguage":"es","@id":"https:\/\/secure.gravatar.com\/avatar\/5f09cb527f9632e92234c6fc6e2cbcefebeed6bdeb0f9129ea4cbc7aa71587c6?s=96&d=mm&r=g","url":"https:\/\/secure.gravatar.com\/avatar\/5f09cb527f9632e92234c6fc6e2cbcefebeed6bdeb0f9129ea4cbc7aa71587c6?s=96&d=mm&r=g","contentUrl":"https:\/\/secure.gravatar.com\/avatar\/5f09cb527f9632e92234c6fc6e2cbcefebeed6bdeb0f9129ea4cbc7aa71587c6?s=96&d=mm&r=g","caption":"Geomar Pacheco R."},"sameAs":["https:\/\/x.com\/GeomarPacheco1"],"url":"https:\/\/noti-america.com\/site\/peru\/author\/gpacheco\/"}]}},"_links":{"self":[{"href":"https:\/\/noti-america.com\/site\/peru\/wp-json\/wp\/v2\/posts\/9569","targetHints":{"allow":["GET"]}}],"collection":[{"href":"https:\/\/noti-america.com\/site\/peru\/wp-json\/wp\/v2\/posts"}],"about":[{"href":"https:\/\/noti-america.com\/site\/peru\/wp-json\/wp\/v2\/types\/post"}],"author":[{"embeddable":true,"href":"https:\/\/noti-america.com\/site\/peru\/wp-json\/wp\/v2\/users\/70"}],"replies":[{"embeddable":true,"href":"https:\/\/noti-america.com\/site\/peru\/wp-json\/wp\/v2\/comments?post=9569"}],"version-history":[{"count":1,"href":"https:\/\/noti-america.com\/site\/peru\/wp-json\/wp\/v2\/posts\/9569\/revisions"}],"predecessor-version":[{"id":9571,"href":"https:\/\/noti-america.com\/site\/peru\/wp-json\/wp\/v2\/posts\/9569\/revisions\/9571"}],"wp:featuredmedia":[{"embeddable":true,"href":"https:\/\/noti-america.com\/site\/peru\/wp-json\/wp\/v2\/media\/9570"}],"wp:attachment":[{"href":"https:\/\/noti-america.com\/site\/peru\/wp-json\/wp\/v2\/media?parent=9569"}],"wp:term":[{"taxonomy":"category","embeddable":true,"href":"https:\/\/noti-america.com\/site\/peru\/wp-json\/wp\/v2\/categories?post=9569"},{"taxonomy":"post_tag","embeddable":true,"href":"https:\/\/noti-america.com\/site\/peru\/wp-json\/wp\/v2\/tags?post=9569"}],"curies":[{"name":"wp","href":"https:\/\/api.w.org\/{rel}","templated":true}]}}