{"id":9563,"date":"2026-02-18T05:02:08","date_gmt":"2026-02-18T05:02:08","guid":{"rendered":"https:\/\/noti-america.com\/site\/peru\/?p=9563"},"modified":"2026-02-18T05:02:08","modified_gmt":"2026-02-18T05:02:08","slug":"hoy-tendremos-nuevo-rostro-en-el-ejecutivo-del-peru","status":"publish","type":"post","link":"https:\/\/noti-america.com\/site\/peru\/2026\/02\/18\/hoy-tendremos-nuevo-rostro-en-el-ejecutivo-del-peru\/","title":{"rendered":"HOY TENDREMOS NUEVO ROSTRO EN EL EJECUTIVO DEL PER\u00da"},"content":{"rendered":"<p><strong>NOTI-AM\u00c9RICA PER\u00da<\/strong><\/p>\n<p>&nbsp;<\/p>\n<p style=\"text-align: right\"><strong>Por Geomar Pacheco Rivera<\/strong><\/p>\n<p>&nbsp;<\/p>\n<p style=\"text-align: justify\"><span style=\"font-weight: 400\">El pleno del Congreso elegir\u00e1 este mi\u00e9rcoles 18 de febrero al nuevo presidente del Poder Legislativo que ocupar\u00e1 la Presidencia de la Rep\u00fablica, tras quedar vacante el cargo por la aprobaci\u00f3n de las mociones de censura contra Jos\u00e9 Enrique Jer\u00ed Or\u00e9.<\/span><\/p>\n<p style=\"text-align: justify\">\n<p style=\"text-align: justify\"><span style=\"font-weight: 400\">Al haberse aprobado las mociones de censura contra Jer\u00ed Or\u00e9, la Mesa Directiva del Congreso declar\u00f3 la vacancia del cargo de presidente del Congreso de la Rep\u00fablica y en consecuencia, se encuentra tambi\u00e9n vacante el cargo de presidente de la Rep\u00fablica del Per\u00fa, sostuvo Fernando Rospigliosi Capurro, primer vicepresidente y, ahora, encargado de la presidencia del del Parlamento.<\/span><\/p>\n<p style=\"text-align: justify\"><img loading=\"lazy\" decoding=\"async\" class=\"alignnone size-full wp-image-9565\" src=\"https:\/\/noti-america.com\/site\/peru\/wp-content\/uploads\/sites\/8\/2026\/02\/WhatsApp-Image-2026-02-17-at-10.46.45-PM.jpeg\" alt=\"\" width=\"1600\" height=\"1066\" srcset=\"https:\/\/noti-america.com\/site\/peru\/wp-content\/uploads\/sites\/8\/2026\/02\/WhatsApp-Image-2026-02-17-at-10.46.45-PM.jpeg 1600w, https:\/\/noti-america.com\/site\/peru\/wp-content\/uploads\/sites\/8\/2026\/02\/WhatsApp-Image-2026-02-17-at-10.46.45-PM-300x200.jpeg 300w, https:\/\/noti-america.com\/site\/peru\/wp-content\/uploads\/sites\/8\/2026\/02\/WhatsApp-Image-2026-02-17-at-10.46.45-PM-1024x682.jpeg 1024w, https:\/\/noti-america.com\/site\/peru\/wp-content\/uploads\/sites\/8\/2026\/02\/WhatsApp-Image-2026-02-17-at-10.46.45-PM-768x512.jpeg 768w, https:\/\/noti-america.com\/site\/peru\/wp-content\/uploads\/sites\/8\/2026\/02\/WhatsApp-Image-2026-02-17-at-10.46.45-PM-1536x1023.jpeg 1536w, https:\/\/noti-america.com\/site\/peru\/wp-content\/uploads\/sites\/8\/2026\/02\/WhatsApp-Image-2026-02-17-at-10.46.45-PM-272x182.jpeg 272w\" sizes=\"auto, (max-width: 1600px) 100vw, 1600px\" \/><\/p>\n<p style=\"text-align: justify\"><span style=\"font-weight: 400\">\u201cEn el marco de la presente convocatoria extraordinaria, se proceder\u00e1 con lo estipulado en el \u00faltimo p\u00e1rrafo del art\u00edculo 12 del reglamento del Congreso; en tal sentido, la Mesa Directiva comunica que la elecci\u00f3n al cargo de presidente del Congreso se realizar\u00e1 en la sesi\u00f3n del pleno del Congreso del mi\u00e9rcoles 18 de febrero a las 18:00 horas\u201d, en el Auditorio del Edificio Jos\u00e9 Faustino S\u00e1nchez Carri\u00f3n del Legislativo.<\/span><\/p>\n<p style=\"text-align: justify\">\n<p style=\"text-align: justify\"><span style=\"font-weight: 400\">El Congreso invit\u00f3 a los parlamentarios a inscribir candidatos a ocupar la presidencia del Parlamento y, por ende, del pa\u00eds.<\/span><\/p>\n<p style=\"text-align: justify\">\n<p style=\"text-align: justify\"><span style=\"font-weight: 400\">En efecto, Rospigliosi emplaz\u00f3 a los congresistas a presentar en la Oficial\u00eda Mayor, \u201clas propuestas de candidatos para ocupar dicho cargo e indic\u00f3 que dicho plazo vence el martes 17 de febrero a las 18:00 horas\u201d. Todo deber\u00e1 cumplirse de conformidad al reglamento del Congreso, las propuestas de candidatos deben ir acompa\u00f1adas del vocero autorizado de uno o de m\u00e1s.<\/span><\/p>\n<p><img loading=\"lazy\" decoding=\"async\" class=\"alignnone size-full wp-image-9567 aligncenter\" src=\"https:\/\/noti-america.com\/site\/peru\/wp-content\/uploads\/sites\/8\/2026\/02\/WhatsApp-Image-2026-02-17-at-10.46.05-PM.jpeg\" alt=\"\" width=\"680\" height=\"680\" srcset=\"https:\/\/noti-america.com\/site\/peru\/wp-content\/uploads\/sites\/8\/2026\/02\/WhatsApp-Image-2026-02-17-at-10.46.05-PM.jpeg 680w, https:\/\/noti-america.com\/site\/peru\/wp-content\/uploads\/sites\/8\/2026\/02\/WhatsApp-Image-2026-02-17-at-10.46.05-PM-300x300.jpeg 300w, https:\/\/noti-america.com\/site\/peru\/wp-content\/uploads\/sites\/8\/2026\/02\/WhatsApp-Image-2026-02-17-at-10.46.05-PM-150x150.jpeg 150w, https:\/\/noti-america.com\/site\/peru\/wp-content\/uploads\/sites\/8\/2026\/02\/WhatsApp-Image-2026-02-17-at-10.46.05-PM-80x80.jpeg 80w, https:\/\/noti-america.com\/site\/peru\/wp-content\/uploads\/sites\/8\/2026\/02\/WhatsApp-Image-2026-02-17-at-10.46.05-PM-320x320.jpeg 320w\" sizes=\"auto, (max-width: 680px) 100vw, 680px\" \/><\/p>\n<p style=\"text-align: justify\"><span style=\"font-weight: 400\">La elecci\u00f3n del titular de ese poder del Estado completar\u00e1 el Per\u00edodo Anual de Sesiones 2025-2026.<\/span><\/p>\n<p style=\"text-align: justify\">\n<p style=\"text-align: justify\"><span style=\"font-weight: 400\">Oficialmente presentaron las candidaturas de los congresistas Segundo H\u00e9ctor Acu\u00f1a Peralta, de la bancada Honor y Democracia; Mar\u00eda del Carmen Alva Prieto, de Acci\u00f3n Popular; Edgard Reymundo Mercado, de Juntos por el Per\u00fa, Voces del Pueblo y Bloque Magisterial, y Jos\u00e9 Mar\u00eda Balc\u00e1zar, de Per\u00fa Libre.<\/span><\/p>\n<p><img loading=\"lazy\" decoding=\"async\" class=\"alignnone size-full wp-image-9564\" src=\"https:\/\/noti-america.com\/site\/peru\/wp-content\/uploads\/sites\/8\/2026\/02\/WhatsApp-Image-2026-02-17-at-10.47.40-PM.jpeg\" alt=\"\" width=\"1600\" height=\"1066\" srcset=\"https:\/\/noti-america.com\/site\/peru\/wp-content\/uploads\/sites\/8\/2026\/02\/WhatsApp-Image-2026-02-17-at-10.47.40-PM.jpeg 1600w, https:\/\/noti-america.com\/site\/peru\/wp-content\/uploads\/sites\/8\/2026\/02\/WhatsApp-Image-2026-02-17-at-10.47.40-PM-300x200.jpeg 300w, https:\/\/noti-america.com\/site\/peru\/wp-content\/uploads\/sites\/8\/2026\/02\/WhatsApp-Image-2026-02-17-at-10.47.40-PM-1024x682.jpeg 1024w, https:\/\/noti-america.com\/site\/peru\/wp-content\/uploads\/sites\/8\/2026\/02\/WhatsApp-Image-2026-02-17-at-10.47.40-PM-768x512.jpeg 768w, https:\/\/noti-america.com\/site\/peru\/wp-content\/uploads\/sites\/8\/2026\/02\/WhatsApp-Image-2026-02-17-at-10.47.40-PM-1536x1023.jpeg 1536w, https:\/\/noti-america.com\/site\/peru\/wp-content\/uploads\/sites\/8\/2026\/02\/WhatsApp-Image-2026-02-17-at-10.47.40-PM-272x182.jpeg 272w\" sizes=\"auto, (max-width: 1600px) 100vw, 1600px\" \/>Lista N\u00b0 1: Segundo H\u00e9ctor Acu\u00f1a Peralta (Honor y Democracia)<br \/>\nLista N\u00b0 2: Mar\u00eda del Carmen Alva Prieto (Acci\u00f3n Popular)<br \/>\nLista N\u00b0 3: Edgard Cornelio Reymundo Mercado (Bloque Popular Democr\u00e1tico)<br \/>\nLista N\u00b0 4: Jos\u00e9 Mar\u00eda Balc\u00e1zar Zelada (Per\u00fa Libre)<\/p>\n<p>&nbsp;<\/p>\n<p style=\"text-align: justify\">\n<p style=\"text-align: justify\"><span style=\"font-weight: 400\">La Oficial\u00eda Mayor dio cuenta al presidente del Congreso de las listas inscritas, ordenando su publicaci\u00f3n en tablas.<\/span><\/p>\n<p style=\"text-align: justify\">\n<p style=\"text-align: justify\"><span style=\"font-weight: 400\">Finalmente, expresidente encargado, Jos\u00e9 Enrique Jer\u00ed Or\u00e9, abandon\u00f3 la sede del Legislativo rodeado de un grupo de ministros de Estado, quienes contin\u00faan en funciones.<\/span><\/p>\n<div id=\"attachment_9566\" style=\"width: 1610px\" class=\"wp-caption alignnone\"><img loading=\"lazy\" decoding=\"async\" aria-describedby=\"caption-attachment-9566\" class=\"wp-image-9566 size-full\" src=\"https:\/\/noti-america.com\/site\/peru\/wp-content\/uploads\/sites\/8\/2026\/02\/WhatsApp-Image-2026-02-17-at-10.44.32-PM.jpeg\" alt=\"\" width=\"1600\" height=\"1066\" srcset=\"https:\/\/noti-america.com\/site\/peru\/wp-content\/uploads\/sites\/8\/2026\/02\/WhatsApp-Image-2026-02-17-at-10.44.32-PM.jpeg 1600w, https:\/\/noti-america.com\/site\/peru\/wp-content\/uploads\/sites\/8\/2026\/02\/WhatsApp-Image-2026-02-17-at-10.44.32-PM-300x200.jpeg 300w, https:\/\/noti-america.com\/site\/peru\/wp-content\/uploads\/sites\/8\/2026\/02\/WhatsApp-Image-2026-02-17-at-10.44.32-PM-1024x682.jpeg 1024w, https:\/\/noti-america.com\/site\/peru\/wp-content\/uploads\/sites\/8\/2026\/02\/WhatsApp-Image-2026-02-17-at-10.44.32-PM-768x512.jpeg 768w, https:\/\/noti-america.com\/site\/peru\/wp-content\/uploads\/sites\/8\/2026\/02\/WhatsApp-Image-2026-02-17-at-10.44.32-PM-1536x1023.jpeg 1536w, https:\/\/noti-america.com\/site\/peru\/wp-content\/uploads\/sites\/8\/2026\/02\/WhatsApp-Image-2026-02-17-at-10.44.32-PM-272x182.jpeg 272w\" sizes=\"auto, (max-width: 1600px) 100vw, 1600px\" \/><p id=\"caption-attachment-9566\" class=\"wp-caption-text\">Foto: ANDINA\/Daniel Bracamonte<\/p><\/div>\n","protected":false},"excerpt":{"rendered":"<p>NOTI-AM\u00c9RICA PER\u00da &nbsp; Por Geomar Pacheco Rivera &nbsp; El pleno del Congreso elegir\u00e1 este mi\u00e9rcoles 18 de febrero al nuevo presidente del Poder Legislativo que ocupar\u00e1 la Presidencia de la Rep\u00fablica, tras quedar vacante&#46;&#46;&#46;<\/p>\n","protected":false},"author":70,"featured_media":9566,"comment_status":"open","ping_status":"open","sticky":false,"template":"","format":"standard","meta":{"_acf_changed":false,"rop_custom_images_group":[],"rop_custom_messages_group":[],"rop_publish_now":"no","rop_publish_now_accounts":{"twitter_242054905_242054905":""},"rop_publish_now_history":[{"account":"twitter_242054905_242054905","service":"twitter","timestamp":1771390994,"status":"error"}],"rop_publish_now_status":"done","footnotes":""},"categories":[268,117,3],"tags":[],"class_list":["post-9563","post","type-post","status-publish","format-standard","has-post-thumbnail","hentry","category-acturalidad","category-es-noticia-en","category-politica"],"acf":[],"yoast_head":"<!-- This site is optimized with the Yoast SEO Premium plugin v24.9 (Yoast SEO v27.2) - https:\/\/yoast.com\/product\/yoast-seo-premium-wordpress\/ -->\n<title>HOY TENDREMOS NUEVO ROSTRO EN EL EJECUTIVO DEL PER\u00da - Per\u00fa | Noti-America.com<\/title>\n<meta name=\"robots\" content=\"index, follow, max-snippet:-1, max-image-preview:large, max-video-preview:-1\" \/>\n<link rel=\"canonical\" href=\"https:\/\/noti-america.com\/site\/peru\/2026\/02\/18\/hoy-tendremos-nuevo-rostro-en-el-ejecutivo-del-peru\/\" \/>\n<meta property=\"og:locale\" content=\"es_ES\" \/>\n<meta property=\"og:type\" content=\"article\" \/>\n<meta property=\"og:title\" content=\"HOY TENDREMOS NUEVO ROSTRO EN EL EJECUTIVO DEL PER\u00da\" \/>\n<meta property=\"og:description\" content=\"NOTI-AM\u00c9RICA PER\u00da &nbsp; Por Geomar Pacheco Rivera &nbsp; El pleno del Congreso elegir\u00e1 este mi\u00e9rcoles 18 de febrero al nuevo presidente del Poder Legislativo que ocupar\u00e1 la Presidencia de la Rep\u00fablica, tras quedar vacante&#046;&#046;&#046;\" \/>\n<meta property=\"og:url\" content=\"https:\/\/noti-america.com\/site\/peru\/2026\/02\/18\/hoy-tendremos-nuevo-rostro-en-el-ejecutivo-del-peru\/\" \/>\n<meta property=\"og:site_name\" content=\"Per\u00fa | Noti-America.com\" \/>\n<meta property=\"article:published_time\" content=\"2026-02-18T05:02:08+00:00\" \/>\n<meta property=\"og:image\" content=\"https:\/\/noti-america.com\/site\/peru\/wp-content\/uploads\/sites\/8\/2026\/02\/WhatsApp-Image-2026-02-17-at-10.44.32-PM.jpeg\" \/>\n\t<meta property=\"og:image:width\" content=\"1600\" \/>\n\t<meta property=\"og:image:height\" content=\"1066\" \/>\n\t<meta property=\"og:image:type\" content=\"image\/jpeg\" \/>\n<meta name=\"author\" content=\"Geomar Pacheco R.\" \/>\n<meta name=\"twitter:card\" content=\"summary_large_image\" \/>\n<meta name=\"twitter:creator\" content=\"@GeomarPacheco1\" \/>\n<meta name=\"twitter:label1\" content=\"Escrito por\" \/>\n\t<meta name=\"twitter:data1\" content=\"Geomar Pacheco R.\" \/>\n\t<meta name=\"twitter:label2\" content=\"Tiempo estimado de lectura\" \/>\n\t<meta name=\"twitter:data2\" content=\"3 minutos\" \/>\n<script type=\"application\/ld+json\" class=\"yoast-schema-graph\">{\"@context\":\"https:\/\/schema.org\",\"@graph\":[{\"@type\":\"Article\",\"@id\":\"https:\/\/noti-america.com\/site\/peru\/2026\/02\/18\/hoy-tendremos-nuevo-rostro-en-el-ejecutivo-del-peru\/#article\",\"isPartOf\":{\"@id\":\"https:\/\/noti-america.com\/site\/peru\/2026\/02\/18\/hoy-tendremos-nuevo-rostro-en-el-ejecutivo-del-peru\/\"},\"author\":{\"name\":\"Geomar Pacheco R.\",\"@id\":\"https:\/\/noti-america.com\/site\/peru\/#\/schema\/person\/28a35f20383bf2485bc838bfe76aebdc\"},\"headline\":\"HOY TENDREMOS NUEVO ROSTRO EN EL EJECUTIVO DEL PER\u00da\",\"datePublished\":\"2026-02-18T05:02:08+00:00\",\"mainEntityOfPage\":{\"@id\":\"https:\/\/noti-america.com\/site\/peru\/2026\/02\/18\/hoy-tendremos-nuevo-rostro-en-el-ejecutivo-del-peru\/\"},\"wordCount\":446,\"commentCount\":0,\"publisher\":{\"@id\":\"https:\/\/noti-america.com\/site\/peru\/#organization\"},\"image\":{\"@id\":\"https:\/\/noti-america.com\/site\/peru\/2026\/02\/18\/hoy-tendremos-nuevo-rostro-en-el-ejecutivo-del-peru\/#primaryimage\"},\"thumbnailUrl\":\"https:\/\/noti-america.com\/site\/peru\/wp-content\/uploads\/sites\/8\/2026\/02\/WhatsApp-Image-2026-02-17-at-10.44.32-PM.jpeg\",\"articleSection\":[\"Actualidad\",\"Es Noticia en\",\"Pol\u00edtica\"],\"inLanguage\":\"es\",\"potentialAction\":[{\"@type\":\"CommentAction\",\"name\":\"Comment\",\"target\":[\"https:\/\/noti-america.com\/site\/peru\/2026\/02\/18\/hoy-tendremos-nuevo-rostro-en-el-ejecutivo-del-peru\/#respond\"]}]},{\"@type\":\"WebPage\",\"@id\":\"https:\/\/noti-america.com\/site\/peru\/2026\/02\/18\/hoy-tendremos-nuevo-rostro-en-el-ejecutivo-del-peru\/\",\"url\":\"https:\/\/noti-america.com\/site\/peru\/2026\/02\/18\/hoy-tendremos-nuevo-rostro-en-el-ejecutivo-del-peru\/\",\"name\":\"HOY TENDREMOS NUEVO ROSTRO EN EL EJECUTIVO DEL PER\u00da - Per\u00fa | Noti-America.com\",\"isPartOf\":{\"@id\":\"https:\/\/noti-america.com\/site\/peru\/#website\"},\"primaryImageOfPage\":{\"@id\":\"https:\/\/noti-america.com\/site\/peru\/2026\/02\/18\/hoy-tendremos-nuevo-rostro-en-el-ejecutivo-del-peru\/#primaryimage\"},\"image\":{\"@id\":\"https:\/\/noti-america.com\/site\/peru\/2026\/02\/18\/hoy-tendremos-nuevo-rostro-en-el-ejecutivo-del-peru\/#primaryimage\"},\"thumbnailUrl\":\"https:\/\/noti-america.com\/site\/peru\/wp-content\/uploads\/sites\/8\/2026\/02\/WhatsApp-Image-2026-02-17-at-10.44.32-PM.jpeg\",\"datePublished\":\"2026-02-18T05:02:08+00:00\",\"breadcrumb\":{\"@id\":\"https:\/\/noti-america.com\/site\/peru\/2026\/02\/18\/hoy-tendremos-nuevo-rostro-en-el-ejecutivo-del-peru\/#breadcrumb\"},\"inLanguage\":\"es\",\"potentialAction\":[{\"@type\":\"ReadAction\",\"target\":[\"https:\/\/noti-america.com\/site\/peru\/2026\/02\/18\/hoy-tendremos-nuevo-rostro-en-el-ejecutivo-del-peru\/\"]}]},{\"@type\":\"ImageObject\",\"inLanguage\":\"es\",\"@id\":\"https:\/\/noti-america.com\/site\/peru\/2026\/02\/18\/hoy-tendremos-nuevo-rostro-en-el-ejecutivo-del-peru\/#primaryimage\",\"url\":\"https:\/\/noti-america.com\/site\/peru\/wp-content\/uploads\/sites\/8\/2026\/02\/WhatsApp-Image-2026-02-17-at-10.44.32-PM.jpeg\",\"contentUrl\":\"https:\/\/noti-america.com\/site\/peru\/wp-content\/uploads\/sites\/8\/2026\/02\/WhatsApp-Image-2026-02-17-at-10.44.32-PM.jpeg\",\"width\":1600,\"height\":1066},{\"@type\":\"BreadcrumbList\",\"@id\":\"https:\/\/noti-america.com\/site\/peru\/2026\/02\/18\/hoy-tendremos-nuevo-rostro-en-el-ejecutivo-del-peru\/#breadcrumb\",\"itemListElement\":[{\"@type\":\"ListItem\",\"position\":1,\"name\":\"Portada\",\"item\":\"https:\/\/noti-america.com\/site\/peru\/\"},{\"@type\":\"ListItem\",\"position\":2,\"name\":\"HOY TENDREMOS NUEVO ROSTRO EN EL EJECUTIVO DEL PER\u00da\"}]},{\"@type\":\"WebSite\",\"@id\":\"https:\/\/noti-america.com\/site\/peru\/#website\",\"url\":\"https:\/\/noti-america.com\/site\/peru\/\",\"name\":\"Per\u00fa | Noti-America.com\",\"description\":\"\",\"publisher\":{\"@id\":\"https:\/\/noti-america.com\/site\/peru\/#organization\"},\"potentialAction\":[{\"@type\":\"SearchAction\",\"target\":{\"@type\":\"EntryPoint\",\"urlTemplate\":\"https:\/\/noti-america.com\/site\/peru\/?s={search_term_string}\"},\"query-input\":{\"@type\":\"PropertyValueSpecification\",\"valueRequired\":true,\"valueName\":\"search_term_string\"}}],\"inLanguage\":\"es\"},{\"@type\":\"Organization\",\"@id\":\"https:\/\/noti-america.com\/site\/peru\/#organization\",\"name\":\"Noti-America LLC | Per\u00fa\",\"url\":\"https:\/\/noti-america.com\/site\/peru\/\",\"logo\":{\"@type\":\"ImageObject\",\"inLanguage\":\"es\",\"@id\":\"https:\/\/noti-america.com\/site\/peru\/#\/schema\/logo\/image\/\",\"url\":\"https:\/\/noti-america.com\/site\/peru\/wp-content\/uploads\/sites\/8\/2020\/07\/LogoNA-4x3-1.jpg\",\"contentUrl\":\"https:\/\/noti-america.com\/site\/peru\/wp-content\/uploads\/sites\/8\/2020\/07\/LogoNA-4x3-1.jpg\",\"width\":1236,\"height\":1080,\"caption\":\"Noti-America LLC | Per\u00fa\"},\"image\":{\"@id\":\"https:\/\/noti-america.com\/site\/peru\/#\/schema\/logo\/image\/\"}},{\"@type\":\"Person\",\"@id\":\"https:\/\/noti-america.com\/site\/peru\/#\/schema\/person\/28a35f20383bf2485bc838bfe76aebdc\",\"name\":\"Geomar Pacheco R.\",\"image\":{\"@type\":\"ImageObject\",\"inLanguage\":\"es\",\"@id\":\"https:\/\/secure.gravatar.com\/avatar\/5f09cb527f9632e92234c6fc6e2cbcefebeed6bdeb0f9129ea4cbc7aa71587c6?s=96&d=mm&r=g\",\"url\":\"https:\/\/secure.gravatar.com\/avatar\/5f09cb527f9632e92234c6fc6e2cbcefebeed6bdeb0f9129ea4cbc7aa71587c6?s=96&d=mm&r=g\",\"contentUrl\":\"https:\/\/secure.gravatar.com\/avatar\/5f09cb527f9632e92234c6fc6e2cbcefebeed6bdeb0f9129ea4cbc7aa71587c6?s=96&d=mm&r=g\",\"caption\":\"Geomar Pacheco R.\"},\"sameAs\":[\"https:\/\/x.com\/GeomarPacheco1\"],\"url\":\"https:\/\/noti-america.com\/site\/peru\/author\/gpacheco\/\"}]}<\/script>\n<!-- \/ Yoast SEO Premium plugin. -->","yoast_head_json":{"title":"HOY TENDREMOS NUEVO ROSTRO EN EL EJECUTIVO DEL PER\u00da - Per\u00fa | Noti-America.com","robots":{"index":"index","follow":"follow","max-snippet":"max-snippet:-1","max-image-preview":"max-image-preview:large","max-video-preview":"max-video-preview:-1"},"canonical":"https:\/\/noti-america.com\/site\/peru\/2026\/02\/18\/hoy-tendremos-nuevo-rostro-en-el-ejecutivo-del-peru\/","og_locale":"es_ES","og_type":"article","og_title":"HOY TENDREMOS NUEVO ROSTRO EN EL EJECUTIVO DEL PER\u00da","og_description":"NOTI-AM\u00c9RICA PER\u00da &nbsp; Por Geomar Pacheco Rivera &nbsp; El pleno del Congreso elegir\u00e1 este mi\u00e9rcoles 18 de febrero al nuevo presidente del Poder Legislativo que ocupar\u00e1 la Presidencia de la Rep\u00fablica, tras quedar vacante&#46;&#46;&#46;","og_url":"https:\/\/noti-america.com\/site\/peru\/2026\/02\/18\/hoy-tendremos-nuevo-rostro-en-el-ejecutivo-del-peru\/","og_site_name":"Per\u00fa | Noti-America.com","article_published_time":"2026-02-18T05:02:08+00:00","og_image":[{"width":1600,"height":1066,"url":"https:\/\/noti-america.com\/site\/peru\/wp-content\/uploads\/sites\/8\/2026\/02\/WhatsApp-Image-2026-02-17-at-10.44.32-PM.jpeg","type":"image\/jpeg"}],"author":"Geomar Pacheco R.","twitter_card":"summary_large_image","twitter_creator":"@GeomarPacheco1","twitter_misc":{"Escrito por":"Geomar Pacheco R.","Tiempo estimado de lectura":"3 minutos"},"schema":{"@context":"https:\/\/schema.org","@graph":[{"@type":"Article","@id":"https:\/\/noti-america.com\/site\/peru\/2026\/02\/18\/hoy-tendremos-nuevo-rostro-en-el-ejecutivo-del-peru\/#article","isPartOf":{"@id":"https:\/\/noti-america.com\/site\/peru\/2026\/02\/18\/hoy-tendremos-nuevo-rostro-en-el-ejecutivo-del-peru\/"},"author":{"name":"Geomar Pacheco R.","@id":"https:\/\/noti-america.com\/site\/peru\/#\/schema\/person\/28a35f20383bf2485bc838bfe76aebdc"},"headline":"HOY TENDREMOS NUEVO ROSTRO EN EL EJECUTIVO DEL PER\u00da","datePublished":"2026-02-18T05:02:08+00:00","mainEntityOfPage":{"@id":"https:\/\/noti-america.com\/site\/peru\/2026\/02\/18\/hoy-tendremos-nuevo-rostro-en-el-ejecutivo-del-peru\/"},"wordCount":446,"commentCount":0,"publisher":{"@id":"https:\/\/noti-america.com\/site\/peru\/#organization"},"image":{"@id":"https:\/\/noti-america.com\/site\/peru\/2026\/02\/18\/hoy-tendremos-nuevo-rostro-en-el-ejecutivo-del-peru\/#primaryimage"},"thumbnailUrl":"https:\/\/noti-america.com\/site\/peru\/wp-content\/uploads\/sites\/8\/2026\/02\/WhatsApp-Image-2026-02-17-at-10.44.32-PM.jpeg","articleSection":["Actualidad","Es Noticia en","Pol\u00edtica"],"inLanguage":"es","potentialAction":[{"@type":"CommentAction","name":"Comment","target":["https:\/\/noti-america.com\/site\/peru\/2026\/02\/18\/hoy-tendremos-nuevo-rostro-en-el-ejecutivo-del-peru\/#respond"]}]},{"@type":"WebPage","@id":"https:\/\/noti-america.com\/site\/peru\/2026\/02\/18\/hoy-tendremos-nuevo-rostro-en-el-ejecutivo-del-peru\/","url":"https:\/\/noti-america.com\/site\/peru\/2026\/02\/18\/hoy-tendremos-nuevo-rostro-en-el-ejecutivo-del-peru\/","name":"HOY TENDREMOS NUEVO ROSTRO EN EL EJECUTIVO DEL PER\u00da - Per\u00fa | Noti-America.com","isPartOf":{"@id":"https:\/\/noti-america.com\/site\/peru\/#website"},"primaryImageOfPage":{"@id":"https:\/\/noti-america.com\/site\/peru\/2026\/02\/18\/hoy-tendremos-nuevo-rostro-en-el-ejecutivo-del-peru\/#primaryimage"},"image":{"@id":"https:\/\/noti-america.com\/site\/peru\/2026\/02\/18\/hoy-tendremos-nuevo-rostro-en-el-ejecutivo-del-peru\/#primaryimage"},"thumbnailUrl":"https:\/\/noti-america.com\/site\/peru\/wp-content\/uploads\/sites\/8\/2026\/02\/WhatsApp-Image-2026-02-17-at-10.44.32-PM.jpeg","datePublished":"2026-02-18T05:02:08+00:00","breadcrumb":{"@id":"https:\/\/noti-america.com\/site\/peru\/2026\/02\/18\/hoy-tendremos-nuevo-rostro-en-el-ejecutivo-del-peru\/#breadcrumb"},"inLanguage":"es","potentialAction":[{"@type":"ReadAction","target":["https:\/\/noti-america.com\/site\/peru\/2026\/02\/18\/hoy-tendremos-nuevo-rostro-en-el-ejecutivo-del-peru\/"]}]},{"@type":"ImageObject","inLanguage":"es","@id":"https:\/\/noti-america.com\/site\/peru\/2026\/02\/18\/hoy-tendremos-nuevo-rostro-en-el-ejecutivo-del-peru\/#primaryimage","url":"https:\/\/noti-america.com\/site\/peru\/wp-content\/uploads\/sites\/8\/2026\/02\/WhatsApp-Image-2026-02-17-at-10.44.32-PM.jpeg","contentUrl":"https:\/\/noti-america.com\/site\/peru\/wp-content\/uploads\/sites\/8\/2026\/02\/WhatsApp-Image-2026-02-17-at-10.44.32-PM.jpeg","width":1600,"height":1066},{"@type":"BreadcrumbList","@id":"https:\/\/noti-america.com\/site\/peru\/2026\/02\/18\/hoy-tendremos-nuevo-rostro-en-el-ejecutivo-del-peru\/#breadcrumb","itemListElement":[{"@type":"ListItem","position":1,"name":"Portada","item":"https:\/\/noti-america.com\/site\/peru\/"},{"@type":"ListItem","position":2,"name":"HOY TENDREMOS NUEVO ROSTRO EN EL EJECUTIVO DEL PER\u00da"}]},{"@type":"WebSite","@id":"https:\/\/noti-america.com\/site\/peru\/#website","url":"https:\/\/noti-america.com\/site\/peru\/","name":"Per\u00fa | Noti-America.com","description":"","publisher":{"@id":"https:\/\/noti-america.com\/site\/peru\/#organization"},"potentialAction":[{"@type":"SearchAction","target":{"@type":"EntryPoint","urlTemplate":"https:\/\/noti-america.com\/site\/peru\/?s={search_term_string}"},"query-input":{"@type":"PropertyValueSpecification","valueRequired":true,"valueName":"search_term_string"}}],"inLanguage":"es"},{"@type":"Organization","@id":"https:\/\/noti-america.com\/site\/peru\/#organization","name":"Noti-America LLC | Per\u00fa","url":"https:\/\/noti-america.com\/site\/peru\/","logo":{"@type":"ImageObject","inLanguage":"es","@id":"https:\/\/noti-america.com\/site\/peru\/#\/schema\/logo\/image\/","url":"https:\/\/noti-america.com\/site\/peru\/wp-content\/uploads\/sites\/8\/2020\/07\/LogoNA-4x3-1.jpg","contentUrl":"https:\/\/noti-america.com\/site\/peru\/wp-content\/uploads\/sites\/8\/2020\/07\/LogoNA-4x3-1.jpg","width":1236,"height":1080,"caption":"Noti-America LLC | Per\u00fa"},"image":{"@id":"https:\/\/noti-america.com\/site\/peru\/#\/schema\/logo\/image\/"}},{"@type":"Person","@id":"https:\/\/noti-america.com\/site\/peru\/#\/schema\/person\/28a35f20383bf2485bc838bfe76aebdc","name":"Geomar Pacheco R.","image":{"@type":"ImageObject","inLanguage":"es","@id":"https:\/\/secure.gravatar.com\/avatar\/5f09cb527f9632e92234c6fc6e2cbcefebeed6bdeb0f9129ea4cbc7aa71587c6?s=96&d=mm&r=g","url":"https:\/\/secure.gravatar.com\/avatar\/5f09cb527f9632e92234c6fc6e2cbcefebeed6bdeb0f9129ea4cbc7aa71587c6?s=96&d=mm&r=g","contentUrl":"https:\/\/secure.gravatar.com\/avatar\/5f09cb527f9632e92234c6fc6e2cbcefebeed6bdeb0f9129ea4cbc7aa71587c6?s=96&d=mm&r=g","caption":"Geomar Pacheco R."},"sameAs":["https:\/\/x.com\/GeomarPacheco1"],"url":"https:\/\/noti-america.com\/site\/peru\/author\/gpacheco\/"}]}},"_links":{"self":[{"href":"https:\/\/noti-america.com\/site\/peru\/wp-json\/wp\/v2\/posts\/9563","targetHints":{"allow":["GET"]}}],"collection":[{"href":"https:\/\/noti-america.com\/site\/peru\/wp-json\/wp\/v2\/posts"}],"about":[{"href":"https:\/\/noti-america.com\/site\/peru\/wp-json\/wp\/v2\/types\/post"}],"author":[{"embeddable":true,"href":"https:\/\/noti-america.com\/site\/peru\/wp-json\/wp\/v2\/users\/70"}],"replies":[{"embeddable":true,"href":"https:\/\/noti-america.com\/site\/peru\/wp-json\/wp\/v2\/comments?post=9563"}],"version-history":[{"count":1,"href":"https:\/\/noti-america.com\/site\/peru\/wp-json\/wp\/v2\/posts\/9563\/revisions"}],"predecessor-version":[{"id":9568,"href":"https:\/\/noti-america.com\/site\/peru\/wp-json\/wp\/v2\/posts\/9563\/revisions\/9568"}],"wp:featuredmedia":[{"embeddable":true,"href":"https:\/\/noti-america.com\/site\/peru\/wp-json\/wp\/v2\/media\/9566"}],"wp:attachment":[{"href":"https:\/\/noti-america.com\/site\/peru\/wp-json\/wp\/v2\/media?parent=9563"}],"wp:term":[{"taxonomy":"category","embeddable":true,"href":"https:\/\/noti-america.com\/site\/peru\/wp-json\/wp\/v2\/categories?post=9563"},{"taxonomy":"post_tag","embeddable":true,"href":"https:\/\/noti-america.com\/site\/peru\/wp-json\/wp\/v2\/tags?post=9563"}],"curies":[{"name":"wp","href":"https:\/\/api.w.org\/{rel}","templated":true}]}}