{"id":9547,"date":"2026-02-16T04:23:11","date_gmt":"2026-02-16T04:23:11","guid":{"rendered":"https:\/\/noti-america.com\/site\/peru\/?p=9547"},"modified":"2026-02-16T04:25:56","modified_gmt":"2026-02-16T04:25:56","slug":"alianza-lima-celebra-125-anos-de-creacion","status":"publish","type":"post","link":"https:\/\/noti-america.com\/site\/peru\/2026\/02\/16\/alianza-lima-celebra-125-anos-de-creacion\/","title":{"rendered":"ALIANZA LIMA CELEBRA 125 A\u00d1OS DE CREACI\u00d3N"},"content":{"rendered":"<p>&nbsp;<\/p>\n<p><strong>NOTI-AM\u00c9RICA PER\u00da<\/strong><\/p>\n<p>&nbsp;<\/p>\n<p><strong>Deportes<\/strong><\/p>\n<p>&nbsp;<\/p>\n<p>&nbsp;<\/p>\n<p>Alianza Lima celebr\u00f3, este domingo 15, 125 a\u00f1os y lo hace consolidado como uno de los clubes m\u00e1s importantes del Per\u00fa y Sudam\u00e9rica.<\/p>\n<p>&nbsp;<\/p>\n<p>La historia de Alianza Lima se inici\u00f3 en la calle Cotabambas, del Cercado de Lima, el 15 de febrero de 1901 cuando se fund\u00f3 Sport Alianza. Fue el primer nombre de la instituci\u00f3n \u00edntima, por iniciativa de un grupo de muchachos que tuvieron la idea de formar un club de f\u00fatbol para defender a la comunidad frente a equipos de otros barrios.<\/p>\n<p>&nbsp;<\/p>\n<p>Los antecedentes refieren el nombre en honor de la caballeriza Alianza, propiedad del que fuera presidente de la Rep\u00fablica, Augusto B. Legu\u00eda.<\/p>\n<p>&nbsp;<\/p>\n<p>Los trabajadores de dicha caballeriza permitieron al grupo de j\u00f3venes practicar el f\u00fatbol, un deporte inventado por los ingleses que se estaba expandiendo r\u00e1pidamente por todo el puerto del Callao.<\/p>\n<p><img loading=\"lazy\" decoding=\"async\" class=\"alignnone size-full wp-image-9548\" src=\"https:\/\/noti-america.com\/site\/peru\/wp-content\/uploads\/sites\/8\/2026\/02\/IMG-20260215-WA0078.jpg\" alt=\"\" width=\"1600\" height=\"1066\" srcset=\"https:\/\/noti-america.com\/site\/peru\/wp-content\/uploads\/sites\/8\/2026\/02\/IMG-20260215-WA0078.jpg 1600w, https:\/\/noti-america.com\/site\/peru\/wp-content\/uploads\/sites\/8\/2026\/02\/IMG-20260215-WA0078-300x200.jpg 300w, https:\/\/noti-america.com\/site\/peru\/wp-content\/uploads\/sites\/8\/2026\/02\/IMG-20260215-WA0078-1024x682.jpg 1024w, https:\/\/noti-america.com\/site\/peru\/wp-content\/uploads\/sites\/8\/2026\/02\/IMG-20260215-WA0078-768x512.jpg 768w, https:\/\/noti-america.com\/site\/peru\/wp-content\/uploads\/sites\/8\/2026\/02\/IMG-20260215-WA0078-1536x1023.jpg 1536w, https:\/\/noti-america.com\/site\/peru\/wp-content\/uploads\/sites\/8\/2026\/02\/IMG-20260215-WA0078-272x182.jpg 272w\" sizes=\"auto, (max-width: 1600px) 100vw, 1600px\" \/><\/p>\n<p>La creaci\u00f3n de Alianza Lima se dio en un ambiente netamente popular, sin contar con ninguna influencia de las altas esferas de la sociedad lime\u00f1a. Estos factores contribuyeron a identificarlo como el equipo de la clase obrera.<\/p>\n<p>&nbsp;<\/p>\n<p>La imagen de Alianza como equipo popular aument\u00f3 cada vez m\u00e1s, atrayendo a muchos simpatizantes, quienes aplaud\u00edan las victorias del equipo aliancista.<\/p>\n<p>&nbsp;<\/p>\n<p>Por la ascendencia italiana de Eduardo Pedreschi, miembro fundador, se decidi\u00f3 que la primera indumentaria tuviera colores de la bandera de Italia.<\/p>\n<div id=\"attachment_9549\" style=\"width: 690px\" class=\"wp-caption alignnone\"><img loading=\"lazy\" decoding=\"async\" aria-describedby=\"caption-attachment-9549\" class=\"wp-image-9549 size-full\" src=\"https:\/\/noti-america.com\/site\/peru\/wp-content\/uploads\/sites\/8\/2026\/02\/IMG-20260215-WA0079.jpg\" alt=\"\" width=\"680\" height=\"680\" srcset=\"https:\/\/noti-america.com\/site\/peru\/wp-content\/uploads\/sites\/8\/2026\/02\/IMG-20260215-WA0079.jpg 680w, https:\/\/noti-america.com\/site\/peru\/wp-content\/uploads\/sites\/8\/2026\/02\/IMG-20260215-WA0079-300x300.jpg 300w, https:\/\/noti-america.com\/site\/peru\/wp-content\/uploads\/sites\/8\/2026\/02\/IMG-20260215-WA0079-150x150.jpg 150w, https:\/\/noti-america.com\/site\/peru\/wp-content\/uploads\/sites\/8\/2026\/02\/IMG-20260215-WA0079-80x80.jpg 80w, https:\/\/noti-america.com\/site\/peru\/wp-content\/uploads\/sites\/8\/2026\/02\/IMG-20260215-WA0079-320x320.jpg 320w\" sizes=\"auto, (max-width: 680px) 100vw, 680px\" \/><p id=\"caption-attachment-9549\" class=\"wp-caption-text\">Foto: Andina \/ Jhonel Rodr\u00edguez Robles.<\/p><\/div>\n<p>Los primeros uniformes fueron de color verde con blanco. Luego, se incluyeron los colores de la caballeriza en el uniforme, que eran el azul, blanco y negro, los cuales se portaron en la camiseta, pantalones y medias respectivamente.<\/p>\n<p>&nbsp;<\/p>\n<p>A\u00f1os despu\u00e9s, se confeccion\u00f3 el uniforme blanquiazul a modo de franjas, que se usa hasta la actualidad.<\/p>\n<p>&nbsp;<\/p>\n<p>En el f\u00fatbol profesional hasta la fecha posee 25 t\u00edtulos nacionales, 17 torneos de liga, seis torneos regionales, una supercopa peruana y un t\u00edtulo internacional.<\/p>\n<p>&nbsp;<\/p>\n<p>Para los peruanos es Alianza Coraz\u00f3n. \u00a1Feliz aniversario!<\/p>\n","protected":false},"excerpt":{"rendered":"<p>&nbsp; NOTI-AM\u00c9RICA PER\u00da &nbsp; Deportes &nbsp; &nbsp; Alianza Lima celebr\u00f3, este domingo 15, 125 a\u00f1os y lo hace consolidado como uno de los clubes m\u00e1s importantes del Per\u00fa y Sudam\u00e9rica. &nbsp; La historia de&#46;&#46;&#46;<\/p>\n","protected":false},"author":70,"featured_media":0,"comment_status":"open","ping_status":"open","sticky":false,"template":"","format":"standard","meta":{"_acf_changed":false,"rop_custom_images_group":[],"rop_custom_messages_group":[],"rop_publish_now":"no","rop_publish_now_accounts":{"twitter_242054905_242054905":""},"rop_publish_now_history":[{"account":"twitter_242054905_242054905","service":"twitter","timestamp":1771215828,"status":"error"}],"rop_publish_now_status":"done","footnotes":""},"categories":[268,16,191],"tags":[],"class_list":["post-9547","post","type-post","status-publish","format-standard","hentry","category-acturalidad","category-deportes","category-futbol-nacional"],"acf":[],"yoast_head":"<!-- This site is optimized with the Yoast SEO Premium plugin v24.9 (Yoast SEO v27.2) - https:\/\/yoast.com\/product\/yoast-seo-premium-wordpress\/ -->\n<title>ALIANZA LIMA CELEBRA 125 A\u00d1OS DE CREACI\u00d3N - Per\u00fa | Noti-America.com<\/title>\n<meta name=\"robots\" content=\"index, follow, max-snippet:-1, max-image-preview:large, max-video-preview:-1\" \/>\n<link rel=\"canonical\" href=\"https:\/\/noti-america.com\/site\/peru\/2026\/02\/16\/alianza-lima-celebra-125-anos-de-creacion\/\" \/>\n<meta property=\"og:locale\" content=\"es_ES\" \/>\n<meta property=\"og:type\" content=\"article\" \/>\n<meta property=\"og:title\" content=\"ALIANZA LIMA CELEBRA 125 A\u00d1OS DE CREACI\u00d3N\" \/>\n<meta property=\"og:description\" content=\"&nbsp; NOTI-AM\u00c9RICA PER\u00da &nbsp; Deportes &nbsp; &nbsp; Alianza Lima celebr\u00f3, este domingo 15, 125 a\u00f1os y lo hace consolidado como uno de los clubes m\u00e1s importantes del Per\u00fa y Sudam\u00e9rica. &nbsp; La historia de&#046;&#046;&#046;\" \/>\n<meta property=\"og:url\" content=\"https:\/\/noti-america.com\/site\/peru\/2026\/02\/16\/alianza-lima-celebra-125-anos-de-creacion\/\" \/>\n<meta property=\"og:site_name\" content=\"Per\u00fa | Noti-America.com\" \/>\n<meta property=\"article:published_time\" content=\"2026-02-16T04:23:11+00:00\" \/>\n<meta property=\"article:modified_time\" content=\"2026-02-16T04:25:56+00:00\" \/>\n<meta property=\"og:image\" content=\"https:\/\/noti-america.com\/site\/peru\/wp-content\/uploads\/sites\/8\/2026\/02\/IMG-20260215-WA0078.jpg\" \/>\n\t<meta property=\"og:image:width\" content=\"1600\" \/>\n\t<meta property=\"og:image:height\" content=\"1066\" \/>\n\t<meta property=\"og:image:type\" content=\"image\/jpeg\" \/>\n<meta name=\"author\" content=\"Geomar Pacheco R.\" \/>\n<meta name=\"twitter:card\" content=\"summary_large_image\" \/>\n<meta name=\"twitter:creator\" content=\"@GeomarPacheco1\" \/>\n<meta name=\"twitter:label1\" content=\"Escrito por\" \/>\n\t<meta name=\"twitter:data1\" content=\"Geomar Pacheco R.\" \/>\n\t<meta name=\"twitter:label2\" content=\"Tiempo estimado de lectura\" \/>\n\t<meta name=\"twitter:data2\" content=\"2 minutos\" \/>\n<script type=\"application\/ld+json\" class=\"yoast-schema-graph\">{\"@context\":\"https:\/\/schema.org\",\"@graph\":[{\"@type\":\"Article\",\"@id\":\"https:\/\/noti-america.com\/site\/peru\/2026\/02\/16\/alianza-lima-celebra-125-anos-de-creacion\/#article\",\"isPartOf\":{\"@id\":\"https:\/\/noti-america.com\/site\/peru\/2026\/02\/16\/alianza-lima-celebra-125-anos-de-creacion\/\"},\"author\":{\"name\":\"Geomar Pacheco R.\",\"@id\":\"https:\/\/noti-america.com\/site\/peru\/#\/schema\/person\/28a35f20383bf2485bc838bfe76aebdc\"},\"headline\":\"ALIANZA LIMA CELEBRA 125 A\u00d1OS DE CREACI\u00d3N\",\"datePublished\":\"2026-02-16T04:23:11+00:00\",\"dateModified\":\"2026-02-16T04:25:56+00:00\",\"mainEntityOfPage\":{\"@id\":\"https:\/\/noti-america.com\/site\/peru\/2026\/02\/16\/alianza-lima-celebra-125-anos-de-creacion\/\"},\"wordCount\":357,\"commentCount\":0,\"publisher\":{\"@id\":\"https:\/\/noti-america.com\/site\/peru\/#organization\"},\"image\":{\"@id\":\"https:\/\/noti-america.com\/site\/peru\/2026\/02\/16\/alianza-lima-celebra-125-anos-de-creacion\/#primaryimage\"},\"thumbnailUrl\":\"https:\/\/noti-america.com\/site\/peru\/wp-content\/uploads\/sites\/8\/2026\/02\/IMG-20260215-WA0078.jpg\",\"articleSection\":[\"Actualidad\",\"Deportes\",\"Futbol Nacional\"],\"inLanguage\":\"es\",\"potentialAction\":[{\"@type\":\"CommentAction\",\"name\":\"Comment\",\"target\":[\"https:\/\/noti-america.com\/site\/peru\/2026\/02\/16\/alianza-lima-celebra-125-anos-de-creacion\/#respond\"]}]},{\"@type\":\"WebPage\",\"@id\":\"https:\/\/noti-america.com\/site\/peru\/2026\/02\/16\/alianza-lima-celebra-125-anos-de-creacion\/\",\"url\":\"https:\/\/noti-america.com\/site\/peru\/2026\/02\/16\/alianza-lima-celebra-125-anos-de-creacion\/\",\"name\":\"ALIANZA LIMA CELEBRA 125 A\u00d1OS DE CREACI\u00d3N - Per\u00fa | Noti-America.com\",\"isPartOf\":{\"@id\":\"https:\/\/noti-america.com\/site\/peru\/#website\"},\"primaryImageOfPage\":{\"@id\":\"https:\/\/noti-america.com\/site\/peru\/2026\/02\/16\/alianza-lima-celebra-125-anos-de-creacion\/#primaryimage\"},\"image\":{\"@id\":\"https:\/\/noti-america.com\/site\/peru\/2026\/02\/16\/alianza-lima-celebra-125-anos-de-creacion\/#primaryimage\"},\"thumbnailUrl\":\"https:\/\/noti-america.com\/site\/peru\/wp-content\/uploads\/sites\/8\/2026\/02\/IMG-20260215-WA0078.jpg\",\"datePublished\":\"2026-02-16T04:23:11+00:00\",\"dateModified\":\"2026-02-16T04:25:56+00:00\",\"breadcrumb\":{\"@id\":\"https:\/\/noti-america.com\/site\/peru\/2026\/02\/16\/alianza-lima-celebra-125-anos-de-creacion\/#breadcrumb\"},\"inLanguage\":\"es\",\"potentialAction\":[{\"@type\":\"ReadAction\",\"target\":[\"https:\/\/noti-america.com\/site\/peru\/2026\/02\/16\/alianza-lima-celebra-125-anos-de-creacion\/\"]}]},{\"@type\":\"ImageObject\",\"inLanguage\":\"es\",\"@id\":\"https:\/\/noti-america.com\/site\/peru\/2026\/02\/16\/alianza-lima-celebra-125-anos-de-creacion\/#primaryimage\",\"url\":\"https:\/\/noti-america.com\/site\/peru\/wp-content\/uploads\/sites\/8\/2026\/02\/IMG-20260215-WA0078.jpg\",\"contentUrl\":\"https:\/\/noti-america.com\/site\/peru\/wp-content\/uploads\/sites\/8\/2026\/02\/IMG-20260215-WA0078.jpg\",\"width\":1600,\"height\":1066},{\"@type\":\"BreadcrumbList\",\"@id\":\"https:\/\/noti-america.com\/site\/peru\/2026\/02\/16\/alianza-lima-celebra-125-anos-de-creacion\/#breadcrumb\",\"itemListElement\":[{\"@type\":\"ListItem\",\"position\":1,\"name\":\"Portada\",\"item\":\"https:\/\/noti-america.com\/site\/peru\/\"},{\"@type\":\"ListItem\",\"position\":2,\"name\":\"ALIANZA LIMA CELEBRA 125 A\u00d1OS DE CREACI\u00d3N\"}]},{\"@type\":\"WebSite\",\"@id\":\"https:\/\/noti-america.com\/site\/peru\/#website\",\"url\":\"https:\/\/noti-america.com\/site\/peru\/\",\"name\":\"Per\u00fa | Noti-America.com\",\"description\":\"\",\"publisher\":{\"@id\":\"https:\/\/noti-america.com\/site\/peru\/#organization\"},\"potentialAction\":[{\"@type\":\"SearchAction\",\"target\":{\"@type\":\"EntryPoint\",\"urlTemplate\":\"https:\/\/noti-america.com\/site\/peru\/?s={search_term_string}\"},\"query-input\":{\"@type\":\"PropertyValueSpecification\",\"valueRequired\":true,\"valueName\":\"search_term_string\"}}],\"inLanguage\":\"es\"},{\"@type\":\"Organization\",\"@id\":\"https:\/\/noti-america.com\/site\/peru\/#organization\",\"name\":\"Noti-America LLC | Per\u00fa\",\"url\":\"https:\/\/noti-america.com\/site\/peru\/\",\"logo\":{\"@type\":\"ImageObject\",\"inLanguage\":\"es\",\"@id\":\"https:\/\/noti-america.com\/site\/peru\/#\/schema\/logo\/image\/\",\"url\":\"https:\/\/noti-america.com\/site\/peru\/wp-content\/uploads\/sites\/8\/2020\/07\/LogoNA-4x3-1.jpg\",\"contentUrl\":\"https:\/\/noti-america.com\/site\/peru\/wp-content\/uploads\/sites\/8\/2020\/07\/LogoNA-4x3-1.jpg\",\"width\":1236,\"height\":1080,\"caption\":\"Noti-America LLC | Per\u00fa\"},\"image\":{\"@id\":\"https:\/\/noti-america.com\/site\/peru\/#\/schema\/logo\/image\/\"}},{\"@type\":\"Person\",\"@id\":\"https:\/\/noti-america.com\/site\/peru\/#\/schema\/person\/28a35f20383bf2485bc838bfe76aebdc\",\"name\":\"Geomar Pacheco R.\",\"image\":{\"@type\":\"ImageObject\",\"inLanguage\":\"es\",\"@id\":\"https:\/\/secure.gravatar.com\/avatar\/5f09cb527f9632e92234c6fc6e2cbcefebeed6bdeb0f9129ea4cbc7aa71587c6?s=96&d=mm&r=g\",\"url\":\"https:\/\/secure.gravatar.com\/avatar\/5f09cb527f9632e92234c6fc6e2cbcefebeed6bdeb0f9129ea4cbc7aa71587c6?s=96&d=mm&r=g\",\"contentUrl\":\"https:\/\/secure.gravatar.com\/avatar\/5f09cb527f9632e92234c6fc6e2cbcefebeed6bdeb0f9129ea4cbc7aa71587c6?s=96&d=mm&r=g\",\"caption\":\"Geomar Pacheco R.\"},\"sameAs\":[\"https:\/\/x.com\/GeomarPacheco1\"],\"url\":\"https:\/\/noti-america.com\/site\/peru\/author\/gpacheco\/\"}]}<\/script>\n<!-- \/ Yoast SEO Premium plugin. -->","yoast_head_json":{"title":"ALIANZA LIMA CELEBRA 125 A\u00d1OS DE CREACI\u00d3N - Per\u00fa | Noti-America.com","robots":{"index":"index","follow":"follow","max-snippet":"max-snippet:-1","max-image-preview":"max-image-preview:large","max-video-preview":"max-video-preview:-1"},"canonical":"https:\/\/noti-america.com\/site\/peru\/2026\/02\/16\/alianza-lima-celebra-125-anos-de-creacion\/","og_locale":"es_ES","og_type":"article","og_title":"ALIANZA LIMA CELEBRA 125 A\u00d1OS DE CREACI\u00d3N","og_description":"&nbsp; NOTI-AM\u00c9RICA PER\u00da &nbsp; Deportes &nbsp; &nbsp; Alianza Lima celebr\u00f3, este domingo 15, 125 a\u00f1os y lo hace consolidado como uno de los clubes m\u00e1s importantes del Per\u00fa y Sudam\u00e9rica. &nbsp; La historia de&#46;&#46;&#46;","og_url":"https:\/\/noti-america.com\/site\/peru\/2026\/02\/16\/alianza-lima-celebra-125-anos-de-creacion\/","og_site_name":"Per\u00fa | Noti-America.com","article_published_time":"2026-02-16T04:23:11+00:00","article_modified_time":"2026-02-16T04:25:56+00:00","og_image":[{"width":1600,"height":1066,"url":"https:\/\/noti-america.com\/site\/peru\/wp-content\/uploads\/sites\/8\/2026\/02\/IMG-20260215-WA0078.jpg","type":"image\/jpeg"}],"author":"Geomar Pacheco R.","twitter_card":"summary_large_image","twitter_creator":"@GeomarPacheco1","twitter_misc":{"Escrito por":"Geomar Pacheco R.","Tiempo estimado de lectura":"2 minutos"},"schema":{"@context":"https:\/\/schema.org","@graph":[{"@type":"Article","@id":"https:\/\/noti-america.com\/site\/peru\/2026\/02\/16\/alianza-lima-celebra-125-anos-de-creacion\/#article","isPartOf":{"@id":"https:\/\/noti-america.com\/site\/peru\/2026\/02\/16\/alianza-lima-celebra-125-anos-de-creacion\/"},"author":{"name":"Geomar Pacheco R.","@id":"https:\/\/noti-america.com\/site\/peru\/#\/schema\/person\/28a35f20383bf2485bc838bfe76aebdc"},"headline":"ALIANZA LIMA CELEBRA 125 A\u00d1OS DE CREACI\u00d3N","datePublished":"2026-02-16T04:23:11+00:00","dateModified":"2026-02-16T04:25:56+00:00","mainEntityOfPage":{"@id":"https:\/\/noti-america.com\/site\/peru\/2026\/02\/16\/alianza-lima-celebra-125-anos-de-creacion\/"},"wordCount":357,"commentCount":0,"publisher":{"@id":"https:\/\/noti-america.com\/site\/peru\/#organization"},"image":{"@id":"https:\/\/noti-america.com\/site\/peru\/2026\/02\/16\/alianza-lima-celebra-125-anos-de-creacion\/#primaryimage"},"thumbnailUrl":"https:\/\/noti-america.com\/site\/peru\/wp-content\/uploads\/sites\/8\/2026\/02\/IMG-20260215-WA0078.jpg","articleSection":["Actualidad","Deportes","Futbol Nacional"],"inLanguage":"es","potentialAction":[{"@type":"CommentAction","name":"Comment","target":["https:\/\/noti-america.com\/site\/peru\/2026\/02\/16\/alianza-lima-celebra-125-anos-de-creacion\/#respond"]}]},{"@type":"WebPage","@id":"https:\/\/noti-america.com\/site\/peru\/2026\/02\/16\/alianza-lima-celebra-125-anos-de-creacion\/","url":"https:\/\/noti-america.com\/site\/peru\/2026\/02\/16\/alianza-lima-celebra-125-anos-de-creacion\/","name":"ALIANZA LIMA CELEBRA 125 A\u00d1OS DE CREACI\u00d3N - Per\u00fa | Noti-America.com","isPartOf":{"@id":"https:\/\/noti-america.com\/site\/peru\/#website"},"primaryImageOfPage":{"@id":"https:\/\/noti-america.com\/site\/peru\/2026\/02\/16\/alianza-lima-celebra-125-anos-de-creacion\/#primaryimage"},"image":{"@id":"https:\/\/noti-america.com\/site\/peru\/2026\/02\/16\/alianza-lima-celebra-125-anos-de-creacion\/#primaryimage"},"thumbnailUrl":"https:\/\/noti-america.com\/site\/peru\/wp-content\/uploads\/sites\/8\/2026\/02\/IMG-20260215-WA0078.jpg","datePublished":"2026-02-16T04:23:11+00:00","dateModified":"2026-02-16T04:25:56+00:00","breadcrumb":{"@id":"https:\/\/noti-america.com\/site\/peru\/2026\/02\/16\/alianza-lima-celebra-125-anos-de-creacion\/#breadcrumb"},"inLanguage":"es","potentialAction":[{"@type":"ReadAction","target":["https:\/\/noti-america.com\/site\/peru\/2026\/02\/16\/alianza-lima-celebra-125-anos-de-creacion\/"]}]},{"@type":"ImageObject","inLanguage":"es","@id":"https:\/\/noti-america.com\/site\/peru\/2026\/02\/16\/alianza-lima-celebra-125-anos-de-creacion\/#primaryimage","url":"https:\/\/noti-america.com\/site\/peru\/wp-content\/uploads\/sites\/8\/2026\/02\/IMG-20260215-WA0078.jpg","contentUrl":"https:\/\/noti-america.com\/site\/peru\/wp-content\/uploads\/sites\/8\/2026\/02\/IMG-20260215-WA0078.jpg","width":1600,"height":1066},{"@type":"BreadcrumbList","@id":"https:\/\/noti-america.com\/site\/peru\/2026\/02\/16\/alianza-lima-celebra-125-anos-de-creacion\/#breadcrumb","itemListElement":[{"@type":"ListItem","position":1,"name":"Portada","item":"https:\/\/noti-america.com\/site\/peru\/"},{"@type":"ListItem","position":2,"name":"ALIANZA LIMA CELEBRA 125 A\u00d1OS DE CREACI\u00d3N"}]},{"@type":"WebSite","@id":"https:\/\/noti-america.com\/site\/peru\/#website","url":"https:\/\/noti-america.com\/site\/peru\/","name":"Per\u00fa | Noti-America.com","description":"","publisher":{"@id":"https:\/\/noti-america.com\/site\/peru\/#organization"},"potentialAction":[{"@type":"SearchAction","target":{"@type":"EntryPoint","urlTemplate":"https:\/\/noti-america.com\/site\/peru\/?s={search_term_string}"},"query-input":{"@type":"PropertyValueSpecification","valueRequired":true,"valueName":"search_term_string"}}],"inLanguage":"es"},{"@type":"Organization","@id":"https:\/\/noti-america.com\/site\/peru\/#organization","name":"Noti-America LLC | Per\u00fa","url":"https:\/\/noti-america.com\/site\/peru\/","logo":{"@type":"ImageObject","inLanguage":"es","@id":"https:\/\/noti-america.com\/site\/peru\/#\/schema\/logo\/image\/","url":"https:\/\/noti-america.com\/site\/peru\/wp-content\/uploads\/sites\/8\/2020\/07\/LogoNA-4x3-1.jpg","contentUrl":"https:\/\/noti-america.com\/site\/peru\/wp-content\/uploads\/sites\/8\/2020\/07\/LogoNA-4x3-1.jpg","width":1236,"height":1080,"caption":"Noti-America LLC | Per\u00fa"},"image":{"@id":"https:\/\/noti-america.com\/site\/peru\/#\/schema\/logo\/image\/"}},{"@type":"Person","@id":"https:\/\/noti-america.com\/site\/peru\/#\/schema\/person\/28a35f20383bf2485bc838bfe76aebdc","name":"Geomar Pacheco R.","image":{"@type":"ImageObject","inLanguage":"es","@id":"https:\/\/secure.gravatar.com\/avatar\/5f09cb527f9632e92234c6fc6e2cbcefebeed6bdeb0f9129ea4cbc7aa71587c6?s=96&d=mm&r=g","url":"https:\/\/secure.gravatar.com\/avatar\/5f09cb527f9632e92234c6fc6e2cbcefebeed6bdeb0f9129ea4cbc7aa71587c6?s=96&d=mm&r=g","contentUrl":"https:\/\/secure.gravatar.com\/avatar\/5f09cb527f9632e92234c6fc6e2cbcefebeed6bdeb0f9129ea4cbc7aa71587c6?s=96&d=mm&r=g","caption":"Geomar Pacheco R."},"sameAs":["https:\/\/x.com\/GeomarPacheco1"],"url":"https:\/\/noti-america.com\/site\/peru\/author\/gpacheco\/"}]}},"_links":{"self":[{"href":"https:\/\/noti-america.com\/site\/peru\/wp-json\/wp\/v2\/posts\/9547","targetHints":{"allow":["GET"]}}],"collection":[{"href":"https:\/\/noti-america.com\/site\/peru\/wp-json\/wp\/v2\/posts"}],"about":[{"href":"https:\/\/noti-america.com\/site\/peru\/wp-json\/wp\/v2\/types\/post"}],"author":[{"embeddable":true,"href":"https:\/\/noti-america.com\/site\/peru\/wp-json\/wp\/v2\/users\/70"}],"replies":[{"embeddable":true,"href":"https:\/\/noti-america.com\/site\/peru\/wp-json\/wp\/v2\/comments?post=9547"}],"version-history":[{"count":2,"href":"https:\/\/noti-america.com\/site\/peru\/wp-json\/wp\/v2\/posts\/9547\/revisions"}],"predecessor-version":[{"id":9552,"href":"https:\/\/noti-america.com\/site\/peru\/wp-json\/wp\/v2\/posts\/9547\/revisions\/9552"}],"wp:attachment":[{"href":"https:\/\/noti-america.com\/site\/peru\/wp-json\/wp\/v2\/media?parent=9547"}],"wp:term":[{"taxonomy":"category","embeddable":true,"href":"https:\/\/noti-america.com\/site\/peru\/wp-json\/wp\/v2\/categories?post=9547"},{"taxonomy":"post_tag","embeddable":true,"href":"https:\/\/noti-america.com\/site\/peru\/wp-json\/wp\/v2\/tags?post=9547"}],"curies":[{"name":"wp","href":"https:\/\/api.w.org\/{rel}","templated":true}]}}