{"id":9516,"date":"2026-02-07T06:07:40","date_gmt":"2026-02-07T06:07:40","guid":{"rendered":"https:\/\/noti-america.com\/site\/peru\/?p=9516"},"modified":"2026-02-07T06:07:40","modified_gmt":"2026-02-07T06:07:40","slug":"sinfonia-por-el-peru-ante-la-onu","status":"publish","type":"post","link":"https:\/\/noti-america.com\/site\/peru\/2026\/02\/07\/sinfonia-por-el-peru-ante-la-onu\/","title":{"rendered":"SINFON\u00cdA POR EL PER\u00da ANTE LA ONU"},"content":{"rendered":"<p><strong>NOTI-AM\u00c9RICA PER\u00da<\/strong><\/p>\n<p>&nbsp;<\/p>\n<p style=\"text-align: right\"><strong>Por Geomar Pacheco Rivera<\/strong><\/p>\n<p>&nbsp;<\/p>\n<p><span style=\"font-weight: 400\">Nuestro compatriota Juan Diego Fl\u00f3rez, presidente de Sinfon\u00eda por el Per\u00fa, sostuvo una importante reuni\u00f3n de trabajo en la Organizaci\u00f3n de las Naciones Unidas, la cual se centr\u00f3 en la salud mental y el bienestar de adolescentes y j\u00f3venes, as\u00ed como en la estrategia global de juventudes que impulsa la ONU.<\/span><\/p>\n<p>&nbsp;<\/p>\n<p><span style=\"font-weight: 400\">Ello permiti\u00f3 poner en valor el impacto de Sinfon\u00eda por el Per\u00fa en m\u00e1s de\u00a0 35.000 ni\u00f1as, ni\u00f1os, adolescentes y j\u00f3venes, en l\u00ednea con los objetivos globales de desarrollo y la construcci\u00f3n de sociedades democr\u00e1ticas y pac\u00edficas.<\/span><\/p>\n<p>&nbsp;<\/p>\n<p><span style=\"font-weight: 400\">En un contexto global y regional marcado por el aumento de la violencia \u2014en el que el crimen organizado transnacional amenaza las oportunidades y el futuro de las nuevas generaciones\u2014 se suma un escenario de crecientes riesgos y problemas de salud mental que afectan de manera directa el bienestar, la continuidad educativa, la empleabilidad y, en general, el desarrollo de proyectos de vida de adolescentes y j\u00f3venes.<\/span><\/p>\n<p>&nbsp;<\/p>\n<p><span style=\"font-weight: 400\">Durante la reuni\u00f3n Fl\u00f3rez subray\u00f3 la relevancia de iniciativas culturales y educativas que fortalecen factores de protecci\u00f3n, cohesi\u00f3n comunitaria y habilidades socioemocionales, especialmente en territorios con mayores riesgos.<\/span><\/p>\n<p>&nbsp;<\/p>\n<p><span style=\"font-weight: 400\">Por su parte, Felipe Paullier Olivera, subsecretario general de Asuntos de la Juventud de las Naciones Unidas, destac\u00f3 que la Subsecretar\u00eda avanza en el fortalecimiento y articulaci\u00f3n y de iniciativas que pongan en el centro estrategias construidas desde las propias comunidades y desde los espacios donde se desarrolla la vida juvenil, con \u00e9nfasis en la prevenci\u00f3n, protecci\u00f3n y generaci\u00f3n de bienestar.<\/span><\/p>\n<p>&nbsp;<\/p>\n<div id=\"attachment_9517\" style=\"width: 1610px\" class=\"wp-caption alignnone\"><img loading=\"lazy\" decoding=\"async\" aria-describedby=\"caption-attachment-9517\" class=\"wp-image-9517 size-full\" src=\"https:\/\/noti-america.com\/site\/peru\/wp-content\/uploads\/sites\/8\/2026\/02\/WhatsApp-Image-2026-02-06-at-4.09.24-PM.jpeg\" alt=\"\" width=\"1600\" height=\"1251\" srcset=\"https:\/\/noti-america.com\/site\/peru\/wp-content\/uploads\/sites\/8\/2026\/02\/WhatsApp-Image-2026-02-06-at-4.09.24-PM.jpeg 1600w, https:\/\/noti-america.com\/site\/peru\/wp-content\/uploads\/sites\/8\/2026\/02\/WhatsApp-Image-2026-02-06-at-4.09.24-PM-300x235.jpeg 300w, https:\/\/noti-america.com\/site\/peru\/wp-content\/uploads\/sites\/8\/2026\/02\/WhatsApp-Image-2026-02-06-at-4.09.24-PM-1024x801.jpeg 1024w, https:\/\/noti-america.com\/site\/peru\/wp-content\/uploads\/sites\/8\/2026\/02\/WhatsApp-Image-2026-02-06-at-4.09.24-PM-768x600.jpeg 768w, https:\/\/noti-america.com\/site\/peru\/wp-content\/uploads\/sites\/8\/2026\/02\/WhatsApp-Image-2026-02-06-at-4.09.24-PM-1536x1201.jpeg 1536w\" sizes=\"auto, (max-width: 1600px) 100vw, 1600px\" \/><p id=\"caption-attachment-9517\" class=\"wp-caption-text\">Foto: Fundaci\u00f3n Sinfon\u00eda por el Per\u00fa.<\/p><\/div>\n<p>&nbsp;<\/p>\n<p><span style=\"font-weight: 400\">En ese marco, resalt\u00f3 la importancia de impulsar respuestas integrales que aborden tres \u00e1mbitos prioritarios: las artes, el deporte y la tecnolog\u00eda.<\/span><\/p>\n<p>&nbsp;<\/p>\n<p><span style=\"font-weight: 400\">Sinfon\u00eda por el Per\u00fa expuso c\u00f3mo su modelo, consolidado a lo largo de casi 15 a\u00f1os, ha mostrado resultados concretos en dimensiones vinculadas al desarrollo socioemocional, el fortalecimiento de habilidades para la vida, el incremento de factores de protecci\u00f3n y el bienestar familiar, a partir de la pr\u00e1ctica musical colectiva y el trabajo comunitario de sus centros.<\/span><\/p>\n<p>&nbsp;<\/p>\n<p><span style=\"font-weight: 400\">La reuni\u00f3n fue calificada de altamente positiva y permiti\u00f3 identificar sinergias para fortalecer la visibilidad internacional del impacto de Sinfon\u00eda por el Per\u00fa y explorar rutas de colaboraci\u00f3n en sinton\u00eda con la Agenda 2030, los Objetivos de Desarrollo Sostenible y la estrategia Youth 2030.<\/span><\/p>\n","protected":false},"excerpt":{"rendered":"<p>NOTI-AM\u00c9RICA PER\u00da &nbsp; Por Geomar Pacheco Rivera &nbsp; Nuestro compatriota Juan Diego Fl\u00f3rez, presidente de Sinfon\u00eda por el Per\u00fa, sostuvo una importante reuni\u00f3n de trabajo en la Organizaci\u00f3n de las Naciones Unidas, la cual&#46;&#46;&#46;<\/p>\n","protected":false},"author":70,"featured_media":9517,"comment_status":"open","ping_status":"open","sticky":false,"template":"","format":"standard","meta":{"_acf_changed":false,"rop_custom_images_group":[],"rop_custom_messages_group":[],"rop_publish_now":"no","rop_publish_now_accounts":{"twitter_242054905_242054905":""},"rop_publish_now_history":[{"account":"twitter_242054905_242054905","service":"twitter","timestamp":1770444574,"status":"error"}],"rop_publish_now_status":"done","footnotes":""},"categories":[268,8,188],"tags":[],"class_list":["post-9516","post","type-post","status-publish","format-standard","has-post-thumbnail","hentry","category-acturalidad","category-arte-y-espectaculos","category-educacion"],"acf":[],"yoast_head":"<!-- This site is optimized with the Yoast SEO Premium plugin v24.9 (Yoast SEO v27.2) - https:\/\/yoast.com\/product\/yoast-seo-premium-wordpress\/ -->\n<title>SINFON\u00cdA POR EL PER\u00da ANTE LA ONU - Per\u00fa | Noti-America.com<\/title>\n<meta name=\"robots\" content=\"index, follow, max-snippet:-1, max-image-preview:large, max-video-preview:-1\" \/>\n<link rel=\"canonical\" href=\"https:\/\/noti-america.com\/site\/peru\/2026\/02\/07\/sinfonia-por-el-peru-ante-la-onu\/\" \/>\n<meta property=\"og:locale\" content=\"es_ES\" \/>\n<meta property=\"og:type\" content=\"article\" \/>\n<meta property=\"og:title\" content=\"SINFON\u00cdA POR EL PER\u00da ANTE LA ONU\" \/>\n<meta property=\"og:description\" content=\"NOTI-AM\u00c9RICA PER\u00da &nbsp; Por Geomar Pacheco Rivera &nbsp; Nuestro compatriota Juan Diego Fl\u00f3rez, presidente de Sinfon\u00eda por el Per\u00fa, sostuvo una importante reuni\u00f3n de trabajo en la Organizaci\u00f3n de las Naciones Unidas, la cual&#046;&#046;&#046;\" \/>\n<meta property=\"og:url\" content=\"https:\/\/noti-america.com\/site\/peru\/2026\/02\/07\/sinfonia-por-el-peru-ante-la-onu\/\" \/>\n<meta property=\"og:site_name\" content=\"Per\u00fa | Noti-America.com\" \/>\n<meta property=\"article:published_time\" content=\"2026-02-07T06:07:40+00:00\" \/>\n<meta property=\"og:image\" content=\"https:\/\/noti-america.com\/site\/peru\/wp-content\/uploads\/sites\/8\/2026\/02\/WhatsApp-Image-2026-02-06-at-4.09.24-PM.jpeg\" \/>\n\t<meta property=\"og:image:width\" content=\"1600\" \/>\n\t<meta property=\"og:image:height\" content=\"1251\" \/>\n\t<meta property=\"og:image:type\" content=\"image\/jpeg\" \/>\n<meta name=\"author\" content=\"Geomar Pacheco R.\" \/>\n<meta name=\"twitter:card\" content=\"summary_large_image\" \/>\n<meta name=\"twitter:creator\" content=\"@GeomarPacheco1\" \/>\n<meta name=\"twitter:label1\" content=\"Escrito por\" \/>\n\t<meta name=\"twitter:data1\" content=\"Geomar Pacheco R.\" \/>\n\t<meta name=\"twitter:label2\" content=\"Tiempo estimado de lectura\" \/>\n\t<meta name=\"twitter:data2\" content=\"2 minutos\" \/>\n<script type=\"application\/ld+json\" class=\"yoast-schema-graph\">{\"@context\":\"https:\/\/schema.org\",\"@graph\":[{\"@type\":\"Article\",\"@id\":\"https:\/\/noti-america.com\/site\/peru\/2026\/02\/07\/sinfonia-por-el-peru-ante-la-onu\/#article\",\"isPartOf\":{\"@id\":\"https:\/\/noti-america.com\/site\/peru\/2026\/02\/07\/sinfonia-por-el-peru-ante-la-onu\/\"},\"author\":{\"name\":\"Geomar Pacheco R.\",\"@id\":\"https:\/\/noti-america.com\/site\/peru\/#\/schema\/person\/28a35f20383bf2485bc838bfe76aebdc\"},\"headline\":\"SINFON\u00cdA POR EL PER\u00da ANTE LA ONU\",\"datePublished\":\"2026-02-07T06:07:40+00:00\",\"mainEntityOfPage\":{\"@id\":\"https:\/\/noti-america.com\/site\/peru\/2026\/02\/07\/sinfonia-por-el-peru-ante-la-onu\/\"},\"wordCount\":437,\"commentCount\":0,\"publisher\":{\"@id\":\"https:\/\/noti-america.com\/site\/peru\/#organization\"},\"image\":{\"@id\":\"https:\/\/noti-america.com\/site\/peru\/2026\/02\/07\/sinfonia-por-el-peru-ante-la-onu\/#primaryimage\"},\"thumbnailUrl\":\"https:\/\/noti-america.com\/site\/peru\/wp-content\/uploads\/sites\/8\/2026\/02\/WhatsApp-Image-2026-02-06-at-4.09.24-PM.jpeg\",\"articleSection\":[\"Actualidad\",\"Arte y Espect\u00e1culos\",\"Educaci\u00f3n\"],\"inLanguage\":\"es\",\"potentialAction\":[{\"@type\":\"CommentAction\",\"name\":\"Comment\",\"target\":[\"https:\/\/noti-america.com\/site\/peru\/2026\/02\/07\/sinfonia-por-el-peru-ante-la-onu\/#respond\"]}]},{\"@type\":\"WebPage\",\"@id\":\"https:\/\/noti-america.com\/site\/peru\/2026\/02\/07\/sinfonia-por-el-peru-ante-la-onu\/\",\"url\":\"https:\/\/noti-america.com\/site\/peru\/2026\/02\/07\/sinfonia-por-el-peru-ante-la-onu\/\",\"name\":\"SINFON\u00cdA POR EL PER\u00da ANTE LA ONU - Per\u00fa | Noti-America.com\",\"isPartOf\":{\"@id\":\"https:\/\/noti-america.com\/site\/peru\/#website\"},\"primaryImageOfPage\":{\"@id\":\"https:\/\/noti-america.com\/site\/peru\/2026\/02\/07\/sinfonia-por-el-peru-ante-la-onu\/#primaryimage\"},\"image\":{\"@id\":\"https:\/\/noti-america.com\/site\/peru\/2026\/02\/07\/sinfonia-por-el-peru-ante-la-onu\/#primaryimage\"},\"thumbnailUrl\":\"https:\/\/noti-america.com\/site\/peru\/wp-content\/uploads\/sites\/8\/2026\/02\/WhatsApp-Image-2026-02-06-at-4.09.24-PM.jpeg\",\"datePublished\":\"2026-02-07T06:07:40+00:00\",\"breadcrumb\":{\"@id\":\"https:\/\/noti-america.com\/site\/peru\/2026\/02\/07\/sinfonia-por-el-peru-ante-la-onu\/#breadcrumb\"},\"inLanguage\":\"es\",\"potentialAction\":[{\"@type\":\"ReadAction\",\"target\":[\"https:\/\/noti-america.com\/site\/peru\/2026\/02\/07\/sinfonia-por-el-peru-ante-la-onu\/\"]}]},{\"@type\":\"ImageObject\",\"inLanguage\":\"es\",\"@id\":\"https:\/\/noti-america.com\/site\/peru\/2026\/02\/07\/sinfonia-por-el-peru-ante-la-onu\/#primaryimage\",\"url\":\"https:\/\/noti-america.com\/site\/peru\/wp-content\/uploads\/sites\/8\/2026\/02\/WhatsApp-Image-2026-02-06-at-4.09.24-PM.jpeg\",\"contentUrl\":\"https:\/\/noti-america.com\/site\/peru\/wp-content\/uploads\/sites\/8\/2026\/02\/WhatsApp-Image-2026-02-06-at-4.09.24-PM.jpeg\",\"width\":1600,\"height\":1251},{\"@type\":\"BreadcrumbList\",\"@id\":\"https:\/\/noti-america.com\/site\/peru\/2026\/02\/07\/sinfonia-por-el-peru-ante-la-onu\/#breadcrumb\",\"itemListElement\":[{\"@type\":\"ListItem\",\"position\":1,\"name\":\"Portada\",\"item\":\"https:\/\/noti-america.com\/site\/peru\/\"},{\"@type\":\"ListItem\",\"position\":2,\"name\":\"SINFON\u00cdA POR EL PER\u00da ANTE LA ONU\"}]},{\"@type\":\"WebSite\",\"@id\":\"https:\/\/noti-america.com\/site\/peru\/#website\",\"url\":\"https:\/\/noti-america.com\/site\/peru\/\",\"name\":\"Per\u00fa | Noti-America.com\",\"description\":\"\",\"publisher\":{\"@id\":\"https:\/\/noti-america.com\/site\/peru\/#organization\"},\"potentialAction\":[{\"@type\":\"SearchAction\",\"target\":{\"@type\":\"EntryPoint\",\"urlTemplate\":\"https:\/\/noti-america.com\/site\/peru\/?s={search_term_string}\"},\"query-input\":{\"@type\":\"PropertyValueSpecification\",\"valueRequired\":true,\"valueName\":\"search_term_string\"}}],\"inLanguage\":\"es\"},{\"@type\":\"Organization\",\"@id\":\"https:\/\/noti-america.com\/site\/peru\/#organization\",\"name\":\"Noti-America LLC | Per\u00fa\",\"url\":\"https:\/\/noti-america.com\/site\/peru\/\",\"logo\":{\"@type\":\"ImageObject\",\"inLanguage\":\"es\",\"@id\":\"https:\/\/noti-america.com\/site\/peru\/#\/schema\/logo\/image\/\",\"url\":\"https:\/\/noti-america.com\/site\/peru\/wp-content\/uploads\/sites\/8\/2020\/07\/LogoNA-4x3-1.jpg\",\"contentUrl\":\"https:\/\/noti-america.com\/site\/peru\/wp-content\/uploads\/sites\/8\/2020\/07\/LogoNA-4x3-1.jpg\",\"width\":1236,\"height\":1080,\"caption\":\"Noti-America LLC | Per\u00fa\"},\"image\":{\"@id\":\"https:\/\/noti-america.com\/site\/peru\/#\/schema\/logo\/image\/\"}},{\"@type\":\"Person\",\"@id\":\"https:\/\/noti-america.com\/site\/peru\/#\/schema\/person\/28a35f20383bf2485bc838bfe76aebdc\",\"name\":\"Geomar Pacheco R.\",\"image\":{\"@type\":\"ImageObject\",\"inLanguage\":\"es\",\"@id\":\"https:\/\/secure.gravatar.com\/avatar\/5f09cb527f9632e92234c6fc6e2cbcefebeed6bdeb0f9129ea4cbc7aa71587c6?s=96&d=mm&r=g\",\"url\":\"https:\/\/secure.gravatar.com\/avatar\/5f09cb527f9632e92234c6fc6e2cbcefebeed6bdeb0f9129ea4cbc7aa71587c6?s=96&d=mm&r=g\",\"contentUrl\":\"https:\/\/secure.gravatar.com\/avatar\/5f09cb527f9632e92234c6fc6e2cbcefebeed6bdeb0f9129ea4cbc7aa71587c6?s=96&d=mm&r=g\",\"caption\":\"Geomar Pacheco R.\"},\"sameAs\":[\"https:\/\/x.com\/GeomarPacheco1\"],\"url\":\"https:\/\/noti-america.com\/site\/peru\/author\/gpacheco\/\"}]}<\/script>\n<!-- \/ Yoast SEO Premium plugin. -->","yoast_head_json":{"title":"SINFON\u00cdA POR EL PER\u00da ANTE LA ONU - Per\u00fa | Noti-America.com","robots":{"index":"index","follow":"follow","max-snippet":"max-snippet:-1","max-image-preview":"max-image-preview:large","max-video-preview":"max-video-preview:-1"},"canonical":"https:\/\/noti-america.com\/site\/peru\/2026\/02\/07\/sinfonia-por-el-peru-ante-la-onu\/","og_locale":"es_ES","og_type":"article","og_title":"SINFON\u00cdA POR EL PER\u00da ANTE LA ONU","og_description":"NOTI-AM\u00c9RICA PER\u00da &nbsp; Por Geomar Pacheco Rivera &nbsp; Nuestro compatriota Juan Diego Fl\u00f3rez, presidente de Sinfon\u00eda por el Per\u00fa, sostuvo una importante reuni\u00f3n de trabajo en la Organizaci\u00f3n de las Naciones Unidas, la cual&#46;&#46;&#46;","og_url":"https:\/\/noti-america.com\/site\/peru\/2026\/02\/07\/sinfonia-por-el-peru-ante-la-onu\/","og_site_name":"Per\u00fa | Noti-America.com","article_published_time":"2026-02-07T06:07:40+00:00","og_image":[{"width":1600,"height":1251,"url":"https:\/\/noti-america.com\/site\/peru\/wp-content\/uploads\/sites\/8\/2026\/02\/WhatsApp-Image-2026-02-06-at-4.09.24-PM.jpeg","type":"image\/jpeg"}],"author":"Geomar Pacheco R.","twitter_card":"summary_large_image","twitter_creator":"@GeomarPacheco1","twitter_misc":{"Escrito por":"Geomar Pacheco R.","Tiempo estimado de lectura":"2 minutos"},"schema":{"@context":"https:\/\/schema.org","@graph":[{"@type":"Article","@id":"https:\/\/noti-america.com\/site\/peru\/2026\/02\/07\/sinfonia-por-el-peru-ante-la-onu\/#article","isPartOf":{"@id":"https:\/\/noti-america.com\/site\/peru\/2026\/02\/07\/sinfonia-por-el-peru-ante-la-onu\/"},"author":{"name":"Geomar Pacheco R.","@id":"https:\/\/noti-america.com\/site\/peru\/#\/schema\/person\/28a35f20383bf2485bc838bfe76aebdc"},"headline":"SINFON\u00cdA POR EL PER\u00da ANTE LA ONU","datePublished":"2026-02-07T06:07:40+00:00","mainEntityOfPage":{"@id":"https:\/\/noti-america.com\/site\/peru\/2026\/02\/07\/sinfonia-por-el-peru-ante-la-onu\/"},"wordCount":437,"commentCount":0,"publisher":{"@id":"https:\/\/noti-america.com\/site\/peru\/#organization"},"image":{"@id":"https:\/\/noti-america.com\/site\/peru\/2026\/02\/07\/sinfonia-por-el-peru-ante-la-onu\/#primaryimage"},"thumbnailUrl":"https:\/\/noti-america.com\/site\/peru\/wp-content\/uploads\/sites\/8\/2026\/02\/WhatsApp-Image-2026-02-06-at-4.09.24-PM.jpeg","articleSection":["Actualidad","Arte y Espect\u00e1culos","Educaci\u00f3n"],"inLanguage":"es","potentialAction":[{"@type":"CommentAction","name":"Comment","target":["https:\/\/noti-america.com\/site\/peru\/2026\/02\/07\/sinfonia-por-el-peru-ante-la-onu\/#respond"]}]},{"@type":"WebPage","@id":"https:\/\/noti-america.com\/site\/peru\/2026\/02\/07\/sinfonia-por-el-peru-ante-la-onu\/","url":"https:\/\/noti-america.com\/site\/peru\/2026\/02\/07\/sinfonia-por-el-peru-ante-la-onu\/","name":"SINFON\u00cdA POR EL PER\u00da ANTE LA ONU - Per\u00fa | Noti-America.com","isPartOf":{"@id":"https:\/\/noti-america.com\/site\/peru\/#website"},"primaryImageOfPage":{"@id":"https:\/\/noti-america.com\/site\/peru\/2026\/02\/07\/sinfonia-por-el-peru-ante-la-onu\/#primaryimage"},"image":{"@id":"https:\/\/noti-america.com\/site\/peru\/2026\/02\/07\/sinfonia-por-el-peru-ante-la-onu\/#primaryimage"},"thumbnailUrl":"https:\/\/noti-america.com\/site\/peru\/wp-content\/uploads\/sites\/8\/2026\/02\/WhatsApp-Image-2026-02-06-at-4.09.24-PM.jpeg","datePublished":"2026-02-07T06:07:40+00:00","breadcrumb":{"@id":"https:\/\/noti-america.com\/site\/peru\/2026\/02\/07\/sinfonia-por-el-peru-ante-la-onu\/#breadcrumb"},"inLanguage":"es","potentialAction":[{"@type":"ReadAction","target":["https:\/\/noti-america.com\/site\/peru\/2026\/02\/07\/sinfonia-por-el-peru-ante-la-onu\/"]}]},{"@type":"ImageObject","inLanguage":"es","@id":"https:\/\/noti-america.com\/site\/peru\/2026\/02\/07\/sinfonia-por-el-peru-ante-la-onu\/#primaryimage","url":"https:\/\/noti-america.com\/site\/peru\/wp-content\/uploads\/sites\/8\/2026\/02\/WhatsApp-Image-2026-02-06-at-4.09.24-PM.jpeg","contentUrl":"https:\/\/noti-america.com\/site\/peru\/wp-content\/uploads\/sites\/8\/2026\/02\/WhatsApp-Image-2026-02-06-at-4.09.24-PM.jpeg","width":1600,"height":1251},{"@type":"BreadcrumbList","@id":"https:\/\/noti-america.com\/site\/peru\/2026\/02\/07\/sinfonia-por-el-peru-ante-la-onu\/#breadcrumb","itemListElement":[{"@type":"ListItem","position":1,"name":"Portada","item":"https:\/\/noti-america.com\/site\/peru\/"},{"@type":"ListItem","position":2,"name":"SINFON\u00cdA POR EL PER\u00da ANTE LA ONU"}]},{"@type":"WebSite","@id":"https:\/\/noti-america.com\/site\/peru\/#website","url":"https:\/\/noti-america.com\/site\/peru\/","name":"Per\u00fa | Noti-America.com","description":"","publisher":{"@id":"https:\/\/noti-america.com\/site\/peru\/#organization"},"potentialAction":[{"@type":"SearchAction","target":{"@type":"EntryPoint","urlTemplate":"https:\/\/noti-america.com\/site\/peru\/?s={search_term_string}"},"query-input":{"@type":"PropertyValueSpecification","valueRequired":true,"valueName":"search_term_string"}}],"inLanguage":"es"},{"@type":"Organization","@id":"https:\/\/noti-america.com\/site\/peru\/#organization","name":"Noti-America LLC | Per\u00fa","url":"https:\/\/noti-america.com\/site\/peru\/","logo":{"@type":"ImageObject","inLanguage":"es","@id":"https:\/\/noti-america.com\/site\/peru\/#\/schema\/logo\/image\/","url":"https:\/\/noti-america.com\/site\/peru\/wp-content\/uploads\/sites\/8\/2020\/07\/LogoNA-4x3-1.jpg","contentUrl":"https:\/\/noti-america.com\/site\/peru\/wp-content\/uploads\/sites\/8\/2020\/07\/LogoNA-4x3-1.jpg","width":1236,"height":1080,"caption":"Noti-America LLC | Per\u00fa"},"image":{"@id":"https:\/\/noti-america.com\/site\/peru\/#\/schema\/logo\/image\/"}},{"@type":"Person","@id":"https:\/\/noti-america.com\/site\/peru\/#\/schema\/person\/28a35f20383bf2485bc838bfe76aebdc","name":"Geomar Pacheco R.","image":{"@type":"ImageObject","inLanguage":"es","@id":"https:\/\/secure.gravatar.com\/avatar\/5f09cb527f9632e92234c6fc6e2cbcefebeed6bdeb0f9129ea4cbc7aa71587c6?s=96&d=mm&r=g","url":"https:\/\/secure.gravatar.com\/avatar\/5f09cb527f9632e92234c6fc6e2cbcefebeed6bdeb0f9129ea4cbc7aa71587c6?s=96&d=mm&r=g","contentUrl":"https:\/\/secure.gravatar.com\/avatar\/5f09cb527f9632e92234c6fc6e2cbcefebeed6bdeb0f9129ea4cbc7aa71587c6?s=96&d=mm&r=g","caption":"Geomar Pacheco R."},"sameAs":["https:\/\/x.com\/GeomarPacheco1"],"url":"https:\/\/noti-america.com\/site\/peru\/author\/gpacheco\/"}]}},"_links":{"self":[{"href":"https:\/\/noti-america.com\/site\/peru\/wp-json\/wp\/v2\/posts\/9516","targetHints":{"allow":["GET"]}}],"collection":[{"href":"https:\/\/noti-america.com\/site\/peru\/wp-json\/wp\/v2\/posts"}],"about":[{"href":"https:\/\/noti-america.com\/site\/peru\/wp-json\/wp\/v2\/types\/post"}],"author":[{"embeddable":true,"href":"https:\/\/noti-america.com\/site\/peru\/wp-json\/wp\/v2\/users\/70"}],"replies":[{"embeddable":true,"href":"https:\/\/noti-america.com\/site\/peru\/wp-json\/wp\/v2\/comments?post=9516"}],"version-history":[{"count":1,"href":"https:\/\/noti-america.com\/site\/peru\/wp-json\/wp\/v2\/posts\/9516\/revisions"}],"predecessor-version":[{"id":9518,"href":"https:\/\/noti-america.com\/site\/peru\/wp-json\/wp\/v2\/posts\/9516\/revisions\/9518"}],"wp:featuredmedia":[{"embeddable":true,"href":"https:\/\/noti-america.com\/site\/peru\/wp-json\/wp\/v2\/media\/9517"}],"wp:attachment":[{"href":"https:\/\/noti-america.com\/site\/peru\/wp-json\/wp\/v2\/media?parent=9516"}],"wp:term":[{"taxonomy":"category","embeddable":true,"href":"https:\/\/noti-america.com\/site\/peru\/wp-json\/wp\/v2\/categories?post=9516"},{"taxonomy":"post_tag","embeddable":true,"href":"https:\/\/noti-america.com\/site\/peru\/wp-json\/wp\/v2\/tags?post=9516"}],"curies":[{"name":"wp","href":"https:\/\/api.w.org\/{rel}","templated":true}]}}