{"id":9449,"date":"2026-01-23T05:03:32","date_gmt":"2026-01-23T05:03:32","guid":{"rendered":"https:\/\/noti-america.com\/site\/peru\/?p=9449"},"modified":"2026-01-23T05:03:32","modified_gmt":"2026-01-23T05:03:32","slug":"peru-presente-en-sede-fitur-2026","status":"publish","type":"post","link":"https:\/\/noti-america.com\/site\/peru\/2026\/01\/23\/peru-presente-en-sede-fitur-2026\/","title":{"rendered":"PER\u00da PRESENTE EN SEDE FITUR 2026"},"content":{"rendered":"<p style=\"text-align: justify\"><strong>NOTI-AM\u00c9RICA PER\u00da<\/strong><\/p>\n<p style=\"text-align: right\"><strong>Por Geomar Pacheco Rivera<\/strong><\/p>\n<p style=\"text-align: justify\">\nNuestro pa\u00eds presenta su oferta tur\u00edstica de clase mundial en la Feria Internacional de Turismo FITUR 2026, que se realiza del 21 al 25 de enero en Madrid, Espa\u00f1a, con la presencia de 30 empresas peruanas.<\/p>\n<p style=\"text-align: justify\">La delegaci\u00f3n peruana es presidida por la ministra de Comercio Exterior y Turismo, Teresa Stella Mera G\u00f3mez.<\/p>\n<p style=\"text-align: justify\">La oferta peruana incluye experiencias \u00fanicas de naturaleza, aventura, cultura y gastronom\u00eda en este evento, que es clave para la promoci\u00f3n del pa\u00eds ante los principales mercados emisores y receptivos del turismo internacional.<\/p>\n<p style=\"text-align: justify\">La participaci\u00f3n peruana destaca con un pabell\u00f3n de alto impacto, especialmente dise\u00f1ado para cautivar al mercado europeo y posicionar al Per\u00fa como un destino seguro, diverso y altamente competitivo.<\/p>\n<p><img loading=\"lazy\" decoding=\"async\" class=\"alignnone size-full wp-image-9450\" src=\"https:\/\/noti-america.com\/site\/peru\/wp-content\/uploads\/sites\/8\/2026\/01\/WhatsApp-Image-2026-01-21-at-7.59.42-PM.jpeg\" alt=\"\" width=\"1600\" height=\"1066\" srcset=\"https:\/\/noti-america.com\/site\/peru\/wp-content\/uploads\/sites\/8\/2026\/01\/WhatsApp-Image-2026-01-21-at-7.59.42-PM.jpeg 1600w, https:\/\/noti-america.com\/site\/peru\/wp-content\/uploads\/sites\/8\/2026\/01\/WhatsApp-Image-2026-01-21-at-7.59.42-PM-300x200.jpeg 300w, https:\/\/noti-america.com\/site\/peru\/wp-content\/uploads\/sites\/8\/2026\/01\/WhatsApp-Image-2026-01-21-at-7.59.42-PM-1024x682.jpeg 1024w, https:\/\/noti-america.com\/site\/peru\/wp-content\/uploads\/sites\/8\/2026\/01\/WhatsApp-Image-2026-01-21-at-7.59.42-PM-768x512.jpeg 768w, https:\/\/noti-america.com\/site\/peru\/wp-content\/uploads\/sites\/8\/2026\/01\/WhatsApp-Image-2026-01-21-at-7.59.42-PM-1536x1023.jpeg 1536w, https:\/\/noti-america.com\/site\/peru\/wp-content\/uploads\/sites\/8\/2026\/01\/WhatsApp-Image-2026-01-21-at-7.59.42-PM-272x182.jpeg 272w\" sizes=\"auto, (max-width: 1600px) 100vw, 1600px\" \/><\/p>\n<p style=\"text-align: justify\">Las 30 empresas nacionales representadas por sus principales gestores exponen experiencias con la naturaleza, turismo de aventura, as\u00ed como contenido cultural y gastron\u00f3mico, que reafirman al Per\u00fa como un destino sostenible, aut\u00e9ntico y altamente competitivo para el mercado espa\u00f1ol y europeo.<\/p>\n<p style=\"text-align: justify\">El pabell\u00f3n de Per\u00fa ser\u00e1 uno de los puntos atractivos de la feria, gracias a sus activaciones culturales y gastron\u00f3micas, que ponen en valor la riqueza de nuestras tradiciones, saberes ancestrales y expresiones vivas.<\/p>\n<p style=\"text-align: justify\">Entre las propuestas emblem\u00e1ticas destaca la \u201cRuta de Le\u00f3n\u201d, situada al norte del territorio peruano, una experiencia que conecta historia, identidad y memorias inolvidables, reflejando el esp\u00edritu de un pa\u00eds que emociona, inspira y deja huella en cada visitante.<\/p>\n<p><img loading=\"lazy\" decoding=\"async\" class=\"alignnone size-full wp-image-9451\" src=\"https:\/\/noti-america.com\/site\/peru\/wp-content\/uploads\/sites\/8\/2026\/01\/WhatsApp-Image-2026-01-21-at-8.00.45-PM.jpeg\" alt=\"\" width=\"1600\" height=\"1065\" srcset=\"https:\/\/noti-america.com\/site\/peru\/wp-content\/uploads\/sites\/8\/2026\/01\/WhatsApp-Image-2026-01-21-at-8.00.45-PM.jpeg 1600w, https:\/\/noti-america.com\/site\/peru\/wp-content\/uploads\/sites\/8\/2026\/01\/WhatsApp-Image-2026-01-21-at-8.00.45-PM-300x200.jpeg 300w, https:\/\/noti-america.com\/site\/peru\/wp-content\/uploads\/sites\/8\/2026\/01\/WhatsApp-Image-2026-01-21-at-8.00.45-PM-1024x682.jpeg 1024w, https:\/\/noti-america.com\/site\/peru\/wp-content\/uploads\/sites\/8\/2026\/01\/WhatsApp-Image-2026-01-21-at-8.00.45-PM-768x511.jpeg 768w, https:\/\/noti-america.com\/site\/peru\/wp-content\/uploads\/sites\/8\/2026\/01\/WhatsApp-Image-2026-01-21-at-8.00.45-PM-1536x1022.jpeg 1536w, https:\/\/noti-america.com\/site\/peru\/wp-content\/uploads\/sites\/8\/2026\/01\/WhatsApp-Image-2026-01-21-at-8.00.45-PM-272x182.jpeg 272w\" sizes=\"auto, (max-width: 1600px) 100vw, 1600px\" \/><\/p>\n<p>&nbsp;<\/p>\n<p style=\"text-align: justify\">La agenda oficial del Mincetur en FITUR 2026 contempla reuniones de alto nivel con socios estrat\u00e9gicos como ONU Turismo, el Banco de Desarrollo de Am\u00e9rica Latina y el Caribe (CAF), el Banco Interamericano de Desarrollo (BID), as\u00ed como con autoridades tur\u00edsticas de Espa\u00f1a, Chile, Argentina y Rep\u00fablica Dominicana, entre otros. Estos encuentros buscan fortalecer la cooperaci\u00f3n internacional, afianzar alianzas estrat\u00e9gicas y abrir nuevas oportunidades de inversi\u00f3n para el sector turismo.<\/p>\n","protected":false},"excerpt":{"rendered":"<p>NOTI-AM\u00c9RICA PER\u00da Por Geomar Pacheco Rivera Nuestro pa\u00eds presenta su oferta tur\u00edstica de clase mundial en la Feria Internacional de Turismo FITUR 2026, que se realiza del 21 al 25 de enero en Madrid,&#46;&#46;&#46;<\/p>\n","protected":false},"author":70,"featured_media":9451,"comment_status":"open","ping_status":"open","sticky":false,"template":"","format":"standard","meta":{"_acf_changed":false,"rop_custom_images_group":[],"rop_custom_messages_group":[],"rop_publish_now":"no","rop_publish_now_accounts":{"twitter_242054905_242054905":""},"rop_publish_now_history":[{"account":"twitter_242054905_242054905","service":"twitter","timestamp":1769144629,"status":"error"}],"rop_publish_now_status":"done","footnotes":""},"categories":[268,8,4],"tags":[],"class_list":["post-9449","post","type-post","status-publish","format-standard","has-post-thumbnail","hentry","category-acturalidad","category-arte-y-espectaculos","category-internacionales"],"acf":[],"yoast_head":"<!-- This site is optimized with the Yoast SEO Premium plugin v24.9 (Yoast SEO v27.2) - https:\/\/yoast.com\/product\/yoast-seo-premium-wordpress\/ -->\n<title>PER\u00da PRESENTE EN SEDE FITUR 2026 - Per\u00fa | Noti-America.com<\/title>\n<meta name=\"robots\" content=\"index, follow, max-snippet:-1, max-image-preview:large, max-video-preview:-1\" \/>\n<link rel=\"canonical\" href=\"https:\/\/noti-america.com\/site\/peru\/2026\/01\/23\/peru-presente-en-sede-fitur-2026\/\" \/>\n<meta property=\"og:locale\" content=\"es_ES\" \/>\n<meta property=\"og:type\" content=\"article\" \/>\n<meta property=\"og:title\" content=\"PER\u00da PRESENTE EN SEDE FITUR 2026\" \/>\n<meta property=\"og:description\" content=\"NOTI-AM\u00c9RICA PER\u00da Por Geomar Pacheco Rivera Nuestro pa\u00eds presenta su oferta tur\u00edstica de clase mundial en la Feria Internacional de Turismo FITUR 2026, que se realiza del 21 al 25 de enero en Madrid,&#046;&#046;&#046;\" \/>\n<meta property=\"og:url\" content=\"https:\/\/noti-america.com\/site\/peru\/2026\/01\/23\/peru-presente-en-sede-fitur-2026\/\" \/>\n<meta property=\"og:site_name\" content=\"Per\u00fa | Noti-America.com\" \/>\n<meta property=\"article:published_time\" content=\"2026-01-23T05:03:32+00:00\" \/>\n<meta property=\"og:image\" content=\"https:\/\/noti-america.com\/site\/peru\/wp-content\/uploads\/sites\/8\/2026\/01\/WhatsApp-Image-2026-01-21-at-8.00.45-PM.jpeg\" \/>\n\t<meta property=\"og:image:width\" content=\"1600\" \/>\n\t<meta property=\"og:image:height\" content=\"1065\" \/>\n\t<meta property=\"og:image:type\" content=\"image\/jpeg\" \/>\n<meta name=\"author\" content=\"Geomar Pacheco R.\" \/>\n<meta name=\"twitter:card\" content=\"summary_large_image\" \/>\n<meta name=\"twitter:creator\" content=\"@GeomarPacheco1\" \/>\n<meta name=\"twitter:label1\" content=\"Escrito por\" \/>\n\t<meta name=\"twitter:data1\" content=\"Geomar Pacheco R.\" \/>\n\t<meta name=\"twitter:label2\" content=\"Tiempo estimado de lectura\" \/>\n\t<meta name=\"twitter:data2\" content=\"2 minutos\" \/>\n<script type=\"application\/ld+json\" class=\"yoast-schema-graph\">{\"@context\":\"https:\/\/schema.org\",\"@graph\":[{\"@type\":\"Article\",\"@id\":\"https:\/\/noti-america.com\/site\/peru\/2026\/01\/23\/peru-presente-en-sede-fitur-2026\/#article\",\"isPartOf\":{\"@id\":\"https:\/\/noti-america.com\/site\/peru\/2026\/01\/23\/peru-presente-en-sede-fitur-2026\/\"},\"author\":{\"name\":\"Geomar Pacheco R.\",\"@id\":\"https:\/\/noti-america.com\/site\/peru\/#\/schema\/person\/28a35f20383bf2485bc838bfe76aebdc\"},\"headline\":\"PER\u00da PRESENTE EN SEDE FITUR 2026\",\"datePublished\":\"2026-01-23T05:03:32+00:00\",\"mainEntityOfPage\":{\"@id\":\"https:\/\/noti-america.com\/site\/peru\/2026\/01\/23\/peru-presente-en-sede-fitur-2026\/\"},\"wordCount\":334,\"commentCount\":0,\"publisher\":{\"@id\":\"https:\/\/noti-america.com\/site\/peru\/#organization\"},\"image\":{\"@id\":\"https:\/\/noti-america.com\/site\/peru\/2026\/01\/23\/peru-presente-en-sede-fitur-2026\/#primaryimage\"},\"thumbnailUrl\":\"https:\/\/noti-america.com\/site\/peru\/wp-content\/uploads\/sites\/8\/2026\/01\/WhatsApp-Image-2026-01-21-at-8.00.45-PM.jpeg\",\"articleSection\":[\"Actualidad\",\"Arte y Espect\u00e1culos\",\"Internacionales\"],\"inLanguage\":\"es\",\"potentialAction\":[{\"@type\":\"CommentAction\",\"name\":\"Comment\",\"target\":[\"https:\/\/noti-america.com\/site\/peru\/2026\/01\/23\/peru-presente-en-sede-fitur-2026\/#respond\"]}]},{\"@type\":\"WebPage\",\"@id\":\"https:\/\/noti-america.com\/site\/peru\/2026\/01\/23\/peru-presente-en-sede-fitur-2026\/\",\"url\":\"https:\/\/noti-america.com\/site\/peru\/2026\/01\/23\/peru-presente-en-sede-fitur-2026\/\",\"name\":\"PER\u00da PRESENTE EN SEDE FITUR 2026 - Per\u00fa | Noti-America.com\",\"isPartOf\":{\"@id\":\"https:\/\/noti-america.com\/site\/peru\/#website\"},\"primaryImageOfPage\":{\"@id\":\"https:\/\/noti-america.com\/site\/peru\/2026\/01\/23\/peru-presente-en-sede-fitur-2026\/#primaryimage\"},\"image\":{\"@id\":\"https:\/\/noti-america.com\/site\/peru\/2026\/01\/23\/peru-presente-en-sede-fitur-2026\/#primaryimage\"},\"thumbnailUrl\":\"https:\/\/noti-america.com\/site\/peru\/wp-content\/uploads\/sites\/8\/2026\/01\/WhatsApp-Image-2026-01-21-at-8.00.45-PM.jpeg\",\"datePublished\":\"2026-01-23T05:03:32+00:00\",\"breadcrumb\":{\"@id\":\"https:\/\/noti-america.com\/site\/peru\/2026\/01\/23\/peru-presente-en-sede-fitur-2026\/#breadcrumb\"},\"inLanguage\":\"es\",\"potentialAction\":[{\"@type\":\"ReadAction\",\"target\":[\"https:\/\/noti-america.com\/site\/peru\/2026\/01\/23\/peru-presente-en-sede-fitur-2026\/\"]}]},{\"@type\":\"ImageObject\",\"inLanguage\":\"es\",\"@id\":\"https:\/\/noti-america.com\/site\/peru\/2026\/01\/23\/peru-presente-en-sede-fitur-2026\/#primaryimage\",\"url\":\"https:\/\/noti-america.com\/site\/peru\/wp-content\/uploads\/sites\/8\/2026\/01\/WhatsApp-Image-2026-01-21-at-8.00.45-PM.jpeg\",\"contentUrl\":\"https:\/\/noti-america.com\/site\/peru\/wp-content\/uploads\/sites\/8\/2026\/01\/WhatsApp-Image-2026-01-21-at-8.00.45-PM.jpeg\",\"width\":1600,\"height\":1065},{\"@type\":\"BreadcrumbList\",\"@id\":\"https:\/\/noti-america.com\/site\/peru\/2026\/01\/23\/peru-presente-en-sede-fitur-2026\/#breadcrumb\",\"itemListElement\":[{\"@type\":\"ListItem\",\"position\":1,\"name\":\"Portada\",\"item\":\"https:\/\/noti-america.com\/site\/peru\/\"},{\"@type\":\"ListItem\",\"position\":2,\"name\":\"PER\u00da PRESENTE EN SEDE FITUR 2026\"}]},{\"@type\":\"WebSite\",\"@id\":\"https:\/\/noti-america.com\/site\/peru\/#website\",\"url\":\"https:\/\/noti-america.com\/site\/peru\/\",\"name\":\"Per\u00fa | Noti-America.com\",\"description\":\"\",\"publisher\":{\"@id\":\"https:\/\/noti-america.com\/site\/peru\/#organization\"},\"potentialAction\":[{\"@type\":\"SearchAction\",\"target\":{\"@type\":\"EntryPoint\",\"urlTemplate\":\"https:\/\/noti-america.com\/site\/peru\/?s={search_term_string}\"},\"query-input\":{\"@type\":\"PropertyValueSpecification\",\"valueRequired\":true,\"valueName\":\"search_term_string\"}}],\"inLanguage\":\"es\"},{\"@type\":\"Organization\",\"@id\":\"https:\/\/noti-america.com\/site\/peru\/#organization\",\"name\":\"Noti-America LLC | Per\u00fa\",\"url\":\"https:\/\/noti-america.com\/site\/peru\/\",\"logo\":{\"@type\":\"ImageObject\",\"inLanguage\":\"es\",\"@id\":\"https:\/\/noti-america.com\/site\/peru\/#\/schema\/logo\/image\/\",\"url\":\"https:\/\/noti-america.com\/site\/peru\/wp-content\/uploads\/sites\/8\/2020\/07\/LogoNA-4x3-1.jpg\",\"contentUrl\":\"https:\/\/noti-america.com\/site\/peru\/wp-content\/uploads\/sites\/8\/2020\/07\/LogoNA-4x3-1.jpg\",\"width\":1236,\"height\":1080,\"caption\":\"Noti-America LLC | Per\u00fa\"},\"image\":{\"@id\":\"https:\/\/noti-america.com\/site\/peru\/#\/schema\/logo\/image\/\"}},{\"@type\":\"Person\",\"@id\":\"https:\/\/noti-america.com\/site\/peru\/#\/schema\/person\/28a35f20383bf2485bc838bfe76aebdc\",\"name\":\"Geomar Pacheco R.\",\"image\":{\"@type\":\"ImageObject\",\"inLanguage\":\"es\",\"@id\":\"https:\/\/secure.gravatar.com\/avatar\/5f09cb527f9632e92234c6fc6e2cbcefebeed6bdeb0f9129ea4cbc7aa71587c6?s=96&d=mm&r=g\",\"url\":\"https:\/\/secure.gravatar.com\/avatar\/5f09cb527f9632e92234c6fc6e2cbcefebeed6bdeb0f9129ea4cbc7aa71587c6?s=96&d=mm&r=g\",\"contentUrl\":\"https:\/\/secure.gravatar.com\/avatar\/5f09cb527f9632e92234c6fc6e2cbcefebeed6bdeb0f9129ea4cbc7aa71587c6?s=96&d=mm&r=g\",\"caption\":\"Geomar Pacheco R.\"},\"sameAs\":[\"https:\/\/x.com\/GeomarPacheco1\"],\"url\":\"https:\/\/noti-america.com\/site\/peru\/author\/gpacheco\/\"}]}<\/script>\n<!-- \/ Yoast SEO Premium plugin. -->","yoast_head_json":{"title":"PER\u00da PRESENTE EN SEDE FITUR 2026 - Per\u00fa | Noti-America.com","robots":{"index":"index","follow":"follow","max-snippet":"max-snippet:-1","max-image-preview":"max-image-preview:large","max-video-preview":"max-video-preview:-1"},"canonical":"https:\/\/noti-america.com\/site\/peru\/2026\/01\/23\/peru-presente-en-sede-fitur-2026\/","og_locale":"es_ES","og_type":"article","og_title":"PER\u00da PRESENTE EN SEDE FITUR 2026","og_description":"NOTI-AM\u00c9RICA PER\u00da Por Geomar Pacheco Rivera Nuestro pa\u00eds presenta su oferta tur\u00edstica de clase mundial en la Feria Internacional de Turismo FITUR 2026, que se realiza del 21 al 25 de enero en Madrid,&#46;&#46;&#46;","og_url":"https:\/\/noti-america.com\/site\/peru\/2026\/01\/23\/peru-presente-en-sede-fitur-2026\/","og_site_name":"Per\u00fa | Noti-America.com","article_published_time":"2026-01-23T05:03:32+00:00","og_image":[{"width":1600,"height":1065,"url":"https:\/\/noti-america.com\/site\/peru\/wp-content\/uploads\/sites\/8\/2026\/01\/WhatsApp-Image-2026-01-21-at-8.00.45-PM.jpeg","type":"image\/jpeg"}],"author":"Geomar Pacheco R.","twitter_card":"summary_large_image","twitter_creator":"@GeomarPacheco1","twitter_misc":{"Escrito por":"Geomar Pacheco R.","Tiempo estimado de lectura":"2 minutos"},"schema":{"@context":"https:\/\/schema.org","@graph":[{"@type":"Article","@id":"https:\/\/noti-america.com\/site\/peru\/2026\/01\/23\/peru-presente-en-sede-fitur-2026\/#article","isPartOf":{"@id":"https:\/\/noti-america.com\/site\/peru\/2026\/01\/23\/peru-presente-en-sede-fitur-2026\/"},"author":{"name":"Geomar Pacheco R.","@id":"https:\/\/noti-america.com\/site\/peru\/#\/schema\/person\/28a35f20383bf2485bc838bfe76aebdc"},"headline":"PER\u00da PRESENTE EN SEDE FITUR 2026","datePublished":"2026-01-23T05:03:32+00:00","mainEntityOfPage":{"@id":"https:\/\/noti-america.com\/site\/peru\/2026\/01\/23\/peru-presente-en-sede-fitur-2026\/"},"wordCount":334,"commentCount":0,"publisher":{"@id":"https:\/\/noti-america.com\/site\/peru\/#organization"},"image":{"@id":"https:\/\/noti-america.com\/site\/peru\/2026\/01\/23\/peru-presente-en-sede-fitur-2026\/#primaryimage"},"thumbnailUrl":"https:\/\/noti-america.com\/site\/peru\/wp-content\/uploads\/sites\/8\/2026\/01\/WhatsApp-Image-2026-01-21-at-8.00.45-PM.jpeg","articleSection":["Actualidad","Arte y Espect\u00e1culos","Internacionales"],"inLanguage":"es","potentialAction":[{"@type":"CommentAction","name":"Comment","target":["https:\/\/noti-america.com\/site\/peru\/2026\/01\/23\/peru-presente-en-sede-fitur-2026\/#respond"]}]},{"@type":"WebPage","@id":"https:\/\/noti-america.com\/site\/peru\/2026\/01\/23\/peru-presente-en-sede-fitur-2026\/","url":"https:\/\/noti-america.com\/site\/peru\/2026\/01\/23\/peru-presente-en-sede-fitur-2026\/","name":"PER\u00da PRESENTE EN SEDE FITUR 2026 - Per\u00fa | Noti-America.com","isPartOf":{"@id":"https:\/\/noti-america.com\/site\/peru\/#website"},"primaryImageOfPage":{"@id":"https:\/\/noti-america.com\/site\/peru\/2026\/01\/23\/peru-presente-en-sede-fitur-2026\/#primaryimage"},"image":{"@id":"https:\/\/noti-america.com\/site\/peru\/2026\/01\/23\/peru-presente-en-sede-fitur-2026\/#primaryimage"},"thumbnailUrl":"https:\/\/noti-america.com\/site\/peru\/wp-content\/uploads\/sites\/8\/2026\/01\/WhatsApp-Image-2026-01-21-at-8.00.45-PM.jpeg","datePublished":"2026-01-23T05:03:32+00:00","breadcrumb":{"@id":"https:\/\/noti-america.com\/site\/peru\/2026\/01\/23\/peru-presente-en-sede-fitur-2026\/#breadcrumb"},"inLanguage":"es","potentialAction":[{"@type":"ReadAction","target":["https:\/\/noti-america.com\/site\/peru\/2026\/01\/23\/peru-presente-en-sede-fitur-2026\/"]}]},{"@type":"ImageObject","inLanguage":"es","@id":"https:\/\/noti-america.com\/site\/peru\/2026\/01\/23\/peru-presente-en-sede-fitur-2026\/#primaryimage","url":"https:\/\/noti-america.com\/site\/peru\/wp-content\/uploads\/sites\/8\/2026\/01\/WhatsApp-Image-2026-01-21-at-8.00.45-PM.jpeg","contentUrl":"https:\/\/noti-america.com\/site\/peru\/wp-content\/uploads\/sites\/8\/2026\/01\/WhatsApp-Image-2026-01-21-at-8.00.45-PM.jpeg","width":1600,"height":1065},{"@type":"BreadcrumbList","@id":"https:\/\/noti-america.com\/site\/peru\/2026\/01\/23\/peru-presente-en-sede-fitur-2026\/#breadcrumb","itemListElement":[{"@type":"ListItem","position":1,"name":"Portada","item":"https:\/\/noti-america.com\/site\/peru\/"},{"@type":"ListItem","position":2,"name":"PER\u00da PRESENTE EN SEDE FITUR 2026"}]},{"@type":"WebSite","@id":"https:\/\/noti-america.com\/site\/peru\/#website","url":"https:\/\/noti-america.com\/site\/peru\/","name":"Per\u00fa | Noti-America.com","description":"","publisher":{"@id":"https:\/\/noti-america.com\/site\/peru\/#organization"},"potentialAction":[{"@type":"SearchAction","target":{"@type":"EntryPoint","urlTemplate":"https:\/\/noti-america.com\/site\/peru\/?s={search_term_string}"},"query-input":{"@type":"PropertyValueSpecification","valueRequired":true,"valueName":"search_term_string"}}],"inLanguage":"es"},{"@type":"Organization","@id":"https:\/\/noti-america.com\/site\/peru\/#organization","name":"Noti-America LLC | Per\u00fa","url":"https:\/\/noti-america.com\/site\/peru\/","logo":{"@type":"ImageObject","inLanguage":"es","@id":"https:\/\/noti-america.com\/site\/peru\/#\/schema\/logo\/image\/","url":"https:\/\/noti-america.com\/site\/peru\/wp-content\/uploads\/sites\/8\/2020\/07\/LogoNA-4x3-1.jpg","contentUrl":"https:\/\/noti-america.com\/site\/peru\/wp-content\/uploads\/sites\/8\/2020\/07\/LogoNA-4x3-1.jpg","width":1236,"height":1080,"caption":"Noti-America LLC | Per\u00fa"},"image":{"@id":"https:\/\/noti-america.com\/site\/peru\/#\/schema\/logo\/image\/"}},{"@type":"Person","@id":"https:\/\/noti-america.com\/site\/peru\/#\/schema\/person\/28a35f20383bf2485bc838bfe76aebdc","name":"Geomar Pacheco R.","image":{"@type":"ImageObject","inLanguage":"es","@id":"https:\/\/secure.gravatar.com\/avatar\/5f09cb527f9632e92234c6fc6e2cbcefebeed6bdeb0f9129ea4cbc7aa71587c6?s=96&d=mm&r=g","url":"https:\/\/secure.gravatar.com\/avatar\/5f09cb527f9632e92234c6fc6e2cbcefebeed6bdeb0f9129ea4cbc7aa71587c6?s=96&d=mm&r=g","contentUrl":"https:\/\/secure.gravatar.com\/avatar\/5f09cb527f9632e92234c6fc6e2cbcefebeed6bdeb0f9129ea4cbc7aa71587c6?s=96&d=mm&r=g","caption":"Geomar Pacheco R."},"sameAs":["https:\/\/x.com\/GeomarPacheco1"],"url":"https:\/\/noti-america.com\/site\/peru\/author\/gpacheco\/"}]}},"_links":{"self":[{"href":"https:\/\/noti-america.com\/site\/peru\/wp-json\/wp\/v2\/posts\/9449","targetHints":{"allow":["GET"]}}],"collection":[{"href":"https:\/\/noti-america.com\/site\/peru\/wp-json\/wp\/v2\/posts"}],"about":[{"href":"https:\/\/noti-america.com\/site\/peru\/wp-json\/wp\/v2\/types\/post"}],"author":[{"embeddable":true,"href":"https:\/\/noti-america.com\/site\/peru\/wp-json\/wp\/v2\/users\/70"}],"replies":[{"embeddable":true,"href":"https:\/\/noti-america.com\/site\/peru\/wp-json\/wp\/v2\/comments?post=9449"}],"version-history":[{"count":1,"href":"https:\/\/noti-america.com\/site\/peru\/wp-json\/wp\/v2\/posts\/9449\/revisions"}],"predecessor-version":[{"id":9452,"href":"https:\/\/noti-america.com\/site\/peru\/wp-json\/wp\/v2\/posts\/9449\/revisions\/9452"}],"wp:featuredmedia":[{"embeddable":true,"href":"https:\/\/noti-america.com\/site\/peru\/wp-json\/wp\/v2\/media\/9451"}],"wp:attachment":[{"href":"https:\/\/noti-america.com\/site\/peru\/wp-json\/wp\/v2\/media?parent=9449"}],"wp:term":[{"taxonomy":"category","embeddable":true,"href":"https:\/\/noti-america.com\/site\/peru\/wp-json\/wp\/v2\/categories?post=9449"},{"taxonomy":"post_tag","embeddable":true,"href":"https:\/\/noti-america.com\/site\/peru\/wp-json\/wp\/v2\/tags?post=9449"}],"curies":[{"name":"wp","href":"https:\/\/api.w.org\/{rel}","templated":true}]}}