{"id":9441,"date":"2026-01-21T05:57:55","date_gmt":"2026-01-21T05:57:55","guid":{"rendered":"https:\/\/noti-america.com\/site\/peru\/?p=9441"},"modified":"2026-01-21T05:57:55","modified_gmt":"2026-01-21T05:57:55","slug":"feria-peru-produce-expo-puno-2026-se-realizara-en-lima","status":"publish","type":"post","link":"https:\/\/noti-america.com\/site\/peru\/2026\/01\/21\/feria-peru-produce-expo-puno-2026-se-realizara-en-lima\/","title":{"rendered":"FERIA PER\u00da PRODUCE: EXPO PUNO 2026 SE REALIZAR\u00c1 EN LIMA"},"content":{"rendered":"<p style=\"text-align: justify\"><strong>NOTI-AM\u00c9RICA PER\u00da<\/strong><\/p>\n<p style=\"text-align: justify\">\n<p style=\"text-align: justify\"><strong>Por Geomar Pacheco Rivera<\/strong><\/p>\n<p style=\"text-align: justify\">\n<p style=\"text-align: justify\">\n<p style=\"text-align: justify\">M\u00e1s de 100 micro y peque\u00f1as empresas (MYPES) de la regi\u00f3n Puno participar\u00e1n en la feria \u201cPer\u00fa Produce: Expo Puno 2026\u201d, que se desarrollar\u00e1 del jueves 22 al domingo 25 de enero en el Parque de la Exposici\u00f3n de Lima, indic\u00f3 el Ministerio de la Producci\u00f3n.<\/p>\n<p style=\"text-align: justify\">\n<p style=\"text-align: justify\">\u201cQueremos que la ciudadan\u00eda conozca, consuma y conf\u00ede en lo que producen nuestras MYPE; esta feria ser\u00e1 una vitrina real para crecer y hacer negocios\u201d, se\u00f1al\u00f3 el ministro de la Producci\u00f3n, C\u00e9sar Quispe Luj\u00e1n.<\/p>\n<p style=\"text-align: justify\">\n<p style=\"text-align: justify\">Per\u00fa Produce: Expo Puno 2026 no solo ser\u00e1 un espacio de exhibici\u00f3n y ventas, sino tambi\u00e9n una experiencia para toda la familia, donde el p\u00fablico podr\u00e1 degustar sabores \u00fanicos, conocer historias de emprendimiento y llevarse a casa productos de alta calidad hechos en el Per\u00fa.<\/p>\n<div id=\"attachment_9442\" style=\"width: 1610px\" class=\"wp-caption alignnone\"><img loading=\"lazy\" decoding=\"async\" aria-describedby=\"caption-attachment-9442\" class=\"size-full wp-image-9442\" src=\"https:\/\/noti-america.com\/site\/peru\/wp-content\/uploads\/sites\/8\/2026\/01\/IMG-20260121-WA0001.jpg\" alt=\"\" width=\"1600\" height=\"1064\" srcset=\"https:\/\/noti-america.com\/site\/peru\/wp-content\/uploads\/sites\/8\/2026\/01\/IMG-20260121-WA0001.jpg 1600w, https:\/\/noti-america.com\/site\/peru\/wp-content\/uploads\/sites\/8\/2026\/01\/IMG-20260121-WA0001-300x200.jpg 300w, https:\/\/noti-america.com\/site\/peru\/wp-content\/uploads\/sites\/8\/2026\/01\/IMG-20260121-WA0001-1024x681.jpg 1024w, https:\/\/noti-america.com\/site\/peru\/wp-content\/uploads\/sites\/8\/2026\/01\/IMG-20260121-WA0001-768x511.jpg 768w, https:\/\/noti-america.com\/site\/peru\/wp-content\/uploads\/sites\/8\/2026\/01\/IMG-20260121-WA0001-1536x1021.jpg 1536w, https:\/\/noti-america.com\/site\/peru\/wp-content\/uploads\/sites\/8\/2026\/01\/IMG-20260121-WA0001-272x182.jpg 272w\" sizes=\"auto, (max-width: 1600px) 100vw, 1600px\" \/><p id=\"caption-attachment-9442\" class=\"wp-caption-text\">Foto: ANDINA \/ Difusi\u00f3n.<\/p><\/div>\n<p>&nbsp;<\/p>\n<p style=\"text-align: justify\">Uno de los ejes m\u00e1s importantes del evento ser\u00e1 la Rueda de Negocios Nacional, que permitir\u00e1 a los representantes de las MYPES contactar directamente con compradores y potenciales aliados estrat\u00e9gicos, generando acuerdos comerciales y nuevas oportunidades de crecimiento a nivel nacional.<\/p>\n<p style=\"text-align: justify\">\n<p style=\"text-align: justify\">Puno se consolida como un escenario clave para el desarrollo productivo y comercial del pa\u00eds. Los organizadores esperan a todos los peruanos entre el 22 y el 25 de enero, en el parque de la Exposici\u00f3n: es una cita imperdible para el p\u00fablico en general y el sector empresarial.<\/p>\n","protected":false},"excerpt":{"rendered":"<p>NOTI-AM\u00c9RICA PER\u00da Por Geomar Pacheco Rivera M\u00e1s de 100 micro y peque\u00f1as empresas (MYPES) de la regi\u00f3n Puno participar\u00e1n en la feria \u201cPer\u00fa Produce: Expo Puno 2026\u201d, que se desarrollar\u00e1 del jueves 22 al&#46;&#46;&#46;<\/p>\n","protected":false},"author":70,"featured_media":9442,"comment_status":"open","ping_status":"open","sticky":false,"template":"","format":"standard","meta":{"_acf_changed":false,"rop_custom_images_group":[],"rop_custom_messages_group":[],"rop_publish_now":"no","rop_publish_now_accounts":{"twitter_242054905_242054905":""},"rop_publish_now_history":[{"account":"twitter_242054905_242054905","service":"twitter","timestamp":1768975140,"status":"error"}],"rop_publish_now_status":"done","footnotes":""},"categories":[268,5,188],"tags":[],"class_list":["post-9441","post","type-post","status-publish","format-standard","has-post-thumbnail","hentry","category-acturalidad","category-economia","category-educacion"],"acf":[],"yoast_head":"<!-- This site is optimized with the Yoast SEO Premium plugin v24.9 (Yoast SEO v27.2) - https:\/\/yoast.com\/product\/yoast-seo-premium-wordpress\/ -->\n<title>FERIA PER\u00da PRODUCE: EXPO PUNO 2026 SE REALIZAR\u00c1 EN LIMA - Per\u00fa | Noti-America.com<\/title>\n<meta name=\"robots\" content=\"index, follow, max-snippet:-1, max-image-preview:large, max-video-preview:-1\" \/>\n<link rel=\"canonical\" href=\"https:\/\/noti-america.com\/site\/peru\/2026\/01\/21\/feria-peru-produce-expo-puno-2026-se-realizara-en-lima\/\" \/>\n<meta property=\"og:locale\" content=\"es_ES\" \/>\n<meta property=\"og:type\" content=\"article\" \/>\n<meta property=\"og:title\" content=\"FERIA PER\u00da PRODUCE: EXPO PUNO 2026 SE REALIZAR\u00c1 EN LIMA\" \/>\n<meta property=\"og:description\" content=\"NOTI-AM\u00c9RICA PER\u00da Por Geomar Pacheco Rivera M\u00e1s de 100 micro y peque\u00f1as empresas (MYPES) de la regi\u00f3n Puno participar\u00e1n en la feria \u201cPer\u00fa Produce: Expo Puno 2026\u201d, que se desarrollar\u00e1 del jueves 22 al&#046;&#046;&#046;\" \/>\n<meta property=\"og:url\" content=\"https:\/\/noti-america.com\/site\/peru\/2026\/01\/21\/feria-peru-produce-expo-puno-2026-se-realizara-en-lima\/\" \/>\n<meta property=\"og:site_name\" content=\"Per\u00fa | Noti-America.com\" \/>\n<meta property=\"article:published_time\" content=\"2026-01-21T05:57:55+00:00\" \/>\n<meta property=\"og:image\" content=\"https:\/\/noti-america.com\/site\/peru\/wp-content\/uploads\/sites\/8\/2026\/01\/IMG-20260121-WA0001.jpg\" \/>\n\t<meta property=\"og:image:width\" content=\"1600\" \/>\n\t<meta property=\"og:image:height\" content=\"1064\" \/>\n\t<meta property=\"og:image:type\" content=\"image\/jpeg\" \/>\n<meta name=\"author\" content=\"Geomar Pacheco R.\" \/>\n<meta name=\"twitter:card\" content=\"summary_large_image\" \/>\n<meta name=\"twitter:creator\" content=\"@GeomarPacheco1\" \/>\n<meta name=\"twitter:label1\" content=\"Escrito por\" \/>\n\t<meta name=\"twitter:data1\" content=\"Geomar Pacheco R.\" \/>\n\t<meta name=\"twitter:label2\" content=\"Tiempo estimado de lectura\" \/>\n\t<meta name=\"twitter:data2\" content=\"2 minutos\" \/>\n<script type=\"application\/ld+json\" class=\"yoast-schema-graph\">{\"@context\":\"https:\/\/schema.org\",\"@graph\":[{\"@type\":\"Article\",\"@id\":\"https:\/\/noti-america.com\/site\/peru\/2026\/01\/21\/feria-peru-produce-expo-puno-2026-se-realizara-en-lima\/#article\",\"isPartOf\":{\"@id\":\"https:\/\/noti-america.com\/site\/peru\/2026\/01\/21\/feria-peru-produce-expo-puno-2026-se-realizara-en-lima\/\"},\"author\":{\"name\":\"Geomar Pacheco R.\",\"@id\":\"https:\/\/noti-america.com\/site\/peru\/#\/schema\/person\/28a35f20383bf2485bc838bfe76aebdc\"},\"headline\":\"FERIA PER\u00da PRODUCE: EXPO PUNO 2026 SE REALIZAR\u00c1 EN LIMA\",\"datePublished\":\"2026-01-21T05:57:55+00:00\",\"mainEntityOfPage\":{\"@id\":\"https:\/\/noti-america.com\/site\/peru\/2026\/01\/21\/feria-peru-produce-expo-puno-2026-se-realizara-en-lima\/\"},\"wordCount\":256,\"commentCount\":0,\"publisher\":{\"@id\":\"https:\/\/noti-america.com\/site\/peru\/#organization\"},\"image\":{\"@id\":\"https:\/\/noti-america.com\/site\/peru\/2026\/01\/21\/feria-peru-produce-expo-puno-2026-se-realizara-en-lima\/#primaryimage\"},\"thumbnailUrl\":\"https:\/\/noti-america.com\/site\/peru\/wp-content\/uploads\/sites\/8\/2026\/01\/IMG-20260121-WA0001.jpg\",\"articleSection\":[\"Actualidad\",\"Econom\u00eda\",\"Educaci\u00f3n\"],\"inLanguage\":\"es\",\"potentialAction\":[{\"@type\":\"CommentAction\",\"name\":\"Comment\",\"target\":[\"https:\/\/noti-america.com\/site\/peru\/2026\/01\/21\/feria-peru-produce-expo-puno-2026-se-realizara-en-lima\/#respond\"]}]},{\"@type\":\"WebPage\",\"@id\":\"https:\/\/noti-america.com\/site\/peru\/2026\/01\/21\/feria-peru-produce-expo-puno-2026-se-realizara-en-lima\/\",\"url\":\"https:\/\/noti-america.com\/site\/peru\/2026\/01\/21\/feria-peru-produce-expo-puno-2026-se-realizara-en-lima\/\",\"name\":\"FERIA PER\u00da PRODUCE: EXPO PUNO 2026 SE REALIZAR\u00c1 EN LIMA - Per\u00fa | Noti-America.com\",\"isPartOf\":{\"@id\":\"https:\/\/noti-america.com\/site\/peru\/#website\"},\"primaryImageOfPage\":{\"@id\":\"https:\/\/noti-america.com\/site\/peru\/2026\/01\/21\/feria-peru-produce-expo-puno-2026-se-realizara-en-lima\/#primaryimage\"},\"image\":{\"@id\":\"https:\/\/noti-america.com\/site\/peru\/2026\/01\/21\/feria-peru-produce-expo-puno-2026-se-realizara-en-lima\/#primaryimage\"},\"thumbnailUrl\":\"https:\/\/noti-america.com\/site\/peru\/wp-content\/uploads\/sites\/8\/2026\/01\/IMG-20260121-WA0001.jpg\",\"datePublished\":\"2026-01-21T05:57:55+00:00\",\"breadcrumb\":{\"@id\":\"https:\/\/noti-america.com\/site\/peru\/2026\/01\/21\/feria-peru-produce-expo-puno-2026-se-realizara-en-lima\/#breadcrumb\"},\"inLanguage\":\"es\",\"potentialAction\":[{\"@type\":\"ReadAction\",\"target\":[\"https:\/\/noti-america.com\/site\/peru\/2026\/01\/21\/feria-peru-produce-expo-puno-2026-se-realizara-en-lima\/\"]}]},{\"@type\":\"ImageObject\",\"inLanguage\":\"es\",\"@id\":\"https:\/\/noti-america.com\/site\/peru\/2026\/01\/21\/feria-peru-produce-expo-puno-2026-se-realizara-en-lima\/#primaryimage\",\"url\":\"https:\/\/noti-america.com\/site\/peru\/wp-content\/uploads\/sites\/8\/2026\/01\/IMG-20260121-WA0001.jpg\",\"contentUrl\":\"https:\/\/noti-america.com\/site\/peru\/wp-content\/uploads\/sites\/8\/2026\/01\/IMG-20260121-WA0001.jpg\",\"width\":1600,\"height\":1064,\"caption\":\"Foto: ANDINA \/ Difusi\u00f3n.\"},{\"@type\":\"BreadcrumbList\",\"@id\":\"https:\/\/noti-america.com\/site\/peru\/2026\/01\/21\/feria-peru-produce-expo-puno-2026-se-realizara-en-lima\/#breadcrumb\",\"itemListElement\":[{\"@type\":\"ListItem\",\"position\":1,\"name\":\"Portada\",\"item\":\"https:\/\/noti-america.com\/site\/peru\/\"},{\"@type\":\"ListItem\",\"position\":2,\"name\":\"FERIA PER\u00da PRODUCE: EXPO PUNO 2026 SE REALIZAR\u00c1 EN LIMA\"}]},{\"@type\":\"WebSite\",\"@id\":\"https:\/\/noti-america.com\/site\/peru\/#website\",\"url\":\"https:\/\/noti-america.com\/site\/peru\/\",\"name\":\"Per\u00fa | Noti-America.com\",\"description\":\"\",\"publisher\":{\"@id\":\"https:\/\/noti-america.com\/site\/peru\/#organization\"},\"potentialAction\":[{\"@type\":\"SearchAction\",\"target\":{\"@type\":\"EntryPoint\",\"urlTemplate\":\"https:\/\/noti-america.com\/site\/peru\/?s={search_term_string}\"},\"query-input\":{\"@type\":\"PropertyValueSpecification\",\"valueRequired\":true,\"valueName\":\"search_term_string\"}}],\"inLanguage\":\"es\"},{\"@type\":\"Organization\",\"@id\":\"https:\/\/noti-america.com\/site\/peru\/#organization\",\"name\":\"Noti-America LLC | Per\u00fa\",\"url\":\"https:\/\/noti-america.com\/site\/peru\/\",\"logo\":{\"@type\":\"ImageObject\",\"inLanguage\":\"es\",\"@id\":\"https:\/\/noti-america.com\/site\/peru\/#\/schema\/logo\/image\/\",\"url\":\"https:\/\/noti-america.com\/site\/peru\/wp-content\/uploads\/sites\/8\/2020\/07\/LogoNA-4x3-1.jpg\",\"contentUrl\":\"https:\/\/noti-america.com\/site\/peru\/wp-content\/uploads\/sites\/8\/2020\/07\/LogoNA-4x3-1.jpg\",\"width\":1236,\"height\":1080,\"caption\":\"Noti-America LLC | Per\u00fa\"},\"image\":{\"@id\":\"https:\/\/noti-america.com\/site\/peru\/#\/schema\/logo\/image\/\"}},{\"@type\":\"Person\",\"@id\":\"https:\/\/noti-america.com\/site\/peru\/#\/schema\/person\/28a35f20383bf2485bc838bfe76aebdc\",\"name\":\"Geomar Pacheco R.\",\"image\":{\"@type\":\"ImageObject\",\"inLanguage\":\"es\",\"@id\":\"https:\/\/secure.gravatar.com\/avatar\/5f09cb527f9632e92234c6fc6e2cbcefebeed6bdeb0f9129ea4cbc7aa71587c6?s=96&d=mm&r=g\",\"url\":\"https:\/\/secure.gravatar.com\/avatar\/5f09cb527f9632e92234c6fc6e2cbcefebeed6bdeb0f9129ea4cbc7aa71587c6?s=96&d=mm&r=g\",\"contentUrl\":\"https:\/\/secure.gravatar.com\/avatar\/5f09cb527f9632e92234c6fc6e2cbcefebeed6bdeb0f9129ea4cbc7aa71587c6?s=96&d=mm&r=g\",\"caption\":\"Geomar Pacheco R.\"},\"sameAs\":[\"https:\/\/x.com\/GeomarPacheco1\"],\"url\":\"https:\/\/noti-america.com\/site\/peru\/author\/gpacheco\/\"}]}<\/script>\n<!-- \/ Yoast SEO Premium plugin. -->","yoast_head_json":{"title":"FERIA PER\u00da PRODUCE: EXPO PUNO 2026 SE REALIZAR\u00c1 EN LIMA - Per\u00fa | Noti-America.com","robots":{"index":"index","follow":"follow","max-snippet":"max-snippet:-1","max-image-preview":"max-image-preview:large","max-video-preview":"max-video-preview:-1"},"canonical":"https:\/\/noti-america.com\/site\/peru\/2026\/01\/21\/feria-peru-produce-expo-puno-2026-se-realizara-en-lima\/","og_locale":"es_ES","og_type":"article","og_title":"FERIA PER\u00da PRODUCE: EXPO PUNO 2026 SE REALIZAR\u00c1 EN LIMA","og_description":"NOTI-AM\u00c9RICA PER\u00da Por Geomar Pacheco Rivera M\u00e1s de 100 micro y peque\u00f1as empresas (MYPES) de la regi\u00f3n Puno participar\u00e1n en la feria \u201cPer\u00fa Produce: Expo Puno 2026\u201d, que se desarrollar\u00e1 del jueves 22 al&#46;&#46;&#46;","og_url":"https:\/\/noti-america.com\/site\/peru\/2026\/01\/21\/feria-peru-produce-expo-puno-2026-se-realizara-en-lima\/","og_site_name":"Per\u00fa | Noti-America.com","article_published_time":"2026-01-21T05:57:55+00:00","og_image":[{"width":1600,"height":1064,"url":"https:\/\/noti-america.com\/site\/peru\/wp-content\/uploads\/sites\/8\/2026\/01\/IMG-20260121-WA0001.jpg","type":"image\/jpeg"}],"author":"Geomar Pacheco R.","twitter_card":"summary_large_image","twitter_creator":"@GeomarPacheco1","twitter_misc":{"Escrito por":"Geomar Pacheco R.","Tiempo estimado de lectura":"2 minutos"},"schema":{"@context":"https:\/\/schema.org","@graph":[{"@type":"Article","@id":"https:\/\/noti-america.com\/site\/peru\/2026\/01\/21\/feria-peru-produce-expo-puno-2026-se-realizara-en-lima\/#article","isPartOf":{"@id":"https:\/\/noti-america.com\/site\/peru\/2026\/01\/21\/feria-peru-produce-expo-puno-2026-se-realizara-en-lima\/"},"author":{"name":"Geomar Pacheco R.","@id":"https:\/\/noti-america.com\/site\/peru\/#\/schema\/person\/28a35f20383bf2485bc838bfe76aebdc"},"headline":"FERIA PER\u00da PRODUCE: EXPO PUNO 2026 SE REALIZAR\u00c1 EN LIMA","datePublished":"2026-01-21T05:57:55+00:00","mainEntityOfPage":{"@id":"https:\/\/noti-america.com\/site\/peru\/2026\/01\/21\/feria-peru-produce-expo-puno-2026-se-realizara-en-lima\/"},"wordCount":256,"commentCount":0,"publisher":{"@id":"https:\/\/noti-america.com\/site\/peru\/#organization"},"image":{"@id":"https:\/\/noti-america.com\/site\/peru\/2026\/01\/21\/feria-peru-produce-expo-puno-2026-se-realizara-en-lima\/#primaryimage"},"thumbnailUrl":"https:\/\/noti-america.com\/site\/peru\/wp-content\/uploads\/sites\/8\/2026\/01\/IMG-20260121-WA0001.jpg","articleSection":["Actualidad","Econom\u00eda","Educaci\u00f3n"],"inLanguage":"es","potentialAction":[{"@type":"CommentAction","name":"Comment","target":["https:\/\/noti-america.com\/site\/peru\/2026\/01\/21\/feria-peru-produce-expo-puno-2026-se-realizara-en-lima\/#respond"]}]},{"@type":"WebPage","@id":"https:\/\/noti-america.com\/site\/peru\/2026\/01\/21\/feria-peru-produce-expo-puno-2026-se-realizara-en-lima\/","url":"https:\/\/noti-america.com\/site\/peru\/2026\/01\/21\/feria-peru-produce-expo-puno-2026-se-realizara-en-lima\/","name":"FERIA PER\u00da PRODUCE: EXPO PUNO 2026 SE REALIZAR\u00c1 EN LIMA - Per\u00fa | Noti-America.com","isPartOf":{"@id":"https:\/\/noti-america.com\/site\/peru\/#website"},"primaryImageOfPage":{"@id":"https:\/\/noti-america.com\/site\/peru\/2026\/01\/21\/feria-peru-produce-expo-puno-2026-se-realizara-en-lima\/#primaryimage"},"image":{"@id":"https:\/\/noti-america.com\/site\/peru\/2026\/01\/21\/feria-peru-produce-expo-puno-2026-se-realizara-en-lima\/#primaryimage"},"thumbnailUrl":"https:\/\/noti-america.com\/site\/peru\/wp-content\/uploads\/sites\/8\/2026\/01\/IMG-20260121-WA0001.jpg","datePublished":"2026-01-21T05:57:55+00:00","breadcrumb":{"@id":"https:\/\/noti-america.com\/site\/peru\/2026\/01\/21\/feria-peru-produce-expo-puno-2026-se-realizara-en-lima\/#breadcrumb"},"inLanguage":"es","potentialAction":[{"@type":"ReadAction","target":["https:\/\/noti-america.com\/site\/peru\/2026\/01\/21\/feria-peru-produce-expo-puno-2026-se-realizara-en-lima\/"]}]},{"@type":"ImageObject","inLanguage":"es","@id":"https:\/\/noti-america.com\/site\/peru\/2026\/01\/21\/feria-peru-produce-expo-puno-2026-se-realizara-en-lima\/#primaryimage","url":"https:\/\/noti-america.com\/site\/peru\/wp-content\/uploads\/sites\/8\/2026\/01\/IMG-20260121-WA0001.jpg","contentUrl":"https:\/\/noti-america.com\/site\/peru\/wp-content\/uploads\/sites\/8\/2026\/01\/IMG-20260121-WA0001.jpg","width":1600,"height":1064,"caption":"Foto: ANDINA \/ Difusi\u00f3n."},{"@type":"BreadcrumbList","@id":"https:\/\/noti-america.com\/site\/peru\/2026\/01\/21\/feria-peru-produce-expo-puno-2026-se-realizara-en-lima\/#breadcrumb","itemListElement":[{"@type":"ListItem","position":1,"name":"Portada","item":"https:\/\/noti-america.com\/site\/peru\/"},{"@type":"ListItem","position":2,"name":"FERIA PER\u00da PRODUCE: EXPO PUNO 2026 SE REALIZAR\u00c1 EN LIMA"}]},{"@type":"WebSite","@id":"https:\/\/noti-america.com\/site\/peru\/#website","url":"https:\/\/noti-america.com\/site\/peru\/","name":"Per\u00fa | Noti-America.com","description":"","publisher":{"@id":"https:\/\/noti-america.com\/site\/peru\/#organization"},"potentialAction":[{"@type":"SearchAction","target":{"@type":"EntryPoint","urlTemplate":"https:\/\/noti-america.com\/site\/peru\/?s={search_term_string}"},"query-input":{"@type":"PropertyValueSpecification","valueRequired":true,"valueName":"search_term_string"}}],"inLanguage":"es"},{"@type":"Organization","@id":"https:\/\/noti-america.com\/site\/peru\/#organization","name":"Noti-America LLC | Per\u00fa","url":"https:\/\/noti-america.com\/site\/peru\/","logo":{"@type":"ImageObject","inLanguage":"es","@id":"https:\/\/noti-america.com\/site\/peru\/#\/schema\/logo\/image\/","url":"https:\/\/noti-america.com\/site\/peru\/wp-content\/uploads\/sites\/8\/2020\/07\/LogoNA-4x3-1.jpg","contentUrl":"https:\/\/noti-america.com\/site\/peru\/wp-content\/uploads\/sites\/8\/2020\/07\/LogoNA-4x3-1.jpg","width":1236,"height":1080,"caption":"Noti-America LLC | Per\u00fa"},"image":{"@id":"https:\/\/noti-america.com\/site\/peru\/#\/schema\/logo\/image\/"}},{"@type":"Person","@id":"https:\/\/noti-america.com\/site\/peru\/#\/schema\/person\/28a35f20383bf2485bc838bfe76aebdc","name":"Geomar Pacheco R.","image":{"@type":"ImageObject","inLanguage":"es","@id":"https:\/\/secure.gravatar.com\/avatar\/5f09cb527f9632e92234c6fc6e2cbcefebeed6bdeb0f9129ea4cbc7aa71587c6?s=96&d=mm&r=g","url":"https:\/\/secure.gravatar.com\/avatar\/5f09cb527f9632e92234c6fc6e2cbcefebeed6bdeb0f9129ea4cbc7aa71587c6?s=96&d=mm&r=g","contentUrl":"https:\/\/secure.gravatar.com\/avatar\/5f09cb527f9632e92234c6fc6e2cbcefebeed6bdeb0f9129ea4cbc7aa71587c6?s=96&d=mm&r=g","caption":"Geomar Pacheco R."},"sameAs":["https:\/\/x.com\/GeomarPacheco1"],"url":"https:\/\/noti-america.com\/site\/peru\/author\/gpacheco\/"}]}},"_links":{"self":[{"href":"https:\/\/noti-america.com\/site\/peru\/wp-json\/wp\/v2\/posts\/9441","targetHints":{"allow":["GET"]}}],"collection":[{"href":"https:\/\/noti-america.com\/site\/peru\/wp-json\/wp\/v2\/posts"}],"about":[{"href":"https:\/\/noti-america.com\/site\/peru\/wp-json\/wp\/v2\/types\/post"}],"author":[{"embeddable":true,"href":"https:\/\/noti-america.com\/site\/peru\/wp-json\/wp\/v2\/users\/70"}],"replies":[{"embeddable":true,"href":"https:\/\/noti-america.com\/site\/peru\/wp-json\/wp\/v2\/comments?post=9441"}],"version-history":[{"count":1,"href":"https:\/\/noti-america.com\/site\/peru\/wp-json\/wp\/v2\/posts\/9441\/revisions"}],"predecessor-version":[{"id":9443,"href":"https:\/\/noti-america.com\/site\/peru\/wp-json\/wp\/v2\/posts\/9441\/revisions\/9443"}],"wp:featuredmedia":[{"embeddable":true,"href":"https:\/\/noti-america.com\/site\/peru\/wp-json\/wp\/v2\/media\/9442"}],"wp:attachment":[{"href":"https:\/\/noti-america.com\/site\/peru\/wp-json\/wp\/v2\/media?parent=9441"}],"wp:term":[{"taxonomy":"category","embeddable":true,"href":"https:\/\/noti-america.com\/site\/peru\/wp-json\/wp\/v2\/categories?post=9441"},{"taxonomy":"post_tag","embeddable":true,"href":"https:\/\/noti-america.com\/site\/peru\/wp-json\/wp\/v2\/tags?post=9441"}],"curies":[{"name":"wp","href":"https:\/\/api.w.org\/{rel}","templated":true}]}}