{"id":9438,"date":"2026-01-21T05:48:09","date_gmt":"2026-01-21T05:48:09","guid":{"rendered":"https:\/\/noti-america.com\/site\/peru\/?p=9438"},"modified":"2026-01-21T05:48:09","modified_gmt":"2026-01-21T05:48:09","slug":"con-exito-se-realiza-matricula-digital-2026-para-escuelas-estatales-de-peru","status":"publish","type":"post","link":"https:\/\/noti-america.com\/site\/peru\/2026\/01\/21\/con-exito-se-realiza-matricula-digital-2026-para-escuelas-estatales-de-peru\/","title":{"rendered":"CON \u00c9XITO SE REALIZA MATR\u00cdCULA DIGITAL 2026 PARA ESCUELAS ESTATALES DE PER\u00da"},"content":{"rendered":"<p style=\"text-align: justify\">CON \u00c9XITO SE REALIZA MATR\u00cdCULA DIGITAL 2026 PARA ESCUELAS ESTATALES DE PER\u00da<\/p>\n<p style=\"text-align: justify\"><strong>NOTI-AM\u00c9RICA PER\u00da<\/strong><\/p>\n<p style=\"text-align: justify\">\n<p style=\"text-align: right\"><strong>Por Geomar Pacheco Rivera<\/strong><\/p>\n<p style=\"text-align: justify\">\n<p style=\"text-align: justify\">\n<p style=\"text-align: justify\">El Ministerio de Educaci\u00f3n inform\u00f3 que el sistema digital para el registro de vacantes del proceso de matr\u00edcula escolar 2026 qued\u00f3 normalizado el martes 20 de enero. Hasta el momento, la cifra de estudiantes registrados supera los 160.000 en las 20 oficinas UGEL focalizadas del pa\u00eds.<\/p>\n<p style=\"text-align: justify\">\n<p style=\"text-align: justify\">El sector Educaci\u00f3n reiter\u00f3 que el proceso de reserva de vacantes se desarrolla en tres etapas. La primera corresponde al registro de la solicitud por parte de los padres de familia o tutores, hasta el 28 de enero.<\/p>\n<div id=\"attachment_9439\" style=\"width: 1610px\" class=\"wp-caption alignnone\"><img loading=\"lazy\" decoding=\"async\" aria-describedby=\"caption-attachment-9439\" class=\"size-full wp-image-9439\" src=\"https:\/\/noti-america.com\/site\/peru\/wp-content\/uploads\/sites\/8\/2026\/01\/IMG-20260121-WA0000.jpg\" alt=\"\" width=\"1600\" height=\"1104\" srcset=\"https:\/\/noti-america.com\/site\/peru\/wp-content\/uploads\/sites\/8\/2026\/01\/IMG-20260121-WA0000.jpg 1600w, https:\/\/noti-america.com\/site\/peru\/wp-content\/uploads\/sites\/8\/2026\/01\/IMG-20260121-WA0000-300x207.jpg 300w, https:\/\/noti-america.com\/site\/peru\/wp-content\/uploads\/sites\/8\/2026\/01\/IMG-20260121-WA0000-1024x707.jpg 1024w, https:\/\/noti-america.com\/site\/peru\/wp-content\/uploads\/sites\/8\/2026\/01\/IMG-20260121-WA0000-768x530.jpg 768w, https:\/\/noti-america.com\/site\/peru\/wp-content\/uploads\/sites\/8\/2026\/01\/IMG-20260121-WA0000-1536x1060.jpg 1536w\" sizes=\"auto, (max-width: 1600px) 100vw, 1600px\" \/><p id=\"caption-attachment-9439\" class=\"wp-caption-text\">Viceministro Walter Borjas Rojas y funcionarios de MINEDU. Foto : Andina \/Difusi\u00f3n.<\/p><\/div>\n<p>&nbsp;<\/p>\n<p style=\"text-align: justify\">La segunda, es la validaci\u00f3n de la informaci\u00f3n consignada, y la tercera, la asignaci\u00f3n de la vacante, ambas a cargo de cada director de instituci\u00f3n educativa.<\/p>\n<p style=\"text-align: justify\">\n<p style=\"text-align: justify\">\u201cLas vacantes no se asignan por orden de ingreso, fecha ni hora de registro en la plataforma digital\u201d, precis\u00f3 el viceministro de Gesti\u00f3n Institucional, Walter Borja Rojas, al se\u00f1alar la importancia de que las familias se mantengan debidamente informadas sobre los pasos que deben seguir en el proceso de matr\u00edcula para evitar ser v\u00edctimas de desinformaci\u00f3n. Asimismo, reiter\u00f3 Borja Rojas que la matr\u00edcula en las instituciones educativas p\u00fablicas es completamente gratuita.<\/p>\n<p style=\"text-align: justify\">\n<p style=\"text-align: justify\">Finalmente, funcionarios del sector Educaci\u00f3n destacaron la comprensi\u00f3n de los padres de familia y reafirmaron su compromiso de garantizar un proceso de matr\u00edcula moderna, simplificada e inclusiva en el marco del gobierno digital, con el objetivo de asegurar que cada ni\u00f1o y adolescente cuente con una vacante para el inicio del a\u00f1o escolar 2026.<\/p>\n","protected":false},"excerpt":{"rendered":"<p>CON \u00c9XITO SE REALIZA MATR\u00cdCULA DIGITAL 2026 PARA ESCUELAS ESTATALES DE PER\u00da NOTI-AM\u00c9RICA PER\u00da Por Geomar Pacheco Rivera El Ministerio de Educaci\u00f3n inform\u00f3 que el sistema digital para el registro de vacantes del proceso&#46;&#46;&#46;<\/p>\n","protected":false},"author":70,"featured_media":9439,"comment_status":"open","ping_status":"open","sticky":false,"template":"","format":"standard","meta":{"_acf_changed":false,"rop_custom_images_group":[],"rop_custom_messages_group":[],"rop_publish_now":"no","rop_publish_now_accounts":{"twitter_242054905_242054905":""},"rop_publish_now_history":[{"account":"twitter_242054905_242054905","service":"twitter","timestamp":1768974529,"status":"error"}],"rop_publish_now_status":"done","footnotes":""},"categories":[268,188],"tags":[],"class_list":["post-9438","post","type-post","status-publish","format-standard","has-post-thumbnail","hentry","category-acturalidad","category-educacion"],"acf":[],"yoast_head":"<!-- This site is optimized with the Yoast SEO Premium plugin v24.9 (Yoast SEO v27.2) - https:\/\/yoast.com\/product\/yoast-seo-premium-wordpress\/ -->\n<title>CON \u00c9XITO SE REALIZA MATR\u00cdCULA DIGITAL 2026 PARA ESCUELAS ESTATALES DE PER\u00da - Per\u00fa | Noti-America.com<\/title>\n<meta name=\"robots\" content=\"index, follow, max-snippet:-1, max-image-preview:large, max-video-preview:-1\" \/>\n<link rel=\"canonical\" href=\"https:\/\/noti-america.com\/site\/peru\/2026\/01\/21\/con-exito-se-realiza-matricula-digital-2026-para-escuelas-estatales-de-peru\/\" \/>\n<meta property=\"og:locale\" content=\"es_ES\" \/>\n<meta property=\"og:type\" content=\"article\" \/>\n<meta property=\"og:title\" content=\"CON \u00c9XITO SE REALIZA MATR\u00cdCULA DIGITAL 2026 PARA ESCUELAS ESTATALES DE PER\u00da\" \/>\n<meta property=\"og:description\" content=\"CON \u00c9XITO SE REALIZA MATR\u00cdCULA DIGITAL 2026 PARA ESCUELAS ESTATALES DE PER\u00da NOTI-AM\u00c9RICA PER\u00da Por Geomar Pacheco Rivera El Ministerio de Educaci\u00f3n inform\u00f3 que el sistema digital para el registro de vacantes del proceso&#046;&#046;&#046;\" \/>\n<meta property=\"og:url\" content=\"https:\/\/noti-america.com\/site\/peru\/2026\/01\/21\/con-exito-se-realiza-matricula-digital-2026-para-escuelas-estatales-de-peru\/\" \/>\n<meta property=\"og:site_name\" content=\"Per\u00fa | Noti-America.com\" \/>\n<meta property=\"article:published_time\" content=\"2026-01-21T05:48:09+00:00\" \/>\n<meta property=\"og:image\" content=\"https:\/\/noti-america.com\/site\/peru\/wp-content\/uploads\/sites\/8\/2026\/01\/IMG-20260121-WA0000.jpg\" \/>\n\t<meta property=\"og:image:width\" content=\"1600\" \/>\n\t<meta property=\"og:image:height\" content=\"1104\" \/>\n\t<meta property=\"og:image:type\" content=\"image\/jpeg\" \/>\n<meta name=\"author\" content=\"Geomar Pacheco R.\" \/>\n<meta name=\"twitter:card\" content=\"summary_large_image\" \/>\n<meta name=\"twitter:creator\" content=\"@GeomarPacheco1\" \/>\n<meta name=\"twitter:label1\" content=\"Escrito por\" \/>\n\t<meta name=\"twitter:data1\" content=\"Geomar Pacheco R.\" \/>\n\t<meta name=\"twitter:label2\" content=\"Tiempo estimado de lectura\" \/>\n\t<meta name=\"twitter:data2\" content=\"2 minutos\" \/>\n<script type=\"application\/ld+json\" class=\"yoast-schema-graph\">{\"@context\":\"https:\/\/schema.org\",\"@graph\":[{\"@type\":\"Article\",\"@id\":\"https:\/\/noti-america.com\/site\/peru\/2026\/01\/21\/con-exito-se-realiza-matricula-digital-2026-para-escuelas-estatales-de-peru\/#article\",\"isPartOf\":{\"@id\":\"https:\/\/noti-america.com\/site\/peru\/2026\/01\/21\/con-exito-se-realiza-matricula-digital-2026-para-escuelas-estatales-de-peru\/\"},\"author\":{\"name\":\"Geomar Pacheco R.\",\"@id\":\"https:\/\/noti-america.com\/site\/peru\/#\/schema\/person\/28a35f20383bf2485bc838bfe76aebdc\"},\"headline\":\"CON \u00c9XITO SE REALIZA MATR\u00cdCULA DIGITAL 2026 PARA ESCUELAS ESTATALES DE PER\u00da\",\"datePublished\":\"2026-01-21T05:48:09+00:00\",\"mainEntityOfPage\":{\"@id\":\"https:\/\/noti-america.com\/site\/peru\/2026\/01\/21\/con-exito-se-realiza-matricula-digital-2026-para-escuelas-estatales-de-peru\/\"},\"wordCount\":300,\"commentCount\":0,\"publisher\":{\"@id\":\"https:\/\/noti-america.com\/site\/peru\/#organization\"},\"image\":{\"@id\":\"https:\/\/noti-america.com\/site\/peru\/2026\/01\/21\/con-exito-se-realiza-matricula-digital-2026-para-escuelas-estatales-de-peru\/#primaryimage\"},\"thumbnailUrl\":\"https:\/\/noti-america.com\/site\/peru\/wp-content\/uploads\/sites\/8\/2026\/01\/IMG-20260121-WA0000.jpg\",\"articleSection\":[\"Actualidad\",\"Educaci\u00f3n\"],\"inLanguage\":\"es\",\"potentialAction\":[{\"@type\":\"CommentAction\",\"name\":\"Comment\",\"target\":[\"https:\/\/noti-america.com\/site\/peru\/2026\/01\/21\/con-exito-se-realiza-matricula-digital-2026-para-escuelas-estatales-de-peru\/#respond\"]}]},{\"@type\":\"WebPage\",\"@id\":\"https:\/\/noti-america.com\/site\/peru\/2026\/01\/21\/con-exito-se-realiza-matricula-digital-2026-para-escuelas-estatales-de-peru\/\",\"url\":\"https:\/\/noti-america.com\/site\/peru\/2026\/01\/21\/con-exito-se-realiza-matricula-digital-2026-para-escuelas-estatales-de-peru\/\",\"name\":\"CON \u00c9XITO SE REALIZA MATR\u00cdCULA DIGITAL 2026 PARA ESCUELAS ESTATALES DE PER\u00da - Per\u00fa | Noti-America.com\",\"isPartOf\":{\"@id\":\"https:\/\/noti-america.com\/site\/peru\/#website\"},\"primaryImageOfPage\":{\"@id\":\"https:\/\/noti-america.com\/site\/peru\/2026\/01\/21\/con-exito-se-realiza-matricula-digital-2026-para-escuelas-estatales-de-peru\/#primaryimage\"},\"image\":{\"@id\":\"https:\/\/noti-america.com\/site\/peru\/2026\/01\/21\/con-exito-se-realiza-matricula-digital-2026-para-escuelas-estatales-de-peru\/#primaryimage\"},\"thumbnailUrl\":\"https:\/\/noti-america.com\/site\/peru\/wp-content\/uploads\/sites\/8\/2026\/01\/IMG-20260121-WA0000.jpg\",\"datePublished\":\"2026-01-21T05:48:09+00:00\",\"breadcrumb\":{\"@id\":\"https:\/\/noti-america.com\/site\/peru\/2026\/01\/21\/con-exito-se-realiza-matricula-digital-2026-para-escuelas-estatales-de-peru\/#breadcrumb\"},\"inLanguage\":\"es\",\"potentialAction\":[{\"@type\":\"ReadAction\",\"target\":[\"https:\/\/noti-america.com\/site\/peru\/2026\/01\/21\/con-exito-se-realiza-matricula-digital-2026-para-escuelas-estatales-de-peru\/\"]}]},{\"@type\":\"ImageObject\",\"inLanguage\":\"es\",\"@id\":\"https:\/\/noti-america.com\/site\/peru\/2026\/01\/21\/con-exito-se-realiza-matricula-digital-2026-para-escuelas-estatales-de-peru\/#primaryimage\",\"url\":\"https:\/\/noti-america.com\/site\/peru\/wp-content\/uploads\/sites\/8\/2026\/01\/IMG-20260121-WA0000.jpg\",\"contentUrl\":\"https:\/\/noti-america.com\/site\/peru\/wp-content\/uploads\/sites\/8\/2026\/01\/IMG-20260121-WA0000.jpg\",\"width\":1600,\"height\":1104,\"caption\":\"Viceministro Walter Borjas Rojas y funcionarios de MINEDU. Foto : Andina \/Difusi\u00f3n.\"},{\"@type\":\"BreadcrumbList\",\"@id\":\"https:\/\/noti-america.com\/site\/peru\/2026\/01\/21\/con-exito-se-realiza-matricula-digital-2026-para-escuelas-estatales-de-peru\/#breadcrumb\",\"itemListElement\":[{\"@type\":\"ListItem\",\"position\":1,\"name\":\"Portada\",\"item\":\"https:\/\/noti-america.com\/site\/peru\/\"},{\"@type\":\"ListItem\",\"position\":2,\"name\":\"CON \u00c9XITO SE REALIZA MATR\u00cdCULA DIGITAL 2026 PARA ESCUELAS ESTATALES DE PER\u00da\"}]},{\"@type\":\"WebSite\",\"@id\":\"https:\/\/noti-america.com\/site\/peru\/#website\",\"url\":\"https:\/\/noti-america.com\/site\/peru\/\",\"name\":\"Per\u00fa | Noti-America.com\",\"description\":\"\",\"publisher\":{\"@id\":\"https:\/\/noti-america.com\/site\/peru\/#organization\"},\"potentialAction\":[{\"@type\":\"SearchAction\",\"target\":{\"@type\":\"EntryPoint\",\"urlTemplate\":\"https:\/\/noti-america.com\/site\/peru\/?s={search_term_string}\"},\"query-input\":{\"@type\":\"PropertyValueSpecification\",\"valueRequired\":true,\"valueName\":\"search_term_string\"}}],\"inLanguage\":\"es\"},{\"@type\":\"Organization\",\"@id\":\"https:\/\/noti-america.com\/site\/peru\/#organization\",\"name\":\"Noti-America LLC | Per\u00fa\",\"url\":\"https:\/\/noti-america.com\/site\/peru\/\",\"logo\":{\"@type\":\"ImageObject\",\"inLanguage\":\"es\",\"@id\":\"https:\/\/noti-america.com\/site\/peru\/#\/schema\/logo\/image\/\",\"url\":\"https:\/\/noti-america.com\/site\/peru\/wp-content\/uploads\/sites\/8\/2020\/07\/LogoNA-4x3-1.jpg\",\"contentUrl\":\"https:\/\/noti-america.com\/site\/peru\/wp-content\/uploads\/sites\/8\/2020\/07\/LogoNA-4x3-1.jpg\",\"width\":1236,\"height\":1080,\"caption\":\"Noti-America LLC | Per\u00fa\"},\"image\":{\"@id\":\"https:\/\/noti-america.com\/site\/peru\/#\/schema\/logo\/image\/\"}},{\"@type\":\"Person\",\"@id\":\"https:\/\/noti-america.com\/site\/peru\/#\/schema\/person\/28a35f20383bf2485bc838bfe76aebdc\",\"name\":\"Geomar Pacheco R.\",\"image\":{\"@type\":\"ImageObject\",\"inLanguage\":\"es\",\"@id\":\"https:\/\/secure.gravatar.com\/avatar\/5f09cb527f9632e92234c6fc6e2cbcefebeed6bdeb0f9129ea4cbc7aa71587c6?s=96&d=mm&r=g\",\"url\":\"https:\/\/secure.gravatar.com\/avatar\/5f09cb527f9632e92234c6fc6e2cbcefebeed6bdeb0f9129ea4cbc7aa71587c6?s=96&d=mm&r=g\",\"contentUrl\":\"https:\/\/secure.gravatar.com\/avatar\/5f09cb527f9632e92234c6fc6e2cbcefebeed6bdeb0f9129ea4cbc7aa71587c6?s=96&d=mm&r=g\",\"caption\":\"Geomar Pacheco R.\"},\"sameAs\":[\"https:\/\/x.com\/GeomarPacheco1\"],\"url\":\"https:\/\/noti-america.com\/site\/peru\/author\/gpacheco\/\"}]}<\/script>\n<!-- \/ Yoast SEO Premium plugin. -->","yoast_head_json":{"title":"CON \u00c9XITO SE REALIZA MATR\u00cdCULA DIGITAL 2026 PARA ESCUELAS ESTATALES DE PER\u00da - Per\u00fa | Noti-America.com","robots":{"index":"index","follow":"follow","max-snippet":"max-snippet:-1","max-image-preview":"max-image-preview:large","max-video-preview":"max-video-preview:-1"},"canonical":"https:\/\/noti-america.com\/site\/peru\/2026\/01\/21\/con-exito-se-realiza-matricula-digital-2026-para-escuelas-estatales-de-peru\/","og_locale":"es_ES","og_type":"article","og_title":"CON \u00c9XITO SE REALIZA MATR\u00cdCULA DIGITAL 2026 PARA ESCUELAS ESTATALES DE PER\u00da","og_description":"CON \u00c9XITO SE REALIZA MATR\u00cdCULA DIGITAL 2026 PARA ESCUELAS ESTATALES DE PER\u00da NOTI-AM\u00c9RICA PER\u00da Por Geomar Pacheco Rivera El Ministerio de Educaci\u00f3n inform\u00f3 que el sistema digital para el registro de vacantes del proceso&#46;&#46;&#46;","og_url":"https:\/\/noti-america.com\/site\/peru\/2026\/01\/21\/con-exito-se-realiza-matricula-digital-2026-para-escuelas-estatales-de-peru\/","og_site_name":"Per\u00fa | Noti-America.com","article_published_time":"2026-01-21T05:48:09+00:00","og_image":[{"width":1600,"height":1104,"url":"https:\/\/noti-america.com\/site\/peru\/wp-content\/uploads\/sites\/8\/2026\/01\/IMG-20260121-WA0000.jpg","type":"image\/jpeg"}],"author":"Geomar Pacheco R.","twitter_card":"summary_large_image","twitter_creator":"@GeomarPacheco1","twitter_misc":{"Escrito por":"Geomar Pacheco R.","Tiempo estimado de lectura":"2 minutos"},"schema":{"@context":"https:\/\/schema.org","@graph":[{"@type":"Article","@id":"https:\/\/noti-america.com\/site\/peru\/2026\/01\/21\/con-exito-se-realiza-matricula-digital-2026-para-escuelas-estatales-de-peru\/#article","isPartOf":{"@id":"https:\/\/noti-america.com\/site\/peru\/2026\/01\/21\/con-exito-se-realiza-matricula-digital-2026-para-escuelas-estatales-de-peru\/"},"author":{"name":"Geomar Pacheco R.","@id":"https:\/\/noti-america.com\/site\/peru\/#\/schema\/person\/28a35f20383bf2485bc838bfe76aebdc"},"headline":"CON \u00c9XITO SE REALIZA MATR\u00cdCULA DIGITAL 2026 PARA ESCUELAS ESTATALES DE PER\u00da","datePublished":"2026-01-21T05:48:09+00:00","mainEntityOfPage":{"@id":"https:\/\/noti-america.com\/site\/peru\/2026\/01\/21\/con-exito-se-realiza-matricula-digital-2026-para-escuelas-estatales-de-peru\/"},"wordCount":300,"commentCount":0,"publisher":{"@id":"https:\/\/noti-america.com\/site\/peru\/#organization"},"image":{"@id":"https:\/\/noti-america.com\/site\/peru\/2026\/01\/21\/con-exito-se-realiza-matricula-digital-2026-para-escuelas-estatales-de-peru\/#primaryimage"},"thumbnailUrl":"https:\/\/noti-america.com\/site\/peru\/wp-content\/uploads\/sites\/8\/2026\/01\/IMG-20260121-WA0000.jpg","articleSection":["Actualidad","Educaci\u00f3n"],"inLanguage":"es","potentialAction":[{"@type":"CommentAction","name":"Comment","target":["https:\/\/noti-america.com\/site\/peru\/2026\/01\/21\/con-exito-se-realiza-matricula-digital-2026-para-escuelas-estatales-de-peru\/#respond"]}]},{"@type":"WebPage","@id":"https:\/\/noti-america.com\/site\/peru\/2026\/01\/21\/con-exito-se-realiza-matricula-digital-2026-para-escuelas-estatales-de-peru\/","url":"https:\/\/noti-america.com\/site\/peru\/2026\/01\/21\/con-exito-se-realiza-matricula-digital-2026-para-escuelas-estatales-de-peru\/","name":"CON \u00c9XITO SE REALIZA MATR\u00cdCULA DIGITAL 2026 PARA ESCUELAS ESTATALES DE PER\u00da - Per\u00fa | Noti-America.com","isPartOf":{"@id":"https:\/\/noti-america.com\/site\/peru\/#website"},"primaryImageOfPage":{"@id":"https:\/\/noti-america.com\/site\/peru\/2026\/01\/21\/con-exito-se-realiza-matricula-digital-2026-para-escuelas-estatales-de-peru\/#primaryimage"},"image":{"@id":"https:\/\/noti-america.com\/site\/peru\/2026\/01\/21\/con-exito-se-realiza-matricula-digital-2026-para-escuelas-estatales-de-peru\/#primaryimage"},"thumbnailUrl":"https:\/\/noti-america.com\/site\/peru\/wp-content\/uploads\/sites\/8\/2026\/01\/IMG-20260121-WA0000.jpg","datePublished":"2026-01-21T05:48:09+00:00","breadcrumb":{"@id":"https:\/\/noti-america.com\/site\/peru\/2026\/01\/21\/con-exito-se-realiza-matricula-digital-2026-para-escuelas-estatales-de-peru\/#breadcrumb"},"inLanguage":"es","potentialAction":[{"@type":"ReadAction","target":["https:\/\/noti-america.com\/site\/peru\/2026\/01\/21\/con-exito-se-realiza-matricula-digital-2026-para-escuelas-estatales-de-peru\/"]}]},{"@type":"ImageObject","inLanguage":"es","@id":"https:\/\/noti-america.com\/site\/peru\/2026\/01\/21\/con-exito-se-realiza-matricula-digital-2026-para-escuelas-estatales-de-peru\/#primaryimage","url":"https:\/\/noti-america.com\/site\/peru\/wp-content\/uploads\/sites\/8\/2026\/01\/IMG-20260121-WA0000.jpg","contentUrl":"https:\/\/noti-america.com\/site\/peru\/wp-content\/uploads\/sites\/8\/2026\/01\/IMG-20260121-WA0000.jpg","width":1600,"height":1104,"caption":"Viceministro Walter Borjas Rojas y funcionarios de MINEDU. Foto : Andina \/Difusi\u00f3n."},{"@type":"BreadcrumbList","@id":"https:\/\/noti-america.com\/site\/peru\/2026\/01\/21\/con-exito-se-realiza-matricula-digital-2026-para-escuelas-estatales-de-peru\/#breadcrumb","itemListElement":[{"@type":"ListItem","position":1,"name":"Portada","item":"https:\/\/noti-america.com\/site\/peru\/"},{"@type":"ListItem","position":2,"name":"CON \u00c9XITO SE REALIZA MATR\u00cdCULA DIGITAL 2026 PARA ESCUELAS ESTATALES DE PER\u00da"}]},{"@type":"WebSite","@id":"https:\/\/noti-america.com\/site\/peru\/#website","url":"https:\/\/noti-america.com\/site\/peru\/","name":"Per\u00fa | Noti-America.com","description":"","publisher":{"@id":"https:\/\/noti-america.com\/site\/peru\/#organization"},"potentialAction":[{"@type":"SearchAction","target":{"@type":"EntryPoint","urlTemplate":"https:\/\/noti-america.com\/site\/peru\/?s={search_term_string}"},"query-input":{"@type":"PropertyValueSpecification","valueRequired":true,"valueName":"search_term_string"}}],"inLanguage":"es"},{"@type":"Organization","@id":"https:\/\/noti-america.com\/site\/peru\/#organization","name":"Noti-America LLC | Per\u00fa","url":"https:\/\/noti-america.com\/site\/peru\/","logo":{"@type":"ImageObject","inLanguage":"es","@id":"https:\/\/noti-america.com\/site\/peru\/#\/schema\/logo\/image\/","url":"https:\/\/noti-america.com\/site\/peru\/wp-content\/uploads\/sites\/8\/2020\/07\/LogoNA-4x3-1.jpg","contentUrl":"https:\/\/noti-america.com\/site\/peru\/wp-content\/uploads\/sites\/8\/2020\/07\/LogoNA-4x3-1.jpg","width":1236,"height":1080,"caption":"Noti-America LLC | Per\u00fa"},"image":{"@id":"https:\/\/noti-america.com\/site\/peru\/#\/schema\/logo\/image\/"}},{"@type":"Person","@id":"https:\/\/noti-america.com\/site\/peru\/#\/schema\/person\/28a35f20383bf2485bc838bfe76aebdc","name":"Geomar Pacheco R.","image":{"@type":"ImageObject","inLanguage":"es","@id":"https:\/\/secure.gravatar.com\/avatar\/5f09cb527f9632e92234c6fc6e2cbcefebeed6bdeb0f9129ea4cbc7aa71587c6?s=96&d=mm&r=g","url":"https:\/\/secure.gravatar.com\/avatar\/5f09cb527f9632e92234c6fc6e2cbcefebeed6bdeb0f9129ea4cbc7aa71587c6?s=96&d=mm&r=g","contentUrl":"https:\/\/secure.gravatar.com\/avatar\/5f09cb527f9632e92234c6fc6e2cbcefebeed6bdeb0f9129ea4cbc7aa71587c6?s=96&d=mm&r=g","caption":"Geomar Pacheco R."},"sameAs":["https:\/\/x.com\/GeomarPacheco1"],"url":"https:\/\/noti-america.com\/site\/peru\/author\/gpacheco\/"}]}},"_links":{"self":[{"href":"https:\/\/noti-america.com\/site\/peru\/wp-json\/wp\/v2\/posts\/9438","targetHints":{"allow":["GET"]}}],"collection":[{"href":"https:\/\/noti-america.com\/site\/peru\/wp-json\/wp\/v2\/posts"}],"about":[{"href":"https:\/\/noti-america.com\/site\/peru\/wp-json\/wp\/v2\/types\/post"}],"author":[{"embeddable":true,"href":"https:\/\/noti-america.com\/site\/peru\/wp-json\/wp\/v2\/users\/70"}],"replies":[{"embeddable":true,"href":"https:\/\/noti-america.com\/site\/peru\/wp-json\/wp\/v2\/comments?post=9438"}],"version-history":[{"count":1,"href":"https:\/\/noti-america.com\/site\/peru\/wp-json\/wp\/v2\/posts\/9438\/revisions"}],"predecessor-version":[{"id":9440,"href":"https:\/\/noti-america.com\/site\/peru\/wp-json\/wp\/v2\/posts\/9438\/revisions\/9440"}],"wp:featuredmedia":[{"embeddable":true,"href":"https:\/\/noti-america.com\/site\/peru\/wp-json\/wp\/v2\/media\/9439"}],"wp:attachment":[{"href":"https:\/\/noti-america.com\/site\/peru\/wp-json\/wp\/v2\/media?parent=9438"}],"wp:term":[{"taxonomy":"category","embeddable":true,"href":"https:\/\/noti-america.com\/site\/peru\/wp-json\/wp\/v2\/categories?post=9438"},{"taxonomy":"post_tag","embeddable":true,"href":"https:\/\/noti-america.com\/site\/peru\/wp-json\/wp\/v2\/tags?post=9438"}],"curies":[{"name":"wp","href":"https:\/\/api.w.org\/{rel}","templated":true}]}}