{"id":9386,"date":"2025-12-31T07:07:10","date_gmt":"2025-12-31T07:07:10","guid":{"rendered":"https:\/\/noti-america.com\/site\/peru\/?p=9386"},"modified":"2025-12-31T07:07:10","modified_gmt":"2025-12-31T07:07:10","slug":"la-educacion-inicial-en-peru-comienza-oficialmente-a-los-tres-anos-de-edad-cumplidos","status":"publish","type":"post","link":"https:\/\/noti-america.com\/site\/peru\/2025\/12\/31\/la-educacion-inicial-en-peru-comienza-oficialmente-a-los-tres-anos-de-edad-cumplidos\/","title":{"rendered":"LA EDUCACI\u00d3N INICIAL EN PER\u00da COMIENZA OFICIALMENTE A LOS TRES A\u00d1OS DE EDAD CUMPLIDOS"},"content":{"rendered":"<p style=\"text-align: justify\"><strong>NOTI-AM\u00c9RICA PER\u00da<\/strong><\/p>\n<p style=\"text-align: justify\">\n<p style=\"text-align: right\"><strong>Por Geomar Pacheco Rivera<\/strong><\/p>\n<p style=\"text-align: justify\">\n<p style=\"text-align: justify\">\nPor considerarlo correcto y oportuno, el Ministerio de Educaci\u00f3n ratific\u00f3 que el ingreso al nivel de educaci\u00f3n inicial se realiza a partir de los tres a\u00f1os cumplidos hasta el 31 de marzo, de acuerdo con criterios pedag\u00f3gicos orientados a proteger el desarrollo integral de la infancia y a respetar los ritmos de maduraci\u00f3n propios de esta etapa clave del aprendizaje.<\/p>\n<p style=\"text-align: justify\">\u201cLa edad cronol\u00f3gica es un criterio protector, no arbitrario. Respetar el corte al 31 de marzo permite asegurar que los ni\u00f1os ingresen al sistema educativo cuando cuentan con la madurez necesaria para aprender, convivir y desarrollarse plenamente\u201d, explic\u00f3 el ministro de Educaci\u00f3n, Jorge Figueroa Guzm\u00e1n, al reafirmar el compromiso de su gesti\u00f3n con una educaci\u00f3n centrada en el bienestar de la ni\u00f1ez.<\/p>\n<p><img loading=\"lazy\" decoding=\"async\" class=\"alignnone size-full wp-image-9387\" src=\"https:\/\/noti-america.com\/site\/peru\/wp-content\/uploads\/sites\/8\/2025\/12\/WhatsApp-Image-2025-12-30-at-10.23.17-PM.jpeg\" alt=\"\" width=\"1600\" height=\"1066\" srcset=\"https:\/\/noti-america.com\/site\/peru\/wp-content\/uploads\/sites\/8\/2025\/12\/WhatsApp-Image-2025-12-30-at-10.23.17-PM.jpeg 1600w, https:\/\/noti-america.com\/site\/peru\/wp-content\/uploads\/sites\/8\/2025\/12\/WhatsApp-Image-2025-12-30-at-10.23.17-PM-300x200.jpeg 300w, https:\/\/noti-america.com\/site\/peru\/wp-content\/uploads\/sites\/8\/2025\/12\/WhatsApp-Image-2025-12-30-at-10.23.17-PM-1024x682.jpeg 1024w, https:\/\/noti-america.com\/site\/peru\/wp-content\/uploads\/sites\/8\/2025\/12\/WhatsApp-Image-2025-12-30-at-10.23.17-PM-768x512.jpeg 768w, https:\/\/noti-america.com\/site\/peru\/wp-content\/uploads\/sites\/8\/2025\/12\/WhatsApp-Image-2025-12-30-at-10.23.17-PM-1536x1023.jpeg 1536w, https:\/\/noti-america.com\/site\/peru\/wp-content\/uploads\/sites\/8\/2025\/12\/WhatsApp-Image-2025-12-30-at-10.23.17-PM-272x182.jpeg 272w\" sizes=\"auto, (max-width: 1600px) 100vw, 1600px\" \/><\/p>\n<p>&nbsp;<\/p>\n<p style=\"text-align: justify\">\u201cLos diversos estudios nacionales e internacionales evidencian que los ni\u00f1os de menor edad dentro del aula enfrentan mayores dificultades en comprensi\u00f3n lectora, matem\u00e1tica, comunicaci\u00f3n oral y convivencia escolar. Adem\u00e1s, suelen registrar mayores niveles de inseguridad, menor participaci\u00f3n en clase y un mayor riesgo de fracaso escolar temprano\u201d, explic\u00f3.<\/p>\n<p style=\"text-align: justify\">En ese sentido, modificar la fecha de corte ampliar\u00eda la diferencia de edad entre estudiantes de un mismo grado hasta en 16 meses, una brecha significativa en una etapa en la que los infantes son altamente sensibles a experiencias de estr\u00e9s, frustraci\u00f3n o exigencias inadecuadas. \u201cEl objetivo es evitar exponerlos a demandas escolares para las que a\u00fan no est\u00e1n preparados, que podr\u00edan afectar su seguridad emocional, su autoestima y su disposici\u00f3n para aprender\u201d, dijo el alto funcionario.<\/p>\n<p style=\"text-align: justify\">Finalmente, Figueroa Guzm\u00e1n record\u00f3 que la educaci\u00f3n inicial no busca acelerar contenidos, sino fortalecer competencias a trav\u00e9s del juego, la exploraci\u00f3n y la interacci\u00f3n. \u201cLa infancia no es una carrera. Respetar sus tiempos es la base para construir aprendizajes s\u00f3lidos y duraderos\u201d, enfatiz\u00f3, al reiterar que una trayectoria educativa adecuada comienza por respetar cada etapa del desarrollo infantil.<\/p>\n<p><img loading=\"lazy\" decoding=\"async\" class=\"size-full wp-image-9388 aligncenter\" src=\"https:\/\/noti-america.com\/site\/peru\/wp-content\/uploads\/sites\/8\/2025\/12\/WhatsApp-Image-2025-12-30-at-10.23.48-PM.jpeg\" alt=\"\" width=\"680\" height=\"510\" srcset=\"https:\/\/noti-america.com\/site\/peru\/wp-content\/uploads\/sites\/8\/2025\/12\/WhatsApp-Image-2025-12-30-at-10.23.48-PM.jpeg 680w, https:\/\/noti-america.com\/site\/peru\/wp-content\/uploads\/sites\/8\/2025\/12\/WhatsApp-Image-2025-12-30-at-10.23.48-PM-300x225.jpeg 300w\" sizes=\"auto, (max-width: 680px) 100vw, 680px\" \/><\/p>\n<p style=\"text-align: center\">La matricula comienza en Enero 2025.<\/p>\n","protected":false},"excerpt":{"rendered":"<p>NOTI-AM\u00c9RICA PER\u00da Por Geomar Pacheco Rivera Por considerarlo correcto y oportuno, el Ministerio de Educaci\u00f3n ratific\u00f3 que el ingreso al nivel de educaci\u00f3n inicial se realiza a partir de los tres a\u00f1os cumplidos hasta&#46;&#46;&#46;<\/p>\n","protected":false},"author":70,"featured_media":9387,"comment_status":"open","ping_status":"open","sticky":false,"template":"","format":"standard","meta":{"_acf_changed":false,"rop_custom_images_group":[],"rop_custom_messages_group":[],"rop_publish_now":"no","rop_publish_now_accounts":{"twitter_242054905_242054905":""},"rop_publish_now_history":[{"account":"twitter_242054905_242054905","service":"twitter","timestamp":1767164868,"status":"error"}],"rop_publish_now_status":"done","footnotes":""},"categories":[268,188,13],"tags":[],"class_list":["post-9386","post","type-post","status-publish","format-standard","has-post-thumbnail","hentry","category-acturalidad","category-educacion","category-vida-y-salud"],"acf":[],"yoast_head":"<!-- This site is optimized with the Yoast SEO Premium plugin v24.9 (Yoast SEO v27.2) - https:\/\/yoast.com\/product\/yoast-seo-premium-wordpress\/ -->\n<title>LA EDUCACI\u00d3N INICIAL EN PER\u00da COMIENZA OFICIALMENTE A LOS TRES A\u00d1OS DE EDAD CUMPLIDOS - Per\u00fa | Noti-America.com<\/title>\n<meta name=\"robots\" content=\"index, follow, max-snippet:-1, max-image-preview:large, max-video-preview:-1\" \/>\n<link rel=\"canonical\" href=\"https:\/\/noti-america.com\/site\/peru\/2025\/12\/31\/la-educacion-inicial-en-peru-comienza-oficialmente-a-los-tres-anos-de-edad-cumplidos\/\" \/>\n<meta property=\"og:locale\" content=\"es_ES\" \/>\n<meta property=\"og:type\" content=\"article\" \/>\n<meta property=\"og:title\" content=\"LA EDUCACI\u00d3N INICIAL EN PER\u00da COMIENZA OFICIALMENTE A LOS TRES A\u00d1OS DE EDAD CUMPLIDOS\" \/>\n<meta property=\"og:description\" content=\"NOTI-AM\u00c9RICA PER\u00da Por Geomar Pacheco Rivera Por considerarlo correcto y oportuno, el Ministerio de Educaci\u00f3n ratific\u00f3 que el ingreso al nivel de educaci\u00f3n inicial se realiza a partir de los tres a\u00f1os cumplidos hasta&#046;&#046;&#046;\" \/>\n<meta property=\"og:url\" content=\"https:\/\/noti-america.com\/site\/peru\/2025\/12\/31\/la-educacion-inicial-en-peru-comienza-oficialmente-a-los-tres-anos-de-edad-cumplidos\/\" \/>\n<meta property=\"og:site_name\" content=\"Per\u00fa | Noti-America.com\" \/>\n<meta property=\"article:published_time\" content=\"2025-12-31T07:07:10+00:00\" \/>\n<meta property=\"og:image\" content=\"https:\/\/noti-america.com\/site\/peru\/wp-content\/uploads\/sites\/8\/2025\/12\/WhatsApp-Image-2025-12-30-at-10.23.17-PM.jpeg\" \/>\n\t<meta property=\"og:image:width\" content=\"1600\" \/>\n\t<meta property=\"og:image:height\" content=\"1066\" \/>\n\t<meta property=\"og:image:type\" content=\"image\/jpeg\" \/>\n<meta name=\"author\" content=\"Geomar Pacheco R.\" \/>\n<meta name=\"twitter:card\" content=\"summary_large_image\" \/>\n<meta name=\"twitter:creator\" content=\"@GeomarPacheco1\" \/>\n<meta name=\"twitter:label1\" content=\"Escrito por\" \/>\n\t<meta name=\"twitter:data1\" content=\"Geomar Pacheco R.\" \/>\n\t<meta name=\"twitter:label2\" content=\"Tiempo estimado de lectura\" \/>\n\t<meta name=\"twitter:data2\" content=\"2 minutos\" \/>\n<script type=\"application\/ld+json\" class=\"yoast-schema-graph\">{\"@context\":\"https:\/\/schema.org\",\"@graph\":[{\"@type\":\"Article\",\"@id\":\"https:\/\/noti-america.com\/site\/peru\/2025\/12\/31\/la-educacion-inicial-en-peru-comienza-oficialmente-a-los-tres-anos-de-edad-cumplidos\/#article\",\"isPartOf\":{\"@id\":\"https:\/\/noti-america.com\/site\/peru\/2025\/12\/31\/la-educacion-inicial-en-peru-comienza-oficialmente-a-los-tres-anos-de-edad-cumplidos\/\"},\"author\":{\"name\":\"Geomar Pacheco R.\",\"@id\":\"https:\/\/noti-america.com\/site\/peru\/#\/schema\/person\/28a35f20383bf2485bc838bfe76aebdc\"},\"headline\":\"LA EDUCACI\u00d3N INICIAL EN PER\u00da COMIENZA OFICIALMENTE A LOS TRES A\u00d1OS DE EDAD CUMPLIDOS\",\"datePublished\":\"2025-12-31T07:07:10+00:00\",\"mainEntityOfPage\":{\"@id\":\"https:\/\/noti-america.com\/site\/peru\/2025\/12\/31\/la-educacion-inicial-en-peru-comienza-oficialmente-a-los-tres-anos-de-edad-cumplidos\/\"},\"wordCount\":362,\"commentCount\":0,\"publisher\":{\"@id\":\"https:\/\/noti-america.com\/site\/peru\/#organization\"},\"image\":{\"@id\":\"https:\/\/noti-america.com\/site\/peru\/2025\/12\/31\/la-educacion-inicial-en-peru-comienza-oficialmente-a-los-tres-anos-de-edad-cumplidos\/#primaryimage\"},\"thumbnailUrl\":\"https:\/\/noti-america.com\/site\/peru\/wp-content\/uploads\/sites\/8\/2025\/12\/WhatsApp-Image-2025-12-30-at-10.23.17-PM.jpeg\",\"articleSection\":[\"Actualidad\",\"Educaci\u00f3n\",\"Vida y Salud\"],\"inLanguage\":\"es\",\"potentialAction\":[{\"@type\":\"CommentAction\",\"name\":\"Comment\",\"target\":[\"https:\/\/noti-america.com\/site\/peru\/2025\/12\/31\/la-educacion-inicial-en-peru-comienza-oficialmente-a-los-tres-anos-de-edad-cumplidos\/#respond\"]}]},{\"@type\":\"WebPage\",\"@id\":\"https:\/\/noti-america.com\/site\/peru\/2025\/12\/31\/la-educacion-inicial-en-peru-comienza-oficialmente-a-los-tres-anos-de-edad-cumplidos\/\",\"url\":\"https:\/\/noti-america.com\/site\/peru\/2025\/12\/31\/la-educacion-inicial-en-peru-comienza-oficialmente-a-los-tres-anos-de-edad-cumplidos\/\",\"name\":\"LA EDUCACI\u00d3N INICIAL EN PER\u00da COMIENZA OFICIALMENTE A LOS TRES A\u00d1OS DE EDAD CUMPLIDOS - Per\u00fa | Noti-America.com\",\"isPartOf\":{\"@id\":\"https:\/\/noti-america.com\/site\/peru\/#website\"},\"primaryImageOfPage\":{\"@id\":\"https:\/\/noti-america.com\/site\/peru\/2025\/12\/31\/la-educacion-inicial-en-peru-comienza-oficialmente-a-los-tres-anos-de-edad-cumplidos\/#primaryimage\"},\"image\":{\"@id\":\"https:\/\/noti-america.com\/site\/peru\/2025\/12\/31\/la-educacion-inicial-en-peru-comienza-oficialmente-a-los-tres-anos-de-edad-cumplidos\/#primaryimage\"},\"thumbnailUrl\":\"https:\/\/noti-america.com\/site\/peru\/wp-content\/uploads\/sites\/8\/2025\/12\/WhatsApp-Image-2025-12-30-at-10.23.17-PM.jpeg\",\"datePublished\":\"2025-12-31T07:07:10+00:00\",\"breadcrumb\":{\"@id\":\"https:\/\/noti-america.com\/site\/peru\/2025\/12\/31\/la-educacion-inicial-en-peru-comienza-oficialmente-a-los-tres-anos-de-edad-cumplidos\/#breadcrumb\"},\"inLanguage\":\"es\",\"potentialAction\":[{\"@type\":\"ReadAction\",\"target\":[\"https:\/\/noti-america.com\/site\/peru\/2025\/12\/31\/la-educacion-inicial-en-peru-comienza-oficialmente-a-los-tres-anos-de-edad-cumplidos\/\"]}]},{\"@type\":\"ImageObject\",\"inLanguage\":\"es\",\"@id\":\"https:\/\/noti-america.com\/site\/peru\/2025\/12\/31\/la-educacion-inicial-en-peru-comienza-oficialmente-a-los-tres-anos-de-edad-cumplidos\/#primaryimage\",\"url\":\"https:\/\/noti-america.com\/site\/peru\/wp-content\/uploads\/sites\/8\/2025\/12\/WhatsApp-Image-2025-12-30-at-10.23.17-PM.jpeg\",\"contentUrl\":\"https:\/\/noti-america.com\/site\/peru\/wp-content\/uploads\/sites\/8\/2025\/12\/WhatsApp-Image-2025-12-30-at-10.23.17-PM.jpeg\",\"width\":1600,\"height\":1066},{\"@type\":\"BreadcrumbList\",\"@id\":\"https:\/\/noti-america.com\/site\/peru\/2025\/12\/31\/la-educacion-inicial-en-peru-comienza-oficialmente-a-los-tres-anos-de-edad-cumplidos\/#breadcrumb\",\"itemListElement\":[{\"@type\":\"ListItem\",\"position\":1,\"name\":\"Portada\",\"item\":\"https:\/\/noti-america.com\/site\/peru\/\"},{\"@type\":\"ListItem\",\"position\":2,\"name\":\"LA EDUCACI\u00d3N INICIAL EN PER\u00da COMIENZA OFICIALMENTE A LOS TRES A\u00d1OS DE EDAD CUMPLIDOS\"}]},{\"@type\":\"WebSite\",\"@id\":\"https:\/\/noti-america.com\/site\/peru\/#website\",\"url\":\"https:\/\/noti-america.com\/site\/peru\/\",\"name\":\"Per\u00fa | Noti-America.com\",\"description\":\"\",\"publisher\":{\"@id\":\"https:\/\/noti-america.com\/site\/peru\/#organization\"},\"potentialAction\":[{\"@type\":\"SearchAction\",\"target\":{\"@type\":\"EntryPoint\",\"urlTemplate\":\"https:\/\/noti-america.com\/site\/peru\/?s={search_term_string}\"},\"query-input\":{\"@type\":\"PropertyValueSpecification\",\"valueRequired\":true,\"valueName\":\"search_term_string\"}}],\"inLanguage\":\"es\"},{\"@type\":\"Organization\",\"@id\":\"https:\/\/noti-america.com\/site\/peru\/#organization\",\"name\":\"Noti-America LLC | Per\u00fa\",\"url\":\"https:\/\/noti-america.com\/site\/peru\/\",\"logo\":{\"@type\":\"ImageObject\",\"inLanguage\":\"es\",\"@id\":\"https:\/\/noti-america.com\/site\/peru\/#\/schema\/logo\/image\/\",\"url\":\"https:\/\/noti-america.com\/site\/peru\/wp-content\/uploads\/sites\/8\/2020\/07\/LogoNA-4x3-1.jpg\",\"contentUrl\":\"https:\/\/noti-america.com\/site\/peru\/wp-content\/uploads\/sites\/8\/2020\/07\/LogoNA-4x3-1.jpg\",\"width\":1236,\"height\":1080,\"caption\":\"Noti-America LLC | Per\u00fa\"},\"image\":{\"@id\":\"https:\/\/noti-america.com\/site\/peru\/#\/schema\/logo\/image\/\"}},{\"@type\":\"Person\",\"@id\":\"https:\/\/noti-america.com\/site\/peru\/#\/schema\/person\/28a35f20383bf2485bc838bfe76aebdc\",\"name\":\"Geomar Pacheco R.\",\"image\":{\"@type\":\"ImageObject\",\"inLanguage\":\"es\",\"@id\":\"https:\/\/secure.gravatar.com\/avatar\/5f09cb527f9632e92234c6fc6e2cbcefebeed6bdeb0f9129ea4cbc7aa71587c6?s=96&d=mm&r=g\",\"url\":\"https:\/\/secure.gravatar.com\/avatar\/5f09cb527f9632e92234c6fc6e2cbcefebeed6bdeb0f9129ea4cbc7aa71587c6?s=96&d=mm&r=g\",\"contentUrl\":\"https:\/\/secure.gravatar.com\/avatar\/5f09cb527f9632e92234c6fc6e2cbcefebeed6bdeb0f9129ea4cbc7aa71587c6?s=96&d=mm&r=g\",\"caption\":\"Geomar Pacheco R.\"},\"sameAs\":[\"https:\/\/x.com\/GeomarPacheco1\"],\"url\":\"https:\/\/noti-america.com\/site\/peru\/author\/gpacheco\/\"}]}<\/script>\n<!-- \/ Yoast SEO Premium plugin. -->","yoast_head_json":{"title":"LA EDUCACI\u00d3N INICIAL EN PER\u00da COMIENZA OFICIALMENTE A LOS TRES A\u00d1OS DE EDAD CUMPLIDOS - Per\u00fa | Noti-America.com","robots":{"index":"index","follow":"follow","max-snippet":"max-snippet:-1","max-image-preview":"max-image-preview:large","max-video-preview":"max-video-preview:-1"},"canonical":"https:\/\/noti-america.com\/site\/peru\/2025\/12\/31\/la-educacion-inicial-en-peru-comienza-oficialmente-a-los-tres-anos-de-edad-cumplidos\/","og_locale":"es_ES","og_type":"article","og_title":"LA EDUCACI\u00d3N INICIAL EN PER\u00da COMIENZA OFICIALMENTE A LOS TRES A\u00d1OS DE EDAD CUMPLIDOS","og_description":"NOTI-AM\u00c9RICA PER\u00da Por Geomar Pacheco Rivera Por considerarlo correcto y oportuno, el Ministerio de Educaci\u00f3n ratific\u00f3 que el ingreso al nivel de educaci\u00f3n inicial se realiza a partir de los tres a\u00f1os cumplidos hasta&#46;&#46;&#46;","og_url":"https:\/\/noti-america.com\/site\/peru\/2025\/12\/31\/la-educacion-inicial-en-peru-comienza-oficialmente-a-los-tres-anos-de-edad-cumplidos\/","og_site_name":"Per\u00fa | Noti-America.com","article_published_time":"2025-12-31T07:07:10+00:00","og_image":[{"width":1600,"height":1066,"url":"https:\/\/noti-america.com\/site\/peru\/wp-content\/uploads\/sites\/8\/2025\/12\/WhatsApp-Image-2025-12-30-at-10.23.17-PM.jpeg","type":"image\/jpeg"}],"author":"Geomar Pacheco R.","twitter_card":"summary_large_image","twitter_creator":"@GeomarPacheco1","twitter_misc":{"Escrito por":"Geomar Pacheco R.","Tiempo estimado de lectura":"2 minutos"},"schema":{"@context":"https:\/\/schema.org","@graph":[{"@type":"Article","@id":"https:\/\/noti-america.com\/site\/peru\/2025\/12\/31\/la-educacion-inicial-en-peru-comienza-oficialmente-a-los-tres-anos-de-edad-cumplidos\/#article","isPartOf":{"@id":"https:\/\/noti-america.com\/site\/peru\/2025\/12\/31\/la-educacion-inicial-en-peru-comienza-oficialmente-a-los-tres-anos-de-edad-cumplidos\/"},"author":{"name":"Geomar Pacheco R.","@id":"https:\/\/noti-america.com\/site\/peru\/#\/schema\/person\/28a35f20383bf2485bc838bfe76aebdc"},"headline":"LA EDUCACI\u00d3N INICIAL EN PER\u00da COMIENZA OFICIALMENTE A LOS TRES A\u00d1OS DE EDAD CUMPLIDOS","datePublished":"2025-12-31T07:07:10+00:00","mainEntityOfPage":{"@id":"https:\/\/noti-america.com\/site\/peru\/2025\/12\/31\/la-educacion-inicial-en-peru-comienza-oficialmente-a-los-tres-anos-de-edad-cumplidos\/"},"wordCount":362,"commentCount":0,"publisher":{"@id":"https:\/\/noti-america.com\/site\/peru\/#organization"},"image":{"@id":"https:\/\/noti-america.com\/site\/peru\/2025\/12\/31\/la-educacion-inicial-en-peru-comienza-oficialmente-a-los-tres-anos-de-edad-cumplidos\/#primaryimage"},"thumbnailUrl":"https:\/\/noti-america.com\/site\/peru\/wp-content\/uploads\/sites\/8\/2025\/12\/WhatsApp-Image-2025-12-30-at-10.23.17-PM.jpeg","articleSection":["Actualidad","Educaci\u00f3n","Vida y Salud"],"inLanguage":"es","potentialAction":[{"@type":"CommentAction","name":"Comment","target":["https:\/\/noti-america.com\/site\/peru\/2025\/12\/31\/la-educacion-inicial-en-peru-comienza-oficialmente-a-los-tres-anos-de-edad-cumplidos\/#respond"]}]},{"@type":"WebPage","@id":"https:\/\/noti-america.com\/site\/peru\/2025\/12\/31\/la-educacion-inicial-en-peru-comienza-oficialmente-a-los-tres-anos-de-edad-cumplidos\/","url":"https:\/\/noti-america.com\/site\/peru\/2025\/12\/31\/la-educacion-inicial-en-peru-comienza-oficialmente-a-los-tres-anos-de-edad-cumplidos\/","name":"LA EDUCACI\u00d3N INICIAL EN PER\u00da COMIENZA OFICIALMENTE A LOS TRES A\u00d1OS DE EDAD CUMPLIDOS - Per\u00fa | Noti-America.com","isPartOf":{"@id":"https:\/\/noti-america.com\/site\/peru\/#website"},"primaryImageOfPage":{"@id":"https:\/\/noti-america.com\/site\/peru\/2025\/12\/31\/la-educacion-inicial-en-peru-comienza-oficialmente-a-los-tres-anos-de-edad-cumplidos\/#primaryimage"},"image":{"@id":"https:\/\/noti-america.com\/site\/peru\/2025\/12\/31\/la-educacion-inicial-en-peru-comienza-oficialmente-a-los-tres-anos-de-edad-cumplidos\/#primaryimage"},"thumbnailUrl":"https:\/\/noti-america.com\/site\/peru\/wp-content\/uploads\/sites\/8\/2025\/12\/WhatsApp-Image-2025-12-30-at-10.23.17-PM.jpeg","datePublished":"2025-12-31T07:07:10+00:00","breadcrumb":{"@id":"https:\/\/noti-america.com\/site\/peru\/2025\/12\/31\/la-educacion-inicial-en-peru-comienza-oficialmente-a-los-tres-anos-de-edad-cumplidos\/#breadcrumb"},"inLanguage":"es","potentialAction":[{"@type":"ReadAction","target":["https:\/\/noti-america.com\/site\/peru\/2025\/12\/31\/la-educacion-inicial-en-peru-comienza-oficialmente-a-los-tres-anos-de-edad-cumplidos\/"]}]},{"@type":"ImageObject","inLanguage":"es","@id":"https:\/\/noti-america.com\/site\/peru\/2025\/12\/31\/la-educacion-inicial-en-peru-comienza-oficialmente-a-los-tres-anos-de-edad-cumplidos\/#primaryimage","url":"https:\/\/noti-america.com\/site\/peru\/wp-content\/uploads\/sites\/8\/2025\/12\/WhatsApp-Image-2025-12-30-at-10.23.17-PM.jpeg","contentUrl":"https:\/\/noti-america.com\/site\/peru\/wp-content\/uploads\/sites\/8\/2025\/12\/WhatsApp-Image-2025-12-30-at-10.23.17-PM.jpeg","width":1600,"height":1066},{"@type":"BreadcrumbList","@id":"https:\/\/noti-america.com\/site\/peru\/2025\/12\/31\/la-educacion-inicial-en-peru-comienza-oficialmente-a-los-tres-anos-de-edad-cumplidos\/#breadcrumb","itemListElement":[{"@type":"ListItem","position":1,"name":"Portada","item":"https:\/\/noti-america.com\/site\/peru\/"},{"@type":"ListItem","position":2,"name":"LA EDUCACI\u00d3N INICIAL EN PER\u00da COMIENZA OFICIALMENTE A LOS TRES A\u00d1OS DE EDAD CUMPLIDOS"}]},{"@type":"WebSite","@id":"https:\/\/noti-america.com\/site\/peru\/#website","url":"https:\/\/noti-america.com\/site\/peru\/","name":"Per\u00fa | Noti-America.com","description":"","publisher":{"@id":"https:\/\/noti-america.com\/site\/peru\/#organization"},"potentialAction":[{"@type":"SearchAction","target":{"@type":"EntryPoint","urlTemplate":"https:\/\/noti-america.com\/site\/peru\/?s={search_term_string}"},"query-input":{"@type":"PropertyValueSpecification","valueRequired":true,"valueName":"search_term_string"}}],"inLanguage":"es"},{"@type":"Organization","@id":"https:\/\/noti-america.com\/site\/peru\/#organization","name":"Noti-America LLC | Per\u00fa","url":"https:\/\/noti-america.com\/site\/peru\/","logo":{"@type":"ImageObject","inLanguage":"es","@id":"https:\/\/noti-america.com\/site\/peru\/#\/schema\/logo\/image\/","url":"https:\/\/noti-america.com\/site\/peru\/wp-content\/uploads\/sites\/8\/2020\/07\/LogoNA-4x3-1.jpg","contentUrl":"https:\/\/noti-america.com\/site\/peru\/wp-content\/uploads\/sites\/8\/2020\/07\/LogoNA-4x3-1.jpg","width":1236,"height":1080,"caption":"Noti-America LLC | Per\u00fa"},"image":{"@id":"https:\/\/noti-america.com\/site\/peru\/#\/schema\/logo\/image\/"}},{"@type":"Person","@id":"https:\/\/noti-america.com\/site\/peru\/#\/schema\/person\/28a35f20383bf2485bc838bfe76aebdc","name":"Geomar Pacheco R.","image":{"@type":"ImageObject","inLanguage":"es","@id":"https:\/\/secure.gravatar.com\/avatar\/5f09cb527f9632e92234c6fc6e2cbcefebeed6bdeb0f9129ea4cbc7aa71587c6?s=96&d=mm&r=g","url":"https:\/\/secure.gravatar.com\/avatar\/5f09cb527f9632e92234c6fc6e2cbcefebeed6bdeb0f9129ea4cbc7aa71587c6?s=96&d=mm&r=g","contentUrl":"https:\/\/secure.gravatar.com\/avatar\/5f09cb527f9632e92234c6fc6e2cbcefebeed6bdeb0f9129ea4cbc7aa71587c6?s=96&d=mm&r=g","caption":"Geomar Pacheco R."},"sameAs":["https:\/\/x.com\/GeomarPacheco1"],"url":"https:\/\/noti-america.com\/site\/peru\/author\/gpacheco\/"}]}},"_links":{"self":[{"href":"https:\/\/noti-america.com\/site\/peru\/wp-json\/wp\/v2\/posts\/9386","targetHints":{"allow":["GET"]}}],"collection":[{"href":"https:\/\/noti-america.com\/site\/peru\/wp-json\/wp\/v2\/posts"}],"about":[{"href":"https:\/\/noti-america.com\/site\/peru\/wp-json\/wp\/v2\/types\/post"}],"author":[{"embeddable":true,"href":"https:\/\/noti-america.com\/site\/peru\/wp-json\/wp\/v2\/users\/70"}],"replies":[{"embeddable":true,"href":"https:\/\/noti-america.com\/site\/peru\/wp-json\/wp\/v2\/comments?post=9386"}],"version-history":[{"count":1,"href":"https:\/\/noti-america.com\/site\/peru\/wp-json\/wp\/v2\/posts\/9386\/revisions"}],"predecessor-version":[{"id":9389,"href":"https:\/\/noti-america.com\/site\/peru\/wp-json\/wp\/v2\/posts\/9386\/revisions\/9389"}],"wp:featuredmedia":[{"embeddable":true,"href":"https:\/\/noti-america.com\/site\/peru\/wp-json\/wp\/v2\/media\/9387"}],"wp:attachment":[{"href":"https:\/\/noti-america.com\/site\/peru\/wp-json\/wp\/v2\/media?parent=9386"}],"wp:term":[{"taxonomy":"category","embeddable":true,"href":"https:\/\/noti-america.com\/site\/peru\/wp-json\/wp\/v2\/categories?post=9386"},{"taxonomy":"post_tag","embeddable":true,"href":"https:\/\/noti-america.com\/site\/peru\/wp-json\/wp\/v2\/tags?post=9386"}],"curies":[{"name":"wp","href":"https:\/\/api.w.org\/{rel}","templated":true}]}}