{"id":9331,"date":"2025-11-26T07:12:46","date_gmt":"2025-11-26T07:12:46","guid":{"rendered":"https:\/\/noti-america.com\/site\/peru\/?p=9331"},"modified":"2025-11-26T07:12:46","modified_gmt":"2025-11-26T07:12:46","slug":"alto-a-la-violencia-contra-la-mujer-en-los-paises-miembros-de-la-onu","status":"publish","type":"post","link":"https:\/\/noti-america.com\/site\/peru\/2025\/11\/26\/alto-a-la-violencia-contra-la-mujer-en-los-paises-miembros-de-la-onu\/","title":{"rendered":"ALTO A LA VIOLENCIA CONTRA LA MUJER EN LOS PA\u00cdSES MIEMBROS DE LA ONU"},"content":{"rendered":"<p style=\"text-align: justify\">\n<p style=\"text-align: justify\"><strong><span style=\"font-size: 14pt;font-family: Tahoma, Arial, Helvetica, sans-serif\">NOTI-AM\u00c9RICA PER\u00da<\/span><\/strong><\/p>\n<p style=\"text-align: justify\">\n<p style=\"text-align: right\"><strong><span style=\"font-size: 14pt;font-family: Tahoma, Arial, Helvetica, sans-serif\">Por Geomar Pacheco Rivera<\/span><\/strong><\/p>\n<p style=\"text-align: justify\">\n<p style=\"text-align: justify\">\n<p style=\"text-align: justify\"><span style=\"font-size: 14pt;font-family: Tahoma, Arial, Helvetica, sans-serif\">En el marco del D\u00eda Internacional de la Eliminaci\u00f3n de la Violencia contra la Mujer, recordemos que el 17 de diciembre de 1999, a trav\u00e9s de la Resoluci\u00f3n 54\/134, la Asamblea General de Naciones Unidas declar\u00f3 el 25 de noviembre como el D\u00eda Internacional de la Eliminaci\u00f3n de la Violencia contra la Mujer.<\/span><\/p>\n<p style=\"text-align: justify\">\n<p style=\"text-align: justify\"><span style=\"font-size: 14pt;font-family: Tahoma, Arial, Helvetica, sans-serif\">En aquella declaraci\u00f3n se entend\u00eda por violencia contra la mujer \u201ctodo acto de violencia basado en la pertenencia al sexo femenino que tenga o pueda tener como resultado un da\u00f1o o sufrimiento f\u00edsico, sexual o psicol\u00f3gico para la mujer, as\u00ed como las amenazas de tales actos, la coacci\u00f3n o la privaci\u00f3n arbitraria de la libertad, tanto si se producen en la vida p\u00fablica como en la vida privada\u201d.<\/span><\/p>\n<p style=\"text-align: justify\"><img loading=\"lazy\" decoding=\"async\" class=\"alignnone size-full wp-image-9332\" src=\"https:\/\/noti-america.com\/site\/peru\/wp-content\/uploads\/sites\/8\/2025\/11\/IMG-20251125-WA0089.jpg\" alt=\"\" width=\"720\" height=\"540\" srcset=\"https:\/\/noti-america.com\/site\/peru\/wp-content\/uploads\/sites\/8\/2025\/11\/IMG-20251125-WA0089.jpg 720w, https:\/\/noti-america.com\/site\/peru\/wp-content\/uploads\/sites\/8\/2025\/11\/IMG-20251125-WA0089-300x225.jpg 300w\" sizes=\"auto, (max-width: 720px) 100vw, 720px\" \/><\/p>\n<p style=\"text-align: justify\"><span style=\"font-size: 14pt;font-family: Tahoma, Arial, Helvetica, sans-serif\">Desde entonces han sido invitados los gobiernos, organizaciones internacionales y no gubernamentales a realizar actividades dirigidas a sensibilizar a la opini\u00f3n p\u00fablica sobre el problema de la violencia contra la mujer.<\/span><\/p>\n<p style=\"text-align: justify\">\n<p style=\"text-align: justify\"><span style=\"font-size: 14pt;font-family: Tahoma, Arial, Helvetica, sans-serif\">De acuerdo con un informe de la Organizaci\u00f3n de las Naciones Unidas (ONU), una de cada tres mujeres ha sido v\u00edctima de violencia a lo largo de su vida. En tiempos de crisis, las cifras aumentaron, como se vio durante la pandemia de la covid-19 y las recientes crisis humanitarias, los conflictos y desastres clim\u00e1ticos.<\/span><\/p>\n<p style=\"text-align: justify\">\n<p style=\"text-align: justify\"><span style=\"font-size: 14pt;font-family: Tahoma, Arial, Helvetica, sans-serif\">Un nuevo informe de ONU Mujeres, basado en datos de 12 pa\u00edses desde la pandemia, recoge que dos de cada tres mujeres padecieron alguna forma de violencia o conoc\u00edan a alguna mujer que la sufr\u00eda. Sin embargo, solo una de cada 10 dijo que recurrir\u00eda a la polic\u00eda en busca de ayuda. Tambi\u00e9n se concluy\u00f3 que estas mujeres tienen m\u00e1s probabilidades de enfrentarse a situaciones de pobreza y escasez de alimentos.<\/span><\/p>\n<p style=\"text-align: justify\"><img loading=\"lazy\" decoding=\"async\" class=\"alignnone size-full wp-image-9333\" src=\"https:\/\/noti-america.com\/site\/peru\/wp-content\/uploads\/sites\/8\/2025\/11\/IMG-20251125-WA0091.jpg\" alt=\"\" width=\"1080\" height=\"261\" srcset=\"https:\/\/noti-america.com\/site\/peru\/wp-content\/uploads\/sites\/8\/2025\/11\/IMG-20251125-WA0091.jpg 1080w, https:\/\/noti-america.com\/site\/peru\/wp-content\/uploads\/sites\/8\/2025\/11\/IMG-20251125-WA0091-300x73.jpg 300w, https:\/\/noti-america.com\/site\/peru\/wp-content\/uploads\/sites\/8\/2025\/11\/IMG-20251125-WA0091-1024x247.jpg 1024w, https:\/\/noti-america.com\/site\/peru\/wp-content\/uploads\/sites\/8\/2025\/11\/IMG-20251125-WA0091-768x186.jpg 768w\" sizes=\"auto, (max-width: 1080px) 100vw, 1080px\" \/><\/p>\n<p style=\"text-align: justify\"><span style=\"font-size: 14pt;font-family: Tahoma, Arial, Helvetica, sans-serif\">En memoria a las m\u00e1rtires, las hermanas Mirabal: Patricia, Minerva y Mar\u00eda Teresa, presas pol\u00edticas por reclamar derechos laborales, que fueron asesinadas por la dictadura de Rafael Trujillo en Rep\u00fablica Dominicana, el encuentro feminista latinoamericano y caribe\u00f1o realizado en Bogot\u00e1 en 1981 acord\u00f3 se\u00f1alar el 25 de noviembre como fecha para conmemorar la lucha por la erradicaci\u00f3n de la violencia contra las ni\u00f1as y mujeres discriminadas que sufren, en el aspecto legal com <\/span><span style=\"font-size: 14pt;font-family: Tahoma, Arial, Helvetica, sans-serif\">o en la pr\u00e1ctica.<\/span><\/p>\n","protected":false},"excerpt":{"rendered":"<p>NOTI-AM\u00c9RICA PER\u00da Por Geomar Pacheco Rivera En el marco del D\u00eda Internacional de la Eliminaci\u00f3n de la Violencia contra la Mujer, recordemos que el 17 de diciembre de 1999, a trav\u00e9s de la Resoluci\u00f3n&#46;&#46;&#46;<\/p>\n","protected":false},"author":70,"featured_media":9332,"comment_status":"open","ping_status":"open","sticky":false,"template":"","format":"standard","meta":{"_acf_changed":false,"rop_custom_images_group":[],"rop_custom_messages_group":[],"rop_publish_now":"no","rop_publish_now_accounts":{"twitter_242054905_242054905":""},"rop_publish_now_history":[{"account":"twitter_242054905_242054905","service":"twitter","timestamp":1764141167,"status":"queued"}],"rop_publish_now_status":"queued","footnotes":""},"categories":[268,4],"tags":[],"class_list":["post-9331","post","type-post","status-publish","format-standard","has-post-thumbnail","hentry","category-acturalidad","category-internacionales"],"acf":[],"yoast_head":"<!-- This site is optimized with the Yoast SEO Premium plugin v24.9 (Yoast SEO v27.2) - https:\/\/yoast.com\/product\/yoast-seo-premium-wordpress\/ -->\n<title>ALTO A LA VIOLENCIA CONTRA LA MUJER EN LOS PA\u00cdSES MIEMBROS DE LA ONU - Per\u00fa | Noti-America.com<\/title>\n<meta name=\"robots\" content=\"index, follow, max-snippet:-1, max-image-preview:large, max-video-preview:-1\" \/>\n<link rel=\"canonical\" href=\"https:\/\/noti-america.com\/site\/peru\/2025\/11\/26\/alto-a-la-violencia-contra-la-mujer-en-los-paises-miembros-de-la-onu\/\" \/>\n<meta property=\"og:locale\" content=\"es_ES\" \/>\n<meta property=\"og:type\" content=\"article\" \/>\n<meta property=\"og:title\" content=\"ALTO A LA VIOLENCIA CONTRA LA MUJER EN LOS PA\u00cdSES MIEMBROS DE LA ONU\" \/>\n<meta property=\"og:description\" content=\"NOTI-AM\u00c9RICA PER\u00da Por Geomar Pacheco Rivera En el marco del D\u00eda Internacional de la Eliminaci\u00f3n de la Violencia contra la Mujer, recordemos que el 17 de diciembre de 1999, a trav\u00e9s de la Resoluci\u00f3n&#046;&#046;&#046;\" \/>\n<meta property=\"og:url\" content=\"https:\/\/noti-america.com\/site\/peru\/2025\/11\/26\/alto-a-la-violencia-contra-la-mujer-en-los-paises-miembros-de-la-onu\/\" \/>\n<meta property=\"og:site_name\" content=\"Per\u00fa | Noti-America.com\" \/>\n<meta property=\"article:published_time\" content=\"2025-11-26T07:12:46+00:00\" \/>\n<meta property=\"og:image\" content=\"https:\/\/noti-america.com\/site\/peru\/wp-content\/uploads\/sites\/8\/2025\/11\/IMG-20251125-WA0089.jpg\" \/>\n\t<meta property=\"og:image:width\" content=\"720\" \/>\n\t<meta property=\"og:image:height\" content=\"540\" \/>\n\t<meta property=\"og:image:type\" content=\"image\/jpeg\" \/>\n<meta name=\"author\" content=\"Geomar Pacheco R.\" \/>\n<meta name=\"twitter:card\" content=\"summary_large_image\" \/>\n<meta name=\"twitter:creator\" content=\"@GeomarPacheco1\" \/>\n<meta name=\"twitter:label1\" content=\"Escrito por\" \/>\n\t<meta name=\"twitter:data1\" content=\"Geomar Pacheco R.\" \/>\n\t<meta name=\"twitter:label2\" content=\"Tiempo estimado de lectura\" \/>\n\t<meta name=\"twitter:data2\" content=\"3 minutos\" \/>\n<script type=\"application\/ld+json\" class=\"yoast-schema-graph\">{\"@context\":\"https:\/\/schema.org\",\"@graph\":[{\"@type\":\"Article\",\"@id\":\"https:\/\/noti-america.com\/site\/peru\/2025\/11\/26\/alto-a-la-violencia-contra-la-mujer-en-los-paises-miembros-de-la-onu\/#article\",\"isPartOf\":{\"@id\":\"https:\/\/noti-america.com\/site\/peru\/2025\/11\/26\/alto-a-la-violencia-contra-la-mujer-en-los-paises-miembros-de-la-onu\/\"},\"author\":{\"name\":\"Geomar Pacheco R.\",\"@id\":\"https:\/\/noti-america.com\/site\/peru\/#\/schema\/person\/28a35f20383bf2485bc838bfe76aebdc\"},\"headline\":\"ALTO A LA VIOLENCIA CONTRA LA MUJER EN LOS PA\u00cdSES MIEMBROS DE LA ONU\",\"datePublished\":\"2025-11-26T07:12:46+00:00\",\"mainEntityOfPage\":{\"@id\":\"https:\/\/noti-america.com\/site\/peru\/2025\/11\/26\/alto-a-la-violencia-contra-la-mujer-en-los-paises-miembros-de-la-onu\/\"},\"wordCount\":404,\"commentCount\":0,\"publisher\":{\"@id\":\"https:\/\/noti-america.com\/site\/peru\/#organization\"},\"image\":{\"@id\":\"https:\/\/noti-america.com\/site\/peru\/2025\/11\/26\/alto-a-la-violencia-contra-la-mujer-en-los-paises-miembros-de-la-onu\/#primaryimage\"},\"thumbnailUrl\":\"https:\/\/noti-america.com\/site\/peru\/wp-content\/uploads\/sites\/8\/2025\/11\/IMG-20251125-WA0089.jpg\",\"articleSection\":[\"Actualidad\",\"Internacionales\"],\"inLanguage\":\"es\",\"potentialAction\":[{\"@type\":\"CommentAction\",\"name\":\"Comment\",\"target\":[\"https:\/\/noti-america.com\/site\/peru\/2025\/11\/26\/alto-a-la-violencia-contra-la-mujer-en-los-paises-miembros-de-la-onu\/#respond\"]}]},{\"@type\":\"WebPage\",\"@id\":\"https:\/\/noti-america.com\/site\/peru\/2025\/11\/26\/alto-a-la-violencia-contra-la-mujer-en-los-paises-miembros-de-la-onu\/\",\"url\":\"https:\/\/noti-america.com\/site\/peru\/2025\/11\/26\/alto-a-la-violencia-contra-la-mujer-en-los-paises-miembros-de-la-onu\/\",\"name\":\"ALTO A LA VIOLENCIA CONTRA LA MUJER EN LOS PA\u00cdSES MIEMBROS DE LA ONU - Per\u00fa | Noti-America.com\",\"isPartOf\":{\"@id\":\"https:\/\/noti-america.com\/site\/peru\/#website\"},\"primaryImageOfPage\":{\"@id\":\"https:\/\/noti-america.com\/site\/peru\/2025\/11\/26\/alto-a-la-violencia-contra-la-mujer-en-los-paises-miembros-de-la-onu\/#primaryimage\"},\"image\":{\"@id\":\"https:\/\/noti-america.com\/site\/peru\/2025\/11\/26\/alto-a-la-violencia-contra-la-mujer-en-los-paises-miembros-de-la-onu\/#primaryimage\"},\"thumbnailUrl\":\"https:\/\/noti-america.com\/site\/peru\/wp-content\/uploads\/sites\/8\/2025\/11\/IMG-20251125-WA0089.jpg\",\"datePublished\":\"2025-11-26T07:12:46+00:00\",\"breadcrumb\":{\"@id\":\"https:\/\/noti-america.com\/site\/peru\/2025\/11\/26\/alto-a-la-violencia-contra-la-mujer-en-los-paises-miembros-de-la-onu\/#breadcrumb\"},\"inLanguage\":\"es\",\"potentialAction\":[{\"@type\":\"ReadAction\",\"target\":[\"https:\/\/noti-america.com\/site\/peru\/2025\/11\/26\/alto-a-la-violencia-contra-la-mujer-en-los-paises-miembros-de-la-onu\/\"]}]},{\"@type\":\"ImageObject\",\"inLanguage\":\"es\",\"@id\":\"https:\/\/noti-america.com\/site\/peru\/2025\/11\/26\/alto-a-la-violencia-contra-la-mujer-en-los-paises-miembros-de-la-onu\/#primaryimage\",\"url\":\"https:\/\/noti-america.com\/site\/peru\/wp-content\/uploads\/sites\/8\/2025\/11\/IMG-20251125-WA0089.jpg\",\"contentUrl\":\"https:\/\/noti-america.com\/site\/peru\/wp-content\/uploads\/sites\/8\/2025\/11\/IMG-20251125-WA0089.jpg\",\"width\":720,\"height\":540},{\"@type\":\"BreadcrumbList\",\"@id\":\"https:\/\/noti-america.com\/site\/peru\/2025\/11\/26\/alto-a-la-violencia-contra-la-mujer-en-los-paises-miembros-de-la-onu\/#breadcrumb\",\"itemListElement\":[{\"@type\":\"ListItem\",\"position\":1,\"name\":\"Portada\",\"item\":\"https:\/\/noti-america.com\/site\/peru\/\"},{\"@type\":\"ListItem\",\"position\":2,\"name\":\"ALTO A LA VIOLENCIA CONTRA LA MUJER EN LOS PA\u00cdSES MIEMBROS DE LA ONU\"}]},{\"@type\":\"WebSite\",\"@id\":\"https:\/\/noti-america.com\/site\/peru\/#website\",\"url\":\"https:\/\/noti-america.com\/site\/peru\/\",\"name\":\"Per\u00fa | Noti-America.com\",\"description\":\"\",\"publisher\":{\"@id\":\"https:\/\/noti-america.com\/site\/peru\/#organization\"},\"potentialAction\":[{\"@type\":\"SearchAction\",\"target\":{\"@type\":\"EntryPoint\",\"urlTemplate\":\"https:\/\/noti-america.com\/site\/peru\/?s={search_term_string}\"},\"query-input\":{\"@type\":\"PropertyValueSpecification\",\"valueRequired\":true,\"valueName\":\"search_term_string\"}}],\"inLanguage\":\"es\"},{\"@type\":\"Organization\",\"@id\":\"https:\/\/noti-america.com\/site\/peru\/#organization\",\"name\":\"Noti-America LLC | Per\u00fa\",\"url\":\"https:\/\/noti-america.com\/site\/peru\/\",\"logo\":{\"@type\":\"ImageObject\",\"inLanguage\":\"es\",\"@id\":\"https:\/\/noti-america.com\/site\/peru\/#\/schema\/logo\/image\/\",\"url\":\"https:\/\/noti-america.com\/site\/peru\/wp-content\/uploads\/sites\/8\/2020\/07\/LogoNA-4x3-1.jpg\",\"contentUrl\":\"https:\/\/noti-america.com\/site\/peru\/wp-content\/uploads\/sites\/8\/2020\/07\/LogoNA-4x3-1.jpg\",\"width\":1236,\"height\":1080,\"caption\":\"Noti-America LLC | Per\u00fa\"},\"image\":{\"@id\":\"https:\/\/noti-america.com\/site\/peru\/#\/schema\/logo\/image\/\"}},{\"@type\":\"Person\",\"@id\":\"https:\/\/noti-america.com\/site\/peru\/#\/schema\/person\/28a35f20383bf2485bc838bfe76aebdc\",\"name\":\"Geomar Pacheco R.\",\"image\":{\"@type\":\"ImageObject\",\"inLanguage\":\"es\",\"@id\":\"https:\/\/secure.gravatar.com\/avatar\/5f09cb527f9632e92234c6fc6e2cbcefebeed6bdeb0f9129ea4cbc7aa71587c6?s=96&d=mm&r=g\",\"url\":\"https:\/\/secure.gravatar.com\/avatar\/5f09cb527f9632e92234c6fc6e2cbcefebeed6bdeb0f9129ea4cbc7aa71587c6?s=96&d=mm&r=g\",\"contentUrl\":\"https:\/\/secure.gravatar.com\/avatar\/5f09cb527f9632e92234c6fc6e2cbcefebeed6bdeb0f9129ea4cbc7aa71587c6?s=96&d=mm&r=g\",\"caption\":\"Geomar Pacheco R.\"},\"sameAs\":[\"https:\/\/x.com\/GeomarPacheco1\"],\"url\":\"https:\/\/noti-america.com\/site\/peru\/author\/gpacheco\/\"}]}<\/script>\n<!-- \/ Yoast SEO Premium plugin. -->","yoast_head_json":{"title":"ALTO A LA VIOLENCIA CONTRA LA MUJER EN LOS PA\u00cdSES MIEMBROS DE LA ONU - Per\u00fa | Noti-America.com","robots":{"index":"index","follow":"follow","max-snippet":"max-snippet:-1","max-image-preview":"max-image-preview:large","max-video-preview":"max-video-preview:-1"},"canonical":"https:\/\/noti-america.com\/site\/peru\/2025\/11\/26\/alto-a-la-violencia-contra-la-mujer-en-los-paises-miembros-de-la-onu\/","og_locale":"es_ES","og_type":"article","og_title":"ALTO A LA VIOLENCIA CONTRA LA MUJER EN LOS PA\u00cdSES MIEMBROS DE LA ONU","og_description":"NOTI-AM\u00c9RICA PER\u00da Por Geomar Pacheco Rivera En el marco del D\u00eda Internacional de la Eliminaci\u00f3n de la Violencia contra la Mujer, recordemos que el 17 de diciembre de 1999, a trav\u00e9s de la Resoluci\u00f3n&#46;&#46;&#46;","og_url":"https:\/\/noti-america.com\/site\/peru\/2025\/11\/26\/alto-a-la-violencia-contra-la-mujer-en-los-paises-miembros-de-la-onu\/","og_site_name":"Per\u00fa | Noti-America.com","article_published_time":"2025-11-26T07:12:46+00:00","og_image":[{"width":720,"height":540,"url":"https:\/\/noti-america.com\/site\/peru\/wp-content\/uploads\/sites\/8\/2025\/11\/IMG-20251125-WA0089.jpg","type":"image\/jpeg"}],"author":"Geomar Pacheco R.","twitter_card":"summary_large_image","twitter_creator":"@GeomarPacheco1","twitter_misc":{"Escrito por":"Geomar Pacheco R.","Tiempo estimado de lectura":"3 minutos"},"schema":{"@context":"https:\/\/schema.org","@graph":[{"@type":"Article","@id":"https:\/\/noti-america.com\/site\/peru\/2025\/11\/26\/alto-a-la-violencia-contra-la-mujer-en-los-paises-miembros-de-la-onu\/#article","isPartOf":{"@id":"https:\/\/noti-america.com\/site\/peru\/2025\/11\/26\/alto-a-la-violencia-contra-la-mujer-en-los-paises-miembros-de-la-onu\/"},"author":{"name":"Geomar Pacheco R.","@id":"https:\/\/noti-america.com\/site\/peru\/#\/schema\/person\/28a35f20383bf2485bc838bfe76aebdc"},"headline":"ALTO A LA VIOLENCIA CONTRA LA MUJER EN LOS PA\u00cdSES MIEMBROS DE LA ONU","datePublished":"2025-11-26T07:12:46+00:00","mainEntityOfPage":{"@id":"https:\/\/noti-america.com\/site\/peru\/2025\/11\/26\/alto-a-la-violencia-contra-la-mujer-en-los-paises-miembros-de-la-onu\/"},"wordCount":404,"commentCount":0,"publisher":{"@id":"https:\/\/noti-america.com\/site\/peru\/#organization"},"image":{"@id":"https:\/\/noti-america.com\/site\/peru\/2025\/11\/26\/alto-a-la-violencia-contra-la-mujer-en-los-paises-miembros-de-la-onu\/#primaryimage"},"thumbnailUrl":"https:\/\/noti-america.com\/site\/peru\/wp-content\/uploads\/sites\/8\/2025\/11\/IMG-20251125-WA0089.jpg","articleSection":["Actualidad","Internacionales"],"inLanguage":"es","potentialAction":[{"@type":"CommentAction","name":"Comment","target":["https:\/\/noti-america.com\/site\/peru\/2025\/11\/26\/alto-a-la-violencia-contra-la-mujer-en-los-paises-miembros-de-la-onu\/#respond"]}]},{"@type":"WebPage","@id":"https:\/\/noti-america.com\/site\/peru\/2025\/11\/26\/alto-a-la-violencia-contra-la-mujer-en-los-paises-miembros-de-la-onu\/","url":"https:\/\/noti-america.com\/site\/peru\/2025\/11\/26\/alto-a-la-violencia-contra-la-mujer-en-los-paises-miembros-de-la-onu\/","name":"ALTO A LA VIOLENCIA CONTRA LA MUJER EN LOS PA\u00cdSES MIEMBROS DE LA ONU - Per\u00fa | Noti-America.com","isPartOf":{"@id":"https:\/\/noti-america.com\/site\/peru\/#website"},"primaryImageOfPage":{"@id":"https:\/\/noti-america.com\/site\/peru\/2025\/11\/26\/alto-a-la-violencia-contra-la-mujer-en-los-paises-miembros-de-la-onu\/#primaryimage"},"image":{"@id":"https:\/\/noti-america.com\/site\/peru\/2025\/11\/26\/alto-a-la-violencia-contra-la-mujer-en-los-paises-miembros-de-la-onu\/#primaryimage"},"thumbnailUrl":"https:\/\/noti-america.com\/site\/peru\/wp-content\/uploads\/sites\/8\/2025\/11\/IMG-20251125-WA0089.jpg","datePublished":"2025-11-26T07:12:46+00:00","breadcrumb":{"@id":"https:\/\/noti-america.com\/site\/peru\/2025\/11\/26\/alto-a-la-violencia-contra-la-mujer-en-los-paises-miembros-de-la-onu\/#breadcrumb"},"inLanguage":"es","potentialAction":[{"@type":"ReadAction","target":["https:\/\/noti-america.com\/site\/peru\/2025\/11\/26\/alto-a-la-violencia-contra-la-mujer-en-los-paises-miembros-de-la-onu\/"]}]},{"@type":"ImageObject","inLanguage":"es","@id":"https:\/\/noti-america.com\/site\/peru\/2025\/11\/26\/alto-a-la-violencia-contra-la-mujer-en-los-paises-miembros-de-la-onu\/#primaryimage","url":"https:\/\/noti-america.com\/site\/peru\/wp-content\/uploads\/sites\/8\/2025\/11\/IMG-20251125-WA0089.jpg","contentUrl":"https:\/\/noti-america.com\/site\/peru\/wp-content\/uploads\/sites\/8\/2025\/11\/IMG-20251125-WA0089.jpg","width":720,"height":540},{"@type":"BreadcrumbList","@id":"https:\/\/noti-america.com\/site\/peru\/2025\/11\/26\/alto-a-la-violencia-contra-la-mujer-en-los-paises-miembros-de-la-onu\/#breadcrumb","itemListElement":[{"@type":"ListItem","position":1,"name":"Portada","item":"https:\/\/noti-america.com\/site\/peru\/"},{"@type":"ListItem","position":2,"name":"ALTO A LA VIOLENCIA CONTRA LA MUJER EN LOS PA\u00cdSES MIEMBROS DE LA ONU"}]},{"@type":"WebSite","@id":"https:\/\/noti-america.com\/site\/peru\/#website","url":"https:\/\/noti-america.com\/site\/peru\/","name":"Per\u00fa | Noti-America.com","description":"","publisher":{"@id":"https:\/\/noti-america.com\/site\/peru\/#organization"},"potentialAction":[{"@type":"SearchAction","target":{"@type":"EntryPoint","urlTemplate":"https:\/\/noti-america.com\/site\/peru\/?s={search_term_string}"},"query-input":{"@type":"PropertyValueSpecification","valueRequired":true,"valueName":"search_term_string"}}],"inLanguage":"es"},{"@type":"Organization","@id":"https:\/\/noti-america.com\/site\/peru\/#organization","name":"Noti-America LLC | Per\u00fa","url":"https:\/\/noti-america.com\/site\/peru\/","logo":{"@type":"ImageObject","inLanguage":"es","@id":"https:\/\/noti-america.com\/site\/peru\/#\/schema\/logo\/image\/","url":"https:\/\/noti-america.com\/site\/peru\/wp-content\/uploads\/sites\/8\/2020\/07\/LogoNA-4x3-1.jpg","contentUrl":"https:\/\/noti-america.com\/site\/peru\/wp-content\/uploads\/sites\/8\/2020\/07\/LogoNA-4x3-1.jpg","width":1236,"height":1080,"caption":"Noti-America LLC | Per\u00fa"},"image":{"@id":"https:\/\/noti-america.com\/site\/peru\/#\/schema\/logo\/image\/"}},{"@type":"Person","@id":"https:\/\/noti-america.com\/site\/peru\/#\/schema\/person\/28a35f20383bf2485bc838bfe76aebdc","name":"Geomar Pacheco R.","image":{"@type":"ImageObject","inLanguage":"es","@id":"https:\/\/secure.gravatar.com\/avatar\/5f09cb527f9632e92234c6fc6e2cbcefebeed6bdeb0f9129ea4cbc7aa71587c6?s=96&d=mm&r=g","url":"https:\/\/secure.gravatar.com\/avatar\/5f09cb527f9632e92234c6fc6e2cbcefebeed6bdeb0f9129ea4cbc7aa71587c6?s=96&d=mm&r=g","contentUrl":"https:\/\/secure.gravatar.com\/avatar\/5f09cb527f9632e92234c6fc6e2cbcefebeed6bdeb0f9129ea4cbc7aa71587c6?s=96&d=mm&r=g","caption":"Geomar Pacheco R."},"sameAs":["https:\/\/x.com\/GeomarPacheco1"],"url":"https:\/\/noti-america.com\/site\/peru\/author\/gpacheco\/"}]}},"_links":{"self":[{"href":"https:\/\/noti-america.com\/site\/peru\/wp-json\/wp\/v2\/posts\/9331","targetHints":{"allow":["GET"]}}],"collection":[{"href":"https:\/\/noti-america.com\/site\/peru\/wp-json\/wp\/v2\/posts"}],"about":[{"href":"https:\/\/noti-america.com\/site\/peru\/wp-json\/wp\/v2\/types\/post"}],"author":[{"embeddable":true,"href":"https:\/\/noti-america.com\/site\/peru\/wp-json\/wp\/v2\/users\/70"}],"replies":[{"embeddable":true,"href":"https:\/\/noti-america.com\/site\/peru\/wp-json\/wp\/v2\/comments?post=9331"}],"version-history":[{"count":1,"href":"https:\/\/noti-america.com\/site\/peru\/wp-json\/wp\/v2\/posts\/9331\/revisions"}],"predecessor-version":[{"id":9334,"href":"https:\/\/noti-america.com\/site\/peru\/wp-json\/wp\/v2\/posts\/9331\/revisions\/9334"}],"wp:featuredmedia":[{"embeddable":true,"href":"https:\/\/noti-america.com\/site\/peru\/wp-json\/wp\/v2\/media\/9332"}],"wp:attachment":[{"href":"https:\/\/noti-america.com\/site\/peru\/wp-json\/wp\/v2\/media?parent=9331"}],"wp:term":[{"taxonomy":"category","embeddable":true,"href":"https:\/\/noti-america.com\/site\/peru\/wp-json\/wp\/v2\/categories?post=9331"},{"taxonomy":"post_tag","embeddable":true,"href":"https:\/\/noti-america.com\/site\/peru\/wp-json\/wp\/v2\/tags?post=9331"}],"curies":[{"name":"wp","href":"https:\/\/api.w.org\/{rel}","templated":true}]}}