{"id":9283,"date":"2025-11-14T16:57:20","date_gmt":"2025-11-14T16:57:20","guid":{"rendered":"https:\/\/noti-america.com\/site\/peru\/?p=9283"},"modified":"2025-11-14T16:57:20","modified_gmt":"2025-11-14T16:57:20","slug":"nombran-a-nuevo-jefe-del-instituto-peruano-del-deporte","status":"publish","type":"post","link":"https:\/\/noti-america.com\/site\/peru\/2025\/11\/14\/nombran-a-nuevo-jefe-del-instituto-peruano-del-deporte\/","title":{"rendered":"NOMBRAN A NUEVO JEFE DEL INSTITUTO PERUANO DEL DEPORTE\u00a0"},"content":{"rendered":"<p style=\"text-align: justify\"><strong><span style=\"font-size: 14pt;font-family: Tahoma, Arial, Helvetica, sans-serif\">NOTI-AM\u00c9RICA PER\u00da<\/span><\/strong><\/p>\n<p style=\"text-align: justify\"><strong><span style=\"font-size: 14pt;font-family: Tahoma, Arial, Helvetica, sans-serif\">\u00a0<\/span><\/strong><\/p>\n<p style=\"text-align: right\"><strong><span style=\"font-size: 14pt;font-family: Tahoma, Arial, Helvetica, sans-serif\">Por Geomar Pacheco Rivera\u00a0<\/span><\/strong><\/p>\n<p style=\"text-align: justify\"><span style=\"font-size: 14pt;font-family: Tahoma, Arial, Helvetica, sans-serif\"><strong><\/p>\n<p><\/strong><\/span><\/p>\n<p style=\"text-align: justify\"><span style=\"font-weight: 400;font-size: 14pt;font-family: Tahoma, Arial, Helvetica, sans-serif\">El Poder Ejecutivo design\u00f3 al ciudadano Sergio Luis Lude\u00f1a Visalot en el cargo de presidente del Instituto Peruano del Deporte (IPD), mediante una norma legal publicada el jueves 13 de noviembre.<\/span><\/p>\n<p style=\"text-align: justify\"><span style=\"font-size: 14pt;font-family: Tahoma, Arial, Helvetica, sans-serif\"><strong><img loading=\"lazy\" decoding=\"async\" class=\"aligncenter wp-image-9284 size-full\" src=\"https:\/\/noti-america.com\/site\/peru\/wp-content\/uploads\/sites\/8\/2025\/11\/Imagen-de-WhatsApp-2025-11-14-a-las-00.36.02_c885c091.jpg\" alt=\"\" width=\"1600\" height=\"1066\" srcset=\"https:\/\/noti-america.com\/site\/peru\/wp-content\/uploads\/sites\/8\/2025\/11\/Imagen-de-WhatsApp-2025-11-14-a-las-00.36.02_c885c091.jpg 1600w, https:\/\/noti-america.com\/site\/peru\/wp-content\/uploads\/sites\/8\/2025\/11\/Imagen-de-WhatsApp-2025-11-14-a-las-00.36.02_c885c091-300x200.jpg 300w, https:\/\/noti-america.com\/site\/peru\/wp-content\/uploads\/sites\/8\/2025\/11\/Imagen-de-WhatsApp-2025-11-14-a-las-00.36.02_c885c091-1024x682.jpg 1024w, https:\/\/noti-america.com\/site\/peru\/wp-content\/uploads\/sites\/8\/2025\/11\/Imagen-de-WhatsApp-2025-11-14-a-las-00.36.02_c885c091-768x512.jpg 768w, https:\/\/noti-america.com\/site\/peru\/wp-content\/uploads\/sites\/8\/2025\/11\/Imagen-de-WhatsApp-2025-11-14-a-las-00.36.02_c885c091-1536x1023.jpg 1536w, https:\/\/noti-america.com\/site\/peru\/wp-content\/uploads\/sites\/8\/2025\/11\/Imagen-de-WhatsApp-2025-11-14-a-las-00.36.02_c885c091-272x182.jpg 272w\" sizes=\"auto, (max-width: 1600px) 100vw, 1600px\" \/><\/strong><\/span><\/p>\n<p style=\"text-align: justify\"><span style=\"font-weight: 400;font-size: 14pt;font-family: Tahoma, Arial, Helvetica, sans-serif\">La Resoluci\u00f3n Suprema N\u00b0 014-2025-MINEDU con la designaci\u00f3n de Lude\u00f1a Visalot aparece publicada en una edici\u00f3n extraordinaria del diario oficial \u2018El Peruano\u2019. El flamante dirigente del deporte peruano curs\u00f3 estudios en la Escuela Universitaria Real Madrid Universidad Europea.<\/span><\/p>\n<p style=\"text-align: justify\"><span style=\"font-size: 14pt;font-family: Tahoma, Arial, Helvetica, sans-serif\"><strong>\u00a0<\/strong><\/span><\/p>\n<p style=\"text-align: justify\"><span style=\"font-weight: 400;font-size: 14pt;font-family: Tahoma, Arial, Helvetica, sans-serif\">Dicha resoluci\u00f3n es refrendada por el ministro de Educaci\u00f3n, Jorge Eduardo Figueroa Guzm\u00e1n, y est\u00e1 firmada por el presidente de la Rep\u00fablica, Jos\u00e9 Enrique Jer\u00ed Or\u00e9.<\/span><\/p>\n<p style=\"text-align: justify\"><span style=\"font-size: 14pt;font-family: Tahoma, Arial, Helvetica, sans-serif\"><strong><img loading=\"lazy\" decoding=\"async\" class=\"aligncenter wp-image-9285 size-full\" src=\"https:\/\/noti-america.com\/site\/peru\/wp-content\/uploads\/sites\/8\/2025\/11\/Imagen-de-WhatsApp-2025-11-14-a-las-00.34.42_617e984e.jpg\" alt=\"\" width=\"470\" height=\"470\" srcset=\"https:\/\/noti-america.com\/site\/peru\/wp-content\/uploads\/sites\/8\/2025\/11\/Imagen-de-WhatsApp-2025-11-14-a-las-00.34.42_617e984e.jpg 470w, https:\/\/noti-america.com\/site\/peru\/wp-content\/uploads\/sites\/8\/2025\/11\/Imagen-de-WhatsApp-2025-11-14-a-las-00.34.42_617e984e-300x300.jpg 300w, https:\/\/noti-america.com\/site\/peru\/wp-content\/uploads\/sites\/8\/2025\/11\/Imagen-de-WhatsApp-2025-11-14-a-las-00.34.42_617e984e-150x150.jpg 150w, https:\/\/noti-america.com\/site\/peru\/wp-content\/uploads\/sites\/8\/2025\/11\/Imagen-de-WhatsApp-2025-11-14-a-las-00.34.42_617e984e-80x80.jpg 80w, https:\/\/noti-america.com\/site\/peru\/wp-content\/uploads\/sites\/8\/2025\/11\/Imagen-de-WhatsApp-2025-11-14-a-las-00.34.42_617e984e-320x320.jpg 320w\" sizes=\"auto, (max-width: 470px) 100vw, 470px\" \/><\/strong><\/span><\/p>\n<p>&nbsp;<\/p>\n<p style=\"text-align: justify\"><span style=\"font-weight: 400;font-size: 14pt;font-family: Tahoma, Arial, Helvetica, sans-serif\">Previamente, por medio de la Resoluci\u00f3n Suprema N\u00b0 013-2025-MINEDU, el Ejecutivo dio por concluida la designaci\u00f3n del se\u00f1or Teodoro Federico Tong Hurtado en el cargo de presidente del Instituto Peruano Deporte.<\/span><\/p>\n<p style=\"text-align: justify\"><span style=\"font-size: 14pt;font-family: Tahoma, Arial, Helvetica, sans-serif\"><strong>\u00a0<\/strong><\/span><\/p>\n<p style=\"text-align: justify\"><span style=\"font-weight: 400;font-size: 14pt;font-family: Tahoma, Arial, Helvetica, sans-serif\">En el art\u00edculo 1 de la norma legal se le dan a Tong Hurtado las gracias por los servicios prestados.<\/span><\/p>\n","protected":false},"excerpt":{"rendered":"<p>NOTI-AM\u00c9RICA PER\u00da \u00a0 Por Geomar Pacheco Rivera\u00a0 El Poder Ejecutivo design\u00f3 al ciudadano Sergio Luis Lude\u00f1a Visalot en el cargo de presidente del Instituto Peruano del Deporte (IPD), mediante una norma legal publicada el&#46;&#46;&#46;<\/p>\n","protected":false},"author":70,"featured_media":9285,"comment_status":"open","ping_status":"open","sticky":false,"template":"","format":"standard","meta":{"_acf_changed":false,"rop_custom_images_group":[],"rop_custom_messages_group":[],"rop_publish_now":"no","rop_publish_now_accounts":{"twitter_242054905_242054905":""},"rop_publish_now_history":[{"account":"twitter_242054905_242054905","service":"twitter","timestamp":1763139442,"status":"queued"}],"rop_publish_now_status":"queued","footnotes":""},"categories":[268,117,235],"tags":[],"class_list":["post-9283","post","type-post","status-publish","format-standard","has-post-thumbnail","hentry","category-acturalidad","category-es-noticia-en","category-nacional"],"acf":[],"yoast_head":"<!-- This site is optimized with the Yoast SEO Premium plugin v24.9 (Yoast SEO v27.2) - https:\/\/yoast.com\/product\/yoast-seo-premium-wordpress\/ -->\n<title>NOMBRAN A NUEVO JEFE DEL INSTITUTO PERUANO DEL DEPORTE\u00a0 - Per\u00fa | Noti-America.com<\/title>\n<meta name=\"robots\" content=\"index, follow, max-snippet:-1, max-image-preview:large, max-video-preview:-1\" \/>\n<link rel=\"canonical\" href=\"https:\/\/noti-america.com\/site\/peru\/2025\/11\/14\/nombran-a-nuevo-jefe-del-instituto-peruano-del-deporte\/\" \/>\n<meta property=\"og:locale\" content=\"es_ES\" \/>\n<meta property=\"og:type\" content=\"article\" \/>\n<meta property=\"og:title\" content=\"NOMBRAN A NUEVO JEFE DEL INSTITUTO PERUANO DEL DEPORTE\u00a0\" \/>\n<meta property=\"og:description\" content=\"NOTI-AM\u00c9RICA PER\u00da \u00a0 Por Geomar Pacheco Rivera\u00a0 El Poder Ejecutivo design\u00f3 al ciudadano Sergio Luis Lude\u00f1a Visalot en el cargo de presidente del Instituto Peruano del Deporte (IPD), mediante una norma legal publicada el&#046;&#046;&#046;\" \/>\n<meta property=\"og:url\" content=\"https:\/\/noti-america.com\/site\/peru\/2025\/11\/14\/nombran-a-nuevo-jefe-del-instituto-peruano-del-deporte\/\" \/>\n<meta property=\"og:site_name\" content=\"Per\u00fa | Noti-America.com\" \/>\n<meta property=\"article:published_time\" content=\"2025-11-14T16:57:20+00:00\" \/>\n<meta property=\"og:image\" content=\"https:\/\/noti-america.com\/site\/peru\/wp-content\/uploads\/sites\/8\/2025\/11\/Imagen-de-WhatsApp-2025-11-14-a-las-00.34.42_617e984e.jpg\" \/>\n\t<meta property=\"og:image:width\" content=\"470\" \/>\n\t<meta property=\"og:image:height\" content=\"470\" \/>\n\t<meta property=\"og:image:type\" content=\"image\/jpeg\" \/>\n<meta name=\"author\" content=\"Geomar Pacheco R.\" \/>\n<meta name=\"twitter:card\" content=\"summary_large_image\" \/>\n<meta name=\"twitter:creator\" content=\"@GeomarPacheco1\" \/>\n<meta name=\"twitter:label1\" content=\"Escrito por\" \/>\n\t<meta name=\"twitter:data1\" content=\"Geomar Pacheco R.\" \/>\n\t<meta name=\"twitter:label2\" content=\"Tiempo estimado de lectura\" \/>\n\t<meta name=\"twitter:data2\" content=\"2 minutos\" \/>\n<script type=\"application\/ld+json\" class=\"yoast-schema-graph\">{\"@context\":\"https:\/\/schema.org\",\"@graph\":[{\"@type\":\"Article\",\"@id\":\"https:\/\/noti-america.com\/site\/peru\/2025\/11\/14\/nombran-a-nuevo-jefe-del-instituto-peruano-del-deporte\/#article\",\"isPartOf\":{\"@id\":\"https:\/\/noti-america.com\/site\/peru\/2025\/11\/14\/nombran-a-nuevo-jefe-del-instituto-peruano-del-deporte\/\"},\"author\":{\"name\":\"Geomar Pacheco R.\",\"@id\":\"https:\/\/noti-america.com\/site\/peru\/#\/schema\/person\/28a35f20383bf2485bc838bfe76aebdc\"},\"headline\":\"NOMBRAN A NUEVO JEFE DEL INSTITUTO PERUANO DEL DEPORTE\u00a0\",\"datePublished\":\"2025-11-14T16:57:20+00:00\",\"mainEntityOfPage\":{\"@id\":\"https:\/\/noti-america.com\/site\/peru\/2025\/11\/14\/nombran-a-nuevo-jefe-del-instituto-peruano-del-deporte\/\"},\"wordCount\":176,\"commentCount\":0,\"publisher\":{\"@id\":\"https:\/\/noti-america.com\/site\/peru\/#organization\"},\"image\":{\"@id\":\"https:\/\/noti-america.com\/site\/peru\/2025\/11\/14\/nombran-a-nuevo-jefe-del-instituto-peruano-del-deporte\/#primaryimage\"},\"thumbnailUrl\":\"https:\/\/noti-america.com\/site\/peru\/wp-content\/uploads\/sites\/8\/2025\/11\/Imagen-de-WhatsApp-2025-11-14-a-las-00.34.42_617e984e.jpg\",\"articleSection\":[\"Actualidad\",\"Es Noticia en\",\"Nacional\"],\"inLanguage\":\"es\",\"potentialAction\":[{\"@type\":\"CommentAction\",\"name\":\"Comment\",\"target\":[\"https:\/\/noti-america.com\/site\/peru\/2025\/11\/14\/nombran-a-nuevo-jefe-del-instituto-peruano-del-deporte\/#respond\"]}]},{\"@type\":\"WebPage\",\"@id\":\"https:\/\/noti-america.com\/site\/peru\/2025\/11\/14\/nombran-a-nuevo-jefe-del-instituto-peruano-del-deporte\/\",\"url\":\"https:\/\/noti-america.com\/site\/peru\/2025\/11\/14\/nombran-a-nuevo-jefe-del-instituto-peruano-del-deporte\/\",\"name\":\"NOMBRAN A NUEVO JEFE DEL INSTITUTO PERUANO DEL DEPORTE\u00a0 - Per\u00fa | Noti-America.com\",\"isPartOf\":{\"@id\":\"https:\/\/noti-america.com\/site\/peru\/#website\"},\"primaryImageOfPage\":{\"@id\":\"https:\/\/noti-america.com\/site\/peru\/2025\/11\/14\/nombran-a-nuevo-jefe-del-instituto-peruano-del-deporte\/#primaryimage\"},\"image\":{\"@id\":\"https:\/\/noti-america.com\/site\/peru\/2025\/11\/14\/nombran-a-nuevo-jefe-del-instituto-peruano-del-deporte\/#primaryimage\"},\"thumbnailUrl\":\"https:\/\/noti-america.com\/site\/peru\/wp-content\/uploads\/sites\/8\/2025\/11\/Imagen-de-WhatsApp-2025-11-14-a-las-00.34.42_617e984e.jpg\",\"datePublished\":\"2025-11-14T16:57:20+00:00\",\"breadcrumb\":{\"@id\":\"https:\/\/noti-america.com\/site\/peru\/2025\/11\/14\/nombran-a-nuevo-jefe-del-instituto-peruano-del-deporte\/#breadcrumb\"},\"inLanguage\":\"es\",\"potentialAction\":[{\"@type\":\"ReadAction\",\"target\":[\"https:\/\/noti-america.com\/site\/peru\/2025\/11\/14\/nombran-a-nuevo-jefe-del-instituto-peruano-del-deporte\/\"]}]},{\"@type\":\"ImageObject\",\"inLanguage\":\"es\",\"@id\":\"https:\/\/noti-america.com\/site\/peru\/2025\/11\/14\/nombran-a-nuevo-jefe-del-instituto-peruano-del-deporte\/#primaryimage\",\"url\":\"https:\/\/noti-america.com\/site\/peru\/wp-content\/uploads\/sites\/8\/2025\/11\/Imagen-de-WhatsApp-2025-11-14-a-las-00.34.42_617e984e.jpg\",\"contentUrl\":\"https:\/\/noti-america.com\/site\/peru\/wp-content\/uploads\/sites\/8\/2025\/11\/Imagen-de-WhatsApp-2025-11-14-a-las-00.34.42_617e984e.jpg\",\"width\":470,\"height\":470},{\"@type\":\"BreadcrumbList\",\"@id\":\"https:\/\/noti-america.com\/site\/peru\/2025\/11\/14\/nombran-a-nuevo-jefe-del-instituto-peruano-del-deporte\/#breadcrumb\",\"itemListElement\":[{\"@type\":\"ListItem\",\"position\":1,\"name\":\"Portada\",\"item\":\"https:\/\/noti-america.com\/site\/peru\/\"},{\"@type\":\"ListItem\",\"position\":2,\"name\":\"NOMBRAN A NUEVO JEFE DEL INSTITUTO PERUANO DEL DEPORTE\u00a0\"}]},{\"@type\":\"WebSite\",\"@id\":\"https:\/\/noti-america.com\/site\/peru\/#website\",\"url\":\"https:\/\/noti-america.com\/site\/peru\/\",\"name\":\"Per\u00fa | Noti-America.com\",\"description\":\"\",\"publisher\":{\"@id\":\"https:\/\/noti-america.com\/site\/peru\/#organization\"},\"potentialAction\":[{\"@type\":\"SearchAction\",\"target\":{\"@type\":\"EntryPoint\",\"urlTemplate\":\"https:\/\/noti-america.com\/site\/peru\/?s={search_term_string}\"},\"query-input\":{\"@type\":\"PropertyValueSpecification\",\"valueRequired\":true,\"valueName\":\"search_term_string\"}}],\"inLanguage\":\"es\"},{\"@type\":\"Organization\",\"@id\":\"https:\/\/noti-america.com\/site\/peru\/#organization\",\"name\":\"Noti-America LLC | Per\u00fa\",\"url\":\"https:\/\/noti-america.com\/site\/peru\/\",\"logo\":{\"@type\":\"ImageObject\",\"inLanguage\":\"es\",\"@id\":\"https:\/\/noti-america.com\/site\/peru\/#\/schema\/logo\/image\/\",\"url\":\"https:\/\/noti-america.com\/site\/peru\/wp-content\/uploads\/sites\/8\/2020\/07\/LogoNA-4x3-1.jpg\",\"contentUrl\":\"https:\/\/noti-america.com\/site\/peru\/wp-content\/uploads\/sites\/8\/2020\/07\/LogoNA-4x3-1.jpg\",\"width\":1236,\"height\":1080,\"caption\":\"Noti-America LLC | Per\u00fa\"},\"image\":{\"@id\":\"https:\/\/noti-america.com\/site\/peru\/#\/schema\/logo\/image\/\"}},{\"@type\":\"Person\",\"@id\":\"https:\/\/noti-america.com\/site\/peru\/#\/schema\/person\/28a35f20383bf2485bc838bfe76aebdc\",\"name\":\"Geomar Pacheco R.\",\"image\":{\"@type\":\"ImageObject\",\"inLanguage\":\"es\",\"@id\":\"https:\/\/secure.gravatar.com\/avatar\/5f09cb527f9632e92234c6fc6e2cbcefebeed6bdeb0f9129ea4cbc7aa71587c6?s=96&d=mm&r=g\",\"url\":\"https:\/\/secure.gravatar.com\/avatar\/5f09cb527f9632e92234c6fc6e2cbcefebeed6bdeb0f9129ea4cbc7aa71587c6?s=96&d=mm&r=g\",\"contentUrl\":\"https:\/\/secure.gravatar.com\/avatar\/5f09cb527f9632e92234c6fc6e2cbcefebeed6bdeb0f9129ea4cbc7aa71587c6?s=96&d=mm&r=g\",\"caption\":\"Geomar Pacheco R.\"},\"sameAs\":[\"https:\/\/x.com\/GeomarPacheco1\"],\"url\":\"https:\/\/noti-america.com\/site\/peru\/author\/gpacheco\/\"}]}<\/script>\n<!-- \/ Yoast SEO Premium plugin. -->","yoast_head_json":{"title":"NOMBRAN A NUEVO JEFE DEL INSTITUTO PERUANO DEL DEPORTE\u00a0 - Per\u00fa | Noti-America.com","robots":{"index":"index","follow":"follow","max-snippet":"max-snippet:-1","max-image-preview":"max-image-preview:large","max-video-preview":"max-video-preview:-1"},"canonical":"https:\/\/noti-america.com\/site\/peru\/2025\/11\/14\/nombran-a-nuevo-jefe-del-instituto-peruano-del-deporte\/","og_locale":"es_ES","og_type":"article","og_title":"NOMBRAN A NUEVO JEFE DEL INSTITUTO PERUANO DEL DEPORTE\u00a0","og_description":"NOTI-AM\u00c9RICA PER\u00da \u00a0 Por Geomar Pacheco Rivera\u00a0 El Poder Ejecutivo design\u00f3 al ciudadano Sergio Luis Lude\u00f1a Visalot en el cargo de presidente del Instituto Peruano del Deporte (IPD), mediante una norma legal publicada el&#46;&#46;&#46;","og_url":"https:\/\/noti-america.com\/site\/peru\/2025\/11\/14\/nombran-a-nuevo-jefe-del-instituto-peruano-del-deporte\/","og_site_name":"Per\u00fa | Noti-America.com","article_published_time":"2025-11-14T16:57:20+00:00","og_image":[{"width":470,"height":470,"url":"https:\/\/noti-america.com\/site\/peru\/wp-content\/uploads\/sites\/8\/2025\/11\/Imagen-de-WhatsApp-2025-11-14-a-las-00.34.42_617e984e.jpg","type":"image\/jpeg"}],"author":"Geomar Pacheco R.","twitter_card":"summary_large_image","twitter_creator":"@GeomarPacheco1","twitter_misc":{"Escrito por":"Geomar Pacheco R.","Tiempo estimado de lectura":"2 minutos"},"schema":{"@context":"https:\/\/schema.org","@graph":[{"@type":"Article","@id":"https:\/\/noti-america.com\/site\/peru\/2025\/11\/14\/nombran-a-nuevo-jefe-del-instituto-peruano-del-deporte\/#article","isPartOf":{"@id":"https:\/\/noti-america.com\/site\/peru\/2025\/11\/14\/nombran-a-nuevo-jefe-del-instituto-peruano-del-deporte\/"},"author":{"name":"Geomar Pacheco R.","@id":"https:\/\/noti-america.com\/site\/peru\/#\/schema\/person\/28a35f20383bf2485bc838bfe76aebdc"},"headline":"NOMBRAN A NUEVO JEFE DEL INSTITUTO PERUANO DEL DEPORTE\u00a0","datePublished":"2025-11-14T16:57:20+00:00","mainEntityOfPage":{"@id":"https:\/\/noti-america.com\/site\/peru\/2025\/11\/14\/nombran-a-nuevo-jefe-del-instituto-peruano-del-deporte\/"},"wordCount":176,"commentCount":0,"publisher":{"@id":"https:\/\/noti-america.com\/site\/peru\/#organization"},"image":{"@id":"https:\/\/noti-america.com\/site\/peru\/2025\/11\/14\/nombran-a-nuevo-jefe-del-instituto-peruano-del-deporte\/#primaryimage"},"thumbnailUrl":"https:\/\/noti-america.com\/site\/peru\/wp-content\/uploads\/sites\/8\/2025\/11\/Imagen-de-WhatsApp-2025-11-14-a-las-00.34.42_617e984e.jpg","articleSection":["Actualidad","Es Noticia en","Nacional"],"inLanguage":"es","potentialAction":[{"@type":"CommentAction","name":"Comment","target":["https:\/\/noti-america.com\/site\/peru\/2025\/11\/14\/nombran-a-nuevo-jefe-del-instituto-peruano-del-deporte\/#respond"]}]},{"@type":"WebPage","@id":"https:\/\/noti-america.com\/site\/peru\/2025\/11\/14\/nombran-a-nuevo-jefe-del-instituto-peruano-del-deporte\/","url":"https:\/\/noti-america.com\/site\/peru\/2025\/11\/14\/nombran-a-nuevo-jefe-del-instituto-peruano-del-deporte\/","name":"NOMBRAN A NUEVO JEFE DEL INSTITUTO PERUANO DEL DEPORTE\u00a0 - Per\u00fa | Noti-America.com","isPartOf":{"@id":"https:\/\/noti-america.com\/site\/peru\/#website"},"primaryImageOfPage":{"@id":"https:\/\/noti-america.com\/site\/peru\/2025\/11\/14\/nombran-a-nuevo-jefe-del-instituto-peruano-del-deporte\/#primaryimage"},"image":{"@id":"https:\/\/noti-america.com\/site\/peru\/2025\/11\/14\/nombran-a-nuevo-jefe-del-instituto-peruano-del-deporte\/#primaryimage"},"thumbnailUrl":"https:\/\/noti-america.com\/site\/peru\/wp-content\/uploads\/sites\/8\/2025\/11\/Imagen-de-WhatsApp-2025-11-14-a-las-00.34.42_617e984e.jpg","datePublished":"2025-11-14T16:57:20+00:00","breadcrumb":{"@id":"https:\/\/noti-america.com\/site\/peru\/2025\/11\/14\/nombran-a-nuevo-jefe-del-instituto-peruano-del-deporte\/#breadcrumb"},"inLanguage":"es","potentialAction":[{"@type":"ReadAction","target":["https:\/\/noti-america.com\/site\/peru\/2025\/11\/14\/nombran-a-nuevo-jefe-del-instituto-peruano-del-deporte\/"]}]},{"@type":"ImageObject","inLanguage":"es","@id":"https:\/\/noti-america.com\/site\/peru\/2025\/11\/14\/nombran-a-nuevo-jefe-del-instituto-peruano-del-deporte\/#primaryimage","url":"https:\/\/noti-america.com\/site\/peru\/wp-content\/uploads\/sites\/8\/2025\/11\/Imagen-de-WhatsApp-2025-11-14-a-las-00.34.42_617e984e.jpg","contentUrl":"https:\/\/noti-america.com\/site\/peru\/wp-content\/uploads\/sites\/8\/2025\/11\/Imagen-de-WhatsApp-2025-11-14-a-las-00.34.42_617e984e.jpg","width":470,"height":470},{"@type":"BreadcrumbList","@id":"https:\/\/noti-america.com\/site\/peru\/2025\/11\/14\/nombran-a-nuevo-jefe-del-instituto-peruano-del-deporte\/#breadcrumb","itemListElement":[{"@type":"ListItem","position":1,"name":"Portada","item":"https:\/\/noti-america.com\/site\/peru\/"},{"@type":"ListItem","position":2,"name":"NOMBRAN A NUEVO JEFE DEL INSTITUTO PERUANO DEL DEPORTE\u00a0"}]},{"@type":"WebSite","@id":"https:\/\/noti-america.com\/site\/peru\/#website","url":"https:\/\/noti-america.com\/site\/peru\/","name":"Per\u00fa | Noti-America.com","description":"","publisher":{"@id":"https:\/\/noti-america.com\/site\/peru\/#organization"},"potentialAction":[{"@type":"SearchAction","target":{"@type":"EntryPoint","urlTemplate":"https:\/\/noti-america.com\/site\/peru\/?s={search_term_string}"},"query-input":{"@type":"PropertyValueSpecification","valueRequired":true,"valueName":"search_term_string"}}],"inLanguage":"es"},{"@type":"Organization","@id":"https:\/\/noti-america.com\/site\/peru\/#organization","name":"Noti-America LLC | Per\u00fa","url":"https:\/\/noti-america.com\/site\/peru\/","logo":{"@type":"ImageObject","inLanguage":"es","@id":"https:\/\/noti-america.com\/site\/peru\/#\/schema\/logo\/image\/","url":"https:\/\/noti-america.com\/site\/peru\/wp-content\/uploads\/sites\/8\/2020\/07\/LogoNA-4x3-1.jpg","contentUrl":"https:\/\/noti-america.com\/site\/peru\/wp-content\/uploads\/sites\/8\/2020\/07\/LogoNA-4x3-1.jpg","width":1236,"height":1080,"caption":"Noti-America LLC | Per\u00fa"},"image":{"@id":"https:\/\/noti-america.com\/site\/peru\/#\/schema\/logo\/image\/"}},{"@type":"Person","@id":"https:\/\/noti-america.com\/site\/peru\/#\/schema\/person\/28a35f20383bf2485bc838bfe76aebdc","name":"Geomar Pacheco R.","image":{"@type":"ImageObject","inLanguage":"es","@id":"https:\/\/secure.gravatar.com\/avatar\/5f09cb527f9632e92234c6fc6e2cbcefebeed6bdeb0f9129ea4cbc7aa71587c6?s=96&d=mm&r=g","url":"https:\/\/secure.gravatar.com\/avatar\/5f09cb527f9632e92234c6fc6e2cbcefebeed6bdeb0f9129ea4cbc7aa71587c6?s=96&d=mm&r=g","contentUrl":"https:\/\/secure.gravatar.com\/avatar\/5f09cb527f9632e92234c6fc6e2cbcefebeed6bdeb0f9129ea4cbc7aa71587c6?s=96&d=mm&r=g","caption":"Geomar Pacheco R."},"sameAs":["https:\/\/x.com\/GeomarPacheco1"],"url":"https:\/\/noti-america.com\/site\/peru\/author\/gpacheco\/"}]}},"_links":{"self":[{"href":"https:\/\/noti-america.com\/site\/peru\/wp-json\/wp\/v2\/posts\/9283","targetHints":{"allow":["GET"]}}],"collection":[{"href":"https:\/\/noti-america.com\/site\/peru\/wp-json\/wp\/v2\/posts"}],"about":[{"href":"https:\/\/noti-america.com\/site\/peru\/wp-json\/wp\/v2\/types\/post"}],"author":[{"embeddable":true,"href":"https:\/\/noti-america.com\/site\/peru\/wp-json\/wp\/v2\/users\/70"}],"replies":[{"embeddable":true,"href":"https:\/\/noti-america.com\/site\/peru\/wp-json\/wp\/v2\/comments?post=9283"}],"version-history":[{"count":1,"href":"https:\/\/noti-america.com\/site\/peru\/wp-json\/wp\/v2\/posts\/9283\/revisions"}],"predecessor-version":[{"id":9286,"href":"https:\/\/noti-america.com\/site\/peru\/wp-json\/wp\/v2\/posts\/9283\/revisions\/9286"}],"wp:featuredmedia":[{"embeddable":true,"href":"https:\/\/noti-america.com\/site\/peru\/wp-json\/wp\/v2\/media\/9285"}],"wp:attachment":[{"href":"https:\/\/noti-america.com\/site\/peru\/wp-json\/wp\/v2\/media?parent=9283"}],"wp:term":[{"taxonomy":"category","embeddable":true,"href":"https:\/\/noti-america.com\/site\/peru\/wp-json\/wp\/v2\/categories?post=9283"},{"taxonomy":"post_tag","embeddable":true,"href":"https:\/\/noti-america.com\/site\/peru\/wp-json\/wp\/v2\/tags?post=9283"}],"curies":[{"name":"wp","href":"https:\/\/api.w.org\/{rel}","templated":true}]}}