{"id":9235,"date":"2025-11-07T06:43:32","date_gmt":"2025-11-07T06:43:32","guid":{"rendered":"https:\/\/noti-america.com\/site\/peru\/?p=9235"},"modified":"2025-11-07T06:43:32","modified_gmt":"2025-11-07T06:43:32","slug":"actividades-presidenciales-cumplidas-con-acierto","status":"publish","type":"post","link":"https:\/\/noti-america.com\/site\/peru\/2025\/11\/07\/actividades-presidenciales-cumplidas-con-acierto\/","title":{"rendered":"ACTIVIDADES PRESIDENCIALES CUMPLIDAS CON ACIERTO"},"content":{"rendered":"<p style=\"text-align: justify\"><strong><span style=\"font-family: Tahoma, Arial, Helvetica, sans-serif;font-size: 14pt\">NOTI-AM\u00c9RICA PER\u00da<\/span><\/strong><\/p>\n<p style=\"text-align: justify\">\n<p style=\"text-align: right\"><strong><span style=\"font-family: Tahoma, Arial, Helvetica, sans-serif;font-size: 14pt\">Por Geomar Pacheco Rivera<\/span><\/strong><\/p>\n<p style=\"text-align: justify\">\n<p style=\"text-align: justify\"><span style=\"font-weight: 400;font-family: Tahoma, Arial, Helvetica, sans-serif;font-size: 14pt\">El jefe de Estado, Jos\u00e9 Jer\u00ed Ore, particip\u00f3 en la ceremonia de suscripci\u00f3n de la Adenda N.\u00ba 5 al contrato de concesi\u00f3n del Terminal Portuario de Matarani, como primera actividad del jueves 6 del mes. La Inversi\u00f3n privada de US$ 700 millones en el Puerto de Matarani es de confianza en Per\u00fa. Con la modernizaci\u00f3n, se potenciar\u00e1 el desarrollo econ\u00f3mico del sur del pa\u00eds.<\/span><\/p>\n<div id=\"attachment_9236\" style=\"width: 1034px\" class=\"wp-caption alignnone\"><img loading=\"lazy\" decoding=\"async\" aria-describedby=\"caption-attachment-9236\" class=\"size-large wp-image-9236\" src=\"https:\/\/noti-america.com\/site\/peru\/wp-content\/uploads\/sites\/8\/2025\/11\/Imagen-de-WhatsApp-2025-11-07-a-las-00.58.11_d27790a3-1024x683.jpg\" alt=\"\" width=\"1024\" height=\"683\" srcset=\"https:\/\/noti-america.com\/site\/peru\/wp-content\/uploads\/sites\/8\/2025\/11\/Imagen-de-WhatsApp-2025-11-07-a-las-00.58.11_d27790a3-1024x683.jpg 1024w, https:\/\/noti-america.com\/site\/peru\/wp-content\/uploads\/sites\/8\/2025\/11\/Imagen-de-WhatsApp-2025-11-07-a-las-00.58.11_d27790a3-300x200.jpg 300w, https:\/\/noti-america.com\/site\/peru\/wp-content\/uploads\/sites\/8\/2025\/11\/Imagen-de-WhatsApp-2025-11-07-a-las-00.58.11_d27790a3-768x512.jpg 768w, https:\/\/noti-america.com\/site\/peru\/wp-content\/uploads\/sites\/8\/2025\/11\/Imagen-de-WhatsApp-2025-11-07-a-las-00.58.11_d27790a3-1536x1024.jpg 1536w, https:\/\/noti-america.com\/site\/peru\/wp-content\/uploads\/sites\/8\/2025\/11\/Imagen-de-WhatsApp-2025-11-07-a-las-00.58.11_d27790a3-272x182.jpg 272w, https:\/\/noti-america.com\/site\/peru\/wp-content\/uploads\/sites\/8\/2025\/11\/Imagen-de-WhatsApp-2025-11-07-a-las-00.58.11_d27790a3.jpg 1600w\" sizes=\"auto, (max-width: 1024px) 100vw, 1024px\" \/><p id=\"caption-attachment-9236\" class=\"wp-caption-text\">Foto: Andina \/difusi\u00f3n. Puerto de Matarani &#8211; Arequipa<\/p><\/div>\n<p style=\"text-align: justify\"><span style=\"font-weight: 400;font-family: Tahoma, Arial, Helvetica, sans-serif;font-size: 14pt\">Nuestras Fuerzas Armadas<\/span><\/p>\n<p style=\"text-align: justify\"><span style=\"font-weight: 400;font-family: Tahoma, Arial, Helvetica, sans-serif;font-size: 14pt\">El presidente Jer\u00ed particip\u00f3 tambi\u00e9n en la ceremonia de reconocimiento del nuevo comandante general de la Fuerza A\u00e9rea del Per\u00fa (FAP), general del aire Mario Contreras Le\u00f3n Carty.<\/span><\/p>\n<p style=\"text-align: justify\">\n<p style=\"text-align: justify\"><span style=\"font-weight: 400;font-family: Tahoma, Arial, Helvetica, sans-serif;font-size: 14pt\">La actividad se realiz\u00f3 en la Base A\u00e9rea Las Palmas, en el distrito de Surco, lugar al que lleg\u00f3 el jefe de Estado en compa\u00f1\u00eda de los ministros de Relaciones Exteriores, Hugo de Zela, y de Defensa, C\u00e9sar D\u00edaz Peche.<\/span><\/p>\n<p style=\"text-align: justify\">\n<p style=\"text-align: justify\"><span style=\"font-weight: 400;font-family: Tahoma, Arial, Helvetica, sans-serif;font-size: 14pt\">En su discurso, el nuevo comandante general agradeci\u00f3 al presidente por la confianza de nombrarlo para liderar la Fuerza A\u00e9rea del Per\u00fa, al remarcar que dicho cargo es un compromiso de honor con el pa\u00eds.<\/span><\/p>\n<div id=\"attachment_9237\" style=\"width: 1034px\" class=\"wp-caption alignnone\"><img loading=\"lazy\" decoding=\"async\" aria-describedby=\"caption-attachment-9237\" class=\"size-large wp-image-9237\" src=\"https:\/\/noti-america.com\/site\/peru\/wp-content\/uploads\/sites\/8\/2025\/11\/Imagen-de-WhatsApp-2025-11-07-a-las-00.59.17_fe74bad9-1024x682.jpg\" alt=\"\" width=\"1024\" height=\"682\" srcset=\"https:\/\/noti-america.com\/site\/peru\/wp-content\/uploads\/sites\/8\/2025\/11\/Imagen-de-WhatsApp-2025-11-07-a-las-00.59.17_fe74bad9-1024x682.jpg 1024w, https:\/\/noti-america.com\/site\/peru\/wp-content\/uploads\/sites\/8\/2025\/11\/Imagen-de-WhatsApp-2025-11-07-a-las-00.59.17_fe74bad9-300x200.jpg 300w, https:\/\/noti-america.com\/site\/peru\/wp-content\/uploads\/sites\/8\/2025\/11\/Imagen-de-WhatsApp-2025-11-07-a-las-00.59.17_fe74bad9-768x512.jpg 768w, https:\/\/noti-america.com\/site\/peru\/wp-content\/uploads\/sites\/8\/2025\/11\/Imagen-de-WhatsApp-2025-11-07-a-las-00.59.17_fe74bad9-1536x1023.jpg 1536w, https:\/\/noti-america.com\/site\/peru\/wp-content\/uploads\/sites\/8\/2025\/11\/Imagen-de-WhatsApp-2025-11-07-a-las-00.59.17_fe74bad9-272x182.jpg 272w, https:\/\/noti-america.com\/site\/peru\/wp-content\/uploads\/sites\/8\/2025\/11\/Imagen-de-WhatsApp-2025-11-07-a-las-00.59.17_fe74bad9.jpg 1600w\" sizes=\"auto, (max-width: 1024px) 100vw, 1024px\" \/><p id=\"caption-attachment-9237\" class=\"wp-caption-text\">Foto: Andina\/ Presidencia<\/p><\/div>\n<p>&nbsp;<\/p>\n<p style=\"text-align: justify\"><span style=\"font-weight: 400;font-family: Tahoma, Arial, Helvetica, sans-serif;font-size: 14pt\">Adem\u00e1s, se\u00f1al\u00f3 que la seguridad, el desarrollo y estabilidad del pa\u00eds exigen una Fuerza A\u00e9rea moderna y eficiente, aspectos en los que trabajar\u00e1 durante su gesti\u00f3n.<\/span><\/p>\n<p style=\"text-align: justify\">\n<p style=\"text-align: justify\"><span style=\"font-weight: 400;font-family: Tahoma, Arial, Helvetica, sans-serif;font-size: 14pt\">El general Contreras ha cumplido servicios en distintos puestos y unidades de la FAP, entre ellos como segundo comandante de los Escuadrones A\u00e9reos N.\u00ba 711 y 612, comandante del Escuadr\u00f3n N.\u00ba 512, director del Hospital Central de las FAP y jefe del Estado Mayor del Comando Operacional A\u00e9reo.<\/span><\/p>\n<p style=\"text-align: justify\">\n<p style=\"text-align: justify\"><span style=\"font-weight: 400;font-family: Tahoma, Arial, Helvetica, sans-serif;font-size: 14pt\">Continuando con la agenda\u00a0\u00a0<\/span><\/p>\n<p style=\"text-align: justify\"><span style=\"font-weight: 400;font-family: Tahoma, Arial, Helvetica, sans-serif;font-size: 14pt\">Jer\u00ed lider\u00f3 la mesa de trabajo \u201cPer\u00fa: las bases del futuro\u201d, donde representantes de la industria de hidrocarburos, miner\u00eda, automotriz y energ\u00e9tica, expusieron sus problem\u00e1ticas y necesidades al Ejecutivo.<\/span><\/p>\n<p style=\"text-align: justify\">\n<p style=\"text-align: justify\"><span style=\"font-weight: 400;font-family: Tahoma, Arial, Helvetica, sans-serif;font-size: 14pt\">El objetivo de este encuentro fue establecer los mecanismos necesarios para fomentar la inversi\u00f3n privada, el destrabe de proyectos y la generaci\u00f3n de desarrollo para el Per\u00fa.<\/span><\/p>\n<div id=\"attachment_9238\" style=\"width: 1034px\" class=\"wp-caption alignnone\"><img loading=\"lazy\" decoding=\"async\" aria-describedby=\"caption-attachment-9238\" class=\"size-large wp-image-9238\" src=\"https:\/\/noti-america.com\/site\/peru\/wp-content\/uploads\/sites\/8\/2025\/11\/Imagen-de-WhatsApp-2025-11-07-a-las-01.03.14_2be24b0c-1024x682.jpg\" alt=\"\" width=\"1024\" height=\"682\" srcset=\"https:\/\/noti-america.com\/site\/peru\/wp-content\/uploads\/sites\/8\/2025\/11\/Imagen-de-WhatsApp-2025-11-07-a-las-01.03.14_2be24b0c-1024x682.jpg 1024w, https:\/\/noti-america.com\/site\/peru\/wp-content\/uploads\/sites\/8\/2025\/11\/Imagen-de-WhatsApp-2025-11-07-a-las-01.03.14_2be24b0c-300x200.jpg 300w, https:\/\/noti-america.com\/site\/peru\/wp-content\/uploads\/sites\/8\/2025\/11\/Imagen-de-WhatsApp-2025-11-07-a-las-01.03.14_2be24b0c-768x511.jpg 768w, https:\/\/noti-america.com\/site\/peru\/wp-content\/uploads\/sites\/8\/2025\/11\/Imagen-de-WhatsApp-2025-11-07-a-las-01.03.14_2be24b0c-1536x1022.jpg 1536w, https:\/\/noti-america.com\/site\/peru\/wp-content\/uploads\/sites\/8\/2025\/11\/Imagen-de-WhatsApp-2025-11-07-a-las-01.03.14_2be24b0c-272x182.jpg 272w, https:\/\/noti-america.com\/site\/peru\/wp-content\/uploads\/sites\/8\/2025\/11\/Imagen-de-WhatsApp-2025-11-07-a-las-01.03.14_2be24b0c.jpg 1600w\" sizes=\"auto, (max-width: 1024px) 100vw, 1024px\" \/><p id=\"caption-attachment-9238\" class=\"wp-caption-text\">Foto: Andina\/ Presidencia<\/p><\/div>\n<p>&nbsp;<\/p>\n<p style=\"text-align: justify\"><span style=\"font-weight: 400;font-family: Tahoma, Arial, Helvetica, sans-serif;font-size: 14pt\">El presidente de la Rep\u00fablica afirm\u00f3 que, durante el Gobierno de Transici\u00f3n y Reconciliaci\u00f3n Nacional, se adoptar\u00e1n acciones firmes y aceleradas para conducir al Per\u00fa hacia la grandeza que merece.<\/span><\/p>\n","protected":false},"excerpt":{"rendered":"<p>NOTI-AM\u00c9RICA PER\u00da Por Geomar Pacheco Rivera El jefe de Estado, Jos\u00e9 Jer\u00ed Ore, particip\u00f3 en la ceremonia de suscripci\u00f3n de la Adenda N.\u00ba 5 al contrato de concesi\u00f3n del Terminal Portuario de Matarani, como&#46;&#46;&#46;<\/p>\n","protected":false},"author":70,"featured_media":9238,"comment_status":"open","ping_status":"open","sticky":false,"template":"","format":"standard","meta":{"_acf_changed":false,"rop_custom_images_group":[],"rop_custom_messages_group":[],"rop_publish_now":"no","rop_publish_now_accounts":{"twitter_242054905_242054905":""},"rop_publish_now_history":[{"account":"twitter_242054905_242054905","service":"twitter","timestamp":1762497813,"status":"queued"}],"rop_publish_now_status":"queued","footnotes":""},"categories":[268,3],"tags":[],"class_list":["post-9235","post","type-post","status-publish","format-standard","has-post-thumbnail","hentry","category-acturalidad","category-politica"],"acf":[],"yoast_head":"<!-- This site is optimized with the Yoast SEO Premium plugin v24.9 (Yoast SEO v27.2) - https:\/\/yoast.com\/product\/yoast-seo-premium-wordpress\/ -->\n<title>ACTIVIDADES PRESIDENCIALES CUMPLIDAS CON ACIERTO - Per\u00fa | Noti-America.com<\/title>\n<meta name=\"robots\" content=\"index, follow, max-snippet:-1, max-image-preview:large, max-video-preview:-1\" \/>\n<link rel=\"canonical\" href=\"https:\/\/noti-america.com\/site\/peru\/2025\/11\/07\/actividades-presidenciales-cumplidas-con-acierto\/\" \/>\n<meta property=\"og:locale\" content=\"es_ES\" \/>\n<meta property=\"og:type\" content=\"article\" \/>\n<meta property=\"og:title\" content=\"ACTIVIDADES PRESIDENCIALES CUMPLIDAS CON ACIERTO\" \/>\n<meta property=\"og:description\" content=\"NOTI-AM\u00c9RICA PER\u00da Por Geomar Pacheco Rivera El jefe de Estado, Jos\u00e9 Jer\u00ed Ore, particip\u00f3 en la ceremonia de suscripci\u00f3n de la Adenda N.\u00ba 5 al contrato de concesi\u00f3n del Terminal Portuario de Matarani, como&#046;&#046;&#046;\" \/>\n<meta property=\"og:url\" content=\"https:\/\/noti-america.com\/site\/peru\/2025\/11\/07\/actividades-presidenciales-cumplidas-con-acierto\/\" \/>\n<meta property=\"og:site_name\" content=\"Per\u00fa | Noti-America.com\" \/>\n<meta property=\"article:published_time\" content=\"2025-11-07T06:43:32+00:00\" \/>\n<meta property=\"og:image\" content=\"https:\/\/noti-america.com\/site\/peru\/wp-content\/uploads\/sites\/8\/2025\/11\/Imagen-de-WhatsApp-2025-11-07-a-las-01.03.14_2be24b0c.jpg\" \/>\n\t<meta property=\"og:image:width\" content=\"1600\" \/>\n\t<meta property=\"og:image:height\" content=\"1065\" \/>\n\t<meta property=\"og:image:type\" content=\"image\/jpeg\" \/>\n<meta name=\"author\" content=\"Geomar Pacheco R.\" \/>\n<meta name=\"twitter:card\" content=\"summary_large_image\" \/>\n<meta name=\"twitter:creator\" content=\"@GeomarPacheco1\" \/>\n<meta name=\"twitter:label1\" content=\"Escrito por\" \/>\n\t<meta name=\"twitter:data1\" content=\"Geomar Pacheco R.\" \/>\n\t<meta name=\"twitter:label2\" content=\"Tiempo estimado de lectura\" \/>\n\t<meta name=\"twitter:data2\" content=\"3 minutos\" \/>\n<script type=\"application\/ld+json\" class=\"yoast-schema-graph\">{\"@context\":\"https:\/\/schema.org\",\"@graph\":[{\"@type\":\"Article\",\"@id\":\"https:\/\/noti-america.com\/site\/peru\/2025\/11\/07\/actividades-presidenciales-cumplidas-con-acierto\/#article\",\"isPartOf\":{\"@id\":\"https:\/\/noti-america.com\/site\/peru\/2025\/11\/07\/actividades-presidenciales-cumplidas-con-acierto\/\"},\"author\":{\"name\":\"Geomar Pacheco R.\",\"@id\":\"https:\/\/noti-america.com\/site\/peru\/#\/schema\/person\/28a35f20383bf2485bc838bfe76aebdc\"},\"headline\":\"ACTIVIDADES PRESIDENCIALES CUMPLIDAS CON ACIERTO\",\"datePublished\":\"2025-11-07T06:43:32+00:00\",\"mainEntityOfPage\":{\"@id\":\"https:\/\/noti-america.com\/site\/peru\/2025\/11\/07\/actividades-presidenciales-cumplidas-con-acierto\/\"},\"wordCount\":410,\"commentCount\":0,\"publisher\":{\"@id\":\"https:\/\/noti-america.com\/site\/peru\/#organization\"},\"image\":{\"@id\":\"https:\/\/noti-america.com\/site\/peru\/2025\/11\/07\/actividades-presidenciales-cumplidas-con-acierto\/#primaryimage\"},\"thumbnailUrl\":\"https:\/\/noti-america.com\/site\/peru\/wp-content\/uploads\/sites\/8\/2025\/11\/Imagen-de-WhatsApp-2025-11-07-a-las-01.03.14_2be24b0c.jpg\",\"articleSection\":[\"Actualidad\",\"Pol\u00edtica\"],\"inLanguage\":\"es\",\"potentialAction\":[{\"@type\":\"CommentAction\",\"name\":\"Comment\",\"target\":[\"https:\/\/noti-america.com\/site\/peru\/2025\/11\/07\/actividades-presidenciales-cumplidas-con-acierto\/#respond\"]}]},{\"@type\":\"WebPage\",\"@id\":\"https:\/\/noti-america.com\/site\/peru\/2025\/11\/07\/actividades-presidenciales-cumplidas-con-acierto\/\",\"url\":\"https:\/\/noti-america.com\/site\/peru\/2025\/11\/07\/actividades-presidenciales-cumplidas-con-acierto\/\",\"name\":\"ACTIVIDADES PRESIDENCIALES CUMPLIDAS CON ACIERTO - Per\u00fa | Noti-America.com\",\"isPartOf\":{\"@id\":\"https:\/\/noti-america.com\/site\/peru\/#website\"},\"primaryImageOfPage\":{\"@id\":\"https:\/\/noti-america.com\/site\/peru\/2025\/11\/07\/actividades-presidenciales-cumplidas-con-acierto\/#primaryimage\"},\"image\":{\"@id\":\"https:\/\/noti-america.com\/site\/peru\/2025\/11\/07\/actividades-presidenciales-cumplidas-con-acierto\/#primaryimage\"},\"thumbnailUrl\":\"https:\/\/noti-america.com\/site\/peru\/wp-content\/uploads\/sites\/8\/2025\/11\/Imagen-de-WhatsApp-2025-11-07-a-las-01.03.14_2be24b0c.jpg\",\"datePublished\":\"2025-11-07T06:43:32+00:00\",\"breadcrumb\":{\"@id\":\"https:\/\/noti-america.com\/site\/peru\/2025\/11\/07\/actividades-presidenciales-cumplidas-con-acierto\/#breadcrumb\"},\"inLanguage\":\"es\",\"potentialAction\":[{\"@type\":\"ReadAction\",\"target\":[\"https:\/\/noti-america.com\/site\/peru\/2025\/11\/07\/actividades-presidenciales-cumplidas-con-acierto\/\"]}]},{\"@type\":\"ImageObject\",\"inLanguage\":\"es\",\"@id\":\"https:\/\/noti-america.com\/site\/peru\/2025\/11\/07\/actividades-presidenciales-cumplidas-con-acierto\/#primaryimage\",\"url\":\"https:\/\/noti-america.com\/site\/peru\/wp-content\/uploads\/sites\/8\/2025\/11\/Imagen-de-WhatsApp-2025-11-07-a-las-01.03.14_2be24b0c.jpg\",\"contentUrl\":\"https:\/\/noti-america.com\/site\/peru\/wp-content\/uploads\/sites\/8\/2025\/11\/Imagen-de-WhatsApp-2025-11-07-a-las-01.03.14_2be24b0c.jpg\",\"width\":1600,\"height\":1065,\"caption\":\"Foto: Andina\/ Presidencia\"},{\"@type\":\"BreadcrumbList\",\"@id\":\"https:\/\/noti-america.com\/site\/peru\/2025\/11\/07\/actividades-presidenciales-cumplidas-con-acierto\/#breadcrumb\",\"itemListElement\":[{\"@type\":\"ListItem\",\"position\":1,\"name\":\"Portada\",\"item\":\"https:\/\/noti-america.com\/site\/peru\/\"},{\"@type\":\"ListItem\",\"position\":2,\"name\":\"ACTIVIDADES PRESIDENCIALES CUMPLIDAS CON ACIERTO\"}]},{\"@type\":\"WebSite\",\"@id\":\"https:\/\/noti-america.com\/site\/peru\/#website\",\"url\":\"https:\/\/noti-america.com\/site\/peru\/\",\"name\":\"Per\u00fa | Noti-America.com\",\"description\":\"\",\"publisher\":{\"@id\":\"https:\/\/noti-america.com\/site\/peru\/#organization\"},\"potentialAction\":[{\"@type\":\"SearchAction\",\"target\":{\"@type\":\"EntryPoint\",\"urlTemplate\":\"https:\/\/noti-america.com\/site\/peru\/?s={search_term_string}\"},\"query-input\":{\"@type\":\"PropertyValueSpecification\",\"valueRequired\":true,\"valueName\":\"search_term_string\"}}],\"inLanguage\":\"es\"},{\"@type\":\"Organization\",\"@id\":\"https:\/\/noti-america.com\/site\/peru\/#organization\",\"name\":\"Noti-America LLC | Per\u00fa\",\"url\":\"https:\/\/noti-america.com\/site\/peru\/\",\"logo\":{\"@type\":\"ImageObject\",\"inLanguage\":\"es\",\"@id\":\"https:\/\/noti-america.com\/site\/peru\/#\/schema\/logo\/image\/\",\"url\":\"https:\/\/noti-america.com\/site\/peru\/wp-content\/uploads\/sites\/8\/2020\/07\/LogoNA-4x3-1.jpg\",\"contentUrl\":\"https:\/\/noti-america.com\/site\/peru\/wp-content\/uploads\/sites\/8\/2020\/07\/LogoNA-4x3-1.jpg\",\"width\":1236,\"height\":1080,\"caption\":\"Noti-America LLC | Per\u00fa\"},\"image\":{\"@id\":\"https:\/\/noti-america.com\/site\/peru\/#\/schema\/logo\/image\/\"}},{\"@type\":\"Person\",\"@id\":\"https:\/\/noti-america.com\/site\/peru\/#\/schema\/person\/28a35f20383bf2485bc838bfe76aebdc\",\"name\":\"Geomar Pacheco R.\",\"image\":{\"@type\":\"ImageObject\",\"inLanguage\":\"es\",\"@id\":\"https:\/\/secure.gravatar.com\/avatar\/5f09cb527f9632e92234c6fc6e2cbcefebeed6bdeb0f9129ea4cbc7aa71587c6?s=96&d=mm&r=g\",\"url\":\"https:\/\/secure.gravatar.com\/avatar\/5f09cb527f9632e92234c6fc6e2cbcefebeed6bdeb0f9129ea4cbc7aa71587c6?s=96&d=mm&r=g\",\"contentUrl\":\"https:\/\/secure.gravatar.com\/avatar\/5f09cb527f9632e92234c6fc6e2cbcefebeed6bdeb0f9129ea4cbc7aa71587c6?s=96&d=mm&r=g\",\"caption\":\"Geomar Pacheco R.\"},\"sameAs\":[\"https:\/\/x.com\/GeomarPacheco1\"],\"url\":\"https:\/\/noti-america.com\/site\/peru\/author\/gpacheco\/\"}]}<\/script>\n<!-- \/ Yoast SEO Premium plugin. -->","yoast_head_json":{"title":"ACTIVIDADES PRESIDENCIALES CUMPLIDAS CON ACIERTO - Per\u00fa | Noti-America.com","robots":{"index":"index","follow":"follow","max-snippet":"max-snippet:-1","max-image-preview":"max-image-preview:large","max-video-preview":"max-video-preview:-1"},"canonical":"https:\/\/noti-america.com\/site\/peru\/2025\/11\/07\/actividades-presidenciales-cumplidas-con-acierto\/","og_locale":"es_ES","og_type":"article","og_title":"ACTIVIDADES PRESIDENCIALES CUMPLIDAS CON ACIERTO","og_description":"NOTI-AM\u00c9RICA PER\u00da Por Geomar Pacheco Rivera El jefe de Estado, Jos\u00e9 Jer\u00ed Ore, particip\u00f3 en la ceremonia de suscripci\u00f3n de la Adenda N.\u00ba 5 al contrato de concesi\u00f3n del Terminal Portuario de Matarani, como&#46;&#46;&#46;","og_url":"https:\/\/noti-america.com\/site\/peru\/2025\/11\/07\/actividades-presidenciales-cumplidas-con-acierto\/","og_site_name":"Per\u00fa | Noti-America.com","article_published_time":"2025-11-07T06:43:32+00:00","og_image":[{"width":1600,"height":1065,"url":"https:\/\/noti-america.com\/site\/peru\/wp-content\/uploads\/sites\/8\/2025\/11\/Imagen-de-WhatsApp-2025-11-07-a-las-01.03.14_2be24b0c.jpg","type":"image\/jpeg"}],"author":"Geomar Pacheco R.","twitter_card":"summary_large_image","twitter_creator":"@GeomarPacheco1","twitter_misc":{"Escrito por":"Geomar Pacheco R.","Tiempo estimado de lectura":"3 minutos"},"schema":{"@context":"https:\/\/schema.org","@graph":[{"@type":"Article","@id":"https:\/\/noti-america.com\/site\/peru\/2025\/11\/07\/actividades-presidenciales-cumplidas-con-acierto\/#article","isPartOf":{"@id":"https:\/\/noti-america.com\/site\/peru\/2025\/11\/07\/actividades-presidenciales-cumplidas-con-acierto\/"},"author":{"name":"Geomar Pacheco R.","@id":"https:\/\/noti-america.com\/site\/peru\/#\/schema\/person\/28a35f20383bf2485bc838bfe76aebdc"},"headline":"ACTIVIDADES PRESIDENCIALES CUMPLIDAS CON ACIERTO","datePublished":"2025-11-07T06:43:32+00:00","mainEntityOfPage":{"@id":"https:\/\/noti-america.com\/site\/peru\/2025\/11\/07\/actividades-presidenciales-cumplidas-con-acierto\/"},"wordCount":410,"commentCount":0,"publisher":{"@id":"https:\/\/noti-america.com\/site\/peru\/#organization"},"image":{"@id":"https:\/\/noti-america.com\/site\/peru\/2025\/11\/07\/actividades-presidenciales-cumplidas-con-acierto\/#primaryimage"},"thumbnailUrl":"https:\/\/noti-america.com\/site\/peru\/wp-content\/uploads\/sites\/8\/2025\/11\/Imagen-de-WhatsApp-2025-11-07-a-las-01.03.14_2be24b0c.jpg","articleSection":["Actualidad","Pol\u00edtica"],"inLanguage":"es","potentialAction":[{"@type":"CommentAction","name":"Comment","target":["https:\/\/noti-america.com\/site\/peru\/2025\/11\/07\/actividades-presidenciales-cumplidas-con-acierto\/#respond"]}]},{"@type":"WebPage","@id":"https:\/\/noti-america.com\/site\/peru\/2025\/11\/07\/actividades-presidenciales-cumplidas-con-acierto\/","url":"https:\/\/noti-america.com\/site\/peru\/2025\/11\/07\/actividades-presidenciales-cumplidas-con-acierto\/","name":"ACTIVIDADES PRESIDENCIALES CUMPLIDAS CON ACIERTO - Per\u00fa | Noti-America.com","isPartOf":{"@id":"https:\/\/noti-america.com\/site\/peru\/#website"},"primaryImageOfPage":{"@id":"https:\/\/noti-america.com\/site\/peru\/2025\/11\/07\/actividades-presidenciales-cumplidas-con-acierto\/#primaryimage"},"image":{"@id":"https:\/\/noti-america.com\/site\/peru\/2025\/11\/07\/actividades-presidenciales-cumplidas-con-acierto\/#primaryimage"},"thumbnailUrl":"https:\/\/noti-america.com\/site\/peru\/wp-content\/uploads\/sites\/8\/2025\/11\/Imagen-de-WhatsApp-2025-11-07-a-las-01.03.14_2be24b0c.jpg","datePublished":"2025-11-07T06:43:32+00:00","breadcrumb":{"@id":"https:\/\/noti-america.com\/site\/peru\/2025\/11\/07\/actividades-presidenciales-cumplidas-con-acierto\/#breadcrumb"},"inLanguage":"es","potentialAction":[{"@type":"ReadAction","target":["https:\/\/noti-america.com\/site\/peru\/2025\/11\/07\/actividades-presidenciales-cumplidas-con-acierto\/"]}]},{"@type":"ImageObject","inLanguage":"es","@id":"https:\/\/noti-america.com\/site\/peru\/2025\/11\/07\/actividades-presidenciales-cumplidas-con-acierto\/#primaryimage","url":"https:\/\/noti-america.com\/site\/peru\/wp-content\/uploads\/sites\/8\/2025\/11\/Imagen-de-WhatsApp-2025-11-07-a-las-01.03.14_2be24b0c.jpg","contentUrl":"https:\/\/noti-america.com\/site\/peru\/wp-content\/uploads\/sites\/8\/2025\/11\/Imagen-de-WhatsApp-2025-11-07-a-las-01.03.14_2be24b0c.jpg","width":1600,"height":1065,"caption":"Foto: Andina\/ Presidencia"},{"@type":"BreadcrumbList","@id":"https:\/\/noti-america.com\/site\/peru\/2025\/11\/07\/actividades-presidenciales-cumplidas-con-acierto\/#breadcrumb","itemListElement":[{"@type":"ListItem","position":1,"name":"Portada","item":"https:\/\/noti-america.com\/site\/peru\/"},{"@type":"ListItem","position":2,"name":"ACTIVIDADES PRESIDENCIALES CUMPLIDAS CON ACIERTO"}]},{"@type":"WebSite","@id":"https:\/\/noti-america.com\/site\/peru\/#website","url":"https:\/\/noti-america.com\/site\/peru\/","name":"Per\u00fa | Noti-America.com","description":"","publisher":{"@id":"https:\/\/noti-america.com\/site\/peru\/#organization"},"potentialAction":[{"@type":"SearchAction","target":{"@type":"EntryPoint","urlTemplate":"https:\/\/noti-america.com\/site\/peru\/?s={search_term_string}"},"query-input":{"@type":"PropertyValueSpecification","valueRequired":true,"valueName":"search_term_string"}}],"inLanguage":"es"},{"@type":"Organization","@id":"https:\/\/noti-america.com\/site\/peru\/#organization","name":"Noti-America LLC | Per\u00fa","url":"https:\/\/noti-america.com\/site\/peru\/","logo":{"@type":"ImageObject","inLanguage":"es","@id":"https:\/\/noti-america.com\/site\/peru\/#\/schema\/logo\/image\/","url":"https:\/\/noti-america.com\/site\/peru\/wp-content\/uploads\/sites\/8\/2020\/07\/LogoNA-4x3-1.jpg","contentUrl":"https:\/\/noti-america.com\/site\/peru\/wp-content\/uploads\/sites\/8\/2020\/07\/LogoNA-4x3-1.jpg","width":1236,"height":1080,"caption":"Noti-America LLC | Per\u00fa"},"image":{"@id":"https:\/\/noti-america.com\/site\/peru\/#\/schema\/logo\/image\/"}},{"@type":"Person","@id":"https:\/\/noti-america.com\/site\/peru\/#\/schema\/person\/28a35f20383bf2485bc838bfe76aebdc","name":"Geomar Pacheco R.","image":{"@type":"ImageObject","inLanguage":"es","@id":"https:\/\/secure.gravatar.com\/avatar\/5f09cb527f9632e92234c6fc6e2cbcefebeed6bdeb0f9129ea4cbc7aa71587c6?s=96&d=mm&r=g","url":"https:\/\/secure.gravatar.com\/avatar\/5f09cb527f9632e92234c6fc6e2cbcefebeed6bdeb0f9129ea4cbc7aa71587c6?s=96&d=mm&r=g","contentUrl":"https:\/\/secure.gravatar.com\/avatar\/5f09cb527f9632e92234c6fc6e2cbcefebeed6bdeb0f9129ea4cbc7aa71587c6?s=96&d=mm&r=g","caption":"Geomar Pacheco R."},"sameAs":["https:\/\/x.com\/GeomarPacheco1"],"url":"https:\/\/noti-america.com\/site\/peru\/author\/gpacheco\/"}]}},"_links":{"self":[{"href":"https:\/\/noti-america.com\/site\/peru\/wp-json\/wp\/v2\/posts\/9235","targetHints":{"allow":["GET"]}}],"collection":[{"href":"https:\/\/noti-america.com\/site\/peru\/wp-json\/wp\/v2\/posts"}],"about":[{"href":"https:\/\/noti-america.com\/site\/peru\/wp-json\/wp\/v2\/types\/post"}],"author":[{"embeddable":true,"href":"https:\/\/noti-america.com\/site\/peru\/wp-json\/wp\/v2\/users\/70"}],"replies":[{"embeddable":true,"href":"https:\/\/noti-america.com\/site\/peru\/wp-json\/wp\/v2\/comments?post=9235"}],"version-history":[{"count":1,"href":"https:\/\/noti-america.com\/site\/peru\/wp-json\/wp\/v2\/posts\/9235\/revisions"}],"predecessor-version":[{"id":9239,"href":"https:\/\/noti-america.com\/site\/peru\/wp-json\/wp\/v2\/posts\/9235\/revisions\/9239"}],"wp:featuredmedia":[{"embeddable":true,"href":"https:\/\/noti-america.com\/site\/peru\/wp-json\/wp\/v2\/media\/9238"}],"wp:attachment":[{"href":"https:\/\/noti-america.com\/site\/peru\/wp-json\/wp\/v2\/media?parent=9235"}],"wp:term":[{"taxonomy":"category","embeddable":true,"href":"https:\/\/noti-america.com\/site\/peru\/wp-json\/wp\/v2\/categories?post=9235"},{"taxonomy":"post_tag","embeddable":true,"href":"https:\/\/noti-america.com\/site\/peru\/wp-json\/wp\/v2\/tags?post=9235"}],"curies":[{"name":"wp","href":"https:\/\/api.w.org\/{rel}","templated":true}]}}