{"id":9231,"date":"2025-11-06T06:33:51","date_gmt":"2025-11-06T06:33:51","guid":{"rendered":"https:\/\/noti-america.com\/site\/peru\/?p=9231"},"modified":"2025-11-06T06:33:51","modified_gmt":"2025-11-06T06:33:51","slug":"directores-de-escuela-analizaran-la-educacion-hacia-el-2050-en-lima","status":"publish","type":"post","link":"https:\/\/noti-america.com\/site\/peru\/2025\/11\/06\/directores-de-escuela-analizaran-la-educacion-hacia-el-2050-en-lima\/","title":{"rendered":"DIRECTORES DE ESCUELA ANALIZAR\u00c1N LA EDUCACI\u00d3N HACIA EL 2050 EN LIMA"},"content":{"rendered":"<p style=\"text-align: justify\"><strong><span style=\"font-family: Tahoma, Arial, Helvetica, sans-serif;font-size: 14pt\">NOTI-AM\u00c9RICA PER\u00da<\/span><\/strong><\/p>\n<p style=\"text-align: justify\">\n<p style=\"text-align: right\"><strong><span style=\"font-family: Tahoma, Arial, Helvetica, sans-serif;font-size: 14pt\">Por Geomar Pacheco Rivera<\/span><\/strong><\/p>\n<p style=\"text-align: justify\">\n<p style=\"text-align: justify\"><span style=\"font-weight: 400;font-family: Tahoma, Arial, Helvetica, sans-serif;font-size: 14pt\">Lima ser\u00e1 sede de la duod\u00e9cima edici\u00f3n de la Conferencia Anual de Directores del Per\u00fa, que tendr\u00e1 lugar este 12 de noviembre en el Centro de Convenciones ESAN, organizada por ADECOPA.<\/span><\/p>\n<p style=\"text-align: justify\">\n<p style=\"text-align: justify\"><span style=\"font-weight: 400;font-family: Tahoma, Arial, Helvetica, sans-serif;font-size: 14pt\">Con el lema \u2018Desaf\u00edos de la educaci\u00f3n hacia el a\u00f1o 2050\u2019, el evento convoca a l\u00edderes con responsabilidad de direcci\u00f3n en centros educativos de todo el pa\u00eds con el prop\u00f3sito de analizar los retos y tendencias que marcar\u00e1n el rumbo de las instituciones educativas en las pr\u00f3ximas d\u00e9cadas.<\/span><\/p>\n<div id=\"attachment_9232\" style=\"width: 1034px\" class=\"wp-caption alignnone\"><img loading=\"lazy\" decoding=\"async\" aria-describedby=\"caption-attachment-9232\" class=\"size-large wp-image-9232\" src=\"https:\/\/noti-america.com\/site\/peru\/wp-content\/uploads\/sites\/8\/2025\/11\/Imagen-de-WhatsApp-2025-11-06-a-las-00.01.49_ac95c2b0-1024x682.jpg\" alt=\"\" width=\"1024\" height=\"682\" srcset=\"https:\/\/noti-america.com\/site\/peru\/wp-content\/uploads\/sites\/8\/2025\/11\/Imagen-de-WhatsApp-2025-11-06-a-las-00.01.49_ac95c2b0-1024x682.jpg 1024w, https:\/\/noti-america.com\/site\/peru\/wp-content\/uploads\/sites\/8\/2025\/11\/Imagen-de-WhatsApp-2025-11-06-a-las-00.01.49_ac95c2b0-300x200.jpg 300w, https:\/\/noti-america.com\/site\/peru\/wp-content\/uploads\/sites\/8\/2025\/11\/Imagen-de-WhatsApp-2025-11-06-a-las-00.01.49_ac95c2b0-768x511.jpg 768w, https:\/\/noti-america.com\/site\/peru\/wp-content\/uploads\/sites\/8\/2025\/11\/Imagen-de-WhatsApp-2025-11-06-a-las-00.01.49_ac95c2b0-1536x1022.jpg 1536w, https:\/\/noti-america.com\/site\/peru\/wp-content\/uploads\/sites\/8\/2025\/11\/Imagen-de-WhatsApp-2025-11-06-a-las-00.01.49_ac95c2b0-272x182.jpg 272w, https:\/\/noti-america.com\/site\/peru\/wp-content\/uploads\/sites\/8\/2025\/11\/Imagen-de-WhatsApp-2025-11-06-a-las-00.01.49_ac95c2b0.jpg 1600w\" sizes=\"auto, (max-width: 1024px) 100vw, 1024px\" \/><p id=\"caption-attachment-9232\" class=\"wp-caption-text\">Fotos: Andina \/Difusi\u00f3n<\/p><\/div>\n<p>&nbsp;<\/p>\n<p style=\"text-align: justify\"><span style=\"font-weight: 400;font-family: Tahoma, Arial, Helvetica, sans-serif;font-size: 14pt\">El encuentro busca fortalecer el liderazgo directivo a trav\u00e9s de una visi\u00f3n estrat\u00e9gica, innovadora y prospectiva, en respuesta a los vertiginosos cambios del entorno global y local, \u201cpromoviendo el intercambio de experiencias y buenas pr\u00e1cticas entre directores, enriqueciendo as\u00ed la gesti\u00f3n institucional con una mirada de futuro: m\u00e1s que nunca, dirigir una instituci\u00f3n educativa exige anticipaci\u00f3n, pensamiento cr\u00edtico y colaboraci\u00f3n\u201d, se\u00f1al\u00f3 la presidenta del consejo directivo de ADECOPA 2025-2026, M\u00f3nica Fuentes Quiroz.<\/span><\/p>\n<p style=\"text-align: justify\">\n<p style=\"text-align: justify\"><span style=\"font-weight: 400;font-family: Tahoma, Arial, Helvetica, sans-serif;font-size: 14pt\">\u201cLa jornada ser\u00e1 clave para compartir experiencias, analizar tendencias globales y construir propuestas que preparen a nuestras escuelas para formar estudiantes capaces de desenvolverse con conciencia, responsabilidad y esperanza en un mundo cambiante\u201d, coment\u00f3.<\/span><\/p>\n<p style=\"text-align: justify\">\n<p style=\"text-align: justify\"><span style=\"font-weight: 400;font-family: Tahoma, Arial, Helvetica, sans-serif;font-size: 14pt\">El encuentro abordar\u00e1 aspectos como las tendencias globales que impactar\u00e1n en la educaci\u00f3n en las pr\u00f3ximas d\u00e9cadas; las competencias clave que deber\u00e1n desarrollar los estudiantes y la formaci\u00f3n del car\u00e1cter y liderazgos pedag\u00f3gicos claves para el aprendizaje hacia el 2050.<\/span><\/p>\n<p style=\"text-align: justify\">\n<p style=\"text-align: justify\"><span style=\"font-weight: 400;font-family: Tahoma, Arial, Helvetica, sans-serif;font-size: 14pt\">La duod\u00e9cima edici\u00f3n de la Cadep contar\u00e1 con la participaci\u00f3n de \u201cexpositores internacionales y nacionales, con la finalidad de crear la oportunidad de reflexionar juntos sobre el nuevo reto que implica mejorar la educaci\u00f3n\u201d.<\/span><\/p>\n<div id=\"attachment_9233\" style=\"width: 1034px\" class=\"wp-caption alignnone\"><img loading=\"lazy\" decoding=\"async\" aria-describedby=\"caption-attachment-9233\" class=\"size-large wp-image-9233\" src=\"https:\/\/noti-america.com\/site\/peru\/wp-content\/uploads\/sites\/8\/2025\/11\/Imagen-de-WhatsApp-2025-11-06-a-las-00.04.29_2dda2c7d-1024x682.jpg\" alt=\"\" width=\"1024\" height=\"682\" srcset=\"https:\/\/noti-america.com\/site\/peru\/wp-content\/uploads\/sites\/8\/2025\/11\/Imagen-de-WhatsApp-2025-11-06-a-las-00.04.29_2dda2c7d-1024x682.jpg 1024w, https:\/\/noti-america.com\/site\/peru\/wp-content\/uploads\/sites\/8\/2025\/11\/Imagen-de-WhatsApp-2025-11-06-a-las-00.04.29_2dda2c7d-300x200.jpg 300w, https:\/\/noti-america.com\/site\/peru\/wp-content\/uploads\/sites\/8\/2025\/11\/Imagen-de-WhatsApp-2025-11-06-a-las-00.04.29_2dda2c7d-768x512.jpg 768w, https:\/\/noti-america.com\/site\/peru\/wp-content\/uploads\/sites\/8\/2025\/11\/Imagen-de-WhatsApp-2025-11-06-a-las-00.04.29_2dda2c7d-1536x1023.jpg 1536w, https:\/\/noti-america.com\/site\/peru\/wp-content\/uploads\/sites\/8\/2025\/11\/Imagen-de-WhatsApp-2025-11-06-a-las-00.04.29_2dda2c7d-272x182.jpg 272w, https:\/\/noti-america.com\/site\/peru\/wp-content\/uploads\/sites\/8\/2025\/11\/Imagen-de-WhatsApp-2025-11-06-a-las-00.04.29_2dda2c7d.jpg 1600w\" sizes=\"auto, (max-width: 1024px) 100vw, 1024px\" \/><p id=\"caption-attachment-9233\" class=\"wp-caption-text\">XII edici\u00f3n. Foto: Andina \/Difusi\u00f3n<\/p><\/div>\n<p>&nbsp;<\/p>\n<p style=\"text-align: justify\"><span style=\"font-weight: 400;font-family: Tahoma, Arial, Helvetica, sans-serif;font-size: 14pt\">Entre los expositores destacan Jaime Saavedra, director de Desarrollo Humano para Am\u00e9rica Latina y el Caribe del Banco Mundial; Juan Pablo Dabndoub, de Espa\u00f1a, doctor por la Universidad de Navarra con la tesis \u2018Educaci\u00f3n moral y educaci\u00f3n del car\u00e1cter\u2019, y experto en liderazgo educativo, y Magdalena Claria, de Argentina, psic\u00f3loga con posgrado en neurociencias.<\/span><\/p>\n<p style=\"text-align: justify\">\n<p style=\"text-align: justify\"><span style=\"font-weight: 400;font-family: Tahoma, Arial, Helvetica, sans-serif;font-size: 14pt\">Como panelistas participar\u00e1n M\u00f3nica Fuentes, Bruno Espinoza, Carmen Rosa Espejo y Jos\u00e9 Miguel Nieto.<\/span><\/p>\n","protected":false},"excerpt":{"rendered":"<p>NOTI-AM\u00c9RICA PER\u00da Por Geomar Pacheco Rivera Lima ser\u00e1 sede de la duod\u00e9cima edici\u00f3n de la Conferencia Anual de Directores del Per\u00fa, que tendr\u00e1 lugar este 12 de noviembre en el Centro de Convenciones ESAN,&#46;&#46;&#46;<\/p>\n","protected":false},"author":70,"featured_media":9232,"comment_status":"open","ping_status":"open","sticky":false,"template":"","format":"standard","meta":{"_acf_changed":false,"rop_custom_images_group":[],"rop_custom_messages_group":[],"rop_publish_now":"no","rop_publish_now_accounts":{"twitter_242054905_242054905":""},"rop_publish_now_history":[{"account":"twitter_242054905_242054905","service":"twitter","timestamp":1762410833,"status":"queued"}],"rop_publish_now_status":"queued","footnotes":""},"categories":[268,188],"tags":[],"class_list":["post-9231","post","type-post","status-publish","format-standard","has-post-thumbnail","hentry","category-acturalidad","category-educacion"],"acf":[],"yoast_head":"<!-- This site is optimized with the Yoast SEO Premium plugin v24.9 (Yoast SEO v27.2) - https:\/\/yoast.com\/product\/yoast-seo-premium-wordpress\/ -->\n<title>DIRECTORES DE ESCUELA ANALIZAR\u00c1N LA EDUCACI\u00d3N HACIA EL 2050 EN LIMA - Per\u00fa | Noti-America.com<\/title>\n<meta name=\"robots\" content=\"index, follow, max-snippet:-1, max-image-preview:large, max-video-preview:-1\" \/>\n<link rel=\"canonical\" href=\"https:\/\/noti-america.com\/site\/peru\/2025\/11\/06\/directores-de-escuela-analizaran-la-educacion-hacia-el-2050-en-lima\/\" \/>\n<meta property=\"og:locale\" content=\"es_ES\" \/>\n<meta property=\"og:type\" content=\"article\" \/>\n<meta property=\"og:title\" content=\"DIRECTORES DE ESCUELA ANALIZAR\u00c1N LA EDUCACI\u00d3N HACIA EL 2050 EN LIMA\" \/>\n<meta property=\"og:description\" content=\"NOTI-AM\u00c9RICA PER\u00da Por Geomar Pacheco Rivera Lima ser\u00e1 sede de la duod\u00e9cima edici\u00f3n de la Conferencia Anual de Directores del Per\u00fa, que tendr\u00e1 lugar este 12 de noviembre en el Centro de Convenciones ESAN,&#046;&#046;&#046;\" \/>\n<meta property=\"og:url\" content=\"https:\/\/noti-america.com\/site\/peru\/2025\/11\/06\/directores-de-escuela-analizaran-la-educacion-hacia-el-2050-en-lima\/\" \/>\n<meta property=\"og:site_name\" content=\"Per\u00fa | Noti-America.com\" \/>\n<meta property=\"article:published_time\" content=\"2025-11-06T06:33:51+00:00\" \/>\n<meta property=\"og:image\" content=\"https:\/\/noti-america.com\/site\/peru\/wp-content\/uploads\/sites\/8\/2025\/11\/Imagen-de-WhatsApp-2025-11-06-a-las-00.01.49_ac95c2b0.jpg\" \/>\n\t<meta property=\"og:image:width\" content=\"1600\" \/>\n\t<meta property=\"og:image:height\" content=\"1065\" \/>\n\t<meta property=\"og:image:type\" content=\"image\/jpeg\" \/>\n<meta name=\"author\" content=\"Geomar Pacheco R.\" \/>\n<meta name=\"twitter:card\" content=\"summary_large_image\" \/>\n<meta name=\"twitter:creator\" content=\"@GeomarPacheco1\" \/>\n<meta name=\"twitter:label1\" content=\"Escrito por\" \/>\n\t<meta name=\"twitter:data1\" content=\"Geomar Pacheco R.\" \/>\n\t<meta name=\"twitter:label2\" content=\"Tiempo estimado de lectura\" \/>\n\t<meta name=\"twitter:data2\" content=\"3 minutos\" \/>\n<script type=\"application\/ld+json\" class=\"yoast-schema-graph\">{\"@context\":\"https:\/\/schema.org\",\"@graph\":[{\"@type\":\"Article\",\"@id\":\"https:\/\/noti-america.com\/site\/peru\/2025\/11\/06\/directores-de-escuela-analizaran-la-educacion-hacia-el-2050-en-lima\/#article\",\"isPartOf\":{\"@id\":\"https:\/\/noti-america.com\/site\/peru\/2025\/11\/06\/directores-de-escuela-analizaran-la-educacion-hacia-el-2050-en-lima\/\"},\"author\":{\"name\":\"Geomar Pacheco R.\",\"@id\":\"https:\/\/noti-america.com\/site\/peru\/#\/schema\/person\/28a35f20383bf2485bc838bfe76aebdc\"},\"headline\":\"DIRECTORES DE ESCUELA ANALIZAR\u00c1N LA EDUCACI\u00d3N HACIA EL 2050 EN LIMA\",\"datePublished\":\"2025-11-06T06:33:51+00:00\",\"mainEntityOfPage\":{\"@id\":\"https:\/\/noti-america.com\/site\/peru\/2025\/11\/06\/directores-de-escuela-analizaran-la-educacion-hacia-el-2050-en-lima\/\"},\"wordCount\":414,\"commentCount\":0,\"publisher\":{\"@id\":\"https:\/\/noti-america.com\/site\/peru\/#organization\"},\"image\":{\"@id\":\"https:\/\/noti-america.com\/site\/peru\/2025\/11\/06\/directores-de-escuela-analizaran-la-educacion-hacia-el-2050-en-lima\/#primaryimage\"},\"thumbnailUrl\":\"https:\/\/noti-america.com\/site\/peru\/wp-content\/uploads\/sites\/8\/2025\/11\/Imagen-de-WhatsApp-2025-11-06-a-las-00.01.49_ac95c2b0.jpg\",\"articleSection\":[\"Actualidad\",\"Educaci\u00f3n\"],\"inLanguage\":\"es\",\"potentialAction\":[{\"@type\":\"CommentAction\",\"name\":\"Comment\",\"target\":[\"https:\/\/noti-america.com\/site\/peru\/2025\/11\/06\/directores-de-escuela-analizaran-la-educacion-hacia-el-2050-en-lima\/#respond\"]}]},{\"@type\":\"WebPage\",\"@id\":\"https:\/\/noti-america.com\/site\/peru\/2025\/11\/06\/directores-de-escuela-analizaran-la-educacion-hacia-el-2050-en-lima\/\",\"url\":\"https:\/\/noti-america.com\/site\/peru\/2025\/11\/06\/directores-de-escuela-analizaran-la-educacion-hacia-el-2050-en-lima\/\",\"name\":\"DIRECTORES DE ESCUELA ANALIZAR\u00c1N LA EDUCACI\u00d3N HACIA EL 2050 EN LIMA - Per\u00fa | Noti-America.com\",\"isPartOf\":{\"@id\":\"https:\/\/noti-america.com\/site\/peru\/#website\"},\"primaryImageOfPage\":{\"@id\":\"https:\/\/noti-america.com\/site\/peru\/2025\/11\/06\/directores-de-escuela-analizaran-la-educacion-hacia-el-2050-en-lima\/#primaryimage\"},\"image\":{\"@id\":\"https:\/\/noti-america.com\/site\/peru\/2025\/11\/06\/directores-de-escuela-analizaran-la-educacion-hacia-el-2050-en-lima\/#primaryimage\"},\"thumbnailUrl\":\"https:\/\/noti-america.com\/site\/peru\/wp-content\/uploads\/sites\/8\/2025\/11\/Imagen-de-WhatsApp-2025-11-06-a-las-00.01.49_ac95c2b0.jpg\",\"datePublished\":\"2025-11-06T06:33:51+00:00\",\"breadcrumb\":{\"@id\":\"https:\/\/noti-america.com\/site\/peru\/2025\/11\/06\/directores-de-escuela-analizaran-la-educacion-hacia-el-2050-en-lima\/#breadcrumb\"},\"inLanguage\":\"es\",\"potentialAction\":[{\"@type\":\"ReadAction\",\"target\":[\"https:\/\/noti-america.com\/site\/peru\/2025\/11\/06\/directores-de-escuela-analizaran-la-educacion-hacia-el-2050-en-lima\/\"]}]},{\"@type\":\"ImageObject\",\"inLanguage\":\"es\",\"@id\":\"https:\/\/noti-america.com\/site\/peru\/2025\/11\/06\/directores-de-escuela-analizaran-la-educacion-hacia-el-2050-en-lima\/#primaryimage\",\"url\":\"https:\/\/noti-america.com\/site\/peru\/wp-content\/uploads\/sites\/8\/2025\/11\/Imagen-de-WhatsApp-2025-11-06-a-las-00.01.49_ac95c2b0.jpg\",\"contentUrl\":\"https:\/\/noti-america.com\/site\/peru\/wp-content\/uploads\/sites\/8\/2025\/11\/Imagen-de-WhatsApp-2025-11-06-a-las-00.01.49_ac95c2b0.jpg\",\"width\":1600,\"height\":1065,\"caption\":\"Fotos: Andina \/Difusi\u00f3n\"},{\"@type\":\"BreadcrumbList\",\"@id\":\"https:\/\/noti-america.com\/site\/peru\/2025\/11\/06\/directores-de-escuela-analizaran-la-educacion-hacia-el-2050-en-lima\/#breadcrumb\",\"itemListElement\":[{\"@type\":\"ListItem\",\"position\":1,\"name\":\"Portada\",\"item\":\"https:\/\/noti-america.com\/site\/peru\/\"},{\"@type\":\"ListItem\",\"position\":2,\"name\":\"DIRECTORES DE ESCUELA ANALIZAR\u00c1N LA EDUCACI\u00d3N HACIA EL 2050 EN LIMA\"}]},{\"@type\":\"WebSite\",\"@id\":\"https:\/\/noti-america.com\/site\/peru\/#website\",\"url\":\"https:\/\/noti-america.com\/site\/peru\/\",\"name\":\"Per\u00fa | Noti-America.com\",\"description\":\"\",\"publisher\":{\"@id\":\"https:\/\/noti-america.com\/site\/peru\/#organization\"},\"potentialAction\":[{\"@type\":\"SearchAction\",\"target\":{\"@type\":\"EntryPoint\",\"urlTemplate\":\"https:\/\/noti-america.com\/site\/peru\/?s={search_term_string}\"},\"query-input\":{\"@type\":\"PropertyValueSpecification\",\"valueRequired\":true,\"valueName\":\"search_term_string\"}}],\"inLanguage\":\"es\"},{\"@type\":\"Organization\",\"@id\":\"https:\/\/noti-america.com\/site\/peru\/#organization\",\"name\":\"Noti-America LLC | Per\u00fa\",\"url\":\"https:\/\/noti-america.com\/site\/peru\/\",\"logo\":{\"@type\":\"ImageObject\",\"inLanguage\":\"es\",\"@id\":\"https:\/\/noti-america.com\/site\/peru\/#\/schema\/logo\/image\/\",\"url\":\"https:\/\/noti-america.com\/site\/peru\/wp-content\/uploads\/sites\/8\/2020\/07\/LogoNA-4x3-1.jpg\",\"contentUrl\":\"https:\/\/noti-america.com\/site\/peru\/wp-content\/uploads\/sites\/8\/2020\/07\/LogoNA-4x3-1.jpg\",\"width\":1236,\"height\":1080,\"caption\":\"Noti-America LLC | Per\u00fa\"},\"image\":{\"@id\":\"https:\/\/noti-america.com\/site\/peru\/#\/schema\/logo\/image\/\"}},{\"@type\":\"Person\",\"@id\":\"https:\/\/noti-america.com\/site\/peru\/#\/schema\/person\/28a35f20383bf2485bc838bfe76aebdc\",\"name\":\"Geomar Pacheco R.\",\"image\":{\"@type\":\"ImageObject\",\"inLanguage\":\"es\",\"@id\":\"https:\/\/secure.gravatar.com\/avatar\/5f09cb527f9632e92234c6fc6e2cbcefebeed6bdeb0f9129ea4cbc7aa71587c6?s=96&d=mm&r=g\",\"url\":\"https:\/\/secure.gravatar.com\/avatar\/5f09cb527f9632e92234c6fc6e2cbcefebeed6bdeb0f9129ea4cbc7aa71587c6?s=96&d=mm&r=g\",\"contentUrl\":\"https:\/\/secure.gravatar.com\/avatar\/5f09cb527f9632e92234c6fc6e2cbcefebeed6bdeb0f9129ea4cbc7aa71587c6?s=96&d=mm&r=g\",\"caption\":\"Geomar Pacheco R.\"},\"sameAs\":[\"https:\/\/x.com\/GeomarPacheco1\"],\"url\":\"https:\/\/noti-america.com\/site\/peru\/author\/gpacheco\/\"}]}<\/script>\n<!-- \/ Yoast SEO Premium plugin. -->","yoast_head_json":{"title":"DIRECTORES DE ESCUELA ANALIZAR\u00c1N LA EDUCACI\u00d3N HACIA EL 2050 EN LIMA - Per\u00fa | Noti-America.com","robots":{"index":"index","follow":"follow","max-snippet":"max-snippet:-1","max-image-preview":"max-image-preview:large","max-video-preview":"max-video-preview:-1"},"canonical":"https:\/\/noti-america.com\/site\/peru\/2025\/11\/06\/directores-de-escuela-analizaran-la-educacion-hacia-el-2050-en-lima\/","og_locale":"es_ES","og_type":"article","og_title":"DIRECTORES DE ESCUELA ANALIZAR\u00c1N LA EDUCACI\u00d3N HACIA EL 2050 EN LIMA","og_description":"NOTI-AM\u00c9RICA PER\u00da Por Geomar Pacheco Rivera Lima ser\u00e1 sede de la duod\u00e9cima edici\u00f3n de la Conferencia Anual de Directores del Per\u00fa, que tendr\u00e1 lugar este 12 de noviembre en el Centro de Convenciones ESAN,&#46;&#46;&#46;","og_url":"https:\/\/noti-america.com\/site\/peru\/2025\/11\/06\/directores-de-escuela-analizaran-la-educacion-hacia-el-2050-en-lima\/","og_site_name":"Per\u00fa | Noti-America.com","article_published_time":"2025-11-06T06:33:51+00:00","og_image":[{"width":1600,"height":1065,"url":"https:\/\/noti-america.com\/site\/peru\/wp-content\/uploads\/sites\/8\/2025\/11\/Imagen-de-WhatsApp-2025-11-06-a-las-00.01.49_ac95c2b0.jpg","type":"image\/jpeg"}],"author":"Geomar Pacheco R.","twitter_card":"summary_large_image","twitter_creator":"@GeomarPacheco1","twitter_misc":{"Escrito por":"Geomar Pacheco R.","Tiempo estimado de lectura":"3 minutos"},"schema":{"@context":"https:\/\/schema.org","@graph":[{"@type":"Article","@id":"https:\/\/noti-america.com\/site\/peru\/2025\/11\/06\/directores-de-escuela-analizaran-la-educacion-hacia-el-2050-en-lima\/#article","isPartOf":{"@id":"https:\/\/noti-america.com\/site\/peru\/2025\/11\/06\/directores-de-escuela-analizaran-la-educacion-hacia-el-2050-en-lima\/"},"author":{"name":"Geomar Pacheco R.","@id":"https:\/\/noti-america.com\/site\/peru\/#\/schema\/person\/28a35f20383bf2485bc838bfe76aebdc"},"headline":"DIRECTORES DE ESCUELA ANALIZAR\u00c1N LA EDUCACI\u00d3N HACIA EL 2050 EN LIMA","datePublished":"2025-11-06T06:33:51+00:00","mainEntityOfPage":{"@id":"https:\/\/noti-america.com\/site\/peru\/2025\/11\/06\/directores-de-escuela-analizaran-la-educacion-hacia-el-2050-en-lima\/"},"wordCount":414,"commentCount":0,"publisher":{"@id":"https:\/\/noti-america.com\/site\/peru\/#organization"},"image":{"@id":"https:\/\/noti-america.com\/site\/peru\/2025\/11\/06\/directores-de-escuela-analizaran-la-educacion-hacia-el-2050-en-lima\/#primaryimage"},"thumbnailUrl":"https:\/\/noti-america.com\/site\/peru\/wp-content\/uploads\/sites\/8\/2025\/11\/Imagen-de-WhatsApp-2025-11-06-a-las-00.01.49_ac95c2b0.jpg","articleSection":["Actualidad","Educaci\u00f3n"],"inLanguage":"es","potentialAction":[{"@type":"CommentAction","name":"Comment","target":["https:\/\/noti-america.com\/site\/peru\/2025\/11\/06\/directores-de-escuela-analizaran-la-educacion-hacia-el-2050-en-lima\/#respond"]}]},{"@type":"WebPage","@id":"https:\/\/noti-america.com\/site\/peru\/2025\/11\/06\/directores-de-escuela-analizaran-la-educacion-hacia-el-2050-en-lima\/","url":"https:\/\/noti-america.com\/site\/peru\/2025\/11\/06\/directores-de-escuela-analizaran-la-educacion-hacia-el-2050-en-lima\/","name":"DIRECTORES DE ESCUELA ANALIZAR\u00c1N LA EDUCACI\u00d3N HACIA EL 2050 EN LIMA - Per\u00fa | Noti-America.com","isPartOf":{"@id":"https:\/\/noti-america.com\/site\/peru\/#website"},"primaryImageOfPage":{"@id":"https:\/\/noti-america.com\/site\/peru\/2025\/11\/06\/directores-de-escuela-analizaran-la-educacion-hacia-el-2050-en-lima\/#primaryimage"},"image":{"@id":"https:\/\/noti-america.com\/site\/peru\/2025\/11\/06\/directores-de-escuela-analizaran-la-educacion-hacia-el-2050-en-lima\/#primaryimage"},"thumbnailUrl":"https:\/\/noti-america.com\/site\/peru\/wp-content\/uploads\/sites\/8\/2025\/11\/Imagen-de-WhatsApp-2025-11-06-a-las-00.01.49_ac95c2b0.jpg","datePublished":"2025-11-06T06:33:51+00:00","breadcrumb":{"@id":"https:\/\/noti-america.com\/site\/peru\/2025\/11\/06\/directores-de-escuela-analizaran-la-educacion-hacia-el-2050-en-lima\/#breadcrumb"},"inLanguage":"es","potentialAction":[{"@type":"ReadAction","target":["https:\/\/noti-america.com\/site\/peru\/2025\/11\/06\/directores-de-escuela-analizaran-la-educacion-hacia-el-2050-en-lima\/"]}]},{"@type":"ImageObject","inLanguage":"es","@id":"https:\/\/noti-america.com\/site\/peru\/2025\/11\/06\/directores-de-escuela-analizaran-la-educacion-hacia-el-2050-en-lima\/#primaryimage","url":"https:\/\/noti-america.com\/site\/peru\/wp-content\/uploads\/sites\/8\/2025\/11\/Imagen-de-WhatsApp-2025-11-06-a-las-00.01.49_ac95c2b0.jpg","contentUrl":"https:\/\/noti-america.com\/site\/peru\/wp-content\/uploads\/sites\/8\/2025\/11\/Imagen-de-WhatsApp-2025-11-06-a-las-00.01.49_ac95c2b0.jpg","width":1600,"height":1065,"caption":"Fotos: Andina \/Difusi\u00f3n"},{"@type":"BreadcrumbList","@id":"https:\/\/noti-america.com\/site\/peru\/2025\/11\/06\/directores-de-escuela-analizaran-la-educacion-hacia-el-2050-en-lima\/#breadcrumb","itemListElement":[{"@type":"ListItem","position":1,"name":"Portada","item":"https:\/\/noti-america.com\/site\/peru\/"},{"@type":"ListItem","position":2,"name":"DIRECTORES DE ESCUELA ANALIZAR\u00c1N LA EDUCACI\u00d3N HACIA EL 2050 EN LIMA"}]},{"@type":"WebSite","@id":"https:\/\/noti-america.com\/site\/peru\/#website","url":"https:\/\/noti-america.com\/site\/peru\/","name":"Per\u00fa | Noti-America.com","description":"","publisher":{"@id":"https:\/\/noti-america.com\/site\/peru\/#organization"},"potentialAction":[{"@type":"SearchAction","target":{"@type":"EntryPoint","urlTemplate":"https:\/\/noti-america.com\/site\/peru\/?s={search_term_string}"},"query-input":{"@type":"PropertyValueSpecification","valueRequired":true,"valueName":"search_term_string"}}],"inLanguage":"es"},{"@type":"Organization","@id":"https:\/\/noti-america.com\/site\/peru\/#organization","name":"Noti-America LLC | Per\u00fa","url":"https:\/\/noti-america.com\/site\/peru\/","logo":{"@type":"ImageObject","inLanguage":"es","@id":"https:\/\/noti-america.com\/site\/peru\/#\/schema\/logo\/image\/","url":"https:\/\/noti-america.com\/site\/peru\/wp-content\/uploads\/sites\/8\/2020\/07\/LogoNA-4x3-1.jpg","contentUrl":"https:\/\/noti-america.com\/site\/peru\/wp-content\/uploads\/sites\/8\/2020\/07\/LogoNA-4x3-1.jpg","width":1236,"height":1080,"caption":"Noti-America LLC | Per\u00fa"},"image":{"@id":"https:\/\/noti-america.com\/site\/peru\/#\/schema\/logo\/image\/"}},{"@type":"Person","@id":"https:\/\/noti-america.com\/site\/peru\/#\/schema\/person\/28a35f20383bf2485bc838bfe76aebdc","name":"Geomar Pacheco R.","image":{"@type":"ImageObject","inLanguage":"es","@id":"https:\/\/secure.gravatar.com\/avatar\/5f09cb527f9632e92234c6fc6e2cbcefebeed6bdeb0f9129ea4cbc7aa71587c6?s=96&d=mm&r=g","url":"https:\/\/secure.gravatar.com\/avatar\/5f09cb527f9632e92234c6fc6e2cbcefebeed6bdeb0f9129ea4cbc7aa71587c6?s=96&d=mm&r=g","contentUrl":"https:\/\/secure.gravatar.com\/avatar\/5f09cb527f9632e92234c6fc6e2cbcefebeed6bdeb0f9129ea4cbc7aa71587c6?s=96&d=mm&r=g","caption":"Geomar Pacheco R."},"sameAs":["https:\/\/x.com\/GeomarPacheco1"],"url":"https:\/\/noti-america.com\/site\/peru\/author\/gpacheco\/"}]}},"_links":{"self":[{"href":"https:\/\/noti-america.com\/site\/peru\/wp-json\/wp\/v2\/posts\/9231","targetHints":{"allow":["GET"]}}],"collection":[{"href":"https:\/\/noti-america.com\/site\/peru\/wp-json\/wp\/v2\/posts"}],"about":[{"href":"https:\/\/noti-america.com\/site\/peru\/wp-json\/wp\/v2\/types\/post"}],"author":[{"embeddable":true,"href":"https:\/\/noti-america.com\/site\/peru\/wp-json\/wp\/v2\/users\/70"}],"replies":[{"embeddable":true,"href":"https:\/\/noti-america.com\/site\/peru\/wp-json\/wp\/v2\/comments?post=9231"}],"version-history":[{"count":1,"href":"https:\/\/noti-america.com\/site\/peru\/wp-json\/wp\/v2\/posts\/9231\/revisions"}],"predecessor-version":[{"id":9234,"href":"https:\/\/noti-america.com\/site\/peru\/wp-json\/wp\/v2\/posts\/9231\/revisions\/9234"}],"wp:featuredmedia":[{"embeddable":true,"href":"https:\/\/noti-america.com\/site\/peru\/wp-json\/wp\/v2\/media\/9232"}],"wp:attachment":[{"href":"https:\/\/noti-america.com\/site\/peru\/wp-json\/wp\/v2\/media?parent=9231"}],"wp:term":[{"taxonomy":"category","embeddable":true,"href":"https:\/\/noti-america.com\/site\/peru\/wp-json\/wp\/v2\/categories?post=9231"},{"taxonomy":"post_tag","embeddable":true,"href":"https:\/\/noti-america.com\/site\/peru\/wp-json\/wp\/v2\/tags?post=9231"}],"curies":[{"name":"wp","href":"https:\/\/api.w.org\/{rel}","templated":true}]}}