{"id":9196,"date":"2025-10-25T06:06:31","date_gmt":"2025-10-25T06:06:31","guid":{"rendered":"https:\/\/noti-america.com\/site\/peru\/?p=9196"},"modified":"2025-10-25T06:06:31","modified_gmt":"2025-10-25T06:06:31","slug":"declaran-de-interes-la-seguridad-ciudadana-en-lima-metropolitana","status":"publish","type":"post","link":"https:\/\/noti-america.com\/site\/peru\/2025\/10\/25\/declaran-de-interes-la-seguridad-ciudadana-en-lima-metropolitana\/","title":{"rendered":"DECLARAN DE INTER\u00c9S LA SEGURIDAD CIUDADANA EN LIMA METROPOLITANA"},"content":{"rendered":"<p style=\"text-align: justify\"><strong><span style=\"font-family: Tahoma, Arial, Helvetica, sans-serif;font-size: 14pt\">NOTI-AM\u00c9RICA PER\u00da<\/span><\/strong><\/p>\n<p style=\"text-align: justify\">\n<p style=\"text-align: right\"><strong><span style=\"font-family: Tahoma, Arial, Helvetica, sans-serif;font-size: 14pt\">Por Geomar Pacheco Rivera<\/span><\/strong><\/p>\n<p style=\"text-align: justify\">\n<p style=\"text-align: justify\"><span style=\"font-weight: 400;font-family: Tahoma, Arial, Helvetica, sans-serif;font-size: 14pt\">La Municipalidad Metropolitana de Lima declar\u00f3 en situaci\u00f3n de emergencia y de inter\u00e9s la seguridad ciudadana mediante la ordenanza N.\u00ba 2776, publicada en edici\u00f3n especial de las Normas Legales del diario oficial \u2018El Peruano\u2019, el 24 de octubre del 2025.<\/span><\/p>\n<p style=\"text-align: justify\">\n<p style=\"text-align: justify\"><span style=\"font-weight: 400;font-family: Tahoma, Arial, Helvetica, sans-serif;font-size: 14pt\">La comuna lime\u00f1a convoc\u00f3 a todas las entidades que conforman el Comit\u00e9 Regional y los Comit\u00e9s Distritales de Seguridad Ciudadana (CORESEC y CODISEC), a trabajar de manera articulada para fortalecer las acciones de prevenci\u00f3n, control y respuesta ante las amenazas que afectan la seguridad ciudadana en Lima Metropolitana.<\/span><\/p>\n<p style=\"text-align: justify\">\n<p style=\"text-align: justify\"><span style=\"font-weight: 400;font-family: Tahoma, Arial, Helvetica, sans-serif;font-size: 14pt\">Han sido convocadas las instituciones como la Polic\u00eda Nacional del Per\u00fa, el Ministerio del Interior, las municipalidades distritales, as\u00ed como al sector privado, la sociedad civil organizada y la ciudadan\u00eda en general.<\/span><\/p>\n<p style=\"text-align: justify\">\n<p style=\"text-align: justify\"><span style=\"font-weight: 400;font-family: Tahoma, Arial, Helvetica, sans-serif;font-size: 14pt\">Como parte de las acciones inmediatas y urgentes, la ordenanza detalla que, durante su vigencia, la Municipalidad Metropolitana de Lima, a trav\u00e9s de sus \u00f3rganos competentes, podr\u00e1 realizar acciones como fortalecer la capacidad operativa del serenazgo y de los sistemas de videovigilancia, adquirir bienes, contratar servicios, y ejecutar obras necesarias para mitigar riesgos y atender situaciones urgentes vinculadas con la seguridad ciudadana.\u00a0<\/span><\/p>\n<div id=\"attachment_9197\" style=\"width: 1034px\" class=\"wp-caption alignnone\"><img loading=\"lazy\" decoding=\"async\" aria-describedby=\"caption-attachment-9197\" class=\"wp-image-9197 size-large\" src=\"https:\/\/noti-america.com\/site\/peru\/wp-content\/uploads\/sites\/8\/2025\/10\/Imagen-de-WhatsApp-2025-10-24-a-las-22.29.14_7ad4a019-1024x682.jpg\" alt=\"\" width=\"1024\" height=\"682\" srcset=\"https:\/\/noti-america.com\/site\/peru\/wp-content\/uploads\/sites\/8\/2025\/10\/Imagen-de-WhatsApp-2025-10-24-a-las-22.29.14_7ad4a019-1024x682.jpg 1024w, https:\/\/noti-america.com\/site\/peru\/wp-content\/uploads\/sites\/8\/2025\/10\/Imagen-de-WhatsApp-2025-10-24-a-las-22.29.14_7ad4a019-300x200.jpg 300w, https:\/\/noti-america.com\/site\/peru\/wp-content\/uploads\/sites\/8\/2025\/10\/Imagen-de-WhatsApp-2025-10-24-a-las-22.29.14_7ad4a019-768x512.jpg 768w, https:\/\/noti-america.com\/site\/peru\/wp-content\/uploads\/sites\/8\/2025\/10\/Imagen-de-WhatsApp-2025-10-24-a-las-22.29.14_7ad4a019-1536x1023.jpg 1536w, https:\/\/noti-america.com\/site\/peru\/wp-content\/uploads\/sites\/8\/2025\/10\/Imagen-de-WhatsApp-2025-10-24-a-las-22.29.14_7ad4a019-272x182.jpg 272w, https:\/\/noti-america.com\/site\/peru\/wp-content\/uploads\/sites\/8\/2025\/10\/Imagen-de-WhatsApp-2025-10-24-a-las-22.29.14_7ad4a019.jpg 1600w\" sizes=\"auto, (max-width: 1024px) 100vw, 1024px\" \/><p id=\"caption-attachment-9197\" class=\"wp-caption-text\">Foto: Andina\/ Difusi\u00f3n<\/p><\/div>\n<p>&nbsp;<\/p>\n<p style=\"text-align: justify\"><span style=\"font-weight: 400;font-family: Tahoma, Arial, Helvetica, sans-serif;font-size: 14pt\">Deber\u00e1n optimizar la gesti\u00f3n de contrataciones mediante procedimientos de selecci\u00f3n no competitivos por causal de emergencia, conforme a lo establecido en el literal d del numeral 40.1 del art\u00edculo 40 de la Ley N.\u00ba 32069, la Ley General de Contrataciones P\u00fablicas y en el art\u00edculo 289 de su Reglamento, aprobado por Decreto Supremo N.\u00ba 009-2025-EF.<\/span><\/p>\n<p style=\"text-align: justify\">\n<p style=\"text-align: justify\"><span style=\"font-weight: 400;font-family: Tahoma, Arial, Helvetica, sans-serif;font-size: 14pt\">Asimismo, los funcionarios responsables podr\u00e1n promover convenios de cooperaci\u00f3n con entidades p\u00fablicas y privadas para apoyo log\u00edstico, tecnol\u00f3gico y otros relacionados.<\/span><\/p>\n<p style=\"text-align: justify\">\n<p style=\"text-align: justify\"><span style=\"font-weight: 400;font-family: Tahoma, Arial, Helvetica, sans-serif;font-size: 14pt\">La ordenanza N.\u00ba 2776 encarga a la Gerencia Municipal Metropolitana, a la Gerencia de Seguridad Ciudadana, a la Oficina de Log\u00edstica y a los dem\u00e1s \u00f3rganos competentes de la Municipalidad Metropolitana de Lima, el cumplimiento de lo dispuesto en ordenanza aprobada y publicada de acuerdo a la ley.<\/span><\/p>\n","protected":false},"excerpt":{"rendered":"<p>NOTI-AM\u00c9RICA PER\u00da Por Geomar Pacheco Rivera La Municipalidad Metropolitana de Lima declar\u00f3 en situaci\u00f3n de emergencia y de inter\u00e9s la seguridad ciudadana mediante la ordenanza N.\u00ba 2776, publicada en edici\u00f3n especial de las Normas&#46;&#46;&#46;<\/p>\n","protected":false},"author":70,"featured_media":9197,"comment_status":"open","ping_status":"open","sticky":false,"template":"","format":"standard","meta":{"_acf_changed":false,"rop_custom_images_group":[],"rop_custom_messages_group":[],"rop_publish_now":"no","rop_publish_now_accounts":{"twitter_242054905_242054905":""},"rop_publish_now_history":[{"account":"twitter_242054905_242054905","service":"twitter","timestamp":1761372392,"status":"queued"}],"rop_publish_now_status":"queued","footnotes":""},"categories":[268,117,3],"tags":[],"class_list":["post-9196","post","type-post","status-publish","format-standard","has-post-thumbnail","hentry","category-acturalidad","category-es-noticia-en","category-politica"],"acf":[],"yoast_head":"<!-- This site is optimized with the Yoast SEO Premium plugin v24.9 (Yoast SEO v27.2) - https:\/\/yoast.com\/product\/yoast-seo-premium-wordpress\/ -->\n<title>DECLARAN DE INTER\u00c9S LA SEGURIDAD CIUDADANA EN LIMA METROPOLITANA - Per\u00fa | Noti-America.com<\/title>\n<meta name=\"robots\" content=\"index, follow, max-snippet:-1, max-image-preview:large, max-video-preview:-1\" \/>\n<link rel=\"canonical\" href=\"https:\/\/noti-america.com\/site\/peru\/2025\/10\/25\/declaran-de-interes-la-seguridad-ciudadana-en-lima-metropolitana\/\" \/>\n<meta property=\"og:locale\" content=\"es_ES\" \/>\n<meta property=\"og:type\" content=\"article\" \/>\n<meta property=\"og:title\" content=\"DECLARAN DE INTER\u00c9S LA SEGURIDAD CIUDADANA EN LIMA METROPOLITANA\" \/>\n<meta property=\"og:description\" content=\"NOTI-AM\u00c9RICA PER\u00da Por Geomar Pacheco Rivera La Municipalidad Metropolitana de Lima declar\u00f3 en situaci\u00f3n de emergencia y de inter\u00e9s la seguridad ciudadana mediante la ordenanza N.\u00ba 2776, publicada en edici\u00f3n especial de las Normas&#046;&#046;&#046;\" \/>\n<meta property=\"og:url\" content=\"https:\/\/noti-america.com\/site\/peru\/2025\/10\/25\/declaran-de-interes-la-seguridad-ciudadana-en-lima-metropolitana\/\" \/>\n<meta property=\"og:site_name\" content=\"Per\u00fa | Noti-America.com\" \/>\n<meta property=\"article:published_time\" content=\"2025-10-25T06:06:31+00:00\" \/>\n<meta property=\"og:image\" content=\"https:\/\/noti-america.com\/site\/peru\/wp-content\/uploads\/sites\/8\/2025\/10\/Imagen-de-WhatsApp-2025-10-24-a-las-22.29.14_7ad4a019.jpg\" \/>\n\t<meta property=\"og:image:width\" content=\"1600\" \/>\n\t<meta property=\"og:image:height\" content=\"1066\" \/>\n\t<meta property=\"og:image:type\" content=\"image\/jpeg\" \/>\n<meta name=\"author\" content=\"Geomar Pacheco R.\" \/>\n<meta name=\"twitter:card\" content=\"summary_large_image\" \/>\n<meta name=\"twitter:creator\" content=\"@GeomarPacheco1\" \/>\n<meta name=\"twitter:label1\" content=\"Escrito por\" \/>\n\t<meta name=\"twitter:data1\" content=\"Geomar Pacheco R.\" \/>\n\t<meta name=\"twitter:label2\" content=\"Tiempo estimado de lectura\" \/>\n\t<meta name=\"twitter:data2\" content=\"2 minutos\" \/>\n<script type=\"application\/ld+json\" class=\"yoast-schema-graph\">{\"@context\":\"https:\/\/schema.org\",\"@graph\":[{\"@type\":\"Article\",\"@id\":\"https:\/\/noti-america.com\/site\/peru\/2025\/10\/25\/declaran-de-interes-la-seguridad-ciudadana-en-lima-metropolitana\/#article\",\"isPartOf\":{\"@id\":\"https:\/\/noti-america.com\/site\/peru\/2025\/10\/25\/declaran-de-interes-la-seguridad-ciudadana-en-lima-metropolitana\/\"},\"author\":{\"name\":\"Geomar Pacheco R.\",\"@id\":\"https:\/\/noti-america.com\/site\/peru\/#\/schema\/person\/28a35f20383bf2485bc838bfe76aebdc\"},\"headline\":\"DECLARAN DE INTER\u00c9S LA SEGURIDAD CIUDADANA EN LIMA METROPOLITANA\",\"datePublished\":\"2025-10-25T06:06:31+00:00\",\"mainEntityOfPage\":{\"@id\":\"https:\/\/noti-america.com\/site\/peru\/2025\/10\/25\/declaran-de-interes-la-seguridad-ciudadana-en-lima-metropolitana\/\"},\"wordCount\":350,\"commentCount\":0,\"publisher\":{\"@id\":\"https:\/\/noti-america.com\/site\/peru\/#organization\"},\"image\":{\"@id\":\"https:\/\/noti-america.com\/site\/peru\/2025\/10\/25\/declaran-de-interes-la-seguridad-ciudadana-en-lima-metropolitana\/#primaryimage\"},\"thumbnailUrl\":\"https:\/\/noti-america.com\/site\/peru\/wp-content\/uploads\/sites\/8\/2025\/10\/Imagen-de-WhatsApp-2025-10-24-a-las-22.29.14_7ad4a019.jpg\",\"articleSection\":[\"Actualidad\",\"Es Noticia en\",\"Pol\u00edtica\"],\"inLanguage\":\"es\",\"potentialAction\":[{\"@type\":\"CommentAction\",\"name\":\"Comment\",\"target\":[\"https:\/\/noti-america.com\/site\/peru\/2025\/10\/25\/declaran-de-interes-la-seguridad-ciudadana-en-lima-metropolitana\/#respond\"]}]},{\"@type\":\"WebPage\",\"@id\":\"https:\/\/noti-america.com\/site\/peru\/2025\/10\/25\/declaran-de-interes-la-seguridad-ciudadana-en-lima-metropolitana\/\",\"url\":\"https:\/\/noti-america.com\/site\/peru\/2025\/10\/25\/declaran-de-interes-la-seguridad-ciudadana-en-lima-metropolitana\/\",\"name\":\"DECLARAN DE INTER\u00c9S LA SEGURIDAD CIUDADANA EN LIMA METROPOLITANA - Per\u00fa | Noti-America.com\",\"isPartOf\":{\"@id\":\"https:\/\/noti-america.com\/site\/peru\/#website\"},\"primaryImageOfPage\":{\"@id\":\"https:\/\/noti-america.com\/site\/peru\/2025\/10\/25\/declaran-de-interes-la-seguridad-ciudadana-en-lima-metropolitana\/#primaryimage\"},\"image\":{\"@id\":\"https:\/\/noti-america.com\/site\/peru\/2025\/10\/25\/declaran-de-interes-la-seguridad-ciudadana-en-lima-metropolitana\/#primaryimage\"},\"thumbnailUrl\":\"https:\/\/noti-america.com\/site\/peru\/wp-content\/uploads\/sites\/8\/2025\/10\/Imagen-de-WhatsApp-2025-10-24-a-las-22.29.14_7ad4a019.jpg\",\"datePublished\":\"2025-10-25T06:06:31+00:00\",\"breadcrumb\":{\"@id\":\"https:\/\/noti-america.com\/site\/peru\/2025\/10\/25\/declaran-de-interes-la-seguridad-ciudadana-en-lima-metropolitana\/#breadcrumb\"},\"inLanguage\":\"es\",\"potentialAction\":[{\"@type\":\"ReadAction\",\"target\":[\"https:\/\/noti-america.com\/site\/peru\/2025\/10\/25\/declaran-de-interes-la-seguridad-ciudadana-en-lima-metropolitana\/\"]}]},{\"@type\":\"ImageObject\",\"inLanguage\":\"es\",\"@id\":\"https:\/\/noti-america.com\/site\/peru\/2025\/10\/25\/declaran-de-interes-la-seguridad-ciudadana-en-lima-metropolitana\/#primaryimage\",\"url\":\"https:\/\/noti-america.com\/site\/peru\/wp-content\/uploads\/sites\/8\/2025\/10\/Imagen-de-WhatsApp-2025-10-24-a-las-22.29.14_7ad4a019.jpg\",\"contentUrl\":\"https:\/\/noti-america.com\/site\/peru\/wp-content\/uploads\/sites\/8\/2025\/10\/Imagen-de-WhatsApp-2025-10-24-a-las-22.29.14_7ad4a019.jpg\",\"width\":1600,\"height\":1066},{\"@type\":\"BreadcrumbList\",\"@id\":\"https:\/\/noti-america.com\/site\/peru\/2025\/10\/25\/declaran-de-interes-la-seguridad-ciudadana-en-lima-metropolitana\/#breadcrumb\",\"itemListElement\":[{\"@type\":\"ListItem\",\"position\":1,\"name\":\"Portada\",\"item\":\"https:\/\/noti-america.com\/site\/peru\/\"},{\"@type\":\"ListItem\",\"position\":2,\"name\":\"DECLARAN DE INTER\u00c9S LA SEGURIDAD CIUDADANA EN LIMA METROPOLITANA\"}]},{\"@type\":\"WebSite\",\"@id\":\"https:\/\/noti-america.com\/site\/peru\/#website\",\"url\":\"https:\/\/noti-america.com\/site\/peru\/\",\"name\":\"Per\u00fa | Noti-America.com\",\"description\":\"\",\"publisher\":{\"@id\":\"https:\/\/noti-america.com\/site\/peru\/#organization\"},\"potentialAction\":[{\"@type\":\"SearchAction\",\"target\":{\"@type\":\"EntryPoint\",\"urlTemplate\":\"https:\/\/noti-america.com\/site\/peru\/?s={search_term_string}\"},\"query-input\":{\"@type\":\"PropertyValueSpecification\",\"valueRequired\":true,\"valueName\":\"search_term_string\"}}],\"inLanguage\":\"es\"},{\"@type\":\"Organization\",\"@id\":\"https:\/\/noti-america.com\/site\/peru\/#organization\",\"name\":\"Noti-America LLC | Per\u00fa\",\"url\":\"https:\/\/noti-america.com\/site\/peru\/\",\"logo\":{\"@type\":\"ImageObject\",\"inLanguage\":\"es\",\"@id\":\"https:\/\/noti-america.com\/site\/peru\/#\/schema\/logo\/image\/\",\"url\":\"https:\/\/noti-america.com\/site\/peru\/wp-content\/uploads\/sites\/8\/2020\/07\/LogoNA-4x3-1.jpg\",\"contentUrl\":\"https:\/\/noti-america.com\/site\/peru\/wp-content\/uploads\/sites\/8\/2020\/07\/LogoNA-4x3-1.jpg\",\"width\":1236,\"height\":1080,\"caption\":\"Noti-America LLC | Per\u00fa\"},\"image\":{\"@id\":\"https:\/\/noti-america.com\/site\/peru\/#\/schema\/logo\/image\/\"}},{\"@type\":\"Person\",\"@id\":\"https:\/\/noti-america.com\/site\/peru\/#\/schema\/person\/28a35f20383bf2485bc838bfe76aebdc\",\"name\":\"Geomar Pacheco R.\",\"image\":{\"@type\":\"ImageObject\",\"inLanguage\":\"es\",\"@id\":\"https:\/\/secure.gravatar.com\/avatar\/5f09cb527f9632e92234c6fc6e2cbcefebeed6bdeb0f9129ea4cbc7aa71587c6?s=96&d=mm&r=g\",\"url\":\"https:\/\/secure.gravatar.com\/avatar\/5f09cb527f9632e92234c6fc6e2cbcefebeed6bdeb0f9129ea4cbc7aa71587c6?s=96&d=mm&r=g\",\"contentUrl\":\"https:\/\/secure.gravatar.com\/avatar\/5f09cb527f9632e92234c6fc6e2cbcefebeed6bdeb0f9129ea4cbc7aa71587c6?s=96&d=mm&r=g\",\"caption\":\"Geomar Pacheco R.\"},\"sameAs\":[\"https:\/\/x.com\/GeomarPacheco1\"],\"url\":\"https:\/\/noti-america.com\/site\/peru\/author\/gpacheco\/\"}]}<\/script>\n<!-- \/ Yoast SEO Premium plugin. -->","yoast_head_json":{"title":"DECLARAN DE INTER\u00c9S LA SEGURIDAD CIUDADANA EN LIMA METROPOLITANA - Per\u00fa | Noti-America.com","robots":{"index":"index","follow":"follow","max-snippet":"max-snippet:-1","max-image-preview":"max-image-preview:large","max-video-preview":"max-video-preview:-1"},"canonical":"https:\/\/noti-america.com\/site\/peru\/2025\/10\/25\/declaran-de-interes-la-seguridad-ciudadana-en-lima-metropolitana\/","og_locale":"es_ES","og_type":"article","og_title":"DECLARAN DE INTER\u00c9S LA SEGURIDAD CIUDADANA EN LIMA METROPOLITANA","og_description":"NOTI-AM\u00c9RICA PER\u00da Por Geomar Pacheco Rivera La Municipalidad Metropolitana de Lima declar\u00f3 en situaci\u00f3n de emergencia y de inter\u00e9s la seguridad ciudadana mediante la ordenanza N.\u00ba 2776, publicada en edici\u00f3n especial de las Normas&#46;&#46;&#46;","og_url":"https:\/\/noti-america.com\/site\/peru\/2025\/10\/25\/declaran-de-interes-la-seguridad-ciudadana-en-lima-metropolitana\/","og_site_name":"Per\u00fa | Noti-America.com","article_published_time":"2025-10-25T06:06:31+00:00","og_image":[{"width":1600,"height":1066,"url":"https:\/\/noti-america.com\/site\/peru\/wp-content\/uploads\/sites\/8\/2025\/10\/Imagen-de-WhatsApp-2025-10-24-a-las-22.29.14_7ad4a019.jpg","type":"image\/jpeg"}],"author":"Geomar Pacheco R.","twitter_card":"summary_large_image","twitter_creator":"@GeomarPacheco1","twitter_misc":{"Escrito por":"Geomar Pacheco R.","Tiempo estimado de lectura":"2 minutos"},"schema":{"@context":"https:\/\/schema.org","@graph":[{"@type":"Article","@id":"https:\/\/noti-america.com\/site\/peru\/2025\/10\/25\/declaran-de-interes-la-seguridad-ciudadana-en-lima-metropolitana\/#article","isPartOf":{"@id":"https:\/\/noti-america.com\/site\/peru\/2025\/10\/25\/declaran-de-interes-la-seguridad-ciudadana-en-lima-metropolitana\/"},"author":{"name":"Geomar Pacheco R.","@id":"https:\/\/noti-america.com\/site\/peru\/#\/schema\/person\/28a35f20383bf2485bc838bfe76aebdc"},"headline":"DECLARAN DE INTER\u00c9S LA SEGURIDAD CIUDADANA EN LIMA METROPOLITANA","datePublished":"2025-10-25T06:06:31+00:00","mainEntityOfPage":{"@id":"https:\/\/noti-america.com\/site\/peru\/2025\/10\/25\/declaran-de-interes-la-seguridad-ciudadana-en-lima-metropolitana\/"},"wordCount":350,"commentCount":0,"publisher":{"@id":"https:\/\/noti-america.com\/site\/peru\/#organization"},"image":{"@id":"https:\/\/noti-america.com\/site\/peru\/2025\/10\/25\/declaran-de-interes-la-seguridad-ciudadana-en-lima-metropolitana\/#primaryimage"},"thumbnailUrl":"https:\/\/noti-america.com\/site\/peru\/wp-content\/uploads\/sites\/8\/2025\/10\/Imagen-de-WhatsApp-2025-10-24-a-las-22.29.14_7ad4a019.jpg","articleSection":["Actualidad","Es Noticia en","Pol\u00edtica"],"inLanguage":"es","potentialAction":[{"@type":"CommentAction","name":"Comment","target":["https:\/\/noti-america.com\/site\/peru\/2025\/10\/25\/declaran-de-interes-la-seguridad-ciudadana-en-lima-metropolitana\/#respond"]}]},{"@type":"WebPage","@id":"https:\/\/noti-america.com\/site\/peru\/2025\/10\/25\/declaran-de-interes-la-seguridad-ciudadana-en-lima-metropolitana\/","url":"https:\/\/noti-america.com\/site\/peru\/2025\/10\/25\/declaran-de-interes-la-seguridad-ciudadana-en-lima-metropolitana\/","name":"DECLARAN DE INTER\u00c9S LA SEGURIDAD CIUDADANA EN LIMA METROPOLITANA - Per\u00fa | Noti-America.com","isPartOf":{"@id":"https:\/\/noti-america.com\/site\/peru\/#website"},"primaryImageOfPage":{"@id":"https:\/\/noti-america.com\/site\/peru\/2025\/10\/25\/declaran-de-interes-la-seguridad-ciudadana-en-lima-metropolitana\/#primaryimage"},"image":{"@id":"https:\/\/noti-america.com\/site\/peru\/2025\/10\/25\/declaran-de-interes-la-seguridad-ciudadana-en-lima-metropolitana\/#primaryimage"},"thumbnailUrl":"https:\/\/noti-america.com\/site\/peru\/wp-content\/uploads\/sites\/8\/2025\/10\/Imagen-de-WhatsApp-2025-10-24-a-las-22.29.14_7ad4a019.jpg","datePublished":"2025-10-25T06:06:31+00:00","breadcrumb":{"@id":"https:\/\/noti-america.com\/site\/peru\/2025\/10\/25\/declaran-de-interes-la-seguridad-ciudadana-en-lima-metropolitana\/#breadcrumb"},"inLanguage":"es","potentialAction":[{"@type":"ReadAction","target":["https:\/\/noti-america.com\/site\/peru\/2025\/10\/25\/declaran-de-interes-la-seguridad-ciudadana-en-lima-metropolitana\/"]}]},{"@type":"ImageObject","inLanguage":"es","@id":"https:\/\/noti-america.com\/site\/peru\/2025\/10\/25\/declaran-de-interes-la-seguridad-ciudadana-en-lima-metropolitana\/#primaryimage","url":"https:\/\/noti-america.com\/site\/peru\/wp-content\/uploads\/sites\/8\/2025\/10\/Imagen-de-WhatsApp-2025-10-24-a-las-22.29.14_7ad4a019.jpg","contentUrl":"https:\/\/noti-america.com\/site\/peru\/wp-content\/uploads\/sites\/8\/2025\/10\/Imagen-de-WhatsApp-2025-10-24-a-las-22.29.14_7ad4a019.jpg","width":1600,"height":1066},{"@type":"BreadcrumbList","@id":"https:\/\/noti-america.com\/site\/peru\/2025\/10\/25\/declaran-de-interes-la-seguridad-ciudadana-en-lima-metropolitana\/#breadcrumb","itemListElement":[{"@type":"ListItem","position":1,"name":"Portada","item":"https:\/\/noti-america.com\/site\/peru\/"},{"@type":"ListItem","position":2,"name":"DECLARAN DE INTER\u00c9S LA SEGURIDAD CIUDADANA EN LIMA METROPOLITANA"}]},{"@type":"WebSite","@id":"https:\/\/noti-america.com\/site\/peru\/#website","url":"https:\/\/noti-america.com\/site\/peru\/","name":"Per\u00fa | Noti-America.com","description":"","publisher":{"@id":"https:\/\/noti-america.com\/site\/peru\/#organization"},"potentialAction":[{"@type":"SearchAction","target":{"@type":"EntryPoint","urlTemplate":"https:\/\/noti-america.com\/site\/peru\/?s={search_term_string}"},"query-input":{"@type":"PropertyValueSpecification","valueRequired":true,"valueName":"search_term_string"}}],"inLanguage":"es"},{"@type":"Organization","@id":"https:\/\/noti-america.com\/site\/peru\/#organization","name":"Noti-America LLC | Per\u00fa","url":"https:\/\/noti-america.com\/site\/peru\/","logo":{"@type":"ImageObject","inLanguage":"es","@id":"https:\/\/noti-america.com\/site\/peru\/#\/schema\/logo\/image\/","url":"https:\/\/noti-america.com\/site\/peru\/wp-content\/uploads\/sites\/8\/2020\/07\/LogoNA-4x3-1.jpg","contentUrl":"https:\/\/noti-america.com\/site\/peru\/wp-content\/uploads\/sites\/8\/2020\/07\/LogoNA-4x3-1.jpg","width":1236,"height":1080,"caption":"Noti-America LLC | Per\u00fa"},"image":{"@id":"https:\/\/noti-america.com\/site\/peru\/#\/schema\/logo\/image\/"}},{"@type":"Person","@id":"https:\/\/noti-america.com\/site\/peru\/#\/schema\/person\/28a35f20383bf2485bc838bfe76aebdc","name":"Geomar Pacheco R.","image":{"@type":"ImageObject","inLanguage":"es","@id":"https:\/\/secure.gravatar.com\/avatar\/5f09cb527f9632e92234c6fc6e2cbcefebeed6bdeb0f9129ea4cbc7aa71587c6?s=96&d=mm&r=g","url":"https:\/\/secure.gravatar.com\/avatar\/5f09cb527f9632e92234c6fc6e2cbcefebeed6bdeb0f9129ea4cbc7aa71587c6?s=96&d=mm&r=g","contentUrl":"https:\/\/secure.gravatar.com\/avatar\/5f09cb527f9632e92234c6fc6e2cbcefebeed6bdeb0f9129ea4cbc7aa71587c6?s=96&d=mm&r=g","caption":"Geomar Pacheco R."},"sameAs":["https:\/\/x.com\/GeomarPacheco1"],"url":"https:\/\/noti-america.com\/site\/peru\/author\/gpacheco\/"}]}},"_links":{"self":[{"href":"https:\/\/noti-america.com\/site\/peru\/wp-json\/wp\/v2\/posts\/9196","targetHints":{"allow":["GET"]}}],"collection":[{"href":"https:\/\/noti-america.com\/site\/peru\/wp-json\/wp\/v2\/posts"}],"about":[{"href":"https:\/\/noti-america.com\/site\/peru\/wp-json\/wp\/v2\/types\/post"}],"author":[{"embeddable":true,"href":"https:\/\/noti-america.com\/site\/peru\/wp-json\/wp\/v2\/users\/70"}],"replies":[{"embeddable":true,"href":"https:\/\/noti-america.com\/site\/peru\/wp-json\/wp\/v2\/comments?post=9196"}],"version-history":[{"count":1,"href":"https:\/\/noti-america.com\/site\/peru\/wp-json\/wp\/v2\/posts\/9196\/revisions"}],"predecessor-version":[{"id":9198,"href":"https:\/\/noti-america.com\/site\/peru\/wp-json\/wp\/v2\/posts\/9196\/revisions\/9198"}],"wp:featuredmedia":[{"embeddable":true,"href":"https:\/\/noti-america.com\/site\/peru\/wp-json\/wp\/v2\/media\/9197"}],"wp:attachment":[{"href":"https:\/\/noti-america.com\/site\/peru\/wp-json\/wp\/v2\/media?parent=9196"}],"wp:term":[{"taxonomy":"category","embeddable":true,"href":"https:\/\/noti-america.com\/site\/peru\/wp-json\/wp\/v2\/categories?post=9196"},{"taxonomy":"post_tag","embeddable":true,"href":"https:\/\/noti-america.com\/site\/peru\/wp-json\/wp\/v2\/tags?post=9196"}],"curies":[{"name":"wp","href":"https:\/\/api.w.org\/{rel}","templated":true}]}}