{"id":9132,"date":"2025-10-12T07:14:45","date_gmt":"2025-10-12T07:14:45","guid":{"rendered":"https:\/\/noti-america.com\/site\/peru\/?p=9132"},"modified":"2025-10-12T07:14:45","modified_gmt":"2025-10-12T07:14:45","slug":"chalacos-recibiran-nuevamente-al-senor-de-los-milagros-despues-de-22-anos","status":"publish","type":"post","link":"https:\/\/noti-america.com\/site\/peru\/2025\/10\/12\/chalacos-recibiran-nuevamente-al-senor-de-los-milagros-despues-de-22-anos\/","title":{"rendered":"CHALACOS RECIBIR\u00c1N NUEVAMENTE AL SE\u00d1OR DE LOS MILAGROS DESPU\u00c9S DE 22 A\u00d1OS"},"content":{"rendered":"<p style=\"text-align: justify\"><strong><span style=\"font-family: Tahoma, Arial, Helvetica, sans-serif;font-size: 14pt\">NOTI-AM\u00c9RICA PER\u00da<\/span><\/strong><\/p>\n<p style=\"text-align: justify\">\n<p style=\"text-align: right\"><strong><span style=\"font-family: Tahoma, Arial, Helvetica, sans-serif;font-size: 14pt\">Por Geomar Pacheco Rivera<\/span><\/strong><\/p>\n<p style=\"text-align: justify\">\n<p style=\"text-align: justify\"><span style=\"font-weight: 400;font-family: Tahoma, Arial, Helvetica, sans-serif;font-size: 14pt\">El Gobierno Regional del Callao (GORE) recibir\u00e1 ma\u00f1ana la visita oficial de la Hermandad del Se\u00f1or de los Milagros con la finalidad de continuar coordinando detalles de la bienvenida y gran homenaje al \u2018Cristo Moreno\u2019.<\/span><\/p>\n<p style=\"text-align: justify\">\n<p style=\"text-align: justify\"><span style=\"font-weight: 400;font-family: Tahoma, Arial, Helvetica, sans-serif;font-size: 14pt\">La sagrada imagen visitar\u00e1 el Callao despu\u00e9s de 22 a\u00f1os y el GORE prepara un gran recibimiento en Juan Pablo II; as\u00ed como un homenaje cultural en el Hospital Nacional Daniel Alcides Carri\u00f3n.<\/span><\/p>\n<div id=\"attachment_9133\" style=\"width: 1034px\" class=\"wp-caption alignnone\"><img loading=\"lazy\" decoding=\"async\" aria-describedby=\"caption-attachment-9133\" class=\"size-large wp-image-9133\" src=\"https:\/\/noti-america.com\/site\/peru\/wp-content\/uploads\/sites\/8\/2025\/10\/Imagen-de-WhatsApp-2025-10-12-a-las-00.51.53_c95f333c-1024x693.jpg\" alt=\"\" width=\"1024\" height=\"693\" srcset=\"https:\/\/noti-america.com\/site\/peru\/wp-content\/uploads\/sites\/8\/2025\/10\/Imagen-de-WhatsApp-2025-10-12-a-las-00.51.53_c95f333c-1024x693.jpg 1024w, https:\/\/noti-america.com\/site\/peru\/wp-content\/uploads\/sites\/8\/2025\/10\/Imagen-de-WhatsApp-2025-10-12-a-las-00.51.53_c95f333c-300x203.jpg 300w, https:\/\/noti-america.com\/site\/peru\/wp-content\/uploads\/sites\/8\/2025\/10\/Imagen-de-WhatsApp-2025-10-12-a-las-00.51.53_c95f333c-768x520.jpg 768w, https:\/\/noti-america.com\/site\/peru\/wp-content\/uploads\/sites\/8\/2025\/10\/Imagen-de-WhatsApp-2025-10-12-a-las-00.51.53_c95f333c.jpg 1280w\" sizes=\"auto, (max-width: 1024px) 100vw, 1024px\" \/><p id=\"caption-attachment-9133\" class=\"wp-caption-text\">Foto: Oficina de Imagen institucional y Protocolo\u00a0\u00a0GORE.<\/p><\/div>\n<p style=\"text-align: justify\"><span style=\"font-weight: 400;font-family: Tahoma, Arial, Helvetica, sans-serif;font-size: 14pt\">El Gobierno Regional del Callao, liderado por el gobernador Ciro Castillo Rojo Salas, recibir\u00e1 este lunes 13 a la comitiva oficial de la Hermandad del Se\u00f1or de los Milagros de las Nazarenas, encabezada por su mayordomo general, Jos\u00e9 Luis Toledo Zapata. Ser\u00e1 una reuni\u00f3n destinada a concertar las coordinaciones para el homenaje que el Callao rendir\u00e1 al Cristo Moreno, cuya sagrada imagen volver\u00e1 al primer puerto despu\u00e9s de 22 a\u00f1os.<\/span><\/p>\n<p style=\"text-align: justify\">\n<p style=\"text-align: justify\"><span style=\"font-weight: 400;font-family: Tahoma, Arial, Helvetica, sans-serif;font-size: 14pt\">Ser\u00e1 el tributo m\u00e1s importante del Callao, teniendo como centro la sede del Hospital Nacional Daniel Alcides Carri\u00f3n, donde el Cristo Moreno derramar\u00e1 su bendici\u00f3n sobre m\u00e1s de 1.500 pacientes hospitalizados, mientras sus familiares y el personal de salud elevar\u00e1n oraciones por su pronta recuperaci\u00f3n y fortaleza espiritual.<\/span><\/p>\n<div id=\"attachment_9134\" style=\"width: 1034px\" class=\"wp-caption alignnone\"><img loading=\"lazy\" decoding=\"async\" aria-describedby=\"caption-attachment-9134\" class=\"size-large wp-image-9134\" src=\"https:\/\/noti-america.com\/site\/peru\/wp-content\/uploads\/sites\/8\/2025\/10\/Imagen-de-WhatsApp-2025-10-12-a-las-00.52.15_4d2d2e57-1024x682.jpg\" alt=\"\" width=\"1024\" height=\"682\" srcset=\"https:\/\/noti-america.com\/site\/peru\/wp-content\/uploads\/sites\/8\/2025\/10\/Imagen-de-WhatsApp-2025-10-12-a-las-00.52.15_4d2d2e57-1024x682.jpg 1024w, https:\/\/noti-america.com\/site\/peru\/wp-content\/uploads\/sites\/8\/2025\/10\/Imagen-de-WhatsApp-2025-10-12-a-las-00.52.15_4d2d2e57-300x200.jpg 300w, https:\/\/noti-america.com\/site\/peru\/wp-content\/uploads\/sites\/8\/2025\/10\/Imagen-de-WhatsApp-2025-10-12-a-las-00.52.15_4d2d2e57-768x512.jpg 768w, https:\/\/noti-america.com\/site\/peru\/wp-content\/uploads\/sites\/8\/2025\/10\/Imagen-de-WhatsApp-2025-10-12-a-las-00.52.15_4d2d2e57-1536x1024.jpg 1536w, https:\/\/noti-america.com\/site\/peru\/wp-content\/uploads\/sites\/8\/2025\/10\/Imagen-de-WhatsApp-2025-10-12-a-las-00.52.15_4d2d2e57-2048x1365.jpg 2048w, https:\/\/noti-america.com\/site\/peru\/wp-content\/uploads\/sites\/8\/2025\/10\/Imagen-de-WhatsApp-2025-10-12-a-las-00.52.15_4d2d2e57-272x182.jpg 272w\" sizes=\"auto, (max-width: 1024px) 100vw, 1024px\" \/><p id=\"caption-attachment-9134\" class=\"wp-caption-text\">Foto: Oficina de Imagen institucional y Protocolo\u00a0\u00a0GORE.<\/p><\/div>\n<p>&nbsp;<\/p>\n<p style=\"text-align: justify\"><span style=\"font-weight: 400;font-family: Tahoma, Arial, Helvetica, sans-serif;font-size: 14pt\">El GORE del Callao asumir\u00e1 el honor de recibir y despedir la venerada imagen, primero en la sede institucional de Juan Pablo II (\u00f3valo de La Perla) y posteriormente en el nosocomio indicado. El acto congregar\u00e1 a miles de fieles chalacos, que saldr\u00e1n a las calles para expresar su fe, esperanza y gratitud.<\/span><\/p>\n<p style=\"text-align: justify\">\n<p style=\"text-align: justify\"><span style=\"font-weight: 400;font-family: Tahoma, Arial, Helvetica, sans-serif;font-size: 14pt\">El pueblo chalaco se prepara para vivir un momento hist\u00f3rico, lleno de fervor y uni\u00f3n espiritual, en el que se pedir\u00e1 al Cristo de Pachacamilla que bendiga al Callao y a todo el Per\u00fa.<\/span><\/p>\n","protected":false},"excerpt":{"rendered":"<p>NOTI-AM\u00c9RICA PER\u00da Por Geomar Pacheco Rivera El Gobierno Regional del Callao (GORE) recibir\u00e1 ma\u00f1ana la visita oficial de la Hermandad del Se\u00f1or de los Milagros con la finalidad de continuar coordinando detalles de la&#46;&#46;&#46;<\/p>\n","protected":false},"author":70,"featured_media":9133,"comment_status":"open","ping_status":"open","sticky":false,"template":"","format":"standard","meta":{"_acf_changed":false,"rop_custom_images_group":[],"rop_custom_messages_group":[],"rop_publish_now":"no","rop_publish_now_accounts":{"twitter_242054905_242054905":""},"rop_publish_now_history":[{"account":"twitter_242054905_242054905","service":"twitter","timestamp":1760253286,"status":"queued"}],"rop_publish_now_status":"queued","footnotes":""},"categories":[268,117],"tags":[],"class_list":["post-9132","post","type-post","status-publish","format-standard","has-post-thumbnail","hentry","category-acturalidad","category-es-noticia-en"],"acf":[],"yoast_head":"<!-- This site is optimized with the Yoast SEO Premium plugin v24.9 (Yoast SEO v27.2) - https:\/\/yoast.com\/product\/yoast-seo-premium-wordpress\/ -->\n<title>CHALACOS RECIBIR\u00c1N NUEVAMENTE AL SE\u00d1OR DE LOS MILAGROS DESPU\u00c9S DE 22 A\u00d1OS - Per\u00fa | Noti-America.com<\/title>\n<meta name=\"robots\" content=\"index, follow, max-snippet:-1, max-image-preview:large, max-video-preview:-1\" \/>\n<link rel=\"canonical\" href=\"https:\/\/noti-america.com\/site\/peru\/2025\/10\/12\/chalacos-recibiran-nuevamente-al-senor-de-los-milagros-despues-de-22-anos\/\" \/>\n<meta property=\"og:locale\" content=\"es_ES\" \/>\n<meta property=\"og:type\" content=\"article\" \/>\n<meta property=\"og:title\" content=\"CHALACOS RECIBIR\u00c1N NUEVAMENTE AL SE\u00d1OR DE LOS MILAGROS DESPU\u00c9S DE 22 A\u00d1OS\" \/>\n<meta property=\"og:description\" content=\"NOTI-AM\u00c9RICA PER\u00da Por Geomar Pacheco Rivera El Gobierno Regional del Callao (GORE) recibir\u00e1 ma\u00f1ana la visita oficial de la Hermandad del Se\u00f1or de los Milagros con la finalidad de continuar coordinando detalles de la&#046;&#046;&#046;\" \/>\n<meta property=\"og:url\" content=\"https:\/\/noti-america.com\/site\/peru\/2025\/10\/12\/chalacos-recibiran-nuevamente-al-senor-de-los-milagros-despues-de-22-anos\/\" \/>\n<meta property=\"og:site_name\" content=\"Per\u00fa | Noti-America.com\" \/>\n<meta property=\"article:published_time\" content=\"2025-10-12T07:14:45+00:00\" \/>\n<meta property=\"og:image\" content=\"https:\/\/noti-america.com\/site\/peru\/wp-content\/uploads\/sites\/8\/2025\/10\/Imagen-de-WhatsApp-2025-10-12-a-las-00.51.53_c95f333c.jpg\" \/>\n\t<meta property=\"og:image:width\" content=\"1280\" \/>\n\t<meta property=\"og:image:height\" content=\"866\" \/>\n\t<meta property=\"og:image:type\" content=\"image\/jpeg\" \/>\n<meta name=\"author\" content=\"Geomar Pacheco R.\" \/>\n<meta name=\"twitter:card\" content=\"summary_large_image\" \/>\n<meta name=\"twitter:creator\" content=\"@GeomarPacheco1\" \/>\n<meta name=\"twitter:label1\" content=\"Escrito por\" \/>\n\t<meta name=\"twitter:data1\" content=\"Geomar Pacheco R.\" \/>\n\t<meta name=\"twitter:label2\" content=\"Tiempo estimado de lectura\" \/>\n\t<meta name=\"twitter:data2\" content=\"2 minutos\" \/>\n<script type=\"application\/ld+json\" class=\"yoast-schema-graph\">{\"@context\":\"https:\/\/schema.org\",\"@graph\":[{\"@type\":\"Article\",\"@id\":\"https:\/\/noti-america.com\/site\/peru\/2025\/10\/12\/chalacos-recibiran-nuevamente-al-senor-de-los-milagros-despues-de-22-anos\/#article\",\"isPartOf\":{\"@id\":\"https:\/\/noti-america.com\/site\/peru\/2025\/10\/12\/chalacos-recibiran-nuevamente-al-senor-de-los-milagros-despues-de-22-anos\/\"},\"author\":{\"name\":\"Geomar Pacheco R.\",\"@id\":\"https:\/\/noti-america.com\/site\/peru\/#\/schema\/person\/28a35f20383bf2485bc838bfe76aebdc\"},\"headline\":\"CHALACOS RECIBIR\u00c1N NUEVAMENTE AL SE\u00d1OR DE LOS MILAGROS DESPU\u00c9S DE 22 A\u00d1OS\",\"datePublished\":\"2025-10-12T07:14:45+00:00\",\"mainEntityOfPage\":{\"@id\":\"https:\/\/noti-america.com\/site\/peru\/2025\/10\/12\/chalacos-recibiran-nuevamente-al-senor-de-los-milagros-despues-de-22-anos\/\"},\"wordCount\":340,\"commentCount\":0,\"publisher\":{\"@id\":\"https:\/\/noti-america.com\/site\/peru\/#organization\"},\"image\":{\"@id\":\"https:\/\/noti-america.com\/site\/peru\/2025\/10\/12\/chalacos-recibiran-nuevamente-al-senor-de-los-milagros-despues-de-22-anos\/#primaryimage\"},\"thumbnailUrl\":\"https:\/\/noti-america.com\/site\/peru\/wp-content\/uploads\/sites\/8\/2025\/10\/Imagen-de-WhatsApp-2025-10-12-a-las-00.51.53_c95f333c.jpg\",\"articleSection\":[\"Actualidad\",\"Es Noticia en\"],\"inLanguage\":\"es\",\"potentialAction\":[{\"@type\":\"CommentAction\",\"name\":\"Comment\",\"target\":[\"https:\/\/noti-america.com\/site\/peru\/2025\/10\/12\/chalacos-recibiran-nuevamente-al-senor-de-los-milagros-despues-de-22-anos\/#respond\"]}]},{\"@type\":\"WebPage\",\"@id\":\"https:\/\/noti-america.com\/site\/peru\/2025\/10\/12\/chalacos-recibiran-nuevamente-al-senor-de-los-milagros-despues-de-22-anos\/\",\"url\":\"https:\/\/noti-america.com\/site\/peru\/2025\/10\/12\/chalacos-recibiran-nuevamente-al-senor-de-los-milagros-despues-de-22-anos\/\",\"name\":\"CHALACOS RECIBIR\u00c1N NUEVAMENTE AL SE\u00d1OR DE LOS MILAGROS DESPU\u00c9S DE 22 A\u00d1OS - Per\u00fa | Noti-America.com\",\"isPartOf\":{\"@id\":\"https:\/\/noti-america.com\/site\/peru\/#website\"},\"primaryImageOfPage\":{\"@id\":\"https:\/\/noti-america.com\/site\/peru\/2025\/10\/12\/chalacos-recibiran-nuevamente-al-senor-de-los-milagros-despues-de-22-anos\/#primaryimage\"},\"image\":{\"@id\":\"https:\/\/noti-america.com\/site\/peru\/2025\/10\/12\/chalacos-recibiran-nuevamente-al-senor-de-los-milagros-despues-de-22-anos\/#primaryimage\"},\"thumbnailUrl\":\"https:\/\/noti-america.com\/site\/peru\/wp-content\/uploads\/sites\/8\/2025\/10\/Imagen-de-WhatsApp-2025-10-12-a-las-00.51.53_c95f333c.jpg\",\"datePublished\":\"2025-10-12T07:14:45+00:00\",\"breadcrumb\":{\"@id\":\"https:\/\/noti-america.com\/site\/peru\/2025\/10\/12\/chalacos-recibiran-nuevamente-al-senor-de-los-milagros-despues-de-22-anos\/#breadcrumb\"},\"inLanguage\":\"es\",\"potentialAction\":[{\"@type\":\"ReadAction\",\"target\":[\"https:\/\/noti-america.com\/site\/peru\/2025\/10\/12\/chalacos-recibiran-nuevamente-al-senor-de-los-milagros-despues-de-22-anos\/\"]}]},{\"@type\":\"ImageObject\",\"inLanguage\":\"es\",\"@id\":\"https:\/\/noti-america.com\/site\/peru\/2025\/10\/12\/chalacos-recibiran-nuevamente-al-senor-de-los-milagros-despues-de-22-anos\/#primaryimage\",\"url\":\"https:\/\/noti-america.com\/site\/peru\/wp-content\/uploads\/sites\/8\/2025\/10\/Imagen-de-WhatsApp-2025-10-12-a-las-00.51.53_c95f333c.jpg\",\"contentUrl\":\"https:\/\/noti-america.com\/site\/peru\/wp-content\/uploads\/sites\/8\/2025\/10\/Imagen-de-WhatsApp-2025-10-12-a-las-00.51.53_c95f333c.jpg\",\"width\":1280,\"height\":866,\"caption\":\"Foto: Oficina de Imagen institucional y Protocolo\u00a0\u00a0GORE.\"},{\"@type\":\"BreadcrumbList\",\"@id\":\"https:\/\/noti-america.com\/site\/peru\/2025\/10\/12\/chalacos-recibiran-nuevamente-al-senor-de-los-milagros-despues-de-22-anos\/#breadcrumb\",\"itemListElement\":[{\"@type\":\"ListItem\",\"position\":1,\"name\":\"Portada\",\"item\":\"https:\/\/noti-america.com\/site\/peru\/\"},{\"@type\":\"ListItem\",\"position\":2,\"name\":\"CHALACOS RECIBIR\u00c1N NUEVAMENTE AL SE\u00d1OR DE LOS MILAGROS DESPU\u00c9S DE 22 A\u00d1OS\"}]},{\"@type\":\"WebSite\",\"@id\":\"https:\/\/noti-america.com\/site\/peru\/#website\",\"url\":\"https:\/\/noti-america.com\/site\/peru\/\",\"name\":\"Per\u00fa | Noti-America.com\",\"description\":\"\",\"publisher\":{\"@id\":\"https:\/\/noti-america.com\/site\/peru\/#organization\"},\"potentialAction\":[{\"@type\":\"SearchAction\",\"target\":{\"@type\":\"EntryPoint\",\"urlTemplate\":\"https:\/\/noti-america.com\/site\/peru\/?s={search_term_string}\"},\"query-input\":{\"@type\":\"PropertyValueSpecification\",\"valueRequired\":true,\"valueName\":\"search_term_string\"}}],\"inLanguage\":\"es\"},{\"@type\":\"Organization\",\"@id\":\"https:\/\/noti-america.com\/site\/peru\/#organization\",\"name\":\"Noti-America LLC | Per\u00fa\",\"url\":\"https:\/\/noti-america.com\/site\/peru\/\",\"logo\":{\"@type\":\"ImageObject\",\"inLanguage\":\"es\",\"@id\":\"https:\/\/noti-america.com\/site\/peru\/#\/schema\/logo\/image\/\",\"url\":\"https:\/\/noti-america.com\/site\/peru\/wp-content\/uploads\/sites\/8\/2020\/07\/LogoNA-4x3-1.jpg\",\"contentUrl\":\"https:\/\/noti-america.com\/site\/peru\/wp-content\/uploads\/sites\/8\/2020\/07\/LogoNA-4x3-1.jpg\",\"width\":1236,\"height\":1080,\"caption\":\"Noti-America LLC | Per\u00fa\"},\"image\":{\"@id\":\"https:\/\/noti-america.com\/site\/peru\/#\/schema\/logo\/image\/\"}},{\"@type\":\"Person\",\"@id\":\"https:\/\/noti-america.com\/site\/peru\/#\/schema\/person\/28a35f20383bf2485bc838bfe76aebdc\",\"name\":\"Geomar Pacheco R.\",\"image\":{\"@type\":\"ImageObject\",\"inLanguage\":\"es\",\"@id\":\"https:\/\/secure.gravatar.com\/avatar\/5f09cb527f9632e92234c6fc6e2cbcefebeed6bdeb0f9129ea4cbc7aa71587c6?s=96&d=mm&r=g\",\"url\":\"https:\/\/secure.gravatar.com\/avatar\/5f09cb527f9632e92234c6fc6e2cbcefebeed6bdeb0f9129ea4cbc7aa71587c6?s=96&d=mm&r=g\",\"contentUrl\":\"https:\/\/secure.gravatar.com\/avatar\/5f09cb527f9632e92234c6fc6e2cbcefebeed6bdeb0f9129ea4cbc7aa71587c6?s=96&d=mm&r=g\",\"caption\":\"Geomar Pacheco R.\"},\"sameAs\":[\"https:\/\/x.com\/GeomarPacheco1\"],\"url\":\"https:\/\/noti-america.com\/site\/peru\/author\/gpacheco\/\"}]}<\/script>\n<!-- \/ Yoast SEO Premium plugin. -->","yoast_head_json":{"title":"CHALACOS RECIBIR\u00c1N NUEVAMENTE AL SE\u00d1OR DE LOS MILAGROS DESPU\u00c9S DE 22 A\u00d1OS - Per\u00fa | Noti-America.com","robots":{"index":"index","follow":"follow","max-snippet":"max-snippet:-1","max-image-preview":"max-image-preview:large","max-video-preview":"max-video-preview:-1"},"canonical":"https:\/\/noti-america.com\/site\/peru\/2025\/10\/12\/chalacos-recibiran-nuevamente-al-senor-de-los-milagros-despues-de-22-anos\/","og_locale":"es_ES","og_type":"article","og_title":"CHALACOS RECIBIR\u00c1N NUEVAMENTE AL SE\u00d1OR DE LOS MILAGROS DESPU\u00c9S DE 22 A\u00d1OS","og_description":"NOTI-AM\u00c9RICA PER\u00da Por Geomar Pacheco Rivera El Gobierno Regional del Callao (GORE) recibir\u00e1 ma\u00f1ana la visita oficial de la Hermandad del Se\u00f1or de los Milagros con la finalidad de continuar coordinando detalles de la&#46;&#46;&#46;","og_url":"https:\/\/noti-america.com\/site\/peru\/2025\/10\/12\/chalacos-recibiran-nuevamente-al-senor-de-los-milagros-despues-de-22-anos\/","og_site_name":"Per\u00fa | Noti-America.com","article_published_time":"2025-10-12T07:14:45+00:00","og_image":[{"width":1280,"height":866,"url":"https:\/\/noti-america.com\/site\/peru\/wp-content\/uploads\/sites\/8\/2025\/10\/Imagen-de-WhatsApp-2025-10-12-a-las-00.51.53_c95f333c.jpg","type":"image\/jpeg"}],"author":"Geomar Pacheco R.","twitter_card":"summary_large_image","twitter_creator":"@GeomarPacheco1","twitter_misc":{"Escrito por":"Geomar Pacheco R.","Tiempo estimado de lectura":"2 minutos"},"schema":{"@context":"https:\/\/schema.org","@graph":[{"@type":"Article","@id":"https:\/\/noti-america.com\/site\/peru\/2025\/10\/12\/chalacos-recibiran-nuevamente-al-senor-de-los-milagros-despues-de-22-anos\/#article","isPartOf":{"@id":"https:\/\/noti-america.com\/site\/peru\/2025\/10\/12\/chalacos-recibiran-nuevamente-al-senor-de-los-milagros-despues-de-22-anos\/"},"author":{"name":"Geomar Pacheco R.","@id":"https:\/\/noti-america.com\/site\/peru\/#\/schema\/person\/28a35f20383bf2485bc838bfe76aebdc"},"headline":"CHALACOS RECIBIR\u00c1N NUEVAMENTE AL SE\u00d1OR DE LOS MILAGROS DESPU\u00c9S DE 22 A\u00d1OS","datePublished":"2025-10-12T07:14:45+00:00","mainEntityOfPage":{"@id":"https:\/\/noti-america.com\/site\/peru\/2025\/10\/12\/chalacos-recibiran-nuevamente-al-senor-de-los-milagros-despues-de-22-anos\/"},"wordCount":340,"commentCount":0,"publisher":{"@id":"https:\/\/noti-america.com\/site\/peru\/#organization"},"image":{"@id":"https:\/\/noti-america.com\/site\/peru\/2025\/10\/12\/chalacos-recibiran-nuevamente-al-senor-de-los-milagros-despues-de-22-anos\/#primaryimage"},"thumbnailUrl":"https:\/\/noti-america.com\/site\/peru\/wp-content\/uploads\/sites\/8\/2025\/10\/Imagen-de-WhatsApp-2025-10-12-a-las-00.51.53_c95f333c.jpg","articleSection":["Actualidad","Es Noticia en"],"inLanguage":"es","potentialAction":[{"@type":"CommentAction","name":"Comment","target":["https:\/\/noti-america.com\/site\/peru\/2025\/10\/12\/chalacos-recibiran-nuevamente-al-senor-de-los-milagros-despues-de-22-anos\/#respond"]}]},{"@type":"WebPage","@id":"https:\/\/noti-america.com\/site\/peru\/2025\/10\/12\/chalacos-recibiran-nuevamente-al-senor-de-los-milagros-despues-de-22-anos\/","url":"https:\/\/noti-america.com\/site\/peru\/2025\/10\/12\/chalacos-recibiran-nuevamente-al-senor-de-los-milagros-despues-de-22-anos\/","name":"CHALACOS RECIBIR\u00c1N NUEVAMENTE AL SE\u00d1OR DE LOS MILAGROS DESPU\u00c9S DE 22 A\u00d1OS - Per\u00fa | Noti-America.com","isPartOf":{"@id":"https:\/\/noti-america.com\/site\/peru\/#website"},"primaryImageOfPage":{"@id":"https:\/\/noti-america.com\/site\/peru\/2025\/10\/12\/chalacos-recibiran-nuevamente-al-senor-de-los-milagros-despues-de-22-anos\/#primaryimage"},"image":{"@id":"https:\/\/noti-america.com\/site\/peru\/2025\/10\/12\/chalacos-recibiran-nuevamente-al-senor-de-los-milagros-despues-de-22-anos\/#primaryimage"},"thumbnailUrl":"https:\/\/noti-america.com\/site\/peru\/wp-content\/uploads\/sites\/8\/2025\/10\/Imagen-de-WhatsApp-2025-10-12-a-las-00.51.53_c95f333c.jpg","datePublished":"2025-10-12T07:14:45+00:00","breadcrumb":{"@id":"https:\/\/noti-america.com\/site\/peru\/2025\/10\/12\/chalacos-recibiran-nuevamente-al-senor-de-los-milagros-despues-de-22-anos\/#breadcrumb"},"inLanguage":"es","potentialAction":[{"@type":"ReadAction","target":["https:\/\/noti-america.com\/site\/peru\/2025\/10\/12\/chalacos-recibiran-nuevamente-al-senor-de-los-milagros-despues-de-22-anos\/"]}]},{"@type":"ImageObject","inLanguage":"es","@id":"https:\/\/noti-america.com\/site\/peru\/2025\/10\/12\/chalacos-recibiran-nuevamente-al-senor-de-los-milagros-despues-de-22-anos\/#primaryimage","url":"https:\/\/noti-america.com\/site\/peru\/wp-content\/uploads\/sites\/8\/2025\/10\/Imagen-de-WhatsApp-2025-10-12-a-las-00.51.53_c95f333c.jpg","contentUrl":"https:\/\/noti-america.com\/site\/peru\/wp-content\/uploads\/sites\/8\/2025\/10\/Imagen-de-WhatsApp-2025-10-12-a-las-00.51.53_c95f333c.jpg","width":1280,"height":866,"caption":"Foto: Oficina de Imagen institucional y Protocolo\u00a0\u00a0GORE."},{"@type":"BreadcrumbList","@id":"https:\/\/noti-america.com\/site\/peru\/2025\/10\/12\/chalacos-recibiran-nuevamente-al-senor-de-los-milagros-despues-de-22-anos\/#breadcrumb","itemListElement":[{"@type":"ListItem","position":1,"name":"Portada","item":"https:\/\/noti-america.com\/site\/peru\/"},{"@type":"ListItem","position":2,"name":"CHALACOS RECIBIR\u00c1N NUEVAMENTE AL SE\u00d1OR DE LOS MILAGROS DESPU\u00c9S DE 22 A\u00d1OS"}]},{"@type":"WebSite","@id":"https:\/\/noti-america.com\/site\/peru\/#website","url":"https:\/\/noti-america.com\/site\/peru\/","name":"Per\u00fa | Noti-America.com","description":"","publisher":{"@id":"https:\/\/noti-america.com\/site\/peru\/#organization"},"potentialAction":[{"@type":"SearchAction","target":{"@type":"EntryPoint","urlTemplate":"https:\/\/noti-america.com\/site\/peru\/?s={search_term_string}"},"query-input":{"@type":"PropertyValueSpecification","valueRequired":true,"valueName":"search_term_string"}}],"inLanguage":"es"},{"@type":"Organization","@id":"https:\/\/noti-america.com\/site\/peru\/#organization","name":"Noti-America LLC | Per\u00fa","url":"https:\/\/noti-america.com\/site\/peru\/","logo":{"@type":"ImageObject","inLanguage":"es","@id":"https:\/\/noti-america.com\/site\/peru\/#\/schema\/logo\/image\/","url":"https:\/\/noti-america.com\/site\/peru\/wp-content\/uploads\/sites\/8\/2020\/07\/LogoNA-4x3-1.jpg","contentUrl":"https:\/\/noti-america.com\/site\/peru\/wp-content\/uploads\/sites\/8\/2020\/07\/LogoNA-4x3-1.jpg","width":1236,"height":1080,"caption":"Noti-America LLC | Per\u00fa"},"image":{"@id":"https:\/\/noti-america.com\/site\/peru\/#\/schema\/logo\/image\/"}},{"@type":"Person","@id":"https:\/\/noti-america.com\/site\/peru\/#\/schema\/person\/28a35f20383bf2485bc838bfe76aebdc","name":"Geomar Pacheco R.","image":{"@type":"ImageObject","inLanguage":"es","@id":"https:\/\/secure.gravatar.com\/avatar\/5f09cb527f9632e92234c6fc6e2cbcefebeed6bdeb0f9129ea4cbc7aa71587c6?s=96&d=mm&r=g","url":"https:\/\/secure.gravatar.com\/avatar\/5f09cb527f9632e92234c6fc6e2cbcefebeed6bdeb0f9129ea4cbc7aa71587c6?s=96&d=mm&r=g","contentUrl":"https:\/\/secure.gravatar.com\/avatar\/5f09cb527f9632e92234c6fc6e2cbcefebeed6bdeb0f9129ea4cbc7aa71587c6?s=96&d=mm&r=g","caption":"Geomar Pacheco R."},"sameAs":["https:\/\/x.com\/GeomarPacheco1"],"url":"https:\/\/noti-america.com\/site\/peru\/author\/gpacheco\/"}]}},"_links":{"self":[{"href":"https:\/\/noti-america.com\/site\/peru\/wp-json\/wp\/v2\/posts\/9132","targetHints":{"allow":["GET"]}}],"collection":[{"href":"https:\/\/noti-america.com\/site\/peru\/wp-json\/wp\/v2\/posts"}],"about":[{"href":"https:\/\/noti-america.com\/site\/peru\/wp-json\/wp\/v2\/types\/post"}],"author":[{"embeddable":true,"href":"https:\/\/noti-america.com\/site\/peru\/wp-json\/wp\/v2\/users\/70"}],"replies":[{"embeddable":true,"href":"https:\/\/noti-america.com\/site\/peru\/wp-json\/wp\/v2\/comments?post=9132"}],"version-history":[{"count":1,"href":"https:\/\/noti-america.com\/site\/peru\/wp-json\/wp\/v2\/posts\/9132\/revisions"}],"predecessor-version":[{"id":9135,"href":"https:\/\/noti-america.com\/site\/peru\/wp-json\/wp\/v2\/posts\/9132\/revisions\/9135"}],"wp:featuredmedia":[{"embeddable":true,"href":"https:\/\/noti-america.com\/site\/peru\/wp-json\/wp\/v2\/media\/9133"}],"wp:attachment":[{"href":"https:\/\/noti-america.com\/site\/peru\/wp-json\/wp\/v2\/media?parent=9132"}],"wp:term":[{"taxonomy":"category","embeddable":true,"href":"https:\/\/noti-america.com\/site\/peru\/wp-json\/wp\/v2\/categories?post=9132"},{"taxonomy":"post_tag","embeddable":true,"href":"https:\/\/noti-america.com\/site\/peru\/wp-json\/wp\/v2\/tags?post=9132"}],"curies":[{"name":"wp","href":"https:\/\/api.w.org\/{rel}","templated":true}]}}