{"id":9005,"date":"2025-09-08T05:34:11","date_gmt":"2025-09-08T05:34:11","guid":{"rendered":"https:\/\/noti-america.com\/site\/peru\/?p=9005"},"modified":"2025-09-08T05:34:11","modified_gmt":"2025-09-08T05:34:11","slug":"investigan-a-funcionarios-municipales-de-miraflores-por-obras","status":"publish","type":"post","link":"https:\/\/noti-america.com\/site\/peru\/2025\/09\/08\/investigan-a-funcionarios-municipales-de-miraflores-por-obras\/","title":{"rendered":"INVESTIGAN A FUNCIONARIOS MUNICIPALES DE MIRAFLORES POR OBRAS"},"content":{"rendered":"<p style=\"text-align: justify\">\n<p style=\"text-align: justify\"><span style=\"font-size: 14pt;font-family: Tahoma, Arial, Helvetica, sans-serif\">NOTI-AM\u00c9RICA PER\u00da<\/span><\/p>\n<p style=\"text-align: justify\">\n<p style=\"text-align: right\"><span style=\"font-size: 14pt;font-family: Tahoma, Arial, Helvetica, sans-serif\">Por Geomar Pacheco Rivera\u00a0<\/span><\/p>\n<p style=\"text-align: justify\">\n<p style=\"text-align: justify\">\n<p style=\"text-align: justify\"><span style=\"font-size: 14pt;font-family: Tahoma, Arial, Helvetica, sans-serif\">La Fiscal\u00eda Especializada en Materia Ambiental (FEMA) de Lima inici\u00f3 una investigaci\u00f3n preliminar contra el alcalde de la Municipalidad Distrital de Miraflores, Carlos Canales, por la construcci\u00f3n irregular de una caseta de serenazgo en el interior del parque Leoncio Prado, inform\u00f3 el Ministerio P\u00fablico.<\/span><\/p>\n<p style=\"text-align: justify\"><img loading=\"lazy\" decoding=\"async\" class=\"alignnone size-full wp-image-9006\" src=\"https:\/\/noti-america.com\/site\/peru\/wp-content\/uploads\/sites\/8\/2025\/09\/ESCUDOS-PARA-WEB-CABECERA-2.jpg\" alt=\"\" width=\"536\" height=\"186\" srcset=\"https:\/\/noti-america.com\/site\/peru\/wp-content\/uploads\/sites\/8\/2025\/09\/ESCUDOS-PARA-WEB-CABECERA-2.jpg 536w, https:\/\/noti-america.com\/site\/peru\/wp-content\/uploads\/sites\/8\/2025\/09\/ESCUDOS-PARA-WEB-CABECERA-2-300x104.jpg 300w\" sizes=\"auto, (max-width: 536px) 100vw, 536px\" \/><\/p>\n<p style=\"text-align: justify\"><span style=\"font-size: 14pt;font-family: Tahoma, Arial, Helvetica, sans-serif\">La investigaci\u00f3n contra dicho burgomaestre es por los delitos de alteraci\u00f3n del ambiente o paisaje y responsabilidad de funcionario p\u00fablico por otorgamiento ilegal de derechos.<\/span><\/p>\n<p style=\"text-align: justify\">\n<p style=\"text-align: justify\"><span style=\"font-size: 14pt;font-family: Tahoma, Arial, Helvetica, sans-serif\">Entre otros investigados figuran tambi\u00e9n John Ampuero, gerente municipal, y Jos\u00e9 Zamora, subgerente de Obras P\u00fablicas y Mantenimiento.<\/span><\/p>\n<p style=\"text-align: justify\">\n<p style=\"text-align: justify\"><span style=\"font-size: 14pt;font-family: Tahoma, Arial, Helvetica, sans-serif\">El caso\u00a0fue atendido tras recibirse denuncias de los ciudadanos que se\u00f1alaban la construcci\u00f3n de una caseta de seguridad en el interior del parque L<\/span><span style=\"font-size: 14pt;font-family: Tahoma, Arial, Helvetica, sans-serif\">eoncio Prado.<\/span><\/p>\n","protected":false},"excerpt":{"rendered":"<p>NOTI-AM\u00c9RICA PER\u00da Por Geomar Pacheco Rivera\u00a0 La Fiscal\u00eda Especializada en Materia Ambiental (FEMA) de Lima inici\u00f3 una investigaci\u00f3n preliminar contra el alcalde de la Municipalidad Distrital de Miraflores, Carlos Canales, por la construcci\u00f3n irregular&#46;&#46;&#46;<\/p>\n","protected":false},"author":70,"featured_media":9006,"comment_status":"open","ping_status":"open","sticky":false,"template":"","format":"standard","meta":{"_acf_changed":false,"rop_custom_images_group":[],"rop_custom_messages_group":[],"rop_publish_now":"no","rop_publish_now_accounts":{"twitter_242054905_242054905":""},"rop_publish_now_history":[{"account":"twitter_242054905_242054905","service":"twitter","timestamp":1757309653,"status":"queued"}],"rop_publish_now_status":"queued","footnotes":""},"categories":[268,117],"tags":[],"class_list":["post-9005","post","type-post","status-publish","format-standard","has-post-thumbnail","hentry","category-acturalidad","category-es-noticia-en"],"acf":[],"yoast_head":"<!-- This site is optimized with the Yoast SEO Premium plugin v24.9 (Yoast SEO v27.2) - https:\/\/yoast.com\/product\/yoast-seo-premium-wordpress\/ -->\n<title>INVESTIGAN A FUNCIONARIOS MUNICIPALES DE MIRAFLORES POR OBRAS - Per\u00fa | Noti-America.com<\/title>\n<meta name=\"robots\" content=\"index, follow, max-snippet:-1, max-image-preview:large, max-video-preview:-1\" \/>\n<link rel=\"canonical\" href=\"https:\/\/noti-america.com\/site\/peru\/2025\/09\/08\/investigan-a-funcionarios-municipales-de-miraflores-por-obras\/\" \/>\n<meta property=\"og:locale\" content=\"es_ES\" \/>\n<meta property=\"og:type\" content=\"article\" \/>\n<meta property=\"og:title\" content=\"INVESTIGAN A FUNCIONARIOS MUNICIPALES DE MIRAFLORES POR OBRAS\" \/>\n<meta property=\"og:description\" content=\"NOTI-AM\u00c9RICA PER\u00da Por Geomar Pacheco Rivera\u00a0 La Fiscal\u00eda Especializada en Materia Ambiental (FEMA) de Lima inici\u00f3 una investigaci\u00f3n preliminar contra el alcalde de la Municipalidad Distrital de Miraflores, Carlos Canales, por la construcci\u00f3n irregular&#046;&#046;&#046;\" \/>\n<meta property=\"og:url\" content=\"https:\/\/noti-america.com\/site\/peru\/2025\/09\/08\/investigan-a-funcionarios-municipales-de-miraflores-por-obras\/\" \/>\n<meta property=\"og:site_name\" content=\"Per\u00fa | Noti-America.com\" \/>\n<meta property=\"article:published_time\" content=\"2025-09-08T05:34:11+00:00\" \/>\n<meta property=\"og:image\" content=\"https:\/\/noti-america.com\/site\/peru\/wp-content\/uploads\/sites\/8\/2025\/09\/ESCUDOS-PARA-WEB-CABECERA-2.jpg\" \/>\n\t<meta property=\"og:image:width\" content=\"536\" \/>\n\t<meta property=\"og:image:height\" content=\"186\" \/>\n\t<meta property=\"og:image:type\" content=\"image\/jpeg\" \/>\n<meta name=\"author\" content=\"Geomar Pacheco R.\" \/>\n<meta name=\"twitter:card\" content=\"summary_large_image\" \/>\n<meta name=\"twitter:creator\" content=\"@GeomarPacheco1\" \/>\n<meta name=\"twitter:label1\" content=\"Escrito por\" \/>\n\t<meta name=\"twitter:data1\" content=\"Geomar Pacheco R.\" \/>\n\t<meta name=\"twitter:label2\" content=\"Tiempo estimado de lectura\" \/>\n\t<meta name=\"twitter:data2\" content=\"1 minuto\" \/>\n<script type=\"application\/ld+json\" class=\"yoast-schema-graph\">{\"@context\":\"https:\/\/schema.org\",\"@graph\":[{\"@type\":\"Article\",\"@id\":\"https:\/\/noti-america.com\/site\/peru\/2025\/09\/08\/investigan-a-funcionarios-municipales-de-miraflores-por-obras\/#article\",\"isPartOf\":{\"@id\":\"https:\/\/noti-america.com\/site\/peru\/2025\/09\/08\/investigan-a-funcionarios-municipales-de-miraflores-por-obras\/\"},\"author\":{\"name\":\"Geomar Pacheco R.\",\"@id\":\"https:\/\/noti-america.com\/site\/peru\/#\/schema\/person\/28a35f20383bf2485bc838bfe76aebdc\"},\"headline\":\"INVESTIGAN A FUNCIONARIOS MUNICIPALES DE MIRAFLORES POR OBRAS\",\"datePublished\":\"2025-09-08T05:34:11+00:00\",\"mainEntityOfPage\":{\"@id\":\"https:\/\/noti-america.com\/site\/peru\/2025\/09\/08\/investigan-a-funcionarios-municipales-de-miraflores-por-obras\/\"},\"wordCount\":140,\"commentCount\":0,\"publisher\":{\"@id\":\"https:\/\/noti-america.com\/site\/peru\/#organization\"},\"image\":{\"@id\":\"https:\/\/noti-america.com\/site\/peru\/2025\/09\/08\/investigan-a-funcionarios-municipales-de-miraflores-por-obras\/#primaryimage\"},\"thumbnailUrl\":\"https:\/\/noti-america.com\/site\/peru\/wp-content\/uploads\/sites\/8\/2025\/09\/ESCUDOS-PARA-WEB-CABECERA-2.jpg\",\"articleSection\":[\"Actualidad\",\"Es Noticia en\"],\"inLanguage\":\"es\",\"potentialAction\":[{\"@type\":\"CommentAction\",\"name\":\"Comment\",\"target\":[\"https:\/\/noti-america.com\/site\/peru\/2025\/09\/08\/investigan-a-funcionarios-municipales-de-miraflores-por-obras\/#respond\"]}]},{\"@type\":\"WebPage\",\"@id\":\"https:\/\/noti-america.com\/site\/peru\/2025\/09\/08\/investigan-a-funcionarios-municipales-de-miraflores-por-obras\/\",\"url\":\"https:\/\/noti-america.com\/site\/peru\/2025\/09\/08\/investigan-a-funcionarios-municipales-de-miraflores-por-obras\/\",\"name\":\"INVESTIGAN A FUNCIONARIOS MUNICIPALES DE MIRAFLORES POR OBRAS - Per\u00fa | Noti-America.com\",\"isPartOf\":{\"@id\":\"https:\/\/noti-america.com\/site\/peru\/#website\"},\"primaryImageOfPage\":{\"@id\":\"https:\/\/noti-america.com\/site\/peru\/2025\/09\/08\/investigan-a-funcionarios-municipales-de-miraflores-por-obras\/#primaryimage\"},\"image\":{\"@id\":\"https:\/\/noti-america.com\/site\/peru\/2025\/09\/08\/investigan-a-funcionarios-municipales-de-miraflores-por-obras\/#primaryimage\"},\"thumbnailUrl\":\"https:\/\/noti-america.com\/site\/peru\/wp-content\/uploads\/sites\/8\/2025\/09\/ESCUDOS-PARA-WEB-CABECERA-2.jpg\",\"datePublished\":\"2025-09-08T05:34:11+00:00\",\"breadcrumb\":{\"@id\":\"https:\/\/noti-america.com\/site\/peru\/2025\/09\/08\/investigan-a-funcionarios-municipales-de-miraflores-por-obras\/#breadcrumb\"},\"inLanguage\":\"es\",\"potentialAction\":[{\"@type\":\"ReadAction\",\"target\":[\"https:\/\/noti-america.com\/site\/peru\/2025\/09\/08\/investigan-a-funcionarios-municipales-de-miraflores-por-obras\/\"]}]},{\"@type\":\"ImageObject\",\"inLanguage\":\"es\",\"@id\":\"https:\/\/noti-america.com\/site\/peru\/2025\/09\/08\/investigan-a-funcionarios-municipales-de-miraflores-por-obras\/#primaryimage\",\"url\":\"https:\/\/noti-america.com\/site\/peru\/wp-content\/uploads\/sites\/8\/2025\/09\/ESCUDOS-PARA-WEB-CABECERA-2.jpg\",\"contentUrl\":\"https:\/\/noti-america.com\/site\/peru\/wp-content\/uploads\/sites\/8\/2025\/09\/ESCUDOS-PARA-WEB-CABECERA-2.jpg\",\"width\":536,\"height\":186},{\"@type\":\"BreadcrumbList\",\"@id\":\"https:\/\/noti-america.com\/site\/peru\/2025\/09\/08\/investigan-a-funcionarios-municipales-de-miraflores-por-obras\/#breadcrumb\",\"itemListElement\":[{\"@type\":\"ListItem\",\"position\":1,\"name\":\"Portada\",\"item\":\"https:\/\/noti-america.com\/site\/peru\/\"},{\"@type\":\"ListItem\",\"position\":2,\"name\":\"INVESTIGAN A FUNCIONARIOS MUNICIPALES DE MIRAFLORES POR OBRAS\"}]},{\"@type\":\"WebSite\",\"@id\":\"https:\/\/noti-america.com\/site\/peru\/#website\",\"url\":\"https:\/\/noti-america.com\/site\/peru\/\",\"name\":\"Per\u00fa | Noti-America.com\",\"description\":\"\",\"publisher\":{\"@id\":\"https:\/\/noti-america.com\/site\/peru\/#organization\"},\"potentialAction\":[{\"@type\":\"SearchAction\",\"target\":{\"@type\":\"EntryPoint\",\"urlTemplate\":\"https:\/\/noti-america.com\/site\/peru\/?s={search_term_string}\"},\"query-input\":{\"@type\":\"PropertyValueSpecification\",\"valueRequired\":true,\"valueName\":\"search_term_string\"}}],\"inLanguage\":\"es\"},{\"@type\":\"Organization\",\"@id\":\"https:\/\/noti-america.com\/site\/peru\/#organization\",\"name\":\"Noti-America LLC | Per\u00fa\",\"url\":\"https:\/\/noti-america.com\/site\/peru\/\",\"logo\":{\"@type\":\"ImageObject\",\"inLanguage\":\"es\",\"@id\":\"https:\/\/noti-america.com\/site\/peru\/#\/schema\/logo\/image\/\",\"url\":\"https:\/\/noti-america.com\/site\/peru\/wp-content\/uploads\/sites\/8\/2020\/07\/LogoNA-4x3-1.jpg\",\"contentUrl\":\"https:\/\/noti-america.com\/site\/peru\/wp-content\/uploads\/sites\/8\/2020\/07\/LogoNA-4x3-1.jpg\",\"width\":1236,\"height\":1080,\"caption\":\"Noti-America LLC | Per\u00fa\"},\"image\":{\"@id\":\"https:\/\/noti-america.com\/site\/peru\/#\/schema\/logo\/image\/\"}},{\"@type\":\"Person\",\"@id\":\"https:\/\/noti-america.com\/site\/peru\/#\/schema\/person\/28a35f20383bf2485bc838bfe76aebdc\",\"name\":\"Geomar Pacheco R.\",\"image\":{\"@type\":\"ImageObject\",\"inLanguage\":\"es\",\"@id\":\"https:\/\/secure.gravatar.com\/avatar\/5f09cb527f9632e92234c6fc6e2cbcefebeed6bdeb0f9129ea4cbc7aa71587c6?s=96&d=mm&r=g\",\"url\":\"https:\/\/secure.gravatar.com\/avatar\/5f09cb527f9632e92234c6fc6e2cbcefebeed6bdeb0f9129ea4cbc7aa71587c6?s=96&d=mm&r=g\",\"contentUrl\":\"https:\/\/secure.gravatar.com\/avatar\/5f09cb527f9632e92234c6fc6e2cbcefebeed6bdeb0f9129ea4cbc7aa71587c6?s=96&d=mm&r=g\",\"caption\":\"Geomar Pacheco R.\"},\"sameAs\":[\"https:\/\/x.com\/GeomarPacheco1\"],\"url\":\"https:\/\/noti-america.com\/site\/peru\/author\/gpacheco\/\"}]}<\/script>\n<!-- \/ Yoast SEO Premium plugin. -->","yoast_head_json":{"title":"INVESTIGAN A FUNCIONARIOS MUNICIPALES DE MIRAFLORES POR OBRAS - Per\u00fa | Noti-America.com","robots":{"index":"index","follow":"follow","max-snippet":"max-snippet:-1","max-image-preview":"max-image-preview:large","max-video-preview":"max-video-preview:-1"},"canonical":"https:\/\/noti-america.com\/site\/peru\/2025\/09\/08\/investigan-a-funcionarios-municipales-de-miraflores-por-obras\/","og_locale":"es_ES","og_type":"article","og_title":"INVESTIGAN A FUNCIONARIOS MUNICIPALES DE MIRAFLORES POR OBRAS","og_description":"NOTI-AM\u00c9RICA PER\u00da Por Geomar Pacheco Rivera\u00a0 La Fiscal\u00eda Especializada en Materia Ambiental (FEMA) de Lima inici\u00f3 una investigaci\u00f3n preliminar contra el alcalde de la Municipalidad Distrital de Miraflores, Carlos Canales, por la construcci\u00f3n irregular&#46;&#46;&#46;","og_url":"https:\/\/noti-america.com\/site\/peru\/2025\/09\/08\/investigan-a-funcionarios-municipales-de-miraflores-por-obras\/","og_site_name":"Per\u00fa | Noti-America.com","article_published_time":"2025-09-08T05:34:11+00:00","og_image":[{"width":536,"height":186,"url":"https:\/\/noti-america.com\/site\/peru\/wp-content\/uploads\/sites\/8\/2025\/09\/ESCUDOS-PARA-WEB-CABECERA-2.jpg","type":"image\/jpeg"}],"author":"Geomar Pacheco R.","twitter_card":"summary_large_image","twitter_creator":"@GeomarPacheco1","twitter_misc":{"Escrito por":"Geomar Pacheco R.","Tiempo estimado de lectura":"1 minuto"},"schema":{"@context":"https:\/\/schema.org","@graph":[{"@type":"Article","@id":"https:\/\/noti-america.com\/site\/peru\/2025\/09\/08\/investigan-a-funcionarios-municipales-de-miraflores-por-obras\/#article","isPartOf":{"@id":"https:\/\/noti-america.com\/site\/peru\/2025\/09\/08\/investigan-a-funcionarios-municipales-de-miraflores-por-obras\/"},"author":{"name":"Geomar Pacheco R.","@id":"https:\/\/noti-america.com\/site\/peru\/#\/schema\/person\/28a35f20383bf2485bc838bfe76aebdc"},"headline":"INVESTIGAN A FUNCIONARIOS MUNICIPALES DE MIRAFLORES POR OBRAS","datePublished":"2025-09-08T05:34:11+00:00","mainEntityOfPage":{"@id":"https:\/\/noti-america.com\/site\/peru\/2025\/09\/08\/investigan-a-funcionarios-municipales-de-miraflores-por-obras\/"},"wordCount":140,"commentCount":0,"publisher":{"@id":"https:\/\/noti-america.com\/site\/peru\/#organization"},"image":{"@id":"https:\/\/noti-america.com\/site\/peru\/2025\/09\/08\/investigan-a-funcionarios-municipales-de-miraflores-por-obras\/#primaryimage"},"thumbnailUrl":"https:\/\/noti-america.com\/site\/peru\/wp-content\/uploads\/sites\/8\/2025\/09\/ESCUDOS-PARA-WEB-CABECERA-2.jpg","articleSection":["Actualidad","Es Noticia en"],"inLanguage":"es","potentialAction":[{"@type":"CommentAction","name":"Comment","target":["https:\/\/noti-america.com\/site\/peru\/2025\/09\/08\/investigan-a-funcionarios-municipales-de-miraflores-por-obras\/#respond"]}]},{"@type":"WebPage","@id":"https:\/\/noti-america.com\/site\/peru\/2025\/09\/08\/investigan-a-funcionarios-municipales-de-miraflores-por-obras\/","url":"https:\/\/noti-america.com\/site\/peru\/2025\/09\/08\/investigan-a-funcionarios-municipales-de-miraflores-por-obras\/","name":"INVESTIGAN A FUNCIONARIOS MUNICIPALES DE MIRAFLORES POR OBRAS - Per\u00fa | Noti-America.com","isPartOf":{"@id":"https:\/\/noti-america.com\/site\/peru\/#website"},"primaryImageOfPage":{"@id":"https:\/\/noti-america.com\/site\/peru\/2025\/09\/08\/investigan-a-funcionarios-municipales-de-miraflores-por-obras\/#primaryimage"},"image":{"@id":"https:\/\/noti-america.com\/site\/peru\/2025\/09\/08\/investigan-a-funcionarios-municipales-de-miraflores-por-obras\/#primaryimage"},"thumbnailUrl":"https:\/\/noti-america.com\/site\/peru\/wp-content\/uploads\/sites\/8\/2025\/09\/ESCUDOS-PARA-WEB-CABECERA-2.jpg","datePublished":"2025-09-08T05:34:11+00:00","breadcrumb":{"@id":"https:\/\/noti-america.com\/site\/peru\/2025\/09\/08\/investigan-a-funcionarios-municipales-de-miraflores-por-obras\/#breadcrumb"},"inLanguage":"es","potentialAction":[{"@type":"ReadAction","target":["https:\/\/noti-america.com\/site\/peru\/2025\/09\/08\/investigan-a-funcionarios-municipales-de-miraflores-por-obras\/"]}]},{"@type":"ImageObject","inLanguage":"es","@id":"https:\/\/noti-america.com\/site\/peru\/2025\/09\/08\/investigan-a-funcionarios-municipales-de-miraflores-por-obras\/#primaryimage","url":"https:\/\/noti-america.com\/site\/peru\/wp-content\/uploads\/sites\/8\/2025\/09\/ESCUDOS-PARA-WEB-CABECERA-2.jpg","contentUrl":"https:\/\/noti-america.com\/site\/peru\/wp-content\/uploads\/sites\/8\/2025\/09\/ESCUDOS-PARA-WEB-CABECERA-2.jpg","width":536,"height":186},{"@type":"BreadcrumbList","@id":"https:\/\/noti-america.com\/site\/peru\/2025\/09\/08\/investigan-a-funcionarios-municipales-de-miraflores-por-obras\/#breadcrumb","itemListElement":[{"@type":"ListItem","position":1,"name":"Portada","item":"https:\/\/noti-america.com\/site\/peru\/"},{"@type":"ListItem","position":2,"name":"INVESTIGAN A FUNCIONARIOS MUNICIPALES DE MIRAFLORES POR OBRAS"}]},{"@type":"WebSite","@id":"https:\/\/noti-america.com\/site\/peru\/#website","url":"https:\/\/noti-america.com\/site\/peru\/","name":"Per\u00fa | Noti-America.com","description":"","publisher":{"@id":"https:\/\/noti-america.com\/site\/peru\/#organization"},"potentialAction":[{"@type":"SearchAction","target":{"@type":"EntryPoint","urlTemplate":"https:\/\/noti-america.com\/site\/peru\/?s={search_term_string}"},"query-input":{"@type":"PropertyValueSpecification","valueRequired":true,"valueName":"search_term_string"}}],"inLanguage":"es"},{"@type":"Organization","@id":"https:\/\/noti-america.com\/site\/peru\/#organization","name":"Noti-America LLC | Per\u00fa","url":"https:\/\/noti-america.com\/site\/peru\/","logo":{"@type":"ImageObject","inLanguage":"es","@id":"https:\/\/noti-america.com\/site\/peru\/#\/schema\/logo\/image\/","url":"https:\/\/noti-america.com\/site\/peru\/wp-content\/uploads\/sites\/8\/2020\/07\/LogoNA-4x3-1.jpg","contentUrl":"https:\/\/noti-america.com\/site\/peru\/wp-content\/uploads\/sites\/8\/2020\/07\/LogoNA-4x3-1.jpg","width":1236,"height":1080,"caption":"Noti-America LLC | Per\u00fa"},"image":{"@id":"https:\/\/noti-america.com\/site\/peru\/#\/schema\/logo\/image\/"}},{"@type":"Person","@id":"https:\/\/noti-america.com\/site\/peru\/#\/schema\/person\/28a35f20383bf2485bc838bfe76aebdc","name":"Geomar Pacheco R.","image":{"@type":"ImageObject","inLanguage":"es","@id":"https:\/\/secure.gravatar.com\/avatar\/5f09cb527f9632e92234c6fc6e2cbcefebeed6bdeb0f9129ea4cbc7aa71587c6?s=96&d=mm&r=g","url":"https:\/\/secure.gravatar.com\/avatar\/5f09cb527f9632e92234c6fc6e2cbcefebeed6bdeb0f9129ea4cbc7aa71587c6?s=96&d=mm&r=g","contentUrl":"https:\/\/secure.gravatar.com\/avatar\/5f09cb527f9632e92234c6fc6e2cbcefebeed6bdeb0f9129ea4cbc7aa71587c6?s=96&d=mm&r=g","caption":"Geomar Pacheco R."},"sameAs":["https:\/\/x.com\/GeomarPacheco1"],"url":"https:\/\/noti-america.com\/site\/peru\/author\/gpacheco\/"}]}},"_links":{"self":[{"href":"https:\/\/noti-america.com\/site\/peru\/wp-json\/wp\/v2\/posts\/9005","targetHints":{"allow":["GET"]}}],"collection":[{"href":"https:\/\/noti-america.com\/site\/peru\/wp-json\/wp\/v2\/posts"}],"about":[{"href":"https:\/\/noti-america.com\/site\/peru\/wp-json\/wp\/v2\/types\/post"}],"author":[{"embeddable":true,"href":"https:\/\/noti-america.com\/site\/peru\/wp-json\/wp\/v2\/users\/70"}],"replies":[{"embeddable":true,"href":"https:\/\/noti-america.com\/site\/peru\/wp-json\/wp\/v2\/comments?post=9005"}],"version-history":[{"count":1,"href":"https:\/\/noti-america.com\/site\/peru\/wp-json\/wp\/v2\/posts\/9005\/revisions"}],"predecessor-version":[{"id":9007,"href":"https:\/\/noti-america.com\/site\/peru\/wp-json\/wp\/v2\/posts\/9005\/revisions\/9007"}],"wp:featuredmedia":[{"embeddable":true,"href":"https:\/\/noti-america.com\/site\/peru\/wp-json\/wp\/v2\/media\/9006"}],"wp:attachment":[{"href":"https:\/\/noti-america.com\/site\/peru\/wp-json\/wp\/v2\/media?parent=9005"}],"wp:term":[{"taxonomy":"category","embeddable":true,"href":"https:\/\/noti-america.com\/site\/peru\/wp-json\/wp\/v2\/categories?post=9005"},{"taxonomy":"post_tag","embeddable":true,"href":"https:\/\/noti-america.com\/site\/peru\/wp-json\/wp\/v2\/tags?post=9005"}],"curies":[{"name":"wp","href":"https:\/\/api.w.org\/{rel}","templated":true}]}}