{"id":8981,"date":"2025-09-01T04:30:24","date_gmt":"2025-09-01T04:30:24","guid":{"rendered":"https:\/\/noti-america.com\/site\/peru\/?p=8981"},"modified":"2025-09-01T04:30:24","modified_gmt":"2025-09-01T04:30:24","slug":"extraccion-de-merluza-de-nuestro-oceano-tiene-reglamentacion-desde-julio-del-2025","status":"publish","type":"post","link":"https:\/\/noti-america.com\/site\/peru\/2025\/09\/01\/extraccion-de-merluza-de-nuestro-oceano-tiene-reglamentacion-desde-julio-del-2025\/","title":{"rendered":"EXTRACCI\u00d3N DE MERLUZA DE NUESTRO OC\u00c9ANO TIENE REGLAMENTACI\u00d3N DESDE JULIO DEL 2025"},"content":{"rendered":"<p style=\"text-align: justify\"><strong><span style=\"font-size: 14pt\">NOTI-AM\u00c9RICA PER\u00da<\/span><\/strong><\/p>\n<p style=\"text-align: justify\"><strong><span style=\"font-size: 14pt\"><span style=\"font-family: Tahoma, Arial, Helvetica, sans-serif\">\u00a0<\/span><\/span><\/strong><\/p>\n<p style=\"text-align: right\"><strong><span style=\"font-size: 14pt\">Por Geomar Pacheco Rivera<\/span><\/strong><\/p>\n<p style=\"text-align: justify\"><span style=\"font-size: 14pt\"><span style=\"font-family: Tahoma, Arial, Helvetica, sans-serif\"><\/p>\n<p><\/span><\/span><\/p>\n<p style=\"text-align: justify\"><span style=\"font-weight: 400;font-size: 14pt\">El Ministerio de la Producci\u00f3n (Produce) estableci\u00f3 el l\u00edmite de la pesca de la merluza en 20.364 toneladas para el per\u00edodo julio 2025-junio 2026, en concordancia con lo establecido en la Resoluci\u00f3n Ministerial No. 00290-2025-PRODUCE, difundida oficialmente, para conocimiento de los involucrados empresarialmente en el tema.<\/span><\/p>\n<p style=\"text-align: justify\"><span style=\"font-size: 14pt\"><span style=\"font-family: Tahoma, Arial, Helvetica, sans-serif\">\u00a0<\/span><\/span><\/p>\n<p style=\"text-align: justify\"><span style=\"font-size: 14pt\"><span style=\"font-weight: 400\">La norma establece el l\u00edmite m\u00e1ximo de captura total permisible (LMCTP) correspondiente al R\u00e9gimen Provisional de Pesca del Recurso Merluza (<\/span><i><span style=\"font-weight: 400\">Merluccius gayi peruanus<\/span><\/i><span style=\"font-weight: 400\">) para el per\u00edodo julio 2025-junio 2026 establecido con Resoluci\u00f3n Ministerial No. 00229-2025-PRODUCE, en 20.364 toneladas, el cual incluye el LMCTP de inicio establecido en el numeral 2.1 del art\u00edculo 2 de la citada resoluci\u00f3n ministerial.<\/span><\/span><\/p>\n<p style=\"text-align: justify\"><span style=\"font-size: 14pt\"><span style=\"font-family: Tahoma, Arial, Helvetica, sans-serif\">\u00a0<\/span><\/span><\/p>\n<p style=\"text-align: justify\"><span style=\"font-weight: 400;font-size: 14pt\">La Direcci\u00f3n General de Pesca para Consumo Humano Directo e Indirecto public\u00f3 mediante resoluci\u00f3n directoral el listado de asignaci\u00f3n de los l\u00edmites m\u00e1ximos de captura por Embarcaci\u00f3n (LMCE) del recurso merluza, correspondiente al R\u00e9gimen Provisional de Pesca del Recurso Merluza (Merluccius gayi peruanus), para el periodo julio 2025-junio 2026.<\/span><\/p>\n<p style=\"text-align: justify\"><span style=\"font-size: 14pt\"><span style=\"font-family: Tahoma, Arial, Helvetica, sans-serif\"><strong><img loading=\"lazy\" decoding=\"async\" class=\"alignnone size-large wp-image-8982\" src=\"https:\/\/noti-america.com\/site\/peru\/wp-content\/uploads\/sites\/8\/2025\/09\/WhatsApp-Image-2025-08-31-at-10.07.45-PM-1024x682.jpeg\" alt=\"\" width=\"1024\" height=\"682\" srcset=\"https:\/\/noti-america.com\/site\/peru\/wp-content\/uploads\/sites\/8\/2025\/09\/WhatsApp-Image-2025-08-31-at-10.07.45-PM-1024x682.jpeg 1024w, https:\/\/noti-america.com\/site\/peru\/wp-content\/uploads\/sites\/8\/2025\/09\/WhatsApp-Image-2025-08-31-at-10.07.45-PM-300x200.jpeg 300w, https:\/\/noti-america.com\/site\/peru\/wp-content\/uploads\/sites\/8\/2025\/09\/WhatsApp-Image-2025-08-31-at-10.07.45-PM-768x512.jpeg 768w, https:\/\/noti-america.com\/site\/peru\/wp-content\/uploads\/sites\/8\/2025\/09\/WhatsApp-Image-2025-08-31-at-10.07.45-PM-1536x1023.jpeg 1536w, https:\/\/noti-america.com\/site\/peru\/wp-content\/uploads\/sites\/8\/2025\/09\/WhatsApp-Image-2025-08-31-at-10.07.45-PM-272x182.jpeg 272w, https:\/\/noti-america.com\/site\/peru\/wp-content\/uploads\/sites\/8\/2025\/09\/WhatsApp-Image-2025-08-31-at-10.07.45-PM.jpeg 1600w\" sizes=\"auto, (max-width: 1024px) 100vw, 1024px\" \/><\/strong><\/span><\/span><\/p>\n<p style=\"text-align: justify\"><span style=\"font-weight: 400;font-size: 14pt\">La Direcci\u00f3n General de Pol\u00edticas y An\u00e1lisis Regulatorio en Pesca y Acuicultura, la Direcci\u00f3n General de Pesca para Consumo Humano Directo e Indirecto, y la Direcci\u00f3n General de Supervisi\u00f3n, Fiscalizaci\u00f3n y Sanci\u00f3n del Despacho Viceministerial de Pesca y Acuicultura del Ministerio de la Producci\u00f3n realizan las acciones de difusi\u00f3n que correspondan y velan por el cumplimiento de lo dispuesto en la resoluci\u00f3n ministerial.<\/span><\/p>\n<p style=\"text-align: justify\"><span style=\"font-size: 14pt\"><span style=\"font-family: Tahoma, Arial, Helvetica, sans-serif\">\u00a0<\/span><\/span><\/p>\n<p style=\"text-align: justify\"><span style=\"font-weight: 400;font-size: 14pt\">Todo ello se realizar\u00e1, seg\u00fan la norma, sin perjuicio de las acciones que a las dependencias con competencia pesquera de los gobiernos regionales y la Direcci\u00f3n General de Capitan\u00edas y Guardacostas de la Marina de Guerra del Per\u00fa del Ministerio de Defensa corresponda efectuar en el \u00e1mbito de sus competencias.<\/span><\/p>\n<p style=\"text-align: justify\"><span style=\"font-size: 14pt\"><span style=\"font-family: Tahoma, Arial, Helvetica, sans-serif\"><img loading=\"lazy\" decoding=\"async\" class=\"alignnone size-large wp-image-8983\" src=\"https:\/\/noti-america.com\/site\/peru\/wp-content\/uploads\/sites\/8\/2025\/09\/WhatsApp-Image-2025-08-31-at-10.08.38-PM-1024x682.jpeg\" alt=\"\" width=\"1024\" height=\"682\" srcset=\"https:\/\/noti-america.com\/site\/peru\/wp-content\/uploads\/sites\/8\/2025\/09\/WhatsApp-Image-2025-08-31-at-10.08.38-PM-1024x682.jpeg 1024w, https:\/\/noti-america.com\/site\/peru\/wp-content\/uploads\/sites\/8\/2025\/09\/WhatsApp-Image-2025-08-31-at-10.08.38-PM-300x200.jpeg 300w, https:\/\/noti-america.com\/site\/peru\/wp-content\/uploads\/sites\/8\/2025\/09\/WhatsApp-Image-2025-08-31-at-10.08.38-PM-768x512.jpeg 768w, https:\/\/noti-america.com\/site\/peru\/wp-content\/uploads\/sites\/8\/2025\/09\/WhatsApp-Image-2025-08-31-at-10.08.38-PM-1536x1023.jpeg 1536w, https:\/\/noti-america.com\/site\/peru\/wp-content\/uploads\/sites\/8\/2025\/09\/WhatsApp-Image-2025-08-31-at-10.08.38-PM-272x182.jpeg 272w, https:\/\/noti-america.com\/site\/peru\/wp-content\/uploads\/sites\/8\/2025\/09\/WhatsApp-Image-2025-08-31-at-10.08.38-PM.jpeg 1600w\" sizes=\"auto, (max-width: 1024px) 100vw, 1024px\" \/><\/span><\/span><\/p>\n<p style=\"text-align: justify\"><span style=\"font-weight: 400;font-size: 14pt\">Cumplen con la publicaci\u00f3n de la Resoluci\u00f3n Ministerial en la sede digital del Ministerio de la Producci\u00f3n, tambi\u00e9n en el diario oficial \u2018El Peruano\u2019. La norma lleva la r\u00fabrica del ministro de la Producci\u00f3n, Sergio Gonz\u00e1lez Guerrero.<\/span><\/p>\n","protected":false},"excerpt":{"rendered":"<p>NOTI-AM\u00c9RICA PER\u00da \u00a0 Por Geomar Pacheco Rivera El Ministerio de la Producci\u00f3n (Produce) estableci\u00f3 el l\u00edmite de la pesca de la merluza en 20.364 toneladas para el per\u00edodo julio 2025-junio 2026, en concordancia con&#46;&#46;&#46;<\/p>\n","protected":false},"author":70,"featured_media":8983,"comment_status":"open","ping_status":"open","sticky":false,"template":"","format":"standard","meta":{"_acf_changed":false,"rop_custom_images_group":[],"rop_custom_messages_group":[],"rop_publish_now":"no","rop_publish_now_accounts":{"twitter_242054905_242054905":""},"rop_publish_now_history":[{"account":"twitter_242054905_242054905","service":"twitter","timestamp":1756701027,"status":"queued"}],"rop_publish_now_status":"queued","footnotes":""},"categories":[268,5,117],"tags":[],"class_list":["post-8981","post","type-post","status-publish","format-standard","has-post-thumbnail","hentry","category-acturalidad","category-economia","category-es-noticia-en"],"acf":[],"yoast_head":"<!-- This site is optimized with the Yoast SEO Premium plugin v24.9 (Yoast SEO v27.2) - https:\/\/yoast.com\/product\/yoast-seo-premium-wordpress\/ -->\n<title>EXTRACCI\u00d3N DE MERLUZA DE NUESTRO OC\u00c9ANO TIENE REGLAMENTACI\u00d3N DESDE JULIO DEL 2025 - Per\u00fa | Noti-America.com<\/title>\n<meta name=\"robots\" content=\"index, follow, max-snippet:-1, max-image-preview:large, max-video-preview:-1\" \/>\n<link rel=\"canonical\" href=\"https:\/\/noti-america.com\/site\/peru\/2025\/09\/01\/extraccion-de-merluza-de-nuestro-oceano-tiene-reglamentacion-desde-julio-del-2025\/\" \/>\n<meta property=\"og:locale\" content=\"es_ES\" \/>\n<meta property=\"og:type\" content=\"article\" \/>\n<meta property=\"og:title\" content=\"EXTRACCI\u00d3N DE MERLUZA DE NUESTRO OC\u00c9ANO TIENE REGLAMENTACI\u00d3N DESDE JULIO DEL 2025\" \/>\n<meta property=\"og:description\" content=\"NOTI-AM\u00c9RICA PER\u00da \u00a0 Por Geomar Pacheco Rivera El Ministerio de la Producci\u00f3n (Produce) estableci\u00f3 el l\u00edmite de la pesca de la merluza en 20.364 toneladas para el per\u00edodo julio 2025-junio 2026, en concordancia con&#046;&#046;&#046;\" \/>\n<meta property=\"og:url\" content=\"https:\/\/noti-america.com\/site\/peru\/2025\/09\/01\/extraccion-de-merluza-de-nuestro-oceano-tiene-reglamentacion-desde-julio-del-2025\/\" \/>\n<meta property=\"og:site_name\" content=\"Per\u00fa | Noti-America.com\" \/>\n<meta property=\"article:published_time\" content=\"2025-09-01T04:30:24+00:00\" \/>\n<meta property=\"og:image\" content=\"https:\/\/noti-america.com\/site\/peru\/wp-content\/uploads\/sites\/8\/2025\/09\/WhatsApp-Image-2025-08-31-at-10.08.38-PM.jpeg\" \/>\n\t<meta property=\"og:image:width\" content=\"1600\" \/>\n\t<meta property=\"og:image:height\" content=\"1066\" \/>\n\t<meta property=\"og:image:type\" content=\"image\/jpeg\" \/>\n<meta name=\"author\" content=\"Geomar Pacheco R.\" \/>\n<meta name=\"twitter:card\" content=\"summary_large_image\" \/>\n<meta name=\"twitter:creator\" content=\"@GeomarPacheco1\" \/>\n<meta name=\"twitter:label1\" content=\"Escrito por\" \/>\n\t<meta name=\"twitter:data1\" content=\"Geomar Pacheco R.\" \/>\n\t<meta name=\"twitter:label2\" content=\"Tiempo estimado de lectura\" \/>\n\t<meta name=\"twitter:data2\" content=\"2 minutos\" \/>\n<script type=\"application\/ld+json\" class=\"yoast-schema-graph\">{\"@context\":\"https:\/\/schema.org\",\"@graph\":[{\"@type\":\"Article\",\"@id\":\"https:\/\/noti-america.com\/site\/peru\/2025\/09\/01\/extraccion-de-merluza-de-nuestro-oceano-tiene-reglamentacion-desde-julio-del-2025\/#article\",\"isPartOf\":{\"@id\":\"https:\/\/noti-america.com\/site\/peru\/2025\/09\/01\/extraccion-de-merluza-de-nuestro-oceano-tiene-reglamentacion-desde-julio-del-2025\/\"},\"author\":{\"name\":\"Geomar Pacheco R.\",\"@id\":\"https:\/\/noti-america.com\/site\/peru\/#\/schema\/person\/28a35f20383bf2485bc838bfe76aebdc\"},\"headline\":\"EXTRACCI\u00d3N DE MERLUZA DE NUESTRO OC\u00c9ANO TIENE REGLAMENTACI\u00d3N DESDE JULIO DEL 2025\",\"datePublished\":\"2025-09-01T04:30:24+00:00\",\"mainEntityOfPage\":{\"@id\":\"https:\/\/noti-america.com\/site\/peru\/2025\/09\/01\/extraccion-de-merluza-de-nuestro-oceano-tiene-reglamentacion-desde-julio-del-2025\/\"},\"wordCount\":358,\"commentCount\":0,\"publisher\":{\"@id\":\"https:\/\/noti-america.com\/site\/peru\/#organization\"},\"image\":{\"@id\":\"https:\/\/noti-america.com\/site\/peru\/2025\/09\/01\/extraccion-de-merluza-de-nuestro-oceano-tiene-reglamentacion-desde-julio-del-2025\/#primaryimage\"},\"thumbnailUrl\":\"https:\/\/noti-america.com\/site\/peru\/wp-content\/uploads\/sites\/8\/2025\/09\/WhatsApp-Image-2025-08-31-at-10.08.38-PM.jpeg\",\"articleSection\":[\"Actualidad\",\"Econom\u00eda\",\"Es Noticia en\"],\"inLanguage\":\"es\",\"potentialAction\":[{\"@type\":\"CommentAction\",\"name\":\"Comment\",\"target\":[\"https:\/\/noti-america.com\/site\/peru\/2025\/09\/01\/extraccion-de-merluza-de-nuestro-oceano-tiene-reglamentacion-desde-julio-del-2025\/#respond\"]}]},{\"@type\":\"WebPage\",\"@id\":\"https:\/\/noti-america.com\/site\/peru\/2025\/09\/01\/extraccion-de-merluza-de-nuestro-oceano-tiene-reglamentacion-desde-julio-del-2025\/\",\"url\":\"https:\/\/noti-america.com\/site\/peru\/2025\/09\/01\/extraccion-de-merluza-de-nuestro-oceano-tiene-reglamentacion-desde-julio-del-2025\/\",\"name\":\"EXTRACCI\u00d3N DE MERLUZA DE NUESTRO OC\u00c9ANO TIENE REGLAMENTACI\u00d3N DESDE JULIO DEL 2025 - Per\u00fa | Noti-America.com\",\"isPartOf\":{\"@id\":\"https:\/\/noti-america.com\/site\/peru\/#website\"},\"primaryImageOfPage\":{\"@id\":\"https:\/\/noti-america.com\/site\/peru\/2025\/09\/01\/extraccion-de-merluza-de-nuestro-oceano-tiene-reglamentacion-desde-julio-del-2025\/#primaryimage\"},\"image\":{\"@id\":\"https:\/\/noti-america.com\/site\/peru\/2025\/09\/01\/extraccion-de-merluza-de-nuestro-oceano-tiene-reglamentacion-desde-julio-del-2025\/#primaryimage\"},\"thumbnailUrl\":\"https:\/\/noti-america.com\/site\/peru\/wp-content\/uploads\/sites\/8\/2025\/09\/WhatsApp-Image-2025-08-31-at-10.08.38-PM.jpeg\",\"datePublished\":\"2025-09-01T04:30:24+00:00\",\"breadcrumb\":{\"@id\":\"https:\/\/noti-america.com\/site\/peru\/2025\/09\/01\/extraccion-de-merluza-de-nuestro-oceano-tiene-reglamentacion-desde-julio-del-2025\/#breadcrumb\"},\"inLanguage\":\"es\",\"potentialAction\":[{\"@type\":\"ReadAction\",\"target\":[\"https:\/\/noti-america.com\/site\/peru\/2025\/09\/01\/extraccion-de-merluza-de-nuestro-oceano-tiene-reglamentacion-desde-julio-del-2025\/\"]}]},{\"@type\":\"ImageObject\",\"inLanguage\":\"es\",\"@id\":\"https:\/\/noti-america.com\/site\/peru\/2025\/09\/01\/extraccion-de-merluza-de-nuestro-oceano-tiene-reglamentacion-desde-julio-del-2025\/#primaryimage\",\"url\":\"https:\/\/noti-america.com\/site\/peru\/wp-content\/uploads\/sites\/8\/2025\/09\/WhatsApp-Image-2025-08-31-at-10.08.38-PM.jpeg\",\"contentUrl\":\"https:\/\/noti-america.com\/site\/peru\/wp-content\/uploads\/sites\/8\/2025\/09\/WhatsApp-Image-2025-08-31-at-10.08.38-PM.jpeg\",\"width\":1600,\"height\":1066},{\"@type\":\"BreadcrumbList\",\"@id\":\"https:\/\/noti-america.com\/site\/peru\/2025\/09\/01\/extraccion-de-merluza-de-nuestro-oceano-tiene-reglamentacion-desde-julio-del-2025\/#breadcrumb\",\"itemListElement\":[{\"@type\":\"ListItem\",\"position\":1,\"name\":\"Portada\",\"item\":\"https:\/\/noti-america.com\/site\/peru\/\"},{\"@type\":\"ListItem\",\"position\":2,\"name\":\"EXTRACCI\u00d3N DE MERLUZA DE NUESTRO OC\u00c9ANO TIENE REGLAMENTACI\u00d3N DESDE JULIO DEL 2025\"}]},{\"@type\":\"WebSite\",\"@id\":\"https:\/\/noti-america.com\/site\/peru\/#website\",\"url\":\"https:\/\/noti-america.com\/site\/peru\/\",\"name\":\"Per\u00fa | Noti-America.com\",\"description\":\"\",\"publisher\":{\"@id\":\"https:\/\/noti-america.com\/site\/peru\/#organization\"},\"potentialAction\":[{\"@type\":\"SearchAction\",\"target\":{\"@type\":\"EntryPoint\",\"urlTemplate\":\"https:\/\/noti-america.com\/site\/peru\/?s={search_term_string}\"},\"query-input\":{\"@type\":\"PropertyValueSpecification\",\"valueRequired\":true,\"valueName\":\"search_term_string\"}}],\"inLanguage\":\"es\"},{\"@type\":\"Organization\",\"@id\":\"https:\/\/noti-america.com\/site\/peru\/#organization\",\"name\":\"Noti-America LLC | Per\u00fa\",\"url\":\"https:\/\/noti-america.com\/site\/peru\/\",\"logo\":{\"@type\":\"ImageObject\",\"inLanguage\":\"es\",\"@id\":\"https:\/\/noti-america.com\/site\/peru\/#\/schema\/logo\/image\/\",\"url\":\"https:\/\/noti-america.com\/site\/peru\/wp-content\/uploads\/sites\/8\/2020\/07\/LogoNA-4x3-1.jpg\",\"contentUrl\":\"https:\/\/noti-america.com\/site\/peru\/wp-content\/uploads\/sites\/8\/2020\/07\/LogoNA-4x3-1.jpg\",\"width\":1236,\"height\":1080,\"caption\":\"Noti-America LLC | Per\u00fa\"},\"image\":{\"@id\":\"https:\/\/noti-america.com\/site\/peru\/#\/schema\/logo\/image\/\"}},{\"@type\":\"Person\",\"@id\":\"https:\/\/noti-america.com\/site\/peru\/#\/schema\/person\/28a35f20383bf2485bc838bfe76aebdc\",\"name\":\"Geomar Pacheco R.\",\"image\":{\"@type\":\"ImageObject\",\"inLanguage\":\"es\",\"@id\":\"https:\/\/secure.gravatar.com\/avatar\/5f09cb527f9632e92234c6fc6e2cbcefebeed6bdeb0f9129ea4cbc7aa71587c6?s=96&d=mm&r=g\",\"url\":\"https:\/\/secure.gravatar.com\/avatar\/5f09cb527f9632e92234c6fc6e2cbcefebeed6bdeb0f9129ea4cbc7aa71587c6?s=96&d=mm&r=g\",\"contentUrl\":\"https:\/\/secure.gravatar.com\/avatar\/5f09cb527f9632e92234c6fc6e2cbcefebeed6bdeb0f9129ea4cbc7aa71587c6?s=96&d=mm&r=g\",\"caption\":\"Geomar Pacheco R.\"},\"sameAs\":[\"https:\/\/x.com\/GeomarPacheco1\"],\"url\":\"https:\/\/noti-america.com\/site\/peru\/author\/gpacheco\/\"}]}<\/script>\n<!-- \/ Yoast SEO Premium plugin. -->","yoast_head_json":{"title":"EXTRACCI\u00d3N DE MERLUZA DE NUESTRO OC\u00c9ANO TIENE REGLAMENTACI\u00d3N DESDE JULIO DEL 2025 - Per\u00fa | Noti-America.com","robots":{"index":"index","follow":"follow","max-snippet":"max-snippet:-1","max-image-preview":"max-image-preview:large","max-video-preview":"max-video-preview:-1"},"canonical":"https:\/\/noti-america.com\/site\/peru\/2025\/09\/01\/extraccion-de-merluza-de-nuestro-oceano-tiene-reglamentacion-desde-julio-del-2025\/","og_locale":"es_ES","og_type":"article","og_title":"EXTRACCI\u00d3N DE MERLUZA DE NUESTRO OC\u00c9ANO TIENE REGLAMENTACI\u00d3N DESDE JULIO DEL 2025","og_description":"NOTI-AM\u00c9RICA PER\u00da \u00a0 Por Geomar Pacheco Rivera El Ministerio de la Producci\u00f3n (Produce) estableci\u00f3 el l\u00edmite de la pesca de la merluza en 20.364 toneladas para el per\u00edodo julio 2025-junio 2026, en concordancia con&#46;&#46;&#46;","og_url":"https:\/\/noti-america.com\/site\/peru\/2025\/09\/01\/extraccion-de-merluza-de-nuestro-oceano-tiene-reglamentacion-desde-julio-del-2025\/","og_site_name":"Per\u00fa | Noti-America.com","article_published_time":"2025-09-01T04:30:24+00:00","og_image":[{"width":1600,"height":1066,"url":"https:\/\/noti-america.com\/site\/peru\/wp-content\/uploads\/sites\/8\/2025\/09\/WhatsApp-Image-2025-08-31-at-10.08.38-PM.jpeg","type":"image\/jpeg"}],"author":"Geomar Pacheco R.","twitter_card":"summary_large_image","twitter_creator":"@GeomarPacheco1","twitter_misc":{"Escrito por":"Geomar Pacheco R.","Tiempo estimado de lectura":"2 minutos"},"schema":{"@context":"https:\/\/schema.org","@graph":[{"@type":"Article","@id":"https:\/\/noti-america.com\/site\/peru\/2025\/09\/01\/extraccion-de-merluza-de-nuestro-oceano-tiene-reglamentacion-desde-julio-del-2025\/#article","isPartOf":{"@id":"https:\/\/noti-america.com\/site\/peru\/2025\/09\/01\/extraccion-de-merluza-de-nuestro-oceano-tiene-reglamentacion-desde-julio-del-2025\/"},"author":{"name":"Geomar Pacheco R.","@id":"https:\/\/noti-america.com\/site\/peru\/#\/schema\/person\/28a35f20383bf2485bc838bfe76aebdc"},"headline":"EXTRACCI\u00d3N DE MERLUZA DE NUESTRO OC\u00c9ANO TIENE REGLAMENTACI\u00d3N DESDE JULIO DEL 2025","datePublished":"2025-09-01T04:30:24+00:00","mainEntityOfPage":{"@id":"https:\/\/noti-america.com\/site\/peru\/2025\/09\/01\/extraccion-de-merluza-de-nuestro-oceano-tiene-reglamentacion-desde-julio-del-2025\/"},"wordCount":358,"commentCount":0,"publisher":{"@id":"https:\/\/noti-america.com\/site\/peru\/#organization"},"image":{"@id":"https:\/\/noti-america.com\/site\/peru\/2025\/09\/01\/extraccion-de-merluza-de-nuestro-oceano-tiene-reglamentacion-desde-julio-del-2025\/#primaryimage"},"thumbnailUrl":"https:\/\/noti-america.com\/site\/peru\/wp-content\/uploads\/sites\/8\/2025\/09\/WhatsApp-Image-2025-08-31-at-10.08.38-PM.jpeg","articleSection":["Actualidad","Econom\u00eda","Es Noticia en"],"inLanguage":"es","potentialAction":[{"@type":"CommentAction","name":"Comment","target":["https:\/\/noti-america.com\/site\/peru\/2025\/09\/01\/extraccion-de-merluza-de-nuestro-oceano-tiene-reglamentacion-desde-julio-del-2025\/#respond"]}]},{"@type":"WebPage","@id":"https:\/\/noti-america.com\/site\/peru\/2025\/09\/01\/extraccion-de-merluza-de-nuestro-oceano-tiene-reglamentacion-desde-julio-del-2025\/","url":"https:\/\/noti-america.com\/site\/peru\/2025\/09\/01\/extraccion-de-merluza-de-nuestro-oceano-tiene-reglamentacion-desde-julio-del-2025\/","name":"EXTRACCI\u00d3N DE MERLUZA DE NUESTRO OC\u00c9ANO TIENE REGLAMENTACI\u00d3N DESDE JULIO DEL 2025 - Per\u00fa | Noti-America.com","isPartOf":{"@id":"https:\/\/noti-america.com\/site\/peru\/#website"},"primaryImageOfPage":{"@id":"https:\/\/noti-america.com\/site\/peru\/2025\/09\/01\/extraccion-de-merluza-de-nuestro-oceano-tiene-reglamentacion-desde-julio-del-2025\/#primaryimage"},"image":{"@id":"https:\/\/noti-america.com\/site\/peru\/2025\/09\/01\/extraccion-de-merluza-de-nuestro-oceano-tiene-reglamentacion-desde-julio-del-2025\/#primaryimage"},"thumbnailUrl":"https:\/\/noti-america.com\/site\/peru\/wp-content\/uploads\/sites\/8\/2025\/09\/WhatsApp-Image-2025-08-31-at-10.08.38-PM.jpeg","datePublished":"2025-09-01T04:30:24+00:00","breadcrumb":{"@id":"https:\/\/noti-america.com\/site\/peru\/2025\/09\/01\/extraccion-de-merluza-de-nuestro-oceano-tiene-reglamentacion-desde-julio-del-2025\/#breadcrumb"},"inLanguage":"es","potentialAction":[{"@type":"ReadAction","target":["https:\/\/noti-america.com\/site\/peru\/2025\/09\/01\/extraccion-de-merluza-de-nuestro-oceano-tiene-reglamentacion-desde-julio-del-2025\/"]}]},{"@type":"ImageObject","inLanguage":"es","@id":"https:\/\/noti-america.com\/site\/peru\/2025\/09\/01\/extraccion-de-merluza-de-nuestro-oceano-tiene-reglamentacion-desde-julio-del-2025\/#primaryimage","url":"https:\/\/noti-america.com\/site\/peru\/wp-content\/uploads\/sites\/8\/2025\/09\/WhatsApp-Image-2025-08-31-at-10.08.38-PM.jpeg","contentUrl":"https:\/\/noti-america.com\/site\/peru\/wp-content\/uploads\/sites\/8\/2025\/09\/WhatsApp-Image-2025-08-31-at-10.08.38-PM.jpeg","width":1600,"height":1066},{"@type":"BreadcrumbList","@id":"https:\/\/noti-america.com\/site\/peru\/2025\/09\/01\/extraccion-de-merluza-de-nuestro-oceano-tiene-reglamentacion-desde-julio-del-2025\/#breadcrumb","itemListElement":[{"@type":"ListItem","position":1,"name":"Portada","item":"https:\/\/noti-america.com\/site\/peru\/"},{"@type":"ListItem","position":2,"name":"EXTRACCI\u00d3N DE MERLUZA DE NUESTRO OC\u00c9ANO TIENE REGLAMENTACI\u00d3N DESDE JULIO DEL 2025"}]},{"@type":"WebSite","@id":"https:\/\/noti-america.com\/site\/peru\/#website","url":"https:\/\/noti-america.com\/site\/peru\/","name":"Per\u00fa | Noti-America.com","description":"","publisher":{"@id":"https:\/\/noti-america.com\/site\/peru\/#organization"},"potentialAction":[{"@type":"SearchAction","target":{"@type":"EntryPoint","urlTemplate":"https:\/\/noti-america.com\/site\/peru\/?s={search_term_string}"},"query-input":{"@type":"PropertyValueSpecification","valueRequired":true,"valueName":"search_term_string"}}],"inLanguage":"es"},{"@type":"Organization","@id":"https:\/\/noti-america.com\/site\/peru\/#organization","name":"Noti-America LLC | Per\u00fa","url":"https:\/\/noti-america.com\/site\/peru\/","logo":{"@type":"ImageObject","inLanguage":"es","@id":"https:\/\/noti-america.com\/site\/peru\/#\/schema\/logo\/image\/","url":"https:\/\/noti-america.com\/site\/peru\/wp-content\/uploads\/sites\/8\/2020\/07\/LogoNA-4x3-1.jpg","contentUrl":"https:\/\/noti-america.com\/site\/peru\/wp-content\/uploads\/sites\/8\/2020\/07\/LogoNA-4x3-1.jpg","width":1236,"height":1080,"caption":"Noti-America LLC | Per\u00fa"},"image":{"@id":"https:\/\/noti-america.com\/site\/peru\/#\/schema\/logo\/image\/"}},{"@type":"Person","@id":"https:\/\/noti-america.com\/site\/peru\/#\/schema\/person\/28a35f20383bf2485bc838bfe76aebdc","name":"Geomar Pacheco R.","image":{"@type":"ImageObject","inLanguage":"es","@id":"https:\/\/secure.gravatar.com\/avatar\/5f09cb527f9632e92234c6fc6e2cbcefebeed6bdeb0f9129ea4cbc7aa71587c6?s=96&d=mm&r=g","url":"https:\/\/secure.gravatar.com\/avatar\/5f09cb527f9632e92234c6fc6e2cbcefebeed6bdeb0f9129ea4cbc7aa71587c6?s=96&d=mm&r=g","contentUrl":"https:\/\/secure.gravatar.com\/avatar\/5f09cb527f9632e92234c6fc6e2cbcefebeed6bdeb0f9129ea4cbc7aa71587c6?s=96&d=mm&r=g","caption":"Geomar Pacheco R."},"sameAs":["https:\/\/x.com\/GeomarPacheco1"],"url":"https:\/\/noti-america.com\/site\/peru\/author\/gpacheco\/"}]}},"_links":{"self":[{"href":"https:\/\/noti-america.com\/site\/peru\/wp-json\/wp\/v2\/posts\/8981","targetHints":{"allow":["GET"]}}],"collection":[{"href":"https:\/\/noti-america.com\/site\/peru\/wp-json\/wp\/v2\/posts"}],"about":[{"href":"https:\/\/noti-america.com\/site\/peru\/wp-json\/wp\/v2\/types\/post"}],"author":[{"embeddable":true,"href":"https:\/\/noti-america.com\/site\/peru\/wp-json\/wp\/v2\/users\/70"}],"replies":[{"embeddable":true,"href":"https:\/\/noti-america.com\/site\/peru\/wp-json\/wp\/v2\/comments?post=8981"}],"version-history":[{"count":1,"href":"https:\/\/noti-america.com\/site\/peru\/wp-json\/wp\/v2\/posts\/8981\/revisions"}],"predecessor-version":[{"id":8984,"href":"https:\/\/noti-america.com\/site\/peru\/wp-json\/wp\/v2\/posts\/8981\/revisions\/8984"}],"wp:featuredmedia":[{"embeddable":true,"href":"https:\/\/noti-america.com\/site\/peru\/wp-json\/wp\/v2\/media\/8983"}],"wp:attachment":[{"href":"https:\/\/noti-america.com\/site\/peru\/wp-json\/wp\/v2\/media?parent=8981"}],"wp:term":[{"taxonomy":"category","embeddable":true,"href":"https:\/\/noti-america.com\/site\/peru\/wp-json\/wp\/v2\/categories?post=8981"},{"taxonomy":"post_tag","embeddable":true,"href":"https:\/\/noti-america.com\/site\/peru\/wp-json\/wp\/v2\/tags?post=8981"}],"curies":[{"name":"wp","href":"https:\/\/api.w.org\/{rel}","templated":true}]}}