{"id":8977,"date":"2025-08-31T06:12:21","date_gmt":"2025-08-31T06:12:21","guid":{"rendered":"https:\/\/noti-america.com\/site\/peru\/?p=8977"},"modified":"2025-08-31T06:12:21","modified_gmt":"2025-08-31T06:12:21","slug":"miles-de-peruanos-acompanaron-hoy-a-la-patrona-de-las-americas","status":"publish","type":"post","link":"https:\/\/noti-america.com\/site\/peru\/2025\/08\/31\/miles-de-peruanos-acompanaron-hoy-a-la-patrona-de-las-americas\/","title":{"rendered":"MILES DE PERUANOS ACOMPA\u00d1ARON HOY A LA PATRONA DE LAS AM\u00c9RICAS"},"content":{"rendered":"<p><strong><span style=\"font-family: Tahoma, Arial, Helvetica, sans-serif;font-size: 14pt\">NOTI-AM\u00c9RICA PER\u00da<\/span><\/strong><\/p>\n<p>&nbsp;<\/p>\n<p style=\"text-align: right\"><strong><span style=\"font-family: Tahoma, Arial, Helvetica, sans-serif;font-size: 14pt\">Por Geomar Pacheco Rivera<\/span><\/strong><\/p>\n<p>&nbsp;<\/p>\n<p><span style=\"font-weight: 400;font-family: Tahoma, Arial, Helvetica, sans-serif;font-size: 14pt\">En 1670, el papa Clemente X declar\u00f3 a santa Rosa patrona principal de Am\u00e9rica, Filipinas y las Indias Orientales. Al a\u00f1o siguiente el sumo pont\u00edfice la canoniz\u00f3 y fij\u00f3 su festividad el 30 de agosto.<\/span><\/p>\n<p>&nbsp;<\/p>\n<p><img loading=\"lazy\" decoding=\"async\" class=\"alignnone size-full wp-image-8978 aligncenter\" src=\"https:\/\/noti-america.com\/site\/peru\/wp-content\/uploads\/sites\/8\/2025\/08\/WhatsApp-Image-2025-08-30-at-10.08.25-PM.jpeg\" alt=\"\" width=\"630\" height=\"528\" srcset=\"https:\/\/noti-america.com\/site\/peru\/wp-content\/uploads\/sites\/8\/2025\/08\/WhatsApp-Image-2025-08-30-at-10.08.25-PM.jpeg 630w, https:\/\/noti-america.com\/site\/peru\/wp-content\/uploads\/sites\/8\/2025\/08\/WhatsApp-Image-2025-08-30-at-10.08.25-PM-300x251.jpeg 300w\" sizes=\"auto, (max-width: 630px) 100vw, 630px\" \/><\/p>\n<p>&nbsp;<\/p>\n<p><span style=\"font-weight: 400;font-family: Tahoma, Arial, Helvetica, sans-serif;font-size: 14pt\">Al paso del tiempo la comunidad religiosa cat\u00f3lica la adopt\u00f3 como la santa de diversas instituciones y oficios, entre ellos el de las enfermeras y los polic\u00edas peruanos.<\/span><\/p>\n<p>&nbsp;<\/p>\n<p><span style=\"font-weight: 400;font-family: Tahoma, Arial, Helvetica, sans-serif;font-size: 14pt\">La Bas\u00edlica y Santuario del Convento de Santa Rosa de Lima recibi\u00f3 este d\u00eda a miles de fieles devotos de la primera santa peruana, quienes entregaron sus cartas, dejaron monedas, escucharon misa y acompa\u00f1aron las andas de la Patrona de Am\u00e9rica.<\/span><\/p>\n<p><img loading=\"lazy\" decoding=\"async\" class=\"alignnone wp-image-8979 size-large\" src=\"https:\/\/noti-america.com\/site\/peru\/wp-content\/uploads\/sites\/8\/2025\/08\/WhatsApp-Image-2025-08-30-at-10.08.06-PM-1024x689.jpeg\" alt=\"\" width=\"1024\" height=\"689\" srcset=\"https:\/\/noti-america.com\/site\/peru\/wp-content\/uploads\/sites\/8\/2025\/08\/WhatsApp-Image-2025-08-30-at-10.08.06-PM-1024x689.jpeg 1024w, https:\/\/noti-america.com\/site\/peru\/wp-content\/uploads\/sites\/8\/2025\/08\/WhatsApp-Image-2025-08-30-at-10.08.06-PM-300x202.jpeg 300w, https:\/\/noti-america.com\/site\/peru\/wp-content\/uploads\/sites\/8\/2025\/08\/WhatsApp-Image-2025-08-30-at-10.08.06-PM-768x517.jpeg 768w, https:\/\/noti-america.com\/site\/peru\/wp-content\/uploads\/sites\/8\/2025\/08\/WhatsApp-Image-2025-08-30-at-10.08.06-PM-1536x1034.jpeg 1536w, https:\/\/noti-america.com\/site\/peru\/wp-content\/uploads\/sites\/8\/2025\/08\/WhatsApp-Image-2025-08-30-at-10.08.06-PM-272x182.jpeg 272w, https:\/\/noti-america.com\/site\/peru\/wp-content\/uploads\/sites\/8\/2025\/08\/WhatsApp-Image-2025-08-30-at-10.08.06-PM.jpeg 1600w\" sizes=\"auto, (max-width: 1024px) 100vw, 1024px\" \/><\/p>\n<p><span style=\"font-weight: 400;font-family: Tahoma, Arial, Helvetica, sans-serif;font-size: 14pt\">Los fieles devotos pueden visitar el Jard\u00edn de Santa Rosa, donde podr\u00e1n conocer el pozo y la ermita donde rezaba la santa, de martes a domingo de 9:00 am a 1:00 pm y de 2:00 pm a 5:30 pm.<\/span><\/p>\n","protected":false},"excerpt":{"rendered":"<p>NOTI-AM\u00c9RICA PER\u00da &nbsp; Por Geomar Pacheco Rivera &nbsp; En 1670, el papa Clemente X declar\u00f3 a santa Rosa patrona principal de Am\u00e9rica, Filipinas y las Indias Orientales. Al a\u00f1o siguiente el sumo pont\u00edfice la&#46;&#46;&#46;<\/p>\n","protected":false},"author":70,"featured_media":8979,"comment_status":"open","ping_status":"open","sticky":false,"template":"","format":"standard","meta":{"_acf_changed":false,"rop_custom_images_group":[],"rop_custom_messages_group":[],"rop_publish_now":"no","rop_publish_now_accounts":{"twitter_242054905_242054905":""},"rop_publish_now_history":[{"account":"twitter_242054905_242054905","service":"twitter","timestamp":1756620742,"status":"queued"}],"rop_publish_now_status":"queued","footnotes":""},"categories":[268,8],"tags":[],"class_list":["post-8977","post","type-post","status-publish","format-standard","has-post-thumbnail","hentry","category-acturalidad","category-arte-y-espectaculos"],"acf":[],"yoast_head":"<!-- This site is optimized with the Yoast SEO Premium plugin v24.9 (Yoast SEO v27.2) - https:\/\/yoast.com\/product\/yoast-seo-premium-wordpress\/ -->\n<title>MILES DE PERUANOS ACOMPA\u00d1ARON HOY A LA PATRONA DE LAS AM\u00c9RICAS - Per\u00fa | Noti-America.com<\/title>\n<meta name=\"robots\" content=\"index, follow, max-snippet:-1, max-image-preview:large, max-video-preview:-1\" \/>\n<link rel=\"canonical\" href=\"https:\/\/noti-america.com\/site\/peru\/2025\/08\/31\/miles-de-peruanos-acompanaron-hoy-a-la-patrona-de-las-americas\/\" \/>\n<meta property=\"og:locale\" content=\"es_ES\" \/>\n<meta property=\"og:type\" content=\"article\" \/>\n<meta property=\"og:title\" content=\"MILES DE PERUANOS ACOMPA\u00d1ARON HOY A LA PATRONA DE LAS AM\u00c9RICAS\" \/>\n<meta property=\"og:description\" content=\"NOTI-AM\u00c9RICA PER\u00da &nbsp; Por Geomar Pacheco Rivera &nbsp; En 1670, el papa Clemente X declar\u00f3 a santa Rosa patrona principal de Am\u00e9rica, Filipinas y las Indias Orientales. Al a\u00f1o siguiente el sumo pont\u00edfice la&#046;&#046;&#046;\" \/>\n<meta property=\"og:url\" content=\"https:\/\/noti-america.com\/site\/peru\/2025\/08\/31\/miles-de-peruanos-acompanaron-hoy-a-la-patrona-de-las-americas\/\" \/>\n<meta property=\"og:site_name\" content=\"Per\u00fa | Noti-America.com\" \/>\n<meta property=\"article:published_time\" content=\"2025-08-31T06:12:21+00:00\" \/>\n<meta property=\"og:image\" content=\"https:\/\/noti-america.com\/site\/peru\/wp-content\/uploads\/sites\/8\/2025\/08\/WhatsApp-Image-2025-08-30-at-10.08.06-PM.jpeg\" \/>\n\t<meta property=\"og:image:width\" content=\"1600\" \/>\n\t<meta property=\"og:image:height\" content=\"1077\" \/>\n\t<meta property=\"og:image:type\" content=\"image\/jpeg\" \/>\n<meta name=\"author\" content=\"Geomar Pacheco R.\" \/>\n<meta name=\"twitter:card\" content=\"summary_large_image\" \/>\n<meta name=\"twitter:creator\" content=\"@GeomarPacheco1\" \/>\n<meta name=\"twitter:label1\" content=\"Escrito por\" \/>\n\t<meta name=\"twitter:data1\" content=\"Geomar Pacheco R.\" \/>\n\t<meta name=\"twitter:label2\" content=\"Tiempo estimado de lectura\" \/>\n\t<meta name=\"twitter:data2\" content=\"2 minutos\" \/>\n<script type=\"application\/ld+json\" class=\"yoast-schema-graph\">{\"@context\":\"https:\/\/schema.org\",\"@graph\":[{\"@type\":\"Article\",\"@id\":\"https:\/\/noti-america.com\/site\/peru\/2025\/08\/31\/miles-de-peruanos-acompanaron-hoy-a-la-patrona-de-las-americas\/#article\",\"isPartOf\":{\"@id\":\"https:\/\/noti-america.com\/site\/peru\/2025\/08\/31\/miles-de-peruanos-acompanaron-hoy-a-la-patrona-de-las-americas\/\"},\"author\":{\"name\":\"Geomar Pacheco R.\",\"@id\":\"https:\/\/noti-america.com\/site\/peru\/#\/schema\/person\/28a35f20383bf2485bc838bfe76aebdc\"},\"headline\":\"MILES DE PERUANOS ACOMPA\u00d1ARON HOY A LA PATRONA DE LAS AM\u00c9RICAS\",\"datePublished\":\"2025-08-31T06:12:21+00:00\",\"mainEntityOfPage\":{\"@id\":\"https:\/\/noti-america.com\/site\/peru\/2025\/08\/31\/miles-de-peruanos-acompanaron-hoy-a-la-patrona-de-las-americas\/\"},\"wordCount\":173,\"commentCount\":0,\"publisher\":{\"@id\":\"https:\/\/noti-america.com\/site\/peru\/#organization\"},\"image\":{\"@id\":\"https:\/\/noti-america.com\/site\/peru\/2025\/08\/31\/miles-de-peruanos-acompanaron-hoy-a-la-patrona-de-las-americas\/#primaryimage\"},\"thumbnailUrl\":\"https:\/\/noti-america.com\/site\/peru\/wp-content\/uploads\/sites\/8\/2025\/08\/WhatsApp-Image-2025-08-30-at-10.08.06-PM.jpeg\",\"articleSection\":[\"Actualidad\",\"Arte y Espect\u00e1culos\"],\"inLanguage\":\"es\",\"potentialAction\":[{\"@type\":\"CommentAction\",\"name\":\"Comment\",\"target\":[\"https:\/\/noti-america.com\/site\/peru\/2025\/08\/31\/miles-de-peruanos-acompanaron-hoy-a-la-patrona-de-las-americas\/#respond\"]}]},{\"@type\":\"WebPage\",\"@id\":\"https:\/\/noti-america.com\/site\/peru\/2025\/08\/31\/miles-de-peruanos-acompanaron-hoy-a-la-patrona-de-las-americas\/\",\"url\":\"https:\/\/noti-america.com\/site\/peru\/2025\/08\/31\/miles-de-peruanos-acompanaron-hoy-a-la-patrona-de-las-americas\/\",\"name\":\"MILES DE PERUANOS ACOMPA\u00d1ARON HOY A LA PATRONA DE LAS AM\u00c9RICAS - Per\u00fa | Noti-America.com\",\"isPartOf\":{\"@id\":\"https:\/\/noti-america.com\/site\/peru\/#website\"},\"primaryImageOfPage\":{\"@id\":\"https:\/\/noti-america.com\/site\/peru\/2025\/08\/31\/miles-de-peruanos-acompanaron-hoy-a-la-patrona-de-las-americas\/#primaryimage\"},\"image\":{\"@id\":\"https:\/\/noti-america.com\/site\/peru\/2025\/08\/31\/miles-de-peruanos-acompanaron-hoy-a-la-patrona-de-las-americas\/#primaryimage\"},\"thumbnailUrl\":\"https:\/\/noti-america.com\/site\/peru\/wp-content\/uploads\/sites\/8\/2025\/08\/WhatsApp-Image-2025-08-30-at-10.08.06-PM.jpeg\",\"datePublished\":\"2025-08-31T06:12:21+00:00\",\"breadcrumb\":{\"@id\":\"https:\/\/noti-america.com\/site\/peru\/2025\/08\/31\/miles-de-peruanos-acompanaron-hoy-a-la-patrona-de-las-americas\/#breadcrumb\"},\"inLanguage\":\"es\",\"potentialAction\":[{\"@type\":\"ReadAction\",\"target\":[\"https:\/\/noti-america.com\/site\/peru\/2025\/08\/31\/miles-de-peruanos-acompanaron-hoy-a-la-patrona-de-las-americas\/\"]}]},{\"@type\":\"ImageObject\",\"inLanguage\":\"es\",\"@id\":\"https:\/\/noti-america.com\/site\/peru\/2025\/08\/31\/miles-de-peruanos-acompanaron-hoy-a-la-patrona-de-las-americas\/#primaryimage\",\"url\":\"https:\/\/noti-america.com\/site\/peru\/wp-content\/uploads\/sites\/8\/2025\/08\/WhatsApp-Image-2025-08-30-at-10.08.06-PM.jpeg\",\"contentUrl\":\"https:\/\/noti-america.com\/site\/peru\/wp-content\/uploads\/sites\/8\/2025\/08\/WhatsApp-Image-2025-08-30-at-10.08.06-PM.jpeg\",\"width\":1600,\"height\":1077},{\"@type\":\"BreadcrumbList\",\"@id\":\"https:\/\/noti-america.com\/site\/peru\/2025\/08\/31\/miles-de-peruanos-acompanaron-hoy-a-la-patrona-de-las-americas\/#breadcrumb\",\"itemListElement\":[{\"@type\":\"ListItem\",\"position\":1,\"name\":\"Portada\",\"item\":\"https:\/\/noti-america.com\/site\/peru\/\"},{\"@type\":\"ListItem\",\"position\":2,\"name\":\"MILES DE PERUANOS ACOMPA\u00d1ARON HOY A LA PATRONA DE LAS AM\u00c9RICAS\"}]},{\"@type\":\"WebSite\",\"@id\":\"https:\/\/noti-america.com\/site\/peru\/#website\",\"url\":\"https:\/\/noti-america.com\/site\/peru\/\",\"name\":\"Per\u00fa | Noti-America.com\",\"description\":\"\",\"publisher\":{\"@id\":\"https:\/\/noti-america.com\/site\/peru\/#organization\"},\"potentialAction\":[{\"@type\":\"SearchAction\",\"target\":{\"@type\":\"EntryPoint\",\"urlTemplate\":\"https:\/\/noti-america.com\/site\/peru\/?s={search_term_string}\"},\"query-input\":{\"@type\":\"PropertyValueSpecification\",\"valueRequired\":true,\"valueName\":\"search_term_string\"}}],\"inLanguage\":\"es\"},{\"@type\":\"Organization\",\"@id\":\"https:\/\/noti-america.com\/site\/peru\/#organization\",\"name\":\"Noti-America LLC | Per\u00fa\",\"url\":\"https:\/\/noti-america.com\/site\/peru\/\",\"logo\":{\"@type\":\"ImageObject\",\"inLanguage\":\"es\",\"@id\":\"https:\/\/noti-america.com\/site\/peru\/#\/schema\/logo\/image\/\",\"url\":\"https:\/\/noti-america.com\/site\/peru\/wp-content\/uploads\/sites\/8\/2020\/07\/LogoNA-4x3-1.jpg\",\"contentUrl\":\"https:\/\/noti-america.com\/site\/peru\/wp-content\/uploads\/sites\/8\/2020\/07\/LogoNA-4x3-1.jpg\",\"width\":1236,\"height\":1080,\"caption\":\"Noti-America LLC | Per\u00fa\"},\"image\":{\"@id\":\"https:\/\/noti-america.com\/site\/peru\/#\/schema\/logo\/image\/\"}},{\"@type\":\"Person\",\"@id\":\"https:\/\/noti-america.com\/site\/peru\/#\/schema\/person\/28a35f20383bf2485bc838bfe76aebdc\",\"name\":\"Geomar Pacheco R.\",\"image\":{\"@type\":\"ImageObject\",\"inLanguage\":\"es\",\"@id\":\"https:\/\/secure.gravatar.com\/avatar\/5f09cb527f9632e92234c6fc6e2cbcefebeed6bdeb0f9129ea4cbc7aa71587c6?s=96&d=mm&r=g\",\"url\":\"https:\/\/secure.gravatar.com\/avatar\/5f09cb527f9632e92234c6fc6e2cbcefebeed6bdeb0f9129ea4cbc7aa71587c6?s=96&d=mm&r=g\",\"contentUrl\":\"https:\/\/secure.gravatar.com\/avatar\/5f09cb527f9632e92234c6fc6e2cbcefebeed6bdeb0f9129ea4cbc7aa71587c6?s=96&d=mm&r=g\",\"caption\":\"Geomar Pacheco R.\"},\"sameAs\":[\"https:\/\/x.com\/GeomarPacheco1\"],\"url\":\"https:\/\/noti-america.com\/site\/peru\/author\/gpacheco\/\"}]}<\/script>\n<!-- \/ Yoast SEO Premium plugin. -->","yoast_head_json":{"title":"MILES DE PERUANOS ACOMPA\u00d1ARON HOY A LA PATRONA DE LAS AM\u00c9RICAS - Per\u00fa | Noti-America.com","robots":{"index":"index","follow":"follow","max-snippet":"max-snippet:-1","max-image-preview":"max-image-preview:large","max-video-preview":"max-video-preview:-1"},"canonical":"https:\/\/noti-america.com\/site\/peru\/2025\/08\/31\/miles-de-peruanos-acompanaron-hoy-a-la-patrona-de-las-americas\/","og_locale":"es_ES","og_type":"article","og_title":"MILES DE PERUANOS ACOMPA\u00d1ARON HOY A LA PATRONA DE LAS AM\u00c9RICAS","og_description":"NOTI-AM\u00c9RICA PER\u00da &nbsp; Por Geomar Pacheco Rivera &nbsp; En 1670, el papa Clemente X declar\u00f3 a santa Rosa patrona principal de Am\u00e9rica, Filipinas y las Indias Orientales. Al a\u00f1o siguiente el sumo pont\u00edfice la&#46;&#46;&#46;","og_url":"https:\/\/noti-america.com\/site\/peru\/2025\/08\/31\/miles-de-peruanos-acompanaron-hoy-a-la-patrona-de-las-americas\/","og_site_name":"Per\u00fa | Noti-America.com","article_published_time":"2025-08-31T06:12:21+00:00","og_image":[{"width":1600,"height":1077,"url":"https:\/\/noti-america.com\/site\/peru\/wp-content\/uploads\/sites\/8\/2025\/08\/WhatsApp-Image-2025-08-30-at-10.08.06-PM.jpeg","type":"image\/jpeg"}],"author":"Geomar Pacheco R.","twitter_card":"summary_large_image","twitter_creator":"@GeomarPacheco1","twitter_misc":{"Escrito por":"Geomar Pacheco R.","Tiempo estimado de lectura":"2 minutos"},"schema":{"@context":"https:\/\/schema.org","@graph":[{"@type":"Article","@id":"https:\/\/noti-america.com\/site\/peru\/2025\/08\/31\/miles-de-peruanos-acompanaron-hoy-a-la-patrona-de-las-americas\/#article","isPartOf":{"@id":"https:\/\/noti-america.com\/site\/peru\/2025\/08\/31\/miles-de-peruanos-acompanaron-hoy-a-la-patrona-de-las-americas\/"},"author":{"name":"Geomar Pacheco R.","@id":"https:\/\/noti-america.com\/site\/peru\/#\/schema\/person\/28a35f20383bf2485bc838bfe76aebdc"},"headline":"MILES DE PERUANOS ACOMPA\u00d1ARON HOY A LA PATRONA DE LAS AM\u00c9RICAS","datePublished":"2025-08-31T06:12:21+00:00","mainEntityOfPage":{"@id":"https:\/\/noti-america.com\/site\/peru\/2025\/08\/31\/miles-de-peruanos-acompanaron-hoy-a-la-patrona-de-las-americas\/"},"wordCount":173,"commentCount":0,"publisher":{"@id":"https:\/\/noti-america.com\/site\/peru\/#organization"},"image":{"@id":"https:\/\/noti-america.com\/site\/peru\/2025\/08\/31\/miles-de-peruanos-acompanaron-hoy-a-la-patrona-de-las-americas\/#primaryimage"},"thumbnailUrl":"https:\/\/noti-america.com\/site\/peru\/wp-content\/uploads\/sites\/8\/2025\/08\/WhatsApp-Image-2025-08-30-at-10.08.06-PM.jpeg","articleSection":["Actualidad","Arte y Espect\u00e1culos"],"inLanguage":"es","potentialAction":[{"@type":"CommentAction","name":"Comment","target":["https:\/\/noti-america.com\/site\/peru\/2025\/08\/31\/miles-de-peruanos-acompanaron-hoy-a-la-patrona-de-las-americas\/#respond"]}]},{"@type":"WebPage","@id":"https:\/\/noti-america.com\/site\/peru\/2025\/08\/31\/miles-de-peruanos-acompanaron-hoy-a-la-patrona-de-las-americas\/","url":"https:\/\/noti-america.com\/site\/peru\/2025\/08\/31\/miles-de-peruanos-acompanaron-hoy-a-la-patrona-de-las-americas\/","name":"MILES DE PERUANOS ACOMPA\u00d1ARON HOY A LA PATRONA DE LAS AM\u00c9RICAS - Per\u00fa | Noti-America.com","isPartOf":{"@id":"https:\/\/noti-america.com\/site\/peru\/#website"},"primaryImageOfPage":{"@id":"https:\/\/noti-america.com\/site\/peru\/2025\/08\/31\/miles-de-peruanos-acompanaron-hoy-a-la-patrona-de-las-americas\/#primaryimage"},"image":{"@id":"https:\/\/noti-america.com\/site\/peru\/2025\/08\/31\/miles-de-peruanos-acompanaron-hoy-a-la-patrona-de-las-americas\/#primaryimage"},"thumbnailUrl":"https:\/\/noti-america.com\/site\/peru\/wp-content\/uploads\/sites\/8\/2025\/08\/WhatsApp-Image-2025-08-30-at-10.08.06-PM.jpeg","datePublished":"2025-08-31T06:12:21+00:00","breadcrumb":{"@id":"https:\/\/noti-america.com\/site\/peru\/2025\/08\/31\/miles-de-peruanos-acompanaron-hoy-a-la-patrona-de-las-americas\/#breadcrumb"},"inLanguage":"es","potentialAction":[{"@type":"ReadAction","target":["https:\/\/noti-america.com\/site\/peru\/2025\/08\/31\/miles-de-peruanos-acompanaron-hoy-a-la-patrona-de-las-americas\/"]}]},{"@type":"ImageObject","inLanguage":"es","@id":"https:\/\/noti-america.com\/site\/peru\/2025\/08\/31\/miles-de-peruanos-acompanaron-hoy-a-la-patrona-de-las-americas\/#primaryimage","url":"https:\/\/noti-america.com\/site\/peru\/wp-content\/uploads\/sites\/8\/2025\/08\/WhatsApp-Image-2025-08-30-at-10.08.06-PM.jpeg","contentUrl":"https:\/\/noti-america.com\/site\/peru\/wp-content\/uploads\/sites\/8\/2025\/08\/WhatsApp-Image-2025-08-30-at-10.08.06-PM.jpeg","width":1600,"height":1077},{"@type":"BreadcrumbList","@id":"https:\/\/noti-america.com\/site\/peru\/2025\/08\/31\/miles-de-peruanos-acompanaron-hoy-a-la-patrona-de-las-americas\/#breadcrumb","itemListElement":[{"@type":"ListItem","position":1,"name":"Portada","item":"https:\/\/noti-america.com\/site\/peru\/"},{"@type":"ListItem","position":2,"name":"MILES DE PERUANOS ACOMPA\u00d1ARON HOY A LA PATRONA DE LAS AM\u00c9RICAS"}]},{"@type":"WebSite","@id":"https:\/\/noti-america.com\/site\/peru\/#website","url":"https:\/\/noti-america.com\/site\/peru\/","name":"Per\u00fa | Noti-America.com","description":"","publisher":{"@id":"https:\/\/noti-america.com\/site\/peru\/#organization"},"potentialAction":[{"@type":"SearchAction","target":{"@type":"EntryPoint","urlTemplate":"https:\/\/noti-america.com\/site\/peru\/?s={search_term_string}"},"query-input":{"@type":"PropertyValueSpecification","valueRequired":true,"valueName":"search_term_string"}}],"inLanguage":"es"},{"@type":"Organization","@id":"https:\/\/noti-america.com\/site\/peru\/#organization","name":"Noti-America LLC | Per\u00fa","url":"https:\/\/noti-america.com\/site\/peru\/","logo":{"@type":"ImageObject","inLanguage":"es","@id":"https:\/\/noti-america.com\/site\/peru\/#\/schema\/logo\/image\/","url":"https:\/\/noti-america.com\/site\/peru\/wp-content\/uploads\/sites\/8\/2020\/07\/LogoNA-4x3-1.jpg","contentUrl":"https:\/\/noti-america.com\/site\/peru\/wp-content\/uploads\/sites\/8\/2020\/07\/LogoNA-4x3-1.jpg","width":1236,"height":1080,"caption":"Noti-America LLC | Per\u00fa"},"image":{"@id":"https:\/\/noti-america.com\/site\/peru\/#\/schema\/logo\/image\/"}},{"@type":"Person","@id":"https:\/\/noti-america.com\/site\/peru\/#\/schema\/person\/28a35f20383bf2485bc838bfe76aebdc","name":"Geomar Pacheco R.","image":{"@type":"ImageObject","inLanguage":"es","@id":"https:\/\/secure.gravatar.com\/avatar\/5f09cb527f9632e92234c6fc6e2cbcefebeed6bdeb0f9129ea4cbc7aa71587c6?s=96&d=mm&r=g","url":"https:\/\/secure.gravatar.com\/avatar\/5f09cb527f9632e92234c6fc6e2cbcefebeed6bdeb0f9129ea4cbc7aa71587c6?s=96&d=mm&r=g","contentUrl":"https:\/\/secure.gravatar.com\/avatar\/5f09cb527f9632e92234c6fc6e2cbcefebeed6bdeb0f9129ea4cbc7aa71587c6?s=96&d=mm&r=g","caption":"Geomar Pacheco R."},"sameAs":["https:\/\/x.com\/GeomarPacheco1"],"url":"https:\/\/noti-america.com\/site\/peru\/author\/gpacheco\/"}]}},"_links":{"self":[{"href":"https:\/\/noti-america.com\/site\/peru\/wp-json\/wp\/v2\/posts\/8977","targetHints":{"allow":["GET"]}}],"collection":[{"href":"https:\/\/noti-america.com\/site\/peru\/wp-json\/wp\/v2\/posts"}],"about":[{"href":"https:\/\/noti-america.com\/site\/peru\/wp-json\/wp\/v2\/types\/post"}],"author":[{"embeddable":true,"href":"https:\/\/noti-america.com\/site\/peru\/wp-json\/wp\/v2\/users\/70"}],"replies":[{"embeddable":true,"href":"https:\/\/noti-america.com\/site\/peru\/wp-json\/wp\/v2\/comments?post=8977"}],"version-history":[{"count":1,"href":"https:\/\/noti-america.com\/site\/peru\/wp-json\/wp\/v2\/posts\/8977\/revisions"}],"predecessor-version":[{"id":8980,"href":"https:\/\/noti-america.com\/site\/peru\/wp-json\/wp\/v2\/posts\/8977\/revisions\/8980"}],"wp:featuredmedia":[{"embeddable":true,"href":"https:\/\/noti-america.com\/site\/peru\/wp-json\/wp\/v2\/media\/8979"}],"wp:attachment":[{"href":"https:\/\/noti-america.com\/site\/peru\/wp-json\/wp\/v2\/media?parent=8977"}],"wp:term":[{"taxonomy":"category","embeddable":true,"href":"https:\/\/noti-america.com\/site\/peru\/wp-json\/wp\/v2\/categories?post=8977"},{"taxonomy":"post_tag","embeddable":true,"href":"https:\/\/noti-america.com\/site\/peru\/wp-json\/wp\/v2\/tags?post=8977"}],"curies":[{"name":"wp","href":"https:\/\/api.w.org\/{rel}","templated":true}]}}