{"id":8965,"date":"2025-08-26T05:14:36","date_gmt":"2025-08-26T05:14:36","guid":{"rendered":"https:\/\/noti-america.com\/site\/peru\/?p=8965"},"modified":"2025-08-26T05:14:36","modified_gmt":"2025-08-26T05:14:36","slug":"elecciones-generales-2026-en-marcha","status":"publish","type":"post","link":"https:\/\/noti-america.com\/site\/peru\/2025\/08\/26\/elecciones-generales-2026-en-marcha\/","title":{"rendered":"ELECCIONES GENERALES 2026 EN MARCHA"},"content":{"rendered":"<p style=\"text-align: justify\"><strong><span style=\"font-family: Tahoma, Arial, Helvetica, sans-serif;font-size: 14pt\">NOTI-AM\u00c9RICA PER\u00da<\/span><\/strong><\/p>\n<p style=\"text-align: justify\">\n<p style=\"text-align: justify\"><strong><span style=\"font-family: Tahoma, Arial, Helvetica, sans-serif;font-size: 14pt\">Por Geomar Pacheco Rivera<\/span><\/strong><\/p>\n<p style=\"text-align: justify\">\n<p style=\"text-align: justify\"><span style=\"font-weight: 400;font-family: Tahoma, Arial, Helvetica, sans-serif;font-size: 14pt\">Las agrupaciones pol\u00edticas que solicitaron la conformaci\u00f3n de una alianza tendr\u00e1n hasta el 1\u00b0 de setiembre del presente a\u00f1o para que la misma quede formalmente inscrita para participar en las Elecciones Generales 2026.<\/span><\/p>\n<p style=\"text-align: justify\">\n<p style=\"text-align: justify\"><span style=\"font-weight: 400;font-family: Tahoma, Arial, Helvetica, sans-serif;font-size: 14pt\">Se trata de otro de los hitos establecidos en el cronograma electoral fijado por el Jurado Nacional de Elecciones (JNE) en el marco de dichos comicios.<\/span><\/p>\n<p><img loading=\"lazy\" decoding=\"async\" class=\"alignnone size-full wp-image-8966 aligncenter\" src=\"https:\/\/noti-america.com\/site\/peru\/wp-content\/uploads\/sites\/8\/2025\/08\/WhatsApp-Image-2025-08-25-at-11.18.06-PM.jpeg\" alt=\"\" width=\"500\" height=\"333\" srcset=\"https:\/\/noti-america.com\/site\/peru\/wp-content\/uploads\/sites\/8\/2025\/08\/WhatsApp-Image-2025-08-25-at-11.18.06-PM.jpeg 500w, https:\/\/noti-america.com\/site\/peru\/wp-content\/uploads\/sites\/8\/2025\/08\/WhatsApp-Image-2025-08-25-at-11.18.06-PM-300x200.jpeg 300w, https:\/\/noti-america.com\/site\/peru\/wp-content\/uploads\/sites\/8\/2025\/08\/WhatsApp-Image-2025-08-25-at-11.18.06-PM-272x182.jpeg 272w\" sizes=\"auto, (max-width: 500px) 100vw, 500px\" \/><\/p>\n<p>&nbsp;<\/p>\n<p style=\"text-align: justify\"><span style=\"font-weight: 400;font-family: Tahoma, Arial, Helvetica, sans-serif;font-size: 14pt\">El anterior hito fue el 2 de agosto \u00faltimo, en que venci\u00f3 el plazo para presentar las solicitudes para conformar las alianzas electorales. Cinco alianzas presentaron la respectiva solicitud de inscripci\u00f3n ante la Direcci\u00f3n Nacional del Registro de Organizaciones Pol\u00edticas (DNROP).<\/span><\/p>\n<p style=\"text-align: justify\">\n<p style=\"text-align: justify\"><span style=\"font-weight: 400;font-family: Tahoma, Arial, Helvetica, sans-serif;font-size: 14pt\">\u201cHasta el 1\u00b0 de setiembre, el JNE evaluar\u00e1 cada solicitud y determinar\u00e1 cu\u00e1les de estas alianzas quedan formalmente inscritas y habilitadas para continuar en carrera\u201d, se indica en un video publicado por el m\u00e1ximo ente electoral.\u00a0<\/span><\/p>\n<p style=\"text-align: justify\">\n<p style=\"text-align: justify\"><span style=\"font-weight: 400;font-family: Tahoma, Arial, Helvetica, sans-serif;font-size: 14pt\">Adem\u00e1s, all\u00ed se explica qu\u00e9 sucede si las agrupaciones no logran, hasta esa fecha, la inscripci\u00f3n de su alianza.<\/span><\/p>\n<p style=\"text-align: justify\">\n<p style=\"text-align: justify\"><span style=\"font-weight: 400;font-family: Tahoma, Arial, Helvetica, sans-serif;font-size: 14pt\">Al respecto, se se\u00f1ala que dichas organizaciones pol\u00edticas todav\u00eda pueden participar en los comicios de abril del 2026, pero en este caso de manera individual, siempre que cumplan con los requisitos legales y plazos del cronograma electoral.<\/span><\/p>\n<p style=\"text-align: justify\">\n<p style=\"text-align: justify\"><span style=\"font-weight: 400;font-family: Tahoma, Arial, Helvetica, sans-serif;font-size: 14pt\">Por \u00faltimo, el JNE record\u00f3 que atender\u00e1 todos los d\u00edas de agosto, incluidos los feriados, para agilizar la inscripci\u00f3n de las alianzas electorales.<\/span><\/p>\n<div id=\"attachment_8967\" style=\"width: 1034px\" class=\"wp-caption alignnone\"><img loading=\"lazy\" decoding=\"async\" aria-describedby=\"caption-attachment-8967\" class=\"size-large wp-image-8967\" src=\"https:\/\/noti-america.com\/site\/peru\/wp-content\/uploads\/sites\/8\/2025\/08\/WhatsApp-Image-2025-08-25-at-11.19.50-PM-1024x767.jpeg\" alt=\"\" width=\"1024\" height=\"767\" srcset=\"https:\/\/noti-america.com\/site\/peru\/wp-content\/uploads\/sites\/8\/2025\/08\/WhatsApp-Image-2025-08-25-at-11.19.50-PM-1024x767.jpeg 1024w, https:\/\/noti-america.com\/site\/peru\/wp-content\/uploads\/sites\/8\/2025\/08\/WhatsApp-Image-2025-08-25-at-11.19.50-PM-300x225.jpeg 300w, https:\/\/noti-america.com\/site\/peru\/wp-content\/uploads\/sites\/8\/2025\/08\/WhatsApp-Image-2025-08-25-at-11.19.50-PM-768x576.jpeg 768w, https:\/\/noti-america.com\/site\/peru\/wp-content\/uploads\/sites\/8\/2025\/08\/WhatsApp-Image-2025-08-25-at-11.19.50-PM-1536x1151.jpeg 1536w, https:\/\/noti-america.com\/site\/peru\/wp-content\/uploads\/sites\/8\/2025\/08\/WhatsApp-Image-2025-08-25-at-11.19.50-PM.jpeg 1600w\" sizes=\"auto, (max-width: 1024px) 100vw, 1024px\" \/><p id=\"caption-attachment-8967\" class=\"wp-caption-text\">Local central del jurado nacional de elecciones en Lima. Foto Andina\/Difusi\u00f3n.<\/p><\/div>\n<p>&nbsp;<\/p>\n<p style=\"text-align: justify\"><span style=\"font-weight: 400;font-family: Tahoma, Arial, Helvetica, sans-serif;font-size: 14pt\">Cabe se\u00f1alar que el pasado 15 de agosto, la alianza electoral Ahora Naci\u00f3n, conformada por los partidos pol\u00edticos Ahora Naci\u00f3n y Salvemos al Per\u00fa, confirm\u00f3 el retiro de la solicitud, por lo que quedan oficialmente en el proceso solamente cuatro alianzas.<\/span><\/p>\n","protected":false},"excerpt":{"rendered":"<p>NOTI-AM\u00c9RICA PER\u00da Por Geomar Pacheco Rivera Las agrupaciones pol\u00edticas que solicitaron la conformaci\u00f3n de una alianza tendr\u00e1n hasta el 1\u00b0 de setiembre del presente a\u00f1o para que la misma quede formalmente inscrita para participar&#46;&#46;&#46;<\/p>\n","protected":false},"author":70,"featured_media":8967,"comment_status":"open","ping_status":"open","sticky":false,"template":"","format":"standard","meta":{"_acf_changed":false,"rop_custom_images_group":[],"rop_custom_messages_group":[],"rop_publish_now":"no","rop_publish_now_accounts":{"twitter_242054905_242054905":""},"rop_publish_now_history":[{"account":"twitter_242054905_242054905","service":"twitter","timestamp":1756185278,"status":"queued"}],"rop_publish_now_status":"queued","footnotes":""},"categories":[268,279,235],"tags":[],"class_list":["post-8965","post","type-post","status-publish","format-standard","has-post-thumbnail","hentry","category-acturalidad","category-elecciones-peru-2026","category-nacional"],"acf":[],"yoast_head":"<!-- This site is optimized with the Yoast SEO Premium plugin v24.9 (Yoast SEO v27.2) - https:\/\/yoast.com\/product\/yoast-seo-premium-wordpress\/ -->\n<title>ELECCIONES GENERALES 2026 EN MARCHA - Per\u00fa | Noti-America.com<\/title>\n<meta name=\"robots\" content=\"index, follow, max-snippet:-1, max-image-preview:large, max-video-preview:-1\" \/>\n<link rel=\"canonical\" href=\"https:\/\/noti-america.com\/site\/peru\/2025\/08\/26\/elecciones-generales-2026-en-marcha\/\" \/>\n<meta property=\"og:locale\" content=\"es_ES\" \/>\n<meta property=\"og:type\" content=\"article\" \/>\n<meta property=\"og:title\" content=\"ELECCIONES GENERALES 2026 EN MARCHA\" \/>\n<meta property=\"og:description\" content=\"NOTI-AM\u00c9RICA PER\u00da Por Geomar Pacheco Rivera Las agrupaciones pol\u00edticas que solicitaron la conformaci\u00f3n de una alianza tendr\u00e1n hasta el 1\u00b0 de setiembre del presente a\u00f1o para que la misma quede formalmente inscrita para participar&#046;&#046;&#046;\" \/>\n<meta property=\"og:url\" content=\"https:\/\/noti-america.com\/site\/peru\/2025\/08\/26\/elecciones-generales-2026-en-marcha\/\" \/>\n<meta property=\"og:site_name\" content=\"Per\u00fa | Noti-America.com\" \/>\n<meta property=\"article:published_time\" content=\"2025-08-26T05:14:36+00:00\" \/>\n<meta property=\"og:image\" content=\"https:\/\/noti-america.com\/site\/peru\/wp-content\/uploads\/sites\/8\/2025\/08\/WhatsApp-Image-2025-08-25-at-11.19.50-PM.jpeg\" \/>\n\t<meta property=\"og:image:width\" content=\"1600\" \/>\n\t<meta property=\"og:image:height\" content=\"1199\" \/>\n\t<meta property=\"og:image:type\" content=\"image\/jpeg\" \/>\n<meta name=\"author\" content=\"Geomar Pacheco R.\" \/>\n<meta name=\"twitter:card\" content=\"summary_large_image\" \/>\n<meta name=\"twitter:creator\" content=\"@GeomarPacheco1\" \/>\n<meta name=\"twitter:label1\" content=\"Escrito por\" \/>\n\t<meta name=\"twitter:data1\" content=\"Geomar Pacheco R.\" \/>\n\t<meta name=\"twitter:label2\" content=\"Tiempo estimado de lectura\" \/>\n\t<meta name=\"twitter:data2\" content=\"2 minutos\" \/>\n<script type=\"application\/ld+json\" class=\"yoast-schema-graph\">{\"@context\":\"https:\/\/schema.org\",\"@graph\":[{\"@type\":\"Article\",\"@id\":\"https:\/\/noti-america.com\/site\/peru\/2025\/08\/26\/elecciones-generales-2026-en-marcha\/#article\",\"isPartOf\":{\"@id\":\"https:\/\/noti-america.com\/site\/peru\/2025\/08\/26\/elecciones-generales-2026-en-marcha\/\"},\"author\":{\"name\":\"Geomar Pacheco R.\",\"@id\":\"https:\/\/noti-america.com\/site\/peru\/#\/schema\/person\/28a35f20383bf2485bc838bfe76aebdc\"},\"headline\":\"ELECCIONES GENERALES 2026 EN MARCHA\",\"datePublished\":\"2025-08-26T05:14:36+00:00\",\"mainEntityOfPage\":{\"@id\":\"https:\/\/noti-america.com\/site\/peru\/2025\/08\/26\/elecciones-generales-2026-en-marcha\/\"},\"wordCount\":303,\"commentCount\":0,\"publisher\":{\"@id\":\"https:\/\/noti-america.com\/site\/peru\/#organization\"},\"image\":{\"@id\":\"https:\/\/noti-america.com\/site\/peru\/2025\/08\/26\/elecciones-generales-2026-en-marcha\/#primaryimage\"},\"thumbnailUrl\":\"https:\/\/noti-america.com\/site\/peru\/wp-content\/uploads\/sites\/8\/2025\/08\/WhatsApp-Image-2025-08-25-at-11.19.50-PM.jpeg\",\"articleSection\":[\"Actualidad\",\"Elecciones Per\u00fa 2026\",\"Nacional\"],\"inLanguage\":\"es\",\"potentialAction\":[{\"@type\":\"CommentAction\",\"name\":\"Comment\",\"target\":[\"https:\/\/noti-america.com\/site\/peru\/2025\/08\/26\/elecciones-generales-2026-en-marcha\/#respond\"]}]},{\"@type\":\"WebPage\",\"@id\":\"https:\/\/noti-america.com\/site\/peru\/2025\/08\/26\/elecciones-generales-2026-en-marcha\/\",\"url\":\"https:\/\/noti-america.com\/site\/peru\/2025\/08\/26\/elecciones-generales-2026-en-marcha\/\",\"name\":\"ELECCIONES GENERALES 2026 EN MARCHA - Per\u00fa | Noti-America.com\",\"isPartOf\":{\"@id\":\"https:\/\/noti-america.com\/site\/peru\/#website\"},\"primaryImageOfPage\":{\"@id\":\"https:\/\/noti-america.com\/site\/peru\/2025\/08\/26\/elecciones-generales-2026-en-marcha\/#primaryimage\"},\"image\":{\"@id\":\"https:\/\/noti-america.com\/site\/peru\/2025\/08\/26\/elecciones-generales-2026-en-marcha\/#primaryimage\"},\"thumbnailUrl\":\"https:\/\/noti-america.com\/site\/peru\/wp-content\/uploads\/sites\/8\/2025\/08\/WhatsApp-Image-2025-08-25-at-11.19.50-PM.jpeg\",\"datePublished\":\"2025-08-26T05:14:36+00:00\",\"breadcrumb\":{\"@id\":\"https:\/\/noti-america.com\/site\/peru\/2025\/08\/26\/elecciones-generales-2026-en-marcha\/#breadcrumb\"},\"inLanguage\":\"es\",\"potentialAction\":[{\"@type\":\"ReadAction\",\"target\":[\"https:\/\/noti-america.com\/site\/peru\/2025\/08\/26\/elecciones-generales-2026-en-marcha\/\"]}]},{\"@type\":\"ImageObject\",\"inLanguage\":\"es\",\"@id\":\"https:\/\/noti-america.com\/site\/peru\/2025\/08\/26\/elecciones-generales-2026-en-marcha\/#primaryimage\",\"url\":\"https:\/\/noti-america.com\/site\/peru\/wp-content\/uploads\/sites\/8\/2025\/08\/WhatsApp-Image-2025-08-25-at-11.19.50-PM.jpeg\",\"contentUrl\":\"https:\/\/noti-america.com\/site\/peru\/wp-content\/uploads\/sites\/8\/2025\/08\/WhatsApp-Image-2025-08-25-at-11.19.50-PM.jpeg\",\"width\":1600,\"height\":1199,\"caption\":\"Local central del jurado nacional de elecciones en Lima. Foto Andina\/Difusi\u00f3n.\"},{\"@type\":\"BreadcrumbList\",\"@id\":\"https:\/\/noti-america.com\/site\/peru\/2025\/08\/26\/elecciones-generales-2026-en-marcha\/#breadcrumb\",\"itemListElement\":[{\"@type\":\"ListItem\",\"position\":1,\"name\":\"Portada\",\"item\":\"https:\/\/noti-america.com\/site\/peru\/\"},{\"@type\":\"ListItem\",\"position\":2,\"name\":\"ELECCIONES GENERALES 2026 EN MARCHA\"}]},{\"@type\":\"WebSite\",\"@id\":\"https:\/\/noti-america.com\/site\/peru\/#website\",\"url\":\"https:\/\/noti-america.com\/site\/peru\/\",\"name\":\"Per\u00fa | Noti-America.com\",\"description\":\"\",\"publisher\":{\"@id\":\"https:\/\/noti-america.com\/site\/peru\/#organization\"},\"potentialAction\":[{\"@type\":\"SearchAction\",\"target\":{\"@type\":\"EntryPoint\",\"urlTemplate\":\"https:\/\/noti-america.com\/site\/peru\/?s={search_term_string}\"},\"query-input\":{\"@type\":\"PropertyValueSpecification\",\"valueRequired\":true,\"valueName\":\"search_term_string\"}}],\"inLanguage\":\"es\"},{\"@type\":\"Organization\",\"@id\":\"https:\/\/noti-america.com\/site\/peru\/#organization\",\"name\":\"Noti-America LLC | Per\u00fa\",\"url\":\"https:\/\/noti-america.com\/site\/peru\/\",\"logo\":{\"@type\":\"ImageObject\",\"inLanguage\":\"es\",\"@id\":\"https:\/\/noti-america.com\/site\/peru\/#\/schema\/logo\/image\/\",\"url\":\"https:\/\/noti-america.com\/site\/peru\/wp-content\/uploads\/sites\/8\/2020\/07\/LogoNA-4x3-1.jpg\",\"contentUrl\":\"https:\/\/noti-america.com\/site\/peru\/wp-content\/uploads\/sites\/8\/2020\/07\/LogoNA-4x3-1.jpg\",\"width\":1236,\"height\":1080,\"caption\":\"Noti-America LLC | Per\u00fa\"},\"image\":{\"@id\":\"https:\/\/noti-america.com\/site\/peru\/#\/schema\/logo\/image\/\"}},{\"@type\":\"Person\",\"@id\":\"https:\/\/noti-america.com\/site\/peru\/#\/schema\/person\/28a35f20383bf2485bc838bfe76aebdc\",\"name\":\"Geomar Pacheco R.\",\"image\":{\"@type\":\"ImageObject\",\"inLanguage\":\"es\",\"@id\":\"https:\/\/secure.gravatar.com\/avatar\/5f09cb527f9632e92234c6fc6e2cbcefebeed6bdeb0f9129ea4cbc7aa71587c6?s=96&d=mm&r=g\",\"url\":\"https:\/\/secure.gravatar.com\/avatar\/5f09cb527f9632e92234c6fc6e2cbcefebeed6bdeb0f9129ea4cbc7aa71587c6?s=96&d=mm&r=g\",\"contentUrl\":\"https:\/\/secure.gravatar.com\/avatar\/5f09cb527f9632e92234c6fc6e2cbcefebeed6bdeb0f9129ea4cbc7aa71587c6?s=96&d=mm&r=g\",\"caption\":\"Geomar Pacheco R.\"},\"sameAs\":[\"https:\/\/x.com\/GeomarPacheco1\"],\"url\":\"https:\/\/noti-america.com\/site\/peru\/author\/gpacheco\/\"}]}<\/script>\n<!-- \/ Yoast SEO Premium plugin. -->","yoast_head_json":{"title":"ELECCIONES GENERALES 2026 EN MARCHA - Per\u00fa | Noti-America.com","robots":{"index":"index","follow":"follow","max-snippet":"max-snippet:-1","max-image-preview":"max-image-preview:large","max-video-preview":"max-video-preview:-1"},"canonical":"https:\/\/noti-america.com\/site\/peru\/2025\/08\/26\/elecciones-generales-2026-en-marcha\/","og_locale":"es_ES","og_type":"article","og_title":"ELECCIONES GENERALES 2026 EN MARCHA","og_description":"NOTI-AM\u00c9RICA PER\u00da Por Geomar Pacheco Rivera Las agrupaciones pol\u00edticas que solicitaron la conformaci\u00f3n de una alianza tendr\u00e1n hasta el 1\u00b0 de setiembre del presente a\u00f1o para que la misma quede formalmente inscrita para participar&#46;&#46;&#46;","og_url":"https:\/\/noti-america.com\/site\/peru\/2025\/08\/26\/elecciones-generales-2026-en-marcha\/","og_site_name":"Per\u00fa | Noti-America.com","article_published_time":"2025-08-26T05:14:36+00:00","og_image":[{"width":1600,"height":1199,"url":"https:\/\/noti-america.com\/site\/peru\/wp-content\/uploads\/sites\/8\/2025\/08\/WhatsApp-Image-2025-08-25-at-11.19.50-PM.jpeg","type":"image\/jpeg"}],"author":"Geomar Pacheco R.","twitter_card":"summary_large_image","twitter_creator":"@GeomarPacheco1","twitter_misc":{"Escrito por":"Geomar Pacheco R.","Tiempo estimado de lectura":"2 minutos"},"schema":{"@context":"https:\/\/schema.org","@graph":[{"@type":"Article","@id":"https:\/\/noti-america.com\/site\/peru\/2025\/08\/26\/elecciones-generales-2026-en-marcha\/#article","isPartOf":{"@id":"https:\/\/noti-america.com\/site\/peru\/2025\/08\/26\/elecciones-generales-2026-en-marcha\/"},"author":{"name":"Geomar Pacheco R.","@id":"https:\/\/noti-america.com\/site\/peru\/#\/schema\/person\/28a35f20383bf2485bc838bfe76aebdc"},"headline":"ELECCIONES GENERALES 2026 EN MARCHA","datePublished":"2025-08-26T05:14:36+00:00","mainEntityOfPage":{"@id":"https:\/\/noti-america.com\/site\/peru\/2025\/08\/26\/elecciones-generales-2026-en-marcha\/"},"wordCount":303,"commentCount":0,"publisher":{"@id":"https:\/\/noti-america.com\/site\/peru\/#organization"},"image":{"@id":"https:\/\/noti-america.com\/site\/peru\/2025\/08\/26\/elecciones-generales-2026-en-marcha\/#primaryimage"},"thumbnailUrl":"https:\/\/noti-america.com\/site\/peru\/wp-content\/uploads\/sites\/8\/2025\/08\/WhatsApp-Image-2025-08-25-at-11.19.50-PM.jpeg","articleSection":["Actualidad","Elecciones Per\u00fa 2026","Nacional"],"inLanguage":"es","potentialAction":[{"@type":"CommentAction","name":"Comment","target":["https:\/\/noti-america.com\/site\/peru\/2025\/08\/26\/elecciones-generales-2026-en-marcha\/#respond"]}]},{"@type":"WebPage","@id":"https:\/\/noti-america.com\/site\/peru\/2025\/08\/26\/elecciones-generales-2026-en-marcha\/","url":"https:\/\/noti-america.com\/site\/peru\/2025\/08\/26\/elecciones-generales-2026-en-marcha\/","name":"ELECCIONES GENERALES 2026 EN MARCHA - Per\u00fa | Noti-America.com","isPartOf":{"@id":"https:\/\/noti-america.com\/site\/peru\/#website"},"primaryImageOfPage":{"@id":"https:\/\/noti-america.com\/site\/peru\/2025\/08\/26\/elecciones-generales-2026-en-marcha\/#primaryimage"},"image":{"@id":"https:\/\/noti-america.com\/site\/peru\/2025\/08\/26\/elecciones-generales-2026-en-marcha\/#primaryimage"},"thumbnailUrl":"https:\/\/noti-america.com\/site\/peru\/wp-content\/uploads\/sites\/8\/2025\/08\/WhatsApp-Image-2025-08-25-at-11.19.50-PM.jpeg","datePublished":"2025-08-26T05:14:36+00:00","breadcrumb":{"@id":"https:\/\/noti-america.com\/site\/peru\/2025\/08\/26\/elecciones-generales-2026-en-marcha\/#breadcrumb"},"inLanguage":"es","potentialAction":[{"@type":"ReadAction","target":["https:\/\/noti-america.com\/site\/peru\/2025\/08\/26\/elecciones-generales-2026-en-marcha\/"]}]},{"@type":"ImageObject","inLanguage":"es","@id":"https:\/\/noti-america.com\/site\/peru\/2025\/08\/26\/elecciones-generales-2026-en-marcha\/#primaryimage","url":"https:\/\/noti-america.com\/site\/peru\/wp-content\/uploads\/sites\/8\/2025\/08\/WhatsApp-Image-2025-08-25-at-11.19.50-PM.jpeg","contentUrl":"https:\/\/noti-america.com\/site\/peru\/wp-content\/uploads\/sites\/8\/2025\/08\/WhatsApp-Image-2025-08-25-at-11.19.50-PM.jpeg","width":1600,"height":1199,"caption":"Local central del jurado nacional de elecciones en Lima. Foto Andina\/Difusi\u00f3n."},{"@type":"BreadcrumbList","@id":"https:\/\/noti-america.com\/site\/peru\/2025\/08\/26\/elecciones-generales-2026-en-marcha\/#breadcrumb","itemListElement":[{"@type":"ListItem","position":1,"name":"Portada","item":"https:\/\/noti-america.com\/site\/peru\/"},{"@type":"ListItem","position":2,"name":"ELECCIONES GENERALES 2026 EN MARCHA"}]},{"@type":"WebSite","@id":"https:\/\/noti-america.com\/site\/peru\/#website","url":"https:\/\/noti-america.com\/site\/peru\/","name":"Per\u00fa | Noti-America.com","description":"","publisher":{"@id":"https:\/\/noti-america.com\/site\/peru\/#organization"},"potentialAction":[{"@type":"SearchAction","target":{"@type":"EntryPoint","urlTemplate":"https:\/\/noti-america.com\/site\/peru\/?s={search_term_string}"},"query-input":{"@type":"PropertyValueSpecification","valueRequired":true,"valueName":"search_term_string"}}],"inLanguage":"es"},{"@type":"Organization","@id":"https:\/\/noti-america.com\/site\/peru\/#organization","name":"Noti-America LLC | Per\u00fa","url":"https:\/\/noti-america.com\/site\/peru\/","logo":{"@type":"ImageObject","inLanguage":"es","@id":"https:\/\/noti-america.com\/site\/peru\/#\/schema\/logo\/image\/","url":"https:\/\/noti-america.com\/site\/peru\/wp-content\/uploads\/sites\/8\/2020\/07\/LogoNA-4x3-1.jpg","contentUrl":"https:\/\/noti-america.com\/site\/peru\/wp-content\/uploads\/sites\/8\/2020\/07\/LogoNA-4x3-1.jpg","width":1236,"height":1080,"caption":"Noti-America LLC | Per\u00fa"},"image":{"@id":"https:\/\/noti-america.com\/site\/peru\/#\/schema\/logo\/image\/"}},{"@type":"Person","@id":"https:\/\/noti-america.com\/site\/peru\/#\/schema\/person\/28a35f20383bf2485bc838bfe76aebdc","name":"Geomar Pacheco R.","image":{"@type":"ImageObject","inLanguage":"es","@id":"https:\/\/secure.gravatar.com\/avatar\/5f09cb527f9632e92234c6fc6e2cbcefebeed6bdeb0f9129ea4cbc7aa71587c6?s=96&d=mm&r=g","url":"https:\/\/secure.gravatar.com\/avatar\/5f09cb527f9632e92234c6fc6e2cbcefebeed6bdeb0f9129ea4cbc7aa71587c6?s=96&d=mm&r=g","contentUrl":"https:\/\/secure.gravatar.com\/avatar\/5f09cb527f9632e92234c6fc6e2cbcefebeed6bdeb0f9129ea4cbc7aa71587c6?s=96&d=mm&r=g","caption":"Geomar Pacheco R."},"sameAs":["https:\/\/x.com\/GeomarPacheco1"],"url":"https:\/\/noti-america.com\/site\/peru\/author\/gpacheco\/"}]}},"_links":{"self":[{"href":"https:\/\/noti-america.com\/site\/peru\/wp-json\/wp\/v2\/posts\/8965","targetHints":{"allow":["GET"]}}],"collection":[{"href":"https:\/\/noti-america.com\/site\/peru\/wp-json\/wp\/v2\/posts"}],"about":[{"href":"https:\/\/noti-america.com\/site\/peru\/wp-json\/wp\/v2\/types\/post"}],"author":[{"embeddable":true,"href":"https:\/\/noti-america.com\/site\/peru\/wp-json\/wp\/v2\/users\/70"}],"replies":[{"embeddable":true,"href":"https:\/\/noti-america.com\/site\/peru\/wp-json\/wp\/v2\/comments?post=8965"}],"version-history":[{"count":1,"href":"https:\/\/noti-america.com\/site\/peru\/wp-json\/wp\/v2\/posts\/8965\/revisions"}],"predecessor-version":[{"id":8968,"href":"https:\/\/noti-america.com\/site\/peru\/wp-json\/wp\/v2\/posts\/8965\/revisions\/8968"}],"wp:featuredmedia":[{"embeddable":true,"href":"https:\/\/noti-america.com\/site\/peru\/wp-json\/wp\/v2\/media\/8967"}],"wp:attachment":[{"href":"https:\/\/noti-america.com\/site\/peru\/wp-json\/wp\/v2\/media?parent=8965"}],"wp:term":[{"taxonomy":"category","embeddable":true,"href":"https:\/\/noti-america.com\/site\/peru\/wp-json\/wp\/v2\/categories?post=8965"},{"taxonomy":"post_tag","embeddable":true,"href":"https:\/\/noti-america.com\/site\/peru\/wp-json\/wp\/v2\/tags?post=8965"}],"curies":[{"name":"wp","href":"https:\/\/api.w.org\/{rel}","templated":true}]}}