{"id":8962,"date":"2025-08-24T06:07:29","date_gmt":"2025-08-24T06:07:29","guid":{"rendered":"https:\/\/noti-america.com\/site\/peru\/?p=8962"},"modified":"2025-08-24T06:07:29","modified_gmt":"2025-08-24T06:07:29","slug":"juramentan-tres-ministros-un-rostro-nuevo-y-es-femenino","status":"publish","type":"post","link":"https:\/\/noti-america.com\/site\/peru\/2025\/08\/24\/juramentan-tres-ministros-un-rostro-nuevo-y-es-femenino\/","title":{"rendered":"JURAMENTAN TRES MINISTROS: UN ROSTRO NUEVO Y ES FEMENINO"},"content":{"rendered":"<p style=\"text-align: justify\"><strong><span style=\"font-family: Tahoma, Arial, Helvetica, sans-serif;font-size: 14pt\">NOTI-AM\u00c9RICA PER\u00da<\/span><\/strong><\/p>\n<p style=\"text-align: justify\">\n<p style=\"text-align: right\"><strong><span style=\"font-family: Tahoma, Arial, Helvetica, sans-serif;font-size: 14pt\">Por Geomar Pacheco Rivera\u00a0<\/span><\/strong><\/p>\n<p style=\"text-align: justify\">\n<p style=\"text-align: justify\"><span style=\"font-weight: 400;font-family: Tahoma, Arial, Helvetica, sans-serif;font-size: 14pt\">La presidenta constitucional Dina Ercilia Boluarte Zegarra presidi\u00f3 la ceremonia de juramentaci\u00f3n. Tres ministros de Estado dijeron: \u201cS\u00ed, juro\u201d en Palacio de Gobierno.<\/span><\/p>\n<p style=\"text-align: justify\">\n<p style=\"text-align: justify\"><span style=\"font-weight: 400;font-family: Tahoma, Arial, Helvetica, sans-serif;font-size: 14pt\">El censurado exministro del Interior Juan Jos\u00e9 Santiva\u00f1ez Ant\u00fanez, desde hoy, es el nuevo responsable del sector Justicia y Derechos Humanos. Nuevamente jur\u00f3 ante la presidenta \u201cno incurrir en actos de corrupci\u00f3n\u201d. Su designaci\u00f3n es cuestionada por la ciudadan\u00eda, prensa y pol\u00edticos.<\/span><\/p>\n<p>&nbsp;<\/p>\n<div id=\"attachment_8963\" style=\"width: 1034px\" class=\"wp-caption alignnone\"><img loading=\"lazy\" decoding=\"async\" aria-describedby=\"caption-attachment-8963\" class=\"size-large wp-image-8963\" src=\"https:\/\/noti-america.com\/site\/peru\/wp-content\/uploads\/sites\/8\/2025\/08\/WhatsApp-Image-2025-08-23-at-11.01.35-PM-1024x682.jpeg\" alt=\"\" width=\"1024\" height=\"682\" srcset=\"https:\/\/noti-america.com\/site\/peru\/wp-content\/uploads\/sites\/8\/2025\/08\/WhatsApp-Image-2025-08-23-at-11.01.35-PM-1024x682.jpeg 1024w, https:\/\/noti-america.com\/site\/peru\/wp-content\/uploads\/sites\/8\/2025\/08\/WhatsApp-Image-2025-08-23-at-11.01.35-PM-300x200.jpeg 300w, https:\/\/noti-america.com\/site\/peru\/wp-content\/uploads\/sites\/8\/2025\/08\/WhatsApp-Image-2025-08-23-at-11.01.35-PM-768x512.jpeg 768w, https:\/\/noti-america.com\/site\/peru\/wp-content\/uploads\/sites\/8\/2025\/08\/WhatsApp-Image-2025-08-23-at-11.01.35-PM-1536x1023.jpeg 1536w, https:\/\/noti-america.com\/site\/peru\/wp-content\/uploads\/sites\/8\/2025\/08\/WhatsApp-Image-2025-08-23-at-11.01.35-PM-272x182.jpeg 272w, https:\/\/noti-america.com\/site\/peru\/wp-content\/uploads\/sites\/8\/2025\/08\/WhatsApp-Image-2025-08-23-at-11.01.35-PM.jpeg 1600w\" sizes=\"auto, (max-width: 1024px) 100vw, 1024px\" \/><p id=\"caption-attachment-8963\" class=\"wp-caption-text\">Foto Presidencia \/ Prensa.<\/p><\/div>\n<p>&nbsp;<\/p>\n<p style=\"text-align: justify\"><span style=\"font-weight: 400;font-family: Tahoma, Arial, Helvetica, sans-serif;font-size: 14pt\">Durante la actividad protocolar se tom\u00f3 juramento a Ana Pe\u00f1a Cardoza como ministra de la Mujer y Poblaciones Vulnerables, en reemplazo de Fanny Montellanos Carbajal. Una designaci\u00f3n que podr\u00eda cambiar la p\u00e9sima imagen de ese ministerio. Asumimos que es una buena decisi\u00f3n por la hoja laboral de la abogada Pe\u00f1a, cuya labor en la Biblioteca Nacional del Per\u00fa es notoria.<\/span><\/p>\n<p style=\"text-align: justify\">\n<p style=\"text-align: justify\"><span style=\"font-weight: 400;font-family: Tahoma, Arial, Helvetica, sans-serif;font-size: 14pt\">Finalmente, es necesario indicar que Montellanos intent\u00f3 mejorar la imagen del Ministerio de la Mujer en el tiempo que estuvo al frente de esa cartera. Precisamente, jurament\u00f3 hoy como ministra de Desarrollo e Inclusi\u00f3n Social, en reemplazo de Leslie Urteaga.<\/span><\/p>\n","protected":false},"excerpt":{"rendered":"<p>NOTI-AM\u00c9RICA PER\u00da Por Geomar Pacheco Rivera\u00a0 La presidenta constitucional Dina Ercilia Boluarte Zegarra presidi\u00f3 la ceremonia de juramentaci\u00f3n. Tres ministros de Estado dijeron: \u201cS\u00ed, juro\u201d en Palacio de Gobierno. El censurado exministro del Interior&#46;&#46;&#46;<\/p>\n","protected":false},"author":70,"featured_media":8963,"comment_status":"open","ping_status":"open","sticky":false,"template":"","format":"standard","meta":{"_acf_changed":false,"rop_custom_images_group":[],"rop_custom_messages_group":[],"rop_publish_now":"no","rop_publish_now_accounts":{"twitter_242054905_242054905":""},"rop_publish_now_history":[{"account":"twitter_242054905_242054905","service":"twitter","timestamp":1756015650,"status":"queued"}],"rop_publish_now_status":"queued","footnotes":""},"categories":[268,117,235,3],"tags":[],"class_list":["post-8962","post","type-post","status-publish","format-standard","has-post-thumbnail","hentry","category-acturalidad","category-es-noticia-en","category-nacional","category-politica"],"acf":[],"yoast_head":"<!-- This site is optimized with the Yoast SEO Premium plugin v24.9 (Yoast SEO v27.2) - https:\/\/yoast.com\/product\/yoast-seo-premium-wordpress\/ -->\n<title>JURAMENTAN TRES MINISTROS: UN ROSTRO NUEVO Y ES FEMENINO - Per\u00fa | Noti-America.com<\/title>\n<meta name=\"robots\" content=\"index, follow, max-snippet:-1, max-image-preview:large, max-video-preview:-1\" \/>\n<link rel=\"canonical\" href=\"https:\/\/noti-america.com\/site\/peru\/2025\/08\/24\/juramentan-tres-ministros-un-rostro-nuevo-y-es-femenino\/\" \/>\n<meta property=\"og:locale\" content=\"es_ES\" \/>\n<meta property=\"og:type\" content=\"article\" \/>\n<meta property=\"og:title\" content=\"JURAMENTAN TRES MINISTROS: UN ROSTRO NUEVO Y ES FEMENINO\" \/>\n<meta property=\"og:description\" content=\"NOTI-AM\u00c9RICA PER\u00da Por Geomar Pacheco Rivera\u00a0 La presidenta constitucional Dina Ercilia Boluarte Zegarra presidi\u00f3 la ceremonia de juramentaci\u00f3n. Tres ministros de Estado dijeron: \u201cS\u00ed, juro\u201d en Palacio de Gobierno. El censurado exministro del Interior&#046;&#046;&#046;\" \/>\n<meta property=\"og:url\" content=\"https:\/\/noti-america.com\/site\/peru\/2025\/08\/24\/juramentan-tres-ministros-un-rostro-nuevo-y-es-femenino\/\" \/>\n<meta property=\"og:site_name\" content=\"Per\u00fa | Noti-America.com\" \/>\n<meta property=\"article:published_time\" content=\"2025-08-24T06:07:29+00:00\" \/>\n<meta property=\"og:image\" content=\"https:\/\/noti-america.com\/site\/peru\/wp-content\/uploads\/sites\/8\/2025\/08\/WhatsApp-Image-2025-08-23-at-11.01.35-PM.jpeg\" \/>\n\t<meta property=\"og:image:width\" content=\"1600\" \/>\n\t<meta property=\"og:image:height\" content=\"1066\" \/>\n\t<meta property=\"og:image:type\" content=\"image\/jpeg\" \/>\n<meta name=\"author\" content=\"Geomar Pacheco R.\" \/>\n<meta name=\"twitter:card\" content=\"summary_large_image\" \/>\n<meta name=\"twitter:creator\" content=\"@GeomarPacheco1\" \/>\n<meta name=\"twitter:label1\" content=\"Escrito por\" \/>\n\t<meta name=\"twitter:data1\" content=\"Geomar Pacheco R.\" \/>\n\t<meta name=\"twitter:label2\" content=\"Tiempo estimado de lectura\" \/>\n\t<meta name=\"twitter:data2\" content=\"2 minutos\" \/>\n<script type=\"application\/ld+json\" class=\"yoast-schema-graph\">{\"@context\":\"https:\/\/schema.org\",\"@graph\":[{\"@type\":\"Article\",\"@id\":\"https:\/\/noti-america.com\/site\/peru\/2025\/08\/24\/juramentan-tres-ministros-un-rostro-nuevo-y-es-femenino\/#article\",\"isPartOf\":{\"@id\":\"https:\/\/noti-america.com\/site\/peru\/2025\/08\/24\/juramentan-tres-ministros-un-rostro-nuevo-y-es-femenino\/\"},\"author\":{\"name\":\"Geomar Pacheco R.\",\"@id\":\"https:\/\/noti-america.com\/site\/peru\/#\/schema\/person\/28a35f20383bf2485bc838bfe76aebdc\"},\"headline\":\"JURAMENTAN TRES MINISTROS: UN ROSTRO NUEVO Y ES FEMENINO\",\"datePublished\":\"2025-08-24T06:07:29+00:00\",\"mainEntityOfPage\":{\"@id\":\"https:\/\/noti-america.com\/site\/peru\/2025\/08\/24\/juramentan-tres-ministros-un-rostro-nuevo-y-es-femenino\/\"},\"wordCount\":207,\"commentCount\":0,\"publisher\":{\"@id\":\"https:\/\/noti-america.com\/site\/peru\/#organization\"},\"image\":{\"@id\":\"https:\/\/noti-america.com\/site\/peru\/2025\/08\/24\/juramentan-tres-ministros-un-rostro-nuevo-y-es-femenino\/#primaryimage\"},\"thumbnailUrl\":\"https:\/\/noti-america.com\/site\/peru\/wp-content\/uploads\/sites\/8\/2025\/08\/WhatsApp-Image-2025-08-23-at-11.01.35-PM.jpeg\",\"articleSection\":[\"Actualidad\",\"Es Noticia en\",\"Nacional\",\"Pol\u00edtica\"],\"inLanguage\":\"es\",\"potentialAction\":[{\"@type\":\"CommentAction\",\"name\":\"Comment\",\"target\":[\"https:\/\/noti-america.com\/site\/peru\/2025\/08\/24\/juramentan-tres-ministros-un-rostro-nuevo-y-es-femenino\/#respond\"]}]},{\"@type\":\"WebPage\",\"@id\":\"https:\/\/noti-america.com\/site\/peru\/2025\/08\/24\/juramentan-tres-ministros-un-rostro-nuevo-y-es-femenino\/\",\"url\":\"https:\/\/noti-america.com\/site\/peru\/2025\/08\/24\/juramentan-tres-ministros-un-rostro-nuevo-y-es-femenino\/\",\"name\":\"JURAMENTAN TRES MINISTROS: UN ROSTRO NUEVO Y ES FEMENINO - Per\u00fa | Noti-America.com\",\"isPartOf\":{\"@id\":\"https:\/\/noti-america.com\/site\/peru\/#website\"},\"primaryImageOfPage\":{\"@id\":\"https:\/\/noti-america.com\/site\/peru\/2025\/08\/24\/juramentan-tres-ministros-un-rostro-nuevo-y-es-femenino\/#primaryimage\"},\"image\":{\"@id\":\"https:\/\/noti-america.com\/site\/peru\/2025\/08\/24\/juramentan-tres-ministros-un-rostro-nuevo-y-es-femenino\/#primaryimage\"},\"thumbnailUrl\":\"https:\/\/noti-america.com\/site\/peru\/wp-content\/uploads\/sites\/8\/2025\/08\/WhatsApp-Image-2025-08-23-at-11.01.35-PM.jpeg\",\"datePublished\":\"2025-08-24T06:07:29+00:00\",\"breadcrumb\":{\"@id\":\"https:\/\/noti-america.com\/site\/peru\/2025\/08\/24\/juramentan-tres-ministros-un-rostro-nuevo-y-es-femenino\/#breadcrumb\"},\"inLanguage\":\"es\",\"potentialAction\":[{\"@type\":\"ReadAction\",\"target\":[\"https:\/\/noti-america.com\/site\/peru\/2025\/08\/24\/juramentan-tres-ministros-un-rostro-nuevo-y-es-femenino\/\"]}]},{\"@type\":\"ImageObject\",\"inLanguage\":\"es\",\"@id\":\"https:\/\/noti-america.com\/site\/peru\/2025\/08\/24\/juramentan-tres-ministros-un-rostro-nuevo-y-es-femenino\/#primaryimage\",\"url\":\"https:\/\/noti-america.com\/site\/peru\/wp-content\/uploads\/sites\/8\/2025\/08\/WhatsApp-Image-2025-08-23-at-11.01.35-PM.jpeg\",\"contentUrl\":\"https:\/\/noti-america.com\/site\/peru\/wp-content\/uploads\/sites\/8\/2025\/08\/WhatsApp-Image-2025-08-23-at-11.01.35-PM.jpeg\",\"width\":1600,\"height\":1066,\"caption\":\"Foto Presidencia \/ Prensa.\"},{\"@type\":\"BreadcrumbList\",\"@id\":\"https:\/\/noti-america.com\/site\/peru\/2025\/08\/24\/juramentan-tres-ministros-un-rostro-nuevo-y-es-femenino\/#breadcrumb\",\"itemListElement\":[{\"@type\":\"ListItem\",\"position\":1,\"name\":\"Portada\",\"item\":\"https:\/\/noti-america.com\/site\/peru\/\"},{\"@type\":\"ListItem\",\"position\":2,\"name\":\"JURAMENTAN TRES MINISTROS: UN ROSTRO NUEVO Y ES FEMENINO\"}]},{\"@type\":\"WebSite\",\"@id\":\"https:\/\/noti-america.com\/site\/peru\/#website\",\"url\":\"https:\/\/noti-america.com\/site\/peru\/\",\"name\":\"Per\u00fa | Noti-America.com\",\"description\":\"\",\"publisher\":{\"@id\":\"https:\/\/noti-america.com\/site\/peru\/#organization\"},\"potentialAction\":[{\"@type\":\"SearchAction\",\"target\":{\"@type\":\"EntryPoint\",\"urlTemplate\":\"https:\/\/noti-america.com\/site\/peru\/?s={search_term_string}\"},\"query-input\":{\"@type\":\"PropertyValueSpecification\",\"valueRequired\":true,\"valueName\":\"search_term_string\"}}],\"inLanguage\":\"es\"},{\"@type\":\"Organization\",\"@id\":\"https:\/\/noti-america.com\/site\/peru\/#organization\",\"name\":\"Noti-America LLC | Per\u00fa\",\"url\":\"https:\/\/noti-america.com\/site\/peru\/\",\"logo\":{\"@type\":\"ImageObject\",\"inLanguage\":\"es\",\"@id\":\"https:\/\/noti-america.com\/site\/peru\/#\/schema\/logo\/image\/\",\"url\":\"https:\/\/noti-america.com\/site\/peru\/wp-content\/uploads\/sites\/8\/2020\/07\/LogoNA-4x3-1.jpg\",\"contentUrl\":\"https:\/\/noti-america.com\/site\/peru\/wp-content\/uploads\/sites\/8\/2020\/07\/LogoNA-4x3-1.jpg\",\"width\":1236,\"height\":1080,\"caption\":\"Noti-America LLC | Per\u00fa\"},\"image\":{\"@id\":\"https:\/\/noti-america.com\/site\/peru\/#\/schema\/logo\/image\/\"}},{\"@type\":\"Person\",\"@id\":\"https:\/\/noti-america.com\/site\/peru\/#\/schema\/person\/28a35f20383bf2485bc838bfe76aebdc\",\"name\":\"Geomar Pacheco R.\",\"image\":{\"@type\":\"ImageObject\",\"inLanguage\":\"es\",\"@id\":\"https:\/\/secure.gravatar.com\/avatar\/5f09cb527f9632e92234c6fc6e2cbcefebeed6bdeb0f9129ea4cbc7aa71587c6?s=96&d=mm&r=g\",\"url\":\"https:\/\/secure.gravatar.com\/avatar\/5f09cb527f9632e92234c6fc6e2cbcefebeed6bdeb0f9129ea4cbc7aa71587c6?s=96&d=mm&r=g\",\"contentUrl\":\"https:\/\/secure.gravatar.com\/avatar\/5f09cb527f9632e92234c6fc6e2cbcefebeed6bdeb0f9129ea4cbc7aa71587c6?s=96&d=mm&r=g\",\"caption\":\"Geomar Pacheco R.\"},\"sameAs\":[\"https:\/\/x.com\/GeomarPacheco1\"],\"url\":\"https:\/\/noti-america.com\/site\/peru\/author\/gpacheco\/\"}]}<\/script>\n<!-- \/ Yoast SEO Premium plugin. -->","yoast_head_json":{"title":"JURAMENTAN TRES MINISTROS: UN ROSTRO NUEVO Y ES FEMENINO - Per\u00fa | Noti-America.com","robots":{"index":"index","follow":"follow","max-snippet":"max-snippet:-1","max-image-preview":"max-image-preview:large","max-video-preview":"max-video-preview:-1"},"canonical":"https:\/\/noti-america.com\/site\/peru\/2025\/08\/24\/juramentan-tres-ministros-un-rostro-nuevo-y-es-femenino\/","og_locale":"es_ES","og_type":"article","og_title":"JURAMENTAN TRES MINISTROS: UN ROSTRO NUEVO Y ES FEMENINO","og_description":"NOTI-AM\u00c9RICA PER\u00da Por Geomar Pacheco Rivera\u00a0 La presidenta constitucional Dina Ercilia Boluarte Zegarra presidi\u00f3 la ceremonia de juramentaci\u00f3n. Tres ministros de Estado dijeron: \u201cS\u00ed, juro\u201d en Palacio de Gobierno. El censurado exministro del Interior&#46;&#46;&#46;","og_url":"https:\/\/noti-america.com\/site\/peru\/2025\/08\/24\/juramentan-tres-ministros-un-rostro-nuevo-y-es-femenino\/","og_site_name":"Per\u00fa | Noti-America.com","article_published_time":"2025-08-24T06:07:29+00:00","og_image":[{"width":1600,"height":1066,"url":"https:\/\/noti-america.com\/site\/peru\/wp-content\/uploads\/sites\/8\/2025\/08\/WhatsApp-Image-2025-08-23-at-11.01.35-PM.jpeg","type":"image\/jpeg"}],"author":"Geomar Pacheco R.","twitter_card":"summary_large_image","twitter_creator":"@GeomarPacheco1","twitter_misc":{"Escrito por":"Geomar Pacheco R.","Tiempo estimado de lectura":"2 minutos"},"schema":{"@context":"https:\/\/schema.org","@graph":[{"@type":"Article","@id":"https:\/\/noti-america.com\/site\/peru\/2025\/08\/24\/juramentan-tres-ministros-un-rostro-nuevo-y-es-femenino\/#article","isPartOf":{"@id":"https:\/\/noti-america.com\/site\/peru\/2025\/08\/24\/juramentan-tres-ministros-un-rostro-nuevo-y-es-femenino\/"},"author":{"name":"Geomar Pacheco R.","@id":"https:\/\/noti-america.com\/site\/peru\/#\/schema\/person\/28a35f20383bf2485bc838bfe76aebdc"},"headline":"JURAMENTAN TRES MINISTROS: UN ROSTRO NUEVO Y ES FEMENINO","datePublished":"2025-08-24T06:07:29+00:00","mainEntityOfPage":{"@id":"https:\/\/noti-america.com\/site\/peru\/2025\/08\/24\/juramentan-tres-ministros-un-rostro-nuevo-y-es-femenino\/"},"wordCount":207,"commentCount":0,"publisher":{"@id":"https:\/\/noti-america.com\/site\/peru\/#organization"},"image":{"@id":"https:\/\/noti-america.com\/site\/peru\/2025\/08\/24\/juramentan-tres-ministros-un-rostro-nuevo-y-es-femenino\/#primaryimage"},"thumbnailUrl":"https:\/\/noti-america.com\/site\/peru\/wp-content\/uploads\/sites\/8\/2025\/08\/WhatsApp-Image-2025-08-23-at-11.01.35-PM.jpeg","articleSection":["Actualidad","Es Noticia en","Nacional","Pol\u00edtica"],"inLanguage":"es","potentialAction":[{"@type":"CommentAction","name":"Comment","target":["https:\/\/noti-america.com\/site\/peru\/2025\/08\/24\/juramentan-tres-ministros-un-rostro-nuevo-y-es-femenino\/#respond"]}]},{"@type":"WebPage","@id":"https:\/\/noti-america.com\/site\/peru\/2025\/08\/24\/juramentan-tres-ministros-un-rostro-nuevo-y-es-femenino\/","url":"https:\/\/noti-america.com\/site\/peru\/2025\/08\/24\/juramentan-tres-ministros-un-rostro-nuevo-y-es-femenino\/","name":"JURAMENTAN TRES MINISTROS: UN ROSTRO NUEVO Y ES FEMENINO - Per\u00fa | Noti-America.com","isPartOf":{"@id":"https:\/\/noti-america.com\/site\/peru\/#website"},"primaryImageOfPage":{"@id":"https:\/\/noti-america.com\/site\/peru\/2025\/08\/24\/juramentan-tres-ministros-un-rostro-nuevo-y-es-femenino\/#primaryimage"},"image":{"@id":"https:\/\/noti-america.com\/site\/peru\/2025\/08\/24\/juramentan-tres-ministros-un-rostro-nuevo-y-es-femenino\/#primaryimage"},"thumbnailUrl":"https:\/\/noti-america.com\/site\/peru\/wp-content\/uploads\/sites\/8\/2025\/08\/WhatsApp-Image-2025-08-23-at-11.01.35-PM.jpeg","datePublished":"2025-08-24T06:07:29+00:00","breadcrumb":{"@id":"https:\/\/noti-america.com\/site\/peru\/2025\/08\/24\/juramentan-tres-ministros-un-rostro-nuevo-y-es-femenino\/#breadcrumb"},"inLanguage":"es","potentialAction":[{"@type":"ReadAction","target":["https:\/\/noti-america.com\/site\/peru\/2025\/08\/24\/juramentan-tres-ministros-un-rostro-nuevo-y-es-femenino\/"]}]},{"@type":"ImageObject","inLanguage":"es","@id":"https:\/\/noti-america.com\/site\/peru\/2025\/08\/24\/juramentan-tres-ministros-un-rostro-nuevo-y-es-femenino\/#primaryimage","url":"https:\/\/noti-america.com\/site\/peru\/wp-content\/uploads\/sites\/8\/2025\/08\/WhatsApp-Image-2025-08-23-at-11.01.35-PM.jpeg","contentUrl":"https:\/\/noti-america.com\/site\/peru\/wp-content\/uploads\/sites\/8\/2025\/08\/WhatsApp-Image-2025-08-23-at-11.01.35-PM.jpeg","width":1600,"height":1066,"caption":"Foto Presidencia \/ Prensa."},{"@type":"BreadcrumbList","@id":"https:\/\/noti-america.com\/site\/peru\/2025\/08\/24\/juramentan-tres-ministros-un-rostro-nuevo-y-es-femenino\/#breadcrumb","itemListElement":[{"@type":"ListItem","position":1,"name":"Portada","item":"https:\/\/noti-america.com\/site\/peru\/"},{"@type":"ListItem","position":2,"name":"JURAMENTAN TRES MINISTROS: UN ROSTRO NUEVO Y ES FEMENINO"}]},{"@type":"WebSite","@id":"https:\/\/noti-america.com\/site\/peru\/#website","url":"https:\/\/noti-america.com\/site\/peru\/","name":"Per\u00fa | Noti-America.com","description":"","publisher":{"@id":"https:\/\/noti-america.com\/site\/peru\/#organization"},"potentialAction":[{"@type":"SearchAction","target":{"@type":"EntryPoint","urlTemplate":"https:\/\/noti-america.com\/site\/peru\/?s={search_term_string}"},"query-input":{"@type":"PropertyValueSpecification","valueRequired":true,"valueName":"search_term_string"}}],"inLanguage":"es"},{"@type":"Organization","@id":"https:\/\/noti-america.com\/site\/peru\/#organization","name":"Noti-America LLC | Per\u00fa","url":"https:\/\/noti-america.com\/site\/peru\/","logo":{"@type":"ImageObject","inLanguage":"es","@id":"https:\/\/noti-america.com\/site\/peru\/#\/schema\/logo\/image\/","url":"https:\/\/noti-america.com\/site\/peru\/wp-content\/uploads\/sites\/8\/2020\/07\/LogoNA-4x3-1.jpg","contentUrl":"https:\/\/noti-america.com\/site\/peru\/wp-content\/uploads\/sites\/8\/2020\/07\/LogoNA-4x3-1.jpg","width":1236,"height":1080,"caption":"Noti-America LLC | Per\u00fa"},"image":{"@id":"https:\/\/noti-america.com\/site\/peru\/#\/schema\/logo\/image\/"}},{"@type":"Person","@id":"https:\/\/noti-america.com\/site\/peru\/#\/schema\/person\/28a35f20383bf2485bc838bfe76aebdc","name":"Geomar Pacheco R.","image":{"@type":"ImageObject","inLanguage":"es","@id":"https:\/\/secure.gravatar.com\/avatar\/5f09cb527f9632e92234c6fc6e2cbcefebeed6bdeb0f9129ea4cbc7aa71587c6?s=96&d=mm&r=g","url":"https:\/\/secure.gravatar.com\/avatar\/5f09cb527f9632e92234c6fc6e2cbcefebeed6bdeb0f9129ea4cbc7aa71587c6?s=96&d=mm&r=g","contentUrl":"https:\/\/secure.gravatar.com\/avatar\/5f09cb527f9632e92234c6fc6e2cbcefebeed6bdeb0f9129ea4cbc7aa71587c6?s=96&d=mm&r=g","caption":"Geomar Pacheco R."},"sameAs":["https:\/\/x.com\/GeomarPacheco1"],"url":"https:\/\/noti-america.com\/site\/peru\/author\/gpacheco\/"}]}},"_links":{"self":[{"href":"https:\/\/noti-america.com\/site\/peru\/wp-json\/wp\/v2\/posts\/8962","targetHints":{"allow":["GET"]}}],"collection":[{"href":"https:\/\/noti-america.com\/site\/peru\/wp-json\/wp\/v2\/posts"}],"about":[{"href":"https:\/\/noti-america.com\/site\/peru\/wp-json\/wp\/v2\/types\/post"}],"author":[{"embeddable":true,"href":"https:\/\/noti-america.com\/site\/peru\/wp-json\/wp\/v2\/users\/70"}],"replies":[{"embeddable":true,"href":"https:\/\/noti-america.com\/site\/peru\/wp-json\/wp\/v2\/comments?post=8962"}],"version-history":[{"count":1,"href":"https:\/\/noti-america.com\/site\/peru\/wp-json\/wp\/v2\/posts\/8962\/revisions"}],"predecessor-version":[{"id":8964,"href":"https:\/\/noti-america.com\/site\/peru\/wp-json\/wp\/v2\/posts\/8962\/revisions\/8964"}],"wp:featuredmedia":[{"embeddable":true,"href":"https:\/\/noti-america.com\/site\/peru\/wp-json\/wp\/v2\/media\/8963"}],"wp:attachment":[{"href":"https:\/\/noti-america.com\/site\/peru\/wp-json\/wp\/v2\/media?parent=8962"}],"wp:term":[{"taxonomy":"category","embeddable":true,"href":"https:\/\/noti-america.com\/site\/peru\/wp-json\/wp\/v2\/categories?post=8962"},{"taxonomy":"post_tag","embeddable":true,"href":"https:\/\/noti-america.com\/site\/peru\/wp-json\/wp\/v2\/tags?post=8962"}],"curies":[{"name":"wp","href":"https:\/\/api.w.org\/{rel}","templated":true}]}}