{"id":8941,"date":"2025-08-17T06:09:29","date_gmt":"2025-08-17T06:09:29","guid":{"rendered":"https:\/\/noti-america.com\/site\/peru\/?p=8941"},"modified":"2025-08-17T06:09:29","modified_gmt":"2025-08-17T06:09:29","slug":"indeci-recomienda-medidas-de-preparacion-y-prevencion-ante-oleajes-en-la-costa-peruana","status":"publish","type":"post","link":"https:\/\/noti-america.com\/site\/peru\/2025\/08\/17\/indeci-recomienda-medidas-de-preparacion-y-prevencion-ante-oleajes-en-la-costa-peruana\/","title":{"rendered":"INDECI RECOMIENDA MEDIDAS DE PREPARACI\u00d3N Y PREVENCI\u00d3N ANTE OLEAJES EN LA COSTA PERUANA"},"content":{"rendered":"<p><strong><span style=\"font-family: Tahoma, Arial, Helvetica, sans-serif;font-size: 14pt\">NOTI-AM\u00c9RICA PER\u00da<\/span><\/strong><\/p>\n<p>&nbsp;<\/p>\n<p style=\"text-align: right\"><strong><span style=\"font-family: Tahoma, Arial, Helvetica, sans-serif;font-size: 14pt\">Por Geomar Pacheco Rivera<\/span><\/strong><\/p>\n<p>&nbsp;<\/p>\n<p><span style=\"font-weight: 400;font-family: Tahoma, Arial, Helvetica, sans-serif;font-size: 14pt\">La costa peruana soportar\u00e1 oleajes de ligera a moderada intensidad, del lunes 18 al viernes 22 de agosto, pronostic\u00f3 la Direcci\u00f3n de Hidrograf\u00eda y Navegaci\u00f3n (Dihidronav) de la Marina de Guerra del Per\u00fa.<\/span><\/p>\n<p>&nbsp;<\/p>\n<p><span style=\"font-weight: 400;font-family: Tahoma, Arial, Helvetica, sans-serif;font-size: 14pt\">Seg\u00fan el Aviso Especial No 37 de la Dihidronav, en el litoral norte se prev\u00e9 su llegada a partir de la noche del 18; en el sur, a partir de la tarde de ese mismo d\u00eda, se incrementar\u00e1 a moderado en la ma\u00f1ana del martes 19 y disminuir\u00e1 luego a ligero desde la tarde del mi\u00e9rcoles 20 de agosto.<\/span><\/p>\n<p>&nbsp;<\/p>\n<p><img loading=\"lazy\" decoding=\"async\" class=\"size-full wp-image-8942 aligncenter\" src=\"https:\/\/noti-america.com\/site\/peru\/wp-content\/uploads\/sites\/8\/2025\/08\/Imagen-de-WhatsApp-2025-08-16-a-las-20.47.31_cfc88690.jpg\" alt=\"\" width=\"500\" height=\"337\" srcset=\"https:\/\/noti-america.com\/site\/peru\/wp-content\/uploads\/sites\/8\/2025\/08\/Imagen-de-WhatsApp-2025-08-16-a-las-20.47.31_cfc88690.jpg 500w, https:\/\/noti-america.com\/site\/peru\/wp-content\/uploads\/sites\/8\/2025\/08\/Imagen-de-WhatsApp-2025-08-16-a-las-20.47.31_cfc88690-300x202.jpg 300w, https:\/\/noti-america.com\/site\/peru\/wp-content\/uploads\/sites\/8\/2025\/08\/Imagen-de-WhatsApp-2025-08-16-a-las-20.47.31_cfc88690-272x182.jpg 272w\" sizes=\"auto, (max-width: 500px) 100vw, 500px\" \/><\/p>\n<p>&nbsp;<\/p>\n<p><span style=\"font-weight: 400;font-family: Tahoma, Arial, Helvetica, sans-serif;font-size: 14pt\">Por su parte, en el litoral centro, desde el sur de Salaverry hasta Chancay, este fen\u00f3meno arribar\u00eda la noche del lunes 18; en tanto, al sur de Chancay hasta San Juan de Marcona, a partir de esa ma\u00f1ana, se incrementar\u00e1 a moderado el martes 19 para disminuir luego a ligero desde la tarde del mi\u00e9rcoles 20 de agosto.<\/span><\/p>\n<p>&nbsp;<\/p>\n<p><span style=\"font-family: Tahoma, Arial, Helvetica, sans-serif;font-size: 14pt\"><b>Acciones de preparaci\u00f3n y prevenci\u00f3n<\/b><\/span><\/p>\n<p><span style=\"font-weight: 400;font-family: Tahoma, Arial, Helvetica, sans-serif;font-size: 14pt\">Ante esta situaci\u00f3n, el Instituto Nacional de Defensa Civil (Indeci) exhorta a las autoridades regionales y locales a orientar a la poblaci\u00f3n en cuanto a medidas de protecci\u00f3n espec\u00edficas, como evitar exponerse a este fen\u00f3meno para prevenir accidentes o da\u00f1os personales y materiales.<\/span><\/p>\n<p>&nbsp;<\/p>\n<p><span style=\"font-weight: 400;font-family: Tahoma, Arial, Helvetica, sans-serif;font-size: 14pt\">Una recomendaci\u00f3n es suspender las actividades portuarias y de pesca, as\u00ed como asegurar las embarcaciones y\/o retirar las flotas peque\u00f1as hacia tierra firme. Asimismo, se deben evitar actividades deportivas y recreativas durante el periodo de oleaje, incluido los campamentos cerca de las zonas de playa.<\/span><\/p>\n<p><img decoding=\"async\" class=\"aligncenter\" src=\"https:\/\/3.bp.blogspot.com\/-88nLyAkwEcY\/VfGvzpc5AnI\/AAAAAAAAAN0\/5RA3o_5QMAo\/s16000-rw\/080%2BINDECI.jpg\" alt=\"INDECI\" \/><\/p>\n<p>&nbsp;<\/p>\n<p><span style=\"font-weight: 400;font-family: Tahoma, Arial, Helvetica, sans-serif;font-size: 14pt\">El Indeci, a trav\u00e9s del Centro de Operaciones de Emergencia Nacional (COEN), monitorea los departamentos del litoral peruano en coordinaci\u00f3n con las oficinas de Gesti\u00f3n del Riesgo de Desastres y la Dihidronav, con la finalidad de brindar informaci\u00f3n a las autoridades y poblaci\u00f3n en general sobre los eventos que se presenten.<\/span><\/p>\n<p>&nbsp;<\/p>\n<p><span style=\"font-weight: 400;font-family: Tahoma, Arial, Helvetica, sans-serif;font-size: 14pt\">Finalmente, la presencia de la dana Oriana ha generado una alerta de parte del Servicio Nacional de Meteorolog\u00eda e Hidrolog\u00eda, respecto a las consecuencias que tendr\u00e1 en diversas zonas del pa\u00eds, que incluir\u00e1 fuertes vientos y nevadas, principalmente.<\/span><\/p>\n","protected":false},"excerpt":{"rendered":"<p>NOTI-AM\u00c9RICA PER\u00da &nbsp; Por Geomar Pacheco Rivera &nbsp; La costa peruana soportar\u00e1 oleajes de ligera a moderada intensidad, del lunes 18 al viernes 22 de agosto, pronostic\u00f3 la Direcci\u00f3n de Hidrograf\u00eda y Navegaci\u00f3n (Dihidronav)&#46;&#46;&#46;<\/p>\n","protected":false},"author":70,"featured_media":8942,"comment_status":"open","ping_status":"open","sticky":false,"template":"","format":"standard","meta":{"_acf_changed":false,"rop_custom_images_group":[],"rop_custom_messages_group":[],"rop_publish_now":"initial","rop_publish_now_accounts":{"twitter_242054905_242054905":""},"rop_publish_now_history":[],"rop_publish_now_status":"pending","footnotes":""},"categories":[268,190,235],"tags":[],"class_list":["post-8941","post","type-post","status-publish","format-standard","has-post-thumbnail","hentry","category-acturalidad","category-desastres-naturales","category-nacional"],"acf":[],"yoast_head":"<!-- This site is optimized with the Yoast SEO Premium plugin v24.9 (Yoast SEO v27.2) - https:\/\/yoast.com\/product\/yoast-seo-premium-wordpress\/ -->\n<title>INDECI RECOMIENDA MEDIDAS DE PREPARACI\u00d3N Y PREVENCI\u00d3N ANTE OLEAJES EN LA COSTA PERUANA - Per\u00fa | Noti-America.com<\/title>\n<meta name=\"robots\" content=\"index, follow, max-snippet:-1, max-image-preview:large, max-video-preview:-1\" \/>\n<link rel=\"canonical\" href=\"https:\/\/noti-america.com\/site\/peru\/2025\/08\/17\/indeci-recomienda-medidas-de-preparacion-y-prevencion-ante-oleajes-en-la-costa-peruana\/\" \/>\n<meta property=\"og:locale\" content=\"es_ES\" \/>\n<meta property=\"og:type\" content=\"article\" \/>\n<meta property=\"og:title\" content=\"INDECI RECOMIENDA MEDIDAS DE PREPARACI\u00d3N Y PREVENCI\u00d3N ANTE OLEAJES EN LA COSTA PERUANA\" \/>\n<meta property=\"og:description\" content=\"NOTI-AM\u00c9RICA PER\u00da &nbsp; Por Geomar Pacheco Rivera &nbsp; La costa peruana soportar\u00e1 oleajes de ligera a moderada intensidad, del lunes 18 al viernes 22 de agosto, pronostic\u00f3 la Direcci\u00f3n de Hidrograf\u00eda y Navegaci\u00f3n (Dihidronav)&#046;&#046;&#046;\" \/>\n<meta property=\"og:url\" content=\"https:\/\/noti-america.com\/site\/peru\/2025\/08\/17\/indeci-recomienda-medidas-de-preparacion-y-prevencion-ante-oleajes-en-la-costa-peruana\/\" \/>\n<meta property=\"og:site_name\" content=\"Per\u00fa | Noti-America.com\" \/>\n<meta property=\"article:published_time\" content=\"2025-08-17T06:09:29+00:00\" \/>\n<meta property=\"og:image\" content=\"https:\/\/noti-america.com\/site\/peru\/wp-content\/uploads\/sites\/8\/2025\/08\/Imagen-de-WhatsApp-2025-08-16-a-las-20.47.31_cfc88690.jpg\" \/>\n\t<meta property=\"og:image:width\" content=\"500\" \/>\n\t<meta property=\"og:image:height\" content=\"337\" \/>\n\t<meta property=\"og:image:type\" content=\"image\/jpeg\" \/>\n<meta name=\"author\" content=\"Geomar Pacheco R.\" \/>\n<meta name=\"twitter:card\" content=\"summary_large_image\" \/>\n<meta name=\"twitter:creator\" content=\"@GeomarPacheco1\" \/>\n<meta name=\"twitter:label1\" content=\"Escrito por\" \/>\n\t<meta name=\"twitter:data1\" content=\"Geomar Pacheco R.\" \/>\n\t<meta name=\"twitter:label2\" content=\"Tiempo estimado de lectura\" \/>\n\t<meta name=\"twitter:data2\" content=\"2 minutos\" \/>\n<script type=\"application\/ld+json\" class=\"yoast-schema-graph\">{\"@context\":\"https:\/\/schema.org\",\"@graph\":[{\"@type\":\"Article\",\"@id\":\"https:\/\/noti-america.com\/site\/peru\/2025\/08\/17\/indeci-recomienda-medidas-de-preparacion-y-prevencion-ante-oleajes-en-la-costa-peruana\/#article\",\"isPartOf\":{\"@id\":\"https:\/\/noti-america.com\/site\/peru\/2025\/08\/17\/indeci-recomienda-medidas-de-preparacion-y-prevencion-ante-oleajes-en-la-costa-peruana\/\"},\"author\":{\"name\":\"Geomar Pacheco R.\",\"@id\":\"https:\/\/noti-america.com\/site\/peru\/#\/schema\/person\/28a35f20383bf2485bc838bfe76aebdc\"},\"headline\":\"INDECI RECOMIENDA MEDIDAS DE PREPARACI\u00d3N Y PREVENCI\u00d3N ANTE OLEAJES EN LA COSTA PERUANA\",\"datePublished\":\"2025-08-17T06:09:29+00:00\",\"mainEntityOfPage\":{\"@id\":\"https:\/\/noti-america.com\/site\/peru\/2025\/08\/17\/indeci-recomienda-medidas-de-preparacion-y-prevencion-ante-oleajes-en-la-costa-peruana\/\"},\"wordCount\":384,\"commentCount\":0,\"publisher\":{\"@id\":\"https:\/\/noti-america.com\/site\/peru\/#organization\"},\"image\":{\"@id\":\"https:\/\/noti-america.com\/site\/peru\/2025\/08\/17\/indeci-recomienda-medidas-de-preparacion-y-prevencion-ante-oleajes-en-la-costa-peruana\/#primaryimage\"},\"thumbnailUrl\":\"https:\/\/noti-america.com\/site\/peru\/wp-content\/uploads\/sites\/8\/2025\/08\/Imagen-de-WhatsApp-2025-08-16-a-las-20.47.31_cfc88690.jpg\",\"articleSection\":[\"Actualidad\",\"Desastres naturales\",\"Nacional\"],\"inLanguage\":\"es\",\"potentialAction\":[{\"@type\":\"CommentAction\",\"name\":\"Comment\",\"target\":[\"https:\/\/noti-america.com\/site\/peru\/2025\/08\/17\/indeci-recomienda-medidas-de-preparacion-y-prevencion-ante-oleajes-en-la-costa-peruana\/#respond\"]}]},{\"@type\":\"WebPage\",\"@id\":\"https:\/\/noti-america.com\/site\/peru\/2025\/08\/17\/indeci-recomienda-medidas-de-preparacion-y-prevencion-ante-oleajes-en-la-costa-peruana\/\",\"url\":\"https:\/\/noti-america.com\/site\/peru\/2025\/08\/17\/indeci-recomienda-medidas-de-preparacion-y-prevencion-ante-oleajes-en-la-costa-peruana\/\",\"name\":\"INDECI RECOMIENDA MEDIDAS DE PREPARACI\u00d3N Y PREVENCI\u00d3N ANTE OLEAJES EN LA COSTA PERUANA - Per\u00fa | Noti-America.com\",\"isPartOf\":{\"@id\":\"https:\/\/noti-america.com\/site\/peru\/#website\"},\"primaryImageOfPage\":{\"@id\":\"https:\/\/noti-america.com\/site\/peru\/2025\/08\/17\/indeci-recomienda-medidas-de-preparacion-y-prevencion-ante-oleajes-en-la-costa-peruana\/#primaryimage\"},\"image\":{\"@id\":\"https:\/\/noti-america.com\/site\/peru\/2025\/08\/17\/indeci-recomienda-medidas-de-preparacion-y-prevencion-ante-oleajes-en-la-costa-peruana\/#primaryimage\"},\"thumbnailUrl\":\"https:\/\/noti-america.com\/site\/peru\/wp-content\/uploads\/sites\/8\/2025\/08\/Imagen-de-WhatsApp-2025-08-16-a-las-20.47.31_cfc88690.jpg\",\"datePublished\":\"2025-08-17T06:09:29+00:00\",\"breadcrumb\":{\"@id\":\"https:\/\/noti-america.com\/site\/peru\/2025\/08\/17\/indeci-recomienda-medidas-de-preparacion-y-prevencion-ante-oleajes-en-la-costa-peruana\/#breadcrumb\"},\"inLanguage\":\"es\",\"potentialAction\":[{\"@type\":\"ReadAction\",\"target\":[\"https:\/\/noti-america.com\/site\/peru\/2025\/08\/17\/indeci-recomienda-medidas-de-preparacion-y-prevencion-ante-oleajes-en-la-costa-peruana\/\"]}]},{\"@type\":\"ImageObject\",\"inLanguage\":\"es\",\"@id\":\"https:\/\/noti-america.com\/site\/peru\/2025\/08\/17\/indeci-recomienda-medidas-de-preparacion-y-prevencion-ante-oleajes-en-la-costa-peruana\/#primaryimage\",\"url\":\"https:\/\/noti-america.com\/site\/peru\/wp-content\/uploads\/sites\/8\/2025\/08\/Imagen-de-WhatsApp-2025-08-16-a-las-20.47.31_cfc88690.jpg\",\"contentUrl\":\"https:\/\/noti-america.com\/site\/peru\/wp-content\/uploads\/sites\/8\/2025\/08\/Imagen-de-WhatsApp-2025-08-16-a-las-20.47.31_cfc88690.jpg\",\"width\":500,\"height\":337},{\"@type\":\"BreadcrumbList\",\"@id\":\"https:\/\/noti-america.com\/site\/peru\/2025\/08\/17\/indeci-recomienda-medidas-de-preparacion-y-prevencion-ante-oleajes-en-la-costa-peruana\/#breadcrumb\",\"itemListElement\":[{\"@type\":\"ListItem\",\"position\":1,\"name\":\"Portada\",\"item\":\"https:\/\/noti-america.com\/site\/peru\/\"},{\"@type\":\"ListItem\",\"position\":2,\"name\":\"INDECI RECOMIENDA MEDIDAS DE PREPARACI\u00d3N Y PREVENCI\u00d3N ANTE OLEAJES EN LA COSTA PERUANA\"}]},{\"@type\":\"WebSite\",\"@id\":\"https:\/\/noti-america.com\/site\/peru\/#website\",\"url\":\"https:\/\/noti-america.com\/site\/peru\/\",\"name\":\"Per\u00fa | Noti-America.com\",\"description\":\"\",\"publisher\":{\"@id\":\"https:\/\/noti-america.com\/site\/peru\/#organization\"},\"potentialAction\":[{\"@type\":\"SearchAction\",\"target\":{\"@type\":\"EntryPoint\",\"urlTemplate\":\"https:\/\/noti-america.com\/site\/peru\/?s={search_term_string}\"},\"query-input\":{\"@type\":\"PropertyValueSpecification\",\"valueRequired\":true,\"valueName\":\"search_term_string\"}}],\"inLanguage\":\"es\"},{\"@type\":\"Organization\",\"@id\":\"https:\/\/noti-america.com\/site\/peru\/#organization\",\"name\":\"Noti-America LLC | Per\u00fa\",\"url\":\"https:\/\/noti-america.com\/site\/peru\/\",\"logo\":{\"@type\":\"ImageObject\",\"inLanguage\":\"es\",\"@id\":\"https:\/\/noti-america.com\/site\/peru\/#\/schema\/logo\/image\/\",\"url\":\"https:\/\/noti-america.com\/site\/peru\/wp-content\/uploads\/sites\/8\/2020\/07\/LogoNA-4x3-1.jpg\",\"contentUrl\":\"https:\/\/noti-america.com\/site\/peru\/wp-content\/uploads\/sites\/8\/2020\/07\/LogoNA-4x3-1.jpg\",\"width\":1236,\"height\":1080,\"caption\":\"Noti-America LLC | Per\u00fa\"},\"image\":{\"@id\":\"https:\/\/noti-america.com\/site\/peru\/#\/schema\/logo\/image\/\"}},{\"@type\":\"Person\",\"@id\":\"https:\/\/noti-america.com\/site\/peru\/#\/schema\/person\/28a35f20383bf2485bc838bfe76aebdc\",\"name\":\"Geomar Pacheco R.\",\"image\":{\"@type\":\"ImageObject\",\"inLanguage\":\"es\",\"@id\":\"https:\/\/secure.gravatar.com\/avatar\/5f09cb527f9632e92234c6fc6e2cbcefebeed6bdeb0f9129ea4cbc7aa71587c6?s=96&d=mm&r=g\",\"url\":\"https:\/\/secure.gravatar.com\/avatar\/5f09cb527f9632e92234c6fc6e2cbcefebeed6bdeb0f9129ea4cbc7aa71587c6?s=96&d=mm&r=g\",\"contentUrl\":\"https:\/\/secure.gravatar.com\/avatar\/5f09cb527f9632e92234c6fc6e2cbcefebeed6bdeb0f9129ea4cbc7aa71587c6?s=96&d=mm&r=g\",\"caption\":\"Geomar Pacheco R.\"},\"sameAs\":[\"https:\/\/x.com\/GeomarPacheco1\"],\"url\":\"https:\/\/noti-america.com\/site\/peru\/author\/gpacheco\/\"}]}<\/script>\n<!-- \/ Yoast SEO Premium plugin. -->","yoast_head_json":{"title":"INDECI RECOMIENDA MEDIDAS DE PREPARACI\u00d3N Y PREVENCI\u00d3N ANTE OLEAJES EN LA COSTA PERUANA - Per\u00fa | Noti-America.com","robots":{"index":"index","follow":"follow","max-snippet":"max-snippet:-1","max-image-preview":"max-image-preview:large","max-video-preview":"max-video-preview:-1"},"canonical":"https:\/\/noti-america.com\/site\/peru\/2025\/08\/17\/indeci-recomienda-medidas-de-preparacion-y-prevencion-ante-oleajes-en-la-costa-peruana\/","og_locale":"es_ES","og_type":"article","og_title":"INDECI RECOMIENDA MEDIDAS DE PREPARACI\u00d3N Y PREVENCI\u00d3N ANTE OLEAJES EN LA COSTA PERUANA","og_description":"NOTI-AM\u00c9RICA PER\u00da &nbsp; Por Geomar Pacheco Rivera &nbsp; La costa peruana soportar\u00e1 oleajes de ligera a moderada intensidad, del lunes 18 al viernes 22 de agosto, pronostic\u00f3 la Direcci\u00f3n de Hidrograf\u00eda y Navegaci\u00f3n (Dihidronav)&#46;&#46;&#46;","og_url":"https:\/\/noti-america.com\/site\/peru\/2025\/08\/17\/indeci-recomienda-medidas-de-preparacion-y-prevencion-ante-oleajes-en-la-costa-peruana\/","og_site_name":"Per\u00fa | Noti-America.com","article_published_time":"2025-08-17T06:09:29+00:00","og_image":[{"width":500,"height":337,"url":"https:\/\/noti-america.com\/site\/peru\/wp-content\/uploads\/sites\/8\/2025\/08\/Imagen-de-WhatsApp-2025-08-16-a-las-20.47.31_cfc88690.jpg","type":"image\/jpeg"}],"author":"Geomar Pacheco R.","twitter_card":"summary_large_image","twitter_creator":"@GeomarPacheco1","twitter_misc":{"Escrito por":"Geomar Pacheco R.","Tiempo estimado de lectura":"2 minutos"},"schema":{"@context":"https:\/\/schema.org","@graph":[{"@type":"Article","@id":"https:\/\/noti-america.com\/site\/peru\/2025\/08\/17\/indeci-recomienda-medidas-de-preparacion-y-prevencion-ante-oleajes-en-la-costa-peruana\/#article","isPartOf":{"@id":"https:\/\/noti-america.com\/site\/peru\/2025\/08\/17\/indeci-recomienda-medidas-de-preparacion-y-prevencion-ante-oleajes-en-la-costa-peruana\/"},"author":{"name":"Geomar Pacheco R.","@id":"https:\/\/noti-america.com\/site\/peru\/#\/schema\/person\/28a35f20383bf2485bc838bfe76aebdc"},"headline":"INDECI RECOMIENDA MEDIDAS DE PREPARACI\u00d3N Y PREVENCI\u00d3N ANTE OLEAJES EN LA COSTA PERUANA","datePublished":"2025-08-17T06:09:29+00:00","mainEntityOfPage":{"@id":"https:\/\/noti-america.com\/site\/peru\/2025\/08\/17\/indeci-recomienda-medidas-de-preparacion-y-prevencion-ante-oleajes-en-la-costa-peruana\/"},"wordCount":384,"commentCount":0,"publisher":{"@id":"https:\/\/noti-america.com\/site\/peru\/#organization"},"image":{"@id":"https:\/\/noti-america.com\/site\/peru\/2025\/08\/17\/indeci-recomienda-medidas-de-preparacion-y-prevencion-ante-oleajes-en-la-costa-peruana\/#primaryimage"},"thumbnailUrl":"https:\/\/noti-america.com\/site\/peru\/wp-content\/uploads\/sites\/8\/2025\/08\/Imagen-de-WhatsApp-2025-08-16-a-las-20.47.31_cfc88690.jpg","articleSection":["Actualidad","Desastres naturales","Nacional"],"inLanguage":"es","potentialAction":[{"@type":"CommentAction","name":"Comment","target":["https:\/\/noti-america.com\/site\/peru\/2025\/08\/17\/indeci-recomienda-medidas-de-preparacion-y-prevencion-ante-oleajes-en-la-costa-peruana\/#respond"]}]},{"@type":"WebPage","@id":"https:\/\/noti-america.com\/site\/peru\/2025\/08\/17\/indeci-recomienda-medidas-de-preparacion-y-prevencion-ante-oleajes-en-la-costa-peruana\/","url":"https:\/\/noti-america.com\/site\/peru\/2025\/08\/17\/indeci-recomienda-medidas-de-preparacion-y-prevencion-ante-oleajes-en-la-costa-peruana\/","name":"INDECI RECOMIENDA MEDIDAS DE PREPARACI\u00d3N Y PREVENCI\u00d3N ANTE OLEAJES EN LA COSTA PERUANA - Per\u00fa | Noti-America.com","isPartOf":{"@id":"https:\/\/noti-america.com\/site\/peru\/#website"},"primaryImageOfPage":{"@id":"https:\/\/noti-america.com\/site\/peru\/2025\/08\/17\/indeci-recomienda-medidas-de-preparacion-y-prevencion-ante-oleajes-en-la-costa-peruana\/#primaryimage"},"image":{"@id":"https:\/\/noti-america.com\/site\/peru\/2025\/08\/17\/indeci-recomienda-medidas-de-preparacion-y-prevencion-ante-oleajes-en-la-costa-peruana\/#primaryimage"},"thumbnailUrl":"https:\/\/noti-america.com\/site\/peru\/wp-content\/uploads\/sites\/8\/2025\/08\/Imagen-de-WhatsApp-2025-08-16-a-las-20.47.31_cfc88690.jpg","datePublished":"2025-08-17T06:09:29+00:00","breadcrumb":{"@id":"https:\/\/noti-america.com\/site\/peru\/2025\/08\/17\/indeci-recomienda-medidas-de-preparacion-y-prevencion-ante-oleajes-en-la-costa-peruana\/#breadcrumb"},"inLanguage":"es","potentialAction":[{"@type":"ReadAction","target":["https:\/\/noti-america.com\/site\/peru\/2025\/08\/17\/indeci-recomienda-medidas-de-preparacion-y-prevencion-ante-oleajes-en-la-costa-peruana\/"]}]},{"@type":"ImageObject","inLanguage":"es","@id":"https:\/\/noti-america.com\/site\/peru\/2025\/08\/17\/indeci-recomienda-medidas-de-preparacion-y-prevencion-ante-oleajes-en-la-costa-peruana\/#primaryimage","url":"https:\/\/noti-america.com\/site\/peru\/wp-content\/uploads\/sites\/8\/2025\/08\/Imagen-de-WhatsApp-2025-08-16-a-las-20.47.31_cfc88690.jpg","contentUrl":"https:\/\/noti-america.com\/site\/peru\/wp-content\/uploads\/sites\/8\/2025\/08\/Imagen-de-WhatsApp-2025-08-16-a-las-20.47.31_cfc88690.jpg","width":500,"height":337},{"@type":"BreadcrumbList","@id":"https:\/\/noti-america.com\/site\/peru\/2025\/08\/17\/indeci-recomienda-medidas-de-preparacion-y-prevencion-ante-oleajes-en-la-costa-peruana\/#breadcrumb","itemListElement":[{"@type":"ListItem","position":1,"name":"Portada","item":"https:\/\/noti-america.com\/site\/peru\/"},{"@type":"ListItem","position":2,"name":"INDECI RECOMIENDA MEDIDAS DE PREPARACI\u00d3N Y PREVENCI\u00d3N ANTE OLEAJES EN LA COSTA PERUANA"}]},{"@type":"WebSite","@id":"https:\/\/noti-america.com\/site\/peru\/#website","url":"https:\/\/noti-america.com\/site\/peru\/","name":"Per\u00fa | Noti-America.com","description":"","publisher":{"@id":"https:\/\/noti-america.com\/site\/peru\/#organization"},"potentialAction":[{"@type":"SearchAction","target":{"@type":"EntryPoint","urlTemplate":"https:\/\/noti-america.com\/site\/peru\/?s={search_term_string}"},"query-input":{"@type":"PropertyValueSpecification","valueRequired":true,"valueName":"search_term_string"}}],"inLanguage":"es"},{"@type":"Organization","@id":"https:\/\/noti-america.com\/site\/peru\/#organization","name":"Noti-America LLC | Per\u00fa","url":"https:\/\/noti-america.com\/site\/peru\/","logo":{"@type":"ImageObject","inLanguage":"es","@id":"https:\/\/noti-america.com\/site\/peru\/#\/schema\/logo\/image\/","url":"https:\/\/noti-america.com\/site\/peru\/wp-content\/uploads\/sites\/8\/2020\/07\/LogoNA-4x3-1.jpg","contentUrl":"https:\/\/noti-america.com\/site\/peru\/wp-content\/uploads\/sites\/8\/2020\/07\/LogoNA-4x3-1.jpg","width":1236,"height":1080,"caption":"Noti-America LLC | Per\u00fa"},"image":{"@id":"https:\/\/noti-america.com\/site\/peru\/#\/schema\/logo\/image\/"}},{"@type":"Person","@id":"https:\/\/noti-america.com\/site\/peru\/#\/schema\/person\/28a35f20383bf2485bc838bfe76aebdc","name":"Geomar Pacheco R.","image":{"@type":"ImageObject","inLanguage":"es","@id":"https:\/\/secure.gravatar.com\/avatar\/5f09cb527f9632e92234c6fc6e2cbcefebeed6bdeb0f9129ea4cbc7aa71587c6?s=96&d=mm&r=g","url":"https:\/\/secure.gravatar.com\/avatar\/5f09cb527f9632e92234c6fc6e2cbcefebeed6bdeb0f9129ea4cbc7aa71587c6?s=96&d=mm&r=g","contentUrl":"https:\/\/secure.gravatar.com\/avatar\/5f09cb527f9632e92234c6fc6e2cbcefebeed6bdeb0f9129ea4cbc7aa71587c6?s=96&d=mm&r=g","caption":"Geomar Pacheco R."},"sameAs":["https:\/\/x.com\/GeomarPacheco1"],"url":"https:\/\/noti-america.com\/site\/peru\/author\/gpacheco\/"}]}},"_links":{"self":[{"href":"https:\/\/noti-america.com\/site\/peru\/wp-json\/wp\/v2\/posts\/8941","targetHints":{"allow":["GET"]}}],"collection":[{"href":"https:\/\/noti-america.com\/site\/peru\/wp-json\/wp\/v2\/posts"}],"about":[{"href":"https:\/\/noti-america.com\/site\/peru\/wp-json\/wp\/v2\/types\/post"}],"author":[{"embeddable":true,"href":"https:\/\/noti-america.com\/site\/peru\/wp-json\/wp\/v2\/users\/70"}],"replies":[{"embeddable":true,"href":"https:\/\/noti-america.com\/site\/peru\/wp-json\/wp\/v2\/comments?post=8941"}],"version-history":[{"count":1,"href":"https:\/\/noti-america.com\/site\/peru\/wp-json\/wp\/v2\/posts\/8941\/revisions"}],"predecessor-version":[{"id":8943,"href":"https:\/\/noti-america.com\/site\/peru\/wp-json\/wp\/v2\/posts\/8941\/revisions\/8943"}],"wp:featuredmedia":[{"embeddable":true,"href":"https:\/\/noti-america.com\/site\/peru\/wp-json\/wp\/v2\/media\/8942"}],"wp:attachment":[{"href":"https:\/\/noti-america.com\/site\/peru\/wp-json\/wp\/v2\/media?parent=8941"}],"wp:term":[{"taxonomy":"category","embeddable":true,"href":"https:\/\/noti-america.com\/site\/peru\/wp-json\/wp\/v2\/categories?post=8941"},{"taxonomy":"post_tag","embeddable":true,"href":"https:\/\/noti-america.com\/site\/peru\/wp-json\/wp\/v2\/tags?post=8941"}],"curies":[{"name":"wp","href":"https:\/\/api.w.org\/{rel}","templated":true}]}}